{"id":83391,"date":"2024-08-08T09:10:12","date_gmt":"2024-08-08T09:10:12","guid":{"rendered":"https:\/\/www.shqiperia.com\/blog\/?p=83391"},"modified":"2024-08-08T09:10:12","modified_gmt":"2024-08-08T09:10:12","slug":"rrenjet-nga-shqiperia-planifikoi-sulm-terrorist-ne-koncertin-e-taylor-swift-jeta-e-erret-e-te-riut","status":"publish","type":"post","link":"https:\/\/www.shqiperia.com\/blog\/rrenjet-nga-shqiperia-planifikoi-sulm-terrorist-ne-koncertin-e-taylor-swift-jeta-e-erret-e-te-riut\/","title":{"rendered":"\u201cRr\u00ebnj\u00ebt nga Shqip\u00ebria\u201d\/ Planifikoi sulm terrorist n\u00eb koncertin e Taylor Swift, jeta e \u2018err\u00ebt\u2019 e t\u00eb riut&#8230;"},"content":{"rendered":"<p><img data-recalc-dims=\"1\" loading=\"lazy\" decoding=\"async\" data-attachment-id=\"83392\" data-permalink=\"https:\/\/www.shqiperia.com\/blog\/rrenjet-nga-shqiperia-planifikoi-sulm-terrorist-ne-koncertin-e-taylor-swift-jeta-e-erret-e-te-riut\/swift_9921-770x433\/\" data-orig-file=\"https:\/\/i0.wp.com\/www.shqiperia.com\/blog\/wp-content\/uploads\/2024\/08\/swift_9921-770x433-1.jpg?fit=770%2C433&amp;ssl=1\" data-orig-size=\"770,433\" data-comments-opened=\"1\" data-image-meta=\"{&quot;aperture&quot;:&quot;0&quot;,&quot;credit&quot;:&quot;&quot;,&quot;camera&quot;:&quot;&quot;,&quot;caption&quot;:&quot;&quot;,&quot;created_timestamp&quot;:&quot;0&quot;,&quot;copyright&quot;:&quot;&quot;,&quot;focal_length&quot;:&quot;0&quot;,&quot;iso&quot;:&quot;0&quot;,&quot;shutter_speed&quot;:&quot;0&quot;,&quot;title&quot;:&quot;&quot;,&quot;orientation&quot;:&quot;0&quot;}\" data-image-title=\"swift_9921-770&#215;433\" data-image-description=\"\" data-image-caption=\"\" data-medium-file=\"https:\/\/i0.wp.com\/www.shqiperia.com\/blog\/wp-content\/uploads\/2024\/08\/swift_9921-770x433-1.jpg?fit=300%2C169&amp;ssl=1\" data-large-file=\"https:\/\/i0.wp.com\/www.shqiperia.com\/blog\/wp-content\/uploads\/2024\/08\/swift_9921-770x433-1.jpg?fit=770%2C433&amp;ssl=1\" class=\"alignnone  wp-image-83392\" alt=\"\" src=\"https:\/\/i0.wp.com\/www.shqiperia.com\/blog\/wp-content\/uploads\/2024\/08\/swift_9921-770x433-1.jpg?resize=785%2C442&#038;ssl=1\" width=\"785\" height=\"442\" srcset=\"https:\/\/i0.wp.com\/www.shqiperia.com\/blog\/wp-content\/uploads\/2024\/08\/swift_9921-770x433-1.jpg?resize=300%2C169&amp;ssl=1 300w, https:\/\/i0.wp.com\/www.shqiperia.com\/blog\/wp-content\/uploads\/2024\/08\/swift_9921-770x433-1.jpg?resize=768%2C432&amp;ssl=1 768w, https:\/\/i0.wp.com\/www.shqiperia.com\/blog\/wp-content\/uploads\/2024\/08\/swift_9921-770x433-1.jpg?resize=450%2C253&amp;ssl=1 450w, https:\/\/i0.wp.com\/www.shqiperia.com\/blog\/wp-content\/uploads\/2024\/08\/swift_9921-770x433-1.jpg?resize=600%2C337&amp;ssl=1 600w, https:\/\/i0.wp.com\/www.shqiperia.com\/blog\/wp-content\/uploads\/2024\/08\/swift_9921-770x433-1.jpg?resize=400%2C225&amp;ssl=1 400w, https:\/\/i0.wp.com\/www.shqiperia.com\/blog\/wp-content\/uploads\/2024\/08\/swift_9921-770x433-1.jpg?w=770&amp;ssl=1 770w\" sizes=\"auto, (max-width: 785px) 100vw, 785px\" \/><\/p>\n<p>8 Gusht 2024<\/p>\n<p>Zbardhen t\u00eb tjera detaje rreth nj\u00eb nga autor\u00ebve t\u00eb dyshuar q\u00eb kishin planifikuar nj\u00eb sulm terrorist n\u00eb Austri, gjat\u00eb koncertit q\u00eb do t\u00eb mbahej sot nga k\u00ebng\u00ebtarja Taylor Swift.<\/p>\n<p>Xhihadisti 19-vje\u00e7ar i cili u arrestua t\u00eb m\u00ebrkur\u00ebn me akuz\u00ebn e p\u00ebrgatitjes s\u00eb sulmit terrorist n\u00eb nj\u00eb nga tre koncertet e Swift, ishte nga Maqedonia e Veriut. Sipas faqes s\u00eb internetit Puls24, familja e 19-vje\u00e7arit ishte shp\u00ebrngulur nga Vjena n\u00eb qytetin e Ternitz, ku u b\u00eb arrestimi. Sipas t\u00eb nj\u00ebjtit burim, familja e 19-vje\u00e7arit, an\u00ebtar\u00ebt e s\u00eb cil\u00ebs kan\u00eb n\u00ebnshtet\u00ebsi austriake, e kan\u00eb origjin\u00ebn nga Maqedonia e Veriut dhe i kan\u00eb rr\u00ebnj\u00ebt n\u00eb Shqip\u00ebri. Si\u00e7 u theksua, n\u00eb fakt, xhihadisti q\u00eb kreu nj\u00eb sulm terrorist n\u00eb Vjen\u00eb m\u00eb 2 n\u00ebntor 2020 me 4 t\u00eb vrar\u00eb, ishte me origjin\u00eb nga Maqedonia e Veriut. M\u00ebsohet se i riu ishte radikalizuar s\u00eb fundmi, nd\u00ebrsa fqinj\u00ebt e tij than\u00eb se \u201cpapritmas nj\u00eb dit\u00eb u shfaq me mjek\u00ebr si taleban\u00ebt\u201d. Sipas t\u00eb nj\u00ebjtave d\u00ebshmi, ata kishin par\u00eb edhe nj\u00eb grua me burka n\u00eb banes\u00ebn e 19-vje\u00e7arit.<\/p>\n<p>Mediat austriake raportojn\u00eb gjithashtu se 19-vje\u00e7ari punonte n\u00eb nj\u00eb laborator dhe dyshohet se vidhte kimikate q\u00eb mund t\u00eb p\u00ebrdoreshin p\u00ebr t\u00eb b\u00ebr\u00eb eksploziv\u00eb. T\u00eb tilla kimikate u gjet\u00ebn n\u00eb sht\u00ebpin\u00eb e 19-vje\u00e7arit dhe po kontrollohen. P\u00ebrve\u00e7 19-vje\u00e7arit, autoritetet austriake, t\u00eb cilat, sipas Bild, u informuan p\u00ebr goditjen e planifikuar nga nj\u00eb sh\u00ebrbim sekret i huaj, arrestuan dy 17-vje\u00e7ar\u00eb si t\u00eb dyshuar p\u00ebr t\u00eb nj\u00ebjtin goditje t\u00eb planifikuar.<\/p>\n<p>Megjithat\u00eb, Kurier raporton se p\u00ebr t\u00eb nj\u00ebjtin rast jan\u00eb n\u00eb k\u00ebrkim edhe dy persona t\u00eb tjer\u00eb dhe p\u00ebr k\u00ebt\u00eb m\u00eb n\u00eb fund \u00ebsht\u00eb vendosur q\u00eb t\u00eb anulohen t\u00eb gjitha koncertet e Swift n\u00eb Austri. Gazeta gjermane raporton gjithashtu se sh\u00ebrbimi sekret i nj\u00eb vendi tjet\u00ebr kishte gjetur nj\u00eb video t\u00eb nj\u00ebrit prej t\u00eb dyshuarve n\u00eb t\u00eb cil\u00ebn ai deklaronte besnik\u00ebrin\u00eb e tij ndaj Shtetit Islamik, si ato q\u00eb zakonisht pasojn\u00eb nj\u00eb sulm terrorist si prov\u00eb p\u00ebr marrjen e p\u00ebrgjegj\u00ebsis\u00eb nga ISIS.<\/p>\n<p><strong>BalkanWeb<\/strong><\/p>\n","protected":false},"excerpt":{"rendered":"<p>8 Gusht 2024 Zbardhen t\u00eb tjera detaje rreth nj\u00eb nga autor\u00ebve t\u00eb dyshuar q\u00eb kishin planifikuar nj\u00eb sulm terrorist n\u00eb Austri, gjat\u00eb koncertit q\u00eb do t\u00eb mbahej sot nga k\u00ebng\u00ebtarja Taylor Swift. Xhihadisti 19-vje\u00e7ar i cili u arrestua t\u00eb m\u00ebrkur\u00ebn me akuz\u00ebn e p\u00ebrgatitjes s\u00eb sulmit terrorist n\u00eb nj\u00eb nga tre koncertet e Swift, ishte [&hellip;]<\/p>\n","protected":false},"author":9,"featured_media":83392,"comment_status":"open","ping_status":"open","sticky":false,"template":"","format":"standard","meta":{"jetpack_post_was_ever_published":false,"_jetpack_newsletter_access":"","_jetpack_dont_email_post_to_subs":false,"_jetpack_newsletter_tier_id":0,"_jetpack_memberships_contains_paywalled_content":false,"_jetpack_memberships_contains_paid_content":false,"footnotes":"","jetpack_publicize_message":"","jetpack_publicize_feature_enabled":true,"jetpack_social_post_already_shared":true,"jetpack_social_options":{"image_generator_settings":{"template":"highway","default_image_id":0,"font":"","enabled":false},"version":2}},"categories":[27,1,35],"tags":[],"class_list":["post-83391","post","type-post","status-publish","format-standard","has-post-thumbnail","hentry","category-blogu-i-udhetarit","category-njoftime-shtypi","category-shoqerore"],"jetpack_publicize_connections":[],"jetpack_featured_media_url":"https:\/\/i0.wp.com\/www.shqiperia.com\/blog\/wp-content\/uploads\/2024\/08\/swift_9921-770x433-1.jpg?fit=770%2C433&ssl=1","jetpack_sharing_enabled":true,"jetpack_shortlink":"https:\/\/wp.me\/p5Z6wp-lH1","jetpack-related-posts":[{"id":40462,"url":"https:\/\/www.shqiperia.com\/blog\/gazetari-austriak-njeri-nga-sulmuesit-terrorist-ne-vjene-eshte-me-origjine-shqiptare-ja-nga-mendohet-se-eshte\/","url_meta":{"origin":83391,"position":0},"title":"Gazetari austriak: &#8211; Nj\u00ebri nga sulmuesit terrorist n\u00eb Vjen\u00eb \u00ebsht\u00eb me origjin\u00eb shqiptare. Ja nga mendohet se \u00ebsht\u00eb","author":"Kurt Farka","date":"November 3, 2020","format":false,"excerpt":"Gazetari austriak: - Nj\u00ebri nga sulmuesit terrorist n\u00eb Vjen\u00eb \u00ebsht\u00eb me origjin\u00eb shqiptare. Ja nga mendohet se \u00ebsht\u00eb 3 nentor 2020 Gazetari austriak Florian Klenk ka deklaruar se nj\u00eb nga sulmuesit terrorist\u00eb n\u00eb Vjen\u00eb \u00ebsht\u00eb me origjin\u00eb shqiptare, i cili mendohet se \u00ebsht\u00eb nga trojet shqiptare t\u00eb Maqedonis\u00eb s\u00eb Veriut.\u2026","rel":"","context":"In &quot;Blogu i Udh\u00ebtarit&quot;","block_context":{"text":"Blogu i Udh\u00ebtarit","link":"https:\/\/www.shqiperia.com\/blog\/category\/blogu-i-udhetarit\/"},"img":{"alt_text":"","src":"https:\/\/i0.wp.com\/www.shqiperia.com\/blog\/wp-content\/uploads\/2020\/11\/75F76DD5-49C1-43B6-819E-538670F48342-485x360-1.jpeg?fit=485%2C245&ssl=1&resize=350%2C200","width":350,"height":200},"classes":[]},{"id":40767,"url":"https:\/\/www.shqiperia.com\/blog\/i-jepet-lamtumira-e-fundit-shqiptarit-qe-u-vra-ne-vjene-nga-sulmi-terrorist\/","url_meta":{"origin":83391,"position":1},"title":"I jepet lamtumira e fundit shqiptarit q\u00eb u vra n\u00eb Vjen\u00eb nga sulmi terrorist","author":"Kurt Farka","date":"November 11, 2020","format":false,"excerpt":"I jepet lamtumira e fundit shqiptarit q\u00eb u vra n\u00eb Vjen\u00eb nga sulmi terrorist 11 N\u00cbNTOR 2020 Qytetar\u00ebt e Strug\u00ebs i dhan\u00eb lamtumir\u00ebn e fundit, 21-vje\u00e7arit Nexhip Vrenezit q\u00eb m\u00eb 2 n\u00ebntor u vra n\u00eb sulmin terrorist n\u00eb qend\u00ebr t\u00eb Vjen\u00ebs. Lajmin p\u00ebr varrimin e tij e kan\u00eb b\u00ebr\u00eb t\u00eb\u2026","rel":"","context":"In &quot;Blogu i Udh\u00ebtarit&quot;","block_context":{"text":"Blogu i Udh\u00ebtarit","link":"https:\/\/www.shqiperia.com\/blog\/category\/blogu-i-udhetarit\/"},"img":{"alt_text":"","src":"https:\/\/i0.wp.com\/www.shqiperia.com\/blog\/wp-content\/uploads\/2020\/11\/640-0-93c251e93655599d0eee3a78bc3b6356.jpg?fit=640%2C367&ssl=1&resize=350%2C200","width":350,"height":200,"srcset":"https:\/\/i0.wp.com\/www.shqiperia.com\/blog\/wp-content\/uploads\/2020\/11\/640-0-93c251e93655599d0eee3a78bc3b6356.jpg?fit=640%2C367&ssl=1&resize=350%2C200 1x, https:\/\/i0.wp.com\/www.shqiperia.com\/blog\/wp-content\/uploads\/2020\/11\/640-0-93c251e93655599d0eee3a78bc3b6356.jpg?fit=640%2C367&ssl=1&resize=525%2C300 1.5x"},"classes":[]},{"id":78826,"url":"https:\/\/www.shqiperia.com\/blog\/rusi-raportohen-shperthime-dhe-shkembim-zjarri-me-forcat-speciale-nuk-perjashtohet-mundesia-per-nje-kryengritje\/","url_meta":{"origin":83391,"position":2},"title":"Rusi &#8211; Raportohen shp\u00ebrthime dhe shk\u00ebmbim zjarri me forcat speciale. &#8211; Nuk p\u00ebrjashtohet mund\u00ebsia p\u00ebr nj\u00eb kryengritje","author":"Kurt Farka","date":"March 4, 2024","format":false,"excerpt":"4 Mars 2024 T\u00eb sht\u00ebna me arm\u00eb dhe shp\u00ebrthime t\u00eb fuqishme jan\u00eb d\u00ebgjuar mbr\u00ebmjen e sotme n\u00eb qytetin Karabulak t\u00eb Republik\u00ebs ruse t\u00eb Ingushetis\u00eb. Sipas raportimeve n\u00eb disa media ruse, agjent\u00ebt special\u00eb t\u00eb FSB-s\u00eb ruse kan\u00eb kryer nj\u00eb operacion \u201canti-terror\u201d, duke u p\u00ebrfshir\u00eb n\u00eb luftime me disa militant\u00eb. N\u00eb disa\u2026","rel":"","context":"In &quot;Blogu i Udh\u00ebtarit&quot;","block_context":{"text":"Blogu i Udh\u00ebtarit","link":"https:\/\/www.shqiperia.com\/blog\/category\/blogu-i-udhetarit\/"},"img":{"alt_text":"","src":"https:\/\/i0.wp.com\/www.shqiperia.com\/blog\/wp-content\/uploads\/2024\/03\/IMG_8280.jpeg?fit=640%2C393&ssl=1&resize=350%2C200","width":350,"height":200,"srcset":"https:\/\/i0.wp.com\/www.shqiperia.com\/blog\/wp-content\/uploads\/2024\/03\/IMG_8280.jpeg?fit=640%2C393&ssl=1&resize=350%2C200 1x, https:\/\/i0.wp.com\/www.shqiperia.com\/blog\/wp-content\/uploads\/2024\/03\/IMG_8280.jpeg?fit=640%2C393&ssl=1&resize=525%2C300 1.5x"},"classes":[]},{"id":62351,"url":"https:\/\/www.shqiperia.com\/blog\/sulme-kibernetike-ne-shqiperi-eshte-nje-sulm-i-mirefillte-terrorist-flet-karamuco-pervec-iranit-ja-shteti-i-dyte-qe-na-ka-goditur\/","url_meta":{"origin":83391,"position":3},"title":"Sulme kibernetike n\u00eb Shqip\u00ebri &#8211; \u00cbsht\u00eb nj\u00eb sulm i mir\u00ebfillt\u00eb terrorist.\u00a0Flet Karamu\u00e7o: &#8211; P\u00ebrve\u00e7 Iranit, ja shteti i dyt\u00eb q\u00eb na ka goditur.","author":"Kurt Farka","date":"September 16, 2022","format":false,"excerpt":"16 Shtator 2022 M\u00eb 6 shtator t\u00eb k\u00ebtij viti, qeveria shqiptare nd\u00ebrpreu marr\u00ebdh\u00ebniet diplomatike me Iranin. Vendimi erdhi pasi gjat\u00eb k\u00ebtij viti, vendi u godit nga tre sulme kibernetike nga grupe iraniane hackerimi. Eksperti i kriminalistik\u00ebs Ervin Karamu\u00e7o ka folur dit\u00ebn e sotme lidhur me sulmet kibernetike t\u00eb b\u00ebra n\u00eb\u2026","rel":"","context":"In &quot;Blogu i Udh\u00ebtarit&quot;","block_context":{"text":"Blogu i Udh\u00ebtarit","link":"https:\/\/www.shqiperia.com\/blog\/category\/blogu-i-udhetarit\/"},"img":{"alt_text":"","src":"https:\/\/i0.wp.com\/www.shqiperia.com\/blog\/wp-content\/uploads\/2022\/09\/640-0-6324640e9f660.jpg?fit=640%2C359&ssl=1&resize=350%2C200","width":350,"height":200,"srcset":"https:\/\/i0.wp.com\/www.shqiperia.com\/blog\/wp-content\/uploads\/2022\/09\/640-0-6324640e9f660.jpg?fit=640%2C359&ssl=1&resize=350%2C200 1x, https:\/\/i0.wp.com\/www.shqiperia.com\/blog\/wp-content\/uploads\/2022\/09\/640-0-6324640e9f660.jpg?fit=640%2C359&ssl=1&resize=525%2C300 1.5x"},"classes":[]},{"id":59285,"url":"https:\/\/www.shqiperia.com\/blog\/e-rende-po-planifikonin-nje-sulm-terrorist-arrestohet-cifti-i-shqiptareve-e-pazakonte-cfare-iu-sekuestruan-gjate-operacionit-nga-bombat-deri-tek\/","url_meta":{"origin":83391,"position":4},"title":"E r\u00ebnd\u00eb. &#8211; Po planifikonin nj\u00eb sulm terrorist, arrestohet \u00e7ifti i shqiptar\u00ebve, e pazakont\u00eb \u00e7far\u00eb iu sekuestruan gjat\u00eb operacionit: Nga bombat deri tek&#8230;","author":"Kurt Farka","date":"June 24, 2022","format":false,"excerpt":"24 Qershor 2022 Nj\u00eb \u00e7ift shqiptar\u00ebsh nga Kosova jan\u00eb v\u00ebn\u00eb n\u00eb pranga nga policia italiane pasi akuzohen se planifikuan nj\u00eb sulm terrorist n\u00eb em\u00ebr t\u00eb organizat\u00ebs ISIS. Burr\u00eb e grua me origjin\u00eb nga Kosova q\u00eb kishin lindur n\u00eb Itali jan\u00eb v\u00ebn\u00eb n\u00eb pranga nga autoritetet e Trentos. Ata kishin hyr\u00eb\u2026","rel":"","context":"In &quot;Blogu i Udh\u00ebtarit&quot;","block_context":{"text":"Blogu i Udh\u00ebtarit","link":"https:\/\/www.shqiperia.com\/blog\/category\/blogu-i-udhetarit\/"},"img":{"alt_text":"","src":"https:\/\/i0.wp.com\/www.shqiperia.com\/blog\/wp-content\/uploads\/2022\/06\/640-0-62b573aceaec5.jpg?fit=640%2C364&ssl=1&resize=350%2C200","width":350,"height":200,"srcset":"https:\/\/i0.wp.com\/www.shqiperia.com\/blog\/wp-content\/uploads\/2022\/06\/640-0-62b573aceaec5.jpg?fit=640%2C364&ssl=1&resize=350%2C200 1x, https:\/\/i0.wp.com\/www.shqiperia.com\/blog\/wp-content\/uploads\/2022\/06\/640-0-62b573aceaec5.jpg?fit=640%2C364&ssl=1&resize=525%2C300 1.5x"},"classes":[]},{"id":40474,"url":"https:\/\/www.shqiperia.com\/blog\/sulmi-terrorist-ne-vjene-mes-viktimave-edhe-nje-shqiptar-nga-struga\/","url_meta":{"origin":83391,"position":5},"title":"Sulmi terrorist n\u00eb Vjen\u00eb\/ Mes viktimave edhe nj\u00eb shqiptar nga Struga","author":"Kurt Farka","date":"November 3, 2020","format":false,"excerpt":"Sulmi terrorist n\u00eb Vjen\u00eb\/ Mes viktimave edhe nj\u00eb shqiptar nga Struga 3 N\u00cbNTOR 2020 Nj\u00eb shqiptar nga Struga \u00ebsht\u00eb mes kat\u00ebr viktimave q\u00eb mbet\u00ebn t\u00eb vrar\u00eb dje n\u00eb Vjen\u00eb t\u00eb Austris\u00eb, pas sulmit terrorist. Viktima \u00ebsht\u00eb identifikuar si Nexhip Vrenezi, 20-vje\u00e7, i cili u q\u00ebllua p\u00ebr vdekje nga agresor\u00ebt. Autori\u2026","rel":"","context":"In &quot;Blogu i Udh\u00ebtarit&quot;","block_context":{"text":"Blogu i Udh\u00ebtarit","link":"https:\/\/www.shqiperia.com\/blog\/category\/blogu-i-udhetarit\/"},"img":{"alt_text":"","src":"https:\/\/i0.wp.com\/www.shqiperia.com\/blog\/wp-content\/uploads\/2020\/11\/640-0-5fa15c5b71c77.jpeg?fit=640%2C361&ssl=1&resize=350%2C200","width":350,"height":200,"srcset":"https:\/\/i0.wp.com\/www.shqiperia.com\/blog\/wp-content\/uploads\/2020\/11\/640-0-5fa15c5b71c77.jpeg?fit=640%2C361&ssl=1&resize=350%2C200 1x, https:\/\/i0.wp.com\/www.shqiperia.com\/blog\/wp-content\/uploads\/2020\/11\/640-0-5fa15c5b71c77.jpeg?fit=640%2C361&ssl=1&resize=525%2C300 1.5x"},"classes":[]}],"_links":{"self":[{"href":"https:\/\/www.shqiperia.com\/blog\/wp-json\/wp\/v2\/posts\/83391","targetHints":{"allow":["GET"]}}],"collection":[{"href":"https:\/\/www.shqiperia.com\/blog\/wp-json\/wp\/v2\/posts"}],"about":[{"href":"https:\/\/www.shqiperia.com\/blog\/wp-json\/wp\/v2\/types\/post"}],"author":[{"embeddable":true,"href":"https:\/\/www.shqiperia.com\/blog\/wp-json\/wp\/v2\/users\/9"}],"replies":[{"embeddable":true,"href":"https:\/\/www.shqiperia.com\/blog\/wp-json\/wp\/v2\/comments?post=83391"}],"version-history":[{"count":1,"href":"https:\/\/www.shqiperia.com\/blog\/wp-json\/wp\/v2\/posts\/83391\/revisions"}],"predecessor-version":[{"id":83393,"href":"https:\/\/www.shqiperia.com\/blog\/wp-json\/wp\/v2\/posts\/83391\/revisions\/83393"}],"wp:featuredmedia":[{"embeddable":true,"href":"https:\/\/www.shqiperia.com\/blog\/wp-json\/wp\/v2\/media\/83392"}],"wp:attachment":[{"href":"https:\/\/www.shqiperia.com\/blog\/wp-json\/wp\/v2\/media?parent=83391"}],"wp:term":[{"taxonomy":"category","embeddable":true,"href":"https:\/\/www.shqiperia.com\/blog\/wp-json\/wp\/v2\/categories?post=83391"},{"taxonomy":"post_tag","embeddable":true,"href":"https:\/\/www.shqiperia.com\/blog\/wp-json\/wp\/v2\/tags?post=83391"}],"curies":[{"name":"wp","href":"https:\/\/api.w.org\/{rel}","templated":true}]}}