{"id":83386,"date":"2024-08-08T08:35:56","date_gmt":"2024-08-08T08:35:56","guid":{"rendered":"https:\/\/www.shqiperia.com\/blog\/?p=83386"},"modified":"2024-08-08T08:38:34","modified_gmt":"2024-08-08T08:38:34","slug":"erion-brace-ne-zhgenjim-te-thelle-kam-dy-vite-qe-bertas-sot-numeroj-viktimat-e-si-te-jesh-deputet-eshte-plotesisht-kooot","status":"publish","type":"post","link":"https:\/\/www.shqiperia.com\/blog\/erion-brace-ne-zhgenjim-te-thelle-kam-dy-vite-qe-bertas-sot-numeroj-viktimat-e-si-te-jesh-deputet-eshte-plotesisht-kooot\/","title":{"rendered":"Erion Bra\u00e7e n\u00eb zhg\u00ebnjim t\u00eb thell\u00eb: Kam dy vite q\u00eb b\u00ebrtas, sot num\u00ebroj viktimat e s\u2019i\u2026 &#8220;T\u00eb jesh deputet \u00ebsht\u00eb plot\u00ebsisht kooot!&#8221;"},"content":{"rendered":"<p><img data-recalc-dims=\"1\" loading=\"lazy\" decoding=\"async\" data-attachment-id=\"83387\" data-permalink=\"https:\/\/www.shqiperia.com\/blog\/erion-brace-ne-zhgenjim-te-thelle-kam-dy-vite-qe-bertas-sot-numeroj-viktimat-e-si-te-jesh-deputet-eshte-plotesisht-kooot\/800-0-1722937810xbrace-724\/\" data-orig-file=\"https:\/\/i0.wp.com\/www.shqiperia.com\/blog\/wp-content\/uploads\/2024\/08\/800-0-1722937810xbrace-724.jpg?fit=800%2C450&amp;ssl=1\" data-orig-size=\"800,450\" data-comments-opened=\"1\" data-image-meta=\"{&quot;aperture&quot;:&quot;0&quot;,&quot;credit&quot;:&quot;&quot;,&quot;camera&quot;:&quot;&quot;,&quot;caption&quot;:&quot;&quot;,&quot;created_timestamp&quot;:&quot;0&quot;,&quot;copyright&quot;:&quot;&quot;,&quot;focal_length&quot;:&quot;0&quot;,&quot;iso&quot;:&quot;0&quot;,&quot;shutter_speed&quot;:&quot;0&quot;,&quot;title&quot;:&quot;&quot;,&quot;orientation&quot;:&quot;0&quot;}\" data-image-title=\"-800-0-1722937810xbrace-724\" data-image-description=\"\" data-image-caption=\"\" data-medium-file=\"https:\/\/i0.wp.com\/www.shqiperia.com\/blog\/wp-content\/uploads\/2024\/08\/800-0-1722937810xbrace-724.jpg?fit=300%2C169&amp;ssl=1\" data-large-file=\"https:\/\/i0.wp.com\/www.shqiperia.com\/blog\/wp-content\/uploads\/2024\/08\/800-0-1722937810xbrace-724.jpg?fit=800%2C450&amp;ssl=1\" class=\"alignnone wp-image-83387\" alt=\"\" src=\"https:\/\/i0.wp.com\/www.shqiperia.com\/blog\/wp-content\/uploads\/2024\/08\/800-0-1722937810xbrace-724.jpg?resize=859%2C484&#038;ssl=1\" width=\"859\" height=\"484\" srcset=\"https:\/\/i0.wp.com\/www.shqiperia.com\/blog\/wp-content\/uploads\/2024\/08\/800-0-1722937810xbrace-724.jpg?resize=300%2C169&amp;ssl=1 300w, https:\/\/i0.wp.com\/www.shqiperia.com\/blog\/wp-content\/uploads\/2024\/08\/800-0-1722937810xbrace-724.jpg?resize=768%2C432&amp;ssl=1 768w, https:\/\/i0.wp.com\/www.shqiperia.com\/blog\/wp-content\/uploads\/2024\/08\/800-0-1722937810xbrace-724.jpg?resize=450%2C253&amp;ssl=1 450w, https:\/\/i0.wp.com\/www.shqiperia.com\/blog\/wp-content\/uploads\/2024\/08\/800-0-1722937810xbrace-724.jpg?resize=600%2C338&amp;ssl=1 600w, https:\/\/i0.wp.com\/www.shqiperia.com\/blog\/wp-content\/uploads\/2024\/08\/800-0-1722937810xbrace-724.jpg?resize=400%2C225&amp;ssl=1 400w, https:\/\/i0.wp.com\/www.shqiperia.com\/blog\/wp-content\/uploads\/2024\/08\/800-0-1722937810xbrace-724.jpg?w=800&amp;ssl=1 800w\" sizes=\"auto, (max-width: 859px) 100vw, 859px\" \/><\/p>\n<p>8 Gusht 2024<\/p>\n<p>Deputeti socialist Erion Bra\u00e7e ka reaguar pas nj\u00eb aksidenti t\u00eb r\u00ebnd\u00eb t\u00eb ndodhur n\u00eb Lushnje. Ai thot\u00eb se ka dy vite q\u00eb flet dhe k\u00ebrkon llogari p\u00ebr rrug\u00ebn ku ndodhi aksidenti, por askush nuk e d\u00ebgjon. \u201cKjo \u00ebsht\u00eb dita dhe rasti, kur t\u00eb qenit deputet \u00ebsht\u00eb plot\u00ebsisht kooot, t\u00ebr\u00ebsisht i padobish\u00ebm.<\/p>\n<p>Eshte nje cope rruge nga Krutja ne Zhyme dhe ne \u201cPushimin e Shoferit\u201d. Ka vdekur nje djale i ri dje, perseri! Ne te njejtin vend, ne te njejten kthese qe vret njer\u00ebz; Ne te njejtin vend per te cilin kam dy vite qe flas, bertas, lutem e lus drejtore, menaxhere, kompani, administratore, kontraktore, te gjithe me radhe i lut deputeti; Dy vite kan\u00eb b\u00ebr\u00eb asgj\u00eb, zero!<\/p>\n<p>Dhe deputeti qe ve fytyren e tij atje thjesht num\u00ebron t\u00eb vdekurit dhe i vjen turp edhe te ngushelloje! Nuk di por nese te gjithe keta b\u00ebjn\u00eb asgj\u00eb, per cfare duhen, per cfare\u201d, shkruan deputeti socialist.<\/p>\n","protected":false},"excerpt":{"rendered":"<p>8 Gusht 2024 Deputeti socialist Erion Bra\u00e7e ka reaguar pas nj\u00eb aksidenti t\u00eb r\u00ebnd\u00eb t\u00eb ndodhur n\u00eb Lushnje. Ai thot\u00eb se ka dy vite q\u00eb flet dhe k\u00ebrkon llogari p\u00ebr rrug\u00ebn ku ndodhi aksidenti, por askush nuk e d\u00ebgjon. \u201cKjo \u00ebsht\u00eb dita dhe rasti, kur t\u00eb qenit deputet \u00ebsht\u00eb plot\u00ebsisht kooot, t\u00ebr\u00ebsisht i padobish\u00ebm. Eshte [&hellip;]<\/p>\n","protected":false},"author":9,"featured_media":83387,"comment_status":"open","ping_status":"open","sticky":false,"template":"","format":"standard","meta":{"jetpack_post_was_ever_published":false,"_jetpack_newsletter_access":"","_jetpack_dont_email_post_to_subs":false,"_jetpack_newsletter_tier_id":0,"_jetpack_memberships_contains_paywalled_content":false,"_jetpack_memberships_contains_paid_content":false,"footnotes":"","jetpack_publicize_message":"","jetpack_publicize_feature_enabled":true,"jetpack_social_post_already_shared":true,"jetpack_social_options":{"image_generator_settings":{"template":"highway","default_image_id":0,"font":"","enabled":false},"version":2}},"categories":[27,2,35],"tags":[],"class_list":["post-83386","post","type-post","status-publish","format-standard","has-post-thumbnail","hentry","category-blogu-i-udhetarit","category-politika","category-shoqerore"],"jetpack_publicize_connections":[],"jetpack_featured_media_url":"https:\/\/i0.wp.com\/www.shqiperia.com\/blog\/wp-content\/uploads\/2024\/08\/800-0-1722937810xbrace-724.jpg?fit=800%2C450&ssl=1","jetpack_sharing_enabled":true,"jetpack_shortlink":"https:\/\/wp.me\/p5Z6wp-lGW","jetpack-related-posts":[{"id":67855,"url":"https:\/\/www.shqiperia.com\/blog\/korrupsioni-problemi-me-madhor-i-qeverisjes-erion-brace-eshte-bere-kulture-ne-sektoret-e-sherbimeve\/","url_meta":{"origin":83386,"position":0},"title":"\u201cKorrupsioni problemi m\u00eb madhor i qeverisjes\u201d- Erion Bra\u00e7e: &#8211; \u00cbsht\u00eb b\u00ebr\u00eb kultur\u00eb n\u00eb sektor\u00ebt e sh\u00ebrbimeve!","author":"Kurt Farka","date":"February 13, 2023","format":false,"excerpt":"13 Shkurt 2023 Deputeti i Partis\u00eb Socialiste, Erion Bra\u00e7e ka shprehur kritika ndaj qeverisjes, ku sipas tij, problemi kryesor \u00ebsht\u00eb korrupsion N\u00eb nj\u00eb intervist\u00eb p\u00ebr A2CNN, Bra\u00e7e u shpreh se prej m\u00eb shum\u00eb se 30 vitesh, korrupsioni ka mbetur nj\u00eb fenomen q\u00eb haset shpesh, sidomos n\u00eb sektorin e sh\u00ebrbimeve. \u201cKorrupsioni\u2026","rel":"","context":"In &quot;Blogu i Udh\u00ebtarit&quot;","block_context":{"text":"Blogu i Udh\u00ebtarit","link":"https:\/\/www.shqiperia.com\/blog\/category\/blogu-i-udhetarit\/"},"img":{"alt_text":"","src":"https:\/\/i0.wp.com\/www.shqiperia.com\/blog\/wp-content\/uploads\/2023\/02\/20191009_151317_091019067-2_MjcmEOd-1068x767-1.jpg?fit=1068%2C767&ssl=1&resize=350%2C200","width":350,"height":200,"srcset":"https:\/\/i0.wp.com\/www.shqiperia.com\/blog\/wp-content\/uploads\/2023\/02\/20191009_151317_091019067-2_MjcmEOd-1068x767-1.jpg?fit=1068%2C767&ssl=1&resize=350%2C200 1x, https:\/\/i0.wp.com\/www.shqiperia.com\/blog\/wp-content\/uploads\/2023\/02\/20191009_151317_091019067-2_MjcmEOd-1068x767-1.jpg?fit=1068%2C767&ssl=1&resize=525%2C300 1.5x, https:\/\/i0.wp.com\/www.shqiperia.com\/blog\/wp-content\/uploads\/2023\/02\/20191009_151317_091019067-2_MjcmEOd-1068x767-1.jpg?fit=1068%2C767&ssl=1&resize=700%2C400 2x, https:\/\/i0.wp.com\/www.shqiperia.com\/blog\/wp-content\/uploads\/2023\/02\/20191009_151317_091019067-2_MjcmEOd-1068x767-1.jpg?fit=1068%2C767&ssl=1&resize=1050%2C600 3x"},"classes":[]},{"id":99059,"url":"https:\/\/www.shqiperia.com\/blog\/tensione-te-forta-ne-ps-per-garen-ne-tirane-erion-brace-nis-takimet-me-bazen-socialiste-drejtuesit-e-njesise-7\/","url_meta":{"origin":83386,"position":1},"title":"Tensione t\u00eb forta n\u00eb PS p\u00ebr gar\u00ebn n\u00eb Tiran\u00eb, Erion Bra\u00e7e nis takimet me baz\u00ebn socialiste, drejtuesit e nj\u00ebsis\u00eb 7\u2026","author":"Kurt Farka","date":"April 3, 2026","format":false,"excerpt":"3 Prill 2026 Nga: Rigels Seliman Tensionet brenda Partis\u00eb Socialiste n\u00eb Tiran\u00eb po marrin form\u00eb gjithnj\u00eb e m\u00eb t\u00eb dukshme, nd\u00ebrsa gara p\u00ebr drejtimin e kryeqytetit duket se ka nisur n\u00eb heshtje. Deputeti i Partis\u00eb Socialiste, Erion Bra\u00e7e ka hyr\u00eb n\u00eb terren, duke zhvilluar takime t\u00eb drejtp\u00ebrdrejta me baz\u00ebn socialiste,\u2026","rel":"","context":"In &quot;Njoftime Shtypi&quot;","block_context":{"text":"Njoftime Shtypi","link":"https:\/\/www.shqiperia.com\/blog\/category\/njoftime-shtypi\/"},"img":{"alt_text":"","src":"https:\/\/i0.wp.com\/www.shqiperia.com\/blog\/wp-content\/uploads\/2026\/04\/foto-3-1.jpg?fit=900%2C545&ssl=1&resize=350%2C200","width":350,"height":200,"srcset":"https:\/\/i0.wp.com\/www.shqiperia.com\/blog\/wp-content\/uploads\/2026\/04\/foto-3-1.jpg?fit=900%2C545&ssl=1&resize=350%2C200 1x, https:\/\/i0.wp.com\/www.shqiperia.com\/blog\/wp-content\/uploads\/2026\/04\/foto-3-1.jpg?fit=900%2C545&ssl=1&resize=525%2C300 1.5x, https:\/\/i0.wp.com\/www.shqiperia.com\/blog\/wp-content\/uploads\/2026\/04\/foto-3-1.jpg?fit=900%2C545&ssl=1&resize=700%2C400 2x"},"classes":[]},{"id":95230,"url":"https:\/\/www.shqiperia.com\/blog\/erion-brace-hetoni-pasurine-e-drejtoreve-te-tatimeve-dhe-te-doganave\/","url_meta":{"origin":83386,"position":2},"title":"Erion Bra\u00e7e: Hetoni pasurin\u00eb e drejtor\u00ebve t\u00eb Tatimeve dhe t\u00eb Doganave!","author":"Kurt Farka","date":"November 27, 2025","format":false,"excerpt":"28 Nentor 2025 Deputeti i Partis\u00eb Socialiste, Erion Bra\u00e7e, ka k\u00ebrkuar q\u00eb n\u00eb ligjin p\u00ebr kontrollin e pasuris\u00eb t\u00eb p\u00ebrfshihen edhe drejtor\u00ebt e institucioneve t\u00eb r\u00ebnd\u00ebsishme si Tatimet dhe Doganat. Bra\u00e7e, nga Komisioni i Ekonomis\u00eb, ku po flitej p\u00ebr projektligjin \u201cP\u00ebr parandalimin e konfliktit t\u00eb interesave n\u00eb ushtrimin e funksioneve\u2026","rel":"","context":"In &quot;Blogu i Udh\u00ebtarit&quot;","block_context":{"text":"Blogu i Udh\u00ebtarit","link":"https:\/\/www.shqiperia.com\/blog\/category\/blogu-i-udhetarit\/"},"img":{"alt_text":"","src":"https:\/\/i0.wp.com\/www.shqiperia.com\/blog\/wp-content\/uploads\/2025\/11\/photo-output-13.jpeg?fit=1200%2C801&ssl=1&resize=350%2C200","width":350,"height":200,"srcset":"https:\/\/i0.wp.com\/www.shqiperia.com\/blog\/wp-content\/uploads\/2025\/11\/photo-output-13.jpeg?fit=1200%2C801&ssl=1&resize=350%2C200 1x, https:\/\/i0.wp.com\/www.shqiperia.com\/blog\/wp-content\/uploads\/2025\/11\/photo-output-13.jpeg?fit=1200%2C801&ssl=1&resize=525%2C300 1.5x, https:\/\/i0.wp.com\/www.shqiperia.com\/blog\/wp-content\/uploads\/2025\/11\/photo-output-13.jpeg?fit=1200%2C801&ssl=1&resize=700%2C400 2x, https:\/\/i0.wp.com\/www.shqiperia.com\/blog\/wp-content\/uploads\/2025\/11\/photo-output-13.jpeg?fit=1200%2C801&ssl=1&resize=1050%2C600 3x"},"classes":[]},{"id":91477,"url":"https:\/\/www.shqiperia.com\/blog\/plas-sherri-mes-kandidateve-per-deputete-te-socialisteve-te-tiranes-brace-akuzon-gonxhen-se-po-ben-fushate-si\/","url_meta":{"origin":83386,"position":3},"title":"Plas sherri mes kandidat\u00ebve p\u00ebr deputet\u00eb t\u00eb socialist\u00ebve t\u00eb Tiran\u00ebs.- Bra\u00e7e akuzon Gonxhen se po b\u00ebn fushat\u00eb si\u2026","author":"Kurt Farka","date":"April 16, 2025","format":false,"excerpt":"16 Prill 2025 Zgjedhjet e 11 majit duket se kan\u00eb ndezur nj\u00eb tjet\u00ebr front zjarri brenda Partis\u00eb Socialiste, k\u00ebt\u00eb her\u00eb n\u00eb zem\u00ebr t\u00eb Tiran\u00ebs. Kandidati p\u00ebr deputet, Erion Bra\u00e7e, ka shp\u00ebrthyer publikisht ndaj ministrit t\u00eb Ekonomis\u00eb, Inovacionit dhe Kultur\u00ebs, Blendi Gonxhe, i cili gjithashtu kandidon p\u00ebr deputet n\u00ebn sigl\u00ebn e\u2026","rel":"","context":"In &quot;Blogu i Udh\u00ebtarit&quot;","block_context":{"text":"Blogu i Udh\u00ebtarit","link":"https:\/\/www.shqiperia.com\/blog\/category\/blogu-i-udhetarit\/"},"img":{"alt_text":"","src":"https:\/\/i0.wp.com\/www.shqiperia.com\/blog\/wp-content\/uploads\/2025\/04\/Capture-76.png?fit=834%2C468&ssl=1&resize=350%2C200","width":350,"height":200,"srcset":"https:\/\/i0.wp.com\/www.shqiperia.com\/blog\/wp-content\/uploads\/2025\/04\/Capture-76.png?fit=834%2C468&ssl=1&resize=350%2C200 1x, https:\/\/i0.wp.com\/www.shqiperia.com\/blog\/wp-content\/uploads\/2025\/04\/Capture-76.png?fit=834%2C468&ssl=1&resize=525%2C300 1.5x, https:\/\/i0.wp.com\/www.shqiperia.com\/blog\/wp-content\/uploads\/2025\/04\/Capture-76.png?fit=834%2C468&ssl=1&resize=700%2C400 2x"},"classes":[]},{"id":95453,"url":"https:\/\/www.shqiperia.com\/blog\/nuk-e-pranoj-dot-erion-brace-del-kunder-ministrit-te-financave-ne-top-story-po-favorizojne-kompani-te-medha-qe-i-kane-borxhe-shtetit\/","url_meta":{"origin":83386,"position":4},"title":"\u201cNuk e pranoj dot\u201d\/ Erion Bra\u00e7e del kund\u00ebr ministrit t\u00eb Financave n\u00eb \u201cTop Story\u201d: &#8211; Po favorizojn\u00eb kompani t\u00eb m\u00ebdha q\u00eb i kan\u00eb borxhe shtetit","author":"Kurt Farka","date":"December 8, 2025","format":false,"excerpt":"8 Dhjetor 2025 Projektligji p\u00ebr marr\u00ebveshjen fiskale ka nxitur nj\u00eb debat t\u00eb gjer\u00eb p\u00ebr transparenc\u00ebn e list\u00ebs s\u00eb bizneseve q\u00eb p\u00ebrfitojn\u00eb. Deputeti i PS Erion Bra\u00e7e n\u00eb Top Story flet p\u00ebr p\u00ebrmbajtjen e projektligjit dhe kund\u00ebrshtimet e tij ndaj ministrit t\u00eb Financave, Petrit Malaj. \u201cGjoba nuk shuhet as falet. Bankers\u2026","rel":"","context":"In &quot;Blogu i Udh\u00ebtarit&quot;","block_context":{"text":"Blogu i Udh\u00ebtarit","link":"https:\/\/www.shqiperia.com\/blog\/category\/blogu-i-udhetarit\/"},"img":{"alt_text":"","src":"https:\/\/i0.wp.com\/www.shqiperia.com\/blog\/wp-content\/uploads\/2025\/12\/vlcsnap-2025-12-04-21h18m08s293_sd.webp?fit=1200%2C675&ssl=1&resize=350%2C200","width":350,"height":200,"srcset":"https:\/\/i0.wp.com\/www.shqiperia.com\/blog\/wp-content\/uploads\/2025\/12\/vlcsnap-2025-12-04-21h18m08s293_sd.webp?fit=1200%2C675&ssl=1&resize=350%2C200 1x, https:\/\/i0.wp.com\/www.shqiperia.com\/blog\/wp-content\/uploads\/2025\/12\/vlcsnap-2025-12-04-21h18m08s293_sd.webp?fit=1200%2C675&ssl=1&resize=525%2C300 1.5x, https:\/\/i0.wp.com\/www.shqiperia.com\/blog\/wp-content\/uploads\/2025\/12\/vlcsnap-2025-12-04-21h18m08s293_sd.webp?fit=1200%2C675&ssl=1&resize=700%2C400 2x, https:\/\/i0.wp.com\/www.shqiperia.com\/blog\/wp-content\/uploads\/2025\/12\/vlcsnap-2025-12-04-21h18m08s293_sd.webp?fit=1200%2C675&ssl=1&resize=1050%2C600 3x"},"classes":[]},{"id":73473,"url":"https:\/\/www.shqiperia.com\/blog\/studiuesi-kunder-erion-braces-mos-harro-i-dashur-erion-doren-qe-ngrite-lart-qe-butrinti-kryevepra-jone-e-trashegimise-kulturore-tu-jepej-ne-administrim-atyre-qe-sot-na-quajne-komb-barinjsh\/","url_meta":{"origin":83386,"position":5},"title":"Studiuesi kund\u00ebr Erion Bra\u00e7es. &#8211; Mos harro i dashur Erion dor\u00ebn q\u00eb ngrite lart q\u00eb Butrinti kryevepra jone e Trash\u00ebgimis\u00eb Kulturore tu jepej n\u00eb administrim atyre q\u00eb sot na quajn\u00eb komb barinjsh","author":"Kurt Farka","date":"August 13, 2023","format":false,"excerpt":"14 Gusht 2023 Deputeti Erion Bra\u00e7e, n\u00eb nj\u00eb reagim n\u00eb Facebook ka postuar nj\u00eb foto t\u00eb nj\u00eb statuje. Bra\u00e7e ka ngritur shqet\u00ebsimin e fondeve p\u00ebr k\u00ebrkimet arkeologjike. N\u00eb statusin e tij, Bra\u00e7e thot\u00eb se statuja \u2018kalor\u00ebsi mbi kal\u00eb ka 2500 vite q\u00eb \u00ebsht\u00eb e jona\u2019. Ai shton \u00ebsht\u00eb shum\u00eb i\u2026","rel":"","context":"In &quot;Blogu i Udh\u00ebtarit&quot;","block_context":{"text":"Blogu i Udh\u00ebtarit","link":"https:\/\/www.shqiperia.com\/blog\/category\/blogu-i-udhetarit\/"},"img":{"alt_text":"","src":"https:\/\/i0.wp.com\/www.shqiperia.com\/blog\/wp-content\/uploads\/2023\/08\/12-565x433-1.jpg?fit=565%2C433&ssl=1&resize=350%2C200","width":350,"height":200,"srcset":"https:\/\/i0.wp.com\/www.shqiperia.com\/blog\/wp-content\/uploads\/2023\/08\/12-565x433-1.jpg?fit=565%2C433&ssl=1&resize=350%2C200 1x, https:\/\/i0.wp.com\/www.shqiperia.com\/blog\/wp-content\/uploads\/2023\/08\/12-565x433-1.jpg?fit=565%2C433&ssl=1&resize=525%2C300 1.5x"},"classes":[]}],"_links":{"self":[{"href":"https:\/\/www.shqiperia.com\/blog\/wp-json\/wp\/v2\/posts\/83386","targetHints":{"allow":["GET"]}}],"collection":[{"href":"https:\/\/www.shqiperia.com\/blog\/wp-json\/wp\/v2\/posts"}],"about":[{"href":"https:\/\/www.shqiperia.com\/blog\/wp-json\/wp\/v2\/types\/post"}],"author":[{"embeddable":true,"href":"https:\/\/www.shqiperia.com\/blog\/wp-json\/wp\/v2\/users\/9"}],"replies":[{"embeddable":true,"href":"https:\/\/www.shqiperia.com\/blog\/wp-json\/wp\/v2\/comments?post=83386"}],"version-history":[{"count":3,"href":"https:\/\/www.shqiperia.com\/blog\/wp-json\/wp\/v2\/posts\/83386\/revisions"}],"predecessor-version":[{"id":83390,"href":"https:\/\/www.shqiperia.com\/blog\/wp-json\/wp\/v2\/posts\/83386\/revisions\/83390"}],"wp:featuredmedia":[{"embeddable":true,"href":"https:\/\/www.shqiperia.com\/blog\/wp-json\/wp\/v2\/media\/83387"}],"wp:attachment":[{"href":"https:\/\/www.shqiperia.com\/blog\/wp-json\/wp\/v2\/media?parent=83386"}],"wp:term":[{"taxonomy":"category","embeddable":true,"href":"https:\/\/www.shqiperia.com\/blog\/wp-json\/wp\/v2\/categories?post=83386"},{"taxonomy":"post_tag","embeddable":true,"href":"https:\/\/www.shqiperia.com\/blog\/wp-json\/wp\/v2\/tags?post=83386"}],"curies":[{"name":"wp","href":"https:\/\/api.w.org\/{rel}","templated":true}]}}