{"id":83378,"date":"2024-08-08T08:11:58","date_gmt":"2024-08-08T08:11:58","guid":{"rendered":"https:\/\/www.shqiperia.com\/blog\/?p=83378"},"modified":"2024-08-08T08:16:11","modified_gmt":"2024-08-08T08:16:11","slug":"bullgari-bota-e-trakeve-eshte-nje-park-per-adhuruesit-e-trashegimise-antike","status":"publish","type":"post","link":"https:\/\/www.shqiperia.com\/blog\/bullgari-bota-e-trakeve-eshte-nje-park-per-adhuruesit-e-trashegimise-antike\/","title":{"rendered":"Bullgari: &#8211; &#8220;Bota e Trak\u00ebve&#8221; \u00ebsht\u00eb nj\u00eb park p\u00ebr adhuruesit e trash\u00ebgimis\u00eb antike"},"content":{"rendered":"<div><img data-recalc-dims=\"1\" loading=\"lazy\" decoding=\"async\" data-attachment-id=\"83379\" data-permalink=\"https:\/\/www.shqiperia.com\/blog\/bullgari-bota-e-trakeve-eshte-nje-park-per-adhuruesit-e-trashegimise-antike\/6e6fbf6c524d1fb91657e544a3d249f4\/\" data-orig-file=\"https:\/\/i0.wp.com\/www.shqiperia.com\/blog\/wp-content\/uploads\/2024\/08\/6e6fbf6c524d1fb91657e544a3d249f4.jpg?fit=1067%2C614&amp;ssl=1\" data-orig-size=\"1067,614\" data-comments-opened=\"1\" data-image-meta=\"{&quot;aperture&quot;:&quot;0&quot;,&quot;credit&quot;:&quot;&quot;,&quot;camera&quot;:&quot;&quot;,&quot;caption&quot;:&quot;&quot;,&quot;created_timestamp&quot;:&quot;0&quot;,&quot;copyright&quot;:&quot;&quot;,&quot;focal_length&quot;:&quot;0&quot;,&quot;iso&quot;:&quot;0&quot;,&quot;shutter_speed&quot;:&quot;0&quot;,&quot;title&quot;:&quot;&quot;,&quot;orientation&quot;:&quot;0&quot;}\" data-image-title=\"6e6fbf6c524d1fb91657e544a3d249f4\" data-image-description=\"\" data-image-caption=\"\" data-medium-file=\"https:\/\/i0.wp.com\/www.shqiperia.com\/blog\/wp-content\/uploads\/2024\/08\/6e6fbf6c524d1fb91657e544a3d249f4.jpg?fit=300%2C173&amp;ssl=1\" data-large-file=\"https:\/\/i0.wp.com\/www.shqiperia.com\/blog\/wp-content\/uploads\/2024\/08\/6e6fbf6c524d1fb91657e544a3d249f4.jpg?fit=1024%2C589&amp;ssl=1\" class=\"alignnone wp-image-83379\" alt=\"\" src=\"https:\/\/i0.wp.com\/www.shqiperia.com\/blog\/wp-content\/uploads\/2024\/08\/6e6fbf6c524d1fb91657e544a3d249f4.jpg?resize=872%2C503&#038;ssl=1\" width=\"872\" height=\"503\" srcset=\"https:\/\/i0.wp.com\/www.shqiperia.com\/blog\/wp-content\/uploads\/2024\/08\/6e6fbf6c524d1fb91657e544a3d249f4.jpg?resize=300%2C173&amp;ssl=1 300w, https:\/\/i0.wp.com\/www.shqiperia.com\/blog\/wp-content\/uploads\/2024\/08\/6e6fbf6c524d1fb91657e544a3d249f4.jpg?resize=1024%2C589&amp;ssl=1 1024w, https:\/\/i0.wp.com\/www.shqiperia.com\/blog\/wp-content\/uploads\/2024\/08\/6e6fbf6c524d1fb91657e544a3d249f4.jpg?resize=768%2C442&amp;ssl=1 768w, https:\/\/i0.wp.com\/www.shqiperia.com\/blog\/wp-content\/uploads\/2024\/08\/6e6fbf6c524d1fb91657e544a3d249f4.jpg?resize=450%2C259&amp;ssl=1 450w, https:\/\/i0.wp.com\/www.shqiperia.com\/blog\/wp-content\/uploads\/2024\/08\/6e6fbf6c524d1fb91657e544a3d249f4.jpg?resize=600%2C345&amp;ssl=1 600w, https:\/\/i0.wp.com\/www.shqiperia.com\/blog\/wp-content\/uploads\/2024\/08\/6e6fbf6c524d1fb91657e544a3d249f4.jpg?resize=400%2C230&amp;ssl=1 400w, https:\/\/i0.wp.com\/www.shqiperia.com\/blog\/wp-content\/uploads\/2024\/08\/6e6fbf6c524d1fb91657e544a3d249f4.jpg?w=1067&amp;ssl=1 1067w\" sizes=\"auto, (max-width: 872px) 100vw, 872px\" \/><\/div>\n<div><span>8 Gusht 2024<\/span><\/div>\n<div><span>N\u00eb Lugin\u00ebn e Mbret\u00ebrve t\u00eb Trakis\u00eb, n\u00ebn fshatin Shipka, ku ndodhen varret m\u00eb t\u00eb r\u00ebnd\u00ebsishme t\u00eb sundimtar\u00ebve t\u00eb\u00a0<a href=\"https:\/\/bnr.bg\/sq\/post\/100110061\/thesaret-e-odriseve-n-muzeun-historik-kombtar\">shtetit t\u00eb odriseve<\/a>, Bashkia Kazanll\u00ebk hapi parkun tematik &#8220;Bota e Trak\u00ebve&#8221;. Qendra turistike u ofron adhuruesve t\u00eb historis\u00eb dhe arkeologjis\u00eb eksperienca t\u00eb reja. Nj\u00eb vend qendror z\u00eb nj\u00eb model tredimensional n\u00eb p\u00ebrmasat 1:10 t\u00eb kryeqytetit t\u00eb mbretit Seuthes III &#8211; Seuthopolis. Mbetjet aktuale t\u00eb qytetit mbret\u00ebror jan\u00eb sot n\u00ebn uj\u00ebrat e rezervuarit t\u00eb af\u00ebrt t\u00eb Koprink\u00ebs. Prof. Asoc. Daniella Stojanova tha p\u00ebr Radio Bullgarin\u00eb se si konsulente projekti, ishte e r\u00ebnd\u00ebsishme p\u00ebr ta se sa larg do t\u00eb shkonte rind\u00ebrtimi n\u00eb k\u00ebt\u00eb model t\u00eb madh prej 800 metrash katror\u00eb.<\/span><\/div>\n<div>&#8220;Duke i njohur mir\u00eb mbetjet e Seuthopolis, p\u00ebr shkak t\u00eb materialit nga i cili \u00ebsht\u00eb nd\u00ebrtuar ky monument &#8211; gur p\u00ebr themelet, qerpi\u00e7\u00eb q\u00eb dekompozohen shum\u00eb leht\u00eb dhe dru &#8211; n\u00eb fakt nuk kemi mbetje shum\u00eb serioze t\u00eb qytetit.<\/div>\n<div>P\u00ebr arkeologun, mbetjet jan\u00eb shum\u00eb t\u00eb r\u00ebnd\u00ebsishme. Ai mund t\u00eb krijoj\u00eb n\u00eb mendjen e tij nj\u00eb ide, por modelit i jep nj\u00eb realitet t\u00eb shtuar. Ishte e r\u00ebnd\u00ebsishme p\u00ebr ne se sa larg do t\u00eb shkonte ky realitet i shtuar, duhej t\u00eb vendosnim n\u00eb fillim a do ta conim pun\u00ebn deri n\u00eb \u00e7ati dhe \u00e7far\u00eb do t\u00eb b\u00ebnim sakt\u00ebsisht dhe a do t\u00eb ishte e mundur.<\/div>\n<div>Doli q\u00eb gjetjet e mbetura q\u00eb kemi lejojn\u00eb rikonstruksione grafike ose n\u00eb modele 3D deri p\u00ebr tu krijuar deri n\u00eb \u00e7ati. P\u00ebr m\u00eb tep\u00ebr, ne u ndihmuam n\u00eb pun\u00ebn ton\u00eb nga rikonstruksionet grafike t\u00eb b\u00ebra tashm\u00eb nga ekipi q\u00eb studionte Seuthopolisin. Gradualisht mor\u00ebm guxim, hap pas hapi, sht\u00ebpi m\u00eb sht\u00ebpi, p\u00ebr t\u00eb arritur n\u00eb vet\u00eb pallatin. K\u00ebshtu q\u00eb ndoshta ajo q\u00eb do t\u00eb shohin vizitor\u00ebt do t&#8217;i habis\u00eb ata q\u00eb duket n\u00eb k\u00ebt\u00eb m\u00ebnyr\u00eb, por nga materialet me t\u00eb cilat \u00ebsht\u00eb nd\u00ebrtuar qyteti, duhet t\u00eb duket k\u00ebshtu.&#8221;<\/div>\n<div><img data-recalc-dims=\"1\" loading=\"lazy\" decoding=\"async\" class=\"\" alt=\"\" src=\"https:\/\/i0.wp.com\/static.bnr.bg\/gallery\/cr\/8257d9238b993fc8da54d88eddccf0e9.jpg?resize=713%2C472\" width=\"713\" height=\"472\" data-loaded=\"true\" \/><\/div>\n<div>\n<ul>\n<li><a href=\"https:\/\/bnr.bg\/sq\/post\/100710421\/trashegimia-e-trakeve-misheruar-ne-monumente-me-rendesi\">Trash\u00ebgimia e trak\u00ebve \u2013 mish\u00ebruar n\u00eb monumente me r\u00ebnd\u00ebsi<\/a><\/li>\n<\/ul>\n<\/div>\n<div>Arkeologu kujton se Seuthopolis \u00ebsht\u00eb nd\u00ebrtuar n\u00eb fund t\u00eb shekullit t\u00eb IV para Krishtit sipas modelit t\u00eb qyteteve mbret\u00ebrore t\u00eb hershme. N\u00eb planifikim u p\u00ebrdor\u00ebn modele t\u00eb njohura nga bota greke. Por pika kryesore e rind\u00ebrtimit t\u00eb qytetit antik nuk \u00ebsht\u00eb agora ose tempulli i hyjnis\u00eb mbrojt\u00ebse, por kalaja e sundimtarit, ku ka nj\u00eb pallat me nj\u00eb dhom\u00eb froni, nj\u00eb rezidenc\u00eb p\u00ebr t\u00eb jetuar dhe nj\u00eb tempull t\u00eb per\u00ebndive samotrake. Fatkeq\u00ebsisht, n\u00eb mesjet\u00eb kishte nj\u00eb vendbanim dhe nj\u00eb nekropol mbi mbetjet e kalas\u00eb. Gur\u00ebt jan\u00eb rip\u00ebrdorur, duke e b\u00ebr\u00eb t\u00eb v\u00ebshtir\u00eb studimin e strukturave origjinale.<\/div>\n<div><img data-recalc-dims=\"1\" loading=\"lazy\" decoding=\"async\" class=\"\" alt=\"\" src=\"https:\/\/i0.wp.com\/static.bnr.bg\/gallery\/cr\/521c1385b866fc12b6abd587c01d1b6c.jpg?resize=738%2C417\" width=\"738\" height=\"417\" data-loaded=\"true\" \/><\/div>\n<div>Parku &#8220;Bota e Trak\u00ebve&#8221; p\u00ebrfshin gjithashtu nj\u00eb mbules\u00eb t\u00eb re t\u00eb tempullit dhe varrit unik t\u00eb shekullit t\u00eb V-t\u00eb para Krishtit n\u00ebn tum\u00ebn e Ostrush\u00ebs. Afresket n\u00eb tavan jan\u00eb restauruar. P\u00ebr t\u00eb ruajtur imazhet, turist\u00ebt tani do t\u00eb shohin nj\u00eb kopje t\u00eb objektit origjinal t\u00eb kultit, i cili ishte gdhendur nga dy gur\u00eb monolitik\u00eb.<\/div>\n<div>\n<div class=\"imgwrapper\">\n<div class=\"photo_info\">\n<div class=\"text\">Varr n\u00eb Ostrush\u00eb<\/div>\n<\/div>\n<\/div>\n<\/div>\n<div>\u201cB\u00ebhet fjal\u00eb p\u00ebr di\u00e7ka q\u00eb duhet t\u00eb jet\u00eb nj\u00eb praktik\u00eb e zakonshme \u2013 t\u00eb kemi nj\u00eb nd\u00ebrtes\u00eb mbrojt\u00ebse n\u00ebn t\u00eb cil\u00ebn t\u00eb ruhen shum\u00eb mir\u00eb mbetjet e monumenteve. Jo t\u00eb gjith\u00eb mund t\u2019i vendosim n\u00ebn nj\u00eb nd\u00ebrtes\u00eb mbrojt\u00ebse, por n\u00eb rastin e varrit n\u00eb Ostrush\u00eb, kjo \u00ebsht\u00eb realizuar dhe na lejon t\u00eb shohim vendin n\u00eb t\u00ebr\u00ebsi. Q\u00eb pas zbulimit t\u00eb tij, ai ishte i mbuluar nga nj\u00eb nd\u00ebrtes\u00eb mbrojt\u00ebse, por vet\u00ebm dhoma me afreske ishte e aksesueshme, sepse kompleksi u zhvillua n\u00eb disa faza si arkitektur\u00eb dhe ajo q\u00eb ruhet \u00ebsht\u00eb jasht\u00ebzakonisht mbres\u00ebl\u00ebn\u00ebse dhe e ndryshme p\u00ebr Trakin\u00eb. Tani do t\u00eb mund ta shohim n\u00eb t\u00ebr\u00ebsi dhe ky kompleks me siguri do t\u00eb p\u00ebrdor\u00eb teknologjit\u00eb e reja n\u00eb m\u00ebnyr\u00eb q\u00eb vizitor\u00ebt t\u00eb shohin afresket. Vet\u00eb dhoma e varrimit nuk do t\u00eb jet\u00eb e aksesueshme p\u00ebr vizitor\u00ebt n\u00eb m\u00ebnyr\u00eb q\u00eb ne t\u00eb mund t\u00eb ruajm\u00eb afresket.<\/div>\n<div>\n<ul>\n<li><a href=\"https:\/\/bnr.bg\/sq\/post\/100141029\/tu-afrohesh-thesareve-t-trakve\">T\u2019u afrohesh thesareve t\u00eb trak\u00ebve<\/a><\/li>\n<\/ul>\n<\/div>\n<div><img data-recalc-dims=\"1\" loading=\"lazy\" decoding=\"async\" class=\"\" alt=\"\" src=\"https:\/\/i0.wp.com\/static.bnr.bg\/gallery\/cr\/eaa1ac6a4552bbb9c1afbd80fb13a990.jpg?resize=685%2C422\" width=\"685\" height=\"422\" data-loaded=\"true\" \/><\/div>\n<div>P\u00ebr vite me radh\u00eb, Prof. Asoc. Stojanova ka studiuar varret trake dhe kryeqytetin Helis n\u00eb rezervatin kulturor dhe historik Sborjanovo n\u00eb Bullgarin\u00eb Verilindore, pran\u00eb fshatit Sveshtari dhe qytetit Isperh. Nj\u00eb nga detyrat q\u00eb i ka v\u00ebn\u00eb vetes \u00ebsht\u00eb ruajtja dhe konservimi i zonave arkeologjike q\u00eb tashm\u00eb jan\u00eb zbuluar. I nj\u00ebjti duhet t\u00eb jet\u00eb edhe fati i varreve t\u00eb shumta t\u00eb zbuluara gjat\u00eb jet\u00ebs s\u00eb tij nga shkenc\u00ebtari i madh, Prof. Asoc. Georgi Kitov n\u00eb Lugin\u00ebn e Mbret\u00ebrve Trrak\u00eb, shpjegon arkeologu. Ajo beson se atraksionet si &#8220;Bota e Trak\u00ebve&#8221; jan\u00eb iniciativa t\u00eb mira q\u00eb do t&#8217;i drejtojn\u00eb turist\u00ebt n\u00eb pjes\u00ebn tjet\u00ebr t\u00eb thesareve trake t\u00eb ruajtura n\u00eb muzet\u00eb e Bullgaris\u00eb.<\/div>\n","protected":false},"excerpt":{"rendered":"<p>8 Gusht 2024 N\u00eb Lugin\u00ebn e Mbret\u00ebrve t\u00eb Trakis\u00eb, n\u00ebn fshatin Shipka, ku ndodhen varret m\u00eb t\u00eb r\u00ebnd\u00ebsishme t\u00eb sundimtar\u00ebve t\u00eb\u00a0shtetit t\u00eb odriseve, Bashkia Kazanll\u00ebk hapi parkun tematik &#8220;Bota e Trak\u00ebve&#8221;. Qendra turistike u ofron adhuruesve t\u00eb historis\u00eb dhe arkeologjis\u00eb eksperienca t\u00eb reja. Nj\u00eb vend qendror z\u00eb nj\u00eb model tredimensional n\u00eb p\u00ebrmasat 1:10 t\u00eb kryeqytetit [&hellip;]<\/p>\n","protected":false},"author":9,"featured_media":83379,"comment_status":"open","ping_status":"open","sticky":false,"template":"","format":"standard","meta":{"jetpack_post_was_ever_published":false,"_jetpack_newsletter_access":"","_jetpack_dont_email_post_to_subs":false,"_jetpack_newsletter_tier_id":0,"_jetpack_memberships_contains_paywalled_content":false,"_jetpack_memberships_contains_paid_content":false,"footnotes":"","jetpack_publicize_message":"","jetpack_publicize_feature_enabled":true,"jetpack_social_post_already_shared":true,"jetpack_social_options":{"image_generator_settings":{"template":"highway","default_image_id":0,"font":"","enabled":false},"version":2}},"categories":[27,85,10,35,86],"tags":[],"class_list":["post-83378","post","type-post","status-publish","format-standard","has-post-thumbnail","hentry","category-blogu-i-udhetarit","category-histori","category-kultura","category-shoqerore","category-trashegimi-kulturore"],"jetpack_publicize_connections":[],"jetpack_featured_media_url":"https:\/\/i0.wp.com\/www.shqiperia.com\/blog\/wp-content\/uploads\/2024\/08\/6e6fbf6c524d1fb91657e544a3d249f4.jpg?fit=1067%2C614&ssl=1","jetpack_sharing_enabled":true,"jetpack_shortlink":"https:\/\/wp.me\/p5Z6wp-lGO","jetpack-related-posts":[{"id":39381,"url":"https:\/\/www.shqiperia.com\/blog\/arkeologji-zbulohet-nje-disk-diellor-3-500-vjecar-i-perket-trakeve\/","url_meta":{"origin":83378,"position":0},"title":"Arkeologji: -Zbulohet nj\u00eb disk diellor 3 500-vje\u00e7ar. I perket Trakeve.","author":"Kurt Farka","date":"October 8, 2020","format":false,"excerpt":"Arkeologji: -Zbulohet nj\u00eb disk diellor 3 500-vje\u00e7ar. I perket Trakeve. 28 Shtator, 2020 Arkeolog\u00ebt kan\u00eb zbuluar nj\u00eb disk diellor n\u00eb Turqin\u00eb veriper\u00ebndimore, n\u00eb nj\u00eb altar shk\u00ebmbor n\u00eb vendbanimet antike trake, njoftuan burimet. \u201cAltari i zbuluar n\u00eb Edirne daton 3 500 vjet m\u00eb par\u00eb\u201d, tha Engin Beksac, kreu i Departamentit t\u00eb\u2026","rel":"","context":"In &quot;Kultura&quot;","block_context":{"text":"Kultura","link":"https:\/\/www.shqiperia.com\/blog\/category\/kultura\/"},"img":{"alt_text":"","src":"https:\/\/i0.wp.com\/www.shqiperia.com\/blog\/wp-content\/uploads\/2020\/10\/disk-696x392-1.jpg?fit=696%2C392&ssl=1&resize=350%2C200","width":350,"height":200,"srcset":"https:\/\/i0.wp.com\/www.shqiperia.com\/blog\/wp-content\/uploads\/2020\/10\/disk-696x392-1.jpg?fit=696%2C392&ssl=1&resize=350%2C200 1x, https:\/\/i0.wp.com\/www.shqiperia.com\/blog\/wp-content\/uploads\/2020\/10\/disk-696x392-1.jpg?fit=696%2C392&ssl=1&resize=525%2C300 1.5x"},"classes":[]},{"id":36641,"url":"https:\/\/www.shqiperia.com\/blog\/vendet-me-te-mira-per-degustimin-e-veres-ne-ultesiren-e-trakeve\/","url_meta":{"origin":83378,"position":1},"title":"Vendet m\u00eb t\u00eb mira p\u00ebr degustimin e ver\u00ebs n\u00eb Ult\u00ebsir\u00ebn e Trak\u00ebve","author":"Kurt Farka","date":"July 30, 2020","format":false,"excerpt":"Vendet m\u00eb t\u00eb mira p\u00ebr degustimin e ver\u00ebs n\u00eb Ult\u00ebsir\u00ebn e Trak\u00ebve Nj\u00eb hart\u00eb interaktive tregon mund\u00ebsit\u00eb p\u00ebr turiz\u00ebm me degustimin e ver\u00ebs n\u00eb kantinat e hapura n\u00eb Ult\u00ebsir\u00ebn e Trak\u00ebve. Jan\u00eb p\u00ebrfshir\u00eb 50 kantina, t\u00eb cilat ndodhen n\u00eb 6 qarqe t\u00eb vendit \u2013 Plovdiv, Pazarxhik, Haskovo, Stara Zagora, Jamboll\u2026","rel":"","context":"In &quot;Blogu i Udh\u00ebtarit&quot;","block_context":{"text":"Blogu i Udh\u00ebtarit","link":"https:\/\/www.shqiperia.com\/blog\/category\/blogu-i-udhetarit\/"},"img":{"alt_text":"","src":"https:\/\/i0.wp.com\/www.shqiperia.com\/blog\/wp-content\/uploads\/2020\/07\/Ultesira-e-Trakeve.jpg?fit=872%2C411&ssl=1&resize=350%2C200","width":350,"height":200,"srcset":"https:\/\/i0.wp.com\/www.shqiperia.com\/blog\/wp-content\/uploads\/2020\/07\/Ultesira-e-Trakeve.jpg?fit=872%2C411&ssl=1&resize=350%2C200 1x, https:\/\/i0.wp.com\/www.shqiperia.com\/blog\/wp-content\/uploads\/2020\/07\/Ultesira-e-Trakeve.jpg?fit=872%2C411&ssl=1&resize=525%2C300 1.5x, https:\/\/i0.wp.com\/www.shqiperia.com\/blog\/wp-content\/uploads\/2020\/07\/Ultesira-e-Trakeve.jpg?fit=872%2C411&ssl=1&resize=700%2C400 2x"},"classes":[]},{"id":68800,"url":"https:\/\/www.shqiperia.com\/blog\/argjentine-mbetjet-e-nje-burri-te-zhdukur-gjenden-ne-barkun-e-nje-peshkaqeni\/","url_meta":{"origin":83378,"position":2},"title":"Argjentin\u00eb: &#8211; Mbetjet e nj\u00eb burri t\u00eb zhdukur gjenden n\u00eb barkun e nj\u00eb peshkaqeni","author":"Kurt Farka","date":"March 1, 2023","format":false,"excerpt":"28 Shkurt 2023 Mbetjet e Diego Barria-s, i cili u zhduk n\u00eb qytetin bregdetar Comdoro Rivadavia n\u00eb jug t\u00eb Argjentin\u00ebs, u gjet\u00ebn n\u00eb stomakun e nj\u00eb peshkaqeni t\u00eb kapur nga peshkatar\u00ebt. Oficerja e policis\u00eb Daniela Millatruz tha se identiteti i Barria-s u konfirmua nga familja e tij n\u00eb baz\u00eb t\u00eb\u2026","rel":"","context":"In &quot;Blogu i Udh\u00ebtarit&quot;","block_context":{"text":"Blogu i Udh\u00ebtarit","link":"https:\/\/www.shqiperia.com\/blog\/category\/blogu-i-udhetarit\/"},"img":{"alt_text":"","src":"https:\/\/i0.wp.com\/www.shqiperia.com\/blog\/wp-content\/uploads\/2023\/02\/auto_burr1677627971-1.jpg?fit=850%2C472&ssl=1&resize=350%2C200","width":350,"height":200,"srcset":"https:\/\/i0.wp.com\/www.shqiperia.com\/blog\/wp-content\/uploads\/2023\/02\/auto_burr1677627971-1.jpg?fit=850%2C472&ssl=1&resize=350%2C200 1x, https:\/\/i0.wp.com\/www.shqiperia.com\/blog\/wp-content\/uploads\/2023\/02\/auto_burr1677627971-1.jpg?fit=850%2C472&ssl=1&resize=525%2C300 1.5x, https:\/\/i0.wp.com\/www.shqiperia.com\/blog\/wp-content\/uploads\/2023\/02\/auto_burr1677627971-1.jpg?fit=850%2C472&ssl=1&resize=700%2C400 2x"},"classes":[]},{"id":93382,"url":"https:\/\/www.shqiperia.com\/blog\/shkencetaret-zbulojne-dy-struktura-gjigante-misterioze-qe-fshihen-nen-afrike\/","url_meta":{"origin":83378,"position":3},"title":"Shkenc\u00ebtar\u00ebt zbulojn\u00eb dy struktura gjigante misterioze q\u00eb fshihen n\u00ebn Afrik\u00eb","author":"Kurt Farka","date":"August 30, 2025","format":false,"excerpt":"30 Gusht 2025 Shum\u00eb prej nesh i drejtohen yjeve p\u00ebr p\u00ebrgjigje t\u00eb pyetjeve m\u00eb komplekse t\u00eb jet\u00ebs. Por n\u00eb t\u00eb v\u00ebrtet\u00eb, disa nga misteret m\u00eb t\u00eb m\u00ebdha fshihen posht\u00eb k\u00ebmb\u00ebve tona. Dikush mund t\u00eb mendoj\u00eb se deri tani do ta njihnim Tok\u00ebn mjaft mir\u00eb, por n\u00eb fakt, b\u00ebrthama e planetit\u2026","rel":"","context":"In &quot;Blogu i Udh\u00ebtarit&quot;","block_context":{"text":"Blogu i Udh\u00ebtarit","link":"https:\/\/www.shqiperia.com\/blog\/category\/blogu-i-udhetarit\/"},"img":{"alt_text":"","src":"https:\/\/i0.wp.com\/www.shqiperia.com\/blog\/wp-content\/uploads\/2025\/08\/900-0-1733845104xkullota-thatesira-805-1.jpg?fit=900%2C506&ssl=1&resize=350%2C200","width":350,"height":200,"srcset":"https:\/\/i0.wp.com\/www.shqiperia.com\/blog\/wp-content\/uploads\/2025\/08\/900-0-1733845104xkullota-thatesira-805-1.jpg?fit=900%2C506&ssl=1&resize=350%2C200 1x, https:\/\/i0.wp.com\/www.shqiperia.com\/blog\/wp-content\/uploads\/2025\/08\/900-0-1733845104xkullota-thatesira-805-1.jpg?fit=900%2C506&ssl=1&resize=525%2C300 1.5x, https:\/\/i0.wp.com\/www.shqiperia.com\/blog\/wp-content\/uploads\/2025\/08\/900-0-1733845104xkullota-thatesira-805-1.jpg?fit=900%2C506&ssl=1&resize=700%2C400 2x"},"classes":[]},{"id":79708,"url":"https:\/\/www.shqiperia.com\/blog\/tragjedi-globale-raporti-i-okb-se-bota-shperdoron-me-shume-se-1-miliard-vakte-cdo-dite\/","url_meta":{"origin":83378,"position":4},"title":"\u201cTragjedi globale!\u201d- Raporti i OKB-s\u00eb: Bota shp\u00ebrdoron m\u00eb shum\u00eb se 1 miliard vakte \u00e7do dit\u00eb","author":"Kurt Farka","date":"March 28, 2024","format":false,"excerpt":"28 Mars 2024 M\u00eb shum\u00eb se 1 miliard vakte shpenzohen \u00e7do dit\u00eb n\u00eb t\u00eb gjith\u00eb bot\u00ebn, nd\u00ebrsa rreth 800 milion\u00eb njer\u00ebz jan\u00eb t\u00eb uritur, ka zbuluar nj\u00eb raport i ri i Kombeve t\u00eb Bashkuara. Bota shpenzoi 1.05 miliard\u00eb ton\u00eb ushqim n\u00eb vitin 2022, q\u00eb do t\u00eb thot\u00eb se rreth nj\u00eb\u2026","rel":"","context":"In &quot;Blogu i Udh\u00ebtarit&quot;","block_context":{"text":"Blogu i Udh\u00ebtarit","link":"https:\/\/www.shqiperia.com\/blog\/category\/blogu-i-udhetarit\/"},"img":{"alt_text":"","src":"https:\/\/i0.wp.com\/www.shqiperia.com\/blog\/wp-content\/uploads\/2024\/03\/shperdorim-ushqimiokb1.jpeg?fit=1160%2C653&ssl=1&resize=350%2C200","width":350,"height":200,"srcset":"https:\/\/i0.wp.com\/www.shqiperia.com\/blog\/wp-content\/uploads\/2024\/03\/shperdorim-ushqimiokb1.jpeg?fit=1160%2C653&ssl=1&resize=350%2C200 1x, https:\/\/i0.wp.com\/www.shqiperia.com\/blog\/wp-content\/uploads\/2024\/03\/shperdorim-ushqimiokb1.jpeg?fit=1160%2C653&ssl=1&resize=525%2C300 1.5x, https:\/\/i0.wp.com\/www.shqiperia.com\/blog\/wp-content\/uploads\/2024\/03\/shperdorim-ushqimiokb1.jpeg?fit=1160%2C653&ssl=1&resize=700%2C400 2x, https:\/\/i0.wp.com\/www.shqiperia.com\/blog\/wp-content\/uploads\/2024\/03\/shperdorim-ushqimiokb1.jpeg?fit=1160%2C653&ssl=1&resize=1050%2C600 3x"},"classes":[]},{"id":77574,"url":"https:\/\/www.shqiperia.com\/blog\/gjendet-nje-mbishkrim-runik-2000-vjecar-%e2%80%8b\/","url_meta":{"origin":83378,"position":5},"title":"Gjendet nj\u00eb mbishkrim Runik 2000-vje\u00e7ar \u200b","author":"Kurt Farka","date":"January 23, 2024","format":false,"excerpt":"23 Janar 2023 Arkeolog\u00ebt n\u00eb Danimark\u00eb kan\u00eb zbuluar nj\u00eb kam\u00eb t\u00eb vog\u00ebl t\u00eb gdhendur me simbole runike gati 2000-vje\u00e7are duke e p\u00ebrshkruar at\u00eb si nj\u00eb zbulim t\u00eb r\u00ebnd\u00ebsish\u00ebm p\u00ebr t\u00eb kuptuar historin\u00eb njer\u00ebzore t\u00eb rajonit. \u201dMbishkrimi \u00ebsht\u00eb plot\u00ebsisht unik dhe mund t\u00eb datohet rreth vitit 150\u201d, deklaroi\u00a0 muzeu \u201dOdense\u201d. Mbishkrimet\u2026","rel":"","context":"In &quot;Blogu i Udh\u00ebtarit&quot;","block_context":{"text":"Blogu i Udh\u00ebtarit","link":"https:\/\/www.shqiperia.com\/blog\/category\/blogu-i-udhetarit\/"},"img":{"alt_text":"","src":"https:\/\/i0.wp.com\/www.shqiperia.com\/blog\/wp-content\/uploads\/2024\/01\/640-0-shkrimijpg-1705931914-1.jpg?fit=640%2C360&ssl=1&resize=350%2C200","width":350,"height":200,"srcset":"https:\/\/i0.wp.com\/www.shqiperia.com\/blog\/wp-content\/uploads\/2024\/01\/640-0-shkrimijpg-1705931914-1.jpg?fit=640%2C360&ssl=1&resize=350%2C200 1x, https:\/\/i0.wp.com\/www.shqiperia.com\/blog\/wp-content\/uploads\/2024\/01\/640-0-shkrimijpg-1705931914-1.jpg?fit=640%2C360&ssl=1&resize=525%2C300 1.5x"},"classes":[]}],"_links":{"self":[{"href":"https:\/\/www.shqiperia.com\/blog\/wp-json\/wp\/v2\/posts\/83378","targetHints":{"allow":["GET"]}}],"collection":[{"href":"https:\/\/www.shqiperia.com\/blog\/wp-json\/wp\/v2\/posts"}],"about":[{"href":"https:\/\/www.shqiperia.com\/blog\/wp-json\/wp\/v2\/types\/post"}],"author":[{"embeddable":true,"href":"https:\/\/www.shqiperia.com\/blog\/wp-json\/wp\/v2\/users\/9"}],"replies":[{"embeddable":true,"href":"https:\/\/www.shqiperia.com\/blog\/wp-json\/wp\/v2\/comments?post=83378"}],"version-history":[{"count":3,"href":"https:\/\/www.shqiperia.com\/blog\/wp-json\/wp\/v2\/posts\/83378\/revisions"}],"predecessor-version":[{"id":83383,"href":"https:\/\/www.shqiperia.com\/blog\/wp-json\/wp\/v2\/posts\/83378\/revisions\/83383"}],"wp:featuredmedia":[{"embeddable":true,"href":"https:\/\/www.shqiperia.com\/blog\/wp-json\/wp\/v2\/media\/83379"}],"wp:attachment":[{"href":"https:\/\/www.shqiperia.com\/blog\/wp-json\/wp\/v2\/media?parent=83378"}],"wp:term":[{"taxonomy":"category","embeddable":true,"href":"https:\/\/www.shqiperia.com\/blog\/wp-json\/wp\/v2\/categories?post=83378"},{"taxonomy":"post_tag","embeddable":true,"href":"https:\/\/www.shqiperia.com\/blog\/wp-json\/wp\/v2\/tags?post=83378"}],"curies":[{"name":"wp","href":"https:\/\/api.w.org\/{rel}","templated":true}]}}