{"id":82467,"date":"2024-07-05T21:54:43","date_gmt":"2024-07-05T21:54:43","guid":{"rendered":"https:\/\/www.shqiperia.com\/blog\/?p=82467"},"modified":"2024-07-05T21:54:43","modified_gmt":"2024-07-05T21:54:43","slug":"dy-pedagoge-konfliktohen-ne-ambientet-e-fakultetit-te-ekonomise-ne-universitetin-e-tiranes","status":"publish","type":"post","link":"https:\/\/www.shqiperia.com\/blog\/dy-pedagoge-konfliktohen-ne-ambientet-e-fakultetit-te-ekonomise-ne-universitetin-e-tiranes\/","title":{"rendered":"Dy pedagog\u00eb konfliktohen n\u00eb ambientet e Fakultetit t\u00eb Ekonomis\u00eb n\u00eb Universitetin e Tiran\u00ebs."},"content":{"rendered":"<p><img data-recalc-dims=\"1\" loading=\"lazy\" decoding=\"async\" data-attachment-id=\"82469\" data-permalink=\"https:\/\/www.shqiperia.com\/blog\/dy-pedagoge-konfliktohen-ne-ambientet-e-fakultetit-te-ekonomise-ne-universitetin-e-tiranes\/fakulteti-ekonomik\/\" data-orig-file=\"https:\/\/i0.wp.com\/www.shqiperia.com\/blog\/wp-content\/uploads\/2024\/07\/fakulteti-ekonomik.jpg?fit=539%2C305&amp;ssl=1\" data-orig-size=\"539,305\" data-comments-opened=\"1\" data-image-meta=\"{&quot;aperture&quot;:&quot;0&quot;,&quot;credit&quot;:&quot;&quot;,&quot;camera&quot;:&quot;&quot;,&quot;caption&quot;:&quot;&quot;,&quot;created_timestamp&quot;:&quot;0&quot;,&quot;copyright&quot;:&quot;&quot;,&quot;focal_length&quot;:&quot;0&quot;,&quot;iso&quot;:&quot;0&quot;,&quot;shutter_speed&quot;:&quot;0&quot;,&quot;title&quot;:&quot;&quot;,&quot;orientation&quot;:&quot;0&quot;}\" data-image-title=\"fakulteti-ekonomik\" data-image-description=\"\" data-image-caption=\"\" data-medium-file=\"https:\/\/i0.wp.com\/www.shqiperia.com\/blog\/wp-content\/uploads\/2024\/07\/fakulteti-ekonomik.jpg?fit=300%2C170&amp;ssl=1\" data-large-file=\"https:\/\/i0.wp.com\/www.shqiperia.com\/blog\/wp-content\/uploads\/2024\/07\/fakulteti-ekonomik.jpg?fit=539%2C305&amp;ssl=1\" class=\"alignnone  wp-image-82469\" alt=\"\" src=\"https:\/\/i0.wp.com\/www.shqiperia.com\/blog\/wp-content\/uploads\/2024\/07\/fakulteti-ekonomik-300x170.jpg?resize=720%2C408&#038;ssl=1\" width=\"720\" height=\"408\" srcset=\"https:\/\/i0.wp.com\/www.shqiperia.com\/blog\/wp-content\/uploads\/2024\/07\/fakulteti-ekonomik.jpg?resize=300%2C170&amp;ssl=1 300w, https:\/\/i0.wp.com\/www.shqiperia.com\/blog\/wp-content\/uploads\/2024\/07\/fakulteti-ekonomik.jpg?resize=450%2C255&amp;ssl=1 450w, https:\/\/i0.wp.com\/www.shqiperia.com\/blog\/wp-content\/uploads\/2024\/07\/fakulteti-ekonomik.jpg?resize=400%2C226&amp;ssl=1 400w, https:\/\/i0.wp.com\/www.shqiperia.com\/blog\/wp-content\/uploads\/2024\/07\/fakulteti-ekonomik.jpg?w=539&amp;ssl=1 539w\" sizes=\"auto, (max-width: 720px) 100vw, 720px\" \/><\/p>\n<p>5 Korrik 2024<\/p>\n<p>Nj\u00eb ngjarje e r\u00ebnd\u00eb \u00ebsht\u00eb sh\u00ebnuar dit\u00ebn e sotme ku dy pedagog\u00eb jan\u00eb konfliktuar me nj\u00ebri-tjetrin n\u00eb ambientet e Fakultetit t\u00eb Ekonomis\u00eb n\u00eb Universitetin e Tiran\u00ebs.<\/p>\n<p>Nd\u00ebrsa nuk dihe ende shkaqet e k\u00ebtij konflikti m\u00ebsohet se grindja mes tyre ka nisur me shtyrje dhe sipas informacioneve t\u00eb marra nga \u201cOra Ne\u00ebws\u201d m\u00ebsohet se profesori M. A ka goditur kolegen L.B n\u00eb korridorin e Ekonomikut.<\/p>\n<p>N\u00eb momentin e sherrit disa student\u00eb kan\u00eb qen\u00eb duke zhvilluar provimin e sezonit e nd\u00ebrsa pas ul\u00ebrim\u00ebs s\u00eb pedagoges, ata kan\u00eb dal\u00eb jasht\u00eb sallave p\u00ebr t\u00eb par\u00eb \u00e7far\u00eb po ndodhte.<\/p>\n<p>Nd\u00ebrkaq \u00ebsht\u00eb konstatuar se ambientet e korridorit kan\u00eb qen\u00eb me njolla gjaku.<\/p>\n<p>Ende nuk dihet shkaqet e k\u00ebtij incidenti, por m\u00ebsohet se efektiv\u00ebt e Komisariatit nr. 1 n\u00eb kryeqytet po merren me rastin n\u00eb fjal\u00eb.<\/p>\n","protected":false},"excerpt":{"rendered":"<p>5 Korrik 2024 Nj\u00eb ngjarje e r\u00ebnd\u00eb \u00ebsht\u00eb sh\u00ebnuar dit\u00ebn e sotme ku dy pedagog\u00eb jan\u00eb konfliktuar me nj\u00ebri-tjetrin n\u00eb ambientet e Fakultetit t\u00eb Ekonomis\u00eb n\u00eb Universitetin e Tiran\u00ebs. Nd\u00ebrsa nuk dihe ende shkaqet e k\u00ebtij konflikti m\u00ebsohet se grindja mes tyre ka nisur me shtyrje dhe sipas informacioneve t\u00eb marra nga \u201cOra Ne\u00ebws\u201d m\u00ebsohet [&hellip;]<\/p>\n","protected":false},"author":9,"featured_media":82469,"comment_status":"open","ping_status":"open","sticky":false,"template":"","format":"standard","meta":{"jetpack_post_was_ever_published":false,"_jetpack_newsletter_access":"","_jetpack_dont_email_post_to_subs":false,"_jetpack_newsletter_tier_id":0,"_jetpack_memberships_contains_paywalled_content":false,"_jetpack_memberships_contains_paid_content":false,"footnotes":"","jetpack_publicize_message":"","jetpack_publicize_feature_enabled":true,"jetpack_social_post_already_shared":true,"jetpack_social_options":{"image_generator_settings":{"template":"highway","default_image_id":0,"font":"","enabled":false},"version":2}},"categories":[27,1,35],"tags":[],"class_list":["post-82467","post","type-post","status-publish","format-standard","has-post-thumbnail","hentry","category-blogu-i-udhetarit","category-njoftime-shtypi","category-shoqerore"],"jetpack_publicize_connections":[],"jetpack_featured_media_url":"https:\/\/i0.wp.com\/www.shqiperia.com\/blog\/wp-content\/uploads\/2024\/07\/fakulteti-ekonomik.jpg?fit=539%2C305&ssl=1","jetpack_sharing_enabled":true,"jetpack_shortlink":"https:\/\/wp.me\/p5Z6wp-ls7","jetpack-related-posts":[{"id":105285,"url":"https:\/\/www.shqiperia.com\/blog\/kemi-vendosur-bombe-mesazhi-kercenues-ne-institucione-ngre-ne-kembe-policine\/","url_meta":{"origin":82467,"position":0},"title":"\u201cKemi vendosur bomb\u00eb\u201d\/ Mesazhi k\u00ebrc\u00ebnues n\u00eb institucione ngre n\u00eb k\u00ebmb\u00eb policin\u00eb","author":"Kurt Farka","date":"August 27, 2026","format":false,"excerpt":"27 Gusht 2026 M\u00ebngjesin e sot\u00ebm n\u00eb 27 gusht, disa institucione n\u00eb qytete t\u00eb ndryshme t\u00eb vendit kan\u00eb marr\u00eb e-maile k\u00ebrc\u00ebnuese, ku pretendohej se n\u00eb ambientet e tyre ishte vendosur nj\u00eb bomb\u00eb. Policia e Shtetit reagoi pas marrjes s\u00eb k\u00ebrc\u00ebnimeve dhe nisi kontrollet n\u00eb disa institucione. Deri m\u00eb tani, nga\u2026","rel":"","context":"In &quot;Blogu i Udh\u00ebtarit&quot;","block_context":{"text":"Blogu i Udh\u00ebtarit","link":"https:\/\/www.shqiperia.com\/blog\/category\/blogu-i-udhetarit\/"},"img":{"alt_text":"","src":"https:\/\/i0.wp.com\/www.shqiperia.com\/blog\/wp-content\/uploads\/2026\/08\/kontrolle1-1024x570-1.jpg?fit=1024%2C570&ssl=1&resize=350%2C200","width":350,"height":200,"srcset":"https:\/\/i0.wp.com\/www.shqiperia.com\/blog\/wp-content\/uploads\/2026\/08\/kontrolle1-1024x570-1.jpg?fit=1024%2C570&ssl=1&resize=350%2C200 1x, https:\/\/i0.wp.com\/www.shqiperia.com\/blog\/wp-content\/uploads\/2026\/08\/kontrolle1-1024x570-1.jpg?fit=1024%2C570&ssl=1&resize=525%2C300 1.5x, https:\/\/i0.wp.com\/www.shqiperia.com\/blog\/wp-content\/uploads\/2026\/08\/kontrolle1-1024x570-1.jpg?fit=1024%2C570&ssl=1&resize=700%2C400 2x"},"classes":[]},{"id":103535,"url":"https:\/\/www.shqiperia.com\/blog\/zjarr-prane-xhamise-se-namazgjase-xhamia-e-re-ne-tirane-flaket-perfshijne-parkimin-nentokesor\/","url_meta":{"origin":82467,"position":1},"title":"Zjarr pran\u00eb Xhamis\u00eb s\u00eb Namazgjas\u00eb (Xhamia e Re) n\u00eb Tiran\u00eb! Flak\u00ebt p\u00ebrfshijn\u00eb parkimin n\u00ebntok\u00ebsor","author":"Kurt Farka","date":"July 31, 2026","format":false,"excerpt":"31 Korrik 2026 Nj\u00eb zjarr ka shkaktuar alarm pasditen e sotme n\u00eb nj\u00eb nga zonat qendrore t\u00eb Tiran\u00ebs. Flak\u00ebt jan\u00eb shfaqur pran\u00eb Xhamis\u00eb s\u00eb Namazgjas\u00eb, ku dyshohet se \u00ebsht\u00eb p\u00ebrfshir\u00eb nj\u00eb pjes\u00eb e nj\u00eb parkimi n\u00ebntok\u00ebsor. Sipas t\u00eb dh\u00ebnave paraprake, zjarri ka r\u00ebn\u00eb n\u00eb ambientet e parkimit pran\u00eb zon\u00ebs, nd\u00ebrsa\u2026","rel":"","context":"In &quot;Blogu i Udh\u00ebtarit&quot;","block_context":{"text":"Blogu i Udh\u00ebtarit","link":"https:\/\/www.shqiperia.com\/blog\/category\/blogu-i-udhetarit\/"},"img":{"alt_text":"","src":"https:\/\/i0.wp.com\/www.shqiperia.com\/blog\/wp-content\/uploads\/2026\/07\/640-0-iujhytg5r432-ezremove-1785510036.png?fit=640%2C380&ssl=1&resize=350%2C200","width":350,"height":200,"srcset":"https:\/\/i0.wp.com\/www.shqiperia.com\/blog\/wp-content\/uploads\/2026\/07\/640-0-iujhytg5r432-ezremove-1785510036.png?fit=640%2C380&ssl=1&resize=350%2C200 1x, https:\/\/i0.wp.com\/www.shqiperia.com\/blog\/wp-content\/uploads\/2026\/07\/640-0-iujhytg5r432-ezremove-1785510036.png?fit=640%2C380&ssl=1&resize=525%2C300 1.5x"},"classes":[]},{"id":100604,"url":"https:\/\/www.shqiperia.com\/blog\/termet-ne-elbasan-lekundjet-ndjehen-deri-ne-qytetin-e-durresit-dhe-rrethina\/","url_meta":{"origin":82467,"position":2},"title":"T\u00ebrmet n\u00eb Elbasan, l\u00ebkundjet ndjehen deri n\u00eb qytetin e Durr\u00ebsit dhe rrethina","author":"Kurt Farka","date":"May 23, 2026","format":false,"excerpt":"23 Maji 2026 Frik\u00eb n\u00eb qytetet e Elbasanit dhe t\u00eb Durr\u00ebsit, ku m\u00ebsohet se nj\u00eb t\u00ebrmet \u00ebsht\u00eb ndier n\u00eb k\u00ebto dy qytete dhe n\u00eb qytezat p\u00ebrreth Sipas t\u00eb dh\u00ebnave t\u00eb para, m\u00ebsohet se magnituda ka qen\u00eb rreth 4.0, teksa si epiqendra m\u00ebsohet t\u00eb jet\u00eb pran\u00eb Peqinit, me thell\u00ebsi rreth 5\u2026","rel":"","context":"In &quot;Blogu i Udh\u00ebtarit&quot;","block_context":{"text":"Blogu i Udh\u00ebtarit","link":"https:\/\/www.shqiperia.com\/blog\/category\/blogu-i-udhetarit\/"},"img":{"alt_text":"","src":"https:\/\/i0.wp.com\/www.shqiperia.com\/blog\/wp-content\/uploads\/2026\/05\/termet_sd.webp?fit=1200%2C675&ssl=1&resize=350%2C200","width":350,"height":200,"srcset":"https:\/\/i0.wp.com\/www.shqiperia.com\/blog\/wp-content\/uploads\/2026\/05\/termet_sd.webp?fit=1200%2C675&ssl=1&resize=350%2C200 1x, https:\/\/i0.wp.com\/www.shqiperia.com\/blog\/wp-content\/uploads\/2026\/05\/termet_sd.webp?fit=1200%2C675&ssl=1&resize=525%2C300 1.5x, https:\/\/i0.wp.com\/www.shqiperia.com\/blog\/wp-content\/uploads\/2026\/05\/termet_sd.webp?fit=1200%2C675&ssl=1&resize=700%2C400 2x, https:\/\/i0.wp.com\/www.shqiperia.com\/blog\/wp-content\/uploads\/2026\/05\/termet_sd.webp?fit=1200%2C675&ssl=1&resize=1050%2C600 3x"},"classes":[]},{"id":103330,"url":"https:\/\/www.shqiperia.com\/blog\/spak-kontrolle-ne-bashkine-e-tiranes-sekuestrohen-dokumente-per-dietat-dhe-udhetimet-zyrtare-te-veliajt\/","url_meta":{"origin":82467,"position":3},"title":"SPAK kontrolle n\u00eb Bashkin\u00eb e Tiran\u00ebs, sekuestrohen dokumente p\u00ebr dietat dhe udh\u00ebtimet zyrtare t\u00eb Veliajt","author":"Kurt Farka","date":"July 28, 2026","format":false,"excerpt":"28 Korrik 2026 Prokuroria e Posa\u00e7me (SPAK) ka zhvilluar kontrolle n\u00eb ambientet e Bashkis\u00eb s\u00eb Tiran\u00ebs, n\u00eb kuad\u00ebr t\u00eb hetimeve p\u00ebr dosjen e njohur si \u201cVeliaj 2\u201d. Gazetarja Klodiana Lala tha p\u00ebr mediat se nga ana e SPAK jan\u00eb kryer kontrolle, por edhe sekuestrime n\u00eb Bashkin\u00eb e Tiran\u00ebs. Sipas burimeve,\u2026","rel":"","context":"In &quot;Blogu i Udh\u00ebtarit&quot;","block_context":{"text":"Blogu i Udh\u00ebtarit","link":"https:\/\/www.shqiperia.com\/blog\/category\/blogu-i-udhetarit\/"},"img":{"alt_text":"","src":"https:\/\/i0.wp.com\/www.shqiperia.com\/blog\/wp-content\/uploads\/2026\/07\/Erion-Veliaj.jpg?fit=924%2C630&ssl=1&resize=350%2C200","width":350,"height":200,"srcset":"https:\/\/i0.wp.com\/www.shqiperia.com\/blog\/wp-content\/uploads\/2026\/07\/Erion-Veliaj.jpg?fit=924%2C630&ssl=1&resize=350%2C200 1x, https:\/\/i0.wp.com\/www.shqiperia.com\/blog\/wp-content\/uploads\/2026\/07\/Erion-Veliaj.jpg?fit=924%2C630&ssl=1&resize=525%2C300 1.5x, https:\/\/i0.wp.com\/www.shqiperia.com\/blog\/wp-content\/uploads\/2026\/07\/Erion-Veliaj.jpg?fit=924%2C630&ssl=1&resize=700%2C400 2x"},"classes":[]},{"id":103601,"url":"https:\/\/www.shqiperia.com\/blog\/kardinali-ernest-troshani-ne-ish-burgun-e-spacit-98-vjecari-vizitoi-ambientet-ku-ka-qene-i-burgosur\/","url_meta":{"origin":82467,"position":4},"title":"Kardinali Ernest Troshani n\u00eb ish-burgun e Spa\u00e7it, 98-vje\u00e7ari vizitoi ambientet ku ka qen\u00eb i burgosur","author":"Kurt Farka","date":"August 1, 2026","format":false,"excerpt":"1 Gusht 2026 Ish-burgu\u00a0 i Spacit n\u00eb Mirdit\u00eb u kthye t\u00eb premten n\u00eb nj\u00eb vend pelegrinazhi dhe kujtese. Pas dekadash, aty ku vuajti 12 vite burg gjat\u00eb regjimit komunist, u rikthye eminenca e tij Kardinal Ernest Troshani. 98 vjecari vizitoi fillimisht ambientet ku ishte mbajtur i burgosur dhe u ndal\u2026","rel":"","context":"In &quot;Blogu i Udh\u00ebtarit&quot;","block_context":{"text":"Blogu i Udh\u00ebtarit","link":"https:\/\/www.shqiperia.com\/blog\/category\/blogu-i-udhetarit\/"},"img":{"alt_text":"","src":"https:\/\/i0.wp.com\/www.shqiperia.com\/blog\/wp-content\/uploads\/2026\/08\/600-388-8b5476e40eef1eadc5222b5cdf01bba7.jpg?fit=600%2C388&ssl=1&resize=350%2C200","width":350,"height":200,"srcset":"https:\/\/i0.wp.com\/www.shqiperia.com\/blog\/wp-content\/uploads\/2026\/08\/600-388-8b5476e40eef1eadc5222b5cdf01bba7.jpg?fit=600%2C388&ssl=1&resize=350%2C200 1x, https:\/\/i0.wp.com\/www.shqiperia.com\/blog\/wp-content\/uploads\/2026\/08\/600-388-8b5476e40eef1eadc5222b5cdf01bba7.jpg?fit=600%2C388&ssl=1&resize=525%2C300 1.5x"},"classes":[]},{"id":105544,"url":"https:\/\/www.shqiperia.com\/blog\/ja-si-ndryshoi-kurs-edi-rama-pas-ultimatumit-te-alex-soros-per-te-shuar-luften-kunder-erion-veliajt\/","url_meta":{"origin":82467,"position":5},"title":"Ja si ndryshoi kurs Edi Rama pas ultimatumit t\u00eb Alex Soros p\u00ebr t\u00eb shuar luft\u00ebn kund\u00ebr Erion Veliajt","author":"Kurt Farka","date":"August 31, 2026","format":false,"excerpt":"31 Gusht 2026 Vet\u00ebm 24 or\u00eb pasi kryebashkiaku Erion Veliaj vendosi t\u00eb l\u00ebr\u00eb pa kompetenca Anuela Ristanin, e cila drejtonte p\u00ebrkoh\u00ebsisht Bashkin\u00eb e Tiran\u00ebs, ka reaguar edhe kryeministri Edi Rama (Kryeministria). Kjo l\u00ebvizje vjen pas dark\u00ebs sekrete q\u00eb kryeministri Rama zhvilloi pak dit\u00eb m\u00eb par\u00eb n\u00eb Dh\u00ebrmi me Alex Soros,\u2026","rel":"","context":"In &quot;Blogu i Udh\u00ebtarit&quot;","block_context":{"text":"Blogu i Udh\u00ebtarit","link":"https:\/\/www.shqiperia.com\/blog\/category\/blogu-i-udhetarit\/"},"img":{"alt_text":"","src":"https:\/\/i0.wp.com\/www.shqiperia.com\/blog\/wp-content\/uploads\/2026\/08\/Edi-Rama-Erion-Veliaji.jpg?fit=1200%2C700&ssl=1&resize=350%2C200","width":350,"height":200,"srcset":"https:\/\/i0.wp.com\/www.shqiperia.com\/blog\/wp-content\/uploads\/2026\/08\/Edi-Rama-Erion-Veliaji.jpg?fit=1200%2C700&ssl=1&resize=350%2C200 1x, https:\/\/i0.wp.com\/www.shqiperia.com\/blog\/wp-content\/uploads\/2026\/08\/Edi-Rama-Erion-Veliaji.jpg?fit=1200%2C700&ssl=1&resize=525%2C300 1.5x, https:\/\/i0.wp.com\/www.shqiperia.com\/blog\/wp-content\/uploads\/2026\/08\/Edi-Rama-Erion-Veliaji.jpg?fit=1200%2C700&ssl=1&resize=700%2C400 2x, https:\/\/i0.wp.com\/www.shqiperia.com\/blog\/wp-content\/uploads\/2026\/08\/Edi-Rama-Erion-Veliaji.jpg?fit=1200%2C700&ssl=1&resize=1050%2C600 3x"},"classes":[]}],"_links":{"self":[{"href":"https:\/\/www.shqiperia.com\/blog\/wp-json\/wp\/v2\/posts\/82467","targetHints":{"allow":["GET"]}}],"collection":[{"href":"https:\/\/www.shqiperia.com\/blog\/wp-json\/wp\/v2\/posts"}],"about":[{"href":"https:\/\/www.shqiperia.com\/blog\/wp-json\/wp\/v2\/types\/post"}],"author":[{"embeddable":true,"href":"https:\/\/www.shqiperia.com\/blog\/wp-json\/wp\/v2\/users\/9"}],"replies":[{"embeddable":true,"href":"https:\/\/www.shqiperia.com\/blog\/wp-json\/wp\/v2\/comments?post=82467"}],"version-history":[{"count":1,"href":"https:\/\/www.shqiperia.com\/blog\/wp-json\/wp\/v2\/posts\/82467\/revisions"}],"predecessor-version":[{"id":82470,"href":"https:\/\/www.shqiperia.com\/blog\/wp-json\/wp\/v2\/posts\/82467\/revisions\/82470"}],"wp:featuredmedia":[{"embeddable":true,"href":"https:\/\/www.shqiperia.com\/blog\/wp-json\/wp\/v2\/media\/82469"}],"wp:attachment":[{"href":"https:\/\/www.shqiperia.com\/blog\/wp-json\/wp\/v2\/media?parent=82467"}],"wp:term":[{"taxonomy":"category","embeddable":true,"href":"https:\/\/www.shqiperia.com\/blog\/wp-json\/wp\/v2\/categories?post=82467"},{"taxonomy":"post_tag","embeddable":true,"href":"https:\/\/www.shqiperia.com\/blog\/wp-json\/wp\/v2\/tags?post=82467"}],"curies":[{"name":"wp","href":"https:\/\/api.w.org\/{rel}","templated":true}]}}