{"id":82464,"date":"2024-07-04T23:31:45","date_gmt":"2024-07-04T23:31:45","guid":{"rendered":"https:\/\/www.shqiperia.com\/blog\/?p=82464"},"modified":"2024-07-04T23:31:45","modified_gmt":"2024-07-04T23:31:45","slug":"shqetesimet-per-moshen-biden-merr-masa-presidenti-anulon-eventet-pas-ores-2000-per-te-fjetur-me-shume","status":"publish","type":"post","link":"https:\/\/www.shqiperia.com\/blog\/shqetesimet-per-moshen-biden-merr-masa-presidenti-anulon-eventet-pas-ores-2000-per-te-fjetur-me-shume\/","title":{"rendered":"Shqet\u00ebsimet p\u00ebr mosh\u00ebn\/ Biden merr masa, Presidenti anulon eventet pas or\u00ebs 20:00 p\u00ebr t\u00eb fjetur m\u00eb shum\u00eb"},"content":{"rendered":"<p><img data-recalc-dims=\"1\" loading=\"lazy\" decoding=\"async\" data-attachment-id=\"82465\" data-permalink=\"https:\/\/www.shqiperia.com\/blog\/shqetesimet-per-moshen-biden-merr-masa-presidenti-anulon-eventet-pas-ores-2000-per-te-fjetur-me-shume\/c-gettyimages-2159045589-770x433\/\" data-orig-file=\"https:\/\/i0.wp.com\/www.shqiperia.com\/blog\/wp-content\/uploads\/2024\/07\/c-gettyimages-2159045589-770x433-1.jpg?fit=654%2C433&amp;ssl=1\" data-orig-size=\"654,433\" data-comments-opened=\"1\" data-image-meta=\"{&quot;aperture&quot;:&quot;0&quot;,&quot;credit&quot;:&quot;&quot;,&quot;camera&quot;:&quot;&quot;,&quot;caption&quot;:&quot;&quot;,&quot;created_timestamp&quot;:&quot;0&quot;,&quot;copyright&quot;:&quot;&quot;,&quot;focal_length&quot;:&quot;0&quot;,&quot;iso&quot;:&quot;0&quot;,&quot;shutter_speed&quot;:&quot;0&quot;,&quot;title&quot;:&quot;&quot;,&quot;orientation&quot;:&quot;0&quot;}\" data-image-title=\"c-gettyimages-2159045589-770&#215;433\" data-image-description=\"\" data-image-caption=\"\" data-medium-file=\"https:\/\/i0.wp.com\/www.shqiperia.com\/blog\/wp-content\/uploads\/2024\/07\/c-gettyimages-2159045589-770x433-1.jpg?fit=300%2C199&amp;ssl=1\" data-large-file=\"https:\/\/i0.wp.com\/www.shqiperia.com\/blog\/wp-content\/uploads\/2024\/07\/c-gettyimages-2159045589-770x433-1.jpg?fit=654%2C433&amp;ssl=1\" class=\"alignnone  wp-image-82465\" alt=\"\" src=\"https:\/\/i0.wp.com\/www.shqiperia.com\/blog\/wp-content\/uploads\/2024\/07\/c-gettyimages-2159045589-770x433-1.jpg?resize=623%2C413&#038;ssl=1\" width=\"623\" height=\"413\" srcset=\"https:\/\/i0.wp.com\/www.shqiperia.com\/blog\/wp-content\/uploads\/2024\/07\/c-gettyimages-2159045589-770x433-1.jpg?resize=300%2C199&amp;ssl=1 300w, https:\/\/i0.wp.com\/www.shqiperia.com\/blog\/wp-content\/uploads\/2024\/07\/c-gettyimages-2159045589-770x433-1.jpg?resize=450%2C298&amp;ssl=1 450w, https:\/\/i0.wp.com\/www.shqiperia.com\/blog\/wp-content\/uploads\/2024\/07\/c-gettyimages-2159045589-770x433-1.jpg?resize=600%2C397&amp;ssl=1 600w, https:\/\/i0.wp.com\/www.shqiperia.com\/blog\/wp-content\/uploads\/2024\/07\/c-gettyimages-2159045589-770x433-1.jpg?resize=400%2C265&amp;ssl=1 400w, https:\/\/i0.wp.com\/www.shqiperia.com\/blog\/wp-content\/uploads\/2024\/07\/c-gettyimages-2159045589-770x433-1.jpg?w=654&amp;ssl=1 654w\" sizes=\"auto, (max-width: 623px) 100vw, 623px\" \/><\/p>\n<p>5 Korrik 2024<\/p>\n<p>Presidenti amerikan Joe Biden u tha guvernator\u00ebve demokrat\u00eb gjat\u00eb nj\u00eb takimi n\u00eb Sht\u00ebpin\u00eb e Bardh\u00eb sot se nj\u00eb pjes\u00eb e planit t\u00eb tij n\u00eb vazhdim \u00ebsht\u00eb t\u00eb ndaloj\u00eb planifikimin e eventeve pas or\u00ebs 20:00, n\u00eb m\u00ebnyr\u00eb q\u00eb t\u00eb mund t\u00eb flej\u00eb m\u00eb shum\u00eb, sipas asaj q\u00eb raporton CNN.<\/p>\n<p>Njoftimi, i raportuar p\u00ebr her\u00eb t\u00eb par\u00eb nga The New York Times, erdhi pasi 81-vje\u00e7ari Biden u p\u00ebrpoq t\u00eb siguronte nj\u00eb grup prej m\u00eb shum\u00eb se 20 lider\u00ebsh shtet\u00ebror\u00eb demorkat\u00eb p\u00ebr aft\u00ebsin\u00eb e tij p\u00ebr t\u00eb mposhtur ish-presidentin Donald Trump n\u00eb n\u00ebntor dhe p\u00ebr t\u00eb qeverisur n\u00eb m\u00ebnyr\u00eb efektive p\u00ebr kat\u00ebr vite t\u00eb tjera.<\/p>\n<p>Komenti la disa nga guvernator\u00ebt n\u00eb dhom\u00eb t\u00eb irrituar, than\u00eb burimet p\u00ebr CNN.<\/p>\n<p>Sakaq, Sht\u00ebpia e Bardh\u00eb dhe kampi i Biden nuk kan\u00eb komentuar n\u00eb lidhje me at\u00eb q\u00eb tha presidenti n\u00eb takimin e zhvilluar.<\/p>\n<div class=\"\" id=\"MDA34416\" data-adid=\"mdabalkanweb121885\" data-netid=\"137356148\" data-sizes=\"300x250\" data-google-query-id=\"CN-U8uLEjocDFTnbEQgdhHANNQ\"><\/div>\n<div><a target=\"_blank\" href=\"https:\/\/www.facebook.com\/groups\/709747609433811\/\" rel=\"noopener noreferrer\"> Balkanweb<\/a><\/div>\n","protected":false},"excerpt":{"rendered":"<p>5 Korrik 2024 Presidenti amerikan Joe Biden u tha guvernator\u00ebve demokrat\u00eb gjat\u00eb nj\u00eb takimi n\u00eb Sht\u00ebpin\u00eb e Bardh\u00eb sot se nj\u00eb pjes\u00eb e planit t\u00eb tij n\u00eb vazhdim \u00ebsht\u00eb t\u00eb ndaloj\u00eb planifikimin e eventeve pas or\u00ebs 20:00, n\u00eb m\u00ebnyr\u00eb q\u00eb t\u00eb mund t\u00eb flej\u00eb m\u00eb shum\u00eb, sipas asaj q\u00eb raporton CNN. Njoftimi, i raportuar p\u00ebr [&hellip;]<\/p>\n","protected":false},"author":9,"featured_media":82465,"comment_status":"open","ping_status":"open","sticky":false,"template":"","format":"standard","meta":{"jetpack_post_was_ever_published":false,"_jetpack_newsletter_access":"","_jetpack_dont_email_post_to_subs":false,"_jetpack_newsletter_tier_id":0,"_jetpack_memberships_contains_paywalled_content":false,"_jetpack_memberships_contains_paid_content":false,"footnotes":"","jetpack_publicize_message":"","jetpack_publicize_feature_enabled":true,"jetpack_social_post_already_shared":true,"jetpack_social_options":{"image_generator_settings":{"template":"highway","default_image_id":0,"font":"","enabled":false},"version":2}},"categories":[27,1,2],"tags":[],"class_list":["post-82464","post","type-post","status-publish","format-standard","has-post-thumbnail","hentry","category-blogu-i-udhetarit","category-njoftime-shtypi","category-politika"],"jetpack_publicize_connections":[],"jetpack_featured_media_url":"https:\/\/i0.wp.com\/www.shqiperia.com\/blog\/wp-content\/uploads\/2024\/07\/c-gettyimages-2159045589-770x433-1.jpg?fit=654%2C433&ssl=1","jetpack_sharing_enabled":true,"jetpack_shortlink":"https:\/\/wp.me\/p5Z6wp-ls4","jetpack-related-posts":[{"id":100428,"url":"https:\/\/www.shqiperia.com\/blog\/financial-times-zbardh-diskutimet-mes-trump-dhe-xi-jinping-putin-mund-te-pendohet-per-pushtimin-e-ukraines\/","url_meta":{"origin":82464,"position":0},"title":"Financial Times zbardh diskutimet mes Trump dhe Xi Jinping: &#8211; Putin mund t\u00eb pendohet p\u00ebr pushtimin e Ukrain\u00ebs","author":"Kurt Farka","date":"May 19, 2026","format":false,"excerpt":"19 Maji 2026 Sipas disa personave t\u00eb njohur me vler\u00ebsimin e SHBA-s\u00eb p\u00ebr samitin e Pekinit dhe t\u00eb cituar nga Financial Times, Xi i b\u00ebri komentet gjat\u00eb bisedimeve t\u00eb gjera q\u00eb p\u00ebrfshinin edhe Ukrain\u00ebn dhe n\u00eb t\u00eb cilat Trump sugjeroi q\u00eb t\u00eb tre udh\u00ebheq\u00ebsit t\u00eb bashk\u00ebpunojn\u00eb kund\u00ebr Gjykat\u00ebs Nd\u00ebrkomb\u00ebtare Penale\u2026","rel":"","context":"In &quot;Blogu i Udh\u00ebtarit&quot;","block_context":{"text":"Blogu i Udh\u00ebtarit","link":"https:\/\/www.shqiperia.com\/blog\/category\/blogu-i-udhetarit\/"},"img":{"alt_text":"","src":"https:\/\/i0.wp.com\/www.shqiperia.com\/blog\/wp-content\/uploads\/2026\/05\/xi-jinping-trump.jpg?fit=532%2C299&ssl=1&resize=350%2C200","width":350,"height":200,"srcset":"https:\/\/i0.wp.com\/www.shqiperia.com\/blog\/wp-content\/uploads\/2026\/05\/xi-jinping-trump.jpg?fit=532%2C299&ssl=1&resize=350%2C200 1x, https:\/\/i0.wp.com\/www.shqiperia.com\/blog\/wp-content\/uploads\/2026\/05\/xi-jinping-trump.jpg?fit=532%2C299&ssl=1&resize=525%2C300 1.5x"},"classes":[]},{"id":102508,"url":"https:\/\/www.shqiperia.com\/blog\/ambasadori-i-osbe-se-e-drejta-per-proteste-duhet-te-respektohet\/","url_meta":{"origin":82464,"position":1},"title":"Ambasadori i OSBE-s\u00eb: &#8211; E drejta p\u00ebr protest\u00eb duhet t\u00eb respektohet","author":"Kurt Farka","date":"July 11, 2026","format":false,"excerpt":"11 Korrik 2026 Ambasadori i OSBE-s\u00eb n\u00eb Shqip\u00ebri, Michel Tarran, gjat\u00eb nj\u00eb deklarate p\u00ebr mediat nga Kor\u00e7a, u ndal te e drejta e qytetar\u00ebve p\u00ebr t\u00eb protestuar, n\u00eb kuad\u00ebr t\u00eb tubimeve q\u00eb ndodhin n\u00eb Tiran\u00eb prej 41 dit\u00ebsh, klima politike n\u00eb vend dhe nevoja p\u00ebr forcimin e dialogut mes pal\u00ebve\u2026","rel":"","context":"In &quot;Blogu i Udh\u00ebtarit&quot;","block_context":{"text":"Blogu i Udh\u00ebtarit","link":"https:\/\/www.shqiperia.com\/blog\/category\/blogu-i-udhetarit\/"},"img":{"alt_text":"","src":"https:\/\/i0.wp.com\/www.shqiperia.com\/blog\/wp-content\/uploads\/2026\/07\/tarran_sd.webp?fit=1200%2C675&ssl=1&resize=350%2C200","width":350,"height":200,"srcset":"https:\/\/i0.wp.com\/www.shqiperia.com\/blog\/wp-content\/uploads\/2026\/07\/tarran_sd.webp?fit=1200%2C675&ssl=1&resize=350%2C200 1x, https:\/\/i0.wp.com\/www.shqiperia.com\/blog\/wp-content\/uploads\/2026\/07\/tarran_sd.webp?fit=1200%2C675&ssl=1&resize=525%2C300 1.5x, https:\/\/i0.wp.com\/www.shqiperia.com\/blog\/wp-content\/uploads\/2026\/07\/tarran_sd.webp?fit=1200%2C675&ssl=1&resize=700%2C400 2x, https:\/\/i0.wp.com\/www.shqiperia.com\/blog\/wp-content\/uploads\/2026\/07\/tarran_sd.webp?fit=1200%2C675&ssl=1&resize=1050%2C600 3x"},"classes":[]},{"id":100904,"url":"https:\/\/www.shqiperia.com\/blog\/zverneci-si-pasqyre-e-kryeministrit\/","url_meta":{"origin":82464,"position":2},"title":"Zv\u00ebrneci si pasqyr\u00eb e Kryeministrit","author":"Kurt Farka","date":"June 2, 2026","format":false,"excerpt":"2 Maji 2026 Nga Fatos Tarifa \u00c7far\u00eb d\u00ebshmojn\u00eb protestat qytetare t\u00eb dy dit\u00ebve t\u00eb fundit? Ato d\u00ebshmojn\u00eb se ju, z, kryeminist\u00ebr: (1) Nuk mund t\u00eb b\u00ebni m\u00eb si\u00e7 doni me k\u00ebt\u00eb vend, nuk jeni \u00e7ifligari i tij; (2) Keni humbur besimin e qytetar\u00ebve, edhe t\u00eb shum\u00eb prej atyre q\u00eb kan\u00eb\u2026","rel":"","context":"In &quot;Kultura&quot;","block_context":{"text":"Kultura","link":"https:\/\/www.shqiperia.com\/blog\/category\/kultura\/"},"img":{"alt_text":"","src":"https:\/\/i0.wp.com\/www.shqiperia.com\/blog\/wp-content\/uploads\/2026\/06\/708926296_1289605539909779_7190086322577115266_n.jpg?fit=1200%2C675&ssl=1&resize=350%2C200","width":350,"height":200,"srcset":"https:\/\/i0.wp.com\/www.shqiperia.com\/blog\/wp-content\/uploads\/2026\/06\/708926296_1289605539909779_7190086322577115266_n.jpg?fit=1200%2C675&ssl=1&resize=350%2C200 1x, https:\/\/i0.wp.com\/www.shqiperia.com\/blog\/wp-content\/uploads\/2026\/06\/708926296_1289605539909779_7190086322577115266_n.jpg?fit=1200%2C675&ssl=1&resize=525%2C300 1.5x, https:\/\/i0.wp.com\/www.shqiperia.com\/blog\/wp-content\/uploads\/2026\/06\/708926296_1289605539909779_7190086322577115266_n.jpg?fit=1200%2C675&ssl=1&resize=700%2C400 2x, https:\/\/i0.wp.com\/www.shqiperia.com\/blog\/wp-content\/uploads\/2026\/06\/708926296_1289605539909779_7190086322577115266_n.jpg?fit=1200%2C675&ssl=1&resize=1050%2C600 3x"},"classes":[]},{"id":101679,"url":"https:\/\/www.shqiperia.com\/blog\/edi-rama-kerkon-te-terheqe-shba-ne-luften-ndaj-protestuesve-duke-e-konsideruar-levizjen-anti-trumpiste-ja\/","url_meta":{"origin":82464,"position":3},"title":"Edi Rama k\u00ebrkon t\u00eb t\u00ebrheq\u00eb SHBA n\u00eb \u201cluft\u00ebn\u201d ndaj protestuesve duke e konsideruar l\u00ebvizjen anti-Trumpiste, ja\u2026","author":"Kurt Farka","date":"June 21, 2026","format":false,"excerpt":"Kryeministri Edi Rama po tenton me \u00e7do kusht t\u00eb manipuloj\u00eb opinionin publik nd\u00ebrkomb\u00ebtar, duke i m\u00ebshuar fort faktit se protestat masive q\u00eb kan\u00eb mb\u00ebrthyer Shqip\u00ebrin\u00eb prej m\u00eb shum\u00eb se dy jav\u00ebsh jan\u00eb n\u00eb t\u00eb v\u00ebrtet\u00eb nj\u00eb l\u00ebvizje e organizuar kund\u00ebr Presidentit t\u00eb SHBA-ve, Donald Trump, dhe investimeve t\u00eb dh\u00ebndrit t\u00eb\u2026","rel":"","context":"In &quot;Blogu i Udh\u00ebtarit&quot;","block_context":{"text":"Blogu i Udh\u00ebtarit","link":"https:\/\/www.shqiperia.com\/blog\/category\/blogu-i-udhetarit\/"},"img":{"alt_text":"","src":"https:\/\/i0.wp.com\/www.shqiperia.com\/blog\/wp-content\/uploads\/2026\/06\/foto-6-6-750x375-1.jpg?fit=750%2C375&ssl=1&resize=350%2C200","width":350,"height":200,"srcset":"https:\/\/i0.wp.com\/www.shqiperia.com\/blog\/wp-content\/uploads\/2026\/06\/foto-6-6-750x375-1.jpg?fit=750%2C375&ssl=1&resize=350%2C200 1x, https:\/\/i0.wp.com\/www.shqiperia.com\/blog\/wp-content\/uploads\/2026\/06\/foto-6-6-750x375-1.jpg?fit=750%2C375&ssl=1&resize=525%2C300 1.5x, https:\/\/i0.wp.com\/www.shqiperia.com\/blog\/wp-content\/uploads\/2026\/06\/foto-6-6-750x375-1.jpg?fit=750%2C375&ssl=1&resize=700%2C400 2x"},"classes":[]},{"id":102755,"url":"https:\/\/www.shqiperia.com\/blog\/rama-po-shkaterron-marredheniet-me-nato-n-media-amerikane-sjellja-e-tij-ishte-tronditese-dhe-e-cuditshme\/","url_meta":{"origin":82464,"position":4},"title":"Rama po shkat\u00ebrron marr\u00ebdh\u00ebniet me NATO-n\/ Media amerikane: &#8211; Sjellja e tij ishte trondit\u00ebse dhe e \u00e7uditshme","author":"Kurt Farka","date":"July 16, 2026","format":false,"excerpt":"16 Korrik 2026 Shqip\u00ebria rrezikon q\u00eb t\u00eb mos e organizoj\u00eb samitin e radh\u00ebs s\u00eb NATO-s. Arsyeja kryesore \u00ebsht\u00eb vet\u00eb Edi Rama, i cili jo vet\u00ebm q\u00eb nuk p\u00ebrmbush kushtet e NATO-s, por shfaqi nj\u00eb sjellje trondit\u00ebse n\u00eb samitin e fundit t\u00eb NATO-s n\u00eb Ankara. K\u00ebshtu shkruan media e njohur amerikane,\u2026","rel":"","context":"In &quot;Blogu i Udh\u00ebtarit&quot;","block_context":{"text":"Blogu i Udh\u00ebtarit","link":"https:\/\/www.shqiperia.com\/blog\/category\/blogu-i-udhetarit\/"},"img":{"alt_text":"","src":"https:\/\/i0.wp.com\/www.shqiperia.com\/blog\/wp-content\/uploads\/2026\/07\/auto_Screenshot_3-41784187856.png?fit=900%2C570&ssl=1&resize=350%2C200","width":350,"height":200,"srcset":"https:\/\/i0.wp.com\/www.shqiperia.com\/blog\/wp-content\/uploads\/2026\/07\/auto_Screenshot_3-41784187856.png?fit=900%2C570&ssl=1&resize=350%2C200 1x, https:\/\/i0.wp.com\/www.shqiperia.com\/blog\/wp-content\/uploads\/2026\/07\/auto_Screenshot_3-41784187856.png?fit=900%2C570&ssl=1&resize=525%2C300 1.5x, https:\/\/i0.wp.com\/www.shqiperia.com\/blog\/wp-content\/uploads\/2026\/07\/auto_Screenshot_3-41784187856.png?fit=900%2C570&ssl=1&resize=700%2C400 2x"},"classes":[]},{"id":103039,"url":"https:\/\/www.shqiperia.com\/blog\/a-ka-ekzistuar-vertet-homeri-misteri-qe-historianet-vazhdojne-te-debatojne\/","url_meta":{"origin":82464,"position":5},"title":"A ka ekzistuar v\u00ebrtet Homeri? Misteri q\u00eb historian\u00ebt vazhdojn\u00eb t\u00eb debatojn\u00eb","author":"Kurt Farka","date":"July 21, 2026","format":false,"excerpt":"21 Korrik 2026 N\u00ebse pyesni se kush i shkroi Iliad\u00ebn ose Odisen\u00eb, kushdo q\u00eb ka njohuri p\u00ebr let\u00ebrsin\u00eb (ose \u00ebsht\u00eb i zoti n\u00eb loj\u00ebrat me pyetje) pa dyshim do t'ju thot\u00eb se autori ishte Homeri. Madje mund t'ju tregojn\u00eb se Homeri ishte nj\u00eb poet i Greqis\u00eb s\u00eb Lasht\u00eb, ndoshta me\u2026","rel":"","context":"In &quot;Histori&quot;","block_context":{"text":"Histori","link":"https:\/\/www.shqiperia.com\/blog\/category\/histori\/"},"img":{"alt_text":"","src":"https:\/\/i0.wp.com\/www.shqiperia.com\/blog\/wp-content\/uploads\/2026\/07\/homer-author-of-the-iliad-and-the-odyssey-considered-to-be-the-first-poet-of-the-occident-woodcut-from-1880-RD6WMC.jpg?fit=1150%2C1200&ssl=1&resize=350%2C200","width":350,"height":200,"srcset":"https:\/\/i0.wp.com\/www.shqiperia.com\/blog\/wp-content\/uploads\/2026\/07\/homer-author-of-the-iliad-and-the-odyssey-considered-to-be-the-first-poet-of-the-occident-woodcut-from-1880-RD6WMC.jpg?fit=1150%2C1200&ssl=1&resize=350%2C200 1x, https:\/\/i0.wp.com\/www.shqiperia.com\/blog\/wp-content\/uploads\/2026\/07\/homer-author-of-the-iliad-and-the-odyssey-considered-to-be-the-first-poet-of-the-occident-woodcut-from-1880-RD6WMC.jpg?fit=1150%2C1200&ssl=1&resize=525%2C300 1.5x, https:\/\/i0.wp.com\/www.shqiperia.com\/blog\/wp-content\/uploads\/2026\/07\/homer-author-of-the-iliad-and-the-odyssey-considered-to-be-the-first-poet-of-the-occident-woodcut-from-1880-RD6WMC.jpg?fit=1150%2C1200&ssl=1&resize=700%2C400 2x, https:\/\/i0.wp.com\/www.shqiperia.com\/blog\/wp-content\/uploads\/2026\/07\/homer-author-of-the-iliad-and-the-odyssey-considered-to-be-the-first-poet-of-the-occident-woodcut-from-1880-RD6WMC.jpg?fit=1150%2C1200&ssl=1&resize=1050%2C600 3x"},"classes":[]}],"_links":{"self":[{"href":"https:\/\/www.shqiperia.com\/blog\/wp-json\/wp\/v2\/posts\/82464","targetHints":{"allow":["GET"]}}],"collection":[{"href":"https:\/\/www.shqiperia.com\/blog\/wp-json\/wp\/v2\/posts"}],"about":[{"href":"https:\/\/www.shqiperia.com\/blog\/wp-json\/wp\/v2\/types\/post"}],"author":[{"embeddable":true,"href":"https:\/\/www.shqiperia.com\/blog\/wp-json\/wp\/v2\/users\/9"}],"replies":[{"embeddable":true,"href":"https:\/\/www.shqiperia.com\/blog\/wp-json\/wp\/v2\/comments?post=82464"}],"version-history":[{"count":1,"href":"https:\/\/www.shqiperia.com\/blog\/wp-json\/wp\/v2\/posts\/82464\/revisions"}],"predecessor-version":[{"id":82466,"href":"https:\/\/www.shqiperia.com\/blog\/wp-json\/wp\/v2\/posts\/82464\/revisions\/82466"}],"wp:featuredmedia":[{"embeddable":true,"href":"https:\/\/www.shqiperia.com\/blog\/wp-json\/wp\/v2\/media\/82465"}],"wp:attachment":[{"href":"https:\/\/www.shqiperia.com\/blog\/wp-json\/wp\/v2\/media?parent=82464"}],"wp:term":[{"taxonomy":"category","embeddable":true,"href":"https:\/\/www.shqiperia.com\/blog\/wp-json\/wp\/v2\/categories?post=82464"},{"taxonomy":"post_tag","embeddable":true,"href":"https:\/\/www.shqiperia.com\/blog\/wp-json\/wp\/v2\/tags?post=82464"}],"curies":[{"name":"wp","href":"https:\/\/api.w.org\/{rel}","templated":true}]}}