{"id":82155,"date":"2024-06-25T07:54:49","date_gmt":"2024-06-25T07:54:49","guid":{"rendered":"https:\/\/www.shqiperia.com\/blog\/?p=82155"},"modified":"2024-06-25T07:54:49","modified_gmt":"2024-06-25T07:54:49","slug":"u-shisnin-ilacet-e-kimioterapise-spitaleve-private-8-punonjes-te-onkologjikut-perfundojne-ne-pranga","status":"publish","type":"post","link":"https:\/\/www.shqiperia.com\/blog\/u-shisnin-ilacet-e-kimioterapise-spitaleve-private-8-punonjes-te-onkologjikut-perfundojne-ne-pranga\/","title":{"rendered":"U shisnin ila\u00e7et e kimioterapis\u00eb spitaleve private, 8 punonjes t\u00eb Onkologjikut p\u00ebrfundojn\u00eb n\u00eb pranga"},"content":{"rendered":"<p><img data-recalc-dims=\"1\" loading=\"lazy\" decoding=\"async\" data-attachment-id=\"82156\" data-permalink=\"https:\/\/www.shqiperia.com\/blog\/u-shisnin-ilacet-e-kimioterapise-spitaleve-private-8-punonjes-te-onkologjikut-perfundojne-ne-pranga\/800-0-667a7629c824a\/\" data-orig-file=\"https:\/\/i0.wp.com\/www.shqiperia.com\/blog\/wp-content\/uploads\/2024\/06\/800-0-667a7629c824a.jpg?fit=800%2C408&amp;ssl=1\" data-orig-size=\"800,408\" data-comments-opened=\"1\" data-image-meta=\"{&quot;aperture&quot;:&quot;0&quot;,&quot;credit&quot;:&quot;&quot;,&quot;camera&quot;:&quot;&quot;,&quot;caption&quot;:&quot;&quot;,&quot;created_timestamp&quot;:&quot;0&quot;,&quot;copyright&quot;:&quot;&quot;,&quot;focal_length&quot;:&quot;0&quot;,&quot;iso&quot;:&quot;0&quot;,&quot;shutter_speed&quot;:&quot;0&quot;,&quot;title&quot;:&quot;&quot;,&quot;orientation&quot;:&quot;0&quot;}\" data-image-title=\"-800-0-667a7629c824a\" data-image-description=\"\" data-image-caption=\"\" data-medium-file=\"https:\/\/i0.wp.com\/www.shqiperia.com\/blog\/wp-content\/uploads\/2024\/06\/800-0-667a7629c824a.jpg?fit=300%2C153&amp;ssl=1\" data-large-file=\"https:\/\/i0.wp.com\/www.shqiperia.com\/blog\/wp-content\/uploads\/2024\/06\/800-0-667a7629c824a.jpg?fit=800%2C408&amp;ssl=1\" class=\"alignnone  wp-image-82156\" alt=\"\" src=\"https:\/\/i0.wp.com\/www.shqiperia.com\/blog\/wp-content\/uploads\/2024\/06\/800-0-667a7629c824a.jpg?resize=731%2C373&#038;ssl=1\" width=\"731\" height=\"373\" srcset=\"https:\/\/i0.wp.com\/www.shqiperia.com\/blog\/wp-content\/uploads\/2024\/06\/800-0-667a7629c824a.jpg?resize=300%2C153&amp;ssl=1 300w, https:\/\/i0.wp.com\/www.shqiperia.com\/blog\/wp-content\/uploads\/2024\/06\/800-0-667a7629c824a.jpg?resize=768%2C392&amp;ssl=1 768w, https:\/\/i0.wp.com\/www.shqiperia.com\/blog\/wp-content\/uploads\/2024\/06\/800-0-667a7629c824a.jpg?resize=450%2C230&amp;ssl=1 450w, https:\/\/i0.wp.com\/www.shqiperia.com\/blog\/wp-content\/uploads\/2024\/06\/800-0-667a7629c824a.jpg?resize=600%2C306&amp;ssl=1 600w, https:\/\/i0.wp.com\/www.shqiperia.com\/blog\/wp-content\/uploads\/2024\/06\/800-0-667a7629c824a.jpg?resize=400%2C204&amp;ssl=1 400w, https:\/\/i0.wp.com\/www.shqiperia.com\/blog\/wp-content\/uploads\/2024\/06\/800-0-667a7629c824a.jpg?w=800&amp;ssl=1 800w\" sizes=\"auto, (max-width: 731px) 100vw, 731px\" \/><\/p>\n<p>25 Qershor 2024<\/p>\n<p>Nj\u00eb hetim i prokuroris\u00eb s\u00eb Tiran\u00ebs ka arritur t\u00eb zbuloj\u00eb nj\u00eb skeme se si mjek\u00eb t\u00eb spitalit t\u00eb Onkologjikut shisnin ila\u00e7e t\u00eb spitalit tek subjektet private.<\/p>\n<p>Gjykata ka miratuar k\u00ebrkes\u00ebn e akuz\u00ebs duke \u00e7uar para p\u00ebrgjegj\u00ebsis\u00eb ligjore 8 persona, mjek\u00eb t\u00eb spitalit onkologjik n\u00eb QSUT, kirurg\u00eb, ish-zv.drejtoresha e p\u00ebrgjithshme e spitalit, farmacist\u00eb.<\/p>\n<p>P\u00ebr t\u00eb provuar ekzistenc\u00ebn e k\u00ebtij dyshimi nga ana e prokuroris\u00eb u p\u00ebrdor\u00ebn blerje t\u00eb ila\u00e7eve t\u00eb stimuluara. Kryesisht u blen\u00eb ila\u00e7e q\u00eb p\u00ebrdor\u00ebn p\u00ebr kimioterapi.<\/p>\n","protected":false},"excerpt":{"rendered":"<p>25 Qershor 2024 Nj\u00eb hetim i prokuroris\u00eb s\u00eb Tiran\u00ebs ka arritur t\u00eb zbuloj\u00eb nj\u00eb skeme se si mjek\u00eb t\u00eb spitalit t\u00eb Onkologjikut shisnin ila\u00e7e t\u00eb spitalit tek subjektet private. Gjykata ka miratuar k\u00ebrkes\u00ebn e akuz\u00ebs duke \u00e7uar para p\u00ebrgjegj\u00ebsis\u00eb ligjore 8 persona, mjek\u00eb t\u00eb spitalit onkologjik n\u00eb QSUT, kirurg\u00eb, ish-zv.drejtoresha e p\u00ebrgjithshme e spitalit, farmacist\u00eb. [&hellip;]<\/p>\n","protected":false},"author":9,"featured_media":82156,"comment_status":"open","ping_status":"open","sticky":false,"template":"","format":"standard","meta":{"jetpack_post_was_ever_published":false,"_jetpack_newsletter_access":"","_jetpack_dont_email_post_to_subs":false,"_jetpack_newsletter_tier_id":0,"_jetpack_memberships_contains_paywalled_content":false,"_jetpack_memberships_contains_paid_content":false,"footnotes":"","jetpack_publicize_message":"","jetpack_publicize_feature_enabled":true,"jetpack_social_post_already_shared":true,"jetpack_social_options":{"image_generator_settings":{"template":"highway","default_image_id":0,"font":"","enabled":false},"version":2}},"categories":[27,1,35],"tags":[],"class_list":["post-82155","post","type-post","status-publish","format-standard","has-post-thumbnail","hentry","category-blogu-i-udhetarit","category-njoftime-shtypi","category-shoqerore"],"jetpack_publicize_connections":[],"jetpack_featured_media_url":"https:\/\/i0.wp.com\/www.shqiperia.com\/blog\/wp-content\/uploads\/2024\/06\/800-0-667a7629c824a.jpg?fit=800%2C408&ssl=1","jetpack_sharing_enabled":true,"jetpack_shortlink":"https:\/\/wp.me\/p5Z6wp-ln5","jetpack-related-posts":[{"id":100412,"url":"https:\/\/www.shqiperia.com\/blog\/ik-se-po-te-shj-robt-horrori-brenda-spitalit-ne-tirane-stafi-dhunon-verbalisht-pacienten-ne-nevoje\/","url_meta":{"origin":82155,"position":0},"title":"\u200b\u201cIk se po t\u00eb sh****j robt!\u201d \u2013 Horrori brenda spitalit n\u00eb Tiran\u00eb, stafi dhunon verbalisht pacienten n\u00eb nevoj\u00eb!","author":"Kurt Farka","date":"May 18, 2026","format":false,"excerpt":"18 Maji 2026 Nj\u00eb video trondit\u00ebse e publikuar s\u00eb fundmi n\u00eb media nxjerr n\u00eb drit\u00eb nj\u00eb realitet t\u00eb zymt\u00eb dhe degradues brenda repartit t\u00eb psikiatris\u00eb n\u00eb Tiran\u00eb. N\u00eb video, nj\u00eb paciente e shtruar n\u00eb repartin e psikiatris\u00eb shihet teksa refuzon marrjen e medikamenteve, duke pretenduar se \u00ebsht\u00eb shtatz\u00ebn\u00eb. N\u00eb vend\u2026","rel":"","context":"In &quot;Njoftime Shtypi&quot;","block_context":{"text":"Njoftime Shtypi","link":"https:\/\/www.shqiperia.com\/blog\/category\/njoftime-shtypi\/"},"img":{"alt_text":"","src":"https:\/\/i0.wp.com\/www.shqiperia.com\/blog\/wp-content\/uploads\/2026\/05\/900-0-1719848196xcover-qsut-web-234.png?fit=900%2C630&ssl=1&resize=350%2C200","width":350,"height":200,"srcset":"https:\/\/i0.wp.com\/www.shqiperia.com\/blog\/wp-content\/uploads\/2026\/05\/900-0-1719848196xcover-qsut-web-234.png?fit=900%2C630&ssl=1&resize=350%2C200 1x, https:\/\/i0.wp.com\/www.shqiperia.com\/blog\/wp-content\/uploads\/2026\/05\/900-0-1719848196xcover-qsut-web-234.png?fit=900%2C630&ssl=1&resize=525%2C300 1.5x, https:\/\/i0.wp.com\/www.shqiperia.com\/blog\/wp-content\/uploads\/2026\/05\/900-0-1719848196xcover-qsut-web-234.png?fit=900%2C630&ssl=1&resize=700%2C400 2x"},"classes":[]},{"id":101594,"url":"https:\/\/www.shqiperia.com\/blog\/uje-me-kova-si-ne-mesjete-spitali-i-peshkopise-ne-kushte-skandaloze\/","url_meta":{"origin":82155,"position":1},"title":"\u201cUj\u00eb me kova si n\u00eb mesjet\u00eb\u201d\/ Spitali i Peshkopis\u00eb n\u00eb kushte skandaloze","author":"Kurt Farka","date":"June 18, 2026","format":false,"excerpt":"Spitalin Rajonal t\u00eb Peshkopis\u00eb l\u00eb p\u00ebr t\u00eb d\u00ebshiruar dhe nuk p\u00ebrputhet me standardet q\u00eb duhet t\u00eb ofroj\u00eb nj\u00eb institucion sh\u00ebndet\u00ebsor. Tualetet e spitalit ndodhen n\u00eb gjendje skandaloze higjieno-sanitare, nd\u00ebrsa lavaman\u00ebt nuk funksionojn\u00eb. P\u00ebr shkak t\u00eb munges\u00ebs s\u00eb ujit n\u00eb k\u00ebto ambiente, p\u00ebrdoren kova p\u00ebr mbushjen dhe sigurimin e ujit, nj\u00eb\u2026","rel":"","context":"In &quot;Blogu i Udh\u00ebtarit&quot;","block_context":{"text":"Blogu i Udh\u00ebtarit","link":"https:\/\/www.shqiperia.com\/blog\/category\/blogu-i-udhetarit\/"},"img":{"alt_text":"","src":"https:\/\/i0.wp.com\/www.shqiperia.com\/blog\/wp-content\/uploads\/2026\/06\/640-0-0f984f95f5c2158f664613a7924cd8c6.jpeg?fit=640%2C480&ssl=1&resize=350%2C200","width":350,"height":200,"srcset":"https:\/\/i0.wp.com\/www.shqiperia.com\/blog\/wp-content\/uploads\/2026\/06\/640-0-0f984f95f5c2158f664613a7924cd8c6.jpeg?fit=640%2C480&ssl=1&resize=350%2C200 1x, https:\/\/i0.wp.com\/www.shqiperia.com\/blog\/wp-content\/uploads\/2026\/06\/640-0-0f984f95f5c2158f664613a7924cd8c6.jpeg?fit=640%2C480&ssl=1&resize=525%2C300 1.5x"},"classes":[]},{"id":101027,"url":"https:\/\/www.shqiperia.com\/blog\/dy-te-rinjte-nga-kosova-humben-jeten-ne-shengjin\/","url_meta":{"origin":82155,"position":2},"title":"Dy t\u00eb rinjt\u00eb nga Kosova humb\u00ebn jet\u00ebn n\u00eb Sh\u00ebngjin&#8230;","author":"Kurt Farka","date":"June 3, 2026","format":false,"excerpt":"3 Qershor 2026 Tre t\u00eb tjer\u00eb vijojn\u00eb t\u00eb marrin ndihm\u00eb mjek\u00ebsore. Nj\u00eb tragjedi \u00ebsht\u00eb sh\u00ebnuar pasditen e k\u00ebsaj t\u00eb m\u00ebrkure n\u00eb zon\u00ebn e Ran\u00ebs s\u00eb Hedhun n\u00eb Sh\u00ebngjin, ku dy t\u00eb rinj nga Kosova kan\u00eb humbur jet\u00ebn pasi u mor\u00ebn nga dallg\u00ebt e forta t\u00eb detit. Viktimat jan\u00eb identifikuar si\u00a0Leonid\u2026","rel":"","context":"In &quot;Njoftime Shtypi&quot;","block_context":{"text":"Njoftime Shtypi","link":"https:\/\/www.shqiperia.com\/blog\/category\/njoftime-shtypi\/"},"img":{"alt_text":"","src":"https:\/\/i0.wp.com\/www.shqiperia.com\/blog\/wp-content\/uploads\/2026\/06\/sd-696x392-1.webp?fit=696%2C392&ssl=1&resize=350%2C200","width":350,"height":200,"srcset":"https:\/\/i0.wp.com\/www.shqiperia.com\/blog\/wp-content\/uploads\/2026\/06\/sd-696x392-1.webp?fit=696%2C392&ssl=1&resize=350%2C200 1x, https:\/\/i0.wp.com\/www.shqiperia.com\/blog\/wp-content\/uploads\/2026\/06\/sd-696x392-1.webp?fit=696%2C392&ssl=1&resize=525%2C300 1.5x"},"classes":[]},{"id":104664,"url":"https:\/\/www.shqiperia.com\/blog\/porta-e-parajses-nje-nga-stolite-me-mbreslenese-arkitekturore-te-tradites-islame\/","url_meta":{"origin":82155,"position":3},"title":"&#8220;Porta e Parajs\u00ebs&#8221;, nj\u00eb nga stolit\u00eb m\u00eb mbresl\u00ebn\u00ebse arkitekturore t\u00eb tradit\u00ebs islame","author":"Kurt Farka","date":"August 18, 2026","format":false,"excerpt":"18 Gusht 2026 Kjo port\u00eb \u00ebsht\u00eb jo tamam nj\u00eb hyrje n\u00eb nj\u00eb tempull, por nj\u00eb kalim n\u00eb nj\u00eb dimension etern, p\u00ebrmes s\u00eb cil\u00ebs, koha ndalon, p\u00ebrjetimi t\u00eb ng\u00ebrthen ngulmsh\u00ebm, p\u00ebr t\u00eb t\u00eb \u00e7uar te e shkuara e tashm\u00ebris\u00eb q\u00eb t\u00eb p\u00ebrpin, te shpirti dhe gjenialiteti i mjeshtarave, q\u00eb nuk krijuan\u2026","rel":"","context":"In &quot;Arte&quot;","block_context":{"text":"Arte","link":"https:\/\/www.shqiperia.com\/blog\/category\/arte\/"},"img":{"alt_text":"","src":"https:\/\/i0.wp.com\/www.shqiperia.com\/blog\/wp-content\/uploads\/2026\/08\/Porta-e-Parajses-hyrja-e-Xhamise-se-Madhe-dhe-Spitalit-te-Divrigi-t-ne-Anadoll-2.jpg?fit=640%2C420&ssl=1&resize=350%2C200","width":350,"height":200,"srcset":"https:\/\/i0.wp.com\/www.shqiperia.com\/blog\/wp-content\/uploads\/2026\/08\/Porta-e-Parajses-hyrja-e-Xhamise-se-Madhe-dhe-Spitalit-te-Divrigi-t-ne-Anadoll-2.jpg?fit=640%2C420&ssl=1&resize=350%2C200 1x, https:\/\/i0.wp.com\/www.shqiperia.com\/blog\/wp-content\/uploads\/2026\/08\/Porta-e-Parajses-hyrja-e-Xhamise-se-Madhe-dhe-Spitalit-te-Divrigi-t-ne-Anadoll-2.jpg?fit=640%2C420&ssl=1&resize=525%2C300 1.5x"},"classes":[]},{"id":105189,"url":"https:\/\/www.shqiperia.com\/blog\/mallakaster-gjate-nderhyrjes-per-te-shuar-flaket-rrezohet-zjarrfikesi-ne-humnere-ja-gjendja-e-tij-shendetesore\/","url_meta":{"origin":82155,"position":4},"title":"Mallakaster &#8211; Gjat\u00eb nd\u00ebrhyrjes p\u00ebr t\u00eb shuar flak\u00ebt, rr\u00ebzohet zjarrfik\u00ebsi n\u00eb humner\u00eb. Ja gjendja e tij sh\u00ebndet\u00ebsore","author":"Kurt Farka","date":"August 25, 2026","format":false,"excerpt":"25 Gusht 2026 Nj\u00eb 50-vje\u00e7ar \u00ebsht\u00eb plagosur pas nj\u00eb r\u00ebnieje nga rreth 50 metra lart\u00ebsi n\u00eb fshatin Kapaj t\u00eb Fierit. I d\u00ebmtuari \u00ebsht\u00eb shtetasi Fluturim Salobehaj, banues n\u00eb k\u00ebt\u00eb fshat. Ngjarja ka ndodhur aksidentalisht, teksa 50-vje\u00e7ari ka r\u00ebn\u00eb n\u00eb nj\u00eb humner\u00eb n\u00eb territorin e fshatit. Si pasoj\u00eb e r\u00ebnies, ai\u2026","rel":"","context":"In &quot;Blogu i Udh\u00ebtarit&quot;","block_context":{"text":"Blogu i Udh\u00ebtarit","link":"https:\/\/www.shqiperia.com\/blog\/category\/blogu-i-udhetarit\/"},"img":{"alt_text":"","src":"https:\/\/i0.wp.com\/www.shqiperia.com\/blog\/wp-content\/uploads\/2026\/08\/Foto-ilustruese.jpg?fit=600%2C388&ssl=1&resize=350%2C200","width":350,"height":200,"srcset":"https:\/\/i0.wp.com\/www.shqiperia.com\/blog\/wp-content\/uploads\/2026\/08\/Foto-ilustruese.jpg?fit=600%2C388&ssl=1&resize=350%2C200 1x, https:\/\/i0.wp.com\/www.shqiperia.com\/blog\/wp-content\/uploads\/2026\/08\/Foto-ilustruese.jpg?fit=600%2C388&ssl=1&resize=525%2C300 1.5x"},"classes":[]},{"id":82176,"url":"https:\/\/www.shqiperia.com\/blog\/pergjimet-doktor-pacientet-kane-temperature-mjeku-i-onkologjikut-vari-lshte\/","url_meta":{"origin":82155,"position":5},"title":"P\u00cbRGJIMET: \u201cDoktor, pacient\u00ebt kan\u00eb temperatur\u00eb\u201d, mjeku i Onkologjikut: &#8211; Vari l*sht\u00eb!","author":"Kurt Farka","date":"June 26, 2024","format":false,"excerpt":"26 Qershor 2024 Disa nga bluzat e bardha pran\u00eb spitalit Onkologjik n\u00eb QSUNT jan\u00eb v\u00ebn\u00eb n\u00ebn hetim si t\u00eb p\u00ebrfshir\u00eb n\u00eb nj\u00eb skem\u00eb mashtrimi, ku t\u00eb d\u00ebmtuar jan\u00eb pacient\u00ebt q\u00eb vuajn\u00eb nga kanceri. Hetimet e derim\u00ebtanishme kan\u00eb nxjerr\u00eb n\u00eb pah m\u00ebnyr\u00ebn se si kjo skem\u00eb funksiononte, teksa t\u00eb tjera detaje\u2026","rel":"","context":"In &quot;Blogu i Udh\u00ebtarit&quot;","block_context":{"text":"Blogu i Udh\u00ebtarit","link":"https:\/\/www.shqiperia.com\/blog\/category\/blogu-i-udhetarit\/"},"img":{"alt_text":"","src":"https:\/\/i0.wp.com\/www.shqiperia.com\/blog\/wp-content\/uploads\/2024\/06\/Capture-17-596x375-1-jpg.jpg?fit=596%2C375&ssl=1&resize=350%2C200","width":350,"height":200,"srcset":"https:\/\/i0.wp.com\/www.shqiperia.com\/blog\/wp-content\/uploads\/2024\/06\/Capture-17-596x375-1-jpg.jpg?fit=596%2C375&ssl=1&resize=350%2C200 1x, https:\/\/i0.wp.com\/www.shqiperia.com\/blog\/wp-content\/uploads\/2024\/06\/Capture-17-596x375-1-jpg.jpg?fit=596%2C375&ssl=1&resize=525%2C300 1.5x"},"classes":[]}],"_links":{"self":[{"href":"https:\/\/www.shqiperia.com\/blog\/wp-json\/wp\/v2\/posts\/82155","targetHints":{"allow":["GET"]}}],"collection":[{"href":"https:\/\/www.shqiperia.com\/blog\/wp-json\/wp\/v2\/posts"}],"about":[{"href":"https:\/\/www.shqiperia.com\/blog\/wp-json\/wp\/v2\/types\/post"}],"author":[{"embeddable":true,"href":"https:\/\/www.shqiperia.com\/blog\/wp-json\/wp\/v2\/users\/9"}],"replies":[{"embeddable":true,"href":"https:\/\/www.shqiperia.com\/blog\/wp-json\/wp\/v2\/comments?post=82155"}],"version-history":[{"count":1,"href":"https:\/\/www.shqiperia.com\/blog\/wp-json\/wp\/v2\/posts\/82155\/revisions"}],"predecessor-version":[{"id":82157,"href":"https:\/\/www.shqiperia.com\/blog\/wp-json\/wp\/v2\/posts\/82155\/revisions\/82157"}],"wp:featuredmedia":[{"embeddable":true,"href":"https:\/\/www.shqiperia.com\/blog\/wp-json\/wp\/v2\/media\/82156"}],"wp:attachment":[{"href":"https:\/\/www.shqiperia.com\/blog\/wp-json\/wp\/v2\/media?parent=82155"}],"wp:term":[{"taxonomy":"category","embeddable":true,"href":"https:\/\/www.shqiperia.com\/blog\/wp-json\/wp\/v2\/categories?post=82155"},{"taxonomy":"post_tag","embeddable":true,"href":"https:\/\/www.shqiperia.com\/blog\/wp-json\/wp\/v2\/tags?post=82155"}],"curies":[{"name":"wp","href":"https:\/\/api.w.org\/{rel}","templated":true}]}}