{"id":82152,"date":"2024-06-25T07:20:56","date_gmt":"2024-06-25T07:20:56","guid":{"rendered":"https:\/\/www.shqiperia.com\/blog\/?p=82152"},"modified":"2024-06-25T07:20:56","modified_gmt":"2024-06-25T07:20:56","slug":"rritet-cmimi-i-biletave-per-te-vizituar-kullen-eifel","status":"publish","type":"post","link":"https:\/\/www.shqiperia.com\/blog\/rritet-cmimi-i-biletave-per-te-vizituar-kullen-eifel\/","title":{"rendered":"Rritet \u00e7mimi i biletave p\u00ebr t\u00eb vizituar Kull\u00ebn Eifel"},"content":{"rendered":"<p><img data-recalc-dims=\"1\" loading=\"lazy\" decoding=\"async\" data-attachment-id=\"82153\" data-permalink=\"https:\/\/www.shqiperia.com\/blog\/rritet-cmimi-i-biletave-per-te-vizituar-kullen-eifel\/640-0-screenshot-53-1719245741\/\" data-orig-file=\"https:\/\/i0.wp.com\/www.shqiperia.com\/blog\/wp-content\/uploads\/2024\/06\/640-0-screenshot-53-1719245741.jpg?fit=640%2C348&amp;ssl=1\" data-orig-size=\"640,348\" data-comments-opened=\"1\" data-image-meta=\"{&quot;aperture&quot;:&quot;0&quot;,&quot;credit&quot;:&quot;&quot;,&quot;camera&quot;:&quot;&quot;,&quot;caption&quot;:&quot;&quot;,&quot;created_timestamp&quot;:&quot;0&quot;,&quot;copyright&quot;:&quot;&quot;,&quot;focal_length&quot;:&quot;0&quot;,&quot;iso&quot;:&quot;0&quot;,&quot;shutter_speed&quot;:&quot;0&quot;,&quot;title&quot;:&quot;&quot;,&quot;orientation&quot;:&quot;0&quot;}\" data-image-title=\"-640-0-screenshot-53-1719245741\" data-image-description=\"\" data-image-caption=\"\" data-medium-file=\"https:\/\/i0.wp.com\/www.shqiperia.com\/blog\/wp-content\/uploads\/2024\/06\/640-0-screenshot-53-1719245741.jpg?fit=300%2C163&amp;ssl=1\" data-large-file=\"https:\/\/i0.wp.com\/www.shqiperia.com\/blog\/wp-content\/uploads\/2024\/06\/640-0-screenshot-53-1719245741.jpg?fit=640%2C348&amp;ssl=1\" class=\"alignnone  wp-image-82153\" alt=\"\" src=\"https:\/\/i0.wp.com\/www.shqiperia.com\/blog\/wp-content\/uploads\/2024\/06\/640-0-screenshot-53-1719245741.jpg?resize=698%2C379&#038;ssl=1\" width=\"698\" height=\"379\" srcset=\"https:\/\/i0.wp.com\/www.shqiperia.com\/blog\/wp-content\/uploads\/2024\/06\/640-0-screenshot-53-1719245741.jpg?resize=300%2C163&amp;ssl=1 300w, https:\/\/i0.wp.com\/www.shqiperia.com\/blog\/wp-content\/uploads\/2024\/06\/640-0-screenshot-53-1719245741.jpg?resize=450%2C245&amp;ssl=1 450w, https:\/\/i0.wp.com\/www.shqiperia.com\/blog\/wp-content\/uploads\/2024\/06\/640-0-screenshot-53-1719245741.jpg?resize=600%2C326&amp;ssl=1 600w, https:\/\/i0.wp.com\/www.shqiperia.com\/blog\/wp-content\/uploads\/2024\/06\/640-0-screenshot-53-1719245741.jpg?resize=400%2C218&amp;ssl=1 400w, https:\/\/i0.wp.com\/www.shqiperia.com\/blog\/wp-content\/uploads\/2024\/06\/640-0-screenshot-53-1719245741.jpg?w=640&amp;ssl=1 640w\" sizes=\"auto, (max-width: 698px) 100vw, 698px\" \/><\/p>\n<p>25 Qershor 2024<\/p>\n<p>Biletat p\u00ebr t\u00eb vizituar Kull\u00ebn Eifel jan\u00eb rritur me 20 p\u00ebr qind n\u00eb nj\u00eb p\u00ebrpjekje p\u00ebr t\u00eb kompensuar kostot e m\u00ebdha t\u00eb mir\u00ebmbajtjes.<\/p>\n<p>Rritja e \u00e7mimit erdhi vet\u00ebm disa jav\u00eb para hapjes s\u00eb Loj\u00ebrave Olimpike dhe pas muajsh tensioni mes kompanis\u00eb q\u00eb menaxhon \u201cZonj\u00ebn e \u00e7elikut\u201d dhe autoriteteve t\u00eb qytetit t\u00eb Parisit mbi t\u00eb ardhurat e krijuara nga simboli i qytetit t\u00eb drit\u00ebs.<\/p>\n<p>Kulla Eifel \u00ebsht\u00eb nj\u00eb nga 10 monumentet m\u00eb t\u00eb vizituara n\u00eb bot\u00eb, ajo ngrihet 330 metra mbi horizontin e Parisit, dhe kostot e mir\u00ebmbajtjes s\u00eb saj tani \u201ckan\u00eb arritur majat e krahasueshme\u201d, raporton France24.<\/p>\n<p>\u00c7mimet jan\u00eb rritur dhe tani t\u00eb rriturit duhet t\u00eb paguajn\u00eb m\u00eb shum\u00eb se 35 euro p\u00ebr t\u00eb par\u00eb kryeqytetin francez nga maja e \u201czonj\u00ebs s\u00eb \u00e7elikut\u201d, q\u00eb \u00ebsht\u00eb nj\u00eb rritje prej 20 p\u00ebr qind n\u00eb krahasim me \u00e7mimin e m\u00ebparsh\u00ebm t\u00eb bilet\u00ebs prej 29.10. euro.<\/p>\n<p>Me t\u00eb ardhurat nga rritja e \u00e7mimit p\u00ebr t\u00eb gjitha biletat, kompania publike q\u00eb menaxhon Kull\u00ebn Eifel, SETE (Societe d\u2019Ekploitation de la Tour Eiffe), shpreson t\u00eb ribalancoj\u00eb bilancin e saj, pasi u godit nga nj\u00eb mbyllje e zgjatur gjat\u00eb pandemis\u00eb Covid19 dhe nj\u00eb mosmarr\u00ebveshje pune q\u00eb \u00e7oi n\u00eb mbylljen e p\u00ebrkohshme t\u00eb kull\u00ebs n\u00eb shkurt, sipas France24.<\/p>\n<p>Turist\u00ebt q\u00eb shpresonin t\u00eb vizitonin Kull\u00ebn Eifel midis 19 dhe 24 shkurtit ishin t\u00eb zhg\u00ebnjyer pasi ajo u mbyll p\u00ebr shkak t\u00eb grev\u00ebs. Disa dit\u00eb m\u00eb par\u00eb, dy sindikatat e pun\u00ebtor\u00ebve n\u00eb monument njoftuan se do t\u00eb ndalonin pun\u00ebn p\u00ebr t\u00eb k\u00ebrkuar nj\u00eb \u201cmodel ekonomik t\u00eb q\u00ebndruesh\u00ebm dhe realist\u201d p\u00ebr kull\u00ebn.<\/p>\n<p>Kulla Eifel nuk e ka humbur t\u00ebrheqjen e saj si nj\u00eb atraksion turistik, dhe n\u00eb vitin 2023 ajo u vizitua nga rreth 6.3 milion\u00eb njer\u00ebz, m\u00eb s\u00eb shumti q\u00eb nga viti 2015, sipas France24.<\/p>\n","protected":false},"excerpt":{"rendered":"<p>25 Qershor 2024 Biletat p\u00ebr t\u00eb vizituar Kull\u00ebn Eifel jan\u00eb rritur me 20 p\u00ebr qind n\u00eb nj\u00eb p\u00ebrpjekje p\u00ebr t\u00eb kompensuar kostot e m\u00ebdha t\u00eb mir\u00ebmbajtjes. Rritja e \u00e7mimit erdhi vet\u00ebm disa jav\u00eb para hapjes s\u00eb Loj\u00ebrave Olimpike dhe pas muajsh tensioni mes kompanis\u00eb q\u00eb menaxhon \u201cZonj\u00ebn e \u00e7elikut\u201d dhe autoriteteve t\u00eb qytetit t\u00eb Parisit [&hellip;]<\/p>\n","protected":false},"author":9,"featured_media":82153,"comment_status":"open","ping_status":"open","sticky":false,"template":"","format":"standard","meta":{"jetpack_post_was_ever_published":false,"_jetpack_newsletter_access":"","_jetpack_dont_email_post_to_subs":false,"_jetpack_newsletter_tier_id":0,"_jetpack_memberships_contains_paywalled_content":false,"_jetpack_memberships_contains_paid_content":false,"footnotes":"","jetpack_publicize_message":"","jetpack_publicize_feature_enabled":true,"jetpack_social_post_already_shared":true,"jetpack_social_options":{"image_generator_settings":{"template":"highway","default_image_id":0,"font":"","enabled":false},"version":2}},"categories":[27,85,35,86],"tags":[],"class_list":["post-82152","post","type-post","status-publish","format-standard","has-post-thumbnail","hentry","category-blogu-i-udhetarit","category-histori","category-shoqerore","category-trashegimi-kulturore"],"jetpack_publicize_connections":[],"jetpack_featured_media_url":"https:\/\/i0.wp.com\/www.shqiperia.com\/blog\/wp-content\/uploads\/2024\/06\/640-0-screenshot-53-1719245741.jpg?fit=640%2C348&ssl=1","jetpack_sharing_enabled":true,"jetpack_shortlink":"https:\/\/wp.me\/p5Z6wp-ln2","jetpack-related-posts":[{"id":100945,"url":"https:\/\/www.shqiperia.com\/blog\/per-here-te-pare-buxheti-po-shpenzon-me-shume-per-rroga-e-kancelari-sesa-per-investime-publike\/","url_meta":{"origin":82152,"position":0},"title":"P\u00ebr her\u00eb t\u00eb par\u00eb buxheti po shpenzon m\u00eb shum\u00eb p\u00ebr rroga e \u201ckancelari\u201d sesa p\u00ebr investime publike","author":"Kurt Farka","date":"June 2, 2026","format":false,"excerpt":"2 Qershor 2026 Nga: Revita Monitor Shqip\u00ebria ka nevoja t\u00eb m\u00ebdha p\u00ebr investime t\u00eb reja sidomos n\u00eb infrastruktur\u00ebn e transportit, por vitet e fundit ka nj\u00eb tendenc\u00eb q\u00eb shpenzimet operative dhe ato t\u00eb mir\u00ebmbajtjes t\u00eb jen\u00eb m\u00eb t\u00eb larta se ato t\u00eb investimeve n\u00eb 4-mujorin e par\u00eb t\u00eb vitit. T\u00eb\u2026","rel":"","context":"In &quot;Njoftime Shtypi&quot;","block_context":{"text":"Njoftime Shtypi","link":"https:\/\/www.shqiperia.com\/blog\/category\/njoftime-shtypi\/"},"img":{"alt_text":"","src":"https:\/\/i0.wp.com\/www.shqiperia.com\/blog\/wp-content\/uploads\/2026\/06\/investim-per-kancelari-jo-infrastrukture.png?fit=1200%2C800&ssl=1&resize=350%2C200","width":350,"height":200,"srcset":"https:\/\/i0.wp.com\/www.shqiperia.com\/blog\/wp-content\/uploads\/2026\/06\/investim-per-kancelari-jo-infrastrukture.png?fit=1200%2C800&ssl=1&resize=350%2C200 1x, https:\/\/i0.wp.com\/www.shqiperia.com\/blog\/wp-content\/uploads\/2026\/06\/investim-per-kancelari-jo-infrastrukture.png?fit=1200%2C800&ssl=1&resize=525%2C300 1.5x, https:\/\/i0.wp.com\/www.shqiperia.com\/blog\/wp-content\/uploads\/2026\/06\/investim-per-kancelari-jo-infrastrukture.png?fit=1200%2C800&ssl=1&resize=700%2C400 2x, https:\/\/i0.wp.com\/www.shqiperia.com\/blog\/wp-content\/uploads\/2026\/06\/investim-per-kancelari-jo-infrastrukture.png?fit=1200%2C800&ssl=1&resize=1050%2C600 3x"},"classes":[]},{"id":100279,"url":"https:\/\/www.shqiperia.com\/blog\/jeta-ne-tirane-eshte-shtrenjtuar-me-60-brenda-5-viteve\/","url_meta":{"origin":82152,"position":1},"title":"Jeta n\u00eb Tiran\u00eb \u00ebsht\u00eb shtrenjtuar me 60% brenda 5 viteve","author":"Kurt Farka","date":"May 15, 2026","format":false,"excerpt":"15 Maji 2026 Tirana ka hyr\u00eb n\u00eb nj\u00eb faz\u00eb ku \u00e7mimet po rriten shum\u00eb m\u00eb shpejt t\u00eb ardhurat e shumic\u00ebs s\u00eb banor\u00ebve t\u00eb saj duke e shnd\u00ebrruar n\u00eb sfid\u00eb jet\u00ebn p\u00ebr nj\u00eb pjes\u00eb t\u00eb madhe prej tyre. T\u00eb dh\u00ebnat e platform\u00ebs Numbeo, nj\u00eb baromet\u00ebr digjital q\u00eb mbledh informacion n\u00eb koh\u00eb\u2026","rel":"","context":"In &quot;Blogu i Udh\u00ebtarit&quot;","block_context":{"text":"Blogu i Udh\u00ebtarit","link":"https:\/\/www.shqiperia.com\/blog\/category\/blogu-i-udhetarit\/"},"img":{"alt_text":"","src":"https:\/\/i0.wp.com\/www.shqiperia.com\/blog\/wp-content\/uploads\/2026\/05\/LAGJE-TIRANE-1536x1025-1.jpg?fit=1200%2C801&ssl=1&resize=350%2C200","width":350,"height":200,"srcset":"https:\/\/i0.wp.com\/www.shqiperia.com\/blog\/wp-content\/uploads\/2026\/05\/LAGJE-TIRANE-1536x1025-1.jpg?fit=1200%2C801&ssl=1&resize=350%2C200 1x, https:\/\/i0.wp.com\/www.shqiperia.com\/blog\/wp-content\/uploads\/2026\/05\/LAGJE-TIRANE-1536x1025-1.jpg?fit=1200%2C801&ssl=1&resize=525%2C300 1.5x, https:\/\/i0.wp.com\/www.shqiperia.com\/blog\/wp-content\/uploads\/2026\/05\/LAGJE-TIRANE-1536x1025-1.jpg?fit=1200%2C801&ssl=1&resize=700%2C400 2x, https:\/\/i0.wp.com\/www.shqiperia.com\/blog\/wp-content\/uploads\/2026\/05\/LAGJE-TIRANE-1536x1025-1.jpg?fit=1200%2C801&ssl=1&resize=1050%2C600 3x"},"classes":[]},{"id":103800,"url":"https:\/\/www.shqiperia.com\/blog\/shkencetaret-zbulojne-nje-pershpejtim-te-mprehte-te-ngrohjes-globale\/","url_meta":{"origin":82152,"position":2},"title":"Shkenc\u00ebtar\u00ebt zbulojn\u00eb nj\u00eb p\u00ebrshpejtim t\u00eb mpreht\u00eb t\u00eb ngrohjes globale","author":"Kurt Farka","date":"August 4, 2026","format":false,"excerpt":"4 Gusht 2026 Ngrohja globale \u00ebsht\u00eb p\u00ebrshpejtuar q\u00eb nga viti 2015, sipas nj\u00eb analize t\u00eb re nga Instituti i Potsdamit p\u00ebr K\u00ebrkimet mbi Ndikimin Klimatik (PIK). Pasi hoq\u00ebn efektet e luhatjeve natyrore t\u00eb temperatur\u00ebs, studiuesit gjet\u00ebn prov\u00ebn e par\u00eb statistikisht dometh\u00ebn\u00ebse se ritmi afatgjat\u00eb i ngrohjes s\u00eb planetit po p\u00ebrshpejtohet.\u2026","rel":"","context":"In &quot;Blogu i Udh\u00ebtarit&quot;","block_context":{"text":"Blogu i Udh\u00ebtarit","link":"https:\/\/www.shqiperia.com\/blog\/category\/blogu-i-udhetarit\/"},"img":{"alt_text":"","src":"https:\/\/i0.wp.com\/www.shqiperia.com\/blog\/wp-content\/uploads\/2026\/08\/640-0-80a8f8d967447b6bf334795cfcddb40f.webp?fit=640%2C360&ssl=1&resize=350%2C200","width":350,"height":200,"srcset":"https:\/\/i0.wp.com\/www.shqiperia.com\/blog\/wp-content\/uploads\/2026\/08\/640-0-80a8f8d967447b6bf334795cfcddb40f.webp?fit=640%2C360&ssl=1&resize=350%2C200 1x, https:\/\/i0.wp.com\/www.shqiperia.com\/blog\/wp-content\/uploads\/2026\/08\/640-0-80a8f8d967447b6bf334795cfcddb40f.webp?fit=640%2C360&ssl=1&resize=525%2C300 1.5x"},"classes":[]},{"id":104791,"url":"https:\/\/www.shqiperia.com\/blog\/kostot-e-jeteses-si-shqiperia-po-behet-parajse-per-te-huajt-ferr-per-vendasit\/","url_meta":{"origin":82152,"position":3},"title":"Kostot e jetes\u00ebs, si Shqip\u00ebria po b\u00ebhet \u201cparajs\u00eb\u201d p\u00ebr t\u00eb huajt\u2026 \u201cferr\u201d p\u00ebr vendasit","author":"Kurt Farka","date":"August 20, 2026","format":false,"excerpt":"20 Gusht 2026 Nga Nertila Maho N\u00eb Tiran\u00eb, planet p\u00ebr blerjen e nj\u00eb banese jan\u00eb m\u00eb af\u00ebr iluzionit sesa realitetit p\u00ebr familjet me t\u00eb ardhura t\u00eb ul\u00ebta dhe t\u00eb mesme. Kryeqyteti shqiptar renditet i kat\u00ebrti n\u00eb Europ\u00eb p\u00ebr pap\u00ebrballueshm\u00ebrin\u00eb e banesave, sipas raportit \u00e7mim \u2013 t\u00eb ardhura. Ekspert\u00ebt e politikave\u2026","rel":"","context":"In &quot;Histori&quot;","block_context":{"text":"Histori","link":"https:\/\/www.shqiperia.com\/blog\/category\/histori\/"},"img":{"alt_text":"","src":"https:\/\/i0.wp.com\/www.shqiperia.com\/blog\/wp-content\/uploads\/2026\/08\/Tirane-ndertim-kulla-apartamente-pasuri-te-paluajtshme-1231-1.jpg?fit=1051%2C601&ssl=1&resize=350%2C200","width":350,"height":200,"srcset":"https:\/\/i0.wp.com\/www.shqiperia.com\/blog\/wp-content\/uploads\/2026\/08\/Tirane-ndertim-kulla-apartamente-pasuri-te-paluajtshme-1231-1.jpg?fit=1051%2C601&ssl=1&resize=350%2C200 1x, https:\/\/i0.wp.com\/www.shqiperia.com\/blog\/wp-content\/uploads\/2026\/08\/Tirane-ndertim-kulla-apartamente-pasuri-te-paluajtshme-1231-1.jpg?fit=1051%2C601&ssl=1&resize=525%2C300 1.5x, https:\/\/i0.wp.com\/www.shqiperia.com\/blog\/wp-content\/uploads\/2026\/08\/Tirane-ndertim-kulla-apartamente-pasuri-te-paluajtshme-1231-1.jpg?fit=1051%2C601&ssl=1&resize=700%2C400 2x, https:\/\/i0.wp.com\/www.shqiperia.com\/blog\/wp-content\/uploads\/2026\/08\/Tirane-ndertim-kulla-apartamente-pasuri-te-paluajtshme-1231-1.jpg?fit=1051%2C601&ssl=1&resize=1050%2C600 3x"},"classes":[]},{"id":103924,"url":"https:\/\/www.shqiperia.com\/blog\/rikthehet-iso-mbi-kalldrem-ne-gjirokaster\/","url_meta":{"origin":82152,"position":4},"title":"Rikthehet \u2018Iso mbi kalldr\u00ebm\u2019 n\u00eb Gjirokast\u00ebr","author":"Kurt Farka","date":"August 7, 2026","format":false,"excerpt":"7 Gusht 2026 Mbr\u00ebmjet e ver\u00ebs n\u00eb Pazarin Karakteristik t\u00eb Gjirokastr\u00ebs vijojn\u00eb t\u00eb marrin jet\u00eb n\u00ebn tingujt e isopolifonis\u00eb. Edicioni i pest\u00eb i aktivitetit \u201cIso mbi Kalldr\u00ebm\u201d ka rikthyer edhe k\u00ebt\u00eb vit atmosfer\u00ebn tradicionale n\u00eb zem\u00ebr t\u00eb qytetit, duke mbledhur banor\u00eb e vizitor\u00eb vendas e t\u00eb huaj. \u201c\u00cbsht\u00eb k\u00ebnaq\u00ebsi q\u00eb\u2026","rel":"","context":"In &quot;Arte&quot;","block_context":{"text":"Arte","link":"https:\/\/www.shqiperia.com\/blog\/category\/arte\/"},"img":{"alt_text":"","src":"https:\/\/i0.wp.com\/www.shqiperia.com\/blog\/wp-content\/uploads\/2026\/08\/Screenshot_10-1-1024x641-1.jpg?fit=1024%2C641&ssl=1&resize=350%2C200","width":350,"height":200,"srcset":"https:\/\/i0.wp.com\/www.shqiperia.com\/blog\/wp-content\/uploads\/2026\/08\/Screenshot_10-1-1024x641-1.jpg?fit=1024%2C641&ssl=1&resize=350%2C200 1x, https:\/\/i0.wp.com\/www.shqiperia.com\/blog\/wp-content\/uploads\/2026\/08\/Screenshot_10-1-1024x641-1.jpg?fit=1024%2C641&ssl=1&resize=525%2C300 1.5x, https:\/\/i0.wp.com\/www.shqiperia.com\/blog\/wp-content\/uploads\/2026\/08\/Screenshot_10-1-1024x641-1.jpg?fit=1024%2C641&ssl=1&resize=700%2C400 2x"},"classes":[]},{"id":105510,"url":"https:\/\/www.shqiperia.com\/blog\/qirate-rriten-por-fitimi-mbetet-i-dobet-ja-sa-vite-duhen-per-te-rikuperuar-parate-nga-nje-apartament-ne-tirane\/","url_meta":{"origin":82152,"position":5},"title":"Qirat\u00eb rriten, por fitimi mbetet i dob\u00ebt\/ Ja sa vite duhen p\u00ebr t\u00eb rikuperuar parat\u00eb nga nj\u00eb apartament n\u00eb Tiran\u00eb","author":"Kurt Farka","date":"August 30, 2026","format":false,"excerpt":"30 Gusht 2026 Tregu shqiptar i pasurive t\u00eb paluajtshme n\u00eb p\u00ebrgjith\u00ebsi ofron kthime modeste nga blerja e pronave p\u00ebr qiradh\u00ebnie. Megjith\u00ebse \u00e7mimet e qirave n\u00eb vitet e fundit jan\u00eb rritur, duke ndjekur tendencat n\u00eb rritje t\u00eb \u00e7mimeve t\u00eb shitjes dhe t\u00eb shtyra sidomos nga k\u00ebrkesa n\u00eb rritje p\u00ebr qira ditore\u2026","rel":"","context":"In &quot;Blogu i Udh\u00ebtarit&quot;","block_context":{"text":"Blogu i Udh\u00ebtarit","link":"https:\/\/www.shqiperia.com\/blog\/category\/blogu-i-udhetarit\/"},"img":{"alt_text":"","src":"https:\/\/i0.wp.com\/www.shqiperia.com\/blog\/wp-content\/uploads\/2026\/08\/shtepi-me-qira-airbnb-apartament-2-1186-1024x682-1-676x450-6a93c902689a1.jpg?fit=676%2C450&ssl=1&resize=350%2C200","width":350,"height":200,"srcset":"https:\/\/i0.wp.com\/www.shqiperia.com\/blog\/wp-content\/uploads\/2026\/08\/shtepi-me-qira-airbnb-apartament-2-1186-1024x682-1-676x450-6a93c902689a1.jpg?fit=676%2C450&ssl=1&resize=350%2C200 1x, https:\/\/i0.wp.com\/www.shqiperia.com\/blog\/wp-content\/uploads\/2026\/08\/shtepi-me-qira-airbnb-apartament-2-1186-1024x682-1-676x450-6a93c902689a1.jpg?fit=676%2C450&ssl=1&resize=525%2C300 1.5x"},"classes":[]}],"_links":{"self":[{"href":"https:\/\/www.shqiperia.com\/blog\/wp-json\/wp\/v2\/posts\/82152","targetHints":{"allow":["GET"]}}],"collection":[{"href":"https:\/\/www.shqiperia.com\/blog\/wp-json\/wp\/v2\/posts"}],"about":[{"href":"https:\/\/www.shqiperia.com\/blog\/wp-json\/wp\/v2\/types\/post"}],"author":[{"embeddable":true,"href":"https:\/\/www.shqiperia.com\/blog\/wp-json\/wp\/v2\/users\/9"}],"replies":[{"embeddable":true,"href":"https:\/\/www.shqiperia.com\/blog\/wp-json\/wp\/v2\/comments?post=82152"}],"version-history":[{"count":1,"href":"https:\/\/www.shqiperia.com\/blog\/wp-json\/wp\/v2\/posts\/82152\/revisions"}],"predecessor-version":[{"id":82154,"href":"https:\/\/www.shqiperia.com\/blog\/wp-json\/wp\/v2\/posts\/82152\/revisions\/82154"}],"wp:featuredmedia":[{"embeddable":true,"href":"https:\/\/www.shqiperia.com\/blog\/wp-json\/wp\/v2\/media\/82153"}],"wp:attachment":[{"href":"https:\/\/www.shqiperia.com\/blog\/wp-json\/wp\/v2\/media?parent=82152"}],"wp:term":[{"taxonomy":"category","embeddable":true,"href":"https:\/\/www.shqiperia.com\/blog\/wp-json\/wp\/v2\/categories?post=82152"},{"taxonomy":"post_tag","embeddable":true,"href":"https:\/\/www.shqiperia.com\/blog\/wp-json\/wp\/v2\/tags?post=82152"}],"curies":[{"name":"wp","href":"https:\/\/api.w.org\/{rel}","templated":true}]}}