{"id":82117,"date":"2024-06-24T06:22:59","date_gmt":"2024-06-24T06:22:59","guid":{"rendered":"https:\/\/www.shqiperia.com\/blog\/?p=82117"},"modified":"2024-06-24T06:23:50","modified_gmt":"2024-06-24T06:23:50","slug":"unicef-47-te-femijeve-ne-shqiperi-ne-varferi-ushqimore-vendi-yne-le-pas-vetem-taxhikistanin-ne-europe-dhe-azine-qendrore","status":"publish","type":"post","link":"https:\/\/www.shqiperia.com\/blog\/unicef-47-te-femijeve-ne-shqiperi-ne-varferi-ushqimore-vendi-yne-le-pas-vetem-taxhikistanin-ne-europe-dhe-azine-qendrore\/","title":{"rendered":"UNICEF: &#8211; 47% t\u00eb f\u00ebmij\u00ebve n\u00eb Shqip\u00ebri n\u00eb varf\u00ebri ushqimore! &#8211; Vendi yn\u00eb l\u00eb pas vet\u00ebm Taxhikistanin n\u00eb Europ\u00eb dhe Azin\u00eb Qendrore"},"content":{"rendered":"<p><img data-recalc-dims=\"1\" loading=\"lazy\" decoding=\"async\" data-attachment-id=\"82118\" data-permalink=\"https:\/\/www.shqiperia.com\/blog\/unicef-47-te-femijeve-ne-shqiperi-ne-varferi-ushqimore-vendi-yne-le-pas-vetem-taxhikistanin-ne-europe-dhe-azine-qendrore\/pasiguria-ne-ushqim-2\/\" data-orig-file=\"https:\/\/i0.wp.com\/www.shqiperia.com\/blog\/wp-content\/uploads\/2024\/06\/PASIGURIA-NE-USHQIM.jpg?fit=1920%2C1280&amp;ssl=1\" data-orig-size=\"1920,1280\" data-comments-opened=\"1\" data-image-meta=\"{&quot;aperture&quot;:&quot;0&quot;,&quot;credit&quot;:&quot;&quot;,&quot;camera&quot;:&quot;&quot;,&quot;caption&quot;:&quot;&quot;,&quot;created_timestamp&quot;:&quot;0&quot;,&quot;copyright&quot;:&quot;\\u00a9kuarmungadd - stock.adobe.com&quot;,&quot;focal_length&quot;:&quot;0&quot;,&quot;iso&quot;:&quot;0&quot;,&quot;shutter_speed&quot;:&quot;0&quot;,&quot;title&quot;:&quot;&quot;,&quot;orientation&quot;:&quot;0&quot;}\" data-image-title=\"PASIGURIA-NE-USHQIM\" data-image-description=\"\" data-image-caption=\"\" data-medium-file=\"https:\/\/i0.wp.com\/www.shqiperia.com\/blog\/wp-content\/uploads\/2024\/06\/PASIGURIA-NE-USHQIM.jpg?fit=300%2C200&amp;ssl=1\" data-large-file=\"https:\/\/i0.wp.com\/www.shqiperia.com\/blog\/wp-content\/uploads\/2024\/06\/PASIGURIA-NE-USHQIM.jpg?fit=1024%2C683&amp;ssl=1\" class=\"alignnone wp-image-82118\" alt=\"\" src=\"https:\/\/i0.wp.com\/www.shqiperia.com\/blog\/wp-content\/uploads\/2024\/06\/PASIGURIA-NE-USHQIM.jpg?resize=533%2C355&#038;ssl=1\" width=\"533\" height=\"355\" srcset=\"https:\/\/i0.wp.com\/www.shqiperia.com\/blog\/wp-content\/uploads\/2024\/06\/PASIGURIA-NE-USHQIM.jpg?resize=300%2C200&amp;ssl=1 300w, https:\/\/i0.wp.com\/www.shqiperia.com\/blog\/wp-content\/uploads\/2024\/06\/PASIGURIA-NE-USHQIM.jpg?resize=1024%2C683&amp;ssl=1 1024w, https:\/\/i0.wp.com\/www.shqiperia.com\/blog\/wp-content\/uploads\/2024\/06\/PASIGURIA-NE-USHQIM.jpg?resize=768%2C512&amp;ssl=1 768w, https:\/\/i0.wp.com\/www.shqiperia.com\/blog\/wp-content\/uploads\/2024\/06\/PASIGURIA-NE-USHQIM.jpg?resize=1536%2C1024&amp;ssl=1 1536w, https:\/\/i0.wp.com\/www.shqiperia.com\/blog\/wp-content\/uploads\/2024\/06\/PASIGURIA-NE-USHQIM.jpg?resize=600%2C400&amp;ssl=1 600w, https:\/\/i0.wp.com\/www.shqiperia.com\/blog\/wp-content\/uploads\/2024\/06\/PASIGURIA-NE-USHQIM.jpg?resize=450%2C300&amp;ssl=1 450w, https:\/\/i0.wp.com\/www.shqiperia.com\/blog\/wp-content\/uploads\/2024\/06\/PASIGURIA-NE-USHQIM.jpg?resize=1500%2C1000&amp;ssl=1 1500w, https:\/\/i0.wp.com\/www.shqiperia.com\/blog\/wp-content\/uploads\/2024\/06\/PASIGURIA-NE-USHQIM.jpg?resize=1300%2C867&amp;ssl=1 1300w, https:\/\/i0.wp.com\/www.shqiperia.com\/blog\/wp-content\/uploads\/2024\/06\/PASIGURIA-NE-USHQIM.jpg?resize=400%2C267&amp;ssl=1 400w, https:\/\/i0.wp.com\/www.shqiperia.com\/blog\/wp-content\/uploads\/2024\/06\/PASIGURIA-NE-USHQIM.jpg?w=1920&amp;ssl=1 1920w\" sizes=\"auto, (max-width: 533px) 100vw, 533px\" \/><\/p>\n<p><strong>24 Qershor 2024<\/strong><\/p>\n<p><strong>T\u00eb dh\u00ebnat e UNICEF p\u00ebr varf\u00ebrin\u00eb ushqimore t\u00eb f\u00ebmij\u00ebve n\u00eb Shqip\u00ebri jan\u00eb alarmante. Botimi i fundit \u201cVarf\u00ebria ushqimore n\u00eb f\u00ebmij\u00ebrin\u00eb e hershme\u201d tregon se Shqip\u00ebria ka 18% t\u00eb f\u00ebmij\u00ebve posht\u00eb 5 vje\u00e7 t\u00eb privuar r\u00ebnd\u00eb nga dieta ushqimore dhe 29% e f\u00ebmij\u00ebve jan\u00eb n\u00eb varf\u00ebri t\u00eb moderuar (Total 47%).<\/strong><\/p>\n<p>UNICEF kategorizon si privim t\u00eb r\u00ebnd\u00eb ushqimor f\u00ebmij\u00ebt q\u00eb ushqehen me dy ose me pak lloje ushqimesh n\u00eb dit\u00eb, nd\u00ebrsa me varf\u00ebri t\u00eb moderuar ato q\u00eb ushqehen me m\u00eb pak se 4 lloje ushqimesh.<\/p>\n<p>Krahasimi global i UNICEF tregon se Shqip\u00ebria ka p\u00ebrqindjen m\u00eb t\u00eb lart\u00eb t\u00eb f\u00ebmij\u00ebve q\u00eb jetojn\u00eb n\u00eb varf\u00ebri n\u00eb Europ\u00eb dhe Azin\u00eb Qendrore, pas Taxhikistanit.<\/p>\n<p>N\u00eb renditjen globale, Shqip\u00ebria pozicionohet shum\u00eb keq me varf\u00ebrin\u00eb e f\u00ebmij\u00ebve, duke l\u00ebn\u00eb pas edhe vende q\u00eb kan\u00eb kaluar luft\u00ebra si Iraku dhe vende afrikane si Kenia, \u00c7adi, Ruanda etj.<\/p>\n<p>UNICEF vler\u00ebson se varf\u00ebria ushqimore d\u00ebmton t\u00eb gjith\u00eb f\u00ebmij\u00ebt, por \u00ebsht\u00eb ve\u00e7an\u00ebrisht e d\u00ebmshme n\u00eb f\u00ebmij\u00ebrin\u00eb e hershme, kur ushqimi i pamjaftuesh\u00ebm mund t\u00eb shkaktoj\u00eb d\u00ebme\u00a0 si n\u00eb rritjen fizike dhe n\u00eb aft\u00ebsit\u00eb e zhvillimit mendor. Pasojat mund t\u00eb zgjasin gjat\u00eb gjith\u00eb jet\u00ebs.<\/p>\n<p>F\u00ebmij\u00ebt e privuar nga ushqimi i mir\u00eb n\u00ebn mosh\u00ebn 5 vje\u00e7 m\u00ebsojn\u00eb m\u00eb pak n\u00eb shkoll\u00eb dhe kan\u00eb kapacitete m\u00eb t\u00eb ul\u00ebta t\u00eb produktivitetit n\u00eb mosh\u00ebn madhore, duke i futur ata dhe familjet e tyre n\u00eb nj\u00eb cik\u00ebl varf\u00ebrie t\u00eb vazhdueshme.<\/p>\n<p>UNICEF sqaroi se baza e t\u00eb dh\u00ebnave p\u00ebr ushqyerjen e foshnjave dhe f\u00ebmij\u00ebve t\u00eb vegj\u00ebl u krijua nga sondazhet e kryera n\u00eb 137 vende dhe territore dhe p\u00ebrfaq\u00ebsojn\u00eb m\u00eb shum\u00eb se 90 p\u00ebr qind t\u00eb gjith\u00eb f\u00ebmij\u00ebve n\u00eb rang global.<\/p>\n<p>Renditjen m\u00eb t\u00eb mir\u00eb n\u00eb vendet n\u00eb zhvillim dhe t\u00eb varfra e kishin Bjellorusia dhe Serbia, t\u00eb cilat kishin vet\u00ebm 1 dhe 2% secila t\u00eb f\u00ebmij\u00ebve n\u00eb privim t\u00eb r\u00ebnd\u00eb ushqimor.<\/p>\n<p>Varf\u00ebria ushqimore e f\u00ebmij\u00ebve matet duke p\u00ebrdorur diet\u00ebn e UNICEF-it dhe Organizat\u00ebs Bot\u00ebrore t\u00eb Sh\u00ebndet\u00ebsis\u00eb (OBSH). P\u00ebr t\u00eb p\u00ebrmbushur diversitetin minimal t\u00eb diet\u00ebs p\u00ebr rritje dhe zhvillim t\u00eb sh\u00ebndetsh\u00ebm, f\u00ebmij\u00ebt duhet t\u00eb konsumojn\u00eb pes\u00eb nga tet\u00eb grupet e p\u00ebrcaktuara ushqimore.<\/p>\n<p>Mes f\u00ebmij\u00ebve q\u00eb jetojn\u00eb n\u00eb varf\u00ebri t\u00eb r\u00ebnd\u00eb ushqimore, kat\u00ebr n\u00eb pes\u00eb f\u00ebmije ushqehen vet\u00ebm me qum\u00ebsht gjiri dhe\/ose produkte qum\u00ebshti dhe\/ose nj\u00eb l\u00ebnd\u00eb baz\u00eb niseshteje, si orizi, misri ose gruri.<\/p>\n<p>M\u00eb pak se 10% ushqehen me fruta dhe perime dhe m\u00eb pak se 5% ushqehen me vez\u00eb, ose mish, shpend\u00eb dhe peshku. Nd\u00ebrkoh\u00eb, ushqimet dhe pijet jo t\u00eb sh\u00ebndetshme konsumohen n\u00eb p\u00ebrqindje alarmante t\u00eb\u00a0 f\u00ebmij\u00ebve q\u00eb jetojn\u00eb n\u00eb varf\u00ebrin\u00eb e r\u00ebnd\u00eb t\u00eb ushqimore.<\/p>\n<p>Analiza e UNICEF identifikon si shtyt\u00ebs kryesor t\u00eb s\u00ebmundjeve t\u00eb r\u00ebnda varf\u00ebrin\u00eb ushqimore t\u00eb f\u00ebmij\u00ebve. Varf\u00ebria e r\u00ebnd\u00eb ushqimore e f\u00ebmij\u00ebve shkaktohet nga mjediset e varfra dhe praktikat e k\u00ebqija t\u00eb t\u00eb ushqyerit.\/Monitor<\/p>\n","protected":false},"excerpt":{"rendered":"<p>24 Qershor 2024 T\u00eb dh\u00ebnat e UNICEF p\u00ebr varf\u00ebrin\u00eb ushqimore t\u00eb f\u00ebmij\u00ebve n\u00eb Shqip\u00ebri jan\u00eb alarmante. Botimi i fundit \u201cVarf\u00ebria ushqimore n\u00eb f\u00ebmij\u00ebrin\u00eb e hershme\u201d tregon se Shqip\u00ebria ka 18% t\u00eb f\u00ebmij\u00ebve posht\u00eb 5 vje\u00e7 t\u00eb privuar r\u00ebnd\u00eb nga dieta ushqimore dhe 29% e f\u00ebmij\u00ebve jan\u00eb n\u00eb varf\u00ebri t\u00eb moderuar (Total 47%). UNICEF kategorizon si [&hellip;]<\/p>\n","protected":false},"author":9,"featured_media":82118,"comment_status":"open","ping_status":"open","sticky":false,"template":"","format":"standard","meta":{"jetpack_post_was_ever_published":false,"_jetpack_newsletter_access":"","_jetpack_dont_email_post_to_subs":false,"_jetpack_newsletter_tier_id":0,"_jetpack_memberships_contains_paywalled_content":false,"_jetpack_memberships_contains_paid_content":false,"footnotes":"","jetpack_publicize_message":"","jetpack_publicize_feature_enabled":true,"jetpack_social_post_already_shared":true,"jetpack_social_options":{"image_generator_settings":{"template":"highway","default_image_id":0,"font":"","enabled":false},"version":2}},"categories":[27,1,2,35],"tags":[],"class_list":["post-82117","post","type-post","status-publish","format-standard","has-post-thumbnail","hentry","category-blogu-i-udhetarit","category-njoftime-shtypi","category-politika","category-shoqerore"],"jetpack_publicize_connections":[],"jetpack_featured_media_url":"https:\/\/i0.wp.com\/www.shqiperia.com\/blog\/wp-content\/uploads\/2024\/06\/PASIGURIA-NE-USHQIM.jpg?fit=1920%2C1280&ssl=1","jetpack_sharing_enabled":true,"jetpack_shortlink":"https:\/\/wp.me\/p5Z6wp-lmt","jetpack-related-posts":[{"id":63385,"url":"https:\/\/www.shqiperia.com\/blog\/unicef-35-mije-shqiptare-jane-zhytur-ne-varferi-nga-kriza-shifrat-me-te-larta-ne-rajon\/","url_meta":{"origin":82117,"position":0},"title":"UNICEF: 35 mij\u00eb shqiptar\u00eb jan\u00eb zhytur n\u00eb varf\u00ebri nga kriza, shifrat m\u00eb t\u00eb larta n\u00eb rajon","author":"Kurt Farka","date":"October 18, 2022","format":false,"excerpt":"18 Tetor 2022 Rreth 35.4 mij\u00eb shqiptar\u00eb pritet q\u00eb ti shtohen numrit t\u00eb t\u00eb varf\u00ebrve n\u00eb vend si rrjedhoj\u00eb e ndikimit q\u00eb do t\u00eb ket\u00eb lufta n\u00eb Ukrain\u00eb n\u00eb ecurin\u00eb ekonomike t\u00eb vendit. Shifra \u00ebsht\u00eb publikuar n\u00eb raportin e fundit t\u00eb UNICEF p\u00ebr pasojat e luft\u00ebs n\u00eb varf\u00ebrin\u00eb e f\u00ebmij\u00ebve.\u2026","rel":"","context":"In &quot;Blogu i Udh\u00ebtarit&quot;","block_context":{"text":"Blogu i Udh\u00ebtarit","link":"https:\/\/www.shqiperia.com\/blog\/category\/blogu-i-udhetarit\/"},"img":{"alt_text":"","src":"https:\/\/i0.wp.com\/www.shqiperia.com\/blog\/wp-content\/uploads\/2022\/10\/35-mije-shqiptare-jane-zhytur-ne-varferi-nga-kriza-shifrat-me-te-larta-ne-rajon.jpg?fit=726%2C433&ssl=1&resize=350%2C200","width":350,"height":200,"srcset":"https:\/\/i0.wp.com\/www.shqiperia.com\/blog\/wp-content\/uploads\/2022\/10\/35-mije-shqiptare-jane-zhytur-ne-varferi-nga-kriza-shifrat-me-te-larta-ne-rajon.jpg?fit=726%2C433&ssl=1&resize=350%2C200 1x, https:\/\/i0.wp.com\/www.shqiperia.com\/blog\/wp-content\/uploads\/2022\/10\/35-mije-shqiptare-jane-zhytur-ne-varferi-nga-kriza-shifrat-me-te-larta-ne-rajon.jpg?fit=726%2C433&ssl=1&resize=525%2C300 1.5x, https:\/\/i0.wp.com\/www.shqiperia.com\/blog\/wp-content\/uploads\/2022\/10\/35-mije-shqiptare-jane-zhytur-ne-varferi-nga-kriza-shifrat-me-te-larta-ne-rajon.jpg?fit=726%2C433&ssl=1&resize=700%2C400 2x"},"classes":[]},{"id":105229,"url":"https:\/\/www.shqiperia.com\/blog\/lista-50-te-grupeve-ushqimore-i-paguajme-me-shtrenjte-se-europa-rekord-dhe-ne-rajon\/","url_meta":{"origin":82117,"position":1},"title":"Lista\/ 50% t\u00eb grupeve ushqimore i paguajm\u00eb m\u00eb shtrenjt\u00eb se Europa, rekord dhe n\u00eb rajon","author":"Kurt Farka","date":"August 26, 2026","format":false,"excerpt":"26 Gusht 2026 Shqip\u00ebria ka nj\u00eb nga peshat m\u00eb t\u00eb larta t\u00eb bujq\u00ebsis\u00eb n\u00eb ekonomi n\u00eb Europ\u00eb, me gati 15% t\u00eb Prodhimit t\u00eb Brendsh\u00ebm Bruto, kundrejt af\u00ebrsisht 2% mesatarisht n\u00eb Bashkimin Europian dhe m\u00eb pak se 8% n\u00eb vendet e tjera t\u00eb rajonit (shiko grafikun n\u00eb fund). Por pesha e\u2026","rel":"","context":"In &quot;Blogu i Udh\u00ebtarit&quot;","block_context":{"text":"Blogu i Udh\u00ebtarit","link":"https:\/\/www.shqiperia.com\/blog\/category\/blogu-i-udhetarit\/"},"img":{"alt_text":"","src":"https:\/\/i0.wp.com\/www.shqiperia.com\/blog\/wp-content\/uploads\/2026\/08\/markete.jpg?fit=630%2C355&ssl=1&resize=350%2C200","width":350,"height":200,"srcset":"https:\/\/i0.wp.com\/www.shqiperia.com\/blog\/wp-content\/uploads\/2026\/08\/markete.jpg?fit=630%2C355&ssl=1&resize=350%2C200 1x, https:\/\/i0.wp.com\/www.shqiperia.com\/blog\/wp-content\/uploads\/2026\/08\/markete.jpg?fit=630%2C355&ssl=1&resize=525%2C300 1.5x"},"classes":[]},{"id":104414,"url":"https:\/\/www.shqiperia.com\/blog\/ne-51-bashki-te-vendit-numri-i-te-moshuarve-tashme-tejkalon-numrin-e-femijeve\/","url_meta":{"origin":82117,"position":2},"title":"N\u00eb 51 bashki t\u00eb vendit numri i t\u00eb moshuarve tashm\u00eb tejkalon numrin e f\u00ebmij\u00ebve","author":"Kurt Farka","date":"August 14, 2026","format":false,"excerpt":"14 Gusht 2026 Dokumentet mbi t\u00eb cilat mb\u00ebshtetet reforma e re territoriale e propozuar nga mazhoranca ofrojn\u00eb nj\u00eb fotografi t\u00eb polarizimit demografik t\u00eb Shqip\u00ebris\u00eb, se si emigracioni dhe l\u00ebvizjet e brendshme kan\u00eb zbrazur qytetet e vogla dhe zonat rurale dhe popullsia \u00ebsht\u00eb p\u00ebrqendruar n\u00eb pak qendra urbane. \u201cReforma Administrativo-Territoriale 2.0\u201d,\u2026","rel":"","context":"In &quot;Blogu i Udh\u00ebtarit&quot;","block_context":{"text":"Blogu i Udh\u00ebtarit","link":"https:\/\/www.shqiperia.com\/blog\/category\/blogu-i-udhetarit\/"},"img":{"alt_text":"","src":"https:\/\/i0.wp.com\/www.shqiperia.com\/blog\/wp-content\/uploads\/2026\/08\/pension-1.jpg?fit=1200%2C720&ssl=1&resize=350%2C200","width":350,"height":200,"srcset":"https:\/\/i0.wp.com\/www.shqiperia.com\/blog\/wp-content\/uploads\/2026\/08\/pension-1.jpg?fit=1200%2C720&ssl=1&resize=350%2C200 1x, https:\/\/i0.wp.com\/www.shqiperia.com\/blog\/wp-content\/uploads\/2026\/08\/pension-1.jpg?fit=1200%2C720&ssl=1&resize=525%2C300 1.5x, https:\/\/i0.wp.com\/www.shqiperia.com\/blog\/wp-content\/uploads\/2026\/08\/pension-1.jpg?fit=1200%2C720&ssl=1&resize=700%2C400 2x, https:\/\/i0.wp.com\/www.shqiperia.com\/blog\/wp-content\/uploads\/2026\/08\/pension-1.jpg?fit=1200%2C720&ssl=1&resize=1050%2C600 3x"},"classes":[]},{"id":41591,"url":"https:\/\/www.shqiperia.com\/blog\/krahasohemi-me-afriken-bb-60-e-te-varferve-ne-shqiperi-nuk-kane-ushqim-te-mjaftueshem-dhe-cilesor\/","url_meta":{"origin":82117,"position":3},"title":"Krahasohemi me Afrik\u00ebn, BB: 60% e t\u00eb varf\u00ebrve n\u00eb Shqip\u00ebri nuk kan\u00eb ushqim t\u00eb mjaftuesh\u00ebm dhe cil\u00ebsor","author":"Kurt Farka","date":"December 6, 2020","format":false,"excerpt":"Krahasohemi me Afrik\u00ebn, BB: 60% e t\u00eb varf\u00ebrve n\u00eb Shqip\u00ebri nuk kan\u00eb ushqim t\u00eb mjaftuesh\u00ebm dhe cil\u00ebsor 4 dhjetor 2020 Duke analizuar zhvillimin e q\u00ebndruesh\u00ebm global t\u00eb p\u00ebrcaktuar n\u00eb objektivat e Kombeve t\u00eb Bashkuara, deri n\u00eb vitin 2031, Banka Bot\u00ebrore gjeti se, ende nj\u00eb p\u00ebrqindje m\u00eb e madhe e njer\u00ebzve\u2026","rel":"","context":"In &quot;Blogu i Udh\u00ebtarit&quot;","block_context":{"text":"Blogu i Udh\u00ebtarit","link":"https:\/\/www.shqiperia.com\/blog\/category\/blogu-i-udhetarit\/"},"img":{"alt_text":"","src":"https:\/\/i0.wp.com\/www.shqiperia.com\/blog\/wp-content\/uploads\/2020\/12\/download-2-300x131.jpg?resize=350%2C200&ssl=1","width":350,"height":200,"srcset":"https:\/\/i0.wp.com\/www.shqiperia.com\/blog\/wp-content\/uploads\/2020\/12\/download-2-300x131.jpg?resize=350%2C200&ssl=1 1x, https:\/\/i0.wp.com\/www.shqiperia.com\/blog\/wp-content\/uploads\/2020\/12\/download-2-300x131.jpg?resize=525%2C300&ssl=1 1.5x"},"classes":[]},{"id":103935,"url":"https:\/\/www.shqiperia.com\/blog\/unicef-nje-femije-vrtet-perdite-ne-gaza-pavaresisht-se-ka-armepushim\/","url_meta":{"origin":82117,"position":4},"title":"UNICEF: &#8211; Nj\u00eb f\u00ebmij\u00eb vr*tet p\u00ebrdit\u00eb n\u00eb Gaza, pavar\u00ebsisht se ka arm\u00ebpushim","author":"Kurt Farka","date":"August 7, 2026","format":false,"excerpt":"7 Gusht 2026 Sipas UNICEF-it, rreth 300 f\u00ebmij\u00eb jan\u00eb vrar\u00eb n\u00eb Rripin e Gaz\u00ebs gjat\u00eb af\u00ebrsisht 300 dit\u00ebve q\u00eb nga shpallja e arm\u00ebpushimit m\u00eb 10 tetor 2025, nj\u00eb mesatare prej nj\u00eb f\u00ebmije t\u00eb vrar\u00eb \u00e7do dit\u00eb. Agjencia e Kombeve t\u00eb Bashkuara p\u00ebr F\u00ebmij\u00ebt thekson se qindra t\u00eb tjer\u00eb jan\u00eb plagosur,\u2026","rel":"","context":"In &quot;Blogu i Udh\u00ebtarit&quot;","block_context":{"text":"Blogu i Udh\u00ebtarit","link":"https:\/\/www.shqiperia.com\/blog\/category\/blogu-i-udhetarit\/"},"img":{"alt_text":"","src":"https:\/\/i0.wp.com\/www.shqiperia.com\/blog\/wp-content\/uploads\/2026\/08\/640-0-ea06a5263a9386f0a3b65b1866d7df87.webp?fit=640%2C409&ssl=1&resize=350%2C200","width":350,"height":200,"srcset":"https:\/\/i0.wp.com\/www.shqiperia.com\/blog\/wp-content\/uploads\/2026\/08\/640-0-ea06a5263a9386f0a3b65b1866d7df87.webp?fit=640%2C409&ssl=1&resize=350%2C200 1x, https:\/\/i0.wp.com\/www.shqiperia.com\/blog\/wp-content\/uploads\/2026\/08\/640-0-ea06a5263a9386f0a3b65b1866d7df87.webp?fit=640%2C409&ssl=1&resize=525%2C300 1.5x"},"classes":[]},{"id":17231,"url":"https:\/\/www.shqiperia.com\/blog\/unicef-25-e-femijeve-shqiptare-flasin-online-me-te-panjohur\/","url_meta":{"origin":82117,"position":5},"title":"UNICEF: 25% e f\u00ebmij\u00ebve shqiptar\u00eb flasin online me t\u00eb panjohur","author":"Kurt Farka","date":"February 11, 2019","format":false,"excerpt":"UNICEF: 25% e f\u00ebmij\u00ebve shqiptar\u00eb flasin online me t\u00eb panjohur. - 10 shkurt 2019. F\u00ebmij\u00ebt mbi mosh\u00ebn 9 vje\u00e7 n\u00eb Shqip\u00ebri kan\u00eb akses t\u00eb palimituar n\u00eb internet. Nj\u00eb raport i UNICEF ka nxjerr\u00eb n\u00eb pah se 77%\u00a0 e f\u00ebmij\u00ebve p\u00ebrdorin telefonin \u00e7do dit\u00eb dhe q\u00ebndrojn\u00eb mesatarisht 3 or\u00eb online, duke\u2026","rel":"","context":"In &quot;Blogu i Udh\u00ebtarit&quot;","block_context":{"text":"Blogu i Udh\u00ebtarit","link":"https:\/\/www.shqiperia.com\/blog\/category\/blogu-i-udhetarit\/"},"img":{"alt_text":"","src":"https:\/\/i0.wp.com\/www.shqiperia.com\/blog\/wp-content\/uploads\/2019\/02\/EF0BD11D-8932-46E9-B030-33F0AFF33F05-905x395.jpeg?fit=905%2C395&ssl=1&resize=350%2C200","width":350,"height":200,"srcset":"https:\/\/i0.wp.com\/www.shqiperia.com\/blog\/wp-content\/uploads\/2019\/02\/EF0BD11D-8932-46E9-B030-33F0AFF33F05-905x395.jpeg?fit=905%2C395&ssl=1&resize=350%2C200 1x, https:\/\/i0.wp.com\/www.shqiperia.com\/blog\/wp-content\/uploads\/2019\/02\/EF0BD11D-8932-46E9-B030-33F0AFF33F05-905x395.jpeg?fit=905%2C395&ssl=1&resize=525%2C300 1.5x, https:\/\/i0.wp.com\/www.shqiperia.com\/blog\/wp-content\/uploads\/2019\/02\/EF0BD11D-8932-46E9-B030-33F0AFF33F05-905x395.jpeg?fit=905%2C395&ssl=1&resize=700%2C400 2x"},"classes":[]}],"_links":{"self":[{"href":"https:\/\/www.shqiperia.com\/blog\/wp-json\/wp\/v2\/posts\/82117","targetHints":{"allow":["GET"]}}],"collection":[{"href":"https:\/\/www.shqiperia.com\/blog\/wp-json\/wp\/v2\/posts"}],"about":[{"href":"https:\/\/www.shqiperia.com\/blog\/wp-json\/wp\/v2\/types\/post"}],"author":[{"embeddable":true,"href":"https:\/\/www.shqiperia.com\/blog\/wp-json\/wp\/v2\/users\/9"}],"replies":[{"embeddable":true,"href":"https:\/\/www.shqiperia.com\/blog\/wp-json\/wp\/v2\/comments?post=82117"}],"version-history":[{"count":2,"href":"https:\/\/www.shqiperia.com\/blog\/wp-json\/wp\/v2\/posts\/82117\/revisions"}],"predecessor-version":[{"id":82120,"href":"https:\/\/www.shqiperia.com\/blog\/wp-json\/wp\/v2\/posts\/82117\/revisions\/82120"}],"wp:featuredmedia":[{"embeddable":true,"href":"https:\/\/www.shqiperia.com\/blog\/wp-json\/wp\/v2\/media\/82118"}],"wp:attachment":[{"href":"https:\/\/www.shqiperia.com\/blog\/wp-json\/wp\/v2\/media?parent=82117"}],"wp:term":[{"taxonomy":"category","embeddable":true,"href":"https:\/\/www.shqiperia.com\/blog\/wp-json\/wp\/v2\/categories?post=82117"},{"taxonomy":"post_tag","embeddable":true,"href":"https:\/\/www.shqiperia.com\/blog\/wp-json\/wp\/v2\/tags?post=82117"}],"curies":[{"name":"wp","href":"https:\/\/api.w.org\/{rel}","templated":true}]}}