{"id":82114,"date":"2024-06-24T06:17:53","date_gmt":"2024-06-24T06:17:53","guid":{"rendered":"https:\/\/www.shqiperia.com\/blog\/?p=82114"},"modified":"2024-06-24T06:17:53","modified_gmt":"2024-06-24T06:17:53","slug":"nderron-jete-poeti-i-njohur-dhe-publicisti-agim-doci","status":"publish","type":"post","link":"https:\/\/www.shqiperia.com\/blog\/nderron-jete-poeti-i-njohur-dhe-publicisti-agim-doci\/","title":{"rendered":"Nd\u00ebrron jet\u00eb poeti i njohur dhe publicisti Agim Do\u00e7i"},"content":{"rendered":"<p><img data-recalc-dims=\"1\" loading=\"lazy\" decoding=\"async\" data-attachment-id=\"82115\" data-permalink=\"https:\/\/www.shqiperia.com\/blog\/nderron-jete-poeti-i-njohur-dhe-publicisti-agim-doci\/agim-doci\/\" data-orig-file=\"https:\/\/i0.wp.com\/www.shqiperia.com\/blog\/wp-content\/uploads\/2024\/06\/agim-doci.png?fit=549%2C360&amp;ssl=1\" data-orig-size=\"549,360\" data-comments-opened=\"1\" data-image-meta=\"{&quot;aperture&quot;:&quot;0&quot;,&quot;credit&quot;:&quot;&quot;,&quot;camera&quot;:&quot;&quot;,&quot;caption&quot;:&quot;&quot;,&quot;created_timestamp&quot;:&quot;0&quot;,&quot;copyright&quot;:&quot;&quot;,&quot;focal_length&quot;:&quot;0&quot;,&quot;iso&quot;:&quot;0&quot;,&quot;shutter_speed&quot;:&quot;0&quot;,&quot;title&quot;:&quot;&quot;,&quot;orientation&quot;:&quot;0&quot;}\" data-image-title=\"agim-doci\" data-image-description=\"\" data-image-caption=\"\" data-medium-file=\"https:\/\/i0.wp.com\/www.shqiperia.com\/blog\/wp-content\/uploads\/2024\/06\/agim-doci.png?fit=300%2C197&amp;ssl=1\" data-large-file=\"https:\/\/i0.wp.com\/www.shqiperia.com\/blog\/wp-content\/uploads\/2024\/06\/agim-doci.png?fit=549%2C360&amp;ssl=1\" class=\"alignnone  wp-image-82115\" alt=\"\" src=\"https:\/\/i0.wp.com\/www.shqiperia.com\/blog\/wp-content\/uploads\/2024\/06\/agim-doci.png?resize=781%2C513&#038;ssl=1\" width=\"781\" height=\"513\" srcset=\"https:\/\/i0.wp.com\/www.shqiperia.com\/blog\/wp-content\/uploads\/2024\/06\/agim-doci.png?resize=300%2C197&amp;ssl=1 300w, https:\/\/i0.wp.com\/www.shqiperia.com\/blog\/wp-content\/uploads\/2024\/06\/agim-doci.png?resize=450%2C295&amp;ssl=1 450w, https:\/\/i0.wp.com\/www.shqiperia.com\/blog\/wp-content\/uploads\/2024\/06\/agim-doci.png?resize=400%2C262&amp;ssl=1 400w, https:\/\/i0.wp.com\/www.shqiperia.com\/blog\/wp-content\/uploads\/2024\/06\/agim-doci.png?w=549&amp;ssl=1 549w\" sizes=\"auto, (max-width: 781px) 100vw, 781px\" \/><\/p>\n<p>24 Qershor 2024<\/p>\n<p>Lajmi p\u00ebr ndarjen nga jeta t\u00eb poetit t\u00eb mir\u00ebnjohur u konfirmuar nga familjar\u00ebt e tij.<\/p>\n<p>Ceremonia e varrimit do t\u00eb mbahet dit\u00ebn e nes\u00ebrme n\u00eb Tiran\u00eb, nd\u00ebrsa homazhet do t\u00eb zhvillohet n\u00eb or\u00ebn 11:00.<\/p>\n<p><strong>Jeta e poetit<\/strong><\/p>\n<p>Agim Do\u00e7i\u00a0ka lindur m\u00eb 9 maj 1948. \u00cbsht\u00eb nj\u00eb poet dhe autor k\u00ebng\u00ebsh shum\u00eb i njohur shqiptar.<\/p>\n<p>\u0112sht\u00eb arsimuar n\u00eb Shkod\u00ebr deri n\u00eb gjimnaz dhe ka vazhduar m\u00eb pas studimet e larta n\u00eb Universitetin Shtet\u00ebror t\u00eb Tiran\u00ebs n\u00eb Fakultetin e Inxhinieris\u00eb Elektrike.<\/p>\n<p>Ka punuar si inxhinier n\u00eb Montimet Industriale duke marr\u00eb pjes\u00eb n\u00eb shum\u00eb objekte t\u00eb r\u00ebnd\u00ebsishme si Fabrika \u00e7imentosh, Metalurgjik, Superfosfat La\u00e7, Poligrafik Tiran\u00eb etj. N\u00eb vitet e fundit t\u00eb \u201980 ka punuar pran\u00eb Kombinatit t\u00eb Drurit \u201cMisto Mame\u201d si kryeinxhinier p\u00ebr energjin\u00eb. N\u00eb 1989 d\u00ebnohet duke u caktuar t\u00eb punoj\u00eb me tre turne n\u00eb fabriken e let\u00ebr-kartonit. P\u00ebrfshihet n\u00eb l\u00ebvizjet e dhjetorit 1990.<\/p>\n<p>\u0112sht\u00eb autor i shum\u00eb teksteve t\u00eb k\u00ebng\u00ebve shqip\u00ebtare, fituesi i mbi 50 \u00e7mimeve, nd\u00ebr to dhe dy her\u00eb perfaq\u00ebsues me tekstet e tij n\u00eb Eurovizion. Ve\u00e7ohet bashk\u00ebpunimi me kompozitorin Edmond Zhulali n\u00eb shum\u00eb k\u00ebng\u00eb t\u00eb festivaleve n\u00eb Shqip\u00ebri dhe me mbi 100 k\u00ebng\u00eb p\u00ebr luft\u00ebn e Kosov\u00ebs. Mund t\u00eb p\u00ebrmenden k\u00ebnge shum\u00eb t\u00eb njohura si \u201cMarrshi i UCK-s\u00eb\u201d, \u201cA vritet pafajsia\u201d.<\/p>\n<p>Ka botuar disa libra me poezi si \u2018Hajde dru me pre\u2019, \u2018Rr\u00ebzuar mbi vetmin\u00eb\u2019, \u2018Rituali i kryq\u00ebzimit\u2019.<\/p>\n","protected":false},"excerpt":{"rendered":"<p>24 Qershor 2024 Lajmi p\u00ebr ndarjen nga jeta t\u00eb poetit t\u00eb mir\u00ebnjohur u konfirmuar nga familjar\u00ebt e tij. Ceremonia e varrimit do t\u00eb mbahet dit\u00ebn e nes\u00ebrme n\u00eb Tiran\u00eb, nd\u00ebrsa homazhet do t\u00eb zhvillohet n\u00eb or\u00ebn 11:00. Jeta e poetit Agim Do\u00e7i\u00a0ka lindur m\u00eb 9 maj 1948. \u00cbsht\u00eb nj\u00eb poet dhe autor k\u00ebng\u00ebsh shum\u00eb i [&hellip;]<\/p>\n","protected":false},"author":9,"featured_media":82115,"comment_status":"open","ping_status":"open","sticky":false,"template":"","format":"standard","meta":{"jetpack_post_was_ever_published":false,"_jetpack_newsletter_access":"","_jetpack_dont_email_post_to_subs":false,"_jetpack_newsletter_tier_id":0,"_jetpack_memberships_contains_paywalled_content":false,"_jetpack_memberships_contains_paid_content":false,"footnotes":"","jetpack_publicize_message":"","jetpack_publicize_feature_enabled":true,"jetpack_social_post_already_shared":true,"jetpack_social_options":{"image_generator_settings":{"template":"highway","default_image_id":0,"font":"","enabled":false},"version":2}},"categories":[27,10,1,35],"tags":[],"class_list":["post-82114","post","type-post","status-publish","format-standard","has-post-thumbnail","hentry","category-blogu-i-udhetarit","category-kultura","category-njoftime-shtypi","category-shoqerore"],"jetpack_publicize_connections":[],"jetpack_featured_media_url":"https:\/\/i0.wp.com\/www.shqiperia.com\/blog\/wp-content\/uploads\/2024\/06\/agim-doci.png?fit=549%2C360&ssl=1","jetpack_sharing_enabled":true,"jetpack_shortlink":"https:\/\/wp.me\/p5Z6wp-lmq","jetpack-related-posts":[{"id":100279,"url":"https:\/\/www.shqiperia.com\/blog\/jeta-ne-tirane-eshte-shtrenjtuar-me-60-brenda-5-viteve\/","url_meta":{"origin":82114,"position":0},"title":"Jeta n\u00eb Tiran\u00eb \u00ebsht\u00eb shtrenjtuar me 60% brenda 5 viteve","author":"Kurt Farka","date":"May 15, 2026","format":false,"excerpt":"15 Maji 2026 Tirana ka hyr\u00eb n\u00eb nj\u00eb faz\u00eb ku \u00e7mimet po rriten shum\u00eb m\u00eb shpejt t\u00eb ardhurat e shumic\u00ebs s\u00eb banor\u00ebve t\u00eb saj duke e shnd\u00ebrruar n\u00eb sfid\u00eb jet\u00ebn p\u00ebr nj\u00eb pjes\u00eb t\u00eb madhe prej tyre. T\u00eb dh\u00ebnat e platform\u00ebs Numbeo, nj\u00eb baromet\u00ebr digjital q\u00eb mbledh informacion n\u00eb koh\u00eb\u2026","rel":"","context":"In &quot;Blogu i Udh\u00ebtarit&quot;","block_context":{"text":"Blogu i Udh\u00ebtarit","link":"https:\/\/www.shqiperia.com\/blog\/category\/blogu-i-udhetarit\/"},"img":{"alt_text":"","src":"https:\/\/i0.wp.com\/www.shqiperia.com\/blog\/wp-content\/uploads\/2026\/05\/LAGJE-TIRANE-1536x1025-1.jpg?fit=1200%2C801&ssl=1&resize=350%2C200","width":350,"height":200,"srcset":"https:\/\/i0.wp.com\/www.shqiperia.com\/blog\/wp-content\/uploads\/2026\/05\/LAGJE-TIRANE-1536x1025-1.jpg?fit=1200%2C801&ssl=1&resize=350%2C200 1x, https:\/\/i0.wp.com\/www.shqiperia.com\/blog\/wp-content\/uploads\/2026\/05\/LAGJE-TIRANE-1536x1025-1.jpg?fit=1200%2C801&ssl=1&resize=525%2C300 1.5x, https:\/\/i0.wp.com\/www.shqiperia.com\/blog\/wp-content\/uploads\/2026\/05\/LAGJE-TIRANE-1536x1025-1.jpg?fit=1200%2C801&ssl=1&resize=700%2C400 2x, https:\/\/i0.wp.com\/www.shqiperia.com\/blog\/wp-content\/uploads\/2026\/05\/LAGJE-TIRANE-1536x1025-1.jpg?fit=1200%2C801&ssl=1&resize=1050%2C600 3x"},"classes":[]},{"id":104977,"url":"https:\/\/www.shqiperia.com\/blog\/ditmir-bushati-hapesirat-publike-jane-privatizuar-nga-nje-grusht-njerezish\/","url_meta":{"origin":82114,"position":1},"title":"Ditmir Bushati: &#8211; Hap\u00ebsirat publike jan\u00eb \u201cprivatizuar\u201d nga nj\u00eb grusht njer\u00ebzish!","author":"Kurt Farka","date":"August 22, 2026","format":false,"excerpt":"22 Gusht 2026 Ish-ministri i Jasht\u00ebm, Ditmir Bushati ka komentuar protestat q\u00eb prej 84 dit\u00ebsh k\u00ebrkojn\u00eb dor\u00ebheqjen e Edi Ram\u00ebs, duke i cil\u00ebsuar ato si nd\u00ebr l\u00ebvizjet m\u00eb masive q\u00eb jan\u00eb par\u00eb n\u00eb vend q\u00eb prej r\u00ebnies s\u00eb komunizmit. Bushati argumentoi p\u00ebr TheNewsAgents se pas protestave q\u00ebndron nj\u00eb pak\u00ebnaq\u00ebsi shum\u00eb\u2026","rel":"","context":"In &quot;Blogu i Udh\u00ebtarit&quot;","block_context":{"text":"Blogu i Udh\u00ebtarit","link":"https:\/\/www.shqiperia.com\/blog\/category\/blogu-i-udhetarit\/"},"img":{"alt_text":"","src":"https:\/\/i0.wp.com\/www.shqiperia.com\/blog\/wp-content\/uploads\/2026\/08\/bushati.jpg?fit=799%2C498&ssl=1&resize=350%2C200","width":350,"height":200,"srcset":"https:\/\/i0.wp.com\/www.shqiperia.com\/blog\/wp-content\/uploads\/2026\/08\/bushati.jpg?fit=799%2C498&ssl=1&resize=350%2C200 1x, https:\/\/i0.wp.com\/www.shqiperia.com\/blog\/wp-content\/uploads\/2026\/08\/bushati.jpg?fit=799%2C498&ssl=1&resize=525%2C300 1.5x, https:\/\/i0.wp.com\/www.shqiperia.com\/blog\/wp-content\/uploads\/2026\/08\/bushati.jpg?fit=799%2C498&ssl=1&resize=700%2C400 2x"},"classes":[]},{"id":104406,"url":"https:\/\/www.shqiperia.com\/blog\/ndahet-nga-jeta-leze-rrika-mesuesja-qe-i-dha-shpirt-brezave-dhe-jete-tradites\/","url_meta":{"origin":82114,"position":2},"title":"Ndahet nga jeta Leze Rrika, m\u00ebsuesja q\u00eb i dha shpirt brezave dhe jet\u00eb tradit\u00ebs","author":"Kurt Farka","date":"August 14, 2026","format":false,"excerpt":"14 Gusht 2026 Ka njer\u00ebz q\u00eb kalojn\u00eb n\u00ebp\u00ebr jet\u00eb dhe l\u00ebn\u00eb pas kujtime. Ka edhe njer\u00ebz q\u00eb l\u00ebn\u00eb gjurm\u00eb. Leze Rrika ishte nj\u00eb prej tyre. Pas nj\u00eb beteje me nj\u00eb s\u00ebmundje t\u00eb r\u00ebnd\u00eb, \u00ebsht\u00eb ndar\u00eb nga jeta m\u00ebsuesja, koreografja, valltarja dhe drejtuesja e p\u00ebrkushtuar e arsimit, nj\u00eb em\u00ebr i njohur\u2026","rel":"","context":"In &quot;Njoftime Shtypi&quot;","block_context":{"text":"Njoftime Shtypi","link":"https:\/\/www.shqiperia.com\/blog\/category\/njoftime-shtypi\/"},"img":{"alt_text":"","src":"https:\/\/i0.wp.com\/www.shqiperia.com\/blog\/wp-content\/uploads\/2026\/08\/Leze-Rrika.jpeg?fit=768%2C576&ssl=1&resize=350%2C200","width":350,"height":200,"srcset":"https:\/\/i0.wp.com\/www.shqiperia.com\/blog\/wp-content\/uploads\/2026\/08\/Leze-Rrika.jpeg?fit=768%2C576&ssl=1&resize=350%2C200 1x, https:\/\/i0.wp.com\/www.shqiperia.com\/blog\/wp-content\/uploads\/2026\/08\/Leze-Rrika.jpeg?fit=768%2C576&ssl=1&resize=525%2C300 1.5x, https:\/\/i0.wp.com\/www.shqiperia.com\/blog\/wp-content\/uploads\/2026\/08\/Leze-Rrika.jpeg?fit=768%2C576&ssl=1&resize=700%2C400 2x"},"classes":[]},{"id":102235,"url":"https:\/\/www.shqiperia.com\/blog\/bbc-jehone-protestave-masive-ne-tirane-shqiptaret-kerkojne-doreheqjen-e-edi-rames\/","url_meta":{"origin":82114,"position":3},"title":"BBC jehon\u00eb protestave masive n\u00eb Tiran\u00eb: Shqiptar\u00ebt k\u00ebrkojn\u00eb dor\u00ebheqjen e Edi Ram\u00ebs","author":"Kurt Farka","date":"July 5, 2026","format":false,"excerpt":"5 Korrok 2026 Media britanike prestigjioze BBC i ka kushtuar nj\u00eb artikull protestave masive n\u00eb Shqip\u00ebri, t\u00eb cilat k\u00ebrkojn\u00eb prej m\u00eb shum\u00eb se nj\u00eb muaji largimin e kryeministrit Edi Rama dhe qeveris\u00eb s\u00eb tij. Artikulli i plot\u00eb i BBC: Fillimisht protestuan kund\u00ebr flamingos, tani turma n\u00eb rrug\u00ebt posht\u00eb zyr\u00ebs s\u00eb\u2026","rel":"","context":"In &quot;Blogu i Udh\u00ebtarit&quot;","block_context":{"text":"Blogu i Udh\u00ebtarit","link":"https:\/\/www.shqiperia.com\/blog\/category\/blogu-i-udhetarit\/"},"img":{"alt_text":"","src":"https:\/\/i0.wp.com\/www.shqiperia.com\/blog\/wp-content\/uploads\/2026\/07\/Edi-Rama-2.webp?fit=1024%2C570&ssl=1&resize=350%2C200","width":350,"height":200,"srcset":"https:\/\/i0.wp.com\/www.shqiperia.com\/blog\/wp-content\/uploads\/2026\/07\/Edi-Rama-2.webp?fit=1024%2C570&ssl=1&resize=350%2C200 1x, https:\/\/i0.wp.com\/www.shqiperia.com\/blog\/wp-content\/uploads\/2026\/07\/Edi-Rama-2.webp?fit=1024%2C570&ssl=1&resize=525%2C300 1.5x, https:\/\/i0.wp.com\/www.shqiperia.com\/blog\/wp-content\/uploads\/2026\/07\/Edi-Rama-2.webp?fit=1024%2C570&ssl=1&resize=700%2C400 2x"},"classes":[]},{"id":103628,"url":"https:\/\/www.shqiperia.com\/blog\/rama-ne-fund-te-ciklit-politik-spartak-ngjela-paralajmeron-zhvillime-te-forta-ja-roli-i-amerikaneve-dhe\/","url_meta":{"origin":82114,"position":4},"title":"Rama n\u00eb fund t\u00eb ciklit politik, Spartak Ngjela paralajm\u00ebron zhvillime t\u00eb forta, ja roli i amerikan\u00ebve dhe\u2026","author":"Kurt Farka","date":"August 1, 2026","format":false,"excerpt":"1 Gusht 2026 Rigels Seliman Avokati i njohur, Spartak Ngjela, ka hedhur akuza t\u00eb forta ndaj kryeministrit Edi Rama, nd\u00ebrsa shpreh bindjen se ai \u00ebsht\u00eb n\u00eb fund t\u00eb ciklit t\u00eb tij politik. P\u00ebrmes nj\u00eb reagimi n\u00eb rrjetet sociale, Ngjela analizon se pushteti i kryeministrit \u00ebsht\u00eb nd\u00ebrtuar mbi komplekse dhe frik\u00eb\u2026","rel":"","context":"In &quot;Blogu i Udh\u00ebtarit&quot;","block_context":{"text":"Blogu i Udh\u00ebtarit","link":"https:\/\/www.shqiperia.com\/blog\/category\/blogu-i-udhetarit\/"},"img":{"alt_text":"","src":"https:\/\/i0.wp.com\/www.shqiperia.com\/blog\/wp-content\/uploads\/2026\/08\/foto-2.jpg-1-1140x570-1.jpeg?fit=1140%2C570&ssl=1&resize=350%2C200","width":350,"height":200,"srcset":"https:\/\/i0.wp.com\/www.shqiperia.com\/blog\/wp-content\/uploads\/2026\/08\/foto-2.jpg-1-1140x570-1.jpeg?fit=1140%2C570&ssl=1&resize=350%2C200 1x, https:\/\/i0.wp.com\/www.shqiperia.com\/blog\/wp-content\/uploads\/2026\/08\/foto-2.jpg-1-1140x570-1.jpeg?fit=1140%2C570&ssl=1&resize=525%2C300 1.5x, https:\/\/i0.wp.com\/www.shqiperia.com\/blog\/wp-content\/uploads\/2026\/08\/foto-2.jpg-1-1140x570-1.jpeg?fit=1140%2C570&ssl=1&resize=700%2C400 2x, https:\/\/i0.wp.com\/www.shqiperia.com\/blog\/wp-content\/uploads\/2026\/08\/foto-2.jpg-1-1140x570-1.jpeg?fit=1140%2C570&ssl=1&resize=1050%2C600 3x"},"classes":[]},{"id":102467,"url":"https:\/\/www.shqiperia.com\/blog\/fytyrat-e-protestes-13-nga-agjentet-me-te-rrezikshem-ankohen-per-korrupsionin-sistemin-shendetesor-arsimor-te-dobet-mungesen-e-lirise-se-medias-dhe-nje-sistem-drejtesie-jofunksi\/","url_meta":{"origin":82114,"position":5},"title":"Fytyrat e protest\u00ebs: 13 nga \u201cagjent\u00ebt m\u00eb t\u00eb rreziksh\u00ebm\u201c  ankohen p\u00ebr korrupsionin, sistemin sh\u00ebndet\u00ebsor, arsimor t\u00eb dob\u00ebt, munges\u00ebn e liris\u00eb s\u00eb medias dhe nj\u00eb sistem drejt\u00ebsie jofunksional.","author":"Kurt Farka","date":"July 10, 2026","format":false,"excerpt":"10 Korrik 2026 Kryeministri Rama pretendon se protestat e p\u00ebrditshme q\u00eb po tronditin Tiran\u00ebn jan\u00eb t\u00eb gabuara ose t\u00eb manipuluara nga jasht\u00eb. BIRN bisedoi me disa nga protestuesit m\u00eb t\u00eb p\u00ebrkushtuar p\u00ebr t\u00eb m\u00ebsuar m\u00eb shum\u00eb rreth shpresave t\u00eb tyre p\u00ebr ndryshim Ajo q\u00eb nisi si nj\u00eb protest\u00eb kund\u00ebr nd\u00ebrtimit\u2026","rel":"","context":"In &quot;Blogu i Udh\u00ebtarit&quot;","block_context":{"text":"Blogu i Udh\u00ebtarit","link":"https:\/\/www.shqiperia.com\/blog\/category\/blogu-i-udhetarit\/"},"img":{"alt_text":"","src":"https:\/\/i0.wp.com\/www.shqiperia.com\/blog\/wp-content\/uploads\/2026\/07\/v2-cover-750x450-1.webp?fit=750%2C450&ssl=1&resize=350%2C200","width":350,"height":200,"srcset":"https:\/\/i0.wp.com\/www.shqiperia.com\/blog\/wp-content\/uploads\/2026\/07\/v2-cover-750x450-1.webp?fit=750%2C450&ssl=1&resize=350%2C200 1x, https:\/\/i0.wp.com\/www.shqiperia.com\/blog\/wp-content\/uploads\/2026\/07\/v2-cover-750x450-1.webp?fit=750%2C450&ssl=1&resize=525%2C300 1.5x, https:\/\/i0.wp.com\/www.shqiperia.com\/blog\/wp-content\/uploads\/2026\/07\/v2-cover-750x450-1.webp?fit=750%2C450&ssl=1&resize=700%2C400 2x"},"classes":[]}],"_links":{"self":[{"href":"https:\/\/www.shqiperia.com\/blog\/wp-json\/wp\/v2\/posts\/82114","targetHints":{"allow":["GET"]}}],"collection":[{"href":"https:\/\/www.shqiperia.com\/blog\/wp-json\/wp\/v2\/posts"}],"about":[{"href":"https:\/\/www.shqiperia.com\/blog\/wp-json\/wp\/v2\/types\/post"}],"author":[{"embeddable":true,"href":"https:\/\/www.shqiperia.com\/blog\/wp-json\/wp\/v2\/users\/9"}],"replies":[{"embeddable":true,"href":"https:\/\/www.shqiperia.com\/blog\/wp-json\/wp\/v2\/comments?post=82114"}],"version-history":[{"count":1,"href":"https:\/\/www.shqiperia.com\/blog\/wp-json\/wp\/v2\/posts\/82114\/revisions"}],"predecessor-version":[{"id":82116,"href":"https:\/\/www.shqiperia.com\/blog\/wp-json\/wp\/v2\/posts\/82114\/revisions\/82116"}],"wp:featuredmedia":[{"embeddable":true,"href":"https:\/\/www.shqiperia.com\/blog\/wp-json\/wp\/v2\/media\/82115"}],"wp:attachment":[{"href":"https:\/\/www.shqiperia.com\/blog\/wp-json\/wp\/v2\/media?parent=82114"}],"wp:term":[{"taxonomy":"category","embeddable":true,"href":"https:\/\/www.shqiperia.com\/blog\/wp-json\/wp\/v2\/categories?post=82114"},{"taxonomy":"post_tag","embeddable":true,"href":"https:\/\/www.shqiperia.com\/blog\/wp-json\/wp\/v2\/tags?post=82114"}],"curies":[{"name":"wp","href":"https:\/\/api.w.org\/{rel}","templated":true}]}}