{"id":82106,"date":"2024-06-24T06:05:09","date_gmt":"2024-06-24T06:05:09","guid":{"rendered":"https:\/\/www.shqiperia.com\/blog\/?p=82106"},"modified":"2024-06-24T06:06:00","modified_gmt":"2024-06-24T06:06:00","slug":"mirela-karabina-nxenesit-shqiptar-te-fundit-ne-bote-per-mendimin-krijues-qeveria-e-perdor-arsimin-per-propagande","status":"publish","type":"post","link":"https:\/\/www.shqiperia.com\/blog\/mirela-karabina-nxenesit-shqiptar-te-fundit-ne-bote-per-mendimin-krijues-qeveria-e-perdor-arsimin-per-propagande\/","title":{"rendered":"Mirela Karabina: Nx\u00ebn\u00ebsit shqiptar t\u00eb fundit n\u00eb bot\u00eb p\u00ebr mendimin krijues, qeveria e p\u00ebrdor arsimin p\u00ebr propagand\u00eb"},"content":{"rendered":"<p><img data-recalc-dims=\"1\" loading=\"lazy\" decoding=\"async\" data-attachment-id=\"82107\" data-permalink=\"https:\/\/www.shqiperia.com\/blog\/mirela-karabina-nxenesit-shqiptar-te-fundit-ne-bote-per-mendimin-krijues-qeveria-e-perdor-arsimin-per-propagande\/800-0-66790addd2907\/\" data-orig-file=\"https:\/\/i0.wp.com\/www.shqiperia.com\/blog\/wp-content\/uploads\/2024\/06\/800-0-66790addd2907.jpg?fit=800%2C546&amp;ssl=1\" data-orig-size=\"800,546\" data-comments-opened=\"1\" data-image-meta=\"{&quot;aperture&quot;:&quot;0&quot;,&quot;credit&quot;:&quot;&quot;,&quot;camera&quot;:&quot;&quot;,&quot;caption&quot;:&quot;&quot;,&quot;created_timestamp&quot;:&quot;0&quot;,&quot;copyright&quot;:&quot;&quot;,&quot;focal_length&quot;:&quot;0&quot;,&quot;iso&quot;:&quot;0&quot;,&quot;shutter_speed&quot;:&quot;0&quot;,&quot;title&quot;:&quot;&quot;,&quot;orientation&quot;:&quot;0&quot;}\" data-image-title=\"-800-0-66790addd2907\" data-image-description=\"\" data-image-caption=\"\" data-medium-file=\"https:\/\/i0.wp.com\/www.shqiperia.com\/blog\/wp-content\/uploads\/2024\/06\/800-0-66790addd2907.jpg?fit=300%2C205&amp;ssl=1\" data-large-file=\"https:\/\/i0.wp.com\/www.shqiperia.com\/blog\/wp-content\/uploads\/2024\/06\/800-0-66790addd2907.jpg?fit=800%2C546&amp;ssl=1\" class=\"alignnone wp-image-82107\" alt=\"\" src=\"https:\/\/i0.wp.com\/www.shqiperia.com\/blog\/wp-content\/uploads\/2024\/06\/800-0-66790addd2907.jpg?resize=645%2C441&#038;ssl=1\" width=\"645\" height=\"441\" srcset=\"https:\/\/i0.wp.com\/www.shqiperia.com\/blog\/wp-content\/uploads\/2024\/06\/800-0-66790addd2907.jpg?resize=300%2C205&amp;ssl=1 300w, https:\/\/i0.wp.com\/www.shqiperia.com\/blog\/wp-content\/uploads\/2024\/06\/800-0-66790addd2907.jpg?resize=768%2C524&amp;ssl=1 768w, https:\/\/i0.wp.com\/www.shqiperia.com\/blog\/wp-content\/uploads\/2024\/06\/800-0-66790addd2907.jpg?resize=450%2C307&amp;ssl=1 450w, https:\/\/i0.wp.com\/www.shqiperia.com\/blog\/wp-content\/uploads\/2024\/06\/800-0-66790addd2907.jpg?resize=600%2C410&amp;ssl=1 600w, https:\/\/i0.wp.com\/www.shqiperia.com\/blog\/wp-content\/uploads\/2024\/06\/800-0-66790addd2907.jpg?resize=235%2C160&amp;ssl=1 235w, https:\/\/i0.wp.com\/www.shqiperia.com\/blog\/wp-content\/uploads\/2024\/06\/800-0-66790addd2907.jpg?resize=400%2C273&amp;ssl=1 400w, https:\/\/i0.wp.com\/www.shqiperia.com\/blog\/wp-content\/uploads\/2024\/06\/800-0-66790addd2907.jpg?w=800&amp;ssl=1 800w\" sizes=\"auto, (max-width: 645px) 100vw, 645px\" \/><\/p>\n<p><span>24 Qershor 2024<\/span><\/p>\n<p><span>Mirela Karabina, ka hedhur akuza ndaj qeveris\u00eb se kjo e fundit po p\u00ebrdor arsimin p\u00ebr propagand\u00eb. N\u00eb nj\u00eb deklarat\u00eb p\u00ebr mediat k\u00ebt\u00eb fundjav\u00eb, teksa ka reaguar n\u00eb lidhje me raportin nd\u00ebrkomb\u00ebtar t\u00eb PISA, e cila ka renditur t\u00eb fundit Shqip\u00ebrin\u00eb p\u00ebr t\u00eb menduarit krijues, <\/span><\/p>\n<p><span>Karabina shprehet se gjendja n\u00eb arsim \u00ebsht\u00eb e r\u00ebnd\u00eb. \u201cRaporti Nd\u00ebrkomb\u00ebtar PISA 2022 \u201cdjeg\u201d propagand\u00ebn e qeveris\u00eb s\u00eb Edi Ram\u00ebs. <\/span><\/p>\n<p><span>Nx\u00ebn\u00ebsit shqiptar\u00eb jan\u00eb renditur t\u00eb fundit n\u00eb bot\u00eb p\u00ebr t\u00eb \u201cmenduarin krijues\u201d.\u00a0 Programi p\u00ebr Vler\u00ebsimin Nd\u00ebrkomb\u00ebtar t\u00eb Nx\u00ebn\u00ebsve \u201cPISA 2022\u201d ka publikuar s\u00eb fundmi v\u00ebllimin e tret\u00eb mbi \u201cmendimin krijues\u201d t\u00eb nx\u00ebn\u00ebsve. <\/span><\/p>\n<p><span>Nx\u00ebn\u00ebsit shqiptar\u00eb renditet t\u00eb fundit n\u00eb bot\u00eb, 13 pik\u00eb nga 41 q\u00eb ka marr\u00eb vendi i par\u00eb, Singapor. Sipas raportit ky hendek\u00a0 \u00ebsht\u00eb 2.5 her\u00eb m\u00eb i madh se mesatarja e Organizat\u00ebs p\u00ebr Zhvillim dhe Bashk\u00ebpunim Ekonomik. Renditja e fundit n\u00eb list\u00eb e vendos Shqip\u00ebrin\u00eb n\u00eb vendet q\u00eb nuk paraqet interes p\u00ebr investime e bashk\u00ebpunime me vende t\u00eb zhvilluara t\u00eb OECD-s\u00eb p\u00ebr shkak t\u00eb cil\u00ebsis\u00eb s\u00eb ul\u00ebt t\u00eb formimit t\u00eb nx\u00ebn\u00ebsve dhe fuqis\u00eb pun\u00ebtore\u201d, deklaroi ajo. Teksa ka akuzuar qeverin\u00eb dhe ministrin\u00eb e Arsimit p\u00ebr gjendjen n\u00eb t\u00eb cil\u00ebn ndodhet sot arsimi n\u00eb vend, Karabina i ka b\u00ebr\u00eb thirrje p\u00ebr dor\u00ebheqje. \u201cNdaj sot i b\u00ebjm\u00eb thirrje publike Edi Ram\u00ebs dhe Ministres s\u00eb Arsimi, Manastiriliu, t\u00eb japin dor\u00ebheqjen si\u00a0 p\u00ebrgjegj\u00ebsit kryesor\u00eb t\u00eb gjendjes s\u00eb r\u00ebnd\u00eb n\u00eb arsim dhe k\u00ebtij rezultati fatal n\u00eb PISA 2022. Kjo qeverisje nuk ka m\u00eb as moralin dhe as kredibilitetin p\u00ebr t\u00eb ndryshuar gjendjen! Me p\u00ebrgjegjshm\u00ebri t\u00eb lart\u00eb p\u00ebr t\u2019i sh\u00ebrbyer qytetar\u00ebve, ne n\u00eb programin ton\u00eb kemi p\u00ebrcaktuar objektiva t\u00eb qarta p\u00ebr arsimin dhe programeve t\u00eb m\u00ebsuesis\u00eb n\u00eb ve\u00e7anti, pasi e konsiderojm\u00eb rolin e m\u00ebsuesit si udh\u00ebheq\u00ebs t\u00eb formimit dhe edukimit t\u00eb shoq\u00ebris\u00eb, p\u00ebrcaktuese kjo p\u00ebr zhvillimin dhe ardhm\u00ebrin\u00eb e vendit\u201d, n\u00ebnvizoi zonja Karabina.<\/span><\/p>\n","protected":false},"excerpt":{"rendered":"<p>24 Qershor 2024 Mirela Karabina, ka hedhur akuza ndaj qeveris\u00eb se kjo e fundit po p\u00ebrdor arsimin p\u00ebr propagand\u00eb. N\u00eb nj\u00eb deklarat\u00eb p\u00ebr mediat k\u00ebt\u00eb fundjav\u00eb, teksa ka reaguar n\u00eb lidhje me raportin nd\u00ebrkomb\u00ebtar t\u00eb PISA, e cila ka renditur t\u00eb fundit Shqip\u00ebrin\u00eb p\u00ebr t\u00eb menduarit krijues, Karabina shprehet se gjendja n\u00eb arsim \u00ebsht\u00eb e [&hellip;]<\/p>\n","protected":false},"author":9,"featured_media":82107,"comment_status":"open","ping_status":"open","sticky":false,"template":"","format":"standard","meta":{"jetpack_post_was_ever_published":false,"_jetpack_newsletter_access":"","_jetpack_dont_email_post_to_subs":false,"_jetpack_newsletter_tier_id":0,"_jetpack_memberships_contains_paywalled_content":false,"_jetpack_memberships_contains_paid_content":false,"footnotes":"","jetpack_publicize_message":"","jetpack_publicize_feature_enabled":true,"jetpack_social_post_already_shared":true,"jetpack_social_options":{"image_generator_settings":{"template":"highway","default_image_id":0,"font":"","enabled":false},"version":2}},"categories":[27,10,1,35],"tags":[],"class_list":["post-82106","post","type-post","status-publish","format-standard","has-post-thumbnail","hentry","category-blogu-i-udhetarit","category-kultura","category-njoftime-shtypi","category-shoqerore"],"jetpack_publicize_connections":[],"jetpack_featured_media_url":"https:\/\/i0.wp.com\/www.shqiperia.com\/blog\/wp-content\/uploads\/2024\/06\/800-0-66790addd2907.jpg?fit=800%2C546&ssl=1","jetpack_sharing_enabled":true,"jetpack_shortlink":"https:\/\/wp.me\/p5Z6wp-lmi","jetpack-related-posts":[{"id":102478,"url":"https:\/\/www.shqiperia.com\/blog\/mbi-113-mije-nxenes-me-pak-dhe-qindra-shkolla-te-mbyllura-ne-10-vjet\/","url_meta":{"origin":82106,"position":0},"title":"Mbi 113 mij\u00eb nx\u00ebn\u00ebs m\u00eb pak dhe qindra shkolla t\u00eb mbyllura n\u00eb 10 vjet","author":"Kurt Farka","date":"July 10, 2026","format":false,"excerpt":"10 Korrik 2026 N\u00ebse dikur mbyllja e nj\u00eb shkolle ishte nj\u00eb lajm q\u00eb trondiste nj\u00eb fshat, sot \u00ebsht\u00eb b\u00ebr\u00eb statistik\u00eb. Por pas k\u00ebtyre statistikave fshihet nj\u00eb realitet shum\u00eb m\u00eb i r\u00ebnd\u00eb: Shqip\u00ebria po humbet f\u00ebmij\u00ebt e saj. Nj\u00eb raport i publikuar nga Q\u00ebndresa Qytetare tregon se gjat\u00eb dhjet\u00eb viteve t\u00eb\u2026","rel":"","context":"In &quot;Blogu i Udh\u00ebtarit&quot;","block_context":{"text":"Blogu i Udh\u00ebtarit","link":"https:\/\/www.shqiperia.com\/blog\/category\/blogu-i-udhetarit\/"},"img":{"alt_text":"","src":"https:\/\/i0.wp.com\/www.shqiperia.com\/blog\/wp-content\/uploads\/2026\/07\/1000-0-172539f2-560b-4560-958e-c6637c9f3728-6a50c26c33b36.webp?fit=1000%2C667&ssl=1&resize=350%2C200","width":350,"height":200,"srcset":"https:\/\/i0.wp.com\/www.shqiperia.com\/blog\/wp-content\/uploads\/2026\/07\/1000-0-172539f2-560b-4560-958e-c6637c9f3728-6a50c26c33b36.webp?fit=1000%2C667&ssl=1&resize=350%2C200 1x, https:\/\/i0.wp.com\/www.shqiperia.com\/blog\/wp-content\/uploads\/2026\/07\/1000-0-172539f2-560b-4560-958e-c6637c9f3728-6a50c26c33b36.webp?fit=1000%2C667&ssl=1&resize=525%2C300 1.5x, https:\/\/i0.wp.com\/www.shqiperia.com\/blog\/wp-content\/uploads\/2026\/07\/1000-0-172539f2-560b-4560-958e-c6637c9f3728-6a50c26c33b36.webp?fit=1000%2C667&ssl=1&resize=700%2C400 2x"},"classes":[]},{"id":102498,"url":"https:\/\/www.shqiperia.com\/blog\/koncerti-i-kanye-west-birn-qeveria-po-mbush-gjysmen-e-stadiumit-me-administraten-dhe-nxenes-shkollash-injoron-shqetesimet-per-deklaratat-e-tij-antisemite\/","url_meta":{"origin":82106,"position":1},"title":"Koncerti i Kanye West, BIRN: Qeveria po mbush gjysm\u00ebn e stadiumit me administrat\u00ebn dhe nx\u00ebn\u00ebs shkollash, \u201cinjoron\u201d shqet\u00ebsimet p\u00ebr deklaratat e tij antisemite","author":"Kurt Farka","date":"July 11, 2026","format":false,"excerpt":"11 Korrik 2026 Qeveria duket se i ka v\u00ebn\u00eb q\u00ebllim vetes t\u00eb mbush\u00eb gjysm\u00ebn e stadiumit ku do t\u00eb mbahet koncerti i Kanye West \u2013 i njohur gjithashtu si YE, me nx\u00ebn\u00ebs shkollash dhe punonj\u00ebs t\u00eb administrat\u00ebs, pa e konsideruar shqet\u00ebsues faktin q\u00eb artisti amerikan kritikohet p\u00ebr deklarata antisemite. T\u00eb\u2026","rel":"","context":"In &quot;Blogu i Udh\u00ebtarit&quot;","block_context":{"text":"Blogu i Udh\u00ebtarit","link":"https:\/\/www.shqiperia.com\/blog\/category\/blogu-i-udhetarit\/"},"img":{"alt_text":"","src":"https:\/\/i0.wp.com\/www.shqiperia.com\/blog\/wp-content\/uploads\/2026\/07\/maxresdefault-1.jpg?fit=1200%2C675&ssl=1&resize=350%2C200","width":350,"height":200,"srcset":"https:\/\/i0.wp.com\/www.shqiperia.com\/blog\/wp-content\/uploads\/2026\/07\/maxresdefault-1.jpg?fit=1200%2C675&ssl=1&resize=350%2C200 1x, https:\/\/i0.wp.com\/www.shqiperia.com\/blog\/wp-content\/uploads\/2026\/07\/maxresdefault-1.jpg?fit=1200%2C675&ssl=1&resize=525%2C300 1.5x, https:\/\/i0.wp.com\/www.shqiperia.com\/blog\/wp-content\/uploads\/2026\/07\/maxresdefault-1.jpg?fit=1200%2C675&ssl=1&resize=700%2C400 2x, https:\/\/i0.wp.com\/www.shqiperia.com\/blog\/wp-content\/uploads\/2026\/07\/maxresdefault-1.jpg?fit=1200%2C675&ssl=1&resize=1050%2C600 3x"},"classes":[]},{"id":102505,"url":"https:\/\/www.shqiperia.com\/blog\/ministria-e-arsimit-po-ndan-bileta-falas-te-kany-west-per-femijet-e-9-vjecares-por-kenget-e-tij-kane-permbajtje-seksuale\/","url_meta":{"origin":82106,"position":2},"title":"Ministria e Arsimit po ndan bileta falas t\u00eb Kany West p\u00ebr f\u00ebmij\u00ebt e 9-vje\u00e7ares, por k\u00ebng\u00ebt e tij kan\u00eb p\u00ebrmbajtje seksuale!","author":"Kurt Farka","date":"July 11, 2026","format":false,"excerpt":"11 Korrik 2026 Nga Migena Aleksi Nj\u00eb protestuese tha dje n\u00eb tubimin e zhvilluara para godin\u00ebs s\u00eb Kryeministris\u00eb se shp\u00ebrndarja e biletave falas p\u00ebr nx\u00ebn\u00ebsit e shkollave 9-vje\u00e7are, p\u00ebr t\u00eb marr\u00eb pjes\u00eb n\u00eb koncert, ve\u00e7 t\u00eb tjerave \u00ebsht\u00eb skandal p\u00ebr shkak t\u00eb mosh\u00ebs. Lloji i muzik\u00ebs q\u00eb b\u00ebn West nuk\u2026","rel":"","context":"In &quot;Blogu i Udh\u00ebtarit&quot;","block_context":{"text":"Blogu i Udh\u00ebtarit","link":"https:\/\/www.shqiperia.com\/blog\/category\/blogu-i-udhetarit\/"},"img":{"alt_text":"","src":"https:\/\/i0.wp.com\/www.shqiperia.com\/blog\/wp-content\/uploads\/2026\/07\/740733894_1641226944669510_4632890146926298606_n.jpg?fit=1124%2C673&ssl=1&resize=350%2C200","width":350,"height":200,"srcset":"https:\/\/i0.wp.com\/www.shqiperia.com\/blog\/wp-content\/uploads\/2026\/07\/740733894_1641226944669510_4632890146926298606_n.jpg?fit=1124%2C673&ssl=1&resize=350%2C200 1x, https:\/\/i0.wp.com\/www.shqiperia.com\/blog\/wp-content\/uploads\/2026\/07\/740733894_1641226944669510_4632890146926298606_n.jpg?fit=1124%2C673&ssl=1&resize=525%2C300 1.5x, https:\/\/i0.wp.com\/www.shqiperia.com\/blog\/wp-content\/uploads\/2026\/07\/740733894_1641226944669510_4632890146926298606_n.jpg?fit=1124%2C673&ssl=1&resize=700%2C400 2x, https:\/\/i0.wp.com\/www.shqiperia.com\/blog\/wp-content\/uploads\/2026\/07\/740733894_1641226944669510_4632890146926298606_n.jpg?fit=1124%2C673&ssl=1&resize=1050%2C600 3x"},"classes":[]},{"id":103014,"url":"https:\/\/www.shqiperia.com\/blog\/marjana-koceku-shqiptaret-jane-kunder-qeverise-dhe-pro-be-se\/","url_meta":{"origin":82106,"position":3},"title":"Marjana Ko\u00e7eku: &#8211; Shqiptar\u00ebt jan\u00eb kund\u00ebr qeveris\u00eb dhe pro BE-s\u00eb","author":"Kurt Farka","date":"July 21, 2026","format":false,"excerpt":"21 Korrik 2026 Deputetja e pavarur Marjana Ko\u00e7eku, e njohur edhe si \u201cNeomalsore\u201d, ka rr\u00ebfyer arsyet e largimit nga Partia Socialiste, vizionin e saj p\u00ebr zhvillimin e Shqip\u00ebris\u00eb dhe q\u00ebndrimin ndaj protestave qytetare, n\u00eb nj\u00eb intervist\u00eb p\u00ebr\u00a0Osservatorio Balcani e Caucaso Transeuropa. Ko\u00e7eku tregon se u kthye n\u00eb Shqip\u00ebri n\u00eb vitin\u2026","rel":"","context":"In &quot;Blogu i Udh\u00ebtarit&quot;","block_context":{"text":"Blogu i Udh\u00ebtarit","link":"https:\/\/www.shqiperia.com\/blog\/category\/blogu-i-udhetarit\/"},"img":{"alt_text":"","src":"https:\/\/i0.wp.com\/www.shqiperia.com\/blog\/wp-content\/uploads\/2026\/07\/WhatsApp-Image-2026-07-17-at-09.59.50-800x533-1.webp?fit=800%2C533&ssl=1&resize=350%2C200","width":350,"height":200,"srcset":"https:\/\/i0.wp.com\/www.shqiperia.com\/blog\/wp-content\/uploads\/2026\/07\/WhatsApp-Image-2026-07-17-at-09.59.50-800x533-1.webp?fit=800%2C533&ssl=1&resize=350%2C200 1x, https:\/\/i0.wp.com\/www.shqiperia.com\/blog\/wp-content\/uploads\/2026\/07\/WhatsApp-Image-2026-07-17-at-09.59.50-800x533-1.webp?fit=800%2C533&ssl=1&resize=525%2C300 1.5x, https:\/\/i0.wp.com\/www.shqiperia.com\/blog\/wp-content\/uploads\/2026\/07\/WhatsApp-Image-2026-07-17-at-09.59.50-800x533-1.webp?fit=800%2C533&ssl=1&resize=700%2C400 2x"},"classes":[]},{"id":103966,"url":"https:\/\/www.shqiperia.com\/blog\/shqiptari-nga-gjermania-ia-numeron-rames-na-ka-vjedhur-kjo-eshte-mundesia-e-fundit-per-ndryshim\/","url_meta":{"origin":82106,"position":4},"title":"Shqiptari nga Gjermania ia num\u00ebron Ram\u00ebs: = Na ka vjedhur! Kjo \u00ebsht\u00eb mund\u00ebsia e fundit p\u00ebr ndryshim","author":"Kurt Farka","date":"August 7, 2026","format":false,"excerpt":"7 Gusht 2026 \u201cPo mos t\u00eb ishte News24, protesta do t\u00eb ishte shuar\u201d. Nj\u00eb qytetar shqiptar q\u00eb jeton n\u00eb Gjermani i \u00ebsht\u00eb bashkuar protest\u00ebs s\u00eb zhvilluar n\u00eb Sheshin Sk\u00ebnderbej, duke e cil\u00ebsuar at\u00eb si nj\u00eb nga momentet m\u00eb t\u00eb r\u00ebnd\u00ebsishme p\u00ebr vendin gjat\u00eb dekadave t\u00eb fundit. Ai tha se protesta\u2026","rel":"","context":"In &quot;Blogu i Udh\u00ebtarit&quot;","block_context":{"text":"Blogu i Udh\u00ebtarit","link":"https:\/\/www.shqiperia.com\/blog\/category\/blogu-i-udhetarit\/"},"img":{"alt_text":"","src":"https:\/\/i0.wp.com\/www.shqiperia.com\/blog\/wp-content\/uploads\/2026\/08\/diaspora-1.jpg?fit=1200%2C549&ssl=1&resize=350%2C200","width":350,"height":200,"srcset":"https:\/\/i0.wp.com\/www.shqiperia.com\/blog\/wp-content\/uploads\/2026\/08\/diaspora-1.jpg?fit=1200%2C549&ssl=1&resize=350%2C200 1x, https:\/\/i0.wp.com\/www.shqiperia.com\/blog\/wp-content\/uploads\/2026\/08\/diaspora-1.jpg?fit=1200%2C549&ssl=1&resize=525%2C300 1.5x, https:\/\/i0.wp.com\/www.shqiperia.com\/blog\/wp-content\/uploads\/2026\/08\/diaspora-1.jpg?fit=1200%2C549&ssl=1&resize=700%2C400 2x, https:\/\/i0.wp.com\/www.shqiperia.com\/blog\/wp-content\/uploads\/2026\/08\/diaspora-1.jpg?fit=1200%2C549&ssl=1&resize=1050%2C600 3x"},"classes":[]},{"id":102564,"url":"https:\/\/www.shqiperia.com\/blog\/arben-malaj-kritika-rames-ti-jeton-ne-kopshtin-e-edenit-si-faraonet\/","url_meta":{"origin":82106,"position":5},"title":"Arben Malaj kritika Ram\u00ebs: &#8211; Ti jeton n\u00eb \u2018Kopshtin e Edenit\u2019 si faraon\u00ebt","author":"Kurt Farka","date":"July 12, 2026","format":false,"excerpt":"12 Korrik 2026 Ish-ministri i Financave dhe ekonomisti Arben Malaj ka reaguar ndaj vendimit t\u00eb qeveris\u00eb p\u00ebr financimin me 4 mln euro p\u00ebr koncertin e reperit amerikan Kanye West, duke kritikuar ashp\u00ebr kryeministrin Edi Rama. N\u00eb nj\u00eb postim n\u00eb rrjetet sociale, Malaj shprehet se pretendimet p\u00ebr promovimin e Shqip\u00ebris\u00eb p\u00ebrmes\u2026","rel":"","context":"In &quot;Blogu i Udh\u00ebtarit&quot;","block_context":{"text":"Blogu i Udh\u00ebtarit","link":"https:\/\/www.shqiperia.com\/blog\/category\/blogu-i-udhetarit\/"},"img":{"alt_text":"","src":"https:\/\/i0.wp.com\/www.shqiperia.com\/blog\/wp-content\/uploads\/2026\/07\/mala-rama-protesta-433x300-1.jpg?fit=433%2C300&ssl=1&resize=350%2C200","width":350,"height":200},"classes":[]}],"_links":{"self":[{"href":"https:\/\/www.shqiperia.com\/blog\/wp-json\/wp\/v2\/posts\/82106","targetHints":{"allow":["GET"]}}],"collection":[{"href":"https:\/\/www.shqiperia.com\/blog\/wp-json\/wp\/v2\/posts"}],"about":[{"href":"https:\/\/www.shqiperia.com\/blog\/wp-json\/wp\/v2\/types\/post"}],"author":[{"embeddable":true,"href":"https:\/\/www.shqiperia.com\/blog\/wp-json\/wp\/v2\/users\/9"}],"replies":[{"embeddable":true,"href":"https:\/\/www.shqiperia.com\/blog\/wp-json\/wp\/v2\/comments?post=82106"}],"version-history":[{"count":2,"href":"https:\/\/www.shqiperia.com\/blog\/wp-json\/wp\/v2\/posts\/82106\/revisions"}],"predecessor-version":[{"id":82109,"href":"https:\/\/www.shqiperia.com\/blog\/wp-json\/wp\/v2\/posts\/82106\/revisions\/82109"}],"wp:featuredmedia":[{"embeddable":true,"href":"https:\/\/www.shqiperia.com\/blog\/wp-json\/wp\/v2\/media\/82107"}],"wp:attachment":[{"href":"https:\/\/www.shqiperia.com\/blog\/wp-json\/wp\/v2\/media?parent=82106"}],"wp:term":[{"taxonomy":"category","embeddable":true,"href":"https:\/\/www.shqiperia.com\/blog\/wp-json\/wp\/v2\/categories?post=82106"},{"taxonomy":"post_tag","embeddable":true,"href":"https:\/\/www.shqiperia.com\/blog\/wp-json\/wp\/v2\/tags?post=82106"}],"curies":[{"name":"wp","href":"https:\/\/api.w.org\/{rel}","templated":true}]}}