{"id":81912,"date":"2024-06-18T04:11:23","date_gmt":"2024-06-18T04:11:23","guid":{"rendered":"https:\/\/www.shqiperia.com\/blog\/?p=81912"},"modified":"2024-06-18T04:11:23","modified_gmt":"2024-06-18T04:11:23","slug":"shishtaveci-bukurite-e-natyres-te-shoqeruara-me-mikpritjen-dhe-gatimin","status":"publish","type":"post","link":"https:\/\/www.shqiperia.com\/blog\/shishtaveci-bukurite-e-natyres-te-shoqeruara-me-mikpritjen-dhe-gatimin\/","title":{"rendered":"SHishtaveci: &#8211; Bukurit\u00eb e natyr\u00ebs t\u00eb shoq\u00ebruara me mikpritjen dhe gatimin"},"content":{"rendered":"<p><img data-recalc-dims=\"1\" loading=\"lazy\" decoding=\"async\" data-attachment-id=\"81913\" data-permalink=\"https:\/\/www.shqiperia.com\/blog\/shishtaveci-bukurite-e-natyres-te-shoqeruara-me-mikpritjen-dhe-gatimin\/hq720-2\/\" data-orig-file=\"https:\/\/i0.wp.com\/www.shqiperia.com\/blog\/wp-content\/uploads\/2024\/06\/hq720.jpg?fit=686%2C386&amp;ssl=1\" data-orig-size=\"686,386\" data-comments-opened=\"1\" data-image-meta=\"{&quot;aperture&quot;:&quot;0&quot;,&quot;credit&quot;:&quot;&quot;,&quot;camera&quot;:&quot;&quot;,&quot;caption&quot;:&quot;&quot;,&quot;created_timestamp&quot;:&quot;0&quot;,&quot;copyright&quot;:&quot;&quot;,&quot;focal_length&quot;:&quot;0&quot;,&quot;iso&quot;:&quot;0&quot;,&quot;shutter_speed&quot;:&quot;0&quot;,&quot;title&quot;:&quot;&quot;,&quot;orientation&quot;:&quot;0&quot;}\" data-image-title=\"hq720\" data-image-description=\"\" data-image-caption=\"\" data-medium-file=\"https:\/\/i0.wp.com\/www.shqiperia.com\/blog\/wp-content\/uploads\/2024\/06\/hq720.jpg?fit=300%2C169&amp;ssl=1\" data-large-file=\"https:\/\/i0.wp.com\/www.shqiperia.com\/blog\/wp-content\/uploads\/2024\/06\/hq720.jpg?fit=686%2C386&amp;ssl=1\" class=\"alignnone  wp-image-81913\" alt=\"\" src=\"https:\/\/i0.wp.com\/www.shqiperia.com\/blog\/wp-content\/uploads\/2024\/06\/hq720.jpg?resize=841%2C474&#038;ssl=1\" width=\"841\" height=\"474\" srcset=\"https:\/\/i0.wp.com\/www.shqiperia.com\/blog\/wp-content\/uploads\/2024\/06\/hq720.jpg?resize=300%2C169&amp;ssl=1 300w, https:\/\/i0.wp.com\/www.shqiperia.com\/blog\/wp-content\/uploads\/2024\/06\/hq720.jpg?resize=450%2C253&amp;ssl=1 450w, https:\/\/i0.wp.com\/www.shqiperia.com\/blog\/wp-content\/uploads\/2024\/06\/hq720.jpg?resize=600%2C338&amp;ssl=1 600w, https:\/\/i0.wp.com\/www.shqiperia.com\/blog\/wp-content\/uploads\/2024\/06\/hq720.jpg?resize=400%2C225&amp;ssl=1 400w, https:\/\/i0.wp.com\/www.shqiperia.com\/blog\/wp-content\/uploads\/2024\/06\/hq720.jpg?w=686&amp;ssl=1 686w\" sizes=\"auto, (max-width: 841px) 100vw, 841px\" \/><\/p>\n<p>18 Qershor 2024<\/p>\n<p>Qet\u00ebsia e Shishtavecit humbi n\u00eb k\u00ebt\u00eb fundjav\u00eb nga g\u00ebzimi i familjeve q\u00eb zgjodh\u00ebn t\u00eb kalojn\u00eb aty pak dit\u00eb pushime<\/p>\n<p>Ajri i past\u00ebr gjelb\u00ebrimi dhe ngjyrat e luleve soll\u00ebn pamje mahnit\u00ebse.<\/p>\n<p><img data-recalc-dims=\"1\" loading=\"lazy\" decoding=\"async\" data-attachment-id=\"81914\" data-permalink=\"https:\/\/www.shqiperia.com\/blog\/shishtaveci-bukurite-e-natyres-te-shoqeruara-me-mikpritjen-dhe-gatimin\/images-105\/\" data-orig-file=\"https:\/\/i0.wp.com\/www.shqiperia.com\/blog\/wp-content\/uploads\/2024\/06\/images-1.jpg?fit=194%2C259&amp;ssl=1\" data-orig-size=\"194,259\" data-comments-opened=\"1\" data-image-meta=\"{&quot;aperture&quot;:&quot;0&quot;,&quot;credit&quot;:&quot;&quot;,&quot;camera&quot;:&quot;&quot;,&quot;caption&quot;:&quot;&quot;,&quot;created_timestamp&quot;:&quot;0&quot;,&quot;copyright&quot;:&quot;&quot;,&quot;focal_length&quot;:&quot;0&quot;,&quot;iso&quot;:&quot;0&quot;,&quot;shutter_speed&quot;:&quot;0&quot;,&quot;title&quot;:&quot;&quot;,&quot;orientation&quot;:&quot;0&quot;}\" data-image-title=\"images\" data-image-description=\"\" data-image-caption=\"\" data-medium-file=\"https:\/\/i0.wp.com\/www.shqiperia.com\/blog\/wp-content\/uploads\/2024\/06\/images-1.jpg?fit=194%2C259&amp;ssl=1\" data-large-file=\"https:\/\/i0.wp.com\/www.shqiperia.com\/blog\/wp-content\/uploads\/2024\/06\/images-1.jpg?fit=194%2C259&amp;ssl=1\" class=\"alignnone  wp-image-81914\" alt=\"\" src=\"https:\/\/i0.wp.com\/www.shqiperia.com\/blog\/wp-content\/uploads\/2024\/06\/images-1.jpg?resize=398%2C531&#038;ssl=1\" width=\"398\" height=\"531\" \/><\/p>\n<p><img data-recalc-dims=\"1\" loading=\"lazy\" decoding=\"async\" data-attachment-id=\"81915\" data-permalink=\"https:\/\/www.shqiperia.com\/blog\/shishtaveci-bukurite-e-natyres-te-shoqeruara-me-mikpritjen-dhe-gatimin\/hq720-1\/\" data-orig-file=\"https:\/\/i0.wp.com\/www.shqiperia.com\/blog\/wp-content\/uploads\/2024\/06\/hq720-1.jpg?fit=686%2C386&amp;ssl=1\" data-orig-size=\"686,386\" data-comments-opened=\"1\" data-image-meta=\"{&quot;aperture&quot;:&quot;0&quot;,&quot;credit&quot;:&quot;&quot;,&quot;camera&quot;:&quot;&quot;,&quot;caption&quot;:&quot;&quot;,&quot;created_timestamp&quot;:&quot;0&quot;,&quot;copyright&quot;:&quot;&quot;,&quot;focal_length&quot;:&quot;0&quot;,&quot;iso&quot;:&quot;0&quot;,&quot;shutter_speed&quot;:&quot;0&quot;,&quot;title&quot;:&quot;&quot;,&quot;orientation&quot;:&quot;0&quot;}\" data-image-title=\"hq720 (1)\" data-image-description=\"\" data-image-caption=\"\" data-medium-file=\"https:\/\/i0.wp.com\/www.shqiperia.com\/blog\/wp-content\/uploads\/2024\/06\/hq720-1.jpg?fit=300%2C169&amp;ssl=1\" data-large-file=\"https:\/\/i0.wp.com\/www.shqiperia.com\/blog\/wp-content\/uploads\/2024\/06\/hq720-1.jpg?fit=686%2C386&amp;ssl=1\" class=\"alignnone  wp-image-81915\" alt=\"\" src=\"https:\/\/i0.wp.com\/www.shqiperia.com\/blog\/wp-content\/uploads\/2024\/06\/hq720-1.jpg?resize=726%2C409&#038;ssl=1\" width=\"726\" height=\"409\" srcset=\"https:\/\/i0.wp.com\/www.shqiperia.com\/blog\/wp-content\/uploads\/2024\/06\/hq720-1.jpg?resize=300%2C169&amp;ssl=1 300w, https:\/\/i0.wp.com\/www.shqiperia.com\/blog\/wp-content\/uploads\/2024\/06\/hq720-1.jpg?resize=450%2C253&amp;ssl=1 450w, https:\/\/i0.wp.com\/www.shqiperia.com\/blog\/wp-content\/uploads\/2024\/06\/hq720-1.jpg?resize=600%2C338&amp;ssl=1 600w, https:\/\/i0.wp.com\/www.shqiperia.com\/blog\/wp-content\/uploads\/2024\/06\/hq720-1.jpg?resize=400%2C225&amp;ssl=1 400w, https:\/\/i0.wp.com\/www.shqiperia.com\/blog\/wp-content\/uploads\/2024\/06\/hq720-1.jpg?w=686&amp;ssl=1 686w\" sizes=\"auto, (max-width: 726px) 100vw, 726px\" \/> <img data-recalc-dims=\"1\" loading=\"lazy\" decoding=\"async\" data-attachment-id=\"81916\" data-permalink=\"https:\/\/www.shqiperia.com\/blog\/shishtaveci-bukurite-e-natyres-te-shoqeruara-me-mikpritjen-dhe-gatimin\/images-1-13\/\" data-orig-file=\"https:\/\/i0.wp.com\/www.shqiperia.com\/blog\/wp-content\/uploads\/2024\/06\/images-1-1.jpg?fit=275%2C183&amp;ssl=1\" data-orig-size=\"275,183\" data-comments-opened=\"1\" data-image-meta=\"{&quot;aperture&quot;:&quot;0&quot;,&quot;credit&quot;:&quot;&quot;,&quot;camera&quot;:&quot;&quot;,&quot;caption&quot;:&quot;&quot;,&quot;created_timestamp&quot;:&quot;0&quot;,&quot;copyright&quot;:&quot;&quot;,&quot;focal_length&quot;:&quot;0&quot;,&quot;iso&quot;:&quot;0&quot;,&quot;shutter_speed&quot;:&quot;0&quot;,&quot;title&quot;:&quot;&quot;,&quot;orientation&quot;:&quot;0&quot;}\" data-image-title=\"images (1)\" data-image-description=\"\" data-image-caption=\"\" data-medium-file=\"https:\/\/i0.wp.com\/www.shqiperia.com\/blog\/wp-content\/uploads\/2024\/06\/images-1-1.jpg?fit=275%2C183&amp;ssl=1\" data-large-file=\"https:\/\/i0.wp.com\/www.shqiperia.com\/blog\/wp-content\/uploads\/2024\/06\/images-1-1.jpg?fit=275%2C183&amp;ssl=1\" class=\"alignnone  wp-image-81916\" alt=\"\" src=\"https:\/\/i0.wp.com\/www.shqiperia.com\/blog\/wp-content\/uploads\/2024\/06\/images-1-1.jpg?resize=778%2C518&#038;ssl=1\" width=\"778\" height=\"518\" \/><\/p>\n<p>Natyra shkon n\u00eb linj\u00eb t\u00eb drejt\u00eb me shijen e ushqimit dhe mikpritjen e banor\u00ebve t\u00eb zon\u00ebs.<\/p>\n<p>P\u00ebrgjat\u00eb viteve t\u00eb fundit aty jan\u00eb shtuar dhe investimet n\u00eb bujtina, por dhe kulinaria \u00ebsht\u00eb zhvilluar mes tradit\u00ebs dhe shtimit t\u00eb shijeve n\u00eb vite.<\/p>\n<p>Megjithat\u00eb shqet\u00ebsim mbeten investimet n\u00eb infrastruktur\u00eb. Madje p\u00ebr t\u00eb p\u00ebrshkruar 3.5 kilomet\u00ebr drejt liqenit t\u00eb kallabakut do t\u00eb duhet nj\u00eb koh\u00eb relativisht e gjat\u00eb krahasuar me distanc\u00ebn.<\/p>\n","protected":false},"excerpt":{"rendered":"<p>18 Qershor 2024 Qet\u00ebsia e Shishtavecit humbi n\u00eb k\u00ebt\u00eb fundjav\u00eb nga g\u00ebzimi i familjeve q\u00eb zgjodh\u00ebn t\u00eb kalojn\u00eb aty pak dit\u00eb pushime Ajri i past\u00ebr gjelb\u00ebrimi dhe ngjyrat e luleve soll\u00ebn pamje mahnit\u00ebse. Natyra shkon n\u00eb linj\u00eb t\u00eb drejt\u00eb me shijen e ushqimit dhe mikpritjen e banor\u00ebve t\u00eb zon\u00ebs. P\u00ebrgjat\u00eb viteve t\u00eb fundit aty jan\u00eb [&hellip;]<\/p>\n","protected":false},"author":9,"featured_media":81913,"comment_status":"open","ping_status":"open","sticky":false,"template":"","format":"standard","meta":{"jetpack_post_was_ever_published":false,"_jetpack_newsletter_access":"","_jetpack_dont_email_post_to_subs":false,"_jetpack_newsletter_tier_id":0,"_jetpack_memberships_contains_paywalled_content":false,"_jetpack_memberships_contains_paid_content":false,"footnotes":"","jetpack_publicize_message":"","jetpack_publicize_feature_enabled":true,"jetpack_social_post_already_shared":true,"jetpack_social_options":{"image_generator_settings":{"template":"highway","default_image_id":0,"font":"","enabled":false},"version":2}},"categories":[27,10,35,86],"tags":[],"class_list":["post-81912","post","type-post","status-publish","format-standard","has-post-thumbnail","hentry","category-blogu-i-udhetarit","category-kultura","category-shoqerore","category-trashegimi-kulturore"],"jetpack_publicize_connections":[],"jetpack_featured_media_url":"https:\/\/i0.wp.com\/www.shqiperia.com\/blog\/wp-content\/uploads\/2024\/06\/hq720.jpg?fit=686%2C386&ssl=1","jetpack_sharing_enabled":true,"jetpack_shortlink":"https:\/\/wp.me\/p5Z6wp-lja","jetpack-related-posts":[{"id":11181,"url":"https:\/\/www.shqiperia.com\/blog\/morning-post-1912-zakonet-e-shqiptareve-mbi-armet-mikpritjen-dhe-respektin-ndaj-gruas\/","url_meta":{"origin":81912,"position":0},"title":"\u201cMorning Post\u201d (1912): Zakonet e shqiptar\u00ebve mbi arm\u00ebt, mikpritjen dhe respektin ndaj gruas. &#8211;","author":"Kurt Farka","date":"September 2, 2018","format":false,"excerpt":"\u201cMorning Post\u201d (1912): Zakonet e shqiptar\u00ebve mbi arm\u00ebt, mikpritjen dhe respektin ndaj gruas. - Gazeta franceze, \u201cLe Radical\u201d, ka botuar, t\u00eb enjten e 8 gushtit 1912, n\u00eb faqen n\u00b03, shkrimin e medias britanike, \u201cMorning Post\u201d, mbi traditat dhe zakonet shqiptare, n\u00eb t\u00eb cilin hasim trajtimin e temave t\u00eb ndryshme si\u2026","rel":"","context":"In &quot;Histori&quot;","block_context":{"text":"Histori","link":"https:\/\/www.shqiperia.com\/blog\/category\/histori\/"},"img":{"alt_text":"","src":"https:\/\/i0.wp.com\/www.shqiperia.com\/blog\/wp-content\/uploads\/2018\/09\/Dite-Pazari-.jpg?fit=676%2C395&ssl=1&resize=350%2C200","width":350,"height":200,"srcset":"https:\/\/i0.wp.com\/www.shqiperia.com\/blog\/wp-content\/uploads\/2018\/09\/Dite-Pazari-.jpg?fit=676%2C395&ssl=1&resize=350%2C200 1x, https:\/\/i0.wp.com\/www.shqiperia.com\/blog\/wp-content\/uploads\/2018\/09\/Dite-Pazari-.jpg?fit=676%2C395&ssl=1&resize=525%2C300 1.5x"},"classes":[]},{"id":45281,"url":"https:\/\/www.shqiperia.com\/blog\/incidenti-ne-elbasan-nuk-ndal-mikpritjen-e-banoreve-per-bashen\/","url_meta":{"origin":81912,"position":1},"title":"Incidenti n\u00eb Elbasan nuk ndal mikpritjen e banor\u00ebve p\u00ebr Bash\u00ebn","author":"Kurt Farka","date":"March 14, 2021","format":false,"excerpt":"Incidenti n\u00eb Elbasan nuk ndal mikpritjen e banor\u00ebve p\u00ebr Bash\u00ebn - 14\/03\/21 Pritja e ngroht\u00eb dhe masive e kryedemokratit Lulzim Basha n\u00eb Elbasan, nuk \u00ebsht\u00eb ndikuar aspak nga p\u00ebrleshja e simpatizant\u00ebve PD-PS n\u00eb sheshin e qytetit. Lideri i PD-s\u00eb ka vazhduar me qet\u00ebsi axhend\u00ebn duke p\u00ebrshkuar lagje t\u00eb shumta, teksa\u2026","rel":"","context":"In &quot;Blogu i Udh\u00ebtarit&quot;","block_context":{"text":"Blogu i Udh\u00ebtarit","link":"https:\/\/www.shqiperia.com\/blog\/category\/blogu-i-udhetarit\/"},"img":{"alt_text":"","src":"https:\/\/i0.wp.com\/www.shqiperia.com\/blog\/wp-content\/uploads\/2021\/03\/Basha-ne-Elbasan-Dite-Vere.jpg?fit=474%2C239&ssl=1&resize=350%2C200","width":350,"height":200},"classes":[]},{"id":42282,"url":"https:\/\/www.shqiperia.com\/blog\/arberesh-gezuar-krishtlindjet-e-mbani-meshen-shqip-nderime\/","url_meta":{"origin":81912,"position":2},"title":"Arberesh Gezuar Krishtlindjet. E mbani Meshen Shqip, Nderime.","author":"Kurt Farka","date":"December 24, 2020","format":false,"excerpt":"Arberesh Gezuar Krishtlindjet. E mbani Meshen Shqip, Nderime. Me kujtimin e para 25 vitesh kur kisha fatin te vizitoja per 12 dite fshatrat Arbereshe Puheriu (Pallagorio), San Nikolo dhe Karfici 1991 me ftesen dhe mikpritjen e Dr. Ingjinier Antonio Gjentile bir i Puheriut. E paharruar mbetet per mua edhe ceremonia\u2026","rel":"","context":"In &quot;Histori&quot;","block_context":{"text":"Histori","link":"https:\/\/www.shqiperia.com\/blog\/category\/histori\/"},"img":{"alt_text":"","src":"https:\/\/i0.wp.com\/www.shqiperia.com\/blog\/wp-content\/uploads\/2020\/12\/08.jpg?fit=960%2C604&ssl=1&resize=350%2C200","width":350,"height":200,"srcset":"https:\/\/i0.wp.com\/www.shqiperia.com\/blog\/wp-content\/uploads\/2020\/12\/08.jpg?fit=960%2C604&ssl=1&resize=350%2C200 1x, https:\/\/i0.wp.com\/www.shqiperia.com\/blog\/wp-content\/uploads\/2020\/12\/08.jpg?fit=960%2C604&ssl=1&resize=525%2C300 1.5x, https:\/\/i0.wp.com\/www.shqiperia.com\/blog\/wp-content\/uploads\/2020\/12\/08.jpg?fit=960%2C604&ssl=1&resize=700%2C400 2x"},"classes":[]},{"id":3755,"url":"https:\/\/www.shqiperia.com\/blog\/gjirokastra-qyteti-ballkanik-qe-ruan-sekretin-e-artit-arkitektonik\/","url_meta":{"origin":81912,"position":3},"title":"Gjirokastra, qyteti ballkanik q\u00eb ruan sekretin e artit arkitektonik. &#8211;","author":"Kurt Farka","date":"February 23, 2018","format":false,"excerpt":"Qyteti jugor i Shqip\u00ebris\u00eb p\u00ebrshkruhet si nj\u00eb prej vendeve m\u00eb intriguese p\u00ebr t\u00eb cilin lexuesit e gazet\u00ebs prestigjioze \u201cThe Wall Street Journal\u201d mund t\u00eb mos ken\u00eb d\u00ebgjuar kurr\u00eb, transmeton sot \u201cKoha Ditore\u201d. N\u00eb artikullin e shkruar nga Cathryn Drake jan\u00eb dh\u00ebn\u00eb p\u00ebrshkrime t\u00eb detajuara p\u00ebr arkitektur\u00ebn, mikpritjen, historin\u00eb e atraksionet\u2026","rel":"","context":"In &quot;Histori&quot;","block_context":{"text":"Histori","link":"https:\/\/www.shqiperia.com\/blog\/category\/histori\/"},"img":{"alt_text":"","src":"https:\/\/i0.wp.com\/www.shqiperia.com\/blog\/wp-content\/uploads\/2018\/02\/Gjirokastra-2-1.jpg?resize=350%2C200","width":350,"height":200},"classes":[]},{"id":81051,"url":"https:\/\/www.shqiperia.com\/blog\/mediat-britanike-piramida-e-tiranes-nje-ish-monument-dhe-muze-i-brutalizmit-dedikuar-enver-hoxhes\/","url_meta":{"origin":81912,"position":4},"title":"Mediat britanike: &#8211; Piramida e Tiran\u00ebs, nj\u00eb ish-monument dhe muze i brutalizmit dedikuar Enver Hoxh\u00ebs","author":"Kurt Farka","date":"May 15, 2024","format":false,"excerpt":"15 Maji 2024 E p\u00ebrditshmja britanike Wanderlust i ka dedikuar nj\u00eb shkrim t\u00eb zgjeruar Shqip\u00ebris\u00eb duke u ndaluar si\u00e7 shprehet autorja e shkrimit Jessica Reid n\u00eb qoshet e fshehta mes komuniteteve lokale q\u00eb ruajn\u00eb dhe trash\u00ebgojn\u00eb larmin\u00eb e traditave, shijeve, festave, diversitetit kulturor dhe nj\u00eb m\u00ebnyr\u00eb t\u00eb jetuari plot gjall\u00ebri\u2026","rel":"","context":"In &quot;Blogu i Udh\u00ebtarit&quot;","block_context":{"text":"Blogu i Udh\u00ebtarit","link":"https:\/\/www.shqiperia.com\/blog\/category\/blogu-i-udhetarit\/"},"img":{"alt_text":"","src":"https:\/\/i0.wp.com\/www.shqiperia.com\/blog\/wp-content\/uploads\/2024\/05\/27275828.jpg?fit=800%2C496&ssl=1&resize=350%2C200","width":350,"height":200,"srcset":"https:\/\/i0.wp.com\/www.shqiperia.com\/blog\/wp-content\/uploads\/2024\/05\/27275828.jpg?fit=800%2C496&ssl=1&resize=350%2C200 1x, https:\/\/i0.wp.com\/www.shqiperia.com\/blog\/wp-content\/uploads\/2024\/05\/27275828.jpg?fit=800%2C496&ssl=1&resize=525%2C300 1.5x, https:\/\/i0.wp.com\/www.shqiperia.com\/blog\/wp-content\/uploads\/2024\/05\/27275828.jpg?fit=800%2C496&ssl=1&resize=700%2C400 2x"},"classes":[]},{"id":65037,"url":"https:\/\/www.shqiperia.com\/blog\/vjet-strehoi-refugjatet-afgane-sot-i-coi-pa-asnje-njoftim-policine-metamorfoza-e-rames-me-urdhrat-e-paligjshem-ndaj-prestige-resort\/","url_meta":{"origin":81912,"position":5},"title":"Vjet strehoi refugjat\u00ebt afgan\u00eb, sot i \u00e7oi pa asnj\u00eb njoftim policin\u00eb. &#8211; Metamorfoza e Ram\u00ebs me urdhrat e paligjsh\u00ebm ndaj \u2018Prestige Resort\u2019","author":"Kurt Farka","date":"December 1, 2022","format":false,"excerpt":"1 Dhjetor 2022 Nj\u00eb tjet\u00ebr sulm i paligjsh\u00ebm ndaj \u201cPrestige Resort\u201d. M\u00ebngjesin e sot\u00ebm, policia dhe fadroma t\u00eb IKMT-s\u00eb pa asnj\u00eb njoftim zbarkuan n\u00eb hotel, ku pa asnj\u00eb shkres\u00eb zyrtare u nxor\u00ebn me forc\u00eb punonj\u00ebs t\u00eb Prestige dhe pushues. Teksa vitin e kaluar kryeministri Edi Rama vler\u00ebsoi kontributin e \u00e7muar\u2026","rel":"","context":"In &quot;Blogu i Udh\u00ebtarit&quot;","block_context":{"text":"Blogu i Udh\u00ebtarit","link":"https:\/\/www.shqiperia.com\/blog\/category\/blogu-i-udhetarit\/"},"img":{"alt_text":"","src":"https:\/\/i0.wp.com\/www.shqiperia.com\/blog\/wp-content\/uploads\/2022\/12\/Screenshot_14-14-770x433-1.jpg?fit=770%2C422&ssl=1&resize=350%2C200","width":350,"height":200,"srcset":"https:\/\/i0.wp.com\/www.shqiperia.com\/blog\/wp-content\/uploads\/2022\/12\/Screenshot_14-14-770x433-1.jpg?fit=770%2C422&ssl=1&resize=350%2C200 1x, https:\/\/i0.wp.com\/www.shqiperia.com\/blog\/wp-content\/uploads\/2022\/12\/Screenshot_14-14-770x433-1.jpg?fit=770%2C422&ssl=1&resize=525%2C300 1.5x, https:\/\/i0.wp.com\/www.shqiperia.com\/blog\/wp-content\/uploads\/2022\/12\/Screenshot_14-14-770x433-1.jpg?fit=770%2C422&ssl=1&resize=700%2C400 2x"},"classes":[]}],"_links":{"self":[{"href":"https:\/\/www.shqiperia.com\/blog\/wp-json\/wp\/v2\/posts\/81912","targetHints":{"allow":["GET"]}}],"collection":[{"href":"https:\/\/www.shqiperia.com\/blog\/wp-json\/wp\/v2\/posts"}],"about":[{"href":"https:\/\/www.shqiperia.com\/blog\/wp-json\/wp\/v2\/types\/post"}],"author":[{"embeddable":true,"href":"https:\/\/www.shqiperia.com\/blog\/wp-json\/wp\/v2\/users\/9"}],"replies":[{"embeddable":true,"href":"https:\/\/www.shqiperia.com\/blog\/wp-json\/wp\/v2\/comments?post=81912"}],"version-history":[{"count":1,"href":"https:\/\/www.shqiperia.com\/blog\/wp-json\/wp\/v2\/posts\/81912\/revisions"}],"predecessor-version":[{"id":81917,"href":"https:\/\/www.shqiperia.com\/blog\/wp-json\/wp\/v2\/posts\/81912\/revisions\/81917"}],"wp:featuredmedia":[{"embeddable":true,"href":"https:\/\/www.shqiperia.com\/blog\/wp-json\/wp\/v2\/media\/81913"}],"wp:attachment":[{"href":"https:\/\/www.shqiperia.com\/blog\/wp-json\/wp\/v2\/media?parent=81912"}],"wp:term":[{"taxonomy":"category","embeddable":true,"href":"https:\/\/www.shqiperia.com\/blog\/wp-json\/wp\/v2\/categories?post=81912"},{"taxonomy":"post_tag","embeddable":true,"href":"https:\/\/www.shqiperia.com\/blog\/wp-json\/wp\/v2\/tags?post=81912"}],"curies":[{"name":"wp","href":"https:\/\/api.w.org\/{rel}","templated":true}]}}