{"id":8077,"date":"2018-05-30T09:15:32","date_gmt":"2018-05-30T09:15:32","guid":{"rendered":"http:\/\/www.shqiperia.com\/blog\/?p=8077"},"modified":"2018-05-30T09:15:48","modified_gmt":"2018-05-30T09:15:48","slug":"cardaku-ne-banesen-beratase","status":"publish","type":"post","link":"https:\/\/www.shqiperia.com\/blog\/cardaku-ne-banesen-beratase\/","title":{"rendered":"\u00c7ardaku n\u00eb banes\u00ebn beratase. &#8211;"},"content":{"rendered":"<p><img data-recalc-dims=\"1\" loading=\"lazy\" decoding=\"async\" data-attachment-id=\"8078\" data-permalink=\"https:\/\/www.shqiperia.com\/blog\/cardaku-ne-banesen-beratase\/18622450_1440148616031991_1103980695429125390_n\/\" data-orig-file=\"https:\/\/i0.wp.com\/www.shqiperia.com\/blog\/wp-content\/uploads\/2018\/05\/18622450_1440148616031991_1103980695429125390_n.jpg?fit=960%2C720&amp;ssl=1\" data-orig-size=\"960,720\" data-comments-opened=\"1\" data-image-meta=\"{&quot;aperture&quot;:&quot;0&quot;,&quot;credit&quot;:&quot;&quot;,&quot;camera&quot;:&quot;&quot;,&quot;caption&quot;:&quot;&quot;,&quot;created_timestamp&quot;:&quot;0&quot;,&quot;copyright&quot;:&quot;&quot;,&quot;focal_length&quot;:&quot;0&quot;,&quot;iso&quot;:&quot;0&quot;,&quot;shutter_speed&quot;:&quot;0&quot;,&quot;title&quot;:&quot;&quot;,&quot;orientation&quot;:&quot;0&quot;}\" data-image-title=\"18622450_1440148616031991_1103980695429125390_n\" data-image-description=\"\" data-image-caption=\"\" data-medium-file=\"https:\/\/i0.wp.com\/www.shqiperia.com\/blog\/wp-content\/uploads\/2018\/05\/18622450_1440148616031991_1103980695429125390_n.jpg?fit=300%2C225&amp;ssl=1\" data-large-file=\"https:\/\/i0.wp.com\/www.shqiperia.com\/blog\/wp-content\/uploads\/2018\/05\/18622450_1440148616031991_1103980695429125390_n.jpg?fit=960%2C720&amp;ssl=1\" class=\"alignnone size-medium wp-image-8078\" alt=\"\" src=\"https:\/\/i0.wp.com\/www.shqiperia.com\/blog\/wp-content\/uploads\/2018\/05\/18622450_1440148616031991_1103980695429125390_n-300x225.jpg?resize=300%2C225\" width=\"300\" height=\"225\" srcset=\"https:\/\/i0.wp.com\/www.shqiperia.com\/blog\/wp-content\/uploads\/2018\/05\/18622450_1440148616031991_1103980695429125390_n.jpg?resize=300%2C225&amp;ssl=1 300w, https:\/\/i0.wp.com\/www.shqiperia.com\/blog\/wp-content\/uploads\/2018\/05\/18622450_1440148616031991_1103980695429125390_n.jpg?resize=768%2C576&amp;ssl=1 768w, https:\/\/i0.wp.com\/www.shqiperia.com\/blog\/wp-content\/uploads\/2018\/05\/18622450_1440148616031991_1103980695429125390_n.jpg?w=960&amp;ssl=1 960w\" sizes=\"auto, (max-width: 300px) 100vw, 300px\" \/><\/p>\n<p>\u00c7ardaku n\u00eb banes\u00ebn beratase. &#8211;<\/p>\n<p>Nga: Latif LAZIMI<\/p>\n<p>\u00c7ardaku n\u00eb banes\u00ebn beratase, <span>Zhvillimi i \u00e7ardakut dhe banes\u00ebs. Tri zgjidhjet e k\u00ebtij zhvillimi: 1) Banesa me \u00e7ardak n\u00eb gjith\u00eb ballin. 2) Banesa me \u00e7ardak n\u00eb nj\u00eb krah.3) Banesa me \u00e7ardak n\u00eb qend\u00ebr. Madh\u00ebsia dhe p\u00ebrdorimi i \u00e7ardakut.<\/span><\/p>\n<p>Shtrirja dhe karakteristikat kryesore t\u00eb banesave me dy kate dhe \u00e7ardak n\u00eb Berat. Ato i gjejm\u00eb t\u00eb vendosura n\u00eb t\u00eb gjitha lagjet e qytetit. N\u00eb katin e par\u00eb ndodhen katonjt\u00eb dhe hajati, me t\u00eb cilin komunikojn\u00eb. N\u00eb katin e dyt\u00eb, q\u00eb \u00ebsht\u00eb dhe kati i banimit, kemi \u00e7ardakun dhe ambientet p\u00ebrreth tij. Ai ndodhet gjithmon\u00eb mbi hajat dhe ka t\u00eb nj\u00ebjtin konfiguracion dhe sip\u00ebrfaqe me t\u00eb. Nd\u00ebrlidhja nd\u00ebrmjet dy kateve realizohet me an\u00eb t\u00eb shkall\u00ebve t\u00eb cilat dalin n\u00eb \u00e7ardak e q\u00eb mund t\u00eb jen\u00eb t\u00eb nj\u00eban\u00ebshme ose t\u00eb dyan\u00ebshme.<\/p>\n<p><img data-recalc-dims=\"1\" loading=\"lazy\" decoding=\"async\" data-attachment-id=\"8080\" data-permalink=\"https:\/\/www.shqiperia.com\/blog\/cardaku-ne-banesen-beratase\/18670818_1440149236031929_4155021942019343935_n\/\" data-orig-file=\"https:\/\/i0.wp.com\/www.shqiperia.com\/blog\/wp-content\/uploads\/2018\/05\/18670818_1440149236031929_4155021942019343935_n.jpg?fit=960%2C720&amp;ssl=1\" data-orig-size=\"960,720\" data-comments-opened=\"1\" data-image-meta=\"{&quot;aperture&quot;:&quot;0&quot;,&quot;credit&quot;:&quot;&quot;,&quot;camera&quot;:&quot;&quot;,&quot;caption&quot;:&quot;&quot;,&quot;created_timestamp&quot;:&quot;0&quot;,&quot;copyright&quot;:&quot;&quot;,&quot;focal_length&quot;:&quot;0&quot;,&quot;iso&quot;:&quot;0&quot;,&quot;shutter_speed&quot;:&quot;0&quot;,&quot;title&quot;:&quot;&quot;,&quot;orientation&quot;:&quot;0&quot;}\" data-image-title=\"18670818_1440149236031929_4155021942019343935_n\" data-image-description=\"\" data-image-caption=\"\" data-medium-file=\"https:\/\/i0.wp.com\/www.shqiperia.com\/blog\/wp-content\/uploads\/2018\/05\/18670818_1440149236031929_4155021942019343935_n.jpg?fit=300%2C225&amp;ssl=1\" data-large-file=\"https:\/\/i0.wp.com\/www.shqiperia.com\/blog\/wp-content\/uploads\/2018\/05\/18670818_1440149236031929_4155021942019343935_n.jpg?fit=960%2C720&amp;ssl=1\" class=\"alignnone wp-image-8080\" alt=\"\" src=\"https:\/\/i0.wp.com\/www.shqiperia.com\/blog\/wp-content\/uploads\/2018\/05\/18670818_1440149236031929_4155021942019343935_n-300x225.jpg?resize=475%2C356\" width=\"475\" height=\"356\" srcset=\"https:\/\/i0.wp.com\/www.shqiperia.com\/blog\/wp-content\/uploads\/2018\/05\/18670818_1440149236031929_4155021942019343935_n.jpg?resize=300%2C225&amp;ssl=1 300w, https:\/\/i0.wp.com\/www.shqiperia.com\/blog\/wp-content\/uploads\/2018\/05\/18670818_1440149236031929_4155021942019343935_n.jpg?resize=768%2C576&amp;ssl=1 768w, https:\/\/i0.wp.com\/www.shqiperia.com\/blog\/wp-content\/uploads\/2018\/05\/18670818_1440149236031929_4155021942019343935_n.jpg?w=960&amp;ssl=1 960w\" sizes=\"auto, (max-width: 475px) 100vw, 475px\" \/> <img data-recalc-dims=\"1\" loading=\"lazy\" decoding=\"async\" data-attachment-id=\"8079\" data-permalink=\"https:\/\/www.shqiperia.com\/blog\/cardaku-ne-banesen-beratase\/18582544_1440149552698564_8759669380960977061_n\/\" data-orig-file=\"https:\/\/i0.wp.com\/www.shqiperia.com\/blog\/wp-content\/uploads\/2018\/05\/18582544_1440149552698564_8759669380960977061_n.jpg?fit=960%2C696&amp;ssl=1\" data-orig-size=\"960,696\" data-comments-opened=\"1\" data-image-meta=\"{&quot;aperture&quot;:&quot;0&quot;,&quot;credit&quot;:&quot;&quot;,&quot;camera&quot;:&quot;&quot;,&quot;caption&quot;:&quot;&quot;,&quot;created_timestamp&quot;:&quot;0&quot;,&quot;copyright&quot;:&quot;&quot;,&quot;focal_length&quot;:&quot;0&quot;,&quot;iso&quot;:&quot;0&quot;,&quot;shutter_speed&quot;:&quot;0&quot;,&quot;title&quot;:&quot;&quot;,&quot;orientation&quot;:&quot;0&quot;}\" data-image-title=\"18582544_1440149552698564_8759669380960977061_n\" data-image-description=\"\" data-image-caption=\"\" data-medium-file=\"https:\/\/i0.wp.com\/www.shqiperia.com\/blog\/wp-content\/uploads\/2018\/05\/18582544_1440149552698564_8759669380960977061_n.jpg?fit=300%2C218&amp;ssl=1\" data-large-file=\"https:\/\/i0.wp.com\/www.shqiperia.com\/blog\/wp-content\/uploads\/2018\/05\/18582544_1440149552698564_8759669380960977061_n.jpg?fit=960%2C696&amp;ssl=1\" class=\"alignnone wp-image-8079\" alt=\"\" src=\"https:\/\/i0.wp.com\/www.shqiperia.com\/blog\/wp-content\/uploads\/2018\/05\/18582544_1440149552698564_8759669380960977061_n-300x218.jpg?resize=550%2C400\" width=\"550\" height=\"400\" srcset=\"https:\/\/i0.wp.com\/www.shqiperia.com\/blog\/wp-content\/uploads\/2018\/05\/18582544_1440149552698564_8759669380960977061_n.jpg?resize=300%2C218&amp;ssl=1 300w, https:\/\/i0.wp.com\/www.shqiperia.com\/blog\/wp-content\/uploads\/2018\/05\/18582544_1440149552698564_8759669380960977061_n.jpg?resize=768%2C557&amp;ssl=1 768w, https:\/\/i0.wp.com\/www.shqiperia.com\/blog\/wp-content\/uploads\/2018\/05\/18582544_1440149552698564_8759669380960977061_n.jpg?w=960&amp;ssl=1 960w\" sizes=\"auto, (max-width: 550px) 100vw, 550px\" \/><br \/>\nKrahas pro\u00e7eseve t\u00eb pun\u00ebs \u00e7ardaku mori dhe karakterin e ambjentit shoq\u00ebror. Gjat\u00eb stin\u00ebve t\u00eb ngrohta jeta e p\u00ebrditshme familjare shp\u00ebrngulej k\u00ebtu. Ai kryente edhe funksionin e disa ambienteve t\u00eb tjera t\u00eb banes\u00ebs: p\u00ebrdorej si v\u00ebnd shlodhje dhe soditje, duke dh\u00ebn\u00eb mund\u00ebsi p\u00ebr nj\u00eb komunikim m\u00eb t\u00eb madh me natyr\u00ebn. P\u00ebrmasat e m\u00ebdha, leht\u00ebsia n\u00eb qarkullim dhe komunikim e b\u00ebnte \u00e7ardakun nj\u00eb ambjent t\u00eb p\u00ebrshtatsh\u00ebm edhe n\u00eb raste festimesh familjare.<\/p>\n","protected":false},"excerpt":{"rendered":"<p>\u00c7ardaku n\u00eb banes\u00ebn beratase. &#8211; Nga: Latif LAZIMI \u00c7ardaku n\u00eb banes\u00ebn beratase, Zhvillimi i \u00e7ardakut dhe banes\u00ebs. Tri zgjidhjet e k\u00ebtij zhvillimi: 1) Banesa me \u00e7ardak n\u00eb gjith\u00eb ballin. 2) Banesa me \u00e7ardak n\u00eb nj\u00eb krah.3) Banesa me \u00e7ardak n\u00eb qend\u00ebr. Madh\u00ebsia dhe p\u00ebrdorimi i \u00e7ardakut. Shtrirja dhe karakteristikat kryesore t\u00eb banesave me dy kate [&hellip;]<\/p>\n","protected":false},"author":9,"featured_media":8078,"comment_status":"open","ping_status":"open","sticky":false,"template":"","format":"standard","meta":{"jetpack_post_was_ever_published":false,"_jetpack_newsletter_access":"","_jetpack_dont_email_post_to_subs":false,"_jetpack_newsletter_tier_id":0,"_jetpack_memberships_contains_paywalled_content":false,"_jetpack_memberships_contains_paid_content":false,"footnotes":"","jetpack_publicize_message":"","jetpack_publicize_feature_enabled":true,"jetpack_social_post_already_shared":true,"jetpack_social_options":{"image_generator_settings":{"template":"highway","default_image_id":0,"font":"","enabled":false},"version":2}},"categories":[10,86],"tags":[],"class_list":["post-8077","post","type-post","status-publish","format-standard","has-post-thumbnail","hentry","category-kultura","category-trashegimi-kulturore"],"jetpack_publicize_connections":[],"jetpack_featured_media_url":"https:\/\/i0.wp.com\/www.shqiperia.com\/blog\/wp-content\/uploads\/2018\/05\/18622450_1440148616031991_1103980695429125390_n.jpg?fit=960%2C720&ssl=1","jetpack_sharing_enabled":true,"jetpack_shortlink":"https:\/\/wp.me\/p5Z6wp-26h","jetpack-related-posts":[{"id":4227,"url":"https:\/\/www.shqiperia.com\/blog\/ndryshime-arkitektonike-te-rendesishme-ne-cardakun-e-baneses-beratase\/","url_meta":{"origin":8077,"position":0},"title":"Ndryshime arkitektonike t\u00eb r\u00ebnd\u00ebsishme ne \u00e7ardakun e baneses Beratase. &#8211;","author":"Kurt Farka","date":"March 2, 2018","format":false,"excerpt":"Nga: Ajet Nallbani. N\u00eb shekullin XIX si pasoj\u00eb e rritjes s\u00eb shpejt\u00eb t\u00eb popullsis\u00eb qytetare, sht\u00ebpia beratase me \u00e7ardak ashtu si n\u00eb p\u00ebrgjith\u00ebsi banesa qytetare shqiptare, p\u00ebsoi nj\u00eb s\u00ebr\u00eb ndryshimesh arkitektonike t\u00eb r\u00ebnd\u00ebsishme. \u00c7ardaku i sht\u00ebpive t\u00eb nd\u00ebrtuara sidomos n\u00eb vende kodrinore me sip\u00ebrfaqe t\u00eb kursyera nisi t\u00eb mbyllet dhe,\u2026","rel":"","context":"In &quot;Kultura&quot;","block_context":{"text":"Kultura","link":"https:\/\/www.shqiperia.com\/blog\/category\/kultura\/"},"img":{"alt_text":"","src":"https:\/\/i0.wp.com\/www.shqiperia.com\/blog\/wp-content\/uploads\/2018\/03\/Banesa-me-%C3%A7ardak-Berat-8.jpg?fit=960%2C720&ssl=1&resize=350%2C200","width":350,"height":200,"srcset":"https:\/\/i0.wp.com\/www.shqiperia.com\/blog\/wp-content\/uploads\/2018\/03\/Banesa-me-%C3%A7ardak-Berat-8.jpg?fit=960%2C720&ssl=1&resize=350%2C200 1x, https:\/\/i0.wp.com\/www.shqiperia.com\/blog\/wp-content\/uploads\/2018\/03\/Banesa-me-%C3%A7ardak-Berat-8.jpg?fit=960%2C720&ssl=1&resize=525%2C300 1.5x, https:\/\/i0.wp.com\/www.shqiperia.com\/blog\/wp-content\/uploads\/2018\/03\/Banesa-me-%C3%A7ardak-Berat-8.jpg?fit=960%2C720&ssl=1&resize=700%2C400 2x"},"classes":[]},{"id":5054,"url":"https:\/\/www.shqiperia.com\/blog\/muzeu-etnografik-berat\/","url_meta":{"origin":8077,"position":1},"title":"Muzeu Etnografik &#8211; Berat. &#8211;","author":"Kurt Farka","date":"March 17, 2018","format":false,"excerpt":"-Muzeu Etnografik n\u00eb Berat u p\u00ebrurua n\u00eb vitin1979. N\u00eb t\u00eb p\u00ebrfshihet kultura popullore etnografike e trev\u00ebs s\u00eb Beratit, si edhe ajo e Shqip\u00ebris\u00eb s\u00eb Jugut. Muzeu \u00ebsht\u00eb vendosur n\u00eb nj\u00eb godin\u00eb dykat\u00ebshe trishekullore, tipike e trev\u00ebs beratase. N\u00eb katin e par\u00eb \u00ebsht\u00eb ngritur nj\u00eb sall\u00eb n\u00eb t\u00eb cil\u00ebn \u00ebsht\u00eb imituar\u2026","rel":"","context":"In &quot;Trashegimi Kulturore&quot;","block_context":{"text":"Trashegimi Kulturore","link":"https:\/\/www.shqiperia.com\/blog\/category\/trashegimi-kulturore\/"},"img":{"alt_text":"","src":"https:\/\/i0.wp.com\/www.shqiperia.com\/blog\/wp-content\/uploads\/2018\/03\/Muzeu-Etnografik-Berat-3.jpg?fit=800%2C530&ssl=1&resize=350%2C200","width":350,"height":200,"srcset":"https:\/\/i0.wp.com\/www.shqiperia.com\/blog\/wp-content\/uploads\/2018\/03\/Muzeu-Etnografik-Berat-3.jpg?fit=800%2C530&ssl=1&resize=350%2C200 1x, https:\/\/i0.wp.com\/www.shqiperia.com\/blog\/wp-content\/uploads\/2018\/03\/Muzeu-Etnografik-Berat-3.jpg?fit=800%2C530&ssl=1&resize=525%2C300 1.5x, https:\/\/i0.wp.com\/www.shqiperia.com\/blog\/wp-content\/uploads\/2018\/03\/Muzeu-Etnografik-Berat-3.jpg?fit=800%2C530&ssl=1&resize=700%2C400 2x"},"classes":[]},{"id":9600,"url":"https:\/\/www.shqiperia.com\/blog\/muzeu-etnografik-ne-berat\/","url_meta":{"origin":8077,"position":2},"title":"Muzeu Etnografik n\u00eb Berat. &#8211;","author":"Kurt Farka","date":"July 11, 2018","format":false,"excerpt":"Muzeu Etnografik n\u00eb Berat. - Muzeu Etnografik n\u00eb Berat u p\u00ebrurua n\u00eb vitin 1979. N\u00eb t\u00eb p\u00ebrfshihet kultura popullore etnografike e trev\u00ebs s\u00eb Beratit, si edhe ajo e Shqip\u00ebris\u00eb s\u00eb Jugut. Muzeu \u00ebsht\u00eb vendosur n\u00eb nj\u00eb godin\u00eb dykat\u00ebshe trishekullore, tipike e trev\u00ebs beratase. N\u00eb katin e par\u00eb \u00ebsht\u00eb ngritur nj\u00eb\u2026","rel":"","context":"In &quot;Histori&quot;","block_context":{"text":"Histori","link":"https:\/\/www.shqiperia.com\/blog\/category\/histori\/"},"img":{"alt_text":"","src":"https:\/\/i0.wp.com\/www.shqiperia.com\/blog\/wp-content\/uploads\/2018\/07\/Muzeu-Etnografik-Berat.jpg?fit=800%2C465&ssl=1&resize=350%2C200","width":350,"height":200,"srcset":"https:\/\/i0.wp.com\/www.shqiperia.com\/blog\/wp-content\/uploads\/2018\/07\/Muzeu-Etnografik-Berat.jpg?fit=800%2C465&ssl=1&resize=350%2C200 1x, https:\/\/i0.wp.com\/www.shqiperia.com\/blog\/wp-content\/uploads\/2018\/07\/Muzeu-Etnografik-Berat.jpg?fit=800%2C465&ssl=1&resize=525%2C300 1.5x, https:\/\/i0.wp.com\/www.shqiperia.com\/blog\/wp-content\/uploads\/2018\/07\/Muzeu-Etnografik-Berat.jpg?fit=800%2C465&ssl=1&resize=700%2C400 2x"},"classes":[]},{"id":8857,"url":"https:\/\/www.shqiperia.com\/blog\/disa-te-dhena-mbi-tekniken-e-ndertimit-ne-banesen-beratase\/","url_meta":{"origin":8077,"position":3},"title":"Disa t\u00eb dh\u00ebna mbi teknik\u00ebn e nd\u00ebrtimit n\u00eb banes\u00ebn beratase. &#8211;","author":"Kurt Farka","date":"June 19, 2018","format":false,"excerpt":"Disa t\u00eb dh\u00ebna mbi teknik\u00ebn e nd\u00ebrtimit n\u00eb banes\u00ebn beratase. - Nga: Genc SAMIMI Banesat beratase t\u00eb nd\u00ebrtuara n\u00eb lagjet Kala, Mangalem dhe Goric\u00eb ngrihen mbi nj\u00eb terren t\u00eb pjerr\u00ebt shk\u00ebmbor. Themelet mb\u00ebshteten direkt mbi shk\u00ebmb ose n\u00eb rast se ai nuk \u00ebsht\u00eb n\u00eb sip\u00ebrfaqe, themeli nd\u00ebrtohet mbasi gj\u00ebndet tabani,\u2026","rel":"","context":"In &quot;Histori&quot;","block_context":{"text":"Histori","link":"https:\/\/www.shqiperia.com\/blog\/category\/histori\/"},"img":{"alt_text":"","src":"https:\/\/i0.wp.com\/www.shqiperia.com\/blog\/wp-content\/uploads\/2018\/06\/banesa-Berat-3.jpg?fit=720%2C414&ssl=1&resize=350%2C200","width":350,"height":200,"srcset":"https:\/\/i0.wp.com\/www.shqiperia.com\/blog\/wp-content\/uploads\/2018\/06\/banesa-Berat-3.jpg?fit=720%2C414&ssl=1&resize=350%2C200 1x, https:\/\/i0.wp.com\/www.shqiperia.com\/blog\/wp-content\/uploads\/2018\/06\/banesa-Berat-3.jpg?fit=720%2C414&ssl=1&resize=525%2C300 1.5x, https:\/\/i0.wp.com\/www.shqiperia.com\/blog\/wp-content\/uploads\/2018\/06\/banesa-Berat-3.jpg?fit=720%2C414&ssl=1&resize=700%2C400 2x"},"classes":[]},{"id":52739,"url":"https:\/\/www.shqiperia.com\/blog\/muzeu-etnografik-i-beratit-dokumentimi-i-artefakteve-eshte-pjese-e-rendesishme\/","url_meta":{"origin":8077,"position":4},"title":"Muzeu Etnografik i Beratit: Dokumentimi i artefakteve \u00ebsht\u00eb pjes\u00eb e r\u00ebnd\u00ebsishme","author":"Kurt Farka","date":"December 27, 2021","format":false,"excerpt":"Muzeu Etnografik\u00a0 i Beratit: Dokumentimi i artefakteve \u00ebsht\u00eb pjes\u00eb e r\u00ebnd\u00ebsishme 24 DHJETOR 2021 Muzeu Etnografik n\u00eb Berat ndodhet n\u00eb zon\u00ebn e mbrojtur shum\u00eb pran\u00eb qendr\u00ebs historike (lagjeve Mangalem, Kala). Qendra Komb\u00ebtare e Muzeumeve Berat shprehet se p\u00ebrgjat\u00eb nj\u00eb viti n\u00eb k\u00ebt\u00eb muze p\u00ebr \u00e7do artefakt \u00ebsht\u00eb b\u00ebr\u00eb kartelizimi. \u201cHulumtimi\u2026","rel":"","context":"In &quot;Histori&quot;","block_context":{"text":"Histori","link":"https:\/\/www.shqiperia.com\/blog\/category\/histori\/"},"img":{"alt_text":"","src":"https:\/\/i0.wp.com\/www.shqiperia.com\/blog\/wp-content\/uploads\/2021\/12\/Gladiola-Caka-Muzeu-Etnografik-Berat.jpg?fit=800%2C501&ssl=1&resize=350%2C200","width":350,"height":200,"srcset":"https:\/\/i0.wp.com\/www.shqiperia.com\/blog\/wp-content\/uploads\/2021\/12\/Gladiola-Caka-Muzeu-Etnografik-Berat.jpg?fit=800%2C501&ssl=1&resize=350%2C200 1x, https:\/\/i0.wp.com\/www.shqiperia.com\/blog\/wp-content\/uploads\/2021\/12\/Gladiola-Caka-Muzeu-Etnografik-Berat.jpg?fit=800%2C501&ssl=1&resize=525%2C300 1.5x, https:\/\/i0.wp.com\/www.shqiperia.com\/blog\/wp-content\/uploads\/2021\/12\/Gladiola-Caka-Muzeu-Etnografik-Berat.jpg?fit=800%2C501&ssl=1&resize=700%2C400 2x"},"classes":[]},{"id":36968,"url":"https:\/\/www.shqiperia.com\/blog\/muzete-e-beratit-ne-vemendjen-e-vizitoreve-vendas-dhe-te-huaj\/","url_meta":{"origin":8077,"position":5},"title":"Muzet\u00eb e Beratit, n\u00eb v\u00ebmendjen e vizitor\u00ebve vendas dhe t\u00eb huaj","author":"Kurt Farka","date":"August 8, 2020","format":false,"excerpt":"Muzet\u00eb e Beratit, n\u00eb v\u00ebmendjen e vizitor\u00ebve vendas dhe t\u00eb huaj 7 GUSHT 2020 Muzet\u00eb n\u00eb qytetin e Beratit vazhdojn\u00eb t\u00eb jen\u00eb n\u00eb v\u00ebmendjen e vizitor\u00ebve. Qendra Komb\u00ebtare e Muzeumeve, Berat, shprehet se dhe pse nj\u00eb i nxeht\u00eb vere vizitor\u00ebt nuk kan\u00eb munguar p\u00ebr t\u00eb par\u00eb pasurin\u00eb, q\u00eb kan\u00eb dy\u2026","rel":"","context":"In &quot;Histori&quot;","block_context":{"text":"Histori","link":"https:\/\/www.shqiperia.com\/blog\/category\/histori\/"},"img":{"alt_text":"","src":"https:\/\/i0.wp.com\/www.shqiperia.com\/blog\/wp-content\/uploads\/2020\/08\/images.jpg?resize=350%2C200&ssl=1","width":350,"height":200,"srcset":"https:\/\/i0.wp.com\/www.shqiperia.com\/blog\/wp-content\/uploads\/2020\/08\/images.jpg?resize=350%2C200&ssl=1 1x, https:\/\/i0.wp.com\/www.shqiperia.com\/blog\/wp-content\/uploads\/2020\/08\/images.jpg?resize=525%2C300&ssl=1 1.5x"},"classes":[]}],"_links":{"self":[{"href":"https:\/\/www.shqiperia.com\/blog\/wp-json\/wp\/v2\/posts\/8077","targetHints":{"allow":["GET"]}}],"collection":[{"href":"https:\/\/www.shqiperia.com\/blog\/wp-json\/wp\/v2\/posts"}],"about":[{"href":"https:\/\/www.shqiperia.com\/blog\/wp-json\/wp\/v2\/types\/post"}],"author":[{"embeddable":true,"href":"https:\/\/www.shqiperia.com\/blog\/wp-json\/wp\/v2\/users\/9"}],"replies":[{"embeddable":true,"href":"https:\/\/www.shqiperia.com\/blog\/wp-json\/wp\/v2\/comments?post=8077"}],"version-history":[{"count":1,"href":"https:\/\/www.shqiperia.com\/blog\/wp-json\/wp\/v2\/posts\/8077\/revisions"}],"predecessor-version":[{"id":8081,"href":"https:\/\/www.shqiperia.com\/blog\/wp-json\/wp\/v2\/posts\/8077\/revisions\/8081"}],"wp:featuredmedia":[{"embeddable":true,"href":"https:\/\/www.shqiperia.com\/blog\/wp-json\/wp\/v2\/media\/8078"}],"wp:attachment":[{"href":"https:\/\/www.shqiperia.com\/blog\/wp-json\/wp\/v2\/media?parent=8077"}],"wp:term":[{"taxonomy":"category","embeddable":true,"href":"https:\/\/www.shqiperia.com\/blog\/wp-json\/wp\/v2\/categories?post=8077"},{"taxonomy":"post_tag","embeddable":true,"href":"https:\/\/www.shqiperia.com\/blog\/wp-json\/wp\/v2\/tags?post=8077"}],"curies":[{"name":"wp","href":"https:\/\/api.w.org\/{rel}","templated":true}]}}