{"id":8073,"date":"2018-05-30T08:01:07","date_gmt":"2018-05-30T08:01:07","guid":{"rendered":"http:\/\/www.shqiperia.com\/blog\/?p=8073"},"modified":"2018-05-30T08:01:22","modified_gmt":"2018-05-30T08:01:22","slug":"vucic-kisha-serbe-nuk-mund-te-perzihet-ne-vendimin-per-kosoven","status":"publish","type":"post","link":"https:\/\/www.shqiperia.com\/blog\/vucic-kisha-serbe-nuk-mund-te-perzihet-ne-vendimin-per-kosoven\/","title":{"rendered":"Vu\u00e7i\u00e7: Kisha serbe nuk mund t\u00eb p\u00ebrzihet n\u00eb vendimin p\u00ebr Kosov\u00ebn. &#8211;"},"content":{"rendered":"<p><img data-recalc-dims=\"1\" loading=\"lazy\" decoding=\"async\" data-attachment-id=\"8074\" data-permalink=\"https:\/\/www.shqiperia.com\/blog\/vucic-kisha-serbe-nuk-mund-te-perzihet-ne-vendimin-per-kosoven\/1526971023_vucic-copy\/\" data-orig-file=\"https:\/\/i0.wp.com\/www.shqiperia.com\/blog\/wp-content\/uploads\/2018\/05\/1526971023_vucic-Copy.jpg?fit=724%2C389&amp;ssl=1\" data-orig-size=\"724,389\" data-comments-opened=\"1\" data-image-meta=\"{&quot;aperture&quot;:&quot;0&quot;,&quot;credit&quot;:&quot;&quot;,&quot;camera&quot;:&quot;&quot;,&quot;caption&quot;:&quot;&quot;,&quot;created_timestamp&quot;:&quot;0&quot;,&quot;copyright&quot;:&quot;&quot;,&quot;focal_length&quot;:&quot;0&quot;,&quot;iso&quot;:&quot;0&quot;,&quot;shutter_speed&quot;:&quot;0&quot;,&quot;title&quot;:&quot;&quot;,&quot;orientation&quot;:&quot;0&quot;}\" data-image-title=\"1526971023_vucic &#8211; Copy\" data-image-description=\"\" data-image-caption=\"\" data-medium-file=\"https:\/\/i0.wp.com\/www.shqiperia.com\/blog\/wp-content\/uploads\/2018\/05\/1526971023_vucic-Copy.jpg?fit=300%2C161&amp;ssl=1\" data-large-file=\"https:\/\/i0.wp.com\/www.shqiperia.com\/blog\/wp-content\/uploads\/2018\/05\/1526971023_vucic-Copy.jpg?fit=724%2C389&amp;ssl=1\" class=\"alignnone wp-image-8074\" alt=\"\" src=\"https:\/\/i0.wp.com\/www.shqiperia.com\/blog\/wp-content\/uploads\/2018\/05\/1526971023_vucic-Copy-300x161.jpg?resize=356%2C191\" width=\"356\" height=\"191\" srcset=\"https:\/\/i0.wp.com\/www.shqiperia.com\/blog\/wp-content\/uploads\/2018\/05\/1526971023_vucic-Copy.jpg?resize=300%2C161&amp;ssl=1 300w, https:\/\/i0.wp.com\/www.shqiperia.com\/blog\/wp-content\/uploads\/2018\/05\/1526971023_vucic-Copy.jpg?w=724&amp;ssl=1 724w\" sizes=\"auto, (max-width: 356px) 100vw, 356px\" \/><\/p>\n<p><strong>Vu\u00e7i\u00e7: Kisha serbe nuk mund t\u00eb p\u00ebrzihet n\u00eb vendimin p\u00ebr Kosov\u00ebn.<\/strong><\/p>\n<p>Presidenti i Serbis\u00eb, Aleksandar Vu\u00e7i\u00e7, tha n\u00eb Baku t\u00eb Azerbajxhanit, se Kisha Ortodokse Serbe (SPC) nuk ka nevoj\u00eb t\u00eb merr vendime t\u00eb r\u00ebnd\u00ebsishme politike n\u00eb vend, por ka t\u00eb drejt\u00eb t\u00eb paraqes\u00eb q\u00ebndrimin e saj.<\/p>\n<p><em>\u201cNuk mendoj se vendimet kryesore politike duhet t\u00eb merren nga Kisha, por natyrisht se ka t\u00eb drejt\u00eb p\u00ebr t\u00eb shprehur pik\u00ebpamjet e veta, un\u00eb nuk kam asnj\u00eb problem me k\u00ebt\u00eb\u201d,<\/em> u tha Vu\u00e7i\u00e7 gazetar\u00ebve gjat\u00eb nj\u00eb vizite n\u00eb Azerbajxhan.<\/p>\n<p>I pyetur p\u00ebr t\u00eb komentuar shkrimin e gazet\u00ebs \u2018Blic\u2019 se shteti faj\u00ebson Kish\u00ebn Serbe p\u00ebr Kosov\u00ebn, Vu\u00e7iq tha se \u201cKish\u00ebs nuk ia mohon t\u00eb drejt\u00ebn p\u00ebr t\u00eb shprehur opinionin e saj, por ai nuk duhet t\u00eb bie dakord me \u00e7do deklarat\u00eb t\u00eb p\u00ebrfaq\u00ebsuesve t\u00eb Kish\u00ebs\u201d, raporton \u201cBeta\u201d.<\/p>\n<p><em>\u201cUn\u00eb nuk e faj\u00ebsoj Kish\u00ebn. Por, ko nuk do t\u00eb thot\u00eb se un\u00eb gjithmon\u00eb duhet t\u00eb pajtohem me deklaratat cilitdo p\u00ebrfaq\u00ebsues t\u00eb Kish\u00ebs. Ne jemi nj\u00eb shtet laik, shum\u00eb i respektoj, un\u00eb nuk jam ndonj\u00eb besimtar i madh, por jam besimtar\u201d, <\/em>tha Vu\u00e7i\u00e7, p\u00ebrcjell Telegrafi.<\/p>\n<p><img data-recalc-dims=\"1\" loading=\"lazy\" decoding=\"async\" data-attachment-id=\"8075\" data-permalink=\"https:\/\/www.shqiperia.com\/blog\/vucic-kisha-serbe-nuk-mund-te-perzihet-ne-vendimin-per-kosoven\/1526971023_vucic\/\" data-orig-file=\"https:\/\/i0.wp.com\/www.shqiperia.com\/blog\/wp-content\/uploads\/2018\/05\/1526971023_vucic.jpg?fit=780%2C440&amp;ssl=1\" data-orig-size=\"780,440\" data-comments-opened=\"1\" data-image-meta=\"{&quot;aperture&quot;:&quot;0&quot;,&quot;credit&quot;:&quot;&quot;,&quot;camera&quot;:&quot;&quot;,&quot;caption&quot;:&quot;&quot;,&quot;created_timestamp&quot;:&quot;0&quot;,&quot;copyright&quot;:&quot;&quot;,&quot;focal_length&quot;:&quot;0&quot;,&quot;iso&quot;:&quot;0&quot;,&quot;shutter_speed&quot;:&quot;0&quot;,&quot;title&quot;:&quot;&quot;,&quot;orientation&quot;:&quot;0&quot;}\" data-image-title=\"1526971023_vucic\" data-image-description=\"\" data-image-caption=\"\" data-medium-file=\"https:\/\/i0.wp.com\/www.shqiperia.com\/blog\/wp-content\/uploads\/2018\/05\/1526971023_vucic.jpg?fit=300%2C169&amp;ssl=1\" data-large-file=\"https:\/\/i0.wp.com\/www.shqiperia.com\/blog\/wp-content\/uploads\/2018\/05\/1526971023_vucic.jpg?fit=780%2C440&amp;ssl=1\" class=\"alignnone wp-image-8075\" alt=\"\" src=\"https:\/\/i0.wp.com\/www.shqiperia.com\/blog\/wp-content\/uploads\/2018\/05\/1526971023_vucic-300x169.jpg?resize=547%2C308\" width=\"547\" height=\"308\" srcset=\"https:\/\/i0.wp.com\/www.shqiperia.com\/blog\/wp-content\/uploads\/2018\/05\/1526971023_vucic.jpg?resize=300%2C169&amp;ssl=1 300w, https:\/\/i0.wp.com\/www.shqiperia.com\/blog\/wp-content\/uploads\/2018\/05\/1526971023_vucic.jpg?resize=768%2C433&amp;ssl=1 768w, https:\/\/i0.wp.com\/www.shqiperia.com\/blog\/wp-content\/uploads\/2018\/05\/1526971023_vucic.jpg?w=780&amp;ssl=1 780w\" sizes=\"auto, (max-width: 547px) 100vw, 547px\" \/><\/p>\n<p>Kisha Ortodokse Serbe m\u00eb 10 maj shpalli mesazhin e fundit t\u00eb Kuvendit t\u00eb Shenjt\u00eb t\u00eb Peshkop\u00ebve, ku thuhet se \u201cKosova \u00ebsht\u00eb pjes\u00eb e patjet\u00ebrsueshme e Serbis\u00eb qendrore\u201d, dhe e cila u b\u00ebn thirrje zyrtar\u00ebve serb\u00eb \u201cq\u00eb asnj\u00ebher\u00eb nuk duhet t\u00eb japin p\u00eblqimin p\u00ebr tjet\u00ebrsimin e Kosov\u00ebs dhe Metohis\u00eb\u201d.<\/p>\n<p>Vu\u00e7i\u00e7 ka reaguar ndaj k\u00ebsaj deklarate m\u00eb 11 maj, duke th\u00ebn\u00eb se e respekton pozicionin e Kish\u00ebs, por se nuk e sheh se \u00e7far\u00eb zgjidhje ajo ofron, duke shtuar se konflikti i ngrir\u00eb me Kosov\u00ebn nuk \u00ebsht\u00eb \u00a0zgjidhje dhe se \u00ebsht\u00eb e nevojshme p\u00ebr t\u00eb arritur nj\u00eb kompromis.<\/p>\n<p><em>\u201cRespektoj gjith\u00e7ka, por nuk e pash\u00eb se cila \u00ebsht\u00eb zgjidhja. T\u00eb jemi kund\u00ebr \u00e7do gj\u00ebje dhe t\u00eb presin p\u00ebr koh\u00eb m\u00eb t\u00eb mira, kur ne t\u00eb jemi pes\u00eb ose tre milion\u00eb, apo kur t\u00eb tjer\u00ebt t\u00eb na p\u00ebn\u00eb prapa edhe p\u00ebr pes\u00ebdhjet\u00eb vjet?\u201d, <\/em>kishte pyetur Vu\u00e7i\u00e7.<\/p>\n","protected":false},"excerpt":{"rendered":"<p>Vu\u00e7i\u00e7: Kisha serbe nuk mund t\u00eb p\u00ebrzihet n\u00eb vendimin p\u00ebr Kosov\u00ebn. Presidenti i Serbis\u00eb, Aleksandar Vu\u00e7i\u00e7, tha n\u00eb Baku t\u00eb Azerbajxhanit, se Kisha Ortodokse Serbe (SPC) nuk ka nevoj\u00eb t\u00eb merr vendime t\u00eb r\u00ebnd\u00ebsishme politike n\u00eb vend, por ka t\u00eb drejt\u00eb t\u00eb paraqes\u00eb q\u00ebndrimin e saj. \u201cNuk mendoj se vendimet kryesore politike duhet t\u00eb merren [&hellip;]<\/p>\n","protected":false},"author":9,"featured_media":8074,"comment_status":"open","ping_status":"open","sticky":false,"template":"","format":"standard","meta":{"jetpack_post_was_ever_published":false,"_jetpack_newsletter_access":"","_jetpack_dont_email_post_to_subs":false,"_jetpack_newsletter_tier_id":0,"_jetpack_memberships_contains_paywalled_content":false,"_jetpack_memberships_contains_paid_content":false,"footnotes":"","jetpack_publicize_message":"","jetpack_publicize_feature_enabled":true,"jetpack_social_post_already_shared":true,"jetpack_social_options":{"image_generator_settings":{"template":"highway","default_image_id":0,"font":"","enabled":false},"version":2}},"categories":[27,2],"tags":[],"class_list":["post-8073","post","type-post","status-publish","format-standard","has-post-thumbnail","hentry","category-blogu-i-udhetarit","category-politika"],"jetpack_publicize_connections":[],"jetpack_featured_media_url":"https:\/\/i0.wp.com\/www.shqiperia.com\/blog\/wp-content\/uploads\/2018\/05\/1526971023_vucic-Copy.jpg?fit=724%2C389&ssl=1","jetpack_sharing_enabled":true,"jetpack_shortlink":"https:\/\/wp.me\/p5Z6wp-26d","jetpack-related-posts":[{"id":819,"url":"https:\/\/www.shqiperia.com\/blog\/vucic-po-pergatit-njohjen-e-kosoves-kisha-ortodokse-presidenti-eshte-tradhtar\/","url_meta":{"origin":8073,"position":0},"title":"Vu\u00e7i\u00e7 po p\u00ebrgatit njohjen e Kosov\u00ebs, kisha Ortodokse: Presidenti \u00ebsht\u00eb tradhtar!","author":"Kurt Farka","date":"January 9, 2018","format":false,"excerpt":"Nj\u00eb pjes\u00eb e krer\u00ebve t\u00eb Kish\u00ebs Ortodokse Serbe kan\u00eb frik\u00eb se presidenti serb, Alleksandar Vu\u00e7i\u00e7, po b\u00ebn gati njohjen e pavar\u00ebsis\u00eb s\u00eb Kosov\u00ebs. M\u00eb i z\u00ebshmi nd\u00ebr ta ka qen\u00eb ai q\u00eb p\u00ebrfaq\u00ebson Malin e Zi dhe bregdetin, Amfilohije, duke akuzuar Vu\u00e7i\u00e7 p\u00ebr tradh\u00ebti. K\u00ebto deklarime kan\u00eb ardhur pas nj\u00eb\u2026","rel":"","context":"In &quot;Njoftime Shtypi&quot;","block_context":{"text":"Njoftime Shtypi","link":"https:\/\/www.shqiperia.com\/blog\/category\/njoftime-shtypi\/"},"img":{"alt_text":"","src":"https:\/\/i0.wp.com\/www.shqiperia.com\/blog\/wp-content\/uploads\/2018\/01\/1280px-Flag_of_Kosovo.svg_.png?fit=1200%2C857&ssl=1&resize=350%2C200","width":350,"height":200,"srcset":"https:\/\/i0.wp.com\/www.shqiperia.com\/blog\/wp-content\/uploads\/2018\/01\/1280px-Flag_of_Kosovo.svg_.png?fit=1200%2C857&ssl=1&resize=350%2C200 1x, https:\/\/i0.wp.com\/www.shqiperia.com\/blog\/wp-content\/uploads\/2018\/01\/1280px-Flag_of_Kosovo.svg_.png?fit=1200%2C857&ssl=1&resize=525%2C300 1.5x, https:\/\/i0.wp.com\/www.shqiperia.com\/blog\/wp-content\/uploads\/2018\/01\/1280px-Flag_of_Kosovo.svg_.png?fit=1200%2C857&ssl=1&resize=700%2C400 2x, https:\/\/i0.wp.com\/www.shqiperia.com\/blog\/wp-content\/uploads\/2018\/01\/1280px-Flag_of_Kosovo.svg_.png?fit=1200%2C857&ssl=1&resize=1050%2C600 3x"},"classes":[]},{"id":18314,"url":"https:\/\/www.shqiperia.com\/blog\/kisha-ortodokse-e-shqiperise-mes-rusise-dhe-ukraines\/","url_meta":{"origin":8073,"position":1},"title":"Kisha Ortodokse e Shqip\u00ebris\u00eb mes Rusis\u00eb dhe Ukrain\u00ebs. &#8211;","author":"Kurt Farka","date":"March 14, 2019","format":false,"excerpt":"Kisha Ortodokse e Shqip\u00ebris\u00eb mes Rusis\u00eb dhe Ukrain\u00ebs Nga Shaban Murati P\u00ebr\u00e7arja m\u00eb e madhe prej shum\u00eb shekujsh n\u00eb bot\u00ebn ortodokse, q\u00eb ndodhi me p\u00ebrplasjen midis Patriarkan\u00ebs Ekumenike t\u00eb Stambollit dhe Patriarkan\u00ebs s\u00eb Mosk\u00ebs p\u00ebr \u00e7eshtjen e autoqefalis\u00eb s\u00eb Kish\u00ebs Ortodokse t\u00eb Ukrain\u00ebs, vuri n\u00eb pozit\u00eb t\u00eb v\u00ebshtir\u00eb t\u00eb gjitha\u2026","rel":"","context":"In &quot;Blogu i Udh\u00ebtarit&quot;","block_context":{"text":"Blogu i Udh\u00ebtarit","link":"https:\/\/www.shqiperia.com\/blog\/category\/blogu-i-udhetarit\/"},"img":{"alt_text":"","src":"https:\/\/i0.wp.com\/www.shqiperia.com\/blog\/wp-content\/uploads\/2019\/03\/kisha_ortodoske_ne_tirane_ceremonia_ne_tirane_5273-905x395-1.jpg?fit=905%2C395&ssl=1&resize=350%2C200","width":350,"height":200,"srcset":"https:\/\/i0.wp.com\/www.shqiperia.com\/blog\/wp-content\/uploads\/2019\/03\/kisha_ortodoske_ne_tirane_ceremonia_ne_tirane_5273-905x395-1.jpg?fit=905%2C395&ssl=1&resize=350%2C200 1x, https:\/\/i0.wp.com\/www.shqiperia.com\/blog\/wp-content\/uploads\/2019\/03\/kisha_ortodoske_ne_tirane_ceremonia_ne_tirane_5273-905x395-1.jpg?fit=905%2C395&ssl=1&resize=525%2C300 1.5x, https:\/\/i0.wp.com\/www.shqiperia.com\/blog\/wp-content\/uploads\/2019\/03\/kisha_ortodoske_ne_tirane_ceremonia_ne_tirane_5273-905x395-1.jpg?fit=905%2C395&ssl=1&resize=700%2C400 2x"},"classes":[]},{"id":66942,"url":"https:\/\/www.shqiperia.com\/blog\/analistet-serbe-diskutojne-rrezikun-ne-rast-marreveshjeje-me-kosoven-ai-e-krijoi-problemin-ai-ta-zgjidhe\/","url_meta":{"origin":8073,"position":2},"title":"Analist\u00ebt serb\u00eb diskutojn\u00eb rrezikun n\u00eb rast marr\u00ebveshjeje me Kosov\u00ebn: &#8211; Ai e krijoi problemin, ai ta zgjidh\u00eb","author":"Kurt Farka","date":"January 29, 2023","format":false,"excerpt":"29 Janar 2023 Ekspert\u00ebt serb\u00eb t\u00eb zhvillimeve politike thon\u00eb se presidenti i Serbis\u00eb, Aleksandar Vu\u00e7i\u00e7 mund t\u00eb p\u00ebrballet me reagime t\u00eb ashpra dhe t\u00eb rrezikshme pasi ka pranuar propozimin evropian p\u00ebr normalizimin e marr\u00ebdh\u00ebnieve me Kosov\u00ebn. Ata pohojn\u00eb se reagimet jan\u00eb pasoj\u00eb e retorik\u00ebs anti-per\u00ebndimore t\u00eb p\u00ebrdorur prej vitesh nga\u2026","rel":"","context":"In &quot;Blogu i Udh\u00ebtarit&quot;","block_context":{"text":"Blogu i Udh\u00ebtarit","link":"https:\/\/www.shqiperia.com\/blog\/category\/blogu-i-udhetarit\/"},"img":{"alt_text":"","src":"https:\/\/i0.wp.com\/www.shqiperia.com\/blog\/wp-content\/uploads\/2023\/01\/800-0-d47a1fbd2b162e6d5e2ece4102978756.jpg?fit=800%2C444&ssl=1&resize=350%2C200","width":350,"height":200,"srcset":"https:\/\/i0.wp.com\/www.shqiperia.com\/blog\/wp-content\/uploads\/2023\/01\/800-0-d47a1fbd2b162e6d5e2ece4102978756.jpg?fit=800%2C444&ssl=1&resize=350%2C200 1x, https:\/\/i0.wp.com\/www.shqiperia.com\/blog\/wp-content\/uploads\/2023\/01\/800-0-d47a1fbd2b162e6d5e2ece4102978756.jpg?fit=800%2C444&ssl=1&resize=525%2C300 1.5x, https:\/\/i0.wp.com\/www.shqiperia.com\/blog\/wp-content\/uploads\/2023\/01\/800-0-d47a1fbd2b162e6d5e2ece4102978756.jpg?fit=800%2C444&ssl=1&resize=700%2C400 2x"},"classes":[]},{"id":84795,"url":"https:\/\/www.shqiperia.com\/blog\/rusia-mbeshtet-planin-me-7-pika-te-vucic-per-kosoven-be-dhe-shba-nuk-mund-te-jene-ndermjetesues-te-ndershem\/","url_meta":{"origin":8073,"position":3},"title":"Rusia mb\u00ebshtet planin me 7 pika t\u00eb Vu\u00e7i\u00e7 p\u00ebr Kosov\u00ebn: &#8211; BE dhe SHBA nuk mund t\u00eb jen\u00eb \u201cnd\u00ebrmjet\u00ebsues t\u00eb ndersh\u00ebm\u201d","author":"Kurt Farka","date":"September 21, 2024","format":false,"excerpt":"21 Shtator 2024 Nj\u00eb jav\u00eb m\u00eb par\u00eb Aleksand\u00ebr Vu\u00e7i\u00e7 n\u00eb nj\u00eb fjalim t\u00eb jasht\u00ebzakonsh\u00ebm shpalli nj\u00eb plan me 7 pika p\u00ebr Kosov\u00ebn, ku e klasifikoi si zon\u00eb t\u00eb mbrojtjes s\u00eb ve\u00e7ant\u00eb sociale dhe k\u00ebrkoi krijimin e nj\u00eb prokurorie special. Ky plan i Vu\u00e7i\u00e7 ka marr\u00eb k\u00ebt\u00eb t\u00eb premte mb\u00ebshtetjen e\u2026","rel":"","context":"In &quot;Blogu i Udh\u00ebtarit&quot;","block_context":{"text":"Blogu i Udh\u00ebtarit","link":"https:\/\/www.shqiperia.com\/blog\/category\/blogu-i-udhetarit\/"},"img":{"alt_text":"","src":"https:\/\/i0.wp.com\/www.shqiperia.com\/blog\/wp-content\/uploads\/2024\/09\/Rusia-1.jpg?fit=1200%2C675&ssl=1&resize=350%2C200","width":350,"height":200,"srcset":"https:\/\/i0.wp.com\/www.shqiperia.com\/blog\/wp-content\/uploads\/2024\/09\/Rusia-1.jpg?fit=1200%2C675&ssl=1&resize=350%2C200 1x, https:\/\/i0.wp.com\/www.shqiperia.com\/blog\/wp-content\/uploads\/2024\/09\/Rusia-1.jpg?fit=1200%2C675&ssl=1&resize=525%2C300 1.5x, https:\/\/i0.wp.com\/www.shqiperia.com\/blog\/wp-content\/uploads\/2024\/09\/Rusia-1.jpg?fit=1200%2C675&ssl=1&resize=700%2C400 2x, https:\/\/i0.wp.com\/www.shqiperia.com\/blog\/wp-content\/uploads\/2024\/09\/Rusia-1.jpg?fit=1200%2C675&ssl=1&resize=1050%2C600 3x"},"classes":[]},{"id":72620,"url":"https:\/\/www.shqiperia.com\/blog\/escobar-ka-indikatore-qe-vucic-do-ta-pranoje-planin-trepikesh\/","url_meta":{"origin":8073,"position":4},"title":"Escobar: &#8211; Ka indikator\u00eb q\u00eb Vu\u00e7i\u00e7 do ta pranoj\u00eb planin trepik\u00ebsh.","author":"Kurt Farka","date":"July 9, 2023","format":false,"excerpt":"9 Korrik 2023 I d\u00ebrguari special i Shteteve t\u00eb Bashkuara p\u00ebr Ballkanin Per\u00ebndimor, Gabriel Escobar, ka th\u00ebn\u00eb se plani evropian p\u00ebr Kosov\u00ebn \u00ebsht\u00eb i mir\u00eb dhe se\u00a0\u201cnuk i p\u00ebrshtatet asnj\u00ebr\u00ebs pal\u00eb\u201d\u00a0dhe se kryeministri i Kosov\u00ebs, Albin Kurti do \u201ct\u00eb humbas\u00eb mund\u00ebsin\u00eb\u201d\u00a0n\u00ebse ai nuk pranon ta zbatoj\u00eb at\u00eb. Largimi i KFOR-it\u2026","rel":"","context":"In &quot;Blogu i Udh\u00ebtarit&quot;","block_context":{"text":"Blogu i Udh\u00ebtarit","link":"https:\/\/www.shqiperia.com\/blog\/category\/blogu-i-udhetarit\/"},"img":{"alt_text":"","src":"https:\/\/i0.wp.com\/www.shqiperia.com\/blog\/wp-content\/uploads\/2023\/07\/6f6b834_1686922925522-000-33bl7lp.jpg?fit=664%2C443&ssl=1&resize=350%2C200","width":350,"height":200,"srcset":"https:\/\/i0.wp.com\/www.shqiperia.com\/blog\/wp-content\/uploads\/2023\/07\/6f6b834_1686922925522-000-33bl7lp.jpg?fit=664%2C443&ssl=1&resize=350%2C200 1x, https:\/\/i0.wp.com\/www.shqiperia.com\/blog\/wp-content\/uploads\/2023\/07\/6f6b834_1686922925522-000-33bl7lp.jpg?fit=664%2C443&ssl=1&resize=525%2C300 1.5x"},"classes":[]},{"id":74610,"url":"https:\/\/www.shqiperia.com\/blog\/kosoven-e-njohim-si-shtet-te-pavarur-habit-politikani-i-opozites-serbe-vucic-kriminel\/","url_meta":{"origin":8073,"position":5},"title":"\u201cKosov\u00ebn e njohim si shtet t\u00eb pavarur\u201d\/ Habit politikani i opozit\u00ebs serbe: Vu\u00e7i\u00e7 kriminel","author":"Kurt Farka","date":"October 3, 2023","format":false,"excerpt":"3 Tetor 2023 Politikani i opozit\u00ebs serbe, Nikola Sandulovi\u00e7 deklaroi p\u00ebr \u201cNow me Erla M\u00ebhillin\u201d se ata e njohin Kosov\u00ebn si shtet t\u00eb pavarur, nd\u00ebrsa e cil\u00ebsoi presidentin Vu\u00e7i\u00e7 si kriminel. Ky i fundit, sipas Sandulovi\u00e7 ka organizuar sulmin e 24 shtatorit n\u00eb Veri dhe nuk ka asgj\u00eb q\u00eb mund\u2026","rel":"","context":"In &quot;Blogu i Udh\u00ebtarit&quot;","block_context":{"text":"Blogu i Udh\u00ebtarit","link":"https:\/\/www.shqiperia.com\/blog\/category\/blogu-i-udhetarit\/"},"img":{"alt_text":"","src":"https:\/\/i0.wp.com\/www.shqiperia.com\/blog\/wp-content\/uploads\/2023\/10\/800-0-651c78250e7db.jpg?fit=800%2C420&ssl=1&resize=350%2C200","width":350,"height":200,"srcset":"https:\/\/i0.wp.com\/www.shqiperia.com\/blog\/wp-content\/uploads\/2023\/10\/800-0-651c78250e7db.jpg?fit=800%2C420&ssl=1&resize=350%2C200 1x, https:\/\/i0.wp.com\/www.shqiperia.com\/blog\/wp-content\/uploads\/2023\/10\/800-0-651c78250e7db.jpg?fit=800%2C420&ssl=1&resize=525%2C300 1.5x, https:\/\/i0.wp.com\/www.shqiperia.com\/blog\/wp-content\/uploads\/2023\/10\/800-0-651c78250e7db.jpg?fit=800%2C420&ssl=1&resize=700%2C400 2x"},"classes":[]}],"_links":{"self":[{"href":"https:\/\/www.shqiperia.com\/blog\/wp-json\/wp\/v2\/posts\/8073","targetHints":{"allow":["GET"]}}],"collection":[{"href":"https:\/\/www.shqiperia.com\/blog\/wp-json\/wp\/v2\/posts"}],"about":[{"href":"https:\/\/www.shqiperia.com\/blog\/wp-json\/wp\/v2\/types\/post"}],"author":[{"embeddable":true,"href":"https:\/\/www.shqiperia.com\/blog\/wp-json\/wp\/v2\/users\/9"}],"replies":[{"embeddable":true,"href":"https:\/\/www.shqiperia.com\/blog\/wp-json\/wp\/v2\/comments?post=8073"}],"version-history":[{"count":1,"href":"https:\/\/www.shqiperia.com\/blog\/wp-json\/wp\/v2\/posts\/8073\/revisions"}],"predecessor-version":[{"id":8076,"href":"https:\/\/www.shqiperia.com\/blog\/wp-json\/wp\/v2\/posts\/8073\/revisions\/8076"}],"wp:featuredmedia":[{"embeddable":true,"href":"https:\/\/www.shqiperia.com\/blog\/wp-json\/wp\/v2\/media\/8074"}],"wp:attachment":[{"href":"https:\/\/www.shqiperia.com\/blog\/wp-json\/wp\/v2\/media?parent=8073"}],"wp:term":[{"taxonomy":"category","embeddable":true,"href":"https:\/\/www.shqiperia.com\/blog\/wp-json\/wp\/v2\/categories?post=8073"},{"taxonomy":"post_tag","embeddable":true,"href":"https:\/\/www.shqiperia.com\/blog\/wp-json\/wp\/v2\/tags?post=8073"}],"curies":[{"name":"wp","href":"https:\/\/api.w.org\/{rel}","templated":true}]}}