{"id":8069,"date":"2018-05-30T07:39:21","date_gmt":"2018-05-30T07:39:21","guid":{"rendered":"http:\/\/www.shqiperia.com\/blog\/?p=8069"},"modified":"2018-05-30T07:39:37","modified_gmt":"2018-05-30T07:39:37","slug":"zeri-i-amerikes-koncesionet-e-debatueshme-te-qeverise-rama","status":"publish","type":"post","link":"https:\/\/www.shqiperia.com\/blog\/zeri-i-amerikes-koncesionet-e-debatueshme-te-qeverise-rama\/","title":{"rendered":"\u201cZ\u00ebri i Amerik\u00ebs\u201d: Koncesionet e debatueshme t\u00eb Qeveris\u00eb \u201cRama\u201d.-"},"content":{"rendered":"<p><img data-recalc-dims=\"1\" loading=\"lazy\" decoding=\"async\" data-attachment-id=\"8070\" data-permalink=\"https:\/\/www.shqiperia.com\/blog\/zeri-i-amerikes-koncesionet-e-debatueshme-te-qeverise-rama\/inceneratore-696x380\/\" data-orig-file=\"https:\/\/i0.wp.com\/www.shqiperia.com\/blog\/wp-content\/uploads\/2018\/05\/inceneratore-696x380.jpg?fit=455%2C234&amp;ssl=1\" data-orig-size=\"455,234\" data-comments-opened=\"1\" data-image-meta=\"{&quot;aperture&quot;:&quot;0&quot;,&quot;credit&quot;:&quot;CRS&quot;,&quot;camera&quot;:&quot;&quot;,&quot;caption&quot;:&quot;&quot;,&quot;created_timestamp&quot;:&quot;1527101328&quot;,&quot;copyright&quot;:&quot;&quot;,&quot;focal_length&quot;:&quot;0&quot;,&quot;iso&quot;:&quot;0&quot;,&quot;shutter_speed&quot;:&quot;0&quot;,&quot;title&quot;:&quot;&quot;,&quot;orientation&quot;:&quot;0&quot;}\" data-image-title=\"inceneratore-696&#215;380\" data-image-description=\"\" data-image-caption=\"\" data-medium-file=\"https:\/\/i0.wp.com\/www.shqiperia.com\/blog\/wp-content\/uploads\/2018\/05\/inceneratore-696x380.jpg?fit=300%2C154&amp;ssl=1\" data-large-file=\"https:\/\/i0.wp.com\/www.shqiperia.com\/blog\/wp-content\/uploads\/2018\/05\/inceneratore-696x380.jpg?fit=455%2C234&amp;ssl=1\" class=\"alignnone wp-image-8070\" alt=\"\" src=\"https:\/\/i0.wp.com\/www.shqiperia.com\/blog\/wp-content\/uploads\/2018\/05\/inceneratore-696x380-300x154.jpg?resize=415%2C213\" width=\"415\" height=\"213\" srcset=\"https:\/\/i0.wp.com\/www.shqiperia.com\/blog\/wp-content\/uploads\/2018\/05\/inceneratore-696x380.jpg?resize=300%2C154&amp;ssl=1 300w, https:\/\/i0.wp.com\/www.shqiperia.com\/blog\/wp-content\/uploads\/2018\/05\/inceneratore-696x380.jpg?w=455&amp;ssl=1 455w\" sizes=\"auto, (max-width: 415px) 100vw, 415px\" \/><\/p>\n<p><strong>\u201cZ\u00ebri i Amerik\u00ebs\u201d: Koncesionet e debatueshme t\u00eb Qeveris\u00eb \u201cRama\u201d.<\/strong><\/p>\n<p>Nj\u00eb seri kompanish t\u00eb vogla n\u00eb ortak\u00ebri me nj\u00ebra-tjetr\u00ebn dhe kompani me pronar\u00eb t\u00eb panjohur t\u00eb rregjistruara n\u00eb parajsa fiskale jan\u00eb fituese t\u00eb tre koncesioneve t\u00eb incenerator\u00ebve. Kjo d\u00ebshmohet nga dokumentat e siguruara nga \u201cZ\u00ebri i Amerik\u00ebs\u201d lidhur me k\u00ebto projekte t\u00eb cilat sipas specialist\u00ebve pritet t\u00eb shum\u00ebfishojn\u00eb kostot e trajtimit t\u00eb mbetjeve n\u00eb kurriz t\u00eb taksapaguesve.<\/p>\n<p>I kthyer nga emigracioni disa vite m\u00eb par\u00eb, Leonard Janji nga fshati Verri i Fierit ka zgjeruar ferm\u00ebn e tij dhe prodhon sot mbi 100 ton domate dhe pjep\u00ebr p\u00ebr tregun e brendsh\u00ebm. Por 38 vje\u00e7ari thot\u00eb se investimi i tij n\u00eb bujq\u00ebsi po vihet n\u00eb rrezik nga projekti i inceneratorit t\u00eb Fierit, i cili po nd\u00ebrtohet thuajse nj\u00eb kilomet\u00ebr larg tok\u00ebs s\u00eb sapombjell\u00eb.<\/p>\n<p>Prej nj\u00eb viti e gjysm\u00eb, Janji dhe bashk\u00ebfshatar\u00ebt e tij kan\u00eb organizuar disa protesta kund\u00ebr nd\u00ebrtimit t\u00eb inceneratorit n\u00eb fshatin e tyre, por shqet\u00ebsimet kan\u00eb r\u00ebn\u00eb n\u00eb vesh t\u00eb shurdh\u00ebr. Fermeri ka frik\u00eb se ky projekt do ta nxjerr\u00eb prodhimin e tij jasht\u00eb tregut dhe do ta detyroj\u00eb at\u00eb t\u00eb ik\u00eb s\u00ebrish n\u00eb emigracion.<\/p>\n<p>\u201cUn\u00eb nuk dua t\u00eb iki, por jam i detyruar nga k\u00ebto rrethana, nga mosinformimi im dhe mbajtja n\u00eb terr p\u00ebr \u00e7far\u00eb po ndodh k\u00ebtu. Nga dhuna e p\u00ebrdorur dhe mosgjetja e drejt\u00ebsis\u00eb n\u00eb k\u00ebt\u00eb vend,\u201d u ankua Janji.<\/p>\n<p>Koncesioni i Fierit me vler\u00eb investimi 28 milion\u00eb euro dhe me kapacitet p\u00ebrpunimi rreth 200 ton mbetje n\u00eb dit\u00eb u shpall n\u00eb shtator 2016 nga Ministria e Mjedisit. Por banor\u00ebt e fshatit Verri u informuan disa muaj m\u00eb pas, vet\u00ebm pasi kamion\u00ebt e tonazhit t\u00eb r\u00ebnd\u00eb u shfaq\u00ebn pran\u00eb sht\u00ebpive t\u00eb tyre. Pas dhjetra peticionesh dhe protestash pa p\u00ebrgjigje, ata k\u00ebrkojn\u00eb ende q\u00eb qeveria t\u2019i sqaroj\u00eb p\u00ebr ndikimin q\u00eb ky projekt do t\u00eb ket\u00eb n\u00eb jet\u00ebn e tyre.<\/p>\n<p>Kleanthi Ngolemi, banor i fshatit Verri e quajti procesin e konsultimit publik nj\u00eb fars\u00eb dhe k\u00ebrkoi sqarim nga autoritetet mbi ndotjen q\u00eb i rrezikohet banor\u00ebve.<\/p>\n<p>\u201cNe protestojm\u00eb q\u00eb t\u00eb vij\u00eb dikush k\u00ebtu dhe t\u00eb na thot\u00eb se n\u00eb k\u00ebt\u00eb tok\u00eb ngjitur, ku ne prodhojm\u00eb p\u00ebr t\u00ebr\u00eb Shqip\u00ebrin\u00eb nuk ka ndikim. S\u2019vjen dikush t\u00eb na thot\u00eb, t\u00eb na e shpjegoj\u00eb,\u201d tha ai.<\/p>\n<p>Historia e djegies s\u00eb mbetjeve me q\u00ebllim prodhimin e energjis\u00eb nisi n\u00eb dhjetor t\u00eb vitit 2014, kur qeveria shqiptare sh\u00ebnoi nj\u00eb kthes\u00eb 180 grad\u00ebshe nga strategjia komb\u00ebtare e miratuar n\u00eb p\u00ebrputhje me direktiv\u00ebn e Komisionit Europian. Kjo strategji i jep prioritet parandalimit dhe riciklimit t\u00eb mbetjeve, nd\u00ebrkoh\u00eb q\u00eb e konsideron asgj\u00ebsimin si opsion t\u00eb fundit.<\/p>\n<p>Prej asaj kohe, qeveria ka firmosur tre kontrata koncesionare p\u00ebr nd\u00ebrtim incenerator\u00ebsh n\u00eb Elbasan, Fier dhe n\u00eb Tiran\u00eb me nj\u00eb vler\u00eb investimi prej 178 milion\u00eb eurosh n\u00eb total.<\/p>\n<p>Por politika e re e menaxhimit t\u00eb mbetjeve \u00ebsht\u00eb kritikuar n\u00eb progres-raportin e fundit t\u00eb Bashkimit Europian.<\/p>\n<p>\u201cNd\u00ebrtimi i nj\u00eb incerneratori n\u00eb Elbasan, i cili filloi t\u00eb operoj\u00eb vitin e kaluar dhe planet p\u00ebr investime t\u00eb m\u00ebtejshme n\u00eb incernerator\u00eb p\u00ebrb\u00ebjn\u00eb nj\u00eb shqet\u00ebsim n\u00eb termat e respektimit t\u00eb parimeve t\u00eb BE-s\u00eb. Groposja dhe incernerimi jan\u00eb opsionet m\u00eb pak t\u00eb p\u00eblqyera t\u00eb menaxhimit t\u00eb mbetjeve,\u201d shkruhet n\u00eb progres-raport.<\/p>\n<p><img data-recalc-dims=\"1\" loading=\"lazy\" decoding=\"async\" data-attachment-id=\"8071\" data-permalink=\"https:\/\/www.shqiperia.com\/blog\/zeri-i-amerikes-koncesionet-e-debatueshme-te-qeverise-rama\/inceneratore-696x380-copy\/\" data-orig-file=\"https:\/\/i0.wp.com\/www.shqiperia.com\/blog\/wp-content\/uploads\/2018\/05\/inceneratore-696x380-Copy.jpg?fit=696%2C380&amp;ssl=1\" data-orig-size=\"696,380\" data-comments-opened=\"1\" data-image-meta=\"{&quot;aperture&quot;:&quot;0&quot;,&quot;credit&quot;:&quot;CRS&quot;,&quot;camera&quot;:&quot;&quot;,&quot;caption&quot;:&quot;&quot;,&quot;created_timestamp&quot;:&quot;1527101328&quot;,&quot;copyright&quot;:&quot;&quot;,&quot;focal_length&quot;:&quot;0&quot;,&quot;iso&quot;:&quot;0&quot;,&quot;shutter_speed&quot;:&quot;0&quot;,&quot;title&quot;:&quot;&quot;,&quot;orientation&quot;:&quot;0&quot;}\" data-image-title=\"inceneratore-696&#215;380 &#8211; Copy\" data-image-description=\"\" data-image-caption=\"\" data-medium-file=\"https:\/\/i0.wp.com\/www.shqiperia.com\/blog\/wp-content\/uploads\/2018\/05\/inceneratore-696x380-Copy.jpg?fit=300%2C164&amp;ssl=1\" data-large-file=\"https:\/\/i0.wp.com\/www.shqiperia.com\/blog\/wp-content\/uploads\/2018\/05\/inceneratore-696x380-Copy.jpg?fit=696%2C380&amp;ssl=1\" class=\"alignnone wp-image-8071\" alt=\"\" src=\"https:\/\/i0.wp.com\/www.shqiperia.com\/blog\/wp-content\/uploads\/2018\/05\/inceneratore-696x380-Copy-300x164.jpg?resize=702%2C384\" width=\"702\" height=\"384\" srcset=\"https:\/\/i0.wp.com\/www.shqiperia.com\/blog\/wp-content\/uploads\/2018\/05\/inceneratore-696x380-Copy.jpg?resize=300%2C164&amp;ssl=1 300w, https:\/\/i0.wp.com\/www.shqiperia.com\/blog\/wp-content\/uploads\/2018\/05\/inceneratore-696x380-Copy.jpg?w=696&amp;ssl=1 696w\" sizes=\"auto, (max-width: 702px) 100vw, 702px\" \/><\/p>\n<p><strong>Fituesit e koncesioneve<\/strong><\/p>\n<p>Dokumentet e siguruara nga Z\u00ebri i Amerik\u00ebs tregojn\u00eb se fituesit pa gar\u00eb t\u00eb k\u00ebtyre koncesioneve jan\u00eb nj\u00eb rrjet kompanish t\u00eb vogla n\u00eb ortak\u00ebri me nj\u00ebra-tjetr\u00ebn si dhe kompani t\u00eb regjistruara n\u00eb parajsa fiskale me pronar\u00eb t\u00eb panjohur.<\/p>\n<p>Inceneratori i Elbasanit dhe ai i Fierit zot\u00ebrohen respektivisht nga kompanit\u00eb Albtek Energy me pronare Stela Gugallja dhe Integrated Technology Waste Treatment Fier, ku 70 % e aksioneve zot\u00ebrohen nga Klodian Zoto. Nd\u00ebrkoh\u00eb, 30 p\u00ebr qind e aksioneve t\u00eb koncesionit me vler\u00eb rreth 28 milion\u00eb euro iu shit\u00ebn nj\u00eb kompanie lokale p\u00ebr 30 mij\u00eb lek\u00eb, vet\u00ebm nj\u00eb muaj pas themelimit t\u00eb kompanis\u00eb koncesionare.<\/p>\n<p>Inceneratori i Tiran\u00ebs, m\u00eb i madhi dhe i kushtueshmi nd\u00ebr t\u00eb tre u fitua nga kompania Integrated Energy B.V me seli n\u00eb Amsterdam t\u00eb Holand\u00ebs. Ndon\u00ebse n\u00eb Tiran\u00eb u ekspozuan si p\u00ebrfaq\u00ebsues s\u00ebrish Klodian Zoto, biznesmeni italian Ernesto Granelli si dhe kompania e njohur n\u00eb prodhimin e impianteve, Paul Wurth, \u00ebsht\u00eb e paqart\u00eb se kush e zot\u00ebron aktualisht kompanin\u00eb koncesionare.<\/p>\n<p>T\u00eb dh\u00ebnat e siguruara nga databaza e kompanive n\u00eb Holand\u00eb tregojn\u00eb se Klodian Zoto ka dh\u00ebn\u00eb dor\u00ebheqjen nga Integrated Energy n\u00eb mars 2018. M\u00eb par\u00eb, ai \u00ebsht\u00eb z\u00ebvend\u00ebsuar nga nj\u00eb kompani guack\u00eb e quajtur Almares Management B.V me seli n\u00eb Amsterdam, me drejtor\u00eb t\u00eb em\u00ebruar dhe pron\u00ebsi t\u00eb panjohur.<\/p>\n<p>Z\u00ebri i Amerik\u00ebs nuk mundi t\u00eb kontaktonte me Klodian Zoton. Nd\u00ebrsa Kompania koncesionare \u201cIntegrated Energy\u201d, e cila pranoi t\u00eb p\u00ebrgjigjej vet\u00ebm p\u00ebrmes post\u00ebs elektronike tha se Zoto nuk ishte i p\u00ebrfshir\u00eb n\u00eb projektin e Zon\u00ebs s\u00eb Trajtimit t\u00eb Mbetjeve n\u00eb Tiran\u00eb. Kompania i devijoi pyetjes s\u00eb kush ishin aksioner\u00ebt e saj apo t\u00eb kompanis\u00eb \u201cAlmares Management B.V\u201d, duke sugjeruar q\u00eb t\u2019u drejtoheshim autoriteteve n\u00eb Shqip\u00ebri dhe n\u00eb Holand\u00eb.<\/p>\n<p>Opozita e akuzon qeverin\u00eb se ia ka dh\u00ebn\u00eb klient\u00ebve t\u00eb saj kontratat koncesionare. Nj\u00eb interpelanc\u00eb e zhvilluar n\u00eb shkurt mes deputetes demokrate Jorida Tabaku dhe ministrave Damian Gjiknuri dhe Arben Ahmetaj ofroi megjithat\u00eb pak p\u00ebrgjigje p\u00ebr akuzat.<\/p>\n<p>Pyetjes s\u00eb pse qeveria kishte dh\u00ebn\u00eb nj\u00eb kontrat\u00eb me negocim t\u00eb drejtp\u00ebrdrejt\u00eb n\u00eb Elbasan, ministri i Infrastruktur\u00ebs dhe Energjis\u00eb, Damian Gjiknuri u p\u00ebrgjigj se \u201cbashkia e Elbasanit kishte shpallur gjendjen e emergjenc\u00ebs p\u00ebr situat\u00ebn e mbetjeve\u201d.<\/p>\n<p>Nd\u00ebrkoh\u00eb, ministri Ahmetaj-i akuzuar edhe m\u00eb par\u00eb p\u00ebr lidhje me Klodian Zoton mohoi t\u00eb kishte shoq\u00ebri me t\u00eb.<\/p>\n<p><strong>Kostot mjedisore dhe ekonomike<\/strong><\/p>\n<p>P\u00ebrve\u00e7 pik\u00ebpyetjeve mbi pron\u00ebsin\u00eb, projektet e incenerator\u00ebve kan\u00eb ngritur shqet\u00ebsime p\u00ebr shum\u00ebfishim t\u00eb kostove p\u00ebr trajtimin e mbetjeve n\u00eb Shqip\u00ebri si dhe impaktin e tyre mbi mjedisin. T\u00eb dh\u00ebnat e siguruara nga Thesari i Shtetit tregojn\u00eb se Ministria e Infrastruktur\u00ebs dhe Energjis\u00eb si dhe ajo e Mjedisit kan\u00eb paguar s\u00eb bashku deri m\u00eb tani 13.4 milion\u00eb euro n\u00eb llogarit\u00eb e koncesionarit t\u00eb Elbasanit dhe rreth 8.4 milion\u00eb euro p\u00ebr inceneratorin e saponisur t\u00eb Fierit.<\/p>\n<p>Nd\u00ebrkoh\u00eb, kostot p\u00ebr inceneratorin e Tiran\u00ebs pritet t\u00eb jet\u00eb shum\u00ebfish m\u00eb t\u00eb larta. I projektuar p\u00ebr t\u00eb pasur nj\u00eb kapacitet p\u00ebrpunues rreth 900 ton\u00eb mbetje n\u00eb dit\u00eb, kompania Integrated Energy ka marr\u00eb p\u00ebrsip\u00ebr t\u00eb investoj\u00eb m\u00eb shum\u00eb se 128 milion\u00eb euro p\u00ebr nd\u00ebrtimin dhe operimin e tij.<\/p>\n<p>Fatura do t\u00eb shlyhet p\u00ebr 30 vitet e ardhshme nga Bashkia e Tiran\u00ebs, e cila detyrohet n\u00eb kontrat\u00eb q\u00eb ta paguaj\u00eb koncesionarin p\u00ebr nj\u00eb sasi mbetjesh t\u00eb garantuara prej 550 ton\u00ebsh n\u00eb dit\u00eb, pavar\u00ebsisht sasis\u00eb s\u00eb mbetjeve q\u00eb ajo do t\u00eb mbledh\u00eb n\u00eb kryeqytet.<\/p>\n<p>Garancia n\u00eb kontrat\u00eb i \u00e7on kostot minimale vjetore p\u00ebr taksapaguesit e kryeqytetit n\u00eb 5.8 milion\u00eb euro dhe vler\u00ebn totale p\u00ebr 30 vitet e koncesionit n\u00eb 174 milion\u00eb euro.<\/p>\n<p>Z\u00ebri i Amerik\u00ebs iu drejtua Ministris\u00eb s\u00eb Infrastruktur\u00ebs s\u00eb Energjis\u00eb p\u00ebr t\u00eb m\u00ebsuar barr\u00ebn e tre projekteve mbi buxhetin e shtetit, por ajo ia kaloi p\u00ebrgjegj\u00ebsin\u00eb Ministris\u00eb s\u00eb Mjedisit si institucioni kontraktor. Ministri i Mjedisit, Blendi Klosi refuzoi gjithashtu t\u00eb komentonte. Edhe Bashkia e Tiran\u00ebs nuk iu p\u00ebrgjigj nj\u00eb k\u00ebrkese p\u00ebr koment se sa do t\u2019i kushtonte trajtimi i mbetjeve n\u00eb inceneratorin e Sharr\u00ebs.<\/p>\n<p>Drejtori i Qendr\u00ebs Shqiptare p\u00ebr K\u00ebrkime Ekonomike, Zef Pre\u00e7i kritikoi vendimin e qeveris\u00eb p\u00ebr t\u00eb ndryshuar strategjin\u00eb e trajtimit t\u00eb mbetjeve dhe shtoi se kjo do t\u2019i kushtonte shum\u00ebfish taksapaguesve shqiptar\u00eb.<\/p>\n<p>\u201cVihet re q\u00eb ka nj\u00eb largim nga metoda e ladfilleve dhe rritje t\u00eb kostos 4 deri n\u00eb 5 her\u00eb m\u00eb t\u00eb shtrenjt\u00eb t\u00eb procesohen, t\u00eb digjen. Ka nj\u00eb p\u00ebrzgjedhje t\u00eb \u00e7uditshme p\u00ebrmes metod\u00ebs s\u00eb ofert\u00ebs s\u00eb pak\u00ebrkuar, e cila n\u00eb t\u00eb v\u00ebrtet\u00eb siguron fitime m\u00eb t\u00eb m\u00ebdha p\u00ebr kompanit\u00eb,\u201d tha Pre\u00e7i p\u00ebr Z\u00ebrin e Amerik\u00ebs.<\/p>\n<p>Teknologjia e p\u00ebrdorur dhe monitorimi i nivelit t\u00eb ndotjes kan\u00eb shkaktuar gjithashtu debat mes ekspert\u00ebve t\u00eb mjedisit n\u00eb Shqip\u00ebri. Kompania q\u00eb do t\u00eb operoj\u00eb inceneratorin e Tiran\u00ebs, Integrated Energy tha n\u00eb p\u00ebrgjigjen me shkrim se \u201cteknologjia do t\u00eb jet\u00eb e avancuar, e praktikave m\u00eb t\u00eb mira europiane q\u00eb e aplikojn\u00eb k\u00ebt\u00eb industri\u201d.<\/p>\n<p>Por aktivisti mjedisor, Lavdosh Feruni thot\u00eb se incenerimi i mbetjeve shkakton ndotje t\u00eb ajrit nga metalet e r\u00ebnda dhe mbetjet e rrezikshme.<\/p>\n<p>\u201cQ\u00eb t\u00eb djeg\u00eb inceneratori 30 vjet, 1 milion ton plehra n\u00eb Shqip\u00ebri kjo do t\u00eb ishte nj\u00eb ndotje shum\u00eb e madhe p\u00ebr k\u00ebt\u00eb vend t\u00eb vog\u00ebl,\u201d tha Feruni.<\/p>\n<p>\u201cKemi t\u00eb b\u00ebjm\u00eb me nj\u00eb p\u00ebrmbysje, q\u00eb n\u00eb rastin m\u00eb t\u00eb mir\u00eb \u00ebsht\u00eb nj\u00eb naivitet vendimarr\u00ebs dhe n\u00eb rastin m\u00eb t\u00eb keq, korrupsion masiv,\u201d shtoi ai.<\/p>\n<p>Ekspert\u00ebt Pre\u00e7i dhe Feruni k\u00ebrkuan hetimin e k\u00ebtyre kontratave koncesionare, pasi sipas tyre dyshohen p\u00ebr favorizime klienteliste n\u00eb kurriz t\u00eb taksapaguesve shqiptar\u00eb. Ata k\u00ebrkuan gjithashtu q\u00eb qeveria ta rikthej\u00eb vendin n\u00eb shinat e strategjis\u00eb n\u00eb fuqi p\u00ebr trajtimin e mbetjeve urbane.<br \/>\nNga: \u201cZ\u00ebri i Amerik\u00ebs\u201d<\/p>\n","protected":false},"excerpt":{"rendered":"<p>\u201cZ\u00ebri i Amerik\u00ebs\u201d: Koncesionet e debatueshme t\u00eb Qeveris\u00eb \u201cRama\u201d. Nj\u00eb seri kompanish t\u00eb vogla n\u00eb ortak\u00ebri me nj\u00ebra-tjetr\u00ebn dhe kompani me pronar\u00eb t\u00eb panjohur t\u00eb rregjistruara n\u00eb parajsa fiskale jan\u00eb fituese t\u00eb tre koncesioneve t\u00eb incenerator\u00ebve. Kjo d\u00ebshmohet nga dokumentat e siguruara nga \u201cZ\u00ebri i Amerik\u00ebs\u201d lidhur me k\u00ebto projekte t\u00eb cilat sipas specialist\u00ebve pritet [&hellip;]<\/p>\n","protected":false},"author":9,"featured_media":8070,"comment_status":"open","ping_status":"open","sticky":false,"template":"","format":"standard","meta":{"jetpack_post_was_ever_published":false,"_jetpack_newsletter_access":"","_jetpack_dont_email_post_to_subs":false,"_jetpack_newsletter_tier_id":0,"_jetpack_memberships_contains_paywalled_content":false,"_jetpack_memberships_contains_paid_content":false,"footnotes":"","jetpack_publicize_message":"","jetpack_publicize_feature_enabled":true,"jetpack_social_post_already_shared":true,"jetpack_social_options":{"image_generator_settings":{"template":"highway","default_image_id":0,"font":"","enabled":false},"version":2}},"categories":[27,2],"tags":[],"class_list":["post-8069","post","type-post","status-publish","format-standard","has-post-thumbnail","hentry","category-blogu-i-udhetarit","category-politika"],"jetpack_publicize_connections":[],"jetpack_featured_media_url":"https:\/\/i0.wp.com\/www.shqiperia.com\/blog\/wp-content\/uploads\/2018\/05\/inceneratore-696x380.jpg?fit=455%2C234&ssl=1","jetpack_sharing_enabled":true,"jetpack_shortlink":"https:\/\/wp.me\/p5Z6wp-269","jetpack-related-posts":[{"id":10275,"url":"https:\/\/www.shqiperia.com\/blog\/pse-zeri-i-amerikes-po-percon-zerin-e-qytetareve-dhe-media-e-tiranes-interesat-e-pushtetareve\/","url_meta":{"origin":8069,"position":0},"title":"Pse Z\u00ebri i Amerik\u00ebs po p\u00ebr\u00e7on z\u00ebrin e qytetar\u00ebve, dhe media e Tiran\u00ebs interesat e Pushtetar\u00ebve? &#8211;","author":"Kurt Farka","date":"July 26, 2018","format":false,"excerpt":"Pse Z\u00ebri i Amerik\u00ebs po p\u00ebr\u00e7on z\u00ebrin e qytetar\u00ebve, dhe media e Tiran\u00ebs interesat e Pushtetar\u00ebve? - \u201cZ\u00ebri i Amerik\u00ebs \u00ebsht\u00eb i vetmi medium q\u00eb ka thyer antenat e \u00e7ensur\u00ebs s\u00eb rilindjes dhe s\u2019ka l\u00ebn\u00eb dit\u00eb pa transmetuar z\u00ebrin e protestuesve p\u00ebr mbrojtjen e godin\u00ebs historike t\u00eb Teatrit Komb\u00ebtar!\u201d, shkruante\u2026","rel":"","context":"In &quot;Blogu i Udh\u00ebtarit&quot;","block_context":{"text":"Blogu i Udh\u00ebtarit","link":"https:\/\/www.shqiperia.com\/blog\/category\/blogu-i-udhetarit\/"},"img":{"alt_text":"","src":"https:\/\/i0.wp.com\/www.shqiperia.com\/blog\/wp-content\/uploads\/2018\/07\/32286684_10156277349029536_7095806617517555712_n.png?fit=741%2C445&ssl=1&resize=350%2C200","width":350,"height":200,"srcset":"https:\/\/i0.wp.com\/www.shqiperia.com\/blog\/wp-content\/uploads\/2018\/07\/32286684_10156277349029536_7095806617517555712_n.png?fit=741%2C445&ssl=1&resize=350%2C200 1x, https:\/\/i0.wp.com\/www.shqiperia.com\/blog\/wp-content\/uploads\/2018\/07\/32286684_10156277349029536_7095806617517555712_n.png?fit=741%2C445&ssl=1&resize=525%2C300 1.5x, https:\/\/i0.wp.com\/www.shqiperia.com\/blog\/wp-content\/uploads\/2018\/07\/32286684_10156277349029536_7095806617517555712_n.png?fit=741%2C445&ssl=1&resize=700%2C400 2x"},"classes":[]},{"id":16790,"url":"https:\/\/www.shqiperia.com\/blog\/rama-zeri-i-amerikes-ka-bere-zedhenesin-e-opozites\/","url_meta":{"origin":8069,"position":1},"title":"Rama: \u201cZ\u00ebri i Amerik\u00ebs\u201d, ka b\u00ebr\u00eb z\u00ebdh\u00ebn\u00ebsin e opozit\u00ebs. &#8211;","author":"Kurt Farka","date":"January 31, 2019","format":false,"excerpt":"Rama: \u201cZ\u00ebri i Amerik\u00ebs\u201d, ka b\u00ebr\u00eb z\u00ebdh\u00ebn\u00ebsin e opozit\u00ebs. - Jan 31 janar 2019 Kryeministri Edi Rama ka folur nga foltorja e Kuvendit p\u00ebr p\u00ebrgjimet zbuluara dit\u00ebn e djeshme nga Z\u00ebri i Amerik\u00ebs. Rama tha se Z\u00ebri i Amerik\u00ebs, nuk ka th\u00ebn\u00eb asgj\u00eb t\u00eb re dhe ka b\u00ebr\u00eb thjesht z\u00ebdh\u00ebn\u00ebsin\u2026","rel":"","context":"In &quot;Blogu i Udh\u00ebtarit&quot;","block_context":{"text":"Blogu i Udh\u00ebtarit","link":"https:\/\/www.shqiperia.com\/blog\/category\/blogu-i-udhetarit\/"},"img":{"alt_text":"","src":"https:\/\/i0.wp.com\/www.shqiperia.com\/blog\/wp-content\/uploads\/2019\/01\/rama-kuvend.jpg?fit=1200%2C615&ssl=1&resize=350%2C200","width":350,"height":200,"srcset":"https:\/\/i0.wp.com\/www.shqiperia.com\/blog\/wp-content\/uploads\/2019\/01\/rama-kuvend.jpg?fit=1200%2C615&ssl=1&resize=350%2C200 1x, https:\/\/i0.wp.com\/www.shqiperia.com\/blog\/wp-content\/uploads\/2019\/01\/rama-kuvend.jpg?fit=1200%2C615&ssl=1&resize=525%2C300 1.5x, https:\/\/i0.wp.com\/www.shqiperia.com\/blog\/wp-content\/uploads\/2019\/01\/rama-kuvend.jpg?fit=1200%2C615&ssl=1&resize=700%2C400 2x, https:\/\/i0.wp.com\/www.shqiperia.com\/blog\/wp-content\/uploads\/2019\/01\/rama-kuvend.jpg?fit=1200%2C615&ssl=1&resize=1050%2C600 3x"},"classes":[]},{"id":16811,"url":"https:\/\/www.shqiperia.com\/blog\/pergjimet-dako-si-rama-sulmon-voa-n-zeri-i-amerikes-ka-degraduar\/","url_meta":{"origin":8069,"position":2},"title":"P\u00ebrgjimet\/ Dako si Rama, sulmon VOA-n: Z\u00ebri i Amerik\u00ebs, ka degraduar\u2026","author":"Kurt Farka","date":"January 31, 2019","format":false,"excerpt":"P\u00ebrgjimet\/ Dako si Rama, sulmon VOA-n: Z\u00ebri i Amerik\u00ebs, ka degraduar\u2026 31 janar 2019 Vangjush Dako ka sulmuar \u201cZ\u00ebrin e Amerik\u00ebs\u201d q\u00eb publikoi p\u00ebrgjimet e prokuroris\u00eb, q\u00eb ngren\u00eb dyshime se kryetari i Bashkis\u00eb s\u00eb Durr\u00ebsit \u00ebsht\u00eb i p\u00ebrfshir\u00eb n\u00eb shit-blerje votash. \u201cKa degradim t\u00eb Z\u00ebrit t\u00eb Amerik\u00ebs, ulje t\u00eb atij\u2026","rel":"","context":"In &quot;Blogu i Udh\u00ebtarit&quot;","block_context":{"text":"Blogu i Udh\u00ebtarit","link":"https:\/\/www.shqiperia.com\/blog\/category\/blogu-i-udhetarit\/"},"img":{"alt_text":"","src":"https:\/\/i0.wp.com\/www.shqiperia.com\/blog\/wp-content\/uploads\/2019\/01\/vangjush-dako.jpeg?fit=800%2C450&ssl=1&resize=350%2C200","width":350,"height":200,"srcset":"https:\/\/i0.wp.com\/www.shqiperia.com\/blog\/wp-content\/uploads\/2019\/01\/vangjush-dako.jpeg?fit=800%2C450&ssl=1&resize=350%2C200 1x, https:\/\/i0.wp.com\/www.shqiperia.com\/blog\/wp-content\/uploads\/2019\/01\/vangjush-dako.jpeg?fit=800%2C450&ssl=1&resize=525%2C300 1.5x, https:\/\/i0.wp.com\/www.shqiperia.com\/blog\/wp-content\/uploads\/2019\/01\/vangjush-dako.jpeg?fit=800%2C450&ssl=1&resize=700%2C400 2x"},"classes":[]},{"id":16396,"url":"https:\/\/www.shqiperia.com\/blog\/opozita-ne-shqiperi-behet-gati-per-cfare-po-paralajmeron-zeri-i-amerikes\/","url_meta":{"origin":8069,"position":3},"title":"&#8220;Opozita n\u00eb Shqip\u00ebri b\u00ebhet gati p\u00ebr&#8230;&#8221;\/ \u00c7far\u00eb po paralajm\u00ebron Z\u00ebri i Amerik\u00ebs?","author":"Kurt Farka","date":"January 20, 2019","format":false,"excerpt":"\"Opozita n\u00eb Shqip\u00ebri b\u00ebhet gati p\u00ebr...\"\/ \u00c7far\u00eb po paralajm\u00ebron Z\u00ebri i Amerik\u00ebs? 19\/01\/2019 - N\u00eb Shqip\u00ebri forca e kryesore e opozit\u00ebs, Partia demokratike, deklaroi sot se sipas saj zgjidhja politike e vendit duhet t\u00eb vij\u00eb p\u00ebrmes nj\u00eb qeverie kalimtare q\u00eb t\u00eb p\u00ebrgatis\u00eb zgjedhje t\u00eb lira n\u00eb vend. Ky ishte vendimi\u2026","rel":"","context":"In &quot;Blogu i Udh\u00ebtarit&quot;","block_context":{"text":"Blogu i Udh\u00ebtarit","link":"https:\/\/www.shqiperia.com\/blog\/category\/blogu-i-udhetarit\/"},"img":{"alt_text":"","src":"https:\/\/i0.wp.com\/www.shqiperia.com\/blog\/wp-content\/uploads\/2019\/01\/lulzim-basha.jpg?fit=1200%2C666&ssl=1&resize=350%2C200","width":350,"height":200,"srcset":"https:\/\/i0.wp.com\/www.shqiperia.com\/blog\/wp-content\/uploads\/2019\/01\/lulzim-basha.jpg?fit=1200%2C666&ssl=1&resize=350%2C200 1x, https:\/\/i0.wp.com\/www.shqiperia.com\/blog\/wp-content\/uploads\/2019\/01\/lulzim-basha.jpg?fit=1200%2C666&ssl=1&resize=525%2C300 1.5x, https:\/\/i0.wp.com\/www.shqiperia.com\/blog\/wp-content\/uploads\/2019\/01\/lulzim-basha.jpg?fit=1200%2C666&ssl=1&resize=700%2C400 2x, https:\/\/i0.wp.com\/www.shqiperia.com\/blog\/wp-content\/uploads\/2019\/01\/lulzim-basha.jpg?fit=1200%2C666&ssl=1&resize=1050%2C600 3x"},"classes":[]},{"id":16776,"url":"https:\/\/www.shqiperia.com\/blog\/pergjimet-e-publikuara-nga-voa-ngjela-akuze-te-rende-po-ngre-politika-amerikane-per-ramen-njesoj-si-berisha-ne-1996-en\/","url_meta":{"origin":8069,"position":4},"title":"P\u00ebrgjimet e publikuara nga VOA\/ Ngjela: Akuz\u00eb t\u00eb r\u00ebnd\u00eb po ngre politika amerikane p\u00ebr Ram\u00ebn, nj\u00ebsoj si Berisha n\u00eb 1996-\u00ebn\u2026","author":"Kurt Farka","date":"January 31, 2019","format":false,"excerpt":"P\u00ebrgjimet e publikuara nga VOA\/ Ngjela: Akuz\u00eb t\u00eb r\u00ebnd\u00eb po ngre politika amerikane p\u00ebr Ram\u00ebn, nj\u00ebsoj si Berisha n\u00eb 1996-\u00ebn\u2026 30 janar 2019 \u00a0 \u00a0 Avokati Spartak Ngjela ka reaguar pas p\u00ebrgjimeve t\u00eb publikuara nga Z\u00ebri i Amerik\u00ebs, q\u00eb ngren\u00eb dyshime ndaj zyrtar\u00ebve t\u00eb Partis\u00eb Socialiste, si t\u00eb implikuar n\u00eb\u2026","rel":"","context":"In &quot;Blogu i Udh\u00ebtarit&quot;","block_context":{"text":"Blogu i Udh\u00ebtarit","link":"https:\/\/www.shqiperia.com\/blog\/category\/blogu-i-udhetarit\/"},"img":{"alt_text":"","src":"https:\/\/i0.wp.com\/www.shqiperia.com\/blog\/wp-content\/uploads\/2019\/01\/edi-zeri.jpg?fit=1200%2C653&ssl=1&resize=350%2C200","width":350,"height":200,"srcset":"https:\/\/i0.wp.com\/www.shqiperia.com\/blog\/wp-content\/uploads\/2019\/01\/edi-zeri.jpg?fit=1200%2C653&ssl=1&resize=350%2C200 1x, https:\/\/i0.wp.com\/www.shqiperia.com\/blog\/wp-content\/uploads\/2019\/01\/edi-zeri.jpg?fit=1200%2C653&ssl=1&resize=525%2C300 1.5x, https:\/\/i0.wp.com\/www.shqiperia.com\/blog\/wp-content\/uploads\/2019\/01\/edi-zeri.jpg?fit=1200%2C653&ssl=1&resize=700%2C400 2x, https:\/\/i0.wp.com\/www.shqiperia.com\/blog\/wp-content\/uploads\/2019\/01\/edi-zeri.jpg?fit=1200%2C653&ssl=1&resize=1050%2C600 3x"},"classes":[]},{"id":46360,"url":"https:\/\/www.shqiperia.com\/blog\/zeri-i-amerikes-zbardh-sondazhet-per-zgjedhjet-e-25-prillit-studiuesit-shprehin-mosbesim-ndaj\/","url_meta":{"origin":8069,"position":5},"title":"Z\u00ebri i Amerik\u00ebs zbardh sondazhet p\u00ebr zgjedhjet e 25 prillit: &#8211; Studiuesit shprehin mosbesim ndaj&#8230;","author":"Kurt Farka","date":"April 13, 2021","format":false,"excerpt":"Z\u00ebri i Amerik\u00ebs zbardh sondazhet p\u00ebr zgjedhjet e 25 prillit: - Studiuesit shprehin mosbesim ndaj... 13 prill 2021 \u2026 \u201cGjigandomania e aplikuar nga zoti Rama n\u00eb ekonomi sidomos 5 vitet fundit, kryesisht n\u00eb form\u00ebn e kontratave t\u00eb Partnerit - Publik - Privat, shpesh her\u00eb t\u00eb kritikuara p\u00ebr klienteliz\u00ebm dhe favoritiz\u00ebm\u2026","rel":"","context":"In &quot;Blogu i Udh\u00ebtarit&quot;","block_context":{"text":"Blogu i Udh\u00ebtarit","link":"https:\/\/www.shqiperia.com\/blog\/category\/blogu-i-udhetarit\/"},"img":{"alt_text":"","src":"https:\/\/i0.wp.com\/www.shqiperia.com\/blog\/wp-content\/uploads\/2021\/04\/800-0-e2331f4b50b626962c22fd45064ca8ec.png?fit=800%2C437&ssl=1&resize=350%2C200","width":350,"height":200,"srcset":"https:\/\/i0.wp.com\/www.shqiperia.com\/blog\/wp-content\/uploads\/2021\/04\/800-0-e2331f4b50b626962c22fd45064ca8ec.png?fit=800%2C437&ssl=1&resize=350%2C200 1x, https:\/\/i0.wp.com\/www.shqiperia.com\/blog\/wp-content\/uploads\/2021\/04\/800-0-e2331f4b50b626962c22fd45064ca8ec.png?fit=800%2C437&ssl=1&resize=525%2C300 1.5x, https:\/\/i0.wp.com\/www.shqiperia.com\/blog\/wp-content\/uploads\/2021\/04\/800-0-e2331f4b50b626962c22fd45064ca8ec.png?fit=800%2C437&ssl=1&resize=700%2C400 2x"},"classes":[]}],"_links":{"self":[{"href":"https:\/\/www.shqiperia.com\/blog\/wp-json\/wp\/v2\/posts\/8069","targetHints":{"allow":["GET"]}}],"collection":[{"href":"https:\/\/www.shqiperia.com\/blog\/wp-json\/wp\/v2\/posts"}],"about":[{"href":"https:\/\/www.shqiperia.com\/blog\/wp-json\/wp\/v2\/types\/post"}],"author":[{"embeddable":true,"href":"https:\/\/www.shqiperia.com\/blog\/wp-json\/wp\/v2\/users\/9"}],"replies":[{"embeddable":true,"href":"https:\/\/www.shqiperia.com\/blog\/wp-json\/wp\/v2\/comments?post=8069"}],"version-history":[{"count":1,"href":"https:\/\/www.shqiperia.com\/blog\/wp-json\/wp\/v2\/posts\/8069\/revisions"}],"predecessor-version":[{"id":8072,"href":"https:\/\/www.shqiperia.com\/blog\/wp-json\/wp\/v2\/posts\/8069\/revisions\/8072"}],"wp:featuredmedia":[{"embeddable":true,"href":"https:\/\/www.shqiperia.com\/blog\/wp-json\/wp\/v2\/media\/8070"}],"wp:attachment":[{"href":"https:\/\/www.shqiperia.com\/blog\/wp-json\/wp\/v2\/media?parent=8069"}],"wp:term":[{"taxonomy":"category","embeddable":true,"href":"https:\/\/www.shqiperia.com\/blog\/wp-json\/wp\/v2\/categories?post=8069"},{"taxonomy":"post_tag","embeddable":true,"href":"https:\/\/www.shqiperia.com\/blog\/wp-json\/wp\/v2\/tags?post=8069"}],"curies":[{"name":"wp","href":"https:\/\/api.w.org\/{rel}","templated":true}]}}