{"id":79101,"date":"2024-03-10T16:23:01","date_gmt":"2024-03-10T16:23:01","guid":{"rendered":"https:\/\/www.shqiperia.com\/blog\/?p=79101"},"modified":"2024-03-10T16:23:01","modified_gmt":"2024-03-10T16:23:01","slug":"edi-rame-demokratet-e-kane-deren-e-hapur-bardhi-mbyll-deren-e-ps-se-po-te-ikin-socialistet","status":"publish","type":"post","link":"https:\/\/www.shqiperia.com\/blog\/edi-rame-demokratet-e-kane-deren-e-hapur-bardhi-mbyll-deren-e-ps-se-po-te-ikin-socialistet\/","title":{"rendered":"Edi Ram\u00eb &#8211; Demokrat\u00ebt e kan\u00eb der\u00ebn e hapur. Bardhi: &#8211; Mbyll der\u00ebn e PS se po t\u00eb ikin socialist\u00ebt"},"content":{"rendered":"<div class=\"c-main\">\n<div class=\"c-header-content\">\n<h1><img data-recalc-dims=\"1\" loading=\"lazy\" decoding=\"async\" data-attachment-id=\"79103\" data-permalink=\"https:\/\/www.shqiperia.com\/blog\/edi-rame-demokratet-e-kane-deren-e-hapur-bardhi-mbyll-deren-e-ps-se-po-te-ikin-socialistet\/g-edi-rama-dora-e-shtrtire\/\" data-orig-file=\"https:\/\/i0.wp.com\/www.shqiperia.com\/blog\/wp-content\/uploads\/2024\/03\/g-Edi-Rama-Dora-e-shtrtire.jpg?fit=1291%2C764&amp;ssl=1\" data-orig-size=\"1291,764\" data-comments-opened=\"1\" data-image-meta=\"{&quot;aperture&quot;:&quot;0&quot;,&quot;credit&quot;:&quot;&quot;,&quot;camera&quot;:&quot;&quot;,&quot;caption&quot;:&quot;&quot;,&quot;created_timestamp&quot;:&quot;0&quot;,&quot;copyright&quot;:&quot;&quot;,&quot;focal_length&quot;:&quot;0&quot;,&quot;iso&quot;:&quot;0&quot;,&quot;shutter_speed&quot;:&quot;0&quot;,&quot;title&quot;:&quot;&quot;,&quot;orientation&quot;:&quot;0&quot;}\" data-image-title=\"g Edi-Rama-Dora-e-shtrtire\" data-image-description=\"\" data-image-caption=\"\" data-medium-file=\"https:\/\/i0.wp.com\/www.shqiperia.com\/blog\/wp-content\/uploads\/2024\/03\/g-Edi-Rama-Dora-e-shtrtire.jpg?fit=300%2C178&amp;ssl=1\" data-large-file=\"https:\/\/i0.wp.com\/www.shqiperia.com\/blog\/wp-content\/uploads\/2024\/03\/g-Edi-Rama-Dora-e-shtrtire.jpg?fit=1024%2C606&amp;ssl=1\" class=\"alignnone  wp-image-79103\" alt=\"\" src=\"https:\/\/i0.wp.com\/www.shqiperia.com\/blog\/wp-content\/uploads\/2024\/03\/g-Edi-Rama-Dora-e-shtrtire.jpg?resize=836%2C496&#038;ssl=1\" width=\"836\" height=\"496\" srcset=\"https:\/\/i0.wp.com\/www.shqiperia.com\/blog\/wp-content\/uploads\/2024\/03\/g-Edi-Rama-Dora-e-shtrtire.jpg?resize=300%2C178&amp;ssl=1 300w, https:\/\/i0.wp.com\/www.shqiperia.com\/blog\/wp-content\/uploads\/2024\/03\/g-Edi-Rama-Dora-e-shtrtire.jpg?resize=1024%2C606&amp;ssl=1 1024w, https:\/\/i0.wp.com\/www.shqiperia.com\/blog\/wp-content\/uploads\/2024\/03\/g-Edi-Rama-Dora-e-shtrtire.jpg?resize=450%2C266&amp;ssl=1 450w, https:\/\/i0.wp.com\/www.shqiperia.com\/blog\/wp-content\/uploads\/2024\/03\/g-Edi-Rama-Dora-e-shtrtire.jpg?resize=600%2C355&amp;ssl=1 600w, https:\/\/i0.wp.com\/www.shqiperia.com\/blog\/wp-content\/uploads\/2024\/03\/g-Edi-Rama-Dora-e-shtrtire.jpg?resize=400%2C237&amp;ssl=1 400w, https:\/\/i0.wp.com\/www.shqiperia.com\/blog\/wp-content\/uploads\/2024\/03\/g-Edi-Rama-Dora-e-shtrtire.jpg?w=1291&amp;ssl=1 1291w\" sizes=\"auto, (max-width: 836px) 100vw, 836px\" \/><\/h1>\n<h1><span style=\"color: #333333;font-family: 'Open Sans', 'Helvetica Neue', Helvetica, Arial, sans-serif;font-size: 19px\">10 Mars 2024<\/span><\/h1>\n<h1><span style=\"color: #333333;font-family: 'Open Sans', 'Helvetica Neue', Helvetica, Arial, sans-serif;font-size: 19px\">Pas deklarat\u00ebs s\u00eb kryeministrit Edi Rama nga Shkodra ku ftonte q\u00eb pjes\u00eb e PS-s\u00eb t\u00eb ishin edhe demokrat\u00ebt, vjen nj\u00eb reagim nga kryetari i Grupit Parlamentar t\u00eb PD-s\u00eb, Gazment Bardhi.<\/span><\/h1>\n<\/div>\n<\/div>\n<div class=\"c-main\">\n<div class=\"c-flexy flex-m\">\n<div class=\"c-open-content c-left\">\n<div class=\"open-a-content\">\n<p>N\u00eb rrjetin social X Bardhi shkruan se \u201cEdi Rama duhet t\u00eb mbyll der\u00ebn dhe dritaren q\u00eb t\u00eb mos vijoj\u00eb braktisja masive q\u00eb po i b\u00ebjn\u00eb socialist\u00ebt e ndersh\u00ebm, q\u00eb nuk pranojn\u00eb dot 11 vjet keqqeverisje dhe korrupsion, largimin e t\u00eb rinjve nga vendi apo varf\u00ebrin\u00eb n\u00eb rritje\u201d.<\/p>\n<p>Edi Rama duhet t\u00eb mbyll der\u00ebn dhe dritaren q\u00eb t\u00eb mos vijoj\u00eb braktisja masive q\u00eb po i b\u00ebjn\u00eb socialist\u00ebt e ndersh\u00ebm, q\u00eb nuk pranojn\u00eb dot 11 vjet keqqeverisje dhe korrupsion, largimin e t\u00eb rinjve nga vendi apo varf\u00ebrin\u00eb n\u00eb rritje.<\/p>\n<p>Demokrat\u00ebt kan\u00eb sht\u00ebpin\u00eb e tyre dhe jan\u00eb t\u00eb vendosur t\u00eb b\u00ebjn\u00eb realitet ndryshimin q\u00eb presin shqiptar\u00ebt prej 11 vjet\u00ebsh. Boll m\u00eb! 12 vjet keqqeverisje dhe korrupsion jan\u00eb shum\u00eb koh\u00eb e humbur!<\/p>\n<\/div>\n<\/div>\n<\/div>\n<\/div>\n","protected":false},"excerpt":{"rendered":"<p>10 Mars 2024 Pas deklarat\u00ebs s\u00eb kryeministrit Edi Rama nga Shkodra ku ftonte q\u00eb pjes\u00eb e PS-s\u00eb t\u00eb ishin edhe demokrat\u00ebt, vjen nj\u00eb reagim nga kryetari i Grupit Parlamentar t\u00eb PD-s\u00eb, Gazment Bardhi. N\u00eb rrjetin social X Bardhi shkruan se \u201cEdi Rama duhet t\u00eb mbyll der\u00ebn dhe dritaren q\u00eb t\u00eb mos vijoj\u00eb braktisja masive q\u00eb [&hellip;]<\/p>\n","protected":false},"author":9,"featured_media":79103,"comment_status":"open","ping_status":"open","sticky":false,"template":"","format":"standard","meta":{"jetpack_post_was_ever_published":false,"_jetpack_newsletter_access":"","_jetpack_dont_email_post_to_subs":false,"_jetpack_newsletter_tier_id":0,"_jetpack_memberships_contains_paywalled_content":false,"_jetpack_memberships_contains_paid_content":false,"footnotes":"","jetpack_publicize_message":"","jetpack_publicize_feature_enabled":true,"jetpack_social_post_already_shared":true,"jetpack_social_options":{"image_generator_settings":{"template":"highway","default_image_id":0,"font":"","enabled":false},"version":2}},"categories":[27,2,35],"tags":[],"class_list":["post-79101","post","type-post","status-publish","format-standard","has-post-thumbnail","hentry","category-blogu-i-udhetarit","category-politika","category-shoqerore"],"jetpack_publicize_connections":[],"jetpack_featured_media_url":"https:\/\/i0.wp.com\/www.shqiperia.com\/blog\/wp-content\/uploads\/2024\/03\/g-Edi-Rama-Dora-e-shtrtire.jpg?fit=1291%2C764&ssl=1","jetpack_sharing_enabled":true,"jetpack_shortlink":"https:\/\/wp.me\/p5Z6wp-kzP","jetpack-related-posts":[{"id":73981,"url":"https:\/\/www.shqiperia.com\/blog\/deputetet-nuk-pranojne-bashen-si-kreun-e-pd-se-po-perdoret-nga-edi-rama\/","url_meta":{"origin":79101,"position":0},"title":"Deputet\u00ebt nuk pranojn\u00eb Bashen si kreun e PD-s\u00eb: &#8211; Po p\u00ebrdoret nga Edi Rama","author":"Kurt Farka","date":"September 4, 2023","format":false,"excerpt":"4 Shtator 2023 Debatet n\u00eb partin\u00eb Demokratike p\u00ebr sa I p\u00ebrket grupit parlamentar kan\u00eb vijuar t\u00eb h\u00ebn\u00ebn n\u00eb seanc\u00ebn e par\u00eb parlamentare n\u00eb k\u00ebt\u00eb sezon t\u00eb ri. Lulzim Basha ka k\u00ebrkuar nga kuvendi shkarkimin e Bardhit si kryetar grupi, nd\u00ebrsa ky i fundit tha se basha po p\u00ebrdoret nga Edi\u2026","rel":"","context":"In &quot;Blogu i Udh\u00ebtarit&quot;","block_context":{"text":"Blogu i Udh\u00ebtarit","link":"https:\/\/www.shqiperia.com\/blog\/category\/blogu-i-udhetarit\/"},"img":{"alt_text":"","src":"https:\/\/i0.wp.com\/www.shqiperia.com\/blog\/wp-content\/uploads\/2023\/09\/640-0-Lulzim-Basha-komik-590x354-1-1-400x240-2.jpg?fit=640%2C384&ssl=1&resize=350%2C200","width":350,"height":200,"srcset":"https:\/\/i0.wp.com\/www.shqiperia.com\/blog\/wp-content\/uploads\/2023\/09\/640-0-Lulzim-Basha-komik-590x354-1-1-400x240-2.jpg?fit=640%2C384&ssl=1&resize=350%2C200 1x, https:\/\/i0.wp.com\/www.shqiperia.com\/blog\/wp-content\/uploads\/2023\/09\/640-0-Lulzim-Basha-komik-590x354-1-1-400x240-2.jpg?fit=640%2C384&ssl=1&resize=525%2C300 1.5x"},"classes":[]},{"id":52540,"url":"https:\/\/www.shqiperia.com\/blog\/jeni-pro-apo-kunder-protestes-anti-vucic-qe-po-organizon-berisha-gazment-bardhi-jep-pergjigjen-qe-nuk-pritej\/","url_meta":{"origin":79101,"position":1},"title":"Jeni pro apo kund\u00ebr protest\u00ebs anti-Vu\u00e7i\u00e7 q\u00eb po organizon Berisha? Gazment Bardhi jep p\u00ebrgjigjen q\u00eb nuk pritej","author":"Kurt Farka","date":"December 20, 2021","format":false,"excerpt":"Jeni pro apo kund\u00ebr protest\u00ebs anti-Vu\u00e7i\u00e7 q\u00eb po organizon Berisha? Gazment Bardhi jep p\u00ebrgjigjen q\u00eb nuk pritej 20 DHJETOR 2021 Gazment Bardhi u pyet sot nga gazetar\u00ebt se p\u00ebrse nuk marrin sot pjes\u00eb n\u00eb protest\u00ebn q\u00eb po organizohet nga ish-kryeministri Sali Berisha kund\u00ebr Presidentit t\u00eb Serbis\u00eb, Vu\u00e7i\u00e7, dha nj\u00eb p\u00ebrgjigje\u2026","rel":"","context":"In &quot;Blogu i Udh\u00ebtarit&quot;","block_context":{"text":"Blogu i Udh\u00ebtarit","link":"https:\/\/www.shqiperia.com\/blog\/category\/blogu-i-udhetarit\/"},"img":{"alt_text":"","src":"https:\/\/i0.wp.com\/www.shqiperia.com\/blog\/wp-content\/uploads\/2021\/12\/800-0-61c088c75a2b9.jpg?fit=800%2C468&ssl=1&resize=350%2C200","width":350,"height":200,"srcset":"https:\/\/i0.wp.com\/www.shqiperia.com\/blog\/wp-content\/uploads\/2021\/12\/800-0-61c088c75a2b9.jpg?fit=800%2C468&ssl=1&resize=350%2C200 1x, https:\/\/i0.wp.com\/www.shqiperia.com\/blog\/wp-content\/uploads\/2021\/12\/800-0-61c088c75a2b9.jpg?fit=800%2C468&ssl=1&resize=525%2C300 1.5x, https:\/\/i0.wp.com\/www.shqiperia.com\/blog\/wp-content\/uploads\/2021\/12\/800-0-61c088c75a2b9.jpg?fit=800%2C468&ssl=1&resize=700%2C400 2x"},"classes":[]},{"id":89430,"url":"https:\/\/www.shqiperia.com\/blog\/gazment-bardhi-rama-po-shqetesohet-sepse-ne-shqiperi-ka-prokurore-dhe-gjyqtare-qe-arrestojne-edhe-pa-lejen-e-tij\/","url_meta":{"origin":79101,"position":2},"title":"Gazment Bardhi: &#8211; Rama po shqet\u00ebsohet sepse n\u00eb Shqip\u00ebri ka prokuror\u00eb dhe gjyqtar\u00eb q\u00eb arrestojn\u00eb edhe pa lejen e tij","author":"Kurt Farka","date":"February 12, 2025","format":false,"excerpt":"12 Shkurt 2025 Kryetari i Grupit t\u00eb PD-s\u00eb, Gazment Bardhi ka reaguar pas q\u00ebndrimeve t\u00eb forta t\u00eb kryeministrit Rama, p\u00ebr arrestimin dhe hetimet e zhvilluara p\u00ebr kryebashkiakun Erion Veliaj. Sipas Bardhit, Rama \u00ebsht\u00eb shqet\u00ebsuar jo p\u00ebr arrestimin e kryebashkiakut Veliaj apo se ai \u201chumbi statusin e t\u00eb paprekshmit\u201d, por se\u2026","rel":"","context":"In &quot;Blogu i Udh\u00ebtarit&quot;","block_context":{"text":"Blogu i Udh\u00ebtarit","link":"https:\/\/www.shqiperia.com\/blog\/category\/blogu-i-udhetarit\/"},"img":{"alt_text":"","src":"https:\/\/i0.wp.com\/www.shqiperia.com\/blog\/wp-content\/uploads\/2025\/02\/bardhi2.jpg?fit=766%2C461&ssl=1&resize=350%2C200","width":350,"height":200,"srcset":"https:\/\/i0.wp.com\/www.shqiperia.com\/blog\/wp-content\/uploads\/2025\/02\/bardhi2.jpg?fit=766%2C461&ssl=1&resize=350%2C200 1x, https:\/\/i0.wp.com\/www.shqiperia.com\/blog\/wp-content\/uploads\/2025\/02\/bardhi2.jpg?fit=766%2C461&ssl=1&resize=525%2C300 1.5x, https:\/\/i0.wp.com\/www.shqiperia.com\/blog\/wp-content\/uploads\/2025\/02\/bardhi2.jpg?fit=766%2C461&ssl=1&resize=700%2C400 2x"},"classes":[]},{"id":47995,"url":"https:\/\/www.shqiperia.com\/blog\/pas-te-dhenave-te-prokurorise-qe-kryebashkiaku-i-ps-eshte-denuar-me-tre-vite-burg-reagon-menjehere-gazment-bardhi-nje-tjeter-burgaxhi-i-edi-rames-do-te-largohet-nga-qeverisja\/","url_meta":{"origin":79101,"position":3},"title":"Pas t\u00eb dh\u00ebnave t\u00eb Prokuroris\u00eb q\u00eb kryebashkiaku i PS \u00ebsht\u00eb d\u00ebnuar me tre vite burg, reagon Gazment Bardhi: &#8211; Nj\u00eb tjet\u00ebr burgaxhi i Edi Ram\u00ebs do t\u00eb largohet nga qeverisja","author":"Kurt Farka","date":"June 19, 2021","format":false,"excerpt":"Pas t\u00eb dh\u00ebnave t\u00eb Prokuroris\u00eb q\u00eb kryebashkiaku i PS \u00ebsht\u00eb d\u00ebnuar me tre vite burg, reagon Gazment Bardhi: - Nj\u00eb tjet\u00ebr burgaxhi i Edi Ram\u00ebs do t\u00eb largohet nga qeverisja 15 QERSHOR 2021 Pas t\u00eb dh\u00ebnave t\u00eb fundit q\u00eb nxori Prokuroria ku b\u00ebn me dije se\u00a0kryebashkiaku i Mallakastr\u00ebs, Qerim Ismailaj\u2026","rel":"","context":"In &quot;Blogu i Udh\u00ebtarit&quot;","block_context":{"text":"Blogu i Udh\u00ebtarit","link":"https:\/\/www.shqiperia.com\/blog\/category\/blogu-i-udhetarit\/"},"img":{"alt_text":"","src":"https:\/\/i0.wp.com\/www.shqiperia.com\/blog\/wp-content\/uploads\/2021\/06\/Ballsh-Mallakaster.jpg?fit=1200%2C664&ssl=1&resize=350%2C200","width":350,"height":200,"srcset":"https:\/\/i0.wp.com\/www.shqiperia.com\/blog\/wp-content\/uploads\/2021\/06\/Ballsh-Mallakaster.jpg?fit=1200%2C664&ssl=1&resize=350%2C200 1x, https:\/\/i0.wp.com\/www.shqiperia.com\/blog\/wp-content\/uploads\/2021\/06\/Ballsh-Mallakaster.jpg?fit=1200%2C664&ssl=1&resize=525%2C300 1.5x, https:\/\/i0.wp.com\/www.shqiperia.com\/blog\/wp-content\/uploads\/2021\/06\/Ballsh-Mallakaster.jpg?fit=1200%2C664&ssl=1&resize=700%2C400 2x, https:\/\/i0.wp.com\/www.shqiperia.com\/blog\/wp-content\/uploads\/2021\/06\/Ballsh-Mallakaster.jpg?fit=1200%2C664&ssl=1&resize=1050%2C600 3x"},"classes":[]},{"id":90341,"url":"https:\/\/www.shqiperia.com\/blog\/komisionerja-per-zgjerimin-e-be-ne-tirane-marta-kos-takim-me-tabakun-gjekmarkajn-dhe-bardhin-demokratet-thirrje-per-monitorim-te-zgjedhjeve\/","url_meta":{"origin":79101,"position":4},"title":"Komisionerja p\u00ebr Zgjerimin e BE n\u00eb Tiran\u00eb\/ Marta Kos takim me Tabakun, Gjekmarkajn dhe Bardhin. &#8211; Demokrat\u00ebt thirrje p\u00ebr monitorim t\u00eb zgjedhjeve","author":"Kurt Farka","date":"March 13, 2025","format":false,"excerpt":"13 Mars 2025 Kryetarja e\u00a0 K\u00ebshillit Komb\u00ebtar t\u00eb Integrimit znj. Jorida Tabaku, N\u00ebnkryetari i Kuvendit z. Agron Gjekmarkaj dhe Kryetari i Grupit Parlamentar t\u00eb Partis\u00eb Demokratike Gazment Bardhi, zhvilluan sot nj\u00eb takim me Komisioneren Europiane p\u00ebr Zgjerimin, znj. Marta Kos. Zyrtar\u00ebt e lart\u00eb demokrat\u00eb e informuan Komisioneren Kos p\u00ebr zhvillimet\u2026","rel":"","context":"In &quot;Blogu i Udh\u00ebtarit&quot;","block_context":{"text":"Blogu i Udh\u00ebtarit","link":"https:\/\/www.shqiperia.com\/blog\/category\/blogu-i-udhetarit\/"},"img":{"alt_text":"","src":"https:\/\/i0.wp.com\/www.shqiperia.com\/blog\/wp-content\/uploads\/2025\/03\/jorida-5-1536x1024-1.jpg?fit=1200%2C800&ssl=1&resize=350%2C200","width":350,"height":200,"srcset":"https:\/\/i0.wp.com\/www.shqiperia.com\/blog\/wp-content\/uploads\/2025\/03\/jorida-5-1536x1024-1.jpg?fit=1200%2C800&ssl=1&resize=350%2C200 1x, https:\/\/i0.wp.com\/www.shqiperia.com\/blog\/wp-content\/uploads\/2025\/03\/jorida-5-1536x1024-1.jpg?fit=1200%2C800&ssl=1&resize=525%2C300 1.5x, https:\/\/i0.wp.com\/www.shqiperia.com\/blog\/wp-content\/uploads\/2025\/03\/jorida-5-1536x1024-1.jpg?fit=1200%2C800&ssl=1&resize=700%2C400 2x, https:\/\/i0.wp.com\/www.shqiperia.com\/blog\/wp-content\/uploads\/2025\/03\/jorida-5-1536x1024-1.jpg?fit=1200%2C800&ssl=1&resize=1050%2C600 3x"},"classes":[]},{"id":81376,"url":"https:\/\/www.shqiperia.com\/blog\/miratohet-rezoluta-socialistet-do-te-luftojne-korrupsionin-opozita-nuk-i-bashkohet\/","url_meta":{"origin":79101,"position":5},"title":"Miratohet Rezoluta\/ Socialist\u00ebt &#8220;do t\u00eb luftojn\u00eb korrupsionin&#8221;, Opozita nuk i bashkohet","author":"Kurt Farka","date":"May 27, 2024","format":false,"excerpt":"27 Maji 2024 Kuvendi i Shqip\u00ebris\u00eb ka miratuar dit\u00ebn e sotme projekt-rezolut\u00ebn e propozuar nga Partia Socialiste p\u00ebr antikorrupsionin. Pr\/rezoluta u miratua pasi mori 76 vota pro dhe vet\u00ebm 2 kund\u00ebr, ato t\u00eb dy deputet\u00ebt e opozit\u00ebs Agron Shehaj dhe Dashnor Sula. N\u00eb sall\u00ebn e Parlamentit nuk kan\u00eb munguar as\u2026","rel":"","context":"In &quot;Njoftime Shtypi&quot;","block_context":{"text":"Njoftime Shtypi","link":"https:\/\/www.shqiperia.com\/blog\/category\/njoftime-shtypi\/"},"img":{"alt_text":"","src":"https:\/\/i0.wp.com\/www.shqiperia.com\/blog\/wp-content\/uploads\/2024\/05\/600-388-sequence-0100-00-06-22still1629-1716833051.jpg?fit=600%2C388&ssl=1&resize=350%2C200","width":350,"height":200,"srcset":"https:\/\/i0.wp.com\/www.shqiperia.com\/blog\/wp-content\/uploads\/2024\/05\/600-388-sequence-0100-00-06-22still1629-1716833051.jpg?fit=600%2C388&ssl=1&resize=350%2C200 1x, https:\/\/i0.wp.com\/www.shqiperia.com\/blog\/wp-content\/uploads\/2024\/05\/600-388-sequence-0100-00-06-22still1629-1716833051.jpg?fit=600%2C388&ssl=1&resize=525%2C300 1.5x"},"classes":[]}],"_links":{"self":[{"href":"https:\/\/www.shqiperia.com\/blog\/wp-json\/wp\/v2\/posts\/79101","targetHints":{"allow":["GET"]}}],"collection":[{"href":"https:\/\/www.shqiperia.com\/blog\/wp-json\/wp\/v2\/posts"}],"about":[{"href":"https:\/\/www.shqiperia.com\/blog\/wp-json\/wp\/v2\/types\/post"}],"author":[{"embeddable":true,"href":"https:\/\/www.shqiperia.com\/blog\/wp-json\/wp\/v2\/users\/9"}],"replies":[{"embeddable":true,"href":"https:\/\/www.shqiperia.com\/blog\/wp-json\/wp\/v2\/comments?post=79101"}],"version-history":[{"count":1,"href":"https:\/\/www.shqiperia.com\/blog\/wp-json\/wp\/v2\/posts\/79101\/revisions"}],"predecessor-version":[{"id":79104,"href":"https:\/\/www.shqiperia.com\/blog\/wp-json\/wp\/v2\/posts\/79101\/revisions\/79104"}],"wp:featuredmedia":[{"embeddable":true,"href":"https:\/\/www.shqiperia.com\/blog\/wp-json\/wp\/v2\/media\/79103"}],"wp:attachment":[{"href":"https:\/\/www.shqiperia.com\/blog\/wp-json\/wp\/v2\/media?parent=79101"}],"wp:term":[{"taxonomy":"category","embeddable":true,"href":"https:\/\/www.shqiperia.com\/blog\/wp-json\/wp\/v2\/categories?post=79101"},{"taxonomy":"post_tag","embeddable":true,"href":"https:\/\/www.shqiperia.com\/blog\/wp-json\/wp\/v2\/tags?post=79101"}],"curies":[{"name":"wp","href":"https:\/\/api.w.org\/{rel}","templated":true}]}}