{"id":79094,"date":"2024-03-09T19:32:28","date_gmt":"2024-03-09T19:32:28","guid":{"rendered":"https:\/\/www.shqiperia.com\/blog\/?p=79094"},"modified":"2024-03-09T19:35:40","modified_gmt":"2024-03-09T19:35:40","slug":"erion-lezi-restauron-ikonen-ungjillezimi-veper-e-shek-xvi-xvii","status":"publish","type":"post","link":"https:\/\/www.shqiperia.com\/blog\/erion-lezi-restauron-ikonen-ungjillezimi-veper-e-shek-xvi-xvii\/","title":{"rendered":"Erion Lezi restauron ikon\u00ebn \u201cUngjill\u00ebzimi\u201d vep\u00ebr e shek. XVI &#8211; XVII"},"content":{"rendered":"<p><img data-recalc-dims=\"1\" loading=\"lazy\" decoding=\"async\" data-attachment-id=\"79098\" data-permalink=\"https:\/\/www.shqiperia.com\/blog\/erion-lezi-restauron-ikonen-ungjillezimi-veper-e-shek-xvi-xvii\/800-0-65e1746dbb5f1-kopjo\/\" data-orig-file=\"https:\/\/i0.wp.com\/www.shqiperia.com\/blog\/wp-content\/uploads\/2024\/03\/800-0-65e1746dbb5f1-Kopjo.jpg?fit=770%2C413&amp;ssl=1\" data-orig-size=\"770,413\" data-comments-opened=\"1\" data-image-meta=\"{&quot;aperture&quot;:&quot;0&quot;,&quot;credit&quot;:&quot;&quot;,&quot;camera&quot;:&quot;&quot;,&quot;caption&quot;:&quot;&quot;,&quot;created_timestamp&quot;:&quot;0&quot;,&quot;copyright&quot;:&quot;&quot;,&quot;focal_length&quot;:&quot;0&quot;,&quot;iso&quot;:&quot;0&quot;,&quot;shutter_speed&quot;:&quot;0&quot;,&quot;title&quot;:&quot;&quot;,&quot;orientation&quot;:&quot;0&quot;}\" data-image-title=\"-800-0-65e1746dbb5f1 &#8211; Kopjo\" data-image-description=\"\" data-image-caption=\"\" data-medium-file=\"https:\/\/i0.wp.com\/www.shqiperia.com\/blog\/wp-content\/uploads\/2024\/03\/800-0-65e1746dbb5f1-Kopjo.jpg?fit=300%2C161&amp;ssl=1\" data-large-file=\"https:\/\/i0.wp.com\/www.shqiperia.com\/blog\/wp-content\/uploads\/2024\/03\/800-0-65e1746dbb5f1-Kopjo.jpg?fit=770%2C413&amp;ssl=1\" class=\"alignnone wp-image-79098\" alt=\"\" src=\"https:\/\/i0.wp.com\/www.shqiperia.com\/blog\/wp-content\/uploads\/2024\/03\/800-0-65e1746dbb5f1-Kopjo.jpg?resize=702%2C377&#038;ssl=1\" width=\"702\" height=\"377\" srcset=\"https:\/\/i0.wp.com\/www.shqiperia.com\/blog\/wp-content\/uploads\/2024\/03\/800-0-65e1746dbb5f1-Kopjo.jpg?resize=300%2C161&amp;ssl=1 300w, https:\/\/i0.wp.com\/www.shqiperia.com\/blog\/wp-content\/uploads\/2024\/03\/800-0-65e1746dbb5f1-Kopjo.jpg?resize=768%2C412&amp;ssl=1 768w, https:\/\/i0.wp.com\/www.shqiperia.com\/blog\/wp-content\/uploads\/2024\/03\/800-0-65e1746dbb5f1-Kopjo.jpg?resize=450%2C241&amp;ssl=1 450w, https:\/\/i0.wp.com\/www.shqiperia.com\/blog\/wp-content\/uploads\/2024\/03\/800-0-65e1746dbb5f1-Kopjo.jpg?resize=600%2C322&amp;ssl=1 600w, https:\/\/i0.wp.com\/www.shqiperia.com\/blog\/wp-content\/uploads\/2024\/03\/800-0-65e1746dbb5f1-Kopjo.jpg?resize=400%2C215&amp;ssl=1 400w, https:\/\/i0.wp.com\/www.shqiperia.com\/blog\/wp-content\/uploads\/2024\/03\/800-0-65e1746dbb5f1-Kopjo.jpg?w=770&amp;ssl=1 770w\" sizes=\"auto, (max-width: 702px) 100vw, 702px\" \/><\/p>\n<p>9 Mars 2024<\/p>\n<p>Nd\u00ebrhyrja restauruese p\u00ebr ikon\u00ebn \u201cUngjill\u00ebzimi\u201d vep\u00ebr e shekullit XVI &#8211; XVII, atribuar Onuf\u00ebr Qipriotit ka mbaruar.<\/p>\n<p>Kjo b\u00ebhet me dije nga Qendra Komb\u00ebtare e Muzeumeve Berat q\u00eb shprehet se pas nj\u00eb pune disa mujore, kryer n\u00eb laboratorin e Konservimit dhe Restaurimit n\u00eb muzeun ikonografik &#8220;Onufri&#8221; nga restauratori Erion Lezi p\u00ebrfundoi nd\u00ebrhyrja restauruese.<\/p>\n<p>Qendra Komb\u00ebtare e Muzeumeve Berat (QKMB) thot\u00eb se nj\u00eb tjet\u00ebr thesar artistik i shp\u00ebton degradimit. \u201cN\u00eb k\u00ebt\u00eb ikon\u00eb q\u00eb ka funksionuar si Dera e Bukur e ikonostasit t\u00eb kish\u00ebs s\u00eb Kostandinit dhe Helen\u00ebs n\u00eb kalan\u00eb e Beratit paraqitet skena e Ungjillizimit.<\/p>\n<p>N\u00eb pjes\u00ebn e poshtme krye\u00ebngj\u00eblli Gabriel, paraqitet duke lajm\u00ebruar virgj\u00ebresh\u00ebn\u00a0 Marie p\u00ebr lindjen e shp\u00ebtimtarit nd\u00ebrsa sip\u00ebr q\u00ebndrojn\u00eb profeti Isaia dhe mbreti David. Ikona edhe pse e restauruar p\u00ebrpara disa dekadash, paraqiste problematika t\u00eb ndryshme si d\u00ebmtim t\u00eb kornizimit e shtresave p\u00ebrgatitore, d\u00ebmtim t\u00eb pelikul\u00ebs piktorike kryesisht n\u00eb gjysm\u00ebn e poshtme, shoq\u00ebruar me papast\u00ebrti t\u00eb q\u00ebndrueshme t\u00eb l\u00ebna nga restaurimi i m\u00ebparsh\u00ebm dhe oksidim verniku.<\/p>\n<p><img data-recalc-dims=\"1\" loading=\"lazy\" decoding=\"async\" data-attachment-id=\"79099\" data-permalink=\"https:\/\/www.shqiperia.com\/blog\/erion-lezi-restauron-ikonen-ungjillezimi-veper-e-shek-xvi-xvii\/800-0-65e1746dbb5f1\/\" data-orig-file=\"https:\/\/i0.wp.com\/www.shqiperia.com\/blog\/wp-content\/uploads\/2024\/03\/800-0-65e1746dbb5f1.jpg?fit=800%2C800&amp;ssl=1\" data-orig-size=\"800,800\" data-comments-opened=\"1\" data-image-meta=\"{&quot;aperture&quot;:&quot;0&quot;,&quot;credit&quot;:&quot;&quot;,&quot;camera&quot;:&quot;&quot;,&quot;caption&quot;:&quot;&quot;,&quot;created_timestamp&quot;:&quot;0&quot;,&quot;copyright&quot;:&quot;&quot;,&quot;focal_length&quot;:&quot;0&quot;,&quot;iso&quot;:&quot;0&quot;,&quot;shutter_speed&quot;:&quot;0&quot;,&quot;title&quot;:&quot;&quot;,&quot;orientation&quot;:&quot;0&quot;}\" data-image-title=\"-800-0-65e1746dbb5f1\" data-image-description=\"\" data-image-caption=\"\" data-medium-file=\"https:\/\/i0.wp.com\/www.shqiperia.com\/blog\/wp-content\/uploads\/2024\/03\/800-0-65e1746dbb5f1.jpg?fit=300%2C300&amp;ssl=1\" data-large-file=\"https:\/\/i0.wp.com\/www.shqiperia.com\/blog\/wp-content\/uploads\/2024\/03\/800-0-65e1746dbb5f1.jpg?fit=800%2C800&amp;ssl=1\" class=\"alignnone wp-image-79099\" alt=\"\" src=\"https:\/\/i0.wp.com\/www.shqiperia.com\/blog\/wp-content\/uploads\/2024\/03\/800-0-65e1746dbb5f1.jpg?resize=741%2C741&#038;ssl=1\" width=\"741\" height=\"741\" srcset=\"https:\/\/i0.wp.com\/www.shqiperia.com\/blog\/wp-content\/uploads\/2024\/03\/800-0-65e1746dbb5f1.jpg?resize=300%2C300&amp;ssl=1 300w, https:\/\/i0.wp.com\/www.shqiperia.com\/blog\/wp-content\/uploads\/2024\/03\/800-0-65e1746dbb5f1.jpg?resize=150%2C150&amp;ssl=1 150w, https:\/\/i0.wp.com\/www.shqiperia.com\/blog\/wp-content\/uploads\/2024\/03\/800-0-65e1746dbb5f1.jpg?resize=768%2C768&amp;ssl=1 768w, https:\/\/i0.wp.com\/www.shqiperia.com\/blog\/wp-content\/uploads\/2024\/03\/800-0-65e1746dbb5f1.jpg?resize=450%2C450&amp;ssl=1 450w, https:\/\/i0.wp.com\/www.shqiperia.com\/blog\/wp-content\/uploads\/2024\/03\/800-0-65e1746dbb5f1.jpg?resize=600%2C600&amp;ssl=1 600w, https:\/\/i0.wp.com\/www.shqiperia.com\/blog\/wp-content\/uploads\/2024\/03\/800-0-65e1746dbb5f1.jpg?resize=65%2C65&amp;ssl=1 65w, https:\/\/i0.wp.com\/www.shqiperia.com\/blog\/wp-content\/uploads\/2024\/03\/800-0-65e1746dbb5f1.jpg?resize=50%2C50&amp;ssl=1 50w, https:\/\/i0.wp.com\/www.shqiperia.com\/blog\/wp-content\/uploads\/2024\/03\/800-0-65e1746dbb5f1.jpg?resize=400%2C400&amp;ssl=1 400w, https:\/\/i0.wp.com\/www.shqiperia.com\/blog\/wp-content\/uploads\/2024\/03\/800-0-65e1746dbb5f1.jpg?w=800&amp;ssl=1 800w\" sizes=\"auto, (max-width: 741px) 100vw, 741px\" \/><\/p>\n<p>T\u00eb gjitha k\u00ebto cop\u00ebtonin t\u00ebr\u00ebsin\u00eb e sken\u00ebs, tjet\u00ebrsonin eleganc\u00ebn dhe bukurin\u00eb e ikon\u00ebs si dhe rrezikonin degradimin e saj\u201d, thuhet nga Qendra Komb\u00ebtare e Muzeumeve Berat q\u00eb ka ndar\u00eb dhe foto t\u00eb ikon\u00ebs n\u00eb faqen e saj. Sot ikona paraqitet n\u00eb shk\u00eblqimin e plot\u00eb t\u00eb saj dhe s\u00eb shpejti do ti ofrohet e ekspozuar publikut t\u00eb gjer\u00eb t\u00eb muzeut \u201cOnufri\u201d, t\u00eb cil\u00ebt mund t\u00eb admirojn\u00eb m\u00eb qart\u00eb mjesht\u00ebrin\u00eb dhe fines\u00ebn e artit t\u00eb Onuf\u00ebr Qipriotit.<\/p>\n<div class=\"ad-wrap1\">\n<div class=\"ad-box1\">\n<div class=\"shadow-wrapper b-infinite\">\n<div class=\"b-feed-wrapper relative\">\n<div class=\"b-feed-header\">\n<div class=\"b-feed-title\"><\/div>\n<div class=\"b-feed-logo\"><\/div>\n<\/div>\n<\/div>\n<\/div>\n<\/div>\n<\/div>\n","protected":false},"excerpt":{"rendered":"<p>9 Mars 2024 Nd\u00ebrhyrja restauruese p\u00ebr ikon\u00ebn \u201cUngjill\u00ebzimi\u201d vep\u00ebr e shekullit XVI &#8211; XVII, atribuar Onuf\u00ebr Qipriotit ka mbaruar. Kjo b\u00ebhet me dije nga Qendra Komb\u00ebtare e Muzeumeve Berat q\u00eb shprehet se pas nj\u00eb pune disa mujore, kryer n\u00eb laboratorin e Konservimit dhe Restaurimit n\u00eb muzeun ikonografik &#8220;Onufri&#8221; nga restauratori Erion Lezi p\u00ebrfundoi nd\u00ebrhyrja restauruese. [&hellip;]<\/p>\n","protected":false},"author":9,"featured_media":79098,"comment_status":"open","ping_status":"open","sticky":false,"template":"","format":"standard","meta":{"jetpack_post_was_ever_published":false,"_jetpack_newsletter_access":"","_jetpack_dont_email_post_to_subs":false,"_jetpack_newsletter_tier_id":0,"_jetpack_memberships_contains_paywalled_content":false,"_jetpack_memberships_contains_paid_content":false,"footnotes":"","jetpack_publicize_message":"","jetpack_publicize_feature_enabled":true,"jetpack_social_post_already_shared":true,"jetpack_social_options":{"image_generator_settings":{"template":"highway","default_image_id":0,"font":"","enabled":false},"version":2}},"categories":[87,27,85,35,86],"tags":[],"class_list":["post-79094","post","type-post","status-publish","format-standard","has-post-thumbnail","hentry","category-arte","category-blogu-i-udhetarit","category-histori","category-shoqerore","category-trashegimi-kulturore"],"jetpack_publicize_connections":[],"jetpack_featured_media_url":"https:\/\/i0.wp.com\/www.shqiperia.com\/blog\/wp-content\/uploads\/2024\/03\/800-0-65e1746dbb5f1-Kopjo.jpg?fit=770%2C413&ssl=1","jetpack_sharing_enabled":true,"jetpack_shortlink":"https:\/\/wp.me\/p5Z6wp-kzI","jetpack-related-posts":[{"id":95807,"url":"https:\/\/www.shqiperia.com\/blog\/pas-nje-pune-restauruese-disa-mujore-ikona-shen-mehilli-fundi-i-shek-xvi-ekspozim\/","url_meta":{"origin":79094,"position":0},"title":"Pas nj\u00eb pune restauruese disa mujore ikona \u201cSh\u00ebn M\u00ebhilli\u201d  fundi i shek. XVI ekspozim\u2026","author":"Kurt Farka","date":"December 22, 2025","format":false,"excerpt":"22 Dhjetor 2025 Nga Julia Vrapi Ikona \u201cSh\u00ebn M\u00ebhilli\u201d fundi i shekullit XVI, \u00ebsht\u00eb nj\u00eb vep\u00ebr q\u00eb i shp\u00ebtoi degradimit. Ikona \u201cSh\u00ebn M\u00ebhilli\u201d e shekullit XVI \u00ebsht\u00eb nj\u00eb ikon\u00eb e rrall\u00eb e Nikoll\u00ebs, birit t\u00eb Onufrit dhe puna me restaurimin e saj vijoi disa muaj. Kjo nd\u00ebrhyrje jo vet\u00ebm q\u00eb\u2026","rel":"","context":"In &quot;Histori&quot;","block_context":{"text":"Histori","link":"https:\/\/www.shqiperia.com\/blog\/category\/histori\/"},"img":{"alt_text":"","src":"https:\/\/i0.wp.com\/www.shqiperia.com\/blog\/wp-content\/uploads\/2025\/12\/ikonaaaa-shen-mehilli-faqe-19-1-Copy-1140x570-1.jpg?fit=1140%2C570&ssl=1&resize=350%2C200","width":350,"height":200,"srcset":"https:\/\/i0.wp.com\/www.shqiperia.com\/blog\/wp-content\/uploads\/2025\/12\/ikonaaaa-shen-mehilli-faqe-19-1-Copy-1140x570-1.jpg?fit=1140%2C570&ssl=1&resize=350%2C200 1x, https:\/\/i0.wp.com\/www.shqiperia.com\/blog\/wp-content\/uploads\/2025\/12\/ikonaaaa-shen-mehilli-faqe-19-1-Copy-1140x570-1.jpg?fit=1140%2C570&ssl=1&resize=525%2C300 1.5x, https:\/\/i0.wp.com\/www.shqiperia.com\/blog\/wp-content\/uploads\/2025\/12\/ikonaaaa-shen-mehilli-faqe-19-1-Copy-1140x570-1.jpg?fit=1140%2C570&ssl=1&resize=700%2C400 2x, https:\/\/i0.wp.com\/www.shqiperia.com\/blog\/wp-content\/uploads\/2025\/12\/ikonaaaa-shen-mehilli-faqe-19-1-Copy-1140x570-1.jpg?fit=1140%2C570&ssl=1&resize=1050%2C600 3x"},"classes":[]},{"id":35552,"url":"https:\/\/www.shqiperia.com\/blog\/nderhyrja-restauruese-ne-ikonen-shen-joan-pagezori-e-vitit-1835-foto-gjate-restaurimit\/","url_meta":{"origin":79094,"position":1},"title":"Nd\u00ebrhyrja restauruese ne ikonen \u201cSh\u00ebn Joan Pag\u00ebzori\u201d e Vitit 1835. Foto gjate restauimit.","author":"Kurt Farka","date":"June 9, 2020","format":false,"excerpt":"Nd\u00ebrhyrja restauruese ne ikonen \u201cSh\u00ebn Joan Pag\u00ebzori\u201d e Vitit 1835. Foto gjate restaurimit. P\u00ebrfundon nd\u00ebrhyrja restauruese e nj\u00eb tjet\u00ebr vepre n\u00eb koleksionin e Muzeut Onufri P\u00ebrfundoi restaurimi i ikon\u00ebs \u00a0\u00a0me autor Naum \u00c7etiri (i biri Joan \u00c7etirit). \u00a0 \u00a0 Ajo i shtohet ekspozimit ikonografik n\u00eb Muzeun Onufri pas nj\u00eb nd\u00ebrhyrje\u2026","rel":"","context":"In &quot;Arte&quot;","block_context":{"text":"Arte","link":"https:\/\/www.shqiperia.com\/blog\/category\/arte\/"},"img":{"alt_text":"","src":"https:\/\/i0.wp.com\/www.shqiperia.com\/blog\/wp-content\/uploads\/2020\/06\/01-%E2%80%9CSh%C3%ABn-Joan-Pag%C3%ABzori%E2%80%9D-e-Vitit-1835-autor-Naum-%C3%87etiri-5.jpg?fit=768%2C430&ssl=1&resize=350%2C200","width":350,"height":200,"srcset":"https:\/\/i0.wp.com\/www.shqiperia.com\/blog\/wp-content\/uploads\/2020\/06\/01-%E2%80%9CSh%C3%ABn-Joan-Pag%C3%ABzori%E2%80%9D-e-Vitit-1835-autor-Naum-%C3%87etiri-5.jpg?fit=768%2C430&ssl=1&resize=350%2C200 1x, https:\/\/i0.wp.com\/www.shqiperia.com\/blog\/wp-content\/uploads\/2020\/06\/01-%E2%80%9CSh%C3%ABn-Joan-Pag%C3%ABzori%E2%80%9D-e-Vitit-1835-autor-Naum-%C3%87etiri-5.jpg?fit=768%2C430&ssl=1&resize=525%2C300 1.5x, https:\/\/i0.wp.com\/www.shqiperia.com\/blog\/wp-content\/uploads\/2020\/06\/01-%E2%80%9CSh%C3%ABn-Joan-Pag%C3%ABzori%E2%80%9D-e-Vitit-1835-autor-Naum-%C3%87etiri-5.jpg?fit=768%2C430&ssl=1&resize=700%2C400 2x"},"classes":[]},{"id":84967,"url":"https:\/\/www.shqiperia.com\/blog\/ekspozohet-per-here-te-pare-ikona-pese-apostujt-ne-javen-evropiane-te-trashegimise\/","url_meta":{"origin":79094,"position":2},"title":"Ekspozohet p\u00ebr her\u00eb t\u00eb par\u00eb ikona \u201cPes\u00eb Apostujt\u201d n\u00eb Jav\u00ebn Evropiane t\u00eb Trash\u00ebgimis\u00eb","author":"Kurt Farka","date":"September 24, 2024","format":false,"excerpt":"24 Shtator 2024 Qendra Komb\u00ebtare e Muzeumeve Berat e nisi Jav\u00ebn Evropiane t\u00eb Trash\u00ebgimis\u00eb me ekspozimin p\u00ebr her\u00eb t\u00eb par\u00eb p\u00ebr publikun t\u00eb ikon\u00ebs \u201cPes\u00eb Apostujt\u201d, atribuar Onuf\u00ebr Qipriotit, shek. XVI. Prej dekadash ajo q\u00ebndronte n\u00eb fondin e Muzeut Ikonografik \u201cOnufri\u201d dhe pas nj\u00eb nd\u00ebrhyrjeje restauruese gjat\u00eb k\u00ebtij viti, nga\u2026","rel":"","context":"In &quot;Arte&quot;","block_context":{"text":"Arte","link":"https:\/\/www.shqiperia.com\/blog\/category\/arte\/"},"img":{"alt_text":"","src":"https:\/\/i0.wp.com\/www.shqiperia.com\/blog\/wp-content\/uploads\/2024\/09\/640-0-ikona-3-1727112873.jpg?fit=640%2C480&ssl=1&resize=350%2C200","width":350,"height":200,"srcset":"https:\/\/i0.wp.com\/www.shqiperia.com\/blog\/wp-content\/uploads\/2024\/09\/640-0-ikona-3-1727112873.jpg?fit=640%2C480&ssl=1&resize=350%2C200 1x, https:\/\/i0.wp.com\/www.shqiperia.com\/blog\/wp-content\/uploads\/2024\/09\/640-0-ikona-3-1727112873.jpg?fit=640%2C480&ssl=1&resize=525%2C300 1.5x"},"classes":[]},{"id":83872,"url":"https:\/\/www.shqiperia.com\/blog\/ne-artin-dhe-traditen-ikonografike-shqiptare-joan-pagezori-ka-nje-galeri-krijimesh\/","url_meta":{"origin":79094,"position":3},"title":"N\u00eb artin dhe tradit\u00ebn ikonografike shqiptare Joan Pag\u00ebzori ka nj\u00eb galeri krijimesh","author":"Kurt Farka","date":"August 31, 2024","format":false,"excerpt":"31 Gusht 2024 Muzeu \u201cOnufri\u201d n\u00eb Berat ka nj\u00eb koleksion t\u00eb pasur me objekte, q\u00eb her\u00eb pas here QKMB i sjell n\u00eb v\u00ebmendje. N\u00eb artin dhe tradit\u00ebn ikonografike n\u00eb vendin ton\u00eb Joan Pag\u00ebzori (Gjon Pag\u00ebzuesi) ka nj\u00eb galeri t\u00eb panum\u00ebrt krijimesh q\u00eb e paraqesin. Qendra Komb\u00ebtare e Muzeumeve Berat n\u00eb\u2026","rel":"","context":"In &quot;Arte&quot;","block_context":{"text":"Arte","link":"https:\/\/www.shqiperia.com\/blog\/category\/arte\/"},"img":{"alt_text":"","src":"https:\/\/i0.wp.com\/www.shqiperia.com\/blog\/wp-content\/uploads\/2024\/08\/ikona-berat-faqe-19-1-Copy.jpg?fit=1200%2C701&ssl=1&resize=350%2C200","width":350,"height":200,"srcset":"https:\/\/i0.wp.com\/www.shqiperia.com\/blog\/wp-content\/uploads\/2024\/08\/ikona-berat-faqe-19-1-Copy.jpg?fit=1200%2C701&ssl=1&resize=350%2C200 1x, https:\/\/i0.wp.com\/www.shqiperia.com\/blog\/wp-content\/uploads\/2024\/08\/ikona-berat-faqe-19-1-Copy.jpg?fit=1200%2C701&ssl=1&resize=525%2C300 1.5x, https:\/\/i0.wp.com\/www.shqiperia.com\/blog\/wp-content\/uploads\/2024\/08\/ikona-berat-faqe-19-1-Copy.jpg?fit=1200%2C701&ssl=1&resize=700%2C400 2x, https:\/\/i0.wp.com\/www.shqiperia.com\/blog\/wp-content\/uploads\/2024\/08\/ikona-berat-faqe-19-1-Copy.jpg?fit=1200%2C701&ssl=1&resize=1050%2C600 3x"},"classes":[]},{"id":36968,"url":"https:\/\/www.shqiperia.com\/blog\/muzete-e-beratit-ne-vemendjen-e-vizitoreve-vendas-dhe-te-huaj\/","url_meta":{"origin":79094,"position":4},"title":"Muzet\u00eb e Beratit, n\u00eb v\u00ebmendjen e vizitor\u00ebve vendas dhe t\u00eb huaj","author":"Kurt Farka","date":"August 8, 2020","format":false,"excerpt":"Muzet\u00eb e Beratit, n\u00eb v\u00ebmendjen e vizitor\u00ebve vendas dhe t\u00eb huaj 7 GUSHT 2020 Muzet\u00eb n\u00eb qytetin e Beratit vazhdojn\u00eb t\u00eb jen\u00eb n\u00eb v\u00ebmendjen e vizitor\u00ebve. Qendra Komb\u00ebtare e Muzeumeve, Berat, shprehet se dhe pse nj\u00eb i nxeht\u00eb vere vizitor\u00ebt nuk kan\u00eb munguar p\u00ebr t\u00eb par\u00eb pasurin\u00eb, q\u00eb kan\u00eb dy\u2026","rel":"","context":"In &quot;Histori&quot;","block_context":{"text":"Histori","link":"https:\/\/www.shqiperia.com\/blog\/category\/histori\/"},"img":{"alt_text":"","src":"https:\/\/i0.wp.com\/www.shqiperia.com\/blog\/wp-content\/uploads\/2020\/08\/images.jpg?resize=350%2C200&ssl=1","width":350,"height":200,"srcset":"https:\/\/i0.wp.com\/www.shqiperia.com\/blog\/wp-content\/uploads\/2020\/08\/images.jpg?resize=350%2C200&ssl=1 1x, https:\/\/i0.wp.com\/www.shqiperia.com\/blog\/wp-content\/uploads\/2020\/08\/images.jpg?resize=525%2C300&ssl=1 1.5x"},"classes":[]},{"id":80416,"url":"https:\/\/www.shqiperia.com\/blog\/ne-ar-e-argjend-kapaket-e-arte-te-ungjillit-qe-ruhen-ne-muzeun-ikonografik-onufri-berat\/","url_meta":{"origin":79094,"position":5},"title":"N\u00eb ar e argjend &#8211; Kapak\u00ebt e art\u00eb t\u00eb ungjillit q\u00eb ruhen n\u00eb Muzeun Ikonografik \u201cOnufri\u201d Berat.","author":"Kurt Farka","date":"April 25, 2024","format":false,"excerpt":"25 Prill 2024 Qendra Komb\u00ebtare e Muzeumeve Berat publikoi n\u00eb rrjetet sociale nj\u00eb prej objekteve m\u00eb me vler\u00eb q\u00eb ruhen nga Muzeu Ikonografik \u201cOnufri\u201d. B\u00ebhet fjal\u00eb p\u00ebr kapak\u00ebt e ungjillit t\u00eb realizuar me mjesht\u00ebri n\u00eb ar e argjend dhe q\u00eb jan\u00eb t\u00eb ekspozuar n\u00eb nj\u00eb nga stendat e Muzeut Ikonografik.\u2026","rel":"","context":"In &quot;Arte&quot;","block_context":{"text":"Arte","link":"https:\/\/www.shqiperia.com\/blog\/category\/arte\/"},"img":{"alt_text":"","src":"https:\/\/i0.wp.com\/www.shqiperia.com\/blog\/wp-content\/uploads\/2024\/04\/640-0-ikon-1714034739.jpg?fit=640%2C427&ssl=1&resize=350%2C200","width":350,"height":200,"srcset":"https:\/\/i0.wp.com\/www.shqiperia.com\/blog\/wp-content\/uploads\/2024\/04\/640-0-ikon-1714034739.jpg?fit=640%2C427&ssl=1&resize=350%2C200 1x, https:\/\/i0.wp.com\/www.shqiperia.com\/blog\/wp-content\/uploads\/2024\/04\/640-0-ikon-1714034739.jpg?fit=640%2C427&ssl=1&resize=525%2C300 1.5x"},"classes":[]}],"_links":{"self":[{"href":"https:\/\/www.shqiperia.com\/blog\/wp-json\/wp\/v2\/posts\/79094","targetHints":{"allow":["GET"]}}],"collection":[{"href":"https:\/\/www.shqiperia.com\/blog\/wp-json\/wp\/v2\/posts"}],"about":[{"href":"https:\/\/www.shqiperia.com\/blog\/wp-json\/wp\/v2\/types\/post"}],"author":[{"embeddable":true,"href":"https:\/\/www.shqiperia.com\/blog\/wp-json\/wp\/v2\/users\/9"}],"replies":[{"embeddable":true,"href":"https:\/\/www.shqiperia.com\/blog\/wp-json\/wp\/v2\/comments?post=79094"}],"version-history":[{"count":3,"href":"https:\/\/www.shqiperia.com\/blog\/wp-json\/wp\/v2\/posts\/79094\/revisions"}],"predecessor-version":[{"id":79100,"href":"https:\/\/www.shqiperia.com\/blog\/wp-json\/wp\/v2\/posts\/79094\/revisions\/79100"}],"wp:featuredmedia":[{"embeddable":true,"href":"https:\/\/www.shqiperia.com\/blog\/wp-json\/wp\/v2\/media\/79098"}],"wp:attachment":[{"href":"https:\/\/www.shqiperia.com\/blog\/wp-json\/wp\/v2\/media?parent=79094"}],"wp:term":[{"taxonomy":"category","embeddable":true,"href":"https:\/\/www.shqiperia.com\/blog\/wp-json\/wp\/v2\/categories?post=79094"},{"taxonomy":"post_tag","embeddable":true,"href":"https:\/\/www.shqiperia.com\/blog\/wp-json\/wp\/v2\/tags?post=79094"}],"curies":[{"name":"wp","href":"https:\/\/api.w.org\/{rel}","templated":true}]}}