{"id":79090,"date":"2024-03-09T19:18:35","date_gmt":"2024-03-09T19:18:35","guid":{"rendered":"https:\/\/www.shqiperia.com\/blog\/?p=79090"},"modified":"2024-03-09T19:18:35","modified_gmt":"2024-03-09T19:18:35","slug":"ligji-i-zonave-te-mbrojtura-tabaku-i-pergjigjet-rames-dhe-shperthen-ne-akuza-kryeministri-ideator-i-korrupsionit-toksik","status":"publish","type":"post","link":"https:\/\/www.shqiperia.com\/blog\/ligji-i-zonave-te-mbrojtura-tabaku-i-pergjigjet-rames-dhe-shperthen-ne-akuza-kryeministri-ideator-i-korrupsionit-toksik\/","title":{"rendered":"Ligji i Zonave t\u00eb Mbrojtura, Tabaku i p\u00ebrgjigjet Ram\u00ebs dhe shp\u00ebrthen n\u00eb akuza: &#8211; Kryeministri, ideator i korrupsionit toksik"},"content":{"rendered":"<p><img data-recalc-dims=\"1\" loading=\"lazy\" decoding=\"async\" data-attachment-id=\"79091\" data-permalink=\"https:\/\/www.shqiperia.com\/blog\/ligji-i-zonave-te-mbrojtura-tabaku-i-pergjigjet-rames-dhe-shperthen-ne-akuza-kryeministri-ideator-i-korrupsionit-toksik\/900-0-1704782914xrama-ulsiugdsgs-321-860x607\/\" data-orig-file=\"https:\/\/i0.wp.com\/www.shqiperia.com\/blog\/wp-content\/uploads\/2024\/03\/900-0-1704782914xrama-ulsiugdsgs-321-860x607-1.jpg?fit=725%2C479&amp;ssl=1\" data-orig-size=\"725,479\" data-comments-opened=\"1\" data-image-meta=\"{&quot;aperture&quot;:&quot;0&quot;,&quot;credit&quot;:&quot;&quot;,&quot;camera&quot;:&quot;&quot;,&quot;caption&quot;:&quot;&quot;,&quot;created_timestamp&quot;:&quot;0&quot;,&quot;copyright&quot;:&quot;&quot;,&quot;focal_length&quot;:&quot;0&quot;,&quot;iso&quot;:&quot;0&quot;,&quot;shutter_speed&quot;:&quot;0&quot;,&quot;title&quot;:&quot;&quot;,&quot;orientation&quot;:&quot;0&quot;}\" data-image-title=\"900-0-1704782914xrama-ulsiugdsgs-321-860&#215;607\" data-image-description=\"\" data-image-caption=\"\" data-medium-file=\"https:\/\/i0.wp.com\/www.shqiperia.com\/blog\/wp-content\/uploads\/2024\/03\/900-0-1704782914xrama-ulsiugdsgs-321-860x607-1.jpg?fit=300%2C198&amp;ssl=1\" data-large-file=\"https:\/\/i0.wp.com\/www.shqiperia.com\/blog\/wp-content\/uploads\/2024\/03\/900-0-1704782914xrama-ulsiugdsgs-321-860x607-1.jpg?fit=725%2C479&amp;ssl=1\" class=\"alignnone  wp-image-79091\" alt=\"\" src=\"https:\/\/i0.wp.com\/www.shqiperia.com\/blog\/wp-content\/uploads\/2024\/03\/900-0-1704782914xrama-ulsiugdsgs-321-860x607-1.jpg?resize=711%2C469&#038;ssl=1\" width=\"711\" height=\"469\" srcset=\"https:\/\/i0.wp.com\/www.shqiperia.com\/blog\/wp-content\/uploads\/2024\/03\/900-0-1704782914xrama-ulsiugdsgs-321-860x607-1.jpg?resize=300%2C198&amp;ssl=1 300w, https:\/\/i0.wp.com\/www.shqiperia.com\/blog\/wp-content\/uploads\/2024\/03\/900-0-1704782914xrama-ulsiugdsgs-321-860x607-1.jpg?resize=450%2C297&amp;ssl=1 450w, https:\/\/i0.wp.com\/www.shqiperia.com\/blog\/wp-content\/uploads\/2024\/03\/900-0-1704782914xrama-ulsiugdsgs-321-860x607-1.jpg?resize=600%2C396&amp;ssl=1 600w, https:\/\/i0.wp.com\/www.shqiperia.com\/blog\/wp-content\/uploads\/2024\/03\/900-0-1704782914xrama-ulsiugdsgs-321-860x607-1.jpg?resize=400%2C264&amp;ssl=1 400w, https:\/\/i0.wp.com\/www.shqiperia.com\/blog\/wp-content\/uploads\/2024\/03\/900-0-1704782914xrama-ulsiugdsgs-321-860x607-1.jpg?w=725&amp;ssl=1 725w\" sizes=\"auto, (max-width: 711px) 100vw, 711px\" \/><\/p>\n<p>9 Mars 2024<\/p>\n<p>Deputetja demokrate Jorida Tabaku i \u00ebsht\u00eb p\u00ebrgjigjur kryeministri Edi Rama n\u00eb lidhje me komentet q\u00eb b\u00ebri ky i fundit n\u00eb lidhje me ligjin e Zonave t\u00eb Mbrojtura.<\/p>\n<p>Kryeministri q\u00eb pretendon se pastron ambientin, shprehet Tabaku, n\u00eb t\u00eb v\u00ebrtet\u00eb \u00ebsht\u00eb ideatori korrupsionit toksik q\u00eb rrudh, d\u00ebmton dhe shkat\u00ebrron Shqip\u00ebrin\u00eb.<\/p>\n<p>\u201cShteti kapur nuk ik\u00ebn me ministra me fshes\u00eb n\u00eb dor\u00eb dhe kamerat ndezur p\u00ebr t\u2019i filmuar, por me vizionin e nj\u00eb qeverie p\u00ebr shqiptar\u00ebt jo oligark\u00ebt!\u201d, shkruan nd\u00ebr t\u00eb tjera ajo n\u00eb X.<\/p>\n<p>Ligji Zonave t\u00eb Mbrojtura \u00ebsht\u00eb po aq korruptiv sa incenerator\u00ebt! N\u00eb t\u00eb dy rastet KM pretendon se pastron ambientin kur n\u00eb t\u00eb v\u00ebrtet\u00eb \u00ebsht\u00eb ideatori korrupsionit toksik q\u00eb rrudh, d\u00ebmton &amp; shkat\u00ebrron Shqip\u00ebrin\u00eb. Shteti kapur nuk ik\u00ebn me ministra me fshes\u00eb n\u00eb dor\u00eb dhe kamerat ndezur p\u00ebr t\u2019i filmuar, por me vizionin e nj\u00eb qeverie p\u00ebr shqiptar\u00ebt jo oligark\u00ebt!<\/p>\n<p><strong>Pyetje<\/strong>: Ekspert\u00ebt deklarojn\u00eb q\u00eb ky mund t\u00eb zhduk\u00eb totalisht zonat e mbrojtura apo t\u2019i zvog\u00ebloj\u00eb. Duke qen\u00eb se n\u00eb Shkod\u00ebr kemi nj\u00eb sasi t\u00eb konsiderueshme t\u00eb zonave t\u00eb mbrojtura dhe me r\u00ebnd\u00ebsi p\u00ebr turizmin, a ka nj\u00eb garanci q\u00eb nj\u00eb gj\u00eb e till\u00eb nuk do t\u00eb ndodh\u00eb, ju si Kryeminist\u00ebr i vendit?<\/p>\n<p><strong>\u00a0Rama:<\/strong><span>\u00a0<\/span>Ok. Kishte nj\u00eb kontradikt\u00eb q\u00eb \u00ebsht\u00eb n\u00eb fakt shprehje e faktit q\u00eb k\u00ebtu nuk jemi n\u00eb kushtet e rritjes s\u00eb papun\u00ebsis\u00eb. K\u00ebtu jemi n\u00eb kushtet e rritjes s\u00eb k\u00ebrkes\u00ebs p\u00ebr punonj\u00ebs. Po jo pra, nuk \u00ebsht\u00eb rritje e papun\u00ebsis\u00eb kjo, kjo \u00ebsht\u00eb rritje e vendeve t\u00eb pun\u00ebs dhe nevoj\u00ebs p\u00ebr t\u00eb pasur punonj\u00ebs, t\u00eb kualifikuar.<\/p>\n<p>Tani, s\u00eb pari nj\u00eb her\u00eb, se kjo historia e bot\u00ebs s\u00eb tret\u00eb \u00ebsht\u00eb b\u00ebr\u00eb pak si qesharake, duhet t\u00eb kemi parasysh, q\u00eb po, ne kemi nj\u00eb problem me largimet brenda vendit flas, edhe nga fshati, po n\u00ebse shikoni sot p\u00ebrqindjen q\u00eb z\u00eb bujq\u00ebsia n\u00eb ekonomin\u00eb ton\u00eb dhe p\u00ebrqindjen q\u00eb z\u00ebn\u00eb t\u00eb pun\u00ebsuarit n\u00eb bujq\u00ebsi q\u00eb t\u00eb gjith\u00eb pasqyrat tona t\u00eb pun\u00ebsimit, ne jemi \u2013 dhe kjo nuk \u00ebsht\u00eb pozitive, s\u2019po e them p\u00ebr pozitive, \u2013 por ne jemi me diferenc\u00eb nga rajoni jon\u00eb. Pra, largimi drejt qytetit, drejt qendrave \u00ebsht\u00eb nj\u00eb fenomen i pandalsh\u00ebm n\u00eb vendet q\u00eb zhvillohen dhe nga ana tjet\u00ebr, nevoja, pretendimi, pritshm\u00ebria e m\u00eb t\u00eb rinjve p\u00ebr t\u00eb patur, jo thjesht nj\u00eb pun\u00eb, por nj\u00eb pun\u00eb t\u00eb mir\u00ebpaguar, \u00ebsht\u00eb gjithmon\u00eb e m\u00eb arsyeja \u00a0pse nj\u00eb s\u00ebr\u00eb pun\u00ebsh, tw cilat nuk mund t\u00eb mir\u00ebpaguhen, ashtu si\u00e7 k\u00ebrkojn\u00eb ata t\u00eb cil\u00ebt nuk pranojn\u00eb t\u00eb punojn\u00eb, \u2013 b\u00ebhen me krah\u00eb pune t\u00eb importuar. N\u00ebse do t\u00eb shikoni planet e vendeve t\u00eb zhvilluara si Italia, Gjermania, po ju marr k\u00ebto q\u00eb t\u00eb mos shkoj tek t\u00eb tjerat, dhe n\u00ebse do t\u00eb shikoni rradh\u00ebn e shteteve europiane n\u00eb der\u00ebn e agjensis\u00eb s\u00eb pun\u00ebsimit n\u00eb Filipine, \u00ebsht\u00eb nj\u00eb radh\u00eb lufte. \u00cbsht\u00eb luft\u00eb.<\/p>\n<p>Dometh\u00ebn\u00eb Europa \u00ebsht\u00eb futur n\u00eb nj\u00eb faz\u00eb lufte p\u00ebr krah pune dhe \u00ebsht\u00eb realisht rradh\u00eb sepse ata ta thon\u00eb, q\u00eb p\u00ebrpara se t\u00eb shqyrtojm\u00eb k\u00ebrkes\u00ebn tuaj, kemi 30 e x shtete q\u00eb jan\u00eb n\u00eb radh\u00eb p\u00ebr t\u00eb shqyrtuar dhe shtete q\u00eb shkojn\u00eb k\u00ebrkojn\u00eb 100 mij\u00eb, 120 mij\u00eb, 200 mij\u00eb punonj\u00ebs. E nj\u00ebjta gj\u00eb n\u00eb vendet e Afrik\u00ebs. Pse i them k\u00ebto? I them sepse e para, ne kemi nj\u00eb industri manifakture q\u00eb \u00ebsht\u00eb edhe k\u00ebtu n\u00eb Shkod\u00ebr, e cila duhet t\u00eb hyj\u00eb n\u00eb nj\u00eb cik\u00ebl t\u00eb ri, sepse nuk ka m\u00eb sot vajza t\u00eb reja q\u00eb kan\u00eb gatishm\u00ebrin\u00eb t\u00eb b\u00ebjn\u00eb pun\u00ebn q\u00eb b\u00ebnin kur ishin t\u00eb reja \u00a0ato gra, q\u00eb sot jan\u00eb n\u00eb mosh\u00eb p\u00ebr t\u00eb dal\u00eb n\u00eb pension dhe q\u00eb kan\u00eb kaluar 20 vjet, 30 vjet mbi nj\u00eb makin\u00eb qep\u00ebse p\u00ebr t\u00eb ushqyer familjen e tyre n\u00eb nj\u00eb periudh\u00eb t\u00eb caktuar t\u00eb k\u00ebsaj historie, me paga minimale. Dhe kjo do t\u00eb thot\u00eb q\u00eb manifaktura duhet t\u00eb ndryshoj\u00eb dhe p\u00ebr k\u00ebt\u00eb ne kemi edhe paket\u00ebn e re t\u00eb mb\u00ebshtetjes p\u00ebr manifakturat dhe p\u00ebr t\u00eb gjitha kompanit\u00eb q\u00eb duan t\u00eb hyjn\u00eb n\u00eb nj\u00eb cik\u00ebl t\u00eb mbyllur dhe q\u00eb t\u00eb prodhojn\u00eb me nj\u00eb vler\u00eb q\u00eb iu lejon t\u00eb paguajn\u00eb paga m\u00eb t\u00eb larta.<\/p>\n<p>P\u00ebr sa i p\u00ebrket shkollave, kemi diskutuar me kryetar\u00ebt e bashkive p\u00ebr t\u00eb kaluar n\u00eb faz\u00eb tjet\u00ebr t\u00eb krijimin t\u00eb kushteve q\u00eb t\u00eb kemi shkolla t\u00eb p\u00ebrqendruara, q\u00eb t\u00eb jen\u00eb dhe me konvikte. Po punojm\u00eb me 5 konvikte t\u00eb shkollave profesionale p\u00ebr t\u2019i b\u00ebr\u00eb me standardet m\u00eb t\u00eb mira n\u00eb disa bashki t\u00eb vendit. Do t\u00eb vazhdojm\u00eb me t\u00eb tjera. Kam par\u00eb konviktin e shkoll\u00ebs profesionale jo publike n\u00eb Rr\u00ebshen, q\u00eb \u00ebsht\u00eb nj\u00eb iniciativ\u00eb e kish\u00ebs por q\u00eb \u00ebsht\u00eb nj\u00eb gj\u00eb fantastike p\u00ebr nga pik\u00ebpamja e pasionit dhe nga pik\u00ebpamja e m\u00ebnyr\u00ebs sesi \u00ebsht\u00eb menaxhuar. Por kan\u00eb nj\u00eb konvikt q\u00eb duhet patjet\u00ebr nd\u00ebrhyrje dhe ne do t\u2019i ndihmojm\u00eb, do gjejm\u00eb, po punojm\u00eb q\u00eb t\u00eb gjejm\u00eb formul\u00ebn e duhur sepse nuk jan\u00eb shkoll\u00eb publike, por nuk ka r\u00ebnd\u00ebsi.<\/p>\n<p>Ashtu sikund\u00ebr nga ana tjet\u00ebr \u00ebsht\u00eb dhe shkolla publike profesionale q\u00eb edhe ajo ka nevoj\u00eb q\u00eb t\u00eb ket\u00eb nj\u00eb konvikt si\u00e7 duhet, k\u00ebshtu q\u00eb n\u00eb k\u00ebto drejtime k\u00ebto jan\u00eb pun\u00ebt q\u00eb po b\u00ebjm\u00eb, por t\u00eb jemi shum\u00eb t\u00eb qart\u00eb q\u00eb ne jemi n\u00eb nj\u00eb faz\u00eb t\u00eb re zhvillimi dhe k\u00ebtu k\u00ebrkesa p\u00ebr pun\u00ebsim, p\u00ebr pun\u00ebtore, k\u00ebrkesa p\u00ebr njer\u00ebz t\u00eb kualifikuar vet\u00ebm do rritet sepse turizmi tanim\u00eb ka hyr\u00eb n\u00eb nj\u00eb faz\u00eb shp\u00ebrthimi dhe kjo do t\u00eb thot\u00eb shum\u00eb m\u00eb tep\u00ebr mund\u00ebsi p\u00ebr pun\u00ebsim, patjet\u00ebr do ket\u00eb dhe paga m\u00eb t\u00eb larta, nuk diskutohet dhe na duhen njer\u00ebz q\u00eb jan\u00eb t\u00eb gatsh\u00ebm t\u00eb punojn\u00eb. Ashtu sikund\u00ebr un\u00eb besoj shum\u00eb q\u00eb ne kemi hyr\u00eb n\u00eb nj\u00eb faz\u00eb q\u00eb tani mund ta shikojm\u00eb, jo shpejt\u00eb, mund ta shikojm\u00eb n\u00eb horizont edhe momentin kur shqiptar\u00ebt q\u00eb do ikin o jen\u00eb m\u00eb pak se ato q\u00eb do kthehen. Por q\u00eb shqiptar\u00eb q\u00eb largohen, kthehen, largohen prap\u00eb me k\u00ebt\u00eb duhet t\u00eb m\u00ebsohemi t\u00eb gjith\u00eb se nuk jetojm\u00eb m\u00eb n\u00eb bunker. \u00cbsht\u00eb nj\u00eb bot\u00eb e hapur, shqiptar\u00ebt jan\u00eb shum\u00eb, kjo \u00ebsht\u00eb tani me prov\u00eb, nga \u00e7far\u00eb i kemi par\u00eb si jan\u00eb zhvilluar, si jan\u00eb adaptuar, si kan\u00eb ecur n\u00eb gjith\u00eb bot\u00ebn jan\u00eb qenie q\u00eb jan\u00eb qenie kurajoze, jan\u00eb qenie dinamike, jan\u00eb qenie q\u00eb duan t\u00eb shohin lart\u00eb e m\u00eb lart\u00eb. K\u00ebshtu q\u00eb, t\u00eb gjitha k\u00ebto duhet t\u00eb na b\u00ebjn\u00eb t\u00eb kuptojm\u00eb q\u00eb kjo nuk \u00ebsht\u00eb nj\u00eb \u00e7\u00ebshtje, me k\u00ebt\u00eb mund t\u00eb b\u00ebhet politik\u00eb, dakord, ,por nuk e ha njeri k\u00ebt\u00eb sepse kjo s\u2019\u00ebsht\u00eb nj\u00eb \u00e7\u00ebshtje qeverie. Si do i ndaloni ju t\u00eb ikin? Ne nuk jemi k\u00ebtu p\u00ebr t\u00eb ndaluar njeri t\u00eb iki, ne jemi k\u00ebtu p\u00ebr t\u00eb krijuar kushte gjithmon\u00eb e m\u00eb t\u00eb favorshme dhe mund\u00ebsi gjithmon\u00eb e m\u00eb t\u00eb shumta q\u00eb kush d\u00ebshiron t\u00eb rrij\u00eb, t\u00eb rrij\u00eb dhe kush d\u00ebshiron t\u00eb vij\u00eb, t\u00eb vij\u00eb, por dikush q\u00eb do t\u00eb provoj\u00eb jet\u00ebn e vet diku tjet\u00ebr si do ta ndalojm\u00eb t\u00eb iki?<\/p>\n<p>P\u00ebr zonat e mbrojtura, kjo \u00ebsht\u00eb nj\u00eb tem\u00eb q\u00eb un\u00eb e kam shum\u00eb p\u00ebr zem\u00ebr dhe nj\u00ebkoh\u00ebsisht \u00ebsht\u00eb nj\u00eb tem\u00eb q\u00eb m\u00eb b\u00ebn edhe t\u00eb dua t\u00eb qesh shum\u00eb se \u00e7far\u00eb \u00ebsht\u00eb b\u00ebr\u00eb n\u00eb Shqip\u00ebri n\u00eb k\u00ebto 10 vite p\u00ebr t\u00eb mbrojtur natyr\u00ebn, \u00e7far\u00eb \u00ebsht\u00eb b\u00ebr\u00eb n\u00eb Shqip\u00ebri k\u00ebto 10 vite p\u00ebr t\u00eb rikthyer n\u00eb jet\u00eb monumente t\u00eb trash\u00ebgimis\u00eb kulturore, \u00e7far\u00eb \u00ebsht\u00eb b\u00ebr\u00eb n\u00eb Shqip\u00ebri n\u00eb k\u00ebto 10 vite p\u00ebr t\u2019i pastruar Shqip\u00ebris\u00eb fytyr\u00ebn e mbuluar nga balta dhe nga llumi, b\u00ebn q\u00eb un\u00eb t\u00eb them se askush nuk ka, t\u00eb gjith\u00eb kan\u00eb goj\u00eb t\u00eb flasin se t\u00eb gjith\u00eb jan\u00eb t\u00eb lir\u00eb t\u00eb flasin, por askush nuk ka goj\u00eb q\u00eb t\u00eb na jap\u00eb neve leksione. Nuk na b\u00ebn dot ne leksion askush, p\u00ebr \u00e7\u00ebshtjen e qasjes ndaj mjedisit, ndaj trash\u00ebgimis\u00eb kulturore, ndaj t\u00eb bukur\u00ebs, ndaj shijes europiane dhe ndaj pastrimit t\u00eb fytyr\u00ebs s\u00eb Shqip\u00ebris\u00eb n\u00eb \u00e7do aspekt. Ne kemi v\u00ebn\u00eb n\u00eb mbrojtje, zona t\u00eb t\u00ebra i kemi v\u00ebn\u00eb ne n\u00eb mbrojtje. Tani \u00e7\u00ebshtja \u00ebsht\u00eb shum\u00eb e thjesht\u00eb. Ne jemi p\u00ebrpara nj\u00eb sfide q\u00eb \u00ebsht\u00eb sfida e shekullit p\u00ebr nga pik\u00ebpamja e politik\u00ebs q\u00eb do t\u00eb b\u00ebj\u00eb Shqip\u00ebria, q\u00eb \u00ebsht\u00eb \u00e7far\u00eb duam ne, \u00e7far\u00eb presim ne dhe \u00e7far\u00eb do t\u00eb b\u00ebjm\u00eb ne me turizmin?<\/p>\n<p>Numri i madh i turist\u00ebve dhe kjo rritje marramend\u00ebse e turist\u00ebve \u00ebsht\u00eb shum\u00eb e mir\u00eb nga nj\u00ebra an\u00eb dhe \u00ebsht\u00eb shum\u00eb e rrezikshme nga ana tjet\u00ebr.<\/p>\n<p>Dhe k\u00ebt\u00eb e tregon historia e shum\u00eb vendeve q\u00eb kan\u00eb kaluar n\u00eb ato faza. Vendet q\u00eb kan\u00eb kuptuar q\u00eb duhet t\u00eb mos synojn\u00eb thjesht\u00eb rritjen e numrave, por t\u00eb synojn\u00eb edhe rritjen e t\u00eb ardhurave nga numrat, pra nuk mjafton vet\u00ebm sa turist\u00eb sjell, por sa sjell \u00e7do turist, kan\u00eb investuar me nj\u00eb shpejt\u00ebsi t\u00eb arsyeshme, por me shpejt\u00ebsi, tek cil\u00ebsia e lart\u00eb, tek infrastruktura e mikpritjes q\u00eb sjell turist\u00eb q\u00eb konsumojn\u00eb shum\u00eb. Jo thjesht\u00eb turist\u00eb me \u00e7ant\u00eb me vete q\u00eb jan\u00eb shum\u00eb t\u00eb mir\u00ebseardhur dhe ata q\u00eb vijn\u00eb me \u00e7ant\u00eb me vete jan\u00eb dhe ekologjist\u00eb dhe ata s\u2019jan\u00eb problemi. Problemi jan\u00eb ata q\u00eb turren n\u00ebp\u00ebr plazhe dhe nuk sjellin shum\u00eb t\u00eb ardhura dhe p\u00ebr k\u00ebt\u00eb duhet t\u00eb kuptojm\u00eb. Ne nuk kemi nj\u00eb mund\u00ebsi t\u00eb pafundme, s\u2019jemi Kina, jemi nj\u00eb vend i vog\u00ebl dhe eksperiencat e k\u00ebtyre vendeve q\u00eb thash\u00eb kan\u00eb treguar q\u00eb balanca mes mbrojtjes dhe zhvillimit, n\u00ebse \u00ebsht\u00eb e duhura \u00ebsht\u00eb sukses.<\/p>\n<p>Shikoja diku nj\u00eb reportazh p\u00ebr nj\u00eb pik\u00eb n\u00eb jug ku \u00ebsht\u00eb dh\u00ebn\u00eb nj\u00eb leje nd\u00ebrtimi p\u00ebr nj\u00eb destinacion turistik. Natyrisht n\u00ebqoft\u00ebse ti shkon dhe filmon nj\u00eb grop\u00eb ku po nd\u00ebrtohet, duket nj\u00eb plag\u00eb, por n\u00ebse shikon se \u00e7far\u00eb do nd\u00ebrtohet at\u00ebher\u00eb \u00ebsht\u00eb e nj\u00ebjta gj\u00eb si me stadiumin n\u00eb Tiran\u00eb. Si me \u00e7do gj\u00eb t\u00eb bukur q\u00eb nd\u00ebrtohet. K\u00ebshtu q\u00eb, n\u00eb k\u00ebt\u00eb pik\u00eb meraku im nuk \u00ebsht\u00eb fare se a dim\u00eb ne ta administrojm\u00eb k\u00ebt\u00eb proces, a dim\u00eb ne ta mbajm\u00eb k\u00ebt\u00eb ekuilib\u00ebr. I vetmi merak q\u00eb kam un\u00eb \u00ebsht\u00eb q\u00eb sa do arrijm\u00eb ne t\u00eb krijojm\u00eb nj\u00eb profil institucional t\u00eb Shqip\u00ebris\u00eb n\u00eb raport dhe me k\u00ebt\u00eb dhe me t\u00eb gjitha gj\u00ebrat e tjera. Se Shqip\u00ebria q\u00eb sot \u00ebsht\u00eb n\u00eb pozicionin m\u00eb t\u00eb mir\u00eb q\u00eb ka qen\u00eb ndonj\u00ebher\u00eb, kjo nuk diskutohet n\u00eb aspektin\u00a0 nd\u00ebrkomb\u00ebtar, por kjo duhet t\u00eb kthehet n\u00eb profil. Kjo nuk duhet t\u00eb jet\u00eb \u00e7\u00ebshtja e nj\u00eb qeverie apo e nj\u00eb kryeministri dhe k\u00ebshtu duhet t\u00eb kthehen n\u00eb profil institucional disa nga drejtimet kryesore. N\u00eb k\u00ebt\u00eb aspekt kjo \u00ebsht\u00eb arsyeja pse un\u00eb e konsideroj t\u00eb pa mbyllur ciklin ton\u00eb t\u00eb qeverisjes dhe pse un\u00eb konsideroj q\u00eb ne duhet t\u00eb b\u00ebjm\u00eb \u00e7mos q\u00eb t\u00eb garantojm\u00eb k\u00ebt\u00eb progres sepse \u00ebsht\u00eb nj\u00eb progres q\u00eb nuk \u00ebsht\u00eb i pakthyesh\u00ebm. N\u00ebse rruga e nisur shtremb\u00ebrohet dhe nuk jemi ne q\u00eb e shtremb\u00ebrojm\u00eb rrug\u00ebn e nisur. Jemi ne q\u00eb e kemi hapur dhe ne q\u00eb dim\u00eb ta \u00e7ojm\u00eb p\u00ebrpara. K\u00ebshtu q\u00eb nuk shoh asnj\u00eb problem dhe un\u00eb jam i bindur dhe mbi t\u00eb gjitha ajo q\u00eb ne kemi b\u00ebr\u00eb \u00ebsht\u00eb q\u00eb kemi krijuar nj\u00eb fleksibilitet pasi mbulimi me mbrojtje i zonave ka shkall\u00eb t\u00eb ndryshme dhe sigurisht q\u00eb do ket\u00eb plot zona t\u00eb kuqe, t\u00eb paprekshme, por ka zona ku ti mund t\u00eb zhvillosh dhe kjo \u00ebsht\u00eb b\u00ebr\u00eb vet\u00ebm p\u00ebr turizmin dhe agroturizmin, p\u00ebr asgj\u00eb tjet\u00ebr, n\u00eb m\u00ebnyr\u00eb t\u00eb arsyeshme.<\/p>\n<p>Ne kemi b\u00ebr\u00eb lumin e Vjos\u00ebs Park Komb\u00ebtar. Park Komb\u00ebtar q\u00eb kalon n\u00eb gjith\u00eb vendin nga nj\u00eb an\u00eb, n\u00eb an\u00ebn tjet\u00ebr dhe q\u00eb ka brenda qytete, fshatra. Tani k\u00ebta njer\u00ebz, kan\u00eb t\u00eb drejt\u00eb k\u00ebta q\u00eb t\u00eb zhvillojn\u00eb gj\u00eb aty? Sigurisht q\u00eb kan\u00eb, \u00ebsht\u00eb atdheu i tyre, \u00ebsht\u00eb toka e tyre, por \u00e7far\u00eb mund t\u00eb zhvillojn\u00eb \u00ebsht\u00eb tem\u00eb tjet\u00ebr. Parku komb\u00ebtar \u00ebsht\u00eb park komb\u00ebtar dhe k\u00ebt\u00eb gj\u00eb e kam th\u00ebn\u00eb edhe p\u00ebrpara se t\u00eb b\u00ebnim ndryshimet ligjore, nuk \u00ebsht\u00eb se kemi b\u00ebr\u00eb ndryshimet ligjore q\u00eb t\u00eb fillojm\u00eb t\u00eb nd\u00ebrtojm\u00eb pallate n\u00eb Parkun Komb\u00ebtar, por po them, vlera t\u00eb shtuara sot jan\u00eb plot\u00ebsisht t\u00eb mundshme. Ka dhjet\u00ebra e dhjet\u00ebra sajte t\u00eb mbrojtura na UNESCO, n\u00eb t\u00eb cilat jan\u00eb nd\u00ebrtuar, flas n\u00ebp\u00ebr bot\u00eb, jan\u00eb nd\u00ebrtuar destinacione turistike t\u00eb klasik m\u00eb t\u00eb lart\u00eb, n\u00eb harmoni t\u00eb plot\u00eb me destinacionin. Vler\u00eb e shtuar! Kjo \u00ebsht\u00eb ajo q\u00eb ne synojm\u00eb e nuk ka lidhje fare me shkat\u00ebrrime, p\u00ebrkundrazi, ka lidhje vet\u00ebm me rivler\u00ebsime t\u00eb k\u00ebtyre destinacione dhe plus kjo do t\u00eb thot\u00eb dhe t\u00eb ardhura q\u00eb i krijojn\u00eb mund\u00ebsi shtetit, se nuk jan\u00eb gj\u00ebra q\u00eb do ndodhin sot, nes\u00ebr e pasnes\u00ebr. Flasim p\u00ebr 10, 15 vitet e ardhshme. I krijojn\u00eb mund\u00ebsi shtetit q\u00eb t\u00eb ket\u00eb m\u00eb shum\u00eb t\u00eb ardhura q\u00eb edhe t\u2019i mir\u00ebmbaj\u00eb ato parqe, ti mir\u00ebmbaj\u00eb ato zona t\u00eb cilat jan\u00eb n\u00eb kufijt\u00eb e atyre pikave ku mund t\u00eb b\u00ebhen zhvillime t\u00eb caktuara. K\u00ebshtu q\u00eb nuk shoh asnj\u00eb problem n\u00eb k\u00ebt\u00eb pik\u00eb, sigurisht q\u00eb frika apo shqet\u00ebsimi i atyre q\u00eb jan\u00eb shum\u00eb t\u00eb dh\u00ebn\u00eb pas natyr\u00ebs \u00ebsht\u00eb pozitive, sepse ndihmojn\u00eb gjat\u00eb gjith\u00eb koh\u00ebs q\u00eb t\u00eb jesh n\u00eb alert, por duke qen\u00eb vet\u00eb i dh\u00ebn\u00eb pas natyr\u00ebs dhe duke qen\u00eb vet\u00eb n\u00eb krye t\u00eb nj\u00eb qeveria q\u00eb ka b\u00ebr\u00eb p\u00ebr mbrojtjen e natyr\u00ebs e ka b\u00ebr\u00eb p\u00ebr trash\u00ebgimin, e ka b\u00ebr\u00eb p\u00ebr fytyr\u00ebn e k\u00ebtij vendi m\u00eb shum\u00eb se sa kan\u00eb b\u00ebr\u00eb t\u00eb gjith\u00eb t\u00eb tjer\u00ebt bashk\u00eb, nuk jam un\u00eb fare njeriu q\u00eb duhet t\u00eb m\u00eb drejtohet gishti i dyshimit.<\/p>\n<p>Gazeta Sot<\/p>\n","protected":false},"excerpt":{"rendered":"<p>9 Mars 2024 Deputetja demokrate Jorida Tabaku i \u00ebsht\u00eb p\u00ebrgjigjur kryeministri Edi Rama n\u00eb lidhje me komentet q\u00eb b\u00ebri ky i fundit n\u00eb lidhje me ligjin e Zonave t\u00eb Mbrojtura. Kryeministri q\u00eb pretendon se pastron ambientin, shprehet Tabaku, n\u00eb t\u00eb v\u00ebrtet\u00eb \u00ebsht\u00eb ideatori korrupsionit toksik q\u00eb rrudh, d\u00ebmton dhe shkat\u00ebrron Shqip\u00ebrin\u00eb. \u201cShteti kapur nuk ik\u00ebn [&hellip;]<\/p>\n","protected":false},"author":9,"featured_media":79091,"comment_status":"open","ping_status":"open","sticky":false,"template":"","format":"standard","meta":{"jetpack_post_was_ever_published":false,"_jetpack_newsletter_access":"","_jetpack_dont_email_post_to_subs":false,"_jetpack_newsletter_tier_id":0,"_jetpack_memberships_contains_paywalled_content":false,"_jetpack_memberships_contains_paid_content":false,"footnotes":"","jetpack_publicize_message":"","jetpack_publicize_feature_enabled":true,"jetpack_social_post_already_shared":true,"jetpack_social_options":{"image_generator_settings":{"template":"highway","default_image_id":0,"font":"","enabled":false},"version":2}},"categories":[27,2,35],"tags":[],"class_list":["post-79090","post","type-post","status-publish","format-standard","has-post-thumbnail","hentry","category-blogu-i-udhetarit","category-politika","category-shoqerore"],"jetpack_publicize_connections":[],"jetpack_featured_media_url":"https:\/\/i0.wp.com\/www.shqiperia.com\/blog\/wp-content\/uploads\/2024\/03\/900-0-1704782914xrama-ulsiugdsgs-321-860x607-1.jpg?fit=725%2C479&ssl=1","jetpack_sharing_enabled":true,"jetpack_shortlink":"https:\/\/wp.me\/p5Z6wp-kzE","jetpack-related-posts":[{"id":78937,"url":"https:\/\/www.shqiperia.com\/blog\/shqiptaret-po-ikin-masivisht-dhe-dihet-qe-kete-vend-po-e-jorida-tabaku-te-mos-sulmojme-njeri-tjetrin-por-te-rrezojme-keqqeverisjen-e-rames\/","url_meta":{"origin":79090,"position":0},"title":"Shqiptar\u00ebt po ikin masivisht dhe dihet q\u00eb k\u00ebt\u00eb vend po e&#8230;  Jorida Tabaku: &#8211; T\u00eb mos sulmojm\u00eb nj\u00ebri-tjetrin, por t\u00eb rr\u00ebzojm\u00eb keqqeverisjen e Ram\u00ebs","author":"Kurt Farka","date":"March 6, 2024","format":false,"excerpt":"6 Mars 2024 Deputetja e PD Jorida Tabaku, e ftuar n\u00eb nj\u00eb emision televiziv, duke folur p\u00ebr ndryshimet statusore q\u00eb u miratuan n\u00eb mbledhjen e K\u00ebshillit Komb\u00ebtar t\u00eb Partis\u00eb Demokratike, deklaroi se ka qen\u00eb dhe mbetet pro \u00e7do iniciative p\u00ebr bashkimin e opozit\u00ebs. Tabaku tha se duhet q\u00eb t\u00eb mos\u2026","rel":"","context":"In &quot;Blogu i Udh\u00ebtarit&quot;","block_context":{"text":"Blogu i Udh\u00ebtarit","link":"https:\/\/www.shqiperia.com\/blog\/category\/blogu-i-udhetarit\/"},"img":{"alt_text":"","src":"https:\/\/i0.wp.com\/www.shqiperia.com\/blog\/wp-content\/uploads\/2024\/03\/jorida-tabaku.png?fit=1000%2C755&ssl=1&resize=350%2C200","width":350,"height":200,"srcset":"https:\/\/i0.wp.com\/www.shqiperia.com\/blog\/wp-content\/uploads\/2024\/03\/jorida-tabaku.png?fit=1000%2C755&ssl=1&resize=350%2C200 1x, https:\/\/i0.wp.com\/www.shqiperia.com\/blog\/wp-content\/uploads\/2024\/03\/jorida-tabaku.png?fit=1000%2C755&ssl=1&resize=525%2C300 1.5x, https:\/\/i0.wp.com\/www.shqiperia.com\/blog\/wp-content\/uploads\/2024\/03\/jorida-tabaku.png?fit=1000%2C755&ssl=1&resize=700%2C400 2x"},"classes":[]},{"id":77813,"url":"https:\/\/www.shqiperia.com\/blog\/deputetet-socialiste-pranojne-se-ka-gabime-ne-nismen-per-zonat-e-mbrojtura\/","url_meta":{"origin":79090,"position":1},"title":"Deputet\u00ebt Socialist\u00eb pranojn\u00eb se ka &#8220;gabime&#8221; n\u00eb nism\u00ebn p\u00ebr Zonat e Mbrojtura","author":"Kurt Farka","date":"February 1, 2024","format":false,"excerpt":"1 Shkurt 2024 Partia Socialiste ka b\u00ebr\u00eb nj\u00eb hap pas duke pranuar se ka formulime gabim n\u00eb propozimet e tyre p\u00ebr ndryshimin e ligjit p\u00ebr \u201cZonat e Mbrojtura\u201d, pas kund\u00ebrshtimit t\u00eb draftit nga organizatat e mbrojtjes s\u00eb mjedisit. Nd\u00ebrkoh\u00eb deputetja Jorida Tabaku k\u00ebrkoi nd\u00ebrhyrjen e BE-s\u00eb me pretendimin se ndryshimet\u2026","rel":"","context":"In &quot;Blogu i Udh\u00ebtarit&quot;","block_context":{"text":"Blogu i Udh\u00ebtarit","link":"https:\/\/www.shqiperia.com\/blog\/category\/blogu-i-udhetarit\/"},"img":{"alt_text":"","src":"https:\/\/i0.wp.com\/www.shqiperia.com\/blog\/wp-content\/uploads\/2024\/02\/zona-te-mbrojtura.jpg?fit=765%2C383&ssl=1&resize=350%2C200","width":350,"height":200,"srcset":"https:\/\/i0.wp.com\/www.shqiperia.com\/blog\/wp-content\/uploads\/2024\/02\/zona-te-mbrojtura.jpg?fit=765%2C383&ssl=1&resize=350%2C200 1x, https:\/\/i0.wp.com\/www.shqiperia.com\/blog\/wp-content\/uploads\/2024\/02\/zona-te-mbrojtura.jpg?fit=765%2C383&ssl=1&resize=525%2C300 1.5x, https:\/\/i0.wp.com\/www.shqiperia.com\/blog\/wp-content\/uploads\/2024\/02\/zona-te-mbrojtura.jpg?fit=765%2C383&ssl=1&resize=700%2C400 2x"},"classes":[]},{"id":79365,"url":"https:\/\/www.shqiperia.com\/blog\/ne-shqiperi-te-gjitha-zonat-e-mbrojtura-jane-ne-rrezik-me-ligjin-e-ri-nuk-do-ti-shpetojne-shkaterrimit-dhe-shitjes\/","url_meta":{"origin":79090,"position":2},"title":"N\u00eb Shqip\u00ebri, t\u00eb gjitha zonat e mbrojtura jan\u00eb n\u00eb rrezik. &#8211; Me ligjin e ri nuk do t\u2019i shp\u00ebtojn\u00eb shkat\u00ebrrimit dhe shitjes!","author":"Kurt Farka","date":"March 19, 2024","format":false,"excerpt":"19 Mars 2024 Sipas ekspert\u00ebve me ligjin e ri, nuk do t\u00eb ket\u00eb m\u00eb zona t\u00eb mbrojtura n\u00eb Shqip\u00ebri, p\u00ebrfshir\u00eb t\u00eb gjith\u00eb parqet komb\u00ebtare q\u00eb nuk do t\u2019i shp\u00ebtojn\u00eb shkat\u00ebrrimit dhe shitjes. Kur korrikun e vitit t\u00eb kaluar motrat Ivanka dhe Tiffany Trump vizituan Shqip\u00ebrin\u00eb me bashk\u00ebshort\u00ebt e tyre, n\u00eb\u2026","rel":"","context":"In &quot;Blogu i Udh\u00ebtarit&quot;","block_context":{"text":"Blogu i Udh\u00ebtarit","link":"https:\/\/www.shqiperia.com\/blog\/category\/blogu-i-udhetarit\/"},"img":{"alt_text":"","src":"https:\/\/i0.wp.com\/www.shqiperia.com\/blog\/wp-content\/uploads\/2024\/03\/Ligji-iri.jpg?fit=980%2C482&ssl=1&resize=350%2C200","width":350,"height":200,"srcset":"https:\/\/i0.wp.com\/www.shqiperia.com\/blog\/wp-content\/uploads\/2024\/03\/Ligji-iri.jpg?fit=980%2C482&ssl=1&resize=350%2C200 1x, https:\/\/i0.wp.com\/www.shqiperia.com\/blog\/wp-content\/uploads\/2024\/03\/Ligji-iri.jpg?fit=980%2C482&ssl=1&resize=525%2C300 1.5x, https:\/\/i0.wp.com\/www.shqiperia.com\/blog\/wp-content\/uploads\/2024\/03\/Ligji-iri.jpg?fit=980%2C482&ssl=1&resize=700%2C400 2x"},"classes":[]},{"id":83369,"url":"https:\/\/www.shqiperia.com\/blog\/deputetja-e-pd-se-paralajmeron-padi-do-dergojme-ne-kushtetuese-10-projektvendimet-per-ndertimet-ne-zonat-e-mbrojtura\/","url_meta":{"origin":79090,"position":3},"title":"Deputetja e PD-s\u00eb paralajm\u00ebron padi: &#8211; Do d\u00ebrgojm\u00eb n\u00eb Kushtetuese 10 projektvendimet p\u00ebr nd\u00ebrtimet n\u00eb Zonat e Mbrojtura","author":"Kurt Farka","date":"August 8, 2024","format":false,"excerpt":"8 Korrik 2024 Deputetja e Partis\u00eb Demokratike, Ina Zhupa, ka reaguar dje n\u00ebp\u00ebrmjet nj\u00eb postimi n\u00eb faqen e saj zyrtare n\u00eb Facebook, ku komentoi mbi 10 projektvendimet e fundit q\u00eb kan\u00eb kaluar p\u00ebr konsultim nga K\u00ebshilli i Ministrave p\u00ebr zonat e mbrojtura, duke i quajtur t\u00eb nj\u00ebanshme dhe shkat\u00ebrrimtare. N\u00eb\u2026","rel":"","context":"In &quot;Blogu i Udh\u00ebtarit&quot;","block_context":{"text":"Blogu i Udh\u00ebtarit","link":"https:\/\/www.shqiperia.com\/blog\/category\/blogu-i-udhetarit\/"},"img":{"alt_text":"","src":"https:\/\/i0.wp.com\/www.shqiperia.com\/blog\/wp-content\/uploads\/2024\/08\/20240207_171520_070224_5_06-1_cLqX9uZ.jpg?fit=1200%2C733&ssl=1&resize=350%2C200","width":350,"height":200,"srcset":"https:\/\/i0.wp.com\/www.shqiperia.com\/blog\/wp-content\/uploads\/2024\/08\/20240207_171520_070224_5_06-1_cLqX9uZ.jpg?fit=1200%2C733&ssl=1&resize=350%2C200 1x, https:\/\/i0.wp.com\/www.shqiperia.com\/blog\/wp-content\/uploads\/2024\/08\/20240207_171520_070224_5_06-1_cLqX9uZ.jpg?fit=1200%2C733&ssl=1&resize=525%2C300 1.5x, https:\/\/i0.wp.com\/www.shqiperia.com\/blog\/wp-content\/uploads\/2024\/08\/20240207_171520_070224_5_06-1_cLqX9uZ.jpg?fit=1200%2C733&ssl=1&resize=700%2C400 2x, https:\/\/i0.wp.com\/www.shqiperia.com\/blog\/wp-content\/uploads\/2024\/08\/20240207_171520_070224_5_06-1_cLqX9uZ.jpg?fit=1200%2C733&ssl=1&resize=1050%2C600 3x"},"classes":[]},{"id":78109,"url":"https:\/\/www.shqiperia.com\/blog\/tabaku-nepotizmi-ne-administraten-publike-mendojne-se-jane-aktore-qe-po-japin-shfaqe-teatrale-me-procesin-e-integrimit\/","url_meta":{"origin":79090,"position":4},"title":"Tabaku: &#8211; Nepotizmi n\u00eb administrat\u00ebn publike&#8230; &#8211; Mendojn\u00eb se jan\u00eb aktor\u00eb q\u00eb po japin shfaqe teatrale me procesin e integrimit","author":"Kurt Farka","date":"February 10, 2024","format":false,"excerpt":"10 Shkurt 2024 Deputetja Jorida Tabaku \u00ebsht\u00eb shprehur se politika nuk duhet t\u00eb mbaj\u00eb peng procesin e integrimit t\u00eb vendit. Tabaku deklaroi se n\u00eb Kuvendin e Shqip\u00ebris\u00eb jan\u00eb 4 ligje kund\u00ebr frym\u00ebs s\u00eb legjislacionit t\u00eb BE-s\u00eb. \u201cDuke filluar nga ligji i prokurimeve publike i cili shkel Marr\u00ebveshjen e Stabilizim Asocimit\u2026","rel":"","context":"In &quot;Blogu i Udh\u00ebtarit&quot;","block_context":{"text":"Blogu i Udh\u00ebtarit","link":"https:\/\/www.shqiperia.com\/blog\/category\/blogu-i-udhetarit\/"},"img":{"alt_text":"","src":"https:\/\/i0.wp.com\/www.shqiperia.com\/blog\/wp-content\/uploads\/2024\/02\/800-0-65c750a8c2ff6.jpg?fit=800%2C550&ssl=1&resize=350%2C200","width":350,"height":200,"srcset":"https:\/\/i0.wp.com\/www.shqiperia.com\/blog\/wp-content\/uploads\/2024\/02\/800-0-65c750a8c2ff6.jpg?fit=800%2C550&ssl=1&resize=350%2C200 1x, https:\/\/i0.wp.com\/www.shqiperia.com\/blog\/wp-content\/uploads\/2024\/02\/800-0-65c750a8c2ff6.jpg?fit=800%2C550&ssl=1&resize=525%2C300 1.5x, https:\/\/i0.wp.com\/www.shqiperia.com\/blog\/wp-content\/uploads\/2024\/02\/800-0-65c750a8c2ff6.jpg?fit=800%2C550&ssl=1&resize=700%2C400 2x"},"classes":[]},{"id":87078,"url":"https:\/\/www.shqiperia.com\/blog\/tabaku-mazhoranca-po-gerryen-demokracine-dhe-bllokon-perpjekjet-kunder-korrupsionit\/","url_meta":{"origin":79090,"position":5},"title":"Tabaku: &#8211; Mazhoranca po g\u00ebrryen demokracin\u00eb dhe bllokon p\u00ebrpjekjet kund\u00ebr korrupsionit","author":"Kurt Farka","date":"December 4, 2024","format":false,"excerpt":"4 Dhjetor 2024 N\u00eb nj\u00eb konferenc\u00eb t\u00eb organizuar nga USAID dhe CSDG mbi bilbilfryr\u00ebsit dhe denoncimin e korrupsionit, deputetja e Partis\u00eb Demokratike, Jorida Tabaku, ka kritikuar ashp\u00ebr mazhoranc\u00ebn p\u00ebr munges\u00ebn e vullnetit n\u00eb luft\u00ebn kund\u00ebr korrupsionit dhe p\u00ebr miratimin e ligjeve q\u00eb d\u00ebmtojn\u00eb transparenc\u00ebn. N\u00eb fjal\u00ebn e saj, Tabaku evidentoi\u2026","rel":"","context":"In &quot;Blogu i Udh\u00ebtarit&quot;","block_context":{"text":"Blogu i Udh\u00ebtarit","link":"https:\/\/www.shqiperia.com\/blog\/category\/blogu-i-udhetarit\/"},"img":{"alt_text":"","src":"https:\/\/i0.wp.com\/www.shqiperia.com\/blog\/wp-content\/uploads\/2024\/12\/Tabaku1-1536x1024-1.jpg?fit=1200%2C800&ssl=1&resize=350%2C200","width":350,"height":200,"srcset":"https:\/\/i0.wp.com\/www.shqiperia.com\/blog\/wp-content\/uploads\/2024\/12\/Tabaku1-1536x1024-1.jpg?fit=1200%2C800&ssl=1&resize=350%2C200 1x, https:\/\/i0.wp.com\/www.shqiperia.com\/blog\/wp-content\/uploads\/2024\/12\/Tabaku1-1536x1024-1.jpg?fit=1200%2C800&ssl=1&resize=525%2C300 1.5x, https:\/\/i0.wp.com\/www.shqiperia.com\/blog\/wp-content\/uploads\/2024\/12\/Tabaku1-1536x1024-1.jpg?fit=1200%2C800&ssl=1&resize=700%2C400 2x, https:\/\/i0.wp.com\/www.shqiperia.com\/blog\/wp-content\/uploads\/2024\/12\/Tabaku1-1536x1024-1.jpg?fit=1200%2C800&ssl=1&resize=1050%2C600 3x"},"classes":[]}],"_links":{"self":[{"href":"https:\/\/www.shqiperia.com\/blog\/wp-json\/wp\/v2\/posts\/79090","targetHints":{"allow":["GET"]}}],"collection":[{"href":"https:\/\/www.shqiperia.com\/blog\/wp-json\/wp\/v2\/posts"}],"about":[{"href":"https:\/\/www.shqiperia.com\/blog\/wp-json\/wp\/v2\/types\/post"}],"author":[{"embeddable":true,"href":"https:\/\/www.shqiperia.com\/blog\/wp-json\/wp\/v2\/users\/9"}],"replies":[{"embeddable":true,"href":"https:\/\/www.shqiperia.com\/blog\/wp-json\/wp\/v2\/comments?post=79090"}],"version-history":[{"count":1,"href":"https:\/\/www.shqiperia.com\/blog\/wp-json\/wp\/v2\/posts\/79090\/revisions"}],"predecessor-version":[{"id":79092,"href":"https:\/\/www.shqiperia.com\/blog\/wp-json\/wp\/v2\/posts\/79090\/revisions\/79092"}],"wp:featuredmedia":[{"embeddable":true,"href":"https:\/\/www.shqiperia.com\/blog\/wp-json\/wp\/v2\/media\/79091"}],"wp:attachment":[{"href":"https:\/\/www.shqiperia.com\/blog\/wp-json\/wp\/v2\/media?parent=79090"}],"wp:term":[{"taxonomy":"category","embeddable":true,"href":"https:\/\/www.shqiperia.com\/blog\/wp-json\/wp\/v2\/categories?post=79090"},{"taxonomy":"post_tag","embeddable":true,"href":"https:\/\/www.shqiperia.com\/blog\/wp-json\/wp\/v2\/tags?post=79090"}],"curies":[{"name":"wp","href":"https:\/\/api.w.org\/{rel}","templated":true}]}}