{"id":79086,"date":"2024-03-09T18:29:59","date_gmt":"2024-03-09T18:29:59","guid":{"rendered":"https:\/\/www.shqiperia.com\/blog\/?p=79086"},"modified":"2024-03-09T18:31:29","modified_gmt":"2024-03-09T18:31:29","slug":"debora-mbulon-zonat-malore-ja-si-paraqitet-situata-me-rruget","status":"publish","type":"post","link":"https:\/\/www.shqiperia.com\/blog\/debora-mbulon-zonat-malore-ja-si-paraqitet-situata-me-rruget\/","title":{"rendered":"D\u00ebbora mbulon zonat malore, ja si paraqitet situata me rrug\u00ebt"},"content":{"rendered":"<p><img data-recalc-dims=\"1\" loading=\"lazy\" decoding=\"async\" data-attachment-id=\"79087\" data-permalink=\"https:\/\/www.shqiperia.com\/blog\/debora-mbulon-zonat-malore-ja-si-paraqitet-situata-me-rruget\/800-0-b46d6347e753373645abef69137d6597\/\" data-orig-file=\"https:\/\/i0.wp.com\/www.shqiperia.com\/blog\/wp-content\/uploads\/2024\/03\/800-0-b46d6347e753373645abef69137d6597.jpg?fit=800%2C450&amp;ssl=1\" data-orig-size=\"800,450\" data-comments-opened=\"1\" data-image-meta=\"{&quot;aperture&quot;:&quot;0&quot;,&quot;credit&quot;:&quot;&quot;,&quot;camera&quot;:&quot;&quot;,&quot;caption&quot;:&quot;&quot;,&quot;created_timestamp&quot;:&quot;0&quot;,&quot;copyright&quot;:&quot;&quot;,&quot;focal_length&quot;:&quot;0&quot;,&quot;iso&quot;:&quot;0&quot;,&quot;shutter_speed&quot;:&quot;0&quot;,&quot;title&quot;:&quot;&quot;,&quot;orientation&quot;:&quot;0&quot;}\" data-image-title=\"-800-0-b46d6347e753373645abef69137d6597\" data-image-description=\"\" data-image-caption=\"\" data-medium-file=\"https:\/\/i0.wp.com\/www.shqiperia.com\/blog\/wp-content\/uploads\/2024\/03\/800-0-b46d6347e753373645abef69137d6597.jpg?fit=300%2C169&amp;ssl=1\" data-large-file=\"https:\/\/i0.wp.com\/www.shqiperia.com\/blog\/wp-content\/uploads\/2024\/03\/800-0-b46d6347e753373645abef69137d6597.jpg?fit=800%2C450&amp;ssl=1\" class=\"alignnone wp-image-79087\" alt=\"\" src=\"https:\/\/i0.wp.com\/www.shqiperia.com\/blog\/wp-content\/uploads\/2024\/03\/800-0-b46d6347e753373645abef69137d6597.jpg?resize=719%2C405&#038;ssl=1\" width=\"719\" height=\"405\" srcset=\"https:\/\/i0.wp.com\/www.shqiperia.com\/blog\/wp-content\/uploads\/2024\/03\/800-0-b46d6347e753373645abef69137d6597.jpg?resize=300%2C169&amp;ssl=1 300w, https:\/\/i0.wp.com\/www.shqiperia.com\/blog\/wp-content\/uploads\/2024\/03\/800-0-b46d6347e753373645abef69137d6597.jpg?resize=768%2C432&amp;ssl=1 768w, https:\/\/i0.wp.com\/www.shqiperia.com\/blog\/wp-content\/uploads\/2024\/03\/800-0-b46d6347e753373645abef69137d6597.jpg?resize=450%2C253&amp;ssl=1 450w, https:\/\/i0.wp.com\/www.shqiperia.com\/blog\/wp-content\/uploads\/2024\/03\/800-0-b46d6347e753373645abef69137d6597.jpg?resize=600%2C338&amp;ssl=1 600w, https:\/\/i0.wp.com\/www.shqiperia.com\/blog\/wp-content\/uploads\/2024\/03\/800-0-b46d6347e753373645abef69137d6597.jpg?resize=400%2C225&amp;ssl=1 400w, https:\/\/i0.wp.com\/www.shqiperia.com\/blog\/wp-content\/uploads\/2024\/03\/800-0-b46d6347e753373645abef69137d6597.jpg?w=800&amp;ssl=1 800w\" sizes=\"auto, (max-width: 719px) 100vw, 719px\" \/><\/p>\n<p>9 Mars 2024<\/p>\n<p>Ftohja e motit dhe reshjet q\u00eb kan\u00eb nisur n\u00eb zonat e larta kan\u00eb shkaktuar v\u00ebshtir\u00ebsi n\u00eb qarkullim n\u00eb rrug\u00ebt n\u00eb lart\u00ebsin\u00eb mbi 1300 metra.<\/p>\n<p>Reshjet e d\u00ebbor\u00ebs kan\u00eb zbardhur s\u00ebrish malet n\u00eb t\u00eb gjith\u00eb vendin nd\u00ebrsa m\u00eb intensive kan\u00eb qen\u00eb n\u00eb mal\u00ebsit\u00eb e Shkodr\u00ebs dhe Mal\u00ebsis\u00eb s\u00eb Madhe.<\/p>\n<p>P\u00ebr t\u00eb mbajtur hapur rrug\u00ebt Hani i Hotit Tamar\u00eb.<\/p>\n<p>Tamar\u00eb Vermosh dhe Bog\u00eb-Theth po punojn\u00eb d\u00ebbor\u00eb pastrueset nd\u00ebrsa po hidhet edhe krip\u00eb n\u00eb rrug\u00eb. Bllokime nuk ka por automjetet duhet t\u00eb l\u00ebvizin me goma dimri ose me zinxhir\u00eb.<\/p>\n","protected":false},"excerpt":{"rendered":"<p>9 Mars 2024 Ftohja e motit dhe reshjet q\u00eb kan\u00eb nisur n\u00eb zonat e larta kan\u00eb shkaktuar v\u00ebshtir\u00ebsi n\u00eb qarkullim n\u00eb rrug\u00ebt n\u00eb lart\u00ebsin\u00eb mbi 1300 metra. Reshjet e d\u00ebbor\u00ebs kan\u00eb zbardhur s\u00ebrish malet n\u00eb t\u00eb gjith\u00eb vendin nd\u00ebrsa m\u00eb intensive kan\u00eb qen\u00eb n\u00eb mal\u00ebsit\u00eb e Shkodr\u00ebs dhe Mal\u00ebsis\u00eb s\u00eb Madhe. P\u00ebr t\u00eb mbajtur hapur [&hellip;]<\/p>\n","protected":false},"author":9,"featured_media":79087,"comment_status":"open","ping_status":"open","sticky":false,"template":"","format":"standard","meta":{"jetpack_post_was_ever_published":false,"_jetpack_newsletter_access":"","_jetpack_dont_email_post_to_subs":false,"_jetpack_newsletter_tier_id":0,"_jetpack_memberships_contains_paywalled_content":false,"_jetpack_memberships_contains_paid_content":false,"footnotes":"","jetpack_publicize_message":"","jetpack_publicize_feature_enabled":true,"jetpack_social_post_already_shared":true,"jetpack_social_options":{"image_generator_settings":{"template":"highway","default_image_id":0,"font":"","enabled":false},"version":2}},"categories":[27,35],"tags":[],"class_list":["post-79086","post","type-post","status-publish","format-standard","has-post-thumbnail","hentry","category-blogu-i-udhetarit","category-shoqerore"],"jetpack_publicize_connections":[],"jetpack_featured_media_url":"https:\/\/i0.wp.com\/www.shqiperia.com\/blog\/wp-content\/uploads\/2024\/03\/800-0-b46d6347e753373645abef69137d6597.jpg?fit=800%2C450&ssl=1","jetpack_sharing_enabled":true,"jetpack_shortlink":"https:\/\/wp.me\/p5Z6wp-kzA","jetpack-related-posts":[{"id":62740,"url":"https:\/\/www.shqiperia.com\/blog\/demtohen-shtepi-shkolla-ura-e-rruge-rreshqitjet-e-dherave-e-gureve-izolojne-zonat-e-thella-ne-veri\/","url_meta":{"origin":79086,"position":0},"title":"D\u00ebmtohen sht\u00ebpi, shkolla, ura e rrug\u00eb\/ Rr\u00ebshqitjet e dherave e gur\u00ebve izolojn\u00eb zonat e thella n\u00eb veri","author":"Kurt Farka","date":"September 27, 2022","format":false,"excerpt":"27 Shtator 2022 Nga Ora News Sht\u00ebpi, shkolla, rrug\u00eb, ura dhe uj\u00ebsjell\u00ebs jan\u00eb d\u00ebmtuar nga rr\u00ebshqitjet e dherave e gur\u00ebve n\u00eb veri t\u00eb vendit pas reshjeve intensive t\u00eb shiut. Reshjet intensive t\u00eb shiut q\u00eb p\u00ebrfshin\u00eb vendin prej t\u00eb h\u00ebn\u00ebs kan\u00eb shkaktuar probleme n\u00eb veri t\u00eb vendit. Nj\u00eb banes\u00eb n\u00eb Dardh\u00eb\u2026","rel":"","context":"In &quot;Blogu i Udh\u00ebtarit&quot;","block_context":{"text":"Blogu i Udh\u00ebtarit","link":"https:\/\/www.shqiperia.com\/blog\/category\/blogu-i-udhetarit\/"},"img":{"alt_text":"","src":"https:\/\/i0.wp.com\/www.shqiperia.com\/blog\/wp-content\/uploads\/2022\/09\/1200-630-6e321c465f14e79384ee810537937d6b.jpg?fit=1200%2C630&ssl=1&resize=350%2C200","width":350,"height":200,"srcset":"https:\/\/i0.wp.com\/www.shqiperia.com\/blog\/wp-content\/uploads\/2022\/09\/1200-630-6e321c465f14e79384ee810537937d6b.jpg?fit=1200%2C630&ssl=1&resize=350%2C200 1x, https:\/\/i0.wp.com\/www.shqiperia.com\/blog\/wp-content\/uploads\/2022\/09\/1200-630-6e321c465f14e79384ee810537937d6b.jpg?fit=1200%2C630&ssl=1&resize=525%2C300 1.5x, https:\/\/i0.wp.com\/www.shqiperia.com\/blog\/wp-content\/uploads\/2022\/09\/1200-630-6e321c465f14e79384ee810537937d6b.jpg?fit=1200%2C630&ssl=1&resize=700%2C400 2x, https:\/\/i0.wp.com\/www.shqiperia.com\/blog\/wp-content\/uploads\/2022\/09\/1200-630-6e321c465f14e79384ee810537937d6b.jpg?fit=1200%2C630&ssl=1&resize=1050%2C600 3x"},"classes":[]},{"id":96250,"url":"https:\/\/www.shqiperia.com\/blog\/moti-i-keq-mberthen-vendin-problematikat-nga-reshjet-e-shiut-ne-shkoder-bllokohen-nje-pjese-e-rrugeve\/","url_meta":{"origin":79086,"position":1},"title":"Moti i keq, \u2018mb\u00ebrthen\u2019 vendin\/ Problematikat nga reshjet e shiut n\u00eb Shkod\u00ebr, bllokohen nj\u00eb pjes\u00eb e rrug\u00ebve","author":"Kurt Farka","date":"January 3, 2026","format":false,"excerpt":"3 Janar 2025 Reshjet e shiut dhe moti i paq\u00ebndruesh\u00ebm kan\u00eb sjell\u00eb problematika t\u00eb izoluara n\u00eb disa bashki t\u00eb veriut. Situata m\u00eb problematike raportohet n\u00eb Bashkin\u00eb Shkod\u00ebr, ku si pasoj\u00eb e reshjeve \u00ebsht\u00eb shembur nj\u00eb pjes\u00eb e rrug\u00ebs n\u00eb aksin Ura e Shtrejt\u00eb\u2013Prekal, n\u00eb vendin e quajtur \u201cShkall\u00eb Logje\u201d. Autoritetet\u2026","rel":"","context":"In &quot;Blogu i Udh\u00ebtarit&quot;","block_context":{"text":"Blogu i Udh\u00ebtarit","link":"https:\/\/www.shqiperia.com\/blog\/category\/blogu-i-udhetarit\/"},"img":{"alt_text":"","src":"https:\/\/i0.wp.com\/www.shqiperia.com\/blog\/wp-content\/uploads\/2026\/01\/uraaa3-1140x570-1.webp?fit=1140%2C570&ssl=1&resize=350%2C200","width":350,"height":200,"srcset":"https:\/\/i0.wp.com\/www.shqiperia.com\/blog\/wp-content\/uploads\/2026\/01\/uraaa3-1140x570-1.webp?fit=1140%2C570&ssl=1&resize=350%2C200 1x, https:\/\/i0.wp.com\/www.shqiperia.com\/blog\/wp-content\/uploads\/2026\/01\/uraaa3-1140x570-1.webp?fit=1140%2C570&ssl=1&resize=525%2C300 1.5x, https:\/\/i0.wp.com\/www.shqiperia.com\/blog\/wp-content\/uploads\/2026\/01\/uraaa3-1140x570-1.webp?fit=1140%2C570&ssl=1&resize=700%2C400 2x, https:\/\/i0.wp.com\/www.shqiperia.com\/blog\/wp-content\/uploads\/2026\/01\/uraaa3-1140x570-1.webp?fit=1140%2C570&ssl=1&resize=1050%2C600 3x"},"classes":[]},{"id":97851,"url":"https:\/\/www.shqiperia.com\/blog\/reshjet-paralizojne-rruget-e-durresit\/","url_meta":{"origin":79086,"position":2},"title":"Reshjet paralizojn\u00eb rrug\u00ebt e Durr\u00ebsit","author":"Kurt Farka","date":"February 20, 2026","format":false,"excerpt":"20 Shkurt 2026 Kjo e premte i ka gjetur qytetar\u00ebt e Durr\u00ebsit p\u00ebrs\u00ebri n\u00ebn uj\u00eb. Si\u00e7 ndodh shpesh her\u00eb kur bie shi n\u00eb qytetin bregdetar, edhe m\u00ebngjesin e k\u00ebsaj t\u00eb premteje rrug\u00ebt jan\u00eb mbushur me uj\u00eb nd\u00ebrsa qytetar\u00ebt kan\u00eb hasur v\u00ebshtir\u00ebsi me qarkullimin. Zonat ku jan\u00eb hasur probleme me qarkullimin\u2026","rel":"","context":"In &quot;Njoftime Shtypi&quot;","block_context":{"text":"Njoftime Shtypi","link":"https:\/\/www.shqiperia.com\/blog\/category\/njoftime-shtypi\/"},"img":{"alt_text":"","src":"https:\/\/i0.wp.com\/www.shqiperia.com\/blog\/wp-content\/uploads\/2026\/02\/durrsi-800x450-1.jpg?fit=800%2C450&ssl=1&resize=350%2C200","width":350,"height":200,"srcset":"https:\/\/i0.wp.com\/www.shqiperia.com\/blog\/wp-content\/uploads\/2026\/02\/durrsi-800x450-1.jpg?fit=800%2C450&ssl=1&resize=350%2C200 1x, https:\/\/i0.wp.com\/www.shqiperia.com\/blog\/wp-content\/uploads\/2026\/02\/durrsi-800x450-1.jpg?fit=800%2C450&ssl=1&resize=525%2C300 1.5x, https:\/\/i0.wp.com\/www.shqiperia.com\/blog\/wp-content\/uploads\/2026\/02\/durrsi-800x450-1.jpg?fit=800%2C450&ssl=1&resize=700%2C400 2x"},"classes":[]},{"id":62414,"url":"https:\/\/www.shqiperia.com\/blog\/fierza-pa-energji-elektrike-reshjet-e-shiut-shkaktojne-probleme-serioze-ne-disa-zona\/","url_meta":{"origin":79086,"position":3},"title":"Fierza pa energji elektrike! &#8211; Reshjet e shiut shkaktojn\u00eb probleme serioze n\u00eb disa zona","author":"Kurt Farka","date":"September 17, 2022","format":false,"excerpt":"17 Shtatoe 2022 Sasia e madhe e reshjeve t\u00eb r\u00ebna gjat\u00eb 24 or\u00ebve t\u00eb fundit ka krijuar probleme n\u00eb 3 qarqe t\u00eb vendit. Sipas t\u00eb dh\u00ebnave t\u00eb Agjencis\u00eb s\u00eb Mbrojtjes Civile, n\u00eb bashkin\u00eb e Tropoj\u00ebs reshjet e dendura t\u00eb shiut kan\u00eb shkaktuar d\u00ebme t\u00eb konsiderueshme n\u00eb infrastruktur\u00ebn rrugore, banesa dhe\u2026","rel":"","context":"In &quot;Blogu i Udh\u00ebtarit&quot;","block_context":{"text":"Blogu i Udh\u00ebtarit","link":"https:\/\/www.shqiperia.com\/blog\/category\/blogu-i-udhetarit\/"},"img":{"alt_text":"","src":"https:\/\/i0.wp.com\/www.shqiperia.com\/blog\/wp-content\/uploads\/2022\/09\/auto_-640-0-permbytjeee-16387264271663401544-770x433-1.jpg?fit=770%2C433&ssl=1&resize=350%2C200","width":350,"height":200,"srcset":"https:\/\/i0.wp.com\/www.shqiperia.com\/blog\/wp-content\/uploads\/2022\/09\/auto_-640-0-permbytjeee-16387264271663401544-770x433-1.jpg?fit=770%2C433&ssl=1&resize=350%2C200 1x, https:\/\/i0.wp.com\/www.shqiperia.com\/blog\/wp-content\/uploads\/2022\/09\/auto_-640-0-permbytjeee-16387264271663401544-770x433-1.jpg?fit=770%2C433&ssl=1&resize=525%2C300 1.5x, https:\/\/i0.wp.com\/www.shqiperia.com\/blog\/wp-content\/uploads\/2022\/09\/auto_-640-0-permbytjeee-16387264271663401544-770x433-1.jpg?fit=770%2C433&ssl=1&resize=700%2C400 2x"},"classes":[]},{"id":41603,"url":"https:\/\/www.shqiperia.com\/blog\/cmendet-moti-ne-itali-debora-bllokon-rruget-ne-disa-zona-pezullohet-transporti-hekurudhor\/","url_meta":{"origin":79086,"position":4},"title":"\u00c7mendet\u201d moti n\u00eb Itali\/ D\u00ebbora bllokon rrug\u00ebt, n\u00eb disa zona pezullohet transporti hekurudhor.","author":"Kurt Farka","date":"December 6, 2020","format":false,"excerpt":"\u201c\u00c7mendet\u201d moti n\u00eb Itali\/ D\u00ebbora bllokon rrug\u00ebt, n\u00eb disa zona pezullohet transporti hekurudhor. Dec 6 dhjetor 2020 Italia po p\u00ebrballet me nj\u00eb mot t\u00eb keq, ku shum\u00eb zona jan\u00eb p\u00ebrfshir\u00eb nga reshjet e d\u00ebbor\u00ebs dhe t\u00eb shiut. Si\u00e7 raportojn\u00eb mediat italian\u00eb ne disa zona si Friuli-Venezia Giulia dhe n\u00eb Provinc\u00ebn\u2026","rel":"","context":"In &quot;Blogu i Udh\u00ebtarit&quot;","block_context":{"text":"Blogu i Udh\u00ebtarit","link":"https:\/\/www.shqiperia.com\/blog\/category\/blogu-i-udhetarit\/"},"img":{"alt_text":"","src":"https:\/\/i0.wp.com\/www.shqiperia.com\/blog\/wp-content\/uploads\/2020\/12\/094651798-f94c1e71-fc1a-445f-bb91-47414c0e8857-Copy.jpg?fit=965%2C539&ssl=1&resize=350%2C200","width":350,"height":200,"srcset":"https:\/\/i0.wp.com\/www.shqiperia.com\/blog\/wp-content\/uploads\/2020\/12\/094651798-f94c1e71-fc1a-445f-bb91-47414c0e8857-Copy.jpg?fit=965%2C539&ssl=1&resize=350%2C200 1x, https:\/\/i0.wp.com\/www.shqiperia.com\/blog\/wp-content\/uploads\/2020\/12\/094651798-f94c1e71-fc1a-445f-bb91-47414c0e8857-Copy.jpg?fit=965%2C539&ssl=1&resize=525%2C300 1.5x, https:\/\/i0.wp.com\/www.shqiperia.com\/blog\/wp-content\/uploads\/2020\/12\/094651798-f94c1e71-fc1a-445f-bb91-47414c0e8857-Copy.jpg?fit=965%2C539&ssl=1&resize=700%2C400 2x"},"classes":[]},{"id":51885,"url":"https:\/\/www.shqiperia.com\/blog\/zbardhet-veriu-bore-edhe-ne-llogara-vjosa-arrin-naten-afer-pikes-kritike-qetesohet-ne-mengjes-keto-jane-akset-rrugore-ku-duhet-bere-kujdes\/","url_meta":{"origin":79086,"position":5},"title":"Zbardhet Veriu, bor\u00eb edhe n\u00eb Llogara. Vjosa arrin nat\u00ebn af\u00ebr pik\u00ebs kritike, qet\u00ebsohet n\u00eb m\u00ebngjes. K\u00ebto jan\u00eb akset rrugore ku duhet b\u00ebr\u00eb kujdes","author":"Kurt Farka","date":"November 30, 2021","format":false,"excerpt":"Zbardhet Veriu, bor\u00eb edhe n\u00eb Llogara. Vjosa arrin nat\u00ebn af\u00ebr pik\u00ebs kritike, qet\u00ebsohet n\u00eb m\u00ebngjes. K\u00ebto jan\u00eb akset rrugore ku duhet b\u00ebr\u00eb kujdes 30 Nentor 2021 Verilindja e vendit \u00ebsht\u00eb p\u00ebrfshir\u00eb nga temperaturat e ul\u00ebta dhe reshjet e d\u00ebbor\u00ebs q\u00eb prej nat\u00ebs s\u00eb kaluar. N\u00eb Peshkopi bora ka shtruar deri\u2026","rel":"","context":"In &quot;Blogu i Udh\u00ebtarit&quot;","block_context":{"text":"Blogu i Udh\u00ebtarit","link":"https:\/\/www.shqiperia.com\/blog\/category\/blogu-i-udhetarit\/"},"img":{"alt_text":"","src":"https:\/\/i0.wp.com\/www.shqiperia.com\/blog\/wp-content\/uploads\/2021\/11\/IMG_20211130_102523_159-Copy.jpg?fit=1002%2C550&ssl=1&resize=350%2C200","width":350,"height":200,"srcset":"https:\/\/i0.wp.com\/www.shqiperia.com\/blog\/wp-content\/uploads\/2021\/11\/IMG_20211130_102523_159-Copy.jpg?fit=1002%2C550&ssl=1&resize=350%2C200 1x, https:\/\/i0.wp.com\/www.shqiperia.com\/blog\/wp-content\/uploads\/2021\/11\/IMG_20211130_102523_159-Copy.jpg?fit=1002%2C550&ssl=1&resize=525%2C300 1.5x, https:\/\/i0.wp.com\/www.shqiperia.com\/blog\/wp-content\/uploads\/2021\/11\/IMG_20211130_102523_159-Copy.jpg?fit=1002%2C550&ssl=1&resize=700%2C400 2x"},"classes":[]}],"_links":{"self":[{"href":"https:\/\/www.shqiperia.com\/blog\/wp-json\/wp\/v2\/posts\/79086","targetHints":{"allow":["GET"]}}],"collection":[{"href":"https:\/\/www.shqiperia.com\/blog\/wp-json\/wp\/v2\/posts"}],"about":[{"href":"https:\/\/www.shqiperia.com\/blog\/wp-json\/wp\/v2\/types\/post"}],"author":[{"embeddable":true,"href":"https:\/\/www.shqiperia.com\/blog\/wp-json\/wp\/v2\/users\/9"}],"replies":[{"embeddable":true,"href":"https:\/\/www.shqiperia.com\/blog\/wp-json\/wp\/v2\/comments?post=79086"}],"version-history":[{"count":2,"href":"https:\/\/www.shqiperia.com\/blog\/wp-json\/wp\/v2\/posts\/79086\/revisions"}],"predecessor-version":[{"id":79089,"href":"https:\/\/www.shqiperia.com\/blog\/wp-json\/wp\/v2\/posts\/79086\/revisions\/79089"}],"wp:featuredmedia":[{"embeddable":true,"href":"https:\/\/www.shqiperia.com\/blog\/wp-json\/wp\/v2\/media\/79087"}],"wp:attachment":[{"href":"https:\/\/www.shqiperia.com\/blog\/wp-json\/wp\/v2\/media?parent=79086"}],"wp:term":[{"taxonomy":"category","embeddable":true,"href":"https:\/\/www.shqiperia.com\/blog\/wp-json\/wp\/v2\/categories?post=79086"},{"taxonomy":"post_tag","embeddable":true,"href":"https:\/\/www.shqiperia.com\/blog\/wp-json\/wp\/v2\/tags?post=79086"}],"curies":[{"name":"wp","href":"https:\/\/api.w.org\/{rel}","templated":true}]}}