{"id":79082,"date":"2024-03-09T18:23:38","date_gmt":"2024-03-09T18:23:38","guid":{"rendered":"https:\/\/www.shqiperia.com\/blog\/?p=79082"},"modified":"2024-03-09T18:24:22","modified_gmt":"2024-03-09T18:24:22","slug":"luke-kacaj-basi-ma-i-famshem-shqiptar-i-te-gjitha-koherave","status":"publish","type":"post","link":"https:\/\/www.shqiperia.com\/blog\/luke-kacaj-basi-ma-i-famshem-shqiptar-i-te-gjitha-koherave\/","title":{"rendered":"Luke Ka\u00e7aj, basi ma i famsh\u00ebm shqiptar i t\u00eb gjitha koh\u00ebrave"},"content":{"rendered":"<h2><img data-recalc-dims=\"1\" loading=\"lazy\" decoding=\"async\" data-attachment-id=\"79083\" data-permalink=\"https:\/\/www.shqiperia.com\/blog\/luke-kacaj-basi-ma-i-famshem-shqiptar-i-te-gjitha-koherave\/img_0412\/\" data-orig-file=\"https:\/\/i0.wp.com\/www.shqiperia.com\/blog\/wp-content\/uploads\/2024\/03\/IMG_0412.jpeg?fit=442%2C336&amp;ssl=1\" data-orig-size=\"442,336\" data-comments-opened=\"1\" data-image-meta=\"{&quot;aperture&quot;:&quot;0&quot;,&quot;credit&quot;:&quot;&quot;,&quot;camera&quot;:&quot;&quot;,&quot;caption&quot;:&quot;&quot;,&quot;created_timestamp&quot;:&quot;0&quot;,&quot;copyright&quot;:&quot;&quot;,&quot;focal_length&quot;:&quot;0&quot;,&quot;iso&quot;:&quot;0&quot;,&quot;shutter_speed&quot;:&quot;0&quot;,&quot;title&quot;:&quot;&quot;,&quot;orientation&quot;:&quot;1&quot;}\" data-image-title=\"IMG_0412\" data-image-description=\"\" data-image-caption=\"\" data-medium-file=\"https:\/\/i0.wp.com\/www.shqiperia.com\/blog\/wp-content\/uploads\/2024\/03\/IMG_0412.jpeg?fit=300%2C228&amp;ssl=1\" data-large-file=\"https:\/\/i0.wp.com\/www.shqiperia.com\/blog\/wp-content\/uploads\/2024\/03\/IMG_0412.jpeg?fit=442%2C336&amp;ssl=1\" class=\"alignnone wp-image-79083\" alt=\"\" src=\"https:\/\/i0.wp.com\/www.shqiperia.com\/blog\/wp-content\/uploads\/2024\/03\/IMG_0412.jpeg?resize=733%2C557&#038;ssl=1\" width=\"733\" height=\"557\" srcset=\"https:\/\/i0.wp.com\/www.shqiperia.com\/blog\/wp-content\/uploads\/2024\/03\/IMG_0412.jpeg?resize=300%2C228&amp;ssl=1 300w, https:\/\/i0.wp.com\/www.shqiperia.com\/blog\/wp-content\/uploads\/2024\/03\/IMG_0412.jpeg?resize=400%2C304&amp;ssl=1 400w, https:\/\/i0.wp.com\/www.shqiperia.com\/blog\/wp-content\/uploads\/2024\/03\/IMG_0412.jpeg?w=442&amp;ssl=1 442w\" sizes=\"auto, (max-width: 733px) 100vw, 733px\" \/><\/h2>\n<h5>9 Mars 2014<\/h5>\n<h5>Nga Leonardo VOCI<\/h5>\n<p>Kolosi i paarritsh\u00ebm, miti i sken\u00ebs operistike bot\u00ebrore, k\u00ebndon e d\u00ebgjohet p\u00ebrs\u00ebri\u2026 fal\u00eb Zotit.<\/p>\n<p>Luk Ka\u00e7aj mbizot\u00ebroi skenat e operas bot\u00ebrore t\u00eb Balshoj Theat\u00ebr t\u00eb Mosk\u00ebs e t\u00eb Sant Petersburgut, t\u00eb Prag\u00ebs, t\u00eb Budapestit, t\u00eb Berlinit t\u00eb Varshav\u00ebs, t\u00eb Bukureshtit dhe Tiran\u00ebs.<br \/>\nFati tragjik, lidhet me emrin e tij dhe shekullin e kaluar, si nj\u00eb e v\u00ebrtet\u00eb e tmerrshme, d\u00ebshmi dhune kriminale komuniste, mbi kollosin e kantos shqiptare, i cili erdhi si nj\u00eb meteor i t\u00eb gjith\u00eb shpirtrave q\u00eb s\u2019mund\u00ebn t\u00eb flasin.<br \/>\nZani i i tij e \u00e7au universin, duke p\u00ebr\u00e7uar lajmin e t\u00eb gjith\u00eb t\u00eb vrar\u00ebve, e t\u00eb pushkatuarve, e viktimave t\u00eb pafajshme, t\u00eb pambrojtura, n\u00eb qiell te hapur.<br \/>\nZotat q\u00eb desh\u00ebn shqiptar\u00ebt, prej Zanit te tij, u zgjuan prej gjumit, engj\u00ebjt mbrojt\u00ebs d\u00ebrguan shp\u00ebtimtar\u00ebt p\u00ebr shqiptar\u00ebt, q\u00eb t\u00eb shp\u00ebtojn\u00eb pasardh\u00ebsit e arb\u00ebrit e bijt\u00eb e shqipes, nga dar\u00ebt e krimit ma te eg\u00ebr e te sh\u00ebmtuar komunist-hoxhist.<br \/>\nFati i gjeniut t\u00eb lindur n\u00eb Bajz\u00eb t\u00eb Kastratit, t\u00eb shkolluar n\u00eb Shkod\u00ebr n\u00eb kolegjin franceskan, do te fark\u00ebtohej, duke djegur e shkelur barbarisht mbi t\u00eb gjith\u00eb Veriun ee kultur\u00ebn tij. Por zani i tij, mbijetoi mbi dhun\u00ebn e posht\u00ebrsin\u00eb, mbi pabesin\u00eb e eg\u00ebrsin\u00eb, mbi vuajtjen e vetmin\u00eb, q\u00eb i rezervoi fati i pamerituar\u2026<br \/>\nMbijetoi zani hyjnor, emri e fama, e v\u00ebrteta dhe e drejta, shpirti i past\u00ebr e i bardh\u00eb, besimi kristian katolik shkodran, dinjiteti dhe q\u00ebndresa mal\u00ebsore, shpirti fisnik e falja burrnore, qenia e plot\u00eb komb\u00ebtare shqiptare.<br \/>\nBasi gjigand shqiptar e lidhi jet\u00ebn e fatin e tij me kombin, me atdheun, me familjen, me oper\u00ebn, me lirin\u00eb.<br \/>\nRrethet e kritik\u00ebs s\u00eb muzik\u00ebs klasike, operistike, u rropat\u00ebn ta quanin t\u00eb barabart\u00eb me Karuzon, me Shaljapin. Por, ai tejkaloi bashk\u00ebkohesit e tij me n\u00eb krye Nikolai G\u2019jurovin ne La Skala te Milanos.<br \/>\nLuk Ka\u00e7aj mbizot\u00ebroi skenat e operas bot\u00ebrore t\u00eb Balshoj Theat\u00ebr t\u00eb Mosk\u00ebs e t\u00eb Sant Petersburgut, t\u00eb Prag\u00ebs, t\u00eb Budapestit, t\u00eb Berlinit t\u00eb Varshav\u00ebs, t\u00eb Bukureshtit dhe Tiran\u00ebs. Ai do t\u00eb mbetej timbri m\u00eb i paarritsh\u00ebm dhe sfidues dhe p\u00ebr yjet e m\u00ebvonsh\u00ebm, Pavarotin dhe Domingon, t\u00eb cil\u00ebt dominuan skenat bot\u00ebrore t\u00eb oper\u00ebs, n\u00eb nj\u00eb koh\u00eb kur q\u00ebndronte i burgosur n\u00eb Shqip\u00ebri, zani i t\u00eb madhit Luk Ka\u00e7aj, prej diktator\u00ebve gjakatare t\u00eb Shqip\u00ebris\u00ebe komuniste.<br \/>\nHistoria e muzik\u00ebs klasike bot\u00ebrore, nuk njeh nj\u00eb shembull t\u00eb till\u00eb t\u00eb ngjash\u00ebm, se si eg\u00ebrsia mizore komuniste, u turr si nj\u00eb bish\u00eb e \u00e7mendur mbi korifeun e vet.<br \/>\nT\u00eb tmerruar, prej fam\u00ebs dhe oshtim\u00ebs s\u00eb z\u00ebrave t\u00eb p\u00ebrbashk\u00ebt q\u00eb p\u00ebrfaq\u00ebsonte, kuptuan se duke e burgos\u00eb dhe mbyll\u00eb n\u00eb qeli, t\u00eb shoq\u00ebruar me dhimbje dhe tortura, do t\u00eb vrisnin magjin\u00eb e z\u00ebrave hyjnore, q\u00eb do shekuj p\u00ebr t\u00eb fark\u00ebtuar gjeni t\u00eb till\u00eb, e ta d\u00ebrgojn\u00eb n\u00eb tok\u00eb, si d\u00ebshmitar\u00eb dhe komunikues.<br \/>\nNj\u00eb kombi t\u00eb caktuar, Shqip\u00ebris\u00eb, ja dhuruan p\u00ebr bamir\u00ebsi Zotat e p\u00ebrjetsh\u00ebm, q\u00eb ne duam fort t\u00eb besojm\u00eb se ato egzistojn\u00eb. E bash ky Zot i sken\u00ebs operistike shqiptare, u kthye n\u00eb, nj\u00eb za universal q\u00eb i fali gjith\u00eb bot\u00ebs, n\u00eb gjuh\u00eb t\u00eb kompozuara dhe k\u00ebnduara me mjesht\u00ebri si n\u00eb italisht, fr\u00ebngjisht, gjermanisht, rusisht dhe padiskutim n\u00eb shqip, ku shk\u00eblqeu me arien \u2026O ju male\u2026 kompozuar nga kompozitori shkodran \u00c7esk Zadeja.<br \/>\nTonaliteti i basit, ky z\u00eb i shtrir\u00eb, i gjer\u00eb, i thell\u00eb, q\u00eb vjen e mbaron n\u00eb male, ashtu, si prejardhja e Luk Ka\u00e7aj prej Bajz\u00ebs s\u00eb Kastratit, do t\u00eb prehej m\u00eb von\u00eb n\u00eb t\u00eb njejtin mal, ku prehet dhe shenjtori gjithbot\u00ebror i shekullit t\u00eb 12-t\u00eb, Shna Ndou, tonaliteti i k\u00ebtij zani shenjtnor, i bekuar katolik shqiptar, unik, universal, ndodhet n\u00eb shenjt\u00ebrine e vet, me fam\u00ebn dhe rrezatimin, n\u00eb vuajtjen dhe dhimbjen, me dashurin\u00eb e faljen, me qet\u00ebsin\u00eb e gjer\u00ebsin\u00eb, me osh\u00ebtim\u00ebn dhe bukurin\u00eb, me v\u00ebrtet\u00ebsin\u00eb dhe lirin\u00eb, n\u00eb besimin dhe shpres\u00ebn e p\u00ebrjetshme.<br \/>\nNe shqiptar\u00ebt e pat\u00ebm k\u00ebt\u00eb gjeni! Kriminel\u00ebt komunist\u00eb na e vran\u00eb fizikisht. T\u00eb gjith\u00eb duhet t\u00eb ndjehemi t\u00eb posht\u00ebruar.<\/p>\n<p>Padiskutim edhe un\u00eb si qytetar i k\u00ebtij vendi, si bashk\u00ebkombas shqiptar, me keqardhje them q\u00eb nuk pata mund\u00ebsine e mosh\u00ebn e reagimit, q\u00eb ta mbrojm\u00eb k\u00ebt\u00eb akt mizor.<br \/>\nPrandaj dua sot e mot ta kujtojm\u00eb k\u00ebt\u00eb gjigand t\u00eb madh, t\u00eb artit elitar, t\u00eb oper\u00ebs shqiptare.<br \/>\nN\u00eb k\u00ebt\u00eb 100 vjetor, kur t\u00eb gjith\u00eb kujtuan t\u00eb ngjashmit e tyre, t\u00eb af\u00ebrmit e tyre, t\u00eb ikurit dhe t\u00eb kthyerit e dyshimt\u00eb, n\u00ebp\u00ebr art e histori , n\u00eb shkenc\u00eb e let\u00ebrsi, si dhe ata q\u00eb paguan p\u00ebr t\u2019u lavd\u00ebruar, q\u00eb u vetdekoruan dhe q\u00eb u ngrit\u00ebn n\u00eb piedestale, p\u00ebrs\u00ebri gabuan, sepse Luk Ka\u00e7aj vezullon mbi zana t\u00eb tjer\u00eb, osh\u00ebtin n\u00ebp\u00ebr majet e skenave shqiptare, q\u00eb t\u00eb kujtojn\u00eb er\u00ebrat q\u00eb rikthehen tek ikonat, p\u00ebr t\u00eb rikujtuar madh\u00ebshtin\u00eb, n\u00ebp\u00ebr kohra, ashtu, si n\u00eb kish\u00ebn e Sh\u00ebn Sofis\u00eb n\u00eb Konstandinopoj\u00eb, Stamboll; dhe at\u00eb t\u00eb Sh\u00ebn Pjetrit n\u00eb Vatikan.<br \/>\nLuk Ka\u00e7aj, jo rast\u00ebsisht prehet n\u00eb nj\u00eb mal t\u00eb shenjt\u00eb ku q\u00ebndron, kisha e Shna Ndoit n\u00eb La\u00e7.<br \/>\nDua t\u2019Ju risjell nd\u00ebrmend kolon\u00ebn zanore tek filmi \u201cSk\u00ebnderbeu\u201d, ardhjen prej lasht\u00ebsis\u00eb, t\u00eb plakut t\u00eb verb\u00ebr me qengjin n\u00eb dor\u00eb, duke k\u00ebnduar kang\u00ebn \u201c O ju male\u201d. Ky \u00ebsht\u00eb nj\u00eb p\u00ebrjetim biblik, ku arti prek historin\u00eb, e kinematografia shigjeton imagjinat\u00ebn.<br \/>\nLuk Ka\u00e7aj k\u00ebtu \u2013 bashkon zanin burr\u00ebrror shum\u00eb shekullor shqiptar, me pathosin dhe heroin komb\u00ebtar Gjergj Gjon Kastriotin, tok\u00ebn e praruar me Kruj\u00ebn e bekuar, q\u00ebndres\u00ebn e p\u00ebrgjakur.<br \/>\nKang\u00ebtarin Luk\u00eb \u2013 lahutarin e verbuar, me qengjin n\u00eb duar, ku paqen e mitologjin\u00eb e shkrin me mesjet\u00ebn dhe jep shpres\u00ebn p\u00ebr t\u00eb ardhmen, duke ruajtur kujtes\u00ebn.<br \/>\nLuk Ka\u00e7aj personifikon shkoll\u00ebn dhe shkall\u00ebn m\u00eb t\u00eb lart\u00eb t\u00eb t\u00eb k\u00ebnduarit me diafragm\u00eb, talentin e kombinuar me pun\u00eb dhe p\u00ebrkushtim, zanin e lindur e t\u00eb latuar me shkollim kishtar e profesional, aktorin e lindur p\u00ebr t\u00eb zot\u00ebruar skenat bot\u00ebrore, ashtu si Aleksand\u00ebr Moisiu i madh me q\u00ebndrimin elegant n\u00eb sken\u00eb dhe zot\u00ebrimin e saj, t\u00eb koh\u00ebs, kur ai k\u00ebndoi dhe jetoi, e shekullit, q\u00eb arriti t\u00eb mbijetojn\u00eb artistikisht zani i tij.<br \/>\nLuk Ka\u00e7aj mbetet dhe p\u00ebr shekujt q\u00eb do t\u00eb vijn\u00eb, besoj, si zani m\u00eb i madh i gjitha koh\u00ebrave, nd\u00ebr shekuj e nd\u00ebr shqiptar\u00eb. Zani i tij do t\u00eb osh\u00ebtij\u00eb nd\u00ebr male dhe fusha, nd\u00ebr pyjet e larta, n\u00eb paq\u00eb e n\u00eb am\u00ebshim, duke pushtuar t\u00eb gjitha hap\u00ebsirat qiellore e labirinthet, edhe p\u00ebrtej varrit, duke tmerruar e ndjekur t\u00eb paaft\u00ebt, ziliqar\u00ebt, spiun\u00ebt e diktator\u00ebt, dashakeq\u00ebsit e puthador\u00ebt, hileqar\u00ebt e ithnak\u00ebt, t\u00eb pabes\u00ebt dhe dinak\u00ebt, eunuk\u00ebt dhe t\u00eb posht\u00ebrit, si nj\u00eb kod etik, moral e profesional.<br \/>\nE dua k\u00ebt\u00eb Luk Ka\u00e7aj, si njeri, si shqiptar, si fe, si bestytni, si profesionist, si gjeni, sepse asht jo vet\u00ebm p\u00ebr mua, shembull i paarritsh\u00ebm, se jam pjes\u00eb e dua t\u00eb ndjehem produkt i shpirtit t\u00eb tij, adhurues i p\u00ebrgjithmonsh\u00ebm p\u00ebr k\u00ebt\u00eb; idhull e mit, po ashtu edhe p\u00ebr t\u00eb ngjashmit e mi.<br \/>\nKjo legjend\u00eb e lindur, i dha \u00e7do gja kombit t\u00eb tij, dhe sipas d\u00ebshir\u00ebs, u preh n\u00eb k\u00ebt\u00eb tok\u00eb shqiptarisht, n\u00eb paq\u00eb hyjnore.<br \/>\nT\u00eb k\u00ebrkoj falje personalisht, publikisht, njer\u00ebzisht, o Mjesht\u00ebr i Madh i Sken\u00ebs s\u00eb Oper\u00ebs Shqiptare po edhe asaj bot\u00ebrore\u2026 p\u00ebr dhimbjen q\u00eb t\u00eb shkaktuan, bashk\u00ebkomb\u00ebsat e tu e t\u00eb mi nj\u00ebkoh\u00ebsisht, n\u00eb koh\u00eb t\u00eb err\u00ebta, p\u00ebr vuajtjen e tmerrin q\u00eb t\u00eb gatuan qeniet e vogla, t\u00eb pabesa, mizore \u2013 k\u00ebng\u00ebtaruc\u00ebt ala shqiptare\u2026 q\u00eb u ban\u00eb spiun\u00eb dhe veg\u00ebl, kundra bot\u00ebs e vetes..<br \/>\nFali o Zot \u2013 se s\u2019din\u00eb \u00e7ka bajn\u00eb \u2013 thuhet n\u00eb Bib\u00ebl. Kriminel\u00ebt komunist\u00eb shqiptar\u00eb e dit\u00ebn mire \u00e7ka po banin, kur arrestuan Luk Ka\u00e7aj me 1975, n\u00eb shkall\u00ebt e Akademis\u00eb s\u00eb Arteve, n\u00eb prani t\u00eb qindra student\u00ebve e pedagog\u00ebve, gjeniun e sken\u00ebs operistike\u2026 dhe si Jezusin e kryq\u00ebzuan dhe gjakos\u00ebn me d\u00ebshmin\u00eb e ulta dhe tinzare t\u00eb jokoleg\u00ebve te tij, sh\u00ebrb\u00ebtor\u00eb dhe spiun\u00eb t\u00eb regjimit komunist.<br \/>\nPor s\u2019arrit\u00ebn dot, as ata dhe as urdh\u00ebruesit gjakatar\u00eb komunist\u00eb t\u00eb ulin madh\u00ebshtin\u00eb e tij, ta zhbanin zanin e tij. P\u00ebr fat t\u00eb keq, artist\u00ebt bashk\u00ebkohor\u00eb u zbyth\u00ebn dhe pranuan mbijetes\u00ebn, krijuan vetcensurimin.<br \/>\nLuk Kacaj u vetsakrifikua p\u00ebr t\u00eb tjer\u00ebt, p\u00ebr artin e madh, p\u00ebr oper\u00ebn, zanin e fatin e tij, p\u00ebr besimin e m\u00ebsuesin e tij fran\u00e7eskan, Gjergj Fisht\u00ebn q\u00eb me vargjet e recituara nga fillimi deri n\u00eb fund t\u00eb \u201cLahut\u00ebs s\u00eb Malcis\u00eb\u201d, vulosi shpirtin e dhan\u00eb p\u00ebr vendin e kombin e tij, p\u00ebr ne t\u00eb gjith\u00eb bashk\u00ebkombasit shqiptar\u00eb p\u00ebr lirin\u00eb, p\u00ebr shpres\u00ebn.<br \/>\nDhe n\u00eb k\u00ebt\u00eb shekull t\u00eb ri, kombi shqiptar q\u00eb vjen prej lasht\u00ebsis\u00eb dhe thell\u00ebsis\u00eb s\u00eb mijra vjet\u00ebve dhe maleve kreshnike, e pati dhe e ka, edhe k\u00ebt\u00eb za t\u00eb jashtzakonsh\u00ebm \u2013 fal\u00eb Zotit, q\u00eb Zotat ja dhuruan \u2013 Luk Ka\u00e7aj. E ky Luk Ka\u00e7aj \u2013 na dhuroi ne \u2013 zanin e tij.<br \/>\nSot n\u00ebn tinguj e zanit bu\u00e7ues, e dua edhe m\u00eb shum\u00eb dhe e shijoj lirin\u00eb, me Don Xhovanin e k\u00ebnduar nga basi i famsh\u00ebm shqiptar i t\u00eb gjitha kohrave.<br \/>\nP\u00ebr Krishtlindje e Vitin e Ri 2013, festuam shpres\u00ebn, dhe me 100 Vjetorin, festuam lirin\u00eb dhe Pavar\u00ebsin\u00eb.<br \/>\nZani i tij, na risolli kujtes\u00ebn, prejardhjen, kang\u00ebn q\u00eb e shoq\u00ebroi njeriun qysh prej lindjes s\u00eb tij e p\u00ebrjet\u00ebsisht\u2026<br \/>\nT\u00eb nj\u00ebjten gja, jua rekomandoj edhe juve, bashk\u00ebkombas shqiptar\u00eb, shijoni k\u00ebt\u00eb bas madh\u00ebshtor shqiptar, krejt ndryshe dhe unikal, pasurohu me ndjenj\u00eb n\u00eb shpirt dhe krenohu, mendohu se si arriti t\u00eb mbijetoj\u00eb emri dhe fama e tij, zani hyjnor dhe e v\u00ebrteta, vuajtja, e shpirti i past\u00ebr, i bardh\u00eb, besimi i lasht\u00eb shkodran, dinjiteti dhe q\u00ebndresa mal\u00ebsore, fisnik\u00ebria dhe falja burr\u00ebrore.<br \/>\nAsht rast\u00ebsi dhe fat i madh, q\u00eb kemi t\u00eb ruajtur zanin e k\u00ebtij basi gjigand shqiptar; k\u00ebt\u00eb za limit e shkoll\u00eb t\u00eb ve\u00e7ant\u00eb, bas t\u00eb thell\u00eb e t\u00eb gjan\u00eb, q\u00eb si bora q\u00eb shkrin, ik\u00ebn n\u00eb damar\u00eb ujor\u00eb n\u00ebntok\u00ebsor\u00eb, e p\u00ebrs\u00ebri buron n\u00ebn akull, duke na fal\u00eb ngroht\u00ebsin\u00eb e jet\u00ebs, bes\u00ebs dhe shpres\u00ebs, bukurin\u00eb e pushtimit t\u00eb ndjenj\u00ebs, dashuris\u00eb dhe kujtes\u00ebs e na mbush\u00eb me magji\u2026<\/p>\n","protected":false},"excerpt":{"rendered":"<p>9 Mars 2014 Nga Leonardo VOCI Kolosi i paarritsh\u00ebm, miti i sken\u00ebs operistike bot\u00ebrore, k\u00ebndon e d\u00ebgjohet p\u00ebrs\u00ebri\u2026 fal\u00eb Zotit. Luk Ka\u00e7aj mbizot\u00ebroi skenat e operas bot\u00ebrore t\u00eb Balshoj Theat\u00ebr t\u00eb Mosk\u00ebs e t\u00eb Sant Petersburgut, t\u00eb Prag\u00ebs, t\u00eb Budapestit, t\u00eb Berlinit t\u00eb Varshav\u00ebs, t\u00eb Bukureshtit dhe Tiran\u00ebs. Fati tragjik, lidhet me emrin e tij [&hellip;]<\/p>\n","protected":false},"author":9,"featured_media":79083,"comment_status":"open","ping_status":"open","sticky":false,"template":"","format":"standard","meta":{"jetpack_post_was_ever_published":false,"_jetpack_newsletter_access":"","_jetpack_dont_email_post_to_subs":false,"_jetpack_newsletter_tier_id":0,"_jetpack_memberships_contains_paywalled_content":false,"_jetpack_memberships_contains_paid_content":false,"footnotes":"","jetpack_publicize_message":"","jetpack_publicize_feature_enabled":true,"jetpack_social_post_already_shared":true,"jetpack_social_options":{"image_generator_settings":{"template":"highway","default_image_id":0,"font":"","enabled":false},"version":2}},"categories":[87,27,85,35,86],"tags":[],"class_list":["post-79082","post","type-post","status-publish","format-standard","has-post-thumbnail","hentry","category-arte","category-blogu-i-udhetarit","category-histori","category-shoqerore","category-trashegimi-kulturore"],"jetpack_publicize_connections":[],"jetpack_featured_media_url":"https:\/\/i0.wp.com\/www.shqiperia.com\/blog\/wp-content\/uploads\/2024\/03\/IMG_0412.jpeg?fit=442%2C336&ssl=1","jetpack_sharing_enabled":true,"jetpack_shortlink":"https:\/\/wp.me\/p5Z6wp-kzw","jetpack-related-posts":[{"id":10548,"url":"https:\/\/www.shqiperia.com\/blog\/jete-paralele-lluk-kacaj-dhe-gaqo-cako\/","url_meta":{"origin":79082,"position":0},"title":"JETE PARALELE: &#8211; Lluk Ka\u00e7aj dhe Gaqo \u00c7ako. &#8211;","author":"Kurt Farka","date":"August 5, 2018","format":false,"excerpt":"JETE PARALELE: - Lluk Ka\u00e7aj dhe Gaqo \u00c7ako. - Nga: Klodi Stralla. Para 2000 vjet\u00ebsh historiani biograf grek Plutarku na ka l\u00ebn\u00eb nj\u00eb lib\u00ebr t\u00eb mrekulluesh\u00ebm \u2013 Jet\u00eb paralele, shqip\u00ebruar nga helenisti yn\u00eb Sotir Papakristo, ku me shum\u00eb v\u00ebrtet\u00ebsi dhe art jan\u00eb skalitur, n\u00eb stil ballafaques, biografit\u00eb e 22 \u00e7ifte\u2026","rel":"","context":"In &quot;Arte&quot;","block_context":{"text":"Arte","link":"https:\/\/www.shqiperia.com\/blog\/category\/arte\/"},"img":{"alt_text":"","src":"https:\/\/i0.wp.com\/www.shqiperia.com\/blog\/wp-content\/uploads\/2018\/08\/luk-Kacaj.jpg?fit=442%2C336&ssl=1&resize=350%2C200","width":350,"height":200},"classes":[]},{"id":27712,"url":"https:\/\/www.shqiperia.com\/blog\/piktori-leonardo-voci\/","url_meta":{"origin":79082,"position":1},"title":"Piktori Leonardo Voci. &#8211;","author":"Kurt Farka","date":"November 4, 2019","format":false,"excerpt":"Leonardo Voci\u00a0Ka lindur n\u00eb Bajz\u00eb t\u00eb Kastratit, Mal\u00ebsi e Madhe, qarku Shkod\u00ebr. \u00cbsht\u00eb piktor i Rrym\u00ebs moderne Abstrakte dhe ka mbaruar specializime n\u00eb Gjermani, Itali dhe Holland\u00eb. Ka hapur ekspozita n\u00eb vende t\u00eb ndryshme t\u00eb bot\u00ebs, dhe natyrisht edhe n\u00eb Shkod\u00ebr, Teatri Migjeni, n\u00eb vitin 2006. Krijimtaria ne artet figurative\u2026","rel":"","context":"In &quot;Arte&quot;","block_context":{"text":"Arte","link":"https:\/\/www.shqiperia.com\/blog\/category\/arte\/"},"img":{"alt_text":"","src":"https:\/\/i0.wp.com\/www.shqiperia.com\/blog\/wp-content\/uploads\/2019\/11\/Leonardo-Voci-6-300x143.jpg?resize=350%2C200&ssl=1","width":350,"height":200,"srcset":"https:\/\/i0.wp.com\/www.shqiperia.com\/blog\/wp-content\/uploads\/2019\/11\/Leonardo-Voci-6-300x143.jpg?resize=350%2C200&ssl=1 1x, https:\/\/i0.wp.com\/www.shqiperia.com\/blog\/wp-content\/uploads\/2019\/11\/Leonardo-Voci-6-300x143.jpg?resize=525%2C300&ssl=1 1.5x"},"classes":[]},{"id":41192,"url":"https:\/\/www.shqiperia.com\/blog\/carli-caplin-aktori-me-i-madh-i-historise-se-kinemase-boterore\/","url_meta":{"origin":79082,"position":2},"title":"\u00c7arli \u00c7aplin, aktori m\u00eb i madh i historis\u00eb s\u00eb kinemas\u00eb bot\u00ebrore","author":"Kurt Farka","date":"November 25, 2020","format":false,"excerpt":"\u00c7arli \u00c7aplin, aktori m\u00eb i madh i historis\u00eb s\u00eb kinemas\u00eb bot\u00ebrore Kur bota vuante pasojat e Luft\u00ebs s\u00eb Par\u00eb Bot\u00ebrore, shum\u00eb njer\u00ebz gjet\u00ebn shpres\u00eb n\u00eb filmat e tij, edhe pse pas komikes s\u00eb tyre fshihej nj\u00eb jet\u00eb e trishtuar. N\u00eb nj\u00eb sondazh mbar\u00ebbot\u00ebror t\u00eb drejtuar nga kritik\u00eb t\u00eb filmit, \u00c7aplini\u2026","rel":"","context":"In &quot;Arte&quot;","block_context":{"text":"Arte","link":"https:\/\/www.shqiperia.com\/blog\/category\/arte\/"},"img":{"alt_text":"","src":"https:\/\/i0.wp.com\/www.shqiperia.com\/blog\/wp-content\/uploads\/2020\/11\/d0cb13c7169cdc543518d0f0eb1a997a-1.jpg?fit=480%2C286&ssl=1&resize=350%2C200","width":350,"height":200},"classes":[]},{"id":44572,"url":"https:\/\/www.shqiperia.com\/blog\/parashikimi-i-frikshem-nga-nostradamus-nje-lufte-e-trete-boterore-dhe-nje-termet-katastrofik\/","url_meta":{"origin":79082,"position":3},"title":"Parashikimi i friksh\u00ebm nga Nostradamus: Nj\u00eb Luft\u00eb e Tret\u00eb Bot\u00ebrore dhe nj\u00eb t\u00ebrmet katastrofik","author":"Kurt Farka","date":"February 23, 2021","format":false,"excerpt":"Parashikimi i friksh\u00ebm nga Nostradamus: Nj\u00eb Luft\u00eb e Tret\u00eb Bot\u00ebrore dhe nj\u00eb t\u00ebrmet katastrofik 22 SHKURT 2021 Lufta e Tret\u00eb Bot\u00ebrore, nj\u00eb t\u00ebrmet katastrofik dhe nj\u00eb 'anti-Krisht' i tret\u00eb mund t\u00eb jen\u00eb rezervuar p\u00ebr Tok\u00ebn, n\u00ebse duhet t\u00eb besojm\u00eb astrologun francez t\u00eb shekullit t\u00eb 16-t\u00eb dhe orakullin Nostradamus. Parashikimet e\u2026","rel":"","context":"In &quot;Histori&quot;","block_context":{"text":"Histori","link":"https:\/\/www.shqiperia.com\/blog\/category\/histori\/"},"img":{"alt_text":"","src":"https:\/\/i0.wp.com\/www.shqiperia.com\/blog\/wp-content\/uploads\/2021\/02\/800-0-f2e7811e6cf68188ca56642cc36bc09b.png?fit=800%2C438&ssl=1&resize=350%2C200","width":350,"height":200,"srcset":"https:\/\/i0.wp.com\/www.shqiperia.com\/blog\/wp-content\/uploads\/2021\/02\/800-0-f2e7811e6cf68188ca56642cc36bc09b.png?fit=800%2C438&ssl=1&resize=350%2C200 1x, https:\/\/i0.wp.com\/www.shqiperia.com\/blog\/wp-content\/uploads\/2021\/02\/800-0-f2e7811e6cf68188ca56642cc36bc09b.png?fit=800%2C438&ssl=1&resize=525%2C300 1.5x, https:\/\/i0.wp.com\/www.shqiperia.com\/blog\/wp-content\/uploads\/2021\/02\/800-0-f2e7811e6cf68188ca56642cc36bc09b.png?fit=800%2C438&ssl=1&resize=700%2C400 2x"},"classes":[]},{"id":47261,"url":"https:\/\/www.shqiperia.com\/blog\/disa-fakte-historike-per-einstein-dhe-foton-ikone-te-tij-duke-nxjerre-gjuhen\/","url_meta":{"origin":79082,"position":4},"title":"Disa fakte historike p\u00ebr Einstein dhe foton ikon\u00eb t\u00eb tij duke nxjerr\u00eb gjuh\u00ebn","author":"Kurt Farka","date":"May 6, 2021","format":false,"excerpt":"Disa fakte historike p\u00ebr Einstein dhe foton ikon\u00eb t\u00eb tij duke nxjerr\u00eb gjuh\u00ebn - 15\/03\/21 Kan\u00eb kaluar 70 vjet q\u00eb kur \u00ebsht\u00eb shkrepur fotografia m\u00eb e famshme t\u00eb gjitha koh\u00ebrave. N\u00eb qend\u00ebr t\u00eb ngjarjes: reporter\u00ebt insistues dhe Albert Einstein, q\u00eb festonte dit\u00eblindjen. \u00cbsht\u00eb 14 Marsi i vitit 1951 dhe Albert\u2026","rel":"","context":"In &quot;Blogu i Udh\u00ebtarit&quot;","block_context":{"text":"Blogu i Udh\u00ebtarit","link":"https:\/\/www.shqiperia.com\/blog\/category\/blogu-i-udhetarit\/"},"img":{"alt_text":"","src":"https:\/\/i0.wp.com\/www.shqiperia.com\/blog\/wp-content\/uploads\/2021\/05\/16085370_401.jpg?fit=700%2C394&ssl=1&resize=350%2C200","width":350,"height":200,"srcset":"https:\/\/i0.wp.com\/www.shqiperia.com\/blog\/wp-content\/uploads\/2021\/05\/16085370_401.jpg?fit=700%2C394&ssl=1&resize=350%2C200 1x, https:\/\/i0.wp.com\/www.shqiperia.com\/blog\/wp-content\/uploads\/2021\/05\/16085370_401.jpg?fit=700%2C394&ssl=1&resize=525%2C300 1.5x, https:\/\/i0.wp.com\/www.shqiperia.com\/blog\/wp-content\/uploads\/2021\/05\/16085370_401.jpg?fit=700%2C394&ssl=1&resize=700%2C400 2x"},"classes":[]},{"id":25857,"url":"https:\/\/www.shqiperia.com\/blog\/luke-kacaj-nderi-i-kombit-bajze-26-shkurt-1924-lac-7-shtator-2001-muzikant-dhe-bas-bariton-shqiptar-i-mbiquajtur-shaljapini-shqiptar\/","url_meta":{"origin":79082,"position":5},"title":"Luk\u00eb Ka\u00e7aj, \u201cNderi i Kombit\u201d, (Bajz\u00eb, 26 shkurt 1924 &#8211; La\u00e7, 7 shtator 2001) muzikant dhe bas bariton shqiptar i mbiquajtur &#8220;Shaljapini shqiptar&#8221;.","author":"Kurt Farka","date":"September 13, 2019","format":false,"excerpt":"Luk\u00eb Ka\u00e7aj, \u201cNderi i Kombit\u201d, (Bajz\u00eb, 26 shkurt 1924 - La\u00e7, 7 shtator 2001) muzikant dhe bas bariton shqiptar i mbiquajtur \"Shaljapini shqiptar\". Dinjitoz, ashtu si\u00e7 rr\u00ebfen vet\u00eb n\u00eb kujtimet e tij p\u00ebrball\u00eb hetuesit. Kur e pyet se p\u00ebrse nuk iku, ai u p\u00ebrgjigj: \u201c\u2026Kush nuk e do atdheun e\u2026","rel":"","context":"In &quot;Arte&quot;","block_context":{"text":"Arte","link":"https:\/\/www.shqiperia.com\/blog\/category\/arte\/"},"img":{"alt_text":"","src":"https:\/\/i0.wp.com\/www.shqiperia.com\/blog\/wp-content\/uploads\/2019\/09\/69871842_2414600205296410_674772996090494976_n.jpg?fit=700%2C445&ssl=1&resize=350%2C200","width":350,"height":200,"srcset":"https:\/\/i0.wp.com\/www.shqiperia.com\/blog\/wp-content\/uploads\/2019\/09\/69871842_2414600205296410_674772996090494976_n.jpg?fit=700%2C445&ssl=1&resize=350%2C200 1x, https:\/\/i0.wp.com\/www.shqiperia.com\/blog\/wp-content\/uploads\/2019\/09\/69871842_2414600205296410_674772996090494976_n.jpg?fit=700%2C445&ssl=1&resize=525%2C300 1.5x, https:\/\/i0.wp.com\/www.shqiperia.com\/blog\/wp-content\/uploads\/2019\/09\/69871842_2414600205296410_674772996090494976_n.jpg?fit=700%2C445&ssl=1&resize=700%2C400 2x"},"classes":[]}],"_links":{"self":[{"href":"https:\/\/www.shqiperia.com\/blog\/wp-json\/wp\/v2\/posts\/79082","targetHints":{"allow":["GET"]}}],"collection":[{"href":"https:\/\/www.shqiperia.com\/blog\/wp-json\/wp\/v2\/posts"}],"about":[{"href":"https:\/\/www.shqiperia.com\/blog\/wp-json\/wp\/v2\/types\/post"}],"author":[{"embeddable":true,"href":"https:\/\/www.shqiperia.com\/blog\/wp-json\/wp\/v2\/users\/9"}],"replies":[{"embeddable":true,"href":"https:\/\/www.shqiperia.com\/blog\/wp-json\/wp\/v2\/comments?post=79082"}],"version-history":[{"count":2,"href":"https:\/\/www.shqiperia.com\/blog\/wp-json\/wp\/v2\/posts\/79082\/revisions"}],"predecessor-version":[{"id":79085,"href":"https:\/\/www.shqiperia.com\/blog\/wp-json\/wp\/v2\/posts\/79082\/revisions\/79085"}],"wp:featuredmedia":[{"embeddable":true,"href":"https:\/\/www.shqiperia.com\/blog\/wp-json\/wp\/v2\/media\/79083"}],"wp:attachment":[{"href":"https:\/\/www.shqiperia.com\/blog\/wp-json\/wp\/v2\/media?parent=79082"}],"wp:term":[{"taxonomy":"category","embeddable":true,"href":"https:\/\/www.shqiperia.com\/blog\/wp-json\/wp\/v2\/categories?post=79082"},{"taxonomy":"post_tag","embeddable":true,"href":"https:\/\/www.shqiperia.com\/blog\/wp-json\/wp\/v2\/tags?post=79082"}],"curies":[{"name":"wp","href":"https:\/\/api.w.org\/{rel}","templated":true}]}}