{"id":79079,"date":"2024-03-09T18:12:42","date_gmt":"2024-03-09T18:12:42","guid":{"rendered":"https:\/\/www.shqiperia.com\/blog\/?p=79079"},"modified":"2024-03-09T18:12:42","modified_gmt":"2024-03-09T18:12:42","slug":"zonat-e-mbrojtura-zhduket-liqeni-i-prespes-se-vogel-kthehet-ne-kenete","status":"publish","type":"post","link":"https:\/\/www.shqiperia.com\/blog\/zonat-e-mbrojtura-zhduket-liqeni-i-prespes-se-vogel-kthehet-ne-kenete\/","title":{"rendered":"Zonat e Mbrojtura &#8211; Zhduket liqeni i &#8216;Presp\u00ebs s\u00eb Vog\u00ebl&#8217;, kthehet n\u00eb k\u00ebnet\u00eb"},"content":{"rendered":"<div class=\"inside_div_article\">\n<div class=\"article_header\">\n<div class=\"author_and_related permbledhja\">\n<p><img data-recalc-dims=\"1\" loading=\"lazy\" decoding=\"async\" data-attachment-id=\"79080\" data-permalink=\"https:\/\/www.shqiperia.com\/blog\/zonat-e-mbrojtura-zhduket-liqeni-i-prespes-se-vogel-kthehet-ne-kenete\/prespa_lake_at_gorica_e_vogel\/\" data-orig-file=\"https:\/\/i0.wp.com\/www.shqiperia.com\/blog\/wp-content\/uploads\/2024\/03\/Prespa_Lake_at_Gorica_e_vogel-scaled.jpg?fit=2560%2C1402&amp;ssl=1\" data-orig-size=\"2560,1402\" data-comments-opened=\"1\" data-image-meta=\"{&quot;aperture&quot;:&quot;0&quot;,&quot;credit&quot;:&quot;&quot;,&quot;camera&quot;:&quot;&quot;,&quot;caption&quot;:&quot;&quot;,&quot;created_timestamp&quot;:&quot;0&quot;,&quot;copyright&quot;:&quot;&quot;,&quot;focal_length&quot;:&quot;0&quot;,&quot;iso&quot;:&quot;0&quot;,&quot;shutter_speed&quot;:&quot;0&quot;,&quot;title&quot;:&quot;&quot;,&quot;orientation&quot;:&quot;0&quot;}\" data-image-title=\"Prespa_Lake_at_Gorica_e_vogel\" data-image-description=\"\" data-image-caption=\"\" data-medium-file=\"https:\/\/i0.wp.com\/www.shqiperia.com\/blog\/wp-content\/uploads\/2024\/03\/Prespa_Lake_at_Gorica_e_vogel-scaled.jpg?fit=300%2C164&amp;ssl=1\" data-large-file=\"https:\/\/i0.wp.com\/www.shqiperia.com\/blog\/wp-content\/uploads\/2024\/03\/Prespa_Lake_at_Gorica_e_vogel-scaled.jpg?fit=1024%2C561&amp;ssl=1\" class=\"alignnone  wp-image-79080\" alt=\"\" src=\"https:\/\/i0.wp.com\/www.shqiperia.com\/blog\/wp-content\/uploads\/2024\/03\/Prespa_Lake_at_Gorica_e_vogel.jpg?resize=743%2C406&#038;ssl=1\" width=\"743\" height=\"406\" srcset=\"https:\/\/i0.wp.com\/www.shqiperia.com\/blog\/wp-content\/uploads\/2024\/03\/Prespa_Lake_at_Gorica_e_vogel-scaled.jpg?resize=300%2C164&amp;ssl=1 300w, https:\/\/i0.wp.com\/www.shqiperia.com\/blog\/wp-content\/uploads\/2024\/03\/Prespa_Lake_at_Gorica_e_vogel-scaled.jpg?resize=1024%2C561&amp;ssl=1 1024w, https:\/\/i0.wp.com\/www.shqiperia.com\/blog\/wp-content\/uploads\/2024\/03\/Prespa_Lake_at_Gorica_e_vogel-scaled.jpg?resize=768%2C421&amp;ssl=1 768w, https:\/\/i0.wp.com\/www.shqiperia.com\/blog\/wp-content\/uploads\/2024\/03\/Prespa_Lake_at_Gorica_e_vogel-scaled.jpg?resize=1536%2C841&amp;ssl=1 1536w, https:\/\/i0.wp.com\/www.shqiperia.com\/blog\/wp-content\/uploads\/2024\/03\/Prespa_Lake_at_Gorica_e_vogel-scaled.jpg?resize=2048%2C1121&amp;ssl=1 2048w, https:\/\/i0.wp.com\/www.shqiperia.com\/blog\/wp-content\/uploads\/2024\/03\/Prespa_Lake_at_Gorica_e_vogel-scaled.jpg?resize=2000%2C1095&amp;ssl=1 2000w, https:\/\/i0.wp.com\/www.shqiperia.com\/blog\/wp-content\/uploads\/2024\/03\/Prespa_Lake_at_Gorica_e_vogel-scaled.jpg?resize=450%2C246&amp;ssl=1 450w, https:\/\/i0.wp.com\/www.shqiperia.com\/blog\/wp-content\/uploads\/2024\/03\/Prespa_Lake_at_Gorica_e_vogel-scaled.jpg?resize=600%2C329&amp;ssl=1 600w, https:\/\/i0.wp.com\/www.shqiperia.com\/blog\/wp-content\/uploads\/2024\/03\/Prespa_Lake_at_Gorica_e_vogel-scaled.jpg?resize=1500%2C821&amp;ssl=1 1500w, https:\/\/i0.wp.com\/www.shqiperia.com\/blog\/wp-content\/uploads\/2024\/03\/Prespa_Lake_at_Gorica_e_vogel-scaled.jpg?resize=1300%2C712&amp;ssl=1 1300w, https:\/\/i0.wp.com\/www.shqiperia.com\/blog\/wp-content\/uploads\/2024\/03\/Prespa_Lake_at_Gorica_e_vogel-scaled.jpg?resize=400%2C219&amp;ssl=1 400w\" sizes=\"auto, (max-width: 743px) 100vw, 743px\" \/><\/p>\n<p>9 Mars 2024<\/p>\n<p>P\u00ebr shkak t\u00eb devijimit t\u00eb lumit t\u00eb Devoll q\u00eb n\u00eb vitet 70, Liqeni I Presp\u00ebs s\u00eb Vog\u00ebl \u00ebsht\u00eb drejt zhdukjes dhe tashm\u00eb \u00ebsht\u00eb k\u00ebnetizuar plot\u00ebsisht. Eksperti i mjedisit Llazi Stojani thot\u00eb se aluvionet e krijuara bllokuan burimet n\u00ebntok\u00ebsore, duke e b\u00ebr\u00eb gjendjen t\u00eb pakthyeshme.<\/p>\n<\/div>\n<\/div>\n<\/div>\n<div class=\"single_article_body\">\n<p>P\u00ebr shkak t\u00eb devijimit t\u00eb lumit t\u00eb Devoll q\u00eb n\u00eb vitet 70, Liqeni I Presp\u00ebs s\u00eb Vog\u00ebl \u00ebsht\u00eb drejt zhdukjes dhe tashm\u00eb \u00ebsht\u00eb k\u00ebnetizuar plot\u00ebsisht. Eksperti i mjedisit Llazi Stojani thot\u00eb se aluvionet e krijuara bllokuan burimet n\u00ebntok\u00ebsore, duke e b\u00ebr\u00eb gjendjen t\u00eb pakthyeshme<\/p>\n<p>Nj\u00eb skenar i paralajm\u00ebruar nga ekspert\u00ebt tashm\u00eb ka ndodhur. B\u00ebhet fjal\u00eb p\u00ebr zhdukjen e Liqenit t\u00eb Presp\u00ebs s\u00eb Vog\u00ebl, tashm\u00eb nj\u00eb fakt i konfirmuar edhe nga ekspert\u00ebt. Eksperti i mjedisit Llazi Stojani, thot\u00eb p\u00ebr Report Tv se kjo q\u00eb ka ndodhur me liqenin e Presp\u00ebs s\u00eb Vog\u00ebl \u00ebsht\u00eb humbja e pakthyeshme e nj\u00eb pasurie t\u00eb r\u00ebnd\u00ebsishme natyrore q\u00eb \u00ebsht\u00eb k\u00ebnetizuar. Arsyeja e k\u00ebnetizimit t\u00eb k\u00ebtij liqeni erdhi gradualisht pas devijimit t\u00eb lumit Devoll n\u00eb vitet 1970 dhe b\u00ebri q\u00eb t\u00eb rritet volumi i aluvioneve e t\u00eb bllokohen burimet n\u00ebntok\u00ebsore q\u00eb e furnizonin k\u00ebt\u00eb liqen.<\/p>\n<p>Tashm\u00eb liqeni i Presp\u00ebs nuk ka m\u00eb pamjen e dikurshme ku me varka peshkataret e zones niseshin nga bregu p\u00ebr t\u00eb peshkuar. Vet\u00ebm n\u00eb zon\u00ebn e liqenit q\u00eb I perket territorit grek dallohet nj\u00eb gji i past\u00ebr dhe i ruajtur me kujdes. Nd\u00ebrsa n\u00eb an\u00ebn Shqiptare nj\u00eb k\u00ebnet\u00eb q\u00eb sipas specialist\u00ebve nuk mund t\u00eb kthehet m\u00eb n\u00eb gjendjen e m\u00ebparshme. Pavar\u00ebsiht gjendjes aktuale, Liqeni i Presp\u00ebs se Vog\u00ebl vazhdon t\u00eb jet\u00eb pjes\u00eb e Parkut Komb\u00ebtar t\u00eb Presp\u00ebs<\/p>\n<p><span class=\"adminsigla\">Shqiptarja.com<\/span><span>\u00a0<\/span><\/div>\n","protected":false},"excerpt":{"rendered":"<p>9 Mars 2024 P\u00ebr shkak t\u00eb devijimit t\u00eb lumit t\u00eb Devoll q\u00eb n\u00eb vitet 70, Liqeni I Presp\u00ebs s\u00eb Vog\u00ebl \u00ebsht\u00eb drejt zhdukjes dhe tashm\u00eb \u00ebsht\u00eb k\u00ebnetizuar plot\u00ebsisht. Eksperti i mjedisit Llazi Stojani thot\u00eb se aluvionet e krijuara bllokuan burimet n\u00ebntok\u00ebsore, duke e b\u00ebr\u00eb gjendjen t\u00eb pakthyeshme. P\u00ebr shkak t\u00eb devijimit t\u00eb lumit t\u00eb Devoll [&hellip;]<\/p>\n","protected":false},"author":9,"featured_media":79080,"comment_status":"open","ping_status":"open","sticky":false,"template":"","format":"standard","meta":{"jetpack_post_was_ever_published":false,"_jetpack_newsletter_access":"","_jetpack_dont_email_post_to_subs":false,"_jetpack_newsletter_tier_id":0,"_jetpack_memberships_contains_paywalled_content":false,"_jetpack_memberships_contains_paid_content":false,"footnotes":"","jetpack_publicize_message":"","jetpack_publicize_feature_enabled":true,"jetpack_social_post_already_shared":true,"jetpack_social_options":{"image_generator_settings":{"template":"highway","default_image_id":0,"font":"","enabled":false},"version":2}},"categories":[27,1,2,35],"tags":[],"class_list":["post-79079","post","type-post","status-publish","format-standard","has-post-thumbnail","hentry","category-blogu-i-udhetarit","category-njoftime-shtypi","category-politika","category-shoqerore"],"jetpack_publicize_connections":[],"jetpack_featured_media_url":"https:\/\/i0.wp.com\/www.shqiperia.com\/blog\/wp-content\/uploads\/2024\/03\/Prespa_Lake_at_Gorica_e_vogel-scaled.jpg?fit=2560%2C1402&ssl=1","jetpack_sharing_enabled":true,"jetpack_shortlink":"https:\/\/wp.me\/p5Z6wp-kzt","jetpack-related-posts":[{"id":30652,"url":"https:\/\/www.shqiperia.com\/blog\/alarmi-per-prespen-e-vogel-arsyeja-e-pashpjegueshme-shkencerisht-qe-po-e-kthen-liqenin-nga-perle-te-natyres-ne-kenete\/","url_meta":{"origin":79079,"position":0},"title":"Alarmi p\u00ebr Presp\u00ebn e Vog\u00ebl\/ Arsyeja e pashpjegueshme shkenc\u00ebrisht q\u00eb po e kthen liqenin nga perl\u00eb t\u00eb natyr\u00ebs, n\u00eb k\u00ebnet\u00eb!","author":"Kurt Farka","date":"January 24, 2020","format":false,"excerpt":"Alarmi p\u00ebr Presp\u00ebn e Vog\u00ebl\/ Arsyeja e pashpjegueshme shkenc\u00ebrisht q\u00eb po e kthen liqenin nga perl\u00eb t\u00eb natyr\u00ebs, n\u00eb k\u00ebnet\u00eb! Banor\u00ebt kujtojn\u00eb Presp\u00ebn e Vog\u00ebl t\u00eb dikurshme dhe thon\u00eb se jan\u00eb t\u00eb shqet\u00ebsuar q\u00eb kjo sip\u00ebrfaqe t\u00eb kthehet n\u00eb k\u00ebnet\u00eb 15 Janar 2020 Dikur nj\u00eb perl\u00eb e natyr\u00ebs, nj\u00eb nga\u2026","rel":"","context":"In &quot;Blogu i Udh\u00ebtarit&quot;","block_context":{"text":"Blogu i Udh\u00ebtarit","link":"https:\/\/www.shqiperia.com\/blog\/category\/blogu-i-udhetarit\/"},"img":{"alt_text":"","src":"https:\/\/i0.wp.com\/www.shqiperia.com\/blog\/wp-content\/uploads\/2020\/01\/images-300x148.jpg?resize=350%2C200&ssl=1","width":350,"height":200,"srcset":"https:\/\/i0.wp.com\/www.shqiperia.com\/blog\/wp-content\/uploads\/2020\/01\/images-300x148.jpg?resize=350%2C200&ssl=1 1x, https:\/\/i0.wp.com\/www.shqiperia.com\/blog\/wp-content\/uploads\/2020\/01\/images-300x148.jpg?resize=525%2C300&ssl=1 1.5x, https:\/\/i0.wp.com\/www.shqiperia.com\/blog\/wp-content\/uploads\/2020\/01\/images-300x148.jpg?resize=700%2C400&ssl=1 2x"},"classes":[]},{"id":1304,"url":"https:\/\/www.shqiperia.com\/blog\/ishulli-mistik-ne-mes-te-prespes-se-madhe\/","url_meta":{"origin":79079,"position":1},"title":"Ishulli mistik n\u00eb mes t\u00eb Presp\u00ebs s\u00eb Madhe","author":"Kurt Farka","date":"January 14, 2018","format":false,"excerpt":"Nd\u00ebr pikat kryesore turistike n\u00eb Shqip\u00ebri \u00ebsht\u00eb edhe Liqeni i Presp\u00ebs s\u00eb Madhe, i cili vler\u00ebsohet p\u00ebr bukurin\u00eb natyrore q\u00eb ka. Por \u00ebsht\u00eb nj\u00eb vend akoma m\u00eb i ve\u00e7ant\u00eb q\u00eb ndodhet n\u00eb mes t\u00eb k\u00ebtij liqeni t\u00eb mrekulluesh\u00ebm, ishulli Maligrad ose si\u00e7 quhet ndryshe edhe ishulli i gjarp\u00ebrinjve. Ky ishull\u2026","rel":"","context":"In &quot;Blogu i Udh\u00ebtarit&quot;","block_context":{"text":"Blogu i Udh\u00ebtarit","link":"https:\/\/www.shqiperia.com\/blog\/category\/blogu-i-udhetarit\/"},"img":{"alt_text":"","src":"https:\/\/i0.wp.com\/www.shqiperia.com\/blog\/wp-content\/uploads\/2018\/01\/Maligrad.jpg?fit=596%2C395&ssl=1&resize=350%2C200","width":350,"height":200,"srcset":"https:\/\/i0.wp.com\/www.shqiperia.com\/blog\/wp-content\/uploads\/2018\/01\/Maligrad.jpg?fit=596%2C395&ssl=1&resize=350%2C200 1x, https:\/\/i0.wp.com\/www.shqiperia.com\/blog\/wp-content\/uploads\/2018\/01\/Maligrad.jpg?fit=596%2C395&ssl=1&resize=525%2C300 1.5x"},"classes":[]},{"id":95631,"url":"https:\/\/www.shqiperia.com\/blog\/lumi-tigri-drejt-zhdukjes-ndotja-thatesira-dhe-digat-rrezikojne-lumin-historik-te-irakut\/","url_meta":{"origin":79079,"position":2},"title":"Lumi TIGRI drejt Zhdukjes\/ Ndotja, that\u00ebsira dhe digat rrezikojn\u00eb lumin historik t\u00eb Irakut","author":"Kurt Farka","date":"December 16, 2025","format":false,"excerpt":"16 Dhjetor 2025 Lumi Tig\u00ebr n\u00eb Irak rrezikon t\u00eb zhduket p\u00ebr shkak t\u00eb ndotjes, that\u00ebsir\u00ebs dhe uljes s\u00eb prurjeve ujore. Kriza k\u00ebrc\u00ebnon jet\u00ebn e miliona banor\u00ebve dhe komuniteteve t\u00eb lashta q\u00eb varen nga lumi p\u00ebr mbijetes\u00eb. Ekspert\u00ebt paralajm\u00ebrojn\u00eb se pa veprim urgjent, pasojat do t\u00eb jen\u00eb t\u00eb pakthyeshme. Lumi Tig\u00ebr,\u2026","rel":"","context":"In &quot;Blogu i Udh\u00ebtarit&quot;","block_context":{"text":"Blogu i Udh\u00ebtarit","link":"https:\/\/www.shqiperia.com\/blog\/category\/blogu-i-udhetarit\/"},"img":{"alt_text":"","src":"https:\/\/i0.wp.com\/www.shqiperia.com\/blog\/wp-content\/uploads\/2025\/12\/640-0-capturepng-1765884790.png?fit=640%2C351&ssl=1&resize=350%2C200","width":350,"height":200,"srcset":"https:\/\/i0.wp.com\/www.shqiperia.com\/blog\/wp-content\/uploads\/2025\/12\/640-0-capturepng-1765884790.png?fit=640%2C351&ssl=1&resize=350%2C200 1x, https:\/\/i0.wp.com\/www.shqiperia.com\/blog\/wp-content\/uploads\/2025\/12\/640-0-capturepng-1765884790.png?fit=640%2C351&ssl=1&resize=525%2C300 1.5x"},"classes":[]},{"id":55352,"url":"https:\/\/www.shqiperia.com\/blog\/shfaqet-gripi-i-shpendeve-h5n1-rreth-600-pelikane-te-ngordhur-ne-prespen-e-vogel\/","url_meta":{"origin":79079,"position":3},"title":"Shfaqet gripi i shpend\u00ebve H5N1, rreth 600 pelikan\u00eb t\u00eb ngordhur n\u00eb Presp\u00ebn e Vog\u00ebl","author":"Kurt Farka","date":"March 13, 2022","format":false,"excerpt":"Shfaqet gripi i shpend\u00ebve H5N1, rreth 600 pelikan\u00eb t\u00eb ngordhur n\u00eb Presp\u00ebn e Vog\u00ebl 11 Mars 2022 Pelikan\u00ebt roz\u00eb mb\u00ebrrijn\u00eb n\u00eb Presp\u00eb nga zonat e tyre t\u00eb dim\u00ebrimit t\u00eb ndodhura n\u00eb Afrik\u00ebn Sub-Sahariane. Nj\u00eb shp\u00ebrthim i fort\u00eb i Gripit t\u00eb Shpend\u00ebve po v\u00ebrehet k\u00ebto dit\u00ebt e fundit n\u00eb n\u00eb kolonin\u00eb\u2026","rel":"","context":"In &quot;Blogu i Udh\u00ebtarit&quot;","block_context":{"text":"Blogu i Udh\u00ebtarit","link":"https:\/\/www.shqiperia.com\/blog\/category\/blogu-i-udhetarit\/"},"img":{"alt_text":"","src":"https:\/\/i0.wp.com\/www.shqiperia.com\/blog\/wp-content\/uploads\/2022\/03\/Shfaqet-gripi-i-shpendeve-H5N1-rreth-600-pelikane-te-ngordhur-ne-Prespen-e-Vogel-Mars-2022-2.jpg?fit=905%2C450&ssl=1&resize=350%2C200","width":350,"height":200,"srcset":"https:\/\/i0.wp.com\/www.shqiperia.com\/blog\/wp-content\/uploads\/2022\/03\/Shfaqet-gripi-i-shpendeve-H5N1-rreth-600-pelikane-te-ngordhur-ne-Prespen-e-Vogel-Mars-2022-2.jpg?fit=905%2C450&ssl=1&resize=350%2C200 1x, https:\/\/i0.wp.com\/www.shqiperia.com\/blog\/wp-content\/uploads\/2022\/03\/Shfaqet-gripi-i-shpendeve-H5N1-rreth-600-pelikane-te-ngordhur-ne-Prespen-e-Vogel-Mars-2022-2.jpg?fit=905%2C450&ssl=1&resize=525%2C300 1.5x, https:\/\/i0.wp.com\/www.shqiperia.com\/blog\/wp-content\/uploads\/2022\/03\/Shfaqet-gripi-i-shpendeve-H5N1-rreth-600-pelikane-te-ngordhur-ne-Prespen-e-Vogel-Mars-2022-2.jpg?fit=905%2C450&ssl=1&resize=700%2C400 2x"},"classes":[]},{"id":49439,"url":"https:\/\/www.shqiperia.com\/blog\/lindja-e-mesme-drejt-thatesires-totale-zhduket-liqeni-i-umrise-shume-zona-behen-te-pabanueshme-nga-mungesa-e-ujit\/","url_meta":{"origin":79079,"position":4},"title":"Lindja e Mesme drejt that\u00ebsir\u00ebs totale. &#8211; Zhduket liqeni i Umris\u00eb, shum\u00eb zona b\u00ebhen t\u00eb pabanueshme nga mungesa e ujit.","author":"Kurt Farka","date":"August 29, 2021","format":false,"excerpt":"Lindja e Mesme drejt that\u00ebsir\u00ebs totale. - Zhduket liqeni i Umris\u00eb, shum\u00eb zona b\u00ebhen t\u00eb pabanueshme nga mungesa e ujit. 27 gusht 2021 Lindja e Mesme drejt that\u00ebsir\u00ebs totale, zhduket liqeni i Umris\u00eb, shum\u00eb zona b\u00ebhen t\u00eb pabanueshme nga mungesa e ujit Tragetet q\u00eb dikur transportonin turist\u00ebt n\u00eb dhe nga\u2026","rel":"","context":"In &quot;Blogu i Udh\u00ebtarit&quot;","block_context":{"text":"Blogu i Udh\u00ebtarit","link":"https:\/\/www.shqiperia.com\/blog\/category\/blogu-i-udhetarit\/"},"img":{"alt_text":"","src":"https:\/\/i0.wp.com\/www.shqiperia.com\/blog\/wp-content\/uploads\/2021\/08\/lake-905x450-1.jpg?fit=905%2C450&ssl=1&resize=350%2C200","width":350,"height":200,"srcset":"https:\/\/i0.wp.com\/www.shqiperia.com\/blog\/wp-content\/uploads\/2021\/08\/lake-905x450-1.jpg?fit=905%2C450&ssl=1&resize=350%2C200 1x, https:\/\/i0.wp.com\/www.shqiperia.com\/blog\/wp-content\/uploads\/2021\/08\/lake-905x450-1.jpg?fit=905%2C450&ssl=1&resize=525%2C300 1.5x, https:\/\/i0.wp.com\/www.shqiperia.com\/blog\/wp-content\/uploads\/2021\/08\/lake-905x450-1.jpg?fit=905%2C450&ssl=1&resize=700%2C400 2x"},"classes":[]},{"id":55383,"url":"https:\/\/www.shqiperia.com\/blog\/shfaqet-gripi-i-shpendeve-h5n1-rreth-600-pelikane-te-ngordhur-ne-prespen-e-vogel-2\/","url_meta":{"origin":79079,"position":5},"title":"Shfaqet gripi i shpend\u00ebve H5N1, rreth 600 pelikan\u00eb t\u00eb ngordhur n\u00eb Presp\u00ebn e Vog\u00ebl","author":"Kurt Farka","date":"March 13, 2022","format":false,"excerpt":"Shfaqet gripi i shpend\u00ebve H5N1, rreth 600 pelikan\u00eb t\u00eb ngordhur n\u00eb Presp\u00ebn e Vog\u00ebl 13 mars 2022 - ...\"Kur transmetohet nga kafsh\u00ebt tek njeriu n\u00eb 60% t\u00eb rasteve p\u00ebrfundon n\u00eb vdekje t\u00eb njeriut\". Pelikan\u00ebt roz\u00eb mb\u00ebrrijn\u00eb n\u00eb Presp\u00eb nga zonat e tyre t\u00eb dim\u00ebrimit t\u00eb ndodhura n\u00eb Afrik\u00ebn Sub-Sahariane. Nj\u00eb\u2026","rel":"","context":"In &quot;Blogu i Udh\u00ebtarit&quot;","block_context":{"text":"Blogu i Udh\u00ebtarit","link":"https:\/\/www.shqiperia.com\/blog\/category\/blogu-i-udhetarit\/"},"img":{"alt_text":"","src":"https:\/\/i0.wp.com\/www.shqiperia.com\/blog\/wp-content\/uploads\/2022\/03\/Rreth-600-pelikane-te-ngordhur-ne-Prespen-e-Vogel-me-H5N1.jpg?fit=1200%2C691&ssl=1&resize=350%2C200","width":350,"height":200,"srcset":"https:\/\/i0.wp.com\/www.shqiperia.com\/blog\/wp-content\/uploads\/2022\/03\/Rreth-600-pelikane-te-ngordhur-ne-Prespen-e-Vogel-me-H5N1.jpg?fit=1200%2C691&ssl=1&resize=350%2C200 1x, https:\/\/i0.wp.com\/www.shqiperia.com\/blog\/wp-content\/uploads\/2022\/03\/Rreth-600-pelikane-te-ngordhur-ne-Prespen-e-Vogel-me-H5N1.jpg?fit=1200%2C691&ssl=1&resize=525%2C300 1.5x, https:\/\/i0.wp.com\/www.shqiperia.com\/blog\/wp-content\/uploads\/2022\/03\/Rreth-600-pelikane-te-ngordhur-ne-Prespen-e-Vogel-me-H5N1.jpg?fit=1200%2C691&ssl=1&resize=700%2C400 2x, https:\/\/i0.wp.com\/www.shqiperia.com\/blog\/wp-content\/uploads\/2022\/03\/Rreth-600-pelikane-te-ngordhur-ne-Prespen-e-Vogel-me-H5N1.jpg?fit=1200%2C691&ssl=1&resize=1050%2C600 3x"},"classes":[]}],"_links":{"self":[{"href":"https:\/\/www.shqiperia.com\/blog\/wp-json\/wp\/v2\/posts\/79079","targetHints":{"allow":["GET"]}}],"collection":[{"href":"https:\/\/www.shqiperia.com\/blog\/wp-json\/wp\/v2\/posts"}],"about":[{"href":"https:\/\/www.shqiperia.com\/blog\/wp-json\/wp\/v2\/types\/post"}],"author":[{"embeddable":true,"href":"https:\/\/www.shqiperia.com\/blog\/wp-json\/wp\/v2\/users\/9"}],"replies":[{"embeddable":true,"href":"https:\/\/www.shqiperia.com\/blog\/wp-json\/wp\/v2\/comments?post=79079"}],"version-history":[{"count":1,"href":"https:\/\/www.shqiperia.com\/blog\/wp-json\/wp\/v2\/posts\/79079\/revisions"}],"predecessor-version":[{"id":79081,"href":"https:\/\/www.shqiperia.com\/blog\/wp-json\/wp\/v2\/posts\/79079\/revisions\/79081"}],"wp:featuredmedia":[{"embeddable":true,"href":"https:\/\/www.shqiperia.com\/blog\/wp-json\/wp\/v2\/media\/79080"}],"wp:attachment":[{"href":"https:\/\/www.shqiperia.com\/blog\/wp-json\/wp\/v2\/media?parent=79079"}],"wp:term":[{"taxonomy":"category","embeddable":true,"href":"https:\/\/www.shqiperia.com\/blog\/wp-json\/wp\/v2\/categories?post=79079"},{"taxonomy":"post_tag","embeddable":true,"href":"https:\/\/www.shqiperia.com\/blog\/wp-json\/wp\/v2\/tags?post=79079"}],"curies":[{"name":"wp","href":"https:\/\/api.w.org\/{rel}","templated":true}]}}