{"id":79074,"date":"2024-03-09T17:57:55","date_gmt":"2024-03-09T17:57:55","guid":{"rendered":"https:\/\/www.shqiperia.com\/blog\/?p=79074"},"modified":"2024-03-09T17:57:55","modified_gmt":"2024-03-09T17:57:55","slug":"gjkko-pezullon-nga-detyra-rajmonda-balilaj-prefekten-e-qarkut-fierit-akuzohet-per","status":"publish","type":"post","link":"https:\/\/www.shqiperia.com\/blog\/gjkko-pezullon-nga-detyra-rajmonda-balilaj-prefekten-e-qarkut-fierit-akuzohet-per\/","title":{"rendered":"GJKKO pezullon nga detyra Rajmonda Balilaj, prefekten e Qarkut Fierit, akuzohet p\u00ebr&#8230;"},"content":{"rendered":"<p><img data-recalc-dims=\"1\" loading=\"lazy\" decoding=\"async\" data-attachment-id=\"79075\" data-permalink=\"https:\/\/www.shqiperia.com\/blog\/gjkko-pezullon-nga-detyra-rajmonda-balilaj-prefekten-e-qarkut-fierit-akuzohet-per\/640-0-57e8b1bc1d05744e3cd8bd87236ac998\/\" data-orig-file=\"https:\/\/i0.wp.com\/www.shqiperia.com\/blog\/wp-content\/uploads\/2024\/03\/640-0-57e8b1bc1d05744e3cd8bd87236ac998.jpg?fit=640%2C361&amp;ssl=1\" data-orig-size=\"640,361\" data-comments-opened=\"1\" data-image-meta=\"{&quot;aperture&quot;:&quot;0&quot;,&quot;credit&quot;:&quot;&quot;,&quot;camera&quot;:&quot;&quot;,&quot;caption&quot;:&quot;&quot;,&quot;created_timestamp&quot;:&quot;0&quot;,&quot;copyright&quot;:&quot;&quot;,&quot;focal_length&quot;:&quot;0&quot;,&quot;iso&quot;:&quot;0&quot;,&quot;shutter_speed&quot;:&quot;0&quot;,&quot;title&quot;:&quot;&quot;,&quot;orientation&quot;:&quot;0&quot;}\" data-image-title=\"-640-0-57e8b1bc1d05744e3cd8bd87236ac998\" data-image-description=\"\" data-image-caption=\"\" data-medium-file=\"https:\/\/i0.wp.com\/www.shqiperia.com\/blog\/wp-content\/uploads\/2024\/03\/640-0-57e8b1bc1d05744e3cd8bd87236ac998.jpg?fit=300%2C169&amp;ssl=1\" data-large-file=\"https:\/\/i0.wp.com\/www.shqiperia.com\/blog\/wp-content\/uploads\/2024\/03\/640-0-57e8b1bc1d05744e3cd8bd87236ac998.jpg?fit=640%2C361&amp;ssl=1\" class=\"alignnone  wp-image-79075\" alt=\"\" src=\"https:\/\/i0.wp.com\/www.shqiperia.com\/blog\/wp-content\/uploads\/2024\/03\/640-0-57e8b1bc1d05744e3cd8bd87236ac998.jpg?resize=785%2C442&#038;ssl=1\" width=\"785\" height=\"442\" srcset=\"https:\/\/i0.wp.com\/www.shqiperia.com\/blog\/wp-content\/uploads\/2024\/03\/640-0-57e8b1bc1d05744e3cd8bd87236ac998.jpg?resize=300%2C169&amp;ssl=1 300w, https:\/\/i0.wp.com\/www.shqiperia.com\/blog\/wp-content\/uploads\/2024\/03\/640-0-57e8b1bc1d05744e3cd8bd87236ac998.jpg?resize=450%2C254&amp;ssl=1 450w, https:\/\/i0.wp.com\/www.shqiperia.com\/blog\/wp-content\/uploads\/2024\/03\/640-0-57e8b1bc1d05744e3cd8bd87236ac998.jpg?resize=600%2C338&amp;ssl=1 600w, https:\/\/i0.wp.com\/www.shqiperia.com\/blog\/wp-content\/uploads\/2024\/03\/640-0-57e8b1bc1d05744e3cd8bd87236ac998.jpg?resize=400%2C226&amp;ssl=1 400w, https:\/\/i0.wp.com\/www.shqiperia.com\/blog\/wp-content\/uploads\/2024\/03\/640-0-57e8b1bc1d05744e3cd8bd87236ac998.jpg?w=640&amp;ssl=1 640w\" sizes=\"auto, (max-width: 785px) 100vw, 785px\" \/><\/p>\n<p>9 Mars 2024<\/p>\n<p>Gjykata e Posa\u00e7me ka pezulluar nga detyra prefekten e Qarkut Fier p\u00ebr \u201cShkelja e barazis\u00eb s\u00eb pjes\u00ebmarr\u00ebsve n\u00eb tendera apo ankande publike\u201d, gjat\u00eb periudh\u00ebs q\u00eb ka qen\u00eb kryebashkiake e Patosit.<\/p>\n<p>Njoftimi i GJKKO:<\/p>\n<p>Prokuroria e Posa\u00e7me kund\u00ebr Korrupsionit dhe Krimit t\u00eb Organizuar, ka kryer hetime n\u00eb kuad\u00ebr t\u00eb procedimit penal Nr. 82, t\u00eb vitit 2021, p\u00ebr veprat penale t\u00eb \u201cShkelja e barazis\u00eb s\u00eb pjes\u00ebmarr\u00ebsve n\u00eb tendera\u201d, e kryer n\u00eb bashk\u00ebpunim, parashikuar nga neni 258 e 25 i Kodit Penal (para ndryshimeve sipas ligjit nr. 43\/2021) dhe \u201cFalsifikimi i dokumentave\u201d, e kryer n\u00eb bashk\u00ebpunim, parashikuar nga neni 186\/2 i Kodit Penal.<\/p>\n<p>Pas kryerjes s\u00eb veprimeve hetimore, me k\u00ebrkes\u00ebn e Prokuroris\u00eb s\u00eb Posa\u00e7me, Gjykata e Posa\u00e7me e Shkall\u00ebs s\u00eb Par\u00eb p\u00ebr Korrupsionin dhe Krimin e Organizuar, me vendimin Nr. 19,\u00a0 dat\u00eb 08.03.2024, ka vendosur:<\/p>\n<p>Caktimin e mas\u00ebs ndaluese t\u00eb sigurimit \u201cPezullimi i ushtrimit t\u00eb nj\u00eb detyre a sh\u00ebrbimi publik\u201d, parashikuar nga neni 242 i Kodit t\u00eb Procedur\u00ebs Penale, p\u00ebr personin n\u00ebn hetim R.B., me detyr\u00eb ish Kryetare e Bashkis\u00eb Patos, aktualisht Prefekte e Qarkut Fier, e dyshuar p\u00ebr kryerjen e vepr\u00ebs penale \u201cShkelja e barazis\u00eb s\u00eb pjes\u00ebmarr\u00ebsve n\u00eb tendera apo ankande publike\u201d, kryer n\u00eb bashk\u00ebpunim (2 her\u00eb), parashikuar nga neni 258 e 25, i Kodit Penal (para ndryshimeve sipas ligjit nr. 43\/2021).<\/p>\n<p>Caktimin e mas\u00ebs ndaluese t\u00eb sigurimit \u201cPezullimi i ushtrimit t\u00eb nj\u00eb detyre a sh\u00ebrbimi publik\u201d, parashikuar nga neni 242 i Kodit t\u00eb Procedur\u00ebs Penale, p\u00ebr personin n\u00ebn hetim Sh.B., n\u00eb cil\u00ebsin\u00eb e an\u00ebtarit t\u00eb Komisionit t\u00eb Vler\u00ebsimit t\u00eb Ofertave, aktualisht me detyr\u00eb Sekretar i P\u00ebrgjithsh\u00ebm i Bashkis\u00eb Patos, i dyshuar p\u00ebr kryerjen e vepr\u00ebs penale \u201cShkelja e barazis\u00eb s\u00eb pjes\u00ebmarr\u00ebsve n\u00eb tendera apo ankande publike\u201d, kryer n\u00eb bashk\u00ebpunim (2 her\u00eb), parashikuar nga neni 258 e 25 i Kodit Penal (para ndryshimeve sipas ligjit nr. 43\/2021).<\/p>\n<p>Caktimin e mas\u00ebs ndaluese t\u00eb sigurimit \u201cPezullimi i ushtrimit t\u00eb nj\u00eb detyre a sh\u00ebrbimi publik\u201d, parashikuar nga neni 242 i Kodit t\u00eb Procedur\u00ebs Penale, p\u00ebr personin n\u00ebn hetim A.P., n\u00eb cil\u00ebsin\u00eb e Kryetarit t\u00eb Vler\u00ebsimit t\u00eb Ofertave, me detyr\u00eb ish N\u00ebnkryetare e Bashkis\u00eb Patos, aktualisht e pun\u00ebsuar pran\u00eb Shoq\u00ebris\u00eb Rajonale Uj\u00ebsjell\u00ebs Kanalizime Fier, e dyshuar p\u00ebr kryerjen e vepr\u00ebs penale \u201cShkelja e barazis\u00eb s\u00eb pjes\u00ebmarr\u00ebsve n\u00eb tendera apo ankande publike\u201d, kryer n\u00eb bashk\u00ebpunim (2 her\u00eb), parashikuar nga neni 258 e 25 i Kodit Penal (para ndryshimeve sipas ligjit nr. 43\/2021).<\/p>\n<p>Caktimin e mas\u00ebs shtr\u00ebnguese t\u00eb sigurimit \u201cDetyrim p\u00ebr t\u2019u paraqitur n\u00eb policin\u00eb gjyq\u00ebsore\u201d, parashikuar nga neni 242 i Kodit t\u00eb Procedur\u00ebs Penale, p\u00ebr personin n\u00ebn hetim E.R., me cil\u00ebsin\u00eb e an\u00ebtarit t\u00eb Komisionit t\u00eb Vler\u00ebsimit t\u00eb Ofertave, e dyshuar p\u00ebr kryerjen e vepr\u00ebs penale \u201cShkelja e barazis\u00eb s\u00eb pjes\u00ebmarr\u00ebsve n\u00eb tendera apo ankande publike\u201d, kryer n\u00eb bashk\u00ebpunim (2 her\u00eb), parashikuar nga neni 258 e 25 i Kodit Penal (para ndryshimeve sipas ligjit nr. 43\/2021).<\/p>\n<p>Caktimin e mas\u00ebs ndaluese t\u00eb sigurimit \u201cPezullimi i ushtrimit t\u00eb nj\u00eb detyre a sh\u00ebrbimi publik\u201d, parashikuar nga neni 242 i Kodit t\u00eb Procedur\u00ebs Penale, p\u00ebr personin n\u00ebn hetim B.M., me detyr\u00eb Secialiste Urbaniste, n\u00eb Drejtorin\u00eb e Urbanistik\u00ebs, pran\u00eb Bashkis\u00eb Patos, e dyshuar p\u00ebr kryerjen e vepr\u00ebs penale \u201cFalsifikimi i dokumentave\u201d, kryer n\u00eb bashk\u00ebpunim, parashikuar nga neni 186\/2 i Kodit Penal.<\/p>\n<p>Caktimin e mas\u00ebs shtr\u00ebnguese t\u00eb sigurimit \u201cDetyrimi p\u00ebr t\u2019u paraqitur n\u00eb policin\u00eb gjyq\u00ebsore\u201d, parashikuar nga neni 234 i Kodit t\u00eb Procedur\u00ebs Penale, p\u00ebr personin n\u00ebn hetim V.N., me detyr\u00eb ish Drejtor i Drejtoris\u00eb s\u00eb Monitorimit dhe Sh\u00ebrbimeve Publike, pran\u00eb Bashkis\u00eb Patos, i dyshuar p\u00ebr kryerjen e vepr\u00ebs penale \u201cFalsifikimi i dokumentave\u201d, kryer n\u00eb bashk\u00ebpunim, parashikuar nga neni 186\/2 i Kodit Penal.<\/p>\n<p>Caktimin e mas\u00ebs shtr\u00ebnguese t\u00eb sigurimit \u201cDetyrimi p\u00ebr t\u2019u paraqitur n\u00eb policin\u00eb gjyq\u00ebsore\u201d, parashikuar nga neni 234 i Kodit t\u00eb Procedur\u00ebs Penale, p\u00ebr personin n\u00ebn hetim A.M., me detyr\u00eb ish Inxhinier pran\u00eb Bashkis\u00eb Patos, i dyshuar p\u00ebr kryerjen e vepr\u00ebs penale \u201cFalsifikimi i dokumentave\u201d, kryer n\u00eb bashk\u00ebpunim, parashikuar nga neni 186\/2 i Kodit Penal<\/p>\n<p>Byroja Komb\u00ebtare e Hetimit, ka ekzekutuar n\u00eb dat\u00ebn 09.03.2024, masat e sigurimit t\u00eb caktuara me vendimin nr.19, dat\u00eb 08.03.2024, t\u00eb Gjykat\u00ebs s\u00eb Posa\u00e7me t\u00eb Shkall\u00ebs s\u00eb Par\u00eb p\u00ebr Korrupsionin dhe Krimin e Organizuar, ndaj gjasht\u00eb t\u00eb hetuarve (p\u00ebr nj\u00eb nga t\u00eb hetuarit nuk \u00ebsht\u00eb b\u00ebr\u00eb i mundur ekzekutimi pasi ndodhet jasht\u00eb shtetit).<\/p>\n<p>Faktet penale t\u00eb hetuara n\u00eb kuad\u00ebr t\u00eb k\u00ebtij procedimi penal, kan\u00eb t\u00eb b\u00ebjn\u00eb me dy procedura prokurimi t\u00eb organizuara n\u00eb vitin 2021, nga Bashkia Patos, si Autoritet Kontraktor dhe m\u00eb konkretisht:<\/p>\n<p>Hetimi i procedur\u00ebs s\u00eb prokurimit \u201cNd\u00ebrtim emergjent i murit mbajt\u00ebs me gabiona dhe gur\u00eb n\u00eb Dukas-Breg, si pasoj\u00eb e rr\u00ebshqitjes s\u00eb tok\u00ebs dhe kthimin e rrug\u00ebs n\u00eb gj\u00ebndjen e m\u00ebparshme\u201d, me num\u00ebr REF-89301-03-08-2021, me Autoritet Kontraktor-Bashkia Patos, me fond limit 6,758,853.92 lek\u00eb.<\/p>\n<p>Rezulton se ish Kryetarja e Bashkis\u00eb Patos, R. B. dhe an\u00ebtar\u00ebt e KVO-s\u00eb A. P. (ish N\u00ebnkryetare e Bashkis\u00eb Patos), Sh. B. dhe E. R., n\u00eb bashk\u00ebpunim mes tyre, kan\u00eb konsumuar element\u00ebt e vepr\u00ebs penale \u201cShkelja e barazis\u00eb s\u00eb pjes\u00ebmarr\u00ebsve n\u00eb tendera apo ankande publike\u201d, parashikuar nga nenet 258 (para ndryshimeve me ligjin nr. 43\/2021 ), e 25 t\u00eb Kodit Penal, duke favorizuar n\u00eb kund\u00ebrshtim me ligjin, dhe shpallur fitues operatorin ekonomik \u201cG\u2026\u2026. 001\u201d, n\u00eb procedur\u00ebn e prokurimit \u201cNd\u00ebrtim emergjent i murit mbajt\u00ebs me gabiona dhe gur\u00eb n\u00eb Dukas-Breg, si pasoj\u00eb e rr\u00ebshqitjes s\u00eb tok\u00ebs dhe kthimin e rrug\u00ebs n\u00eb gjendjen e m\u00ebparshme\u201d, me num\u00ebr REF-89301-03-08-2021. Nga dokumentacioni i dor\u00ebzuar nga ofertuesit, e par\u00eb kjo n\u00eb raport me kriteret e vendosura n\u00eb Dokumentet Standarte t\u00eb Tenderit, duhej t\u00eb ishte shpallur fitues operatori ekonomik \u201c2\u2026\u201d, i cili p\u00ebrve\u00e7se p\u00ebrmbushte kushtet, kishte dhe ofert\u00eb n\u00eb vler\u00ebn 1,5 milion lek\u00eb m\u00eb t\u00eb vog\u00ebl se operatori \u201cG\u2026.. 001\u201d.<\/p>\n<p>E hetuara\u00a0 R. B., ka nd\u00ebrmarr\u00eb nj\u00eb s\u00ebr\u00eb hapash n\u00ebp\u00ebrmjet punonj\u00ebsve t\u00eb Bashkis\u00eb, p\u00ebr t\u00eb legjimituar anulimin e procedur\u00ebs s\u00eb tenderimit, pik\u00ebrisht p\u00ebr t\u00eb mos u shpallur fitues operatori \u201c2\u2026..\u201d gj\u00eb q\u00eb do t\u00eb nxirrte zbuluar punimet e kryera nga operatori i paracaktuar p\u00ebr t\u00eb fituar gar\u00ebn. Nga hetimi u provua se e hetuara ka paracaktuar fituesin e k\u00ebtij tenderi, pik\u00ebrisht operatorin \u201cG\u2026\u2026. 001\u201d, i cili \u00ebsht\u00eb shpallur fitues (q\u00eb nga viti 2019, kur ky subjekt \u00ebsht\u00eb regjistruar p\u00ebr her\u00eb t\u00eb par\u00eb n\u00eb QKB deri n\u00eb vitin 2022, pra p\u00ebr tre vjet) n\u00eb 32 procedura t\u00eb organizuara nga Bashkia Patos.<\/p>\n<p>Gazeta Sot<\/p>\n","protected":false},"excerpt":{"rendered":"<p>9 Mars 2024 Gjykata e Posa\u00e7me ka pezulluar nga detyra prefekten e Qarkut Fier p\u00ebr \u201cShkelja e barazis\u00eb s\u00eb pjes\u00ebmarr\u00ebsve n\u00eb tendera apo ankande publike\u201d, gjat\u00eb periudh\u00ebs q\u00eb ka qen\u00eb kryebashkiake e Patosit. Njoftimi i GJKKO: Prokuroria e Posa\u00e7me kund\u00ebr Korrupsionit dhe Krimit t\u00eb Organizuar, ka kryer hetime n\u00eb kuad\u00ebr t\u00eb procedimit penal Nr. 82, [&hellip;]<\/p>\n","protected":false},"author":9,"featured_media":79075,"comment_status":"open","ping_status":"open","sticky":false,"template":"","format":"standard","meta":{"jetpack_post_was_ever_published":false,"_jetpack_newsletter_access":"","_jetpack_dont_email_post_to_subs":false,"_jetpack_newsletter_tier_id":0,"_jetpack_memberships_contains_paywalled_content":false,"_jetpack_memberships_contains_paid_content":false,"footnotes":"","jetpack_publicize_message":"","jetpack_publicize_feature_enabled":true,"jetpack_social_post_already_shared":true,"jetpack_social_options":{"image_generator_settings":{"template":"highway","default_image_id":0,"font":"","enabled":false},"version":2}},"categories":[27,1,2,35],"tags":[],"class_list":["post-79074","post","type-post","status-publish","format-standard","has-post-thumbnail","hentry","category-blogu-i-udhetarit","category-njoftime-shtypi","category-politika","category-shoqerore"],"jetpack_publicize_connections":[],"jetpack_featured_media_url":"https:\/\/i0.wp.com\/www.shqiperia.com\/blog\/wp-content\/uploads\/2024\/03\/640-0-57e8b1bc1d05744e3cd8bd87236ac998.jpg?fit=640%2C361&ssl=1","jetpack_sharing_enabled":true,"jetpack_shortlink":"https:\/\/wp.me\/p5Z6wp-kzo","jetpack-related-posts":[{"id":83580,"url":"https:\/\/www.shqiperia.com\/blog\/spak-sekuestron-pasurite-e-ilir-beqajt\/","url_meta":{"origin":79074,"position":0},"title":"SPAK sekuestron pasurit\u00eb e Ilir Beqajt","author":"Kurt Farka","date":"August 21, 2024","format":false,"excerpt":"21 Gusht 2024 Prokuroria e Posa\u00e7me kund\u00ebr Korrupsionit dhe Krimit t\u00eb Organizuar (SPAK) ka vendosur n\u00ebn sekuestro llogarit\u00eb bankare dhe pasurit\u00eb e ish-ministrit t\u00eb Sh\u00ebndet\u00ebsis\u00eb Ilir Beqaj dhe disa individ\u00ebve t\u00eb dyshuar si bashk\u00ebpun\u00ebtor\u00eb n\u00eb abuzimin me fondet e BE. Me an\u00eb t\u00eb nj\u00eb njoftimi, SPAK thot\u00eb se \u00ebsht\u00eb vendosur\u2026","rel":"","context":"In &quot;Blogu i Udh\u00ebtarit&quot;","block_context":{"text":"Blogu i Udh\u00ebtarit","link":"https:\/\/www.shqiperia.com\/blog\/category\/blogu-i-udhetarit\/"},"img":{"alt_text":"","src":"https:\/\/i0.wp.com\/www.shqiperia.com\/blog\/wp-content\/uploads\/2024\/08\/edi_rama_ilir_beqaj_32121.jpg?fit=726%2C428&ssl=1&resize=350%2C200","width":350,"height":200,"srcset":"https:\/\/i0.wp.com\/www.shqiperia.com\/blog\/wp-content\/uploads\/2024\/08\/edi_rama_ilir_beqaj_32121.jpg?fit=726%2C428&ssl=1&resize=350%2C200 1x, https:\/\/i0.wp.com\/www.shqiperia.com\/blog\/wp-content\/uploads\/2024\/08\/edi_rama_ilir_beqaj_32121.jpg?fit=726%2C428&ssl=1&resize=525%2C300 1.5x, https:\/\/i0.wp.com\/www.shqiperia.com\/blog\/wp-content\/uploads\/2024\/08\/edi_rama_ilir_beqaj_32121.jpg?fit=726%2C428&ssl=1&resize=700%2C400 2x"},"classes":[]},{"id":90992,"url":"https:\/\/www.shqiperia.com\/blog\/gjkko-urdheron-spak-regjistroni-kallezimin-penal-ndaj-olta-xhackes-dhe-artan-gacit\/","url_meta":{"origin":79074,"position":1},"title":"GJKKO urdh\u00ebron SPAK: &#8211; Regjistroni kall\u00ebzimin penal ndaj Olta Xha\u00e7k\u00ebs dhe Artan Ga\u00e7it","author":"Kurt Farka","date":"April 2, 2025","format":false,"excerpt":"2 Prill 2025 Gjykata e Posa\u00e7me pranon nj\u00eb ankim t\u00eb b\u00ebr\u00eb nga eurodeputeti Fredi Beleri, duke urdh\u00ebruar SPAK q\u00eb t\u00eb regjistroj\u00eb kall\u00ebzimin penal ndaj Olta Xha\u00e7k\u00ebs dhe bashk\u00ebshortit t\u00eb saj, Artan Ga\u00e7i, p\u00ebr akuzat e shp\u00ebrdorimit t\u00eb detyr\u00ebs, falsifikimit t\u00eb dokumenteve dhe pastrimit t\u00eb produkteve t\u00eb vepr\u00ebs penale t\u00eb kryer\u2026","rel":"","context":"In &quot;Blogu i Udh\u00ebtarit&quot;","block_context":{"text":"Blogu i Udh\u00ebtarit","link":"https:\/\/www.shqiperia.com\/blog\/category\/blogu-i-udhetarit\/"},"img":{"alt_text":"","src":"https:\/\/i0.wp.com\/www.shqiperia.com\/blog\/wp-content\/uploads\/2025\/04\/900-0-1720453674x20240211173008-art-998.jpg?fit=900%2C635&ssl=1&resize=350%2C200","width":350,"height":200,"srcset":"https:\/\/i0.wp.com\/www.shqiperia.com\/blog\/wp-content\/uploads\/2025\/04\/900-0-1720453674x20240211173008-art-998.jpg?fit=900%2C635&ssl=1&resize=350%2C200 1x, https:\/\/i0.wp.com\/www.shqiperia.com\/blog\/wp-content\/uploads\/2025\/04\/900-0-1720453674x20240211173008-art-998.jpg?fit=900%2C635&ssl=1&resize=525%2C300 1.5x, https:\/\/i0.wp.com\/www.shqiperia.com\/blog\/wp-content\/uploads\/2025\/04\/900-0-1720453674x20240211173008-art-998.jpg?fit=900%2C635&ssl=1&resize=700%2C400 2x"},"classes":[]},{"id":79553,"url":"https:\/\/www.shqiperia.com\/blog\/arrestimi-i-ish-kryetarit-te-ps-se-jorgo-goro-tjetersoi-pronen-ne-dem-te-shtetit\/","url_meta":{"origin":79074,"position":2},"title":"Arrestimi i ish Kryetarit t\u00eb PS-s\u00eb Jorgo Goro: \u2013 Tjet\u00ebrsoi pron\u00ebn n\u00eb d\u00ebm t\u00eb shtetit","author":"Kurt Farka","date":"March 23, 2024","format":false,"excerpt":"23 Mars 2024 SPAk ka dal\u00eb me nj\u00eb njoftim zyrtar n\u00eb lidhje me arrestimin e kryetarit n\u00eb detyr\u00eb t\u00eb bashkis\u00eb Himar\u00eb Jorgo Goro. Prokuroria e Posa\u00e7me b\u00ebn me dije se Goro n\u00eb cil\u00ebsin\u00eb e kryetarit t\u00eb bashkis\u00eb\u00a0n\u00eb bashk\u00ebpunim me shtetasin tjet\u00ebr n\u00ebn hetim J.B., pa b\u00ebr\u00eb asnj\u00eb verifikim konkret sipas\u2026","rel":"","context":"In &quot;Blogu i Udh\u00ebtarit&quot;","block_context":{"text":"Blogu i Udh\u00ebtarit","link":"https:\/\/www.shqiperia.com\/blog\/category\/blogu-i-udhetarit\/"},"img":{"alt_text":"","src":"https:\/\/i0.wp.com\/www.shqiperia.com\/blog\/wp-content\/uploads\/2024\/03\/800-0-65ff1fa04ac00.jpg?fit=800%2C451&ssl=1&resize=350%2C200","width":350,"height":200,"srcset":"https:\/\/i0.wp.com\/www.shqiperia.com\/blog\/wp-content\/uploads\/2024\/03\/800-0-65ff1fa04ac00.jpg?fit=800%2C451&ssl=1&resize=350%2C200 1x, https:\/\/i0.wp.com\/www.shqiperia.com\/blog\/wp-content\/uploads\/2024\/03\/800-0-65ff1fa04ac00.jpg?fit=800%2C451&ssl=1&resize=525%2C300 1.5x, https:\/\/i0.wp.com\/www.shqiperia.com\/blog\/wp-content\/uploads\/2024\/03\/800-0-65ff1fa04ac00.jpg?fit=800%2C451&ssl=1&resize=700%2C400 2x"},"classes":[]},{"id":74925,"url":"https:\/\/www.shqiperia.com\/blog\/publikohet-dokumenti-i-spak-zbardhen-akuzat-zyrtare-te-ngritura-per-berishen-dhe-malltezin\/","url_meta":{"origin":79074,"position":3},"title":"Publikohet dokumenti i SPAK, zbardhen akuzat zyrtare t\u00eb ngritura p\u00ebr Berish\u00ebn dhe Malltezin","author":"Kurt Farka","date":"October 22, 2023","format":false,"excerpt":"22 Tetor 2023 Ja p\u00ebr \u00e7afr\u00eb akuzohet treshja nga vendimi i Gjykat\u00ebs s\u00eb Posa\u00e7me s\u00eb Shkall\u00ebs s\u00eb Par\u00eb p\u00ebr Korrupsionin dhe krimin e Organizuar, me trup gjykuese, gjyqtare Irena Gjoka dhe prokurore Enkeleda Millonai: Jamarb\u00ebr Malltezi-Akuzohet p\u00ebr \u201cKorrupsioni pasiv i funksionareve te larte shtet\u00ebrore ose te zgjedhurve vendore\u201d, kryer n\u00eb\u2026","rel":"","context":"In &quot;Blogu i Udh\u00ebtarit&quot;","block_context":{"text":"Blogu i Udh\u00ebtarit","link":"https:\/\/www.shqiperia.com\/blog\/category\/blogu-i-udhetarit\/"},"img":{"alt_text":"","src":"https:\/\/i0.wp.com\/www.shqiperia.com\/blog\/wp-content\/uploads\/2023\/10\/640-0-6534cee38d5b7.jpg?fit=640%2C360&ssl=1&resize=350%2C200","width":350,"height":200,"srcset":"https:\/\/i0.wp.com\/www.shqiperia.com\/blog\/wp-content\/uploads\/2023\/10\/640-0-6534cee38d5b7.jpg?fit=640%2C360&ssl=1&resize=350%2C200 1x, https:\/\/i0.wp.com\/www.shqiperia.com\/blog\/wp-content\/uploads\/2023\/10\/640-0-6534cee38d5b7.jpg?fit=640%2C360&ssl=1&resize=525%2C300 1.5x"},"classes":[]},{"id":36815,"url":"https:\/\/www.shqiperia.com\/blog\/akuzat-grupi-i-demokrateve-ne-kuvend-kallezon-ne-spak-dy-ministrat-e-qeverise-rama\/","url_meta":{"origin":79074,"position":4},"title":"Akuzat\/ Grupi i \u201cDemokrat\u00ebve\u201d n\u00eb Kuvend kall\u00ebzon n\u00eb SPAK dy ministrat e Qeveris\u00eb Rama","author":"Kurt Farka","date":"August 3, 2020","format":false,"excerpt":"Akuzat\/ Grupi i \u201cDemokrat\u00ebve\u201d n\u00eb Kuvend kall\u00ebzon n\u00eb SPAK dy ministrat e Qeveris\u00eb Rama Aug 3gusht 2020 Grupi Parlamentar i \u201cDemokrat\u00ebve\u201d n\u00eb Parlament, i p\u00ebrfaq\u00ebsuar nga Myslim Murrizi ka paditur sot n\u00eb Struktur\u00ebn e Posa\u00e7me Anti-Korrupsion, dy ministrat e Qeveris\u00eb Rama. Behet fjal\u00eb p\u00ebr ministrin e Brendsh\u00ebm, Sand\u00ebr Lleshaj dhe\u2026","rel":"","context":"In &quot;Blogu i Udh\u00ebtarit&quot;","block_context":{"text":"Blogu i Udh\u00ebtarit","link":"https:\/\/www.shqiperia.com\/blog\/category\/blogu-i-udhetarit\/"},"img":{"alt_text":"","src":"https:\/\/i0.wp.com\/www.shqiperia.com\/blog\/wp-content\/uploads\/2020\/08\/Murrizi-Valteri-Spak.jpg?fit=1200%2C546&ssl=1&resize=350%2C200","width":350,"height":200,"srcset":"https:\/\/i0.wp.com\/www.shqiperia.com\/blog\/wp-content\/uploads\/2020\/08\/Murrizi-Valteri-Spak.jpg?fit=1200%2C546&ssl=1&resize=350%2C200 1x, https:\/\/i0.wp.com\/www.shqiperia.com\/blog\/wp-content\/uploads\/2020\/08\/Murrizi-Valteri-Spak.jpg?fit=1200%2C546&ssl=1&resize=525%2C300 1.5x, https:\/\/i0.wp.com\/www.shqiperia.com\/blog\/wp-content\/uploads\/2020\/08\/Murrizi-Valteri-Spak.jpg?fit=1200%2C546&ssl=1&resize=700%2C400 2x, https:\/\/i0.wp.com\/www.shqiperia.com\/blog\/wp-content\/uploads\/2020\/08\/Murrizi-Valteri-Spak.jpg?fit=1200%2C546&ssl=1&resize=1050%2C600 3x"},"classes":[]},{"id":47023,"url":"https:\/\/www.shqiperia.com\/blog\/spak-sekuestron-pasurite-e-ish-kreut-te-gjykates-kushtetuese-dhe-dy-ish-gjyqtareve-cfare-zbuloi-hetimi-per-ta\/","url_meta":{"origin":79074,"position":5},"title":"SPAK sekuestron pasurit\u00eb e ish-kreut t\u00eb Gjykat\u00ebs Kushtetuese dhe dy ish-gjyqtar\u00ebve, \u00e7far\u00eb zbuloi hetimi p\u00ebr ta","author":"Kurt Farka","date":"April 28, 2021","format":false,"excerpt":"SPAK sekuestron pasurit\u00eb e ish-kreut t\u00eb Gjykat\u00ebs Kushtetuese dhe dy ish-gjyqtar\u00ebve, \u00e7far\u00eb zbuloi hetimi p\u00ebr ta 28 prill 2021 SPAK ka vendosur t\u00eb sekuestrohen\u00a0pasurit\u00eb e ish kreut t\u00eb Gjykates Kushtetuese Bashkim Dedja, pasurit\u00eb e ish-gjyqtarit t\u00eb Gjykates se Lart\u00eb, Shk\u00eblzen Selimi,\u00a0 pasurit\u00eb e ish gjyqtarit t\u00eb Gjykates Kushtetuese, Fatos Lulo.\u2026","rel":"","context":"In &quot;Blogu i Udh\u00ebtarit&quot;","block_context":{"text":"Blogu i Udh\u00ebtarit","link":"https:\/\/www.shqiperia.com\/blog\/category\/blogu-i-udhetarit\/"},"img":{"alt_text":"","src":"https:\/\/i0.wp.com\/www.shqiperia.com\/blog\/wp-content\/uploads\/2021\/04\/Dedja-selimi-lulo.jpg?fit=600%2C356&ssl=1&resize=350%2C200","width":350,"height":200,"srcset":"https:\/\/i0.wp.com\/www.shqiperia.com\/blog\/wp-content\/uploads\/2021\/04\/Dedja-selimi-lulo.jpg?fit=600%2C356&ssl=1&resize=350%2C200 1x, https:\/\/i0.wp.com\/www.shqiperia.com\/blog\/wp-content\/uploads\/2021\/04\/Dedja-selimi-lulo.jpg?fit=600%2C356&ssl=1&resize=525%2C300 1.5x"},"classes":[]}],"_links":{"self":[{"href":"https:\/\/www.shqiperia.com\/blog\/wp-json\/wp\/v2\/posts\/79074","targetHints":{"allow":["GET"]}}],"collection":[{"href":"https:\/\/www.shqiperia.com\/blog\/wp-json\/wp\/v2\/posts"}],"about":[{"href":"https:\/\/www.shqiperia.com\/blog\/wp-json\/wp\/v2\/types\/post"}],"author":[{"embeddable":true,"href":"https:\/\/www.shqiperia.com\/blog\/wp-json\/wp\/v2\/users\/9"}],"replies":[{"embeddable":true,"href":"https:\/\/www.shqiperia.com\/blog\/wp-json\/wp\/v2\/comments?post=79074"}],"version-history":[{"count":1,"href":"https:\/\/www.shqiperia.com\/blog\/wp-json\/wp\/v2\/posts\/79074\/revisions"}],"predecessor-version":[{"id":79076,"href":"https:\/\/www.shqiperia.com\/blog\/wp-json\/wp\/v2\/posts\/79074\/revisions\/79076"}],"wp:featuredmedia":[{"embeddable":true,"href":"https:\/\/www.shqiperia.com\/blog\/wp-json\/wp\/v2\/media\/79075"}],"wp:attachment":[{"href":"https:\/\/www.shqiperia.com\/blog\/wp-json\/wp\/v2\/media?parent=79074"}],"wp:term":[{"taxonomy":"category","embeddable":true,"href":"https:\/\/www.shqiperia.com\/blog\/wp-json\/wp\/v2\/categories?post=79074"},{"taxonomy":"post_tag","embeddable":true,"href":"https:\/\/www.shqiperia.com\/blog\/wp-json\/wp\/v2\/tags?post=79074"}],"curies":[{"name":"wp","href":"https:\/\/api.w.org\/{rel}","templated":true}]}}