{"id":79070,"date":"2024-03-09T14:59:06","date_gmt":"2024-03-09T14:59:06","guid":{"rendered":"https:\/\/www.shqiperia.com\/blog\/?p=79070"},"modified":"2024-03-09T15:00:03","modified_gmt":"2024-03-09T15:00:03","slug":"vucic-krah-putin-gara-per-arme-nisi-kur-bota-kuptoi-se-rusia-nuk-mposhtej-lehte","status":"publish","type":"post","link":"https:\/\/www.shqiperia.com\/blog\/vucic-krah-putin-gara-per-arme-nisi-kur-bota-kuptoi-se-rusia-nuk-mposhtej-lehte\/","title":{"rendered":"Vu\u00e7i\u00e7 krah Putin: Gara p\u00ebr arm\u00eb nisi kur bota kuptoi se Rusia nuk mposhtej leht\u00eb"},"content":{"rendered":"<div class=\"c-main\">\n<div class=\"c-header-content\">\n<div class=\"c-article_info\">\n<div class=\"c-article_writer\">\n<div class=\"c-writers_content\"><\/div>\n<\/div>\n<\/div>\n<div class=\"addthis_inline_share_toolbox\">\n<div class=\"social-share-blck\">\n<div class=\"social-share-btn-elements\"><a class=\"social-icon-wrapper social-share-btn social-svc-facebook\" target=\"_blank\" href=\"https:\/\/www.facebook.com\/sharer\/sharer.php?u=https%3A%2F%2Fsot.com.al%2Frajoni%2Fvucic-krah-putin-gara-per-arme-nisi-kur-bota-kuptoi-se-rusia-nuk-mposhtej-i649548\" rel=\"noopener noreferrer\"><span class=\"social-icon-wrapper\"><\/span><\/a><a class=\"social-icon-wrapper social-share-btn social-svc-whatsapp\" target=\"_blank\" href=\"https:\/\/api.whatsapp.com\/send?text=Vu%C3%A7i%C3%A7%20krah%20Putin%3A%20Gara%20p%C3%ABr%20arm%C3%AB%20nisi%20kur%20bota%20kuptoi%20se%20Rusia%20nuk%20mposhtej%20leht%C3%AB%20-%20Rajoni...https%3A%2F%2Fsot.com.al%2Frajoni%2Fvucic-krah-putin-gara-per-arme-nisi-kur-bota-kuptoi-se-rusia-nuk-mposhtej-i649548\" rel=\"noopener noreferrer\"><span class=\"social-icon-wrapper\"><\/span><\/a><a class=\"social-icon-wrapper social-share-btn social-svc-twitter\" target=\"_blank\" href=\"https:\/\/twitter.com\/intent\/tweet?text=Vu%C3%A7i%C3%A7%20krah%20Putin%3A%20Gara%20p%C3%ABr%20arm%C3%AB%20nisi%20kur%20bota%20kuptoi%20se%20Rusia%20nuk%20mposhtej%20leht%C3%AB%20-%20Rajoni...https%3A%2F%2Fsot.com.al%2Frajoni%2Fvucic-krah-putin-gara-per-arme-nisi-kur-bota-kuptoi-se-rusia-nuk-mposhtej-i649548\" rel=\"noopener noreferrer\"><span class=\"social-icon-wrapper\"><\/span><\/a><img data-recalc-dims=\"1\" loading=\"lazy\" decoding=\"async\" data-attachment-id=\"79071\" data-permalink=\"https:\/\/www.shqiperia.com\/blog\/vucic-krah-putin-gara-per-arme-nisi-kur-bota-kuptoi-se-rusia-nuk-mposhtej-lehte\/800-0-e16ad4c6a008a0e38a7d04c788363874-1\/\" data-orig-file=\"https:\/\/i0.wp.com\/www.shqiperia.com\/blog\/wp-content\/uploads\/2024\/03\/800-0-e16ad4c6a008a0e38a7d04c788363874-1.jpg?fit=800%2C450&amp;ssl=1\" data-orig-size=\"800,450\" data-comments-opened=\"1\" data-image-meta=\"{&quot;aperture&quot;:&quot;0&quot;,&quot;credit&quot;:&quot;&quot;,&quot;camera&quot;:&quot;&quot;,&quot;caption&quot;:&quot;&quot;,&quot;created_timestamp&quot;:&quot;0&quot;,&quot;copyright&quot;:&quot;&quot;,&quot;focal_length&quot;:&quot;0&quot;,&quot;iso&quot;:&quot;0&quot;,&quot;shutter_speed&quot;:&quot;0&quot;,&quot;title&quot;:&quot;&quot;,&quot;orientation&quot;:&quot;0&quot;}\" data-image-title=\"-800-0-e16ad4c6a008a0e38a7d04c788363874 (1)\" data-image-description=\"\" data-image-caption=\"\" data-medium-file=\"https:\/\/i0.wp.com\/www.shqiperia.com\/blog\/wp-content\/uploads\/2024\/03\/800-0-e16ad4c6a008a0e38a7d04c788363874-1.jpg?fit=300%2C169&amp;ssl=1\" data-large-file=\"https:\/\/i0.wp.com\/www.shqiperia.com\/blog\/wp-content\/uploads\/2024\/03\/800-0-e16ad4c6a008a0e38a7d04c788363874-1.jpg?fit=800%2C450&amp;ssl=1\" class=\"alignnone wp-image-79071\" alt=\"\" src=\"https:\/\/i0.wp.com\/www.shqiperia.com\/blog\/wp-content\/uploads\/2024\/03\/800-0-e16ad4c6a008a0e38a7d04c788363874-1.jpg?resize=811%2C457&#038;ssl=1\" width=\"811\" height=\"457\" srcset=\"https:\/\/i0.wp.com\/www.shqiperia.com\/blog\/wp-content\/uploads\/2024\/03\/800-0-e16ad4c6a008a0e38a7d04c788363874-1.jpg?resize=300%2C169&amp;ssl=1 300w, https:\/\/i0.wp.com\/www.shqiperia.com\/blog\/wp-content\/uploads\/2024\/03\/800-0-e16ad4c6a008a0e38a7d04c788363874-1.jpg?resize=768%2C432&amp;ssl=1 768w, https:\/\/i0.wp.com\/www.shqiperia.com\/blog\/wp-content\/uploads\/2024\/03\/800-0-e16ad4c6a008a0e38a7d04c788363874-1.jpg?resize=450%2C253&amp;ssl=1 450w, https:\/\/i0.wp.com\/www.shqiperia.com\/blog\/wp-content\/uploads\/2024\/03\/800-0-e16ad4c6a008a0e38a7d04c788363874-1.jpg?resize=600%2C338&amp;ssl=1 600w, https:\/\/i0.wp.com\/www.shqiperia.com\/blog\/wp-content\/uploads\/2024\/03\/800-0-e16ad4c6a008a0e38a7d04c788363874-1.jpg?resize=400%2C225&amp;ssl=1 400w, https:\/\/i0.wp.com\/www.shqiperia.com\/blog\/wp-content\/uploads\/2024\/03\/800-0-e16ad4c6a008a0e38a7d04c788363874-1.jpg?w=800&amp;ssl=1 800w\" sizes=\"auto, (max-width: 811px) 100vw, 811px\" \/><\/div>\n<\/div>\n<\/div>\n<\/div>\n<\/div>\n<div class=\"c-main\">\n<div class=\"c-flexy flex-m\">\n<div class=\"c-open-content c-left\">\n<div class=\"open-a-content\">\n<div class=\"horizontal imazhiim\">9 Mars 2024<\/div>\n<div><\/div>\n<p>Serbia eksporton t\u00eb gjitha arm\u00ebt q\u00eb mund t\u00eb prodhoj\u00eb p\u00ebr shitje, tha presidenti serb, Aleksand\u00ebr Vu\u00e7i\u00e7. Ai se interesimi \u00ebsht\u00eb aq i madh sa Serbia mund t\u00eb shes\u00eb gjith\u00e7ka q\u00eb prodhon p\u00ebr 30 vjet vet\u00ebm p\u00ebrmes nj\u00eb kontrate.<\/p>\n<p>\u201cGara e arm\u00ebve nisi kur bota e kuptoi se presidenti rus, Vladimir Putin, nuk do t\u00eb mposhtej leht\u00eb. Prandaj, t\u00eb gjith\u00eb po armatosin veten pes\u00eb her\u00eb m\u00eb shpejt\u201d, tha Vu\u00e7iq gjat\u00eb nj\u00eb vizite n\u00eb Institutin Tekniko-ushtark n\u00eb Beograd.<\/p>\n<p>Duke folur p\u00ebr prodhimin e brendsh\u00ebm, Vu\u00e7i\u00e7 tha gjat\u00eb ekspozimit t\u00eb pajisjeve ushtarake se n\u00eb t\u00eb ardhmen synohet t\u00eb prodhohen 5.000 dron\u00eb kamikaz\u00eb q\u00eb jan\u00eb zhvilluar nga ekspert\u00ebt e k\u00ebtij instituti. Udh\u00ebheq\u00ebsi serb tha se plani \u00ebsht\u00eb q\u00eb deri n\u00eb shtator t\u00eb vihet n\u00eb p\u00ebrdorim mjeti fletues pa pilot \u201cSparrow\u201d. Pas nisjes s\u00eb pushtimit rus t\u00eb Ukrain\u00ebs m\u00eb 24 shkurt 2024, Vu\u00e7iq vazhdimisht ka deklaruar se Serbia nuk eksporton arm\u00eb n\u00eb Kiev dhe Mosk\u00eb. Menj\u00ebher\u00eb pas shp\u00ebrthimit t\u00eb luft\u00ebs mes Rusis\u00eb dhe Ukrain\u00ebs, Beogradi paraqiti nj\u00eb moratorium p\u00ebr mbajtjen e st\u00ebrvitjeve ushtarake me partner\u00ebt e huaj. Sekretari i Shtetit n\u00eb Ministrin\u00eb e Mbrojtjes s\u00eb Serbis\u00eb, Nemanja Starovi\u00e7, tha m\u00eb 9 mars se Serbia ka pasur bashk\u00ebpunim substancial ushtarak me an\u00ebtar\u00ebt e NATO-s n\u00eb dy vjet\u00ebt e fundit.<\/p>\n<p>\u201cDuke pasur parasysh rrethanat e reja t\u00eb krijuara, bashk\u00ebpunimi i Serbis\u00eb me Rusin\u00eb nuk \u00ebsht\u00eb zhvilluar duksh\u00ebm q\u00eb nga nisja e luft\u00ebs n\u00eb Ukrain\u00eb\u201d, tha Starovi\u00e7 p\u00ebr Z\u00ebrin e Amerik\u00ebs.<\/p>\n<p>Para se t\u00eb niste lufta n\u00eb Ukrain\u00eb, Forcat e Armatosura t\u00eb Serbis\u00eb kan\u00eb kryer st\u00ebrvitje ushtarake brenda dhe jasht\u00eb vendit me ushtrit\u00eb e ish-bllokut Lindor, Rusin\u00eb dhe Bjellorusin\u00eb, por edhe shtetet per\u00ebndimore, sikurse Shtetet e Bashkuara dhe an\u00ebtar\u00eb t\u00eb tjer\u00eb t\u00eb NATO-s.<\/p>\n<p>Serbia \u00ebsht\u00eb pjes\u00eb e Programit t\u00eb Partneritetit p\u00ebr Paqe t\u00eb NATO-s q\u00eb nga viti 2006. Ky program konsiderohet hapi i par\u00eb drejt an\u00ebtar\u00ebsimit n\u00eb aleanc\u00eb. M\u00eb 2007, Serbia deklaroi se ishte shtet neutral n\u00eb aspektin ushtarak.\/ REL<\/p>\n<p>Nga Gazeta Sot<\/p>\n<\/div>\n<\/div>\n<\/div>\n<\/div>\n","protected":false},"excerpt":{"rendered":"<p>9 Mars 2024 Serbia eksporton t\u00eb gjitha arm\u00ebt q\u00eb mund t\u00eb prodhoj\u00eb p\u00ebr shitje, tha presidenti serb, Aleksand\u00ebr Vu\u00e7i\u00e7. Ai se interesimi \u00ebsht\u00eb aq i madh sa Serbia mund t\u00eb shes\u00eb gjith\u00e7ka q\u00eb prodhon p\u00ebr 30 vjet vet\u00ebm p\u00ebrmes nj\u00eb kontrate. \u201cGara e arm\u00ebve nisi kur bota e kuptoi se presidenti rus, Vladimir Putin, nuk [&hellip;]<\/p>\n","protected":false},"author":9,"featured_media":79071,"comment_status":"open","ping_status":"open","sticky":false,"template":"","format":"standard","meta":{"jetpack_post_was_ever_published":false,"_jetpack_newsletter_access":"","_jetpack_dont_email_post_to_subs":false,"_jetpack_newsletter_tier_id":0,"_jetpack_memberships_contains_paywalled_content":false,"_jetpack_memberships_contains_paid_content":false,"footnotes":"","jetpack_publicize_message":"","jetpack_publicize_feature_enabled":true,"jetpack_social_post_already_shared":true,"jetpack_social_options":{"image_generator_settings":{"template":"highway","default_image_id":0,"font":"","enabled":false},"version":2}},"categories":[27,1,2],"tags":[],"class_list":["post-79070","post","type-post","status-publish","format-standard","has-post-thumbnail","hentry","category-blogu-i-udhetarit","category-njoftime-shtypi","category-politika"],"jetpack_publicize_connections":[],"jetpack_featured_media_url":"https:\/\/i0.wp.com\/www.shqiperia.com\/blog\/wp-content\/uploads\/2024\/03\/800-0-e16ad4c6a008a0e38a7d04c788363874-1.jpg?fit=800%2C450&ssl=1","jetpack_sharing_enabled":true,"jetpack_shortlink":"https:\/\/wp.me\/p5Z6wp-kzk","jetpack-related-posts":[{"id":96747,"url":"https:\/\/www.shqiperia.com\/blog\/zelensky-merr-ftesen-per-te-qene-pjese-e-bordit-te-paqes-presidenti-ukrainas-smund-te-qendroj-krah-putinit\/","url_meta":{"origin":79070,"position":0},"title":"Zelensky merr ftes\u00ebn p\u00ebr t\u00eb qen\u00eb pjes\u00eb e Bordit t\u00eb Paqes, presidenti ukrainas: &#8211; S\u2019mund t\u00eb q\u00ebndroj krah Putinit","author":"Kurt Farka","date":"January 20, 2026","format":false,"excerpt":"20 Janar 2026 Presidenti i Ukrain\u00ebs, Volodymyr Zelensky, ka deklaruar se ka marr\u00eb nj\u00eb ftes\u00eb p\u00ebr t\u00eb bashkuar forcat me Bordin e Paqes, por tha se \u00ebsht\u00eb shum\u00eb e v\u00ebshtir\u00eb p\u00ebr t\u00eb imagjinoj\u00eb mund\u00ebsin\u00eb e bashk\u00ebpunimit me Vladimir Putinin. N\u00eb nj\u00eb intervist\u00eb p\u00ebr gazetar\u00ebt, Zelensky tha: \u201cNe e kemi marr\u00eb\u2026","rel":"","context":"In &quot;Blogu i Udh\u00ebtarit&quot;","block_context":{"text":"Blogu i Udh\u00ebtarit","link":"https:\/\/www.shqiperia.com\/blog\/category\/blogu-i-udhetarit\/"},"img":{"alt_text":"","src":"https:\/\/i0.wp.com\/www.shqiperia.com\/blog\/wp-content\/uploads\/2026\/01\/zelensky_sd.webp?fit=1200%2C675&ssl=1&resize=350%2C200","width":350,"height":200,"srcset":"https:\/\/i0.wp.com\/www.shqiperia.com\/blog\/wp-content\/uploads\/2026\/01\/zelensky_sd.webp?fit=1200%2C675&ssl=1&resize=350%2C200 1x, https:\/\/i0.wp.com\/www.shqiperia.com\/blog\/wp-content\/uploads\/2026\/01\/zelensky_sd.webp?fit=1200%2C675&ssl=1&resize=525%2C300 1.5x, https:\/\/i0.wp.com\/www.shqiperia.com\/blog\/wp-content\/uploads\/2026\/01\/zelensky_sd.webp?fit=1200%2C675&ssl=1&resize=700%2C400 2x, https:\/\/i0.wp.com\/www.shqiperia.com\/blog\/wp-content\/uploads\/2026\/01\/zelensky_sd.webp?fit=1200%2C675&ssl=1&resize=1050%2C600 3x"},"classes":[]},{"id":99542,"url":"https:\/\/www.shqiperia.com\/blog\/marta-kos-flet-dhe-per-letren-rama-vucic-ose-je-anetar-ose-nuk-je-nuk-ka-light\/","url_meta":{"origin":79070,"position":1},"title":"Marta Kos flet dhe p\u00ebr letr\u00ebn Rama-Vu\u00e7i\u00e7: &#8211; Ose je an\u00ebtar, ose nuk je, nuk ka \u201clight\u201d","author":"Kurt Farka","date":"April 19, 2026","format":false,"excerpt":"19 Prill 2026 Komisionerja Europiane p\u00ebr Zgjerimin e BE, Marta Kos, ka dh\u00ebn\u00eb nj\u00eb interviste n\u00eb Atlantic Council, Pergjigja e saj kur \u00ebsht\u00eb pyetur edhe p\u00ebr letr\u00ebn e b\u00ebr\u00eb nga Vu\u00e7i\u00e7 dhe Rama\u00a0 Pyetje:\u00a0 M\u00eb lejoni t\u2019ju pyes si pyetjen e fundit, ndoshta n\u00eb lidhje me k\u00ebt\u00eb, q\u00eb \u00ebsht\u00eb pjes\u00eb\u2026","rel":"","context":"In &quot;Blogu i Udh\u00ebtarit&quot;","block_context":{"text":"Blogu i Udh\u00ebtarit","link":"https:\/\/www.shqiperia.com\/blog\/category\/blogu-i-udhetarit\/"},"img":{"alt_text":"","src":"https:\/\/i0.wp.com\/www.shqiperia.com\/blog\/wp-content\/uploads\/2026\/04\/640-0-900-0-1774555740xcover-be-web-207-1776579971-1.webp?fit=640%2C431&ssl=1&resize=350%2C200","width":350,"height":200,"srcset":"https:\/\/i0.wp.com\/www.shqiperia.com\/blog\/wp-content\/uploads\/2026\/04\/640-0-900-0-1774555740xcover-be-web-207-1776579971-1.webp?fit=640%2C431&ssl=1&resize=350%2C200 1x, https:\/\/i0.wp.com\/www.shqiperia.com\/blog\/wp-content\/uploads\/2026\/04\/640-0-900-0-1774555740xcover-be-web-207-1776579971-1.webp?fit=640%2C431&ssl=1&resize=525%2C300 1.5x"},"classes":[]},{"id":91334,"url":"https:\/\/www.shqiperia.com\/blog\/me-mcgonigalin-ne-krah-rama-nuk-i-shpeton-dot-berisha-nis-ofensiven-per-zgjedhjet-fitorja-do-te-jete-e-shqiperise\/","url_meta":{"origin":79070,"position":2},"title":"\u201cMe McGonigalin n\u00eb krah, &#8211; Rama nuk i shp\u00ebton dot\u201d. &#8211; Berisha nis ofensiv\u00ebn p\u00ebr zgjedhjet: Fitorja do t\u00eb jet\u00eb e Shqip\u00ebris\u00eb","author":"Kurt Farka","date":"April 12, 2025","format":false,"excerpt":"12 Prill 2025 Shqip\u00ebria Madh\u00ebshtore \u00ebsht\u00eb Shqip\u00ebria e shpirtit tuaj, e dashuris\u00eb p\u00ebr familjen, e atdhetarizmit dhe liris\u00eb. Imagjinoni krahun tjet\u00ebr me patronazhist\u00eb m\u00ebkatar\u00eb. Imagjinoni Edi Ram\u00ebn q\u00eb ka n\u00eb krah\u00eb Veliajn, \u00c7yrben, Beqajn dhe McGonigalin. Sa shum\u00eb e presin. Edi Rama sonte e ke t\u00eb v\u00ebshtir\u00eb nat\u00ebn. Kjo \u00ebsht\u00eb\u2026","rel":"","context":"In &quot;Blogu i Udh\u00ebtarit&quot;","block_context":{"text":"Blogu i Udh\u00ebtarit","link":"https:\/\/www.shqiperia.com\/blog\/category\/blogu-i-udhetarit\/"},"img":{"alt_text":"","src":"https:\/\/i0.wp.com\/www.shqiperia.com\/blog\/wp-content\/uploads\/2025\/04\/640-0-1744396696x92e4fab4-6a04-4797-b5b0-48cdb00ef1da-610.jpg?fit=640%2C357&ssl=1&resize=350%2C200","width":350,"height":200,"srcset":"https:\/\/i0.wp.com\/www.shqiperia.com\/blog\/wp-content\/uploads\/2025\/04\/640-0-1744396696x92e4fab4-6a04-4797-b5b0-48cdb00ef1da-610.jpg?fit=640%2C357&ssl=1&resize=350%2C200 1x, https:\/\/i0.wp.com\/www.shqiperia.com\/blog\/wp-content\/uploads\/2025\/04\/640-0-1744396696x92e4fab4-6a04-4797-b5b0-48cdb00ef1da-610.jpg?fit=640%2C357&ssl=1&resize=525%2C300 1.5x"},"classes":[]},{"id":90355,"url":"https:\/\/www.shqiperia.com\/blog\/putin-paralajmeron-trupat-ukrainase-ne-kursk-dorezohuni-ose-do-te-vdisni\/","url_meta":{"origin":79070,"position":3},"title":"Putin paralajm\u00ebron trupat ukrainase n\u00eb Kursk: &#8211; Dor\u00ebzohuni, ose do t\u00eb vdisni!","author":"Kurt Farka","date":"March 14, 2025","format":false,"excerpt":"14 Mars 2025 N\u00eb konferenc\u00ebn e tij p\u00ebr shtyp me presidentin Lukashenko, Putin foli dhe p\u00ebr inspektimin e tij nj\u00eb dit\u00eb m\u00eb par\u00eb n\u00eb rajonin e Kurskut, e cila ka qen\u00eb nj\u00eb nga betejat kryesore t\u00eb luft\u00ebs me Ukrain\u00ebn. Putin \u00a0tha se Rusia kishte bllokuar ushtar\u00ebt e mbetur ukrainas n\u00eb\u2026","rel":"","context":"In &quot;Blogu i Udh\u00ebtarit&quot;","block_context":{"text":"Blogu i Udh\u00ebtarit","link":"https:\/\/www.shqiperia.com\/blog\/category\/blogu-i-udhetarit\/"},"img":{"alt_text":"","src":"https:\/\/i0.wp.com\/www.shqiperia.com\/blog\/wp-content\/uploads\/2025\/03\/1725543560_putin.jpg?fit=780%2C440&ssl=1&resize=350%2C200","width":350,"height":200,"srcset":"https:\/\/i0.wp.com\/www.shqiperia.com\/blog\/wp-content\/uploads\/2025\/03\/1725543560_putin.jpg?fit=780%2C440&ssl=1&resize=350%2C200 1x, https:\/\/i0.wp.com\/www.shqiperia.com\/blog\/wp-content\/uploads\/2025\/03\/1725543560_putin.jpg?fit=780%2C440&ssl=1&resize=525%2C300 1.5x, https:\/\/i0.wp.com\/www.shqiperia.com\/blog\/wp-content\/uploads\/2025\/03\/1725543560_putin.jpg?fit=780%2C440&ssl=1&resize=700%2C400 2x"},"classes":[]},{"id":94380,"url":"https:\/\/www.shqiperia.com\/blog\/kina-pezullon-blerjen-e-naftes-nga-rusia\/","url_meta":{"origin":79070,"position":4},"title":"Kina pezullon blerjen e naftes nga Rusia.","author":"Kurt Farka","date":"October 23, 2025","format":false,"excerpt":"23 Tetor 2025 Kina pezullon blerjen e naftes nga Rusia. Me pare edhe India ka deklaruar se nuk do bleji nafte nga Rusia. Keto jane masa ne perkrahje te embargos se ShBA per sanksionet ndaj Rusise nga qe nuk ndalon agresionin ndaj Ukraines.","rel":"","context":"In &quot;Blogu i Udh\u00ebtarit&quot;","block_context":{"text":"Blogu i Udh\u00ebtarit","link":"https:\/\/www.shqiperia.com\/blog\/category\/blogu-i-udhetarit\/"},"img":{"alt_text":"","src":"https:\/\/i0.wp.com\/www.shqiperia.com\/blog\/wp-content\/uploads\/2025\/10\/Screenshot_235-2.jpg?fit=895%2C495&ssl=1&resize=350%2C200","width":350,"height":200,"srcset":"https:\/\/i0.wp.com\/www.shqiperia.com\/blog\/wp-content\/uploads\/2025\/10\/Screenshot_235-2.jpg?fit=895%2C495&ssl=1&resize=350%2C200 1x, https:\/\/i0.wp.com\/www.shqiperia.com\/blog\/wp-content\/uploads\/2025\/10\/Screenshot_235-2.jpg?fit=895%2C495&ssl=1&resize=525%2C300 1.5x, https:\/\/i0.wp.com\/www.shqiperia.com\/blog\/wp-content\/uploads\/2025\/10\/Screenshot_235-2.jpg?fit=895%2C495&ssl=1&resize=700%2C400 2x"},"classes":[]},{"id":88670,"url":"https:\/\/www.shqiperia.com\/blog\/putin-gati-per-negociata-me-trump-vjen-reagimi-i-kievit-jo-pa-evropen-dhe-ukrainen\/","url_meta":{"origin":79070,"position":5},"title":"Putin gati p\u00ebr negociata me Trump, vjen reagimi i Kievit: &#8211; Jo pa Evrop\u00ebn dhe Ukrain\u00ebn","author":"Kurt Farka","date":"January 24, 2025","format":false,"excerpt":"24 Janar 2025 Nuk mund t\u00eb ket\u00eb negociata mes Vladimir Putinit dhe Donald Trump p\u00ebr luft\u00ebn n\u00eb Ukrain\u00eb pa pjes\u00ebmarrjen e Evrop\u00ebs dhe vet\u00eb Ukrain\u00ebs. K\u00ebshtu deklaroi presidenca n\u00eb Kiev, pas lajmeve se Putin \u00ebsht\u00eb gati p\u00ebr negociata t\u00eb drejtp\u00ebrdrejta me Donald Trump p\u00ebr Ukrain\u00ebn. \u201cAi (Putini) d\u00ebshiron t\u00eb negocioj\u00eb\u2026","rel":"","context":"In &quot;Blogu i Udh\u00ebtarit&quot;","block_context":{"text":"Blogu i Udh\u00ebtarit","link":"https:\/\/www.shqiperia.com\/blog\/category\/blogu-i-udhetarit\/"},"img":{"alt_text":"","src":"https:\/\/i0.wp.com\/www.shqiperia.com\/blog\/wp-content\/uploads\/2025\/01\/2024-11-12-putin-trump-meeting-1265720825.webp?fit=1200%2C600&ssl=1&resize=350%2C200","width":350,"height":200,"srcset":"https:\/\/i0.wp.com\/www.shqiperia.com\/blog\/wp-content\/uploads\/2025\/01\/2024-11-12-putin-trump-meeting-1265720825.webp?fit=1200%2C600&ssl=1&resize=350%2C200 1x, https:\/\/i0.wp.com\/www.shqiperia.com\/blog\/wp-content\/uploads\/2025\/01\/2024-11-12-putin-trump-meeting-1265720825.webp?fit=1200%2C600&ssl=1&resize=525%2C300 1.5x, https:\/\/i0.wp.com\/www.shqiperia.com\/blog\/wp-content\/uploads\/2025\/01\/2024-11-12-putin-trump-meeting-1265720825.webp?fit=1200%2C600&ssl=1&resize=700%2C400 2x, https:\/\/i0.wp.com\/www.shqiperia.com\/blog\/wp-content\/uploads\/2025\/01\/2024-11-12-putin-trump-meeting-1265720825.webp?fit=1200%2C600&ssl=1&resize=1050%2C600 3x"},"classes":[]}],"_links":{"self":[{"href":"https:\/\/www.shqiperia.com\/blog\/wp-json\/wp\/v2\/posts\/79070","targetHints":{"allow":["GET"]}}],"collection":[{"href":"https:\/\/www.shqiperia.com\/blog\/wp-json\/wp\/v2\/posts"}],"about":[{"href":"https:\/\/www.shqiperia.com\/blog\/wp-json\/wp\/v2\/types\/post"}],"author":[{"embeddable":true,"href":"https:\/\/www.shqiperia.com\/blog\/wp-json\/wp\/v2\/users\/9"}],"replies":[{"embeddable":true,"href":"https:\/\/www.shqiperia.com\/blog\/wp-json\/wp\/v2\/comments?post=79070"}],"version-history":[{"count":2,"href":"https:\/\/www.shqiperia.com\/blog\/wp-json\/wp\/v2\/posts\/79070\/revisions"}],"predecessor-version":[{"id":79073,"href":"https:\/\/www.shqiperia.com\/blog\/wp-json\/wp\/v2\/posts\/79070\/revisions\/79073"}],"wp:featuredmedia":[{"embeddable":true,"href":"https:\/\/www.shqiperia.com\/blog\/wp-json\/wp\/v2\/media\/79071"}],"wp:attachment":[{"href":"https:\/\/www.shqiperia.com\/blog\/wp-json\/wp\/v2\/media?parent=79070"}],"wp:term":[{"taxonomy":"category","embeddable":true,"href":"https:\/\/www.shqiperia.com\/blog\/wp-json\/wp\/v2\/categories?post=79070"},{"taxonomy":"post_tag","embeddable":true,"href":"https:\/\/www.shqiperia.com\/blog\/wp-json\/wp\/v2\/tags?post=79070"}],"curies":[{"name":"wp","href":"https:\/\/api.w.org\/{rel}","templated":true}]}}