{"id":79066,"date":"2024-03-09T13:31:44","date_gmt":"2024-03-09T13:31:44","guid":{"rendered":"https:\/\/www.shqiperia.com\/blog\/?p=79066"},"modified":"2024-03-09T13:31:44","modified_gmt":"2024-03-09T13:31:44","slug":"arkeologet-zbulojne-varrin-antik-i-mbushur-me-thesare-ari-mendohet-se-i-kushtohej","status":"publish","type":"post","link":"https:\/\/www.shqiperia.com\/blog\/arkeologet-zbulojne-varrin-antik-i-mbushur-me-thesare-ari-mendohet-se-i-kushtohej\/","title":{"rendered":"Arkeolog\u00ebt zbulojn\u00eb varrin antik i mbushur me thesare ari, mendohet se i kushtohej\u2026"},"content":{"rendered":"<p><img data-recalc-dims=\"1\" loading=\"lazy\" decoding=\"async\" data-attachment-id=\"79067\" data-permalink=\"https:\/\/www.shqiperia.com\/blog\/arkeologet-zbulojne-varrin-antik-i-mbushur-me-thesare-ari-mendohet-se-i-kushtohej\/ari-770x433\/\" data-orig-file=\"https:\/\/i0.wp.com\/www.shqiperia.com\/blog\/wp-content\/uploads\/2024\/03\/ari-770x433-1.jpg?fit=770%2C433&amp;ssl=1\" data-orig-size=\"770,433\" data-comments-opened=\"1\" data-image-meta=\"{&quot;aperture&quot;:&quot;0&quot;,&quot;credit&quot;:&quot;User&quot;,&quot;camera&quot;:&quot;&quot;,&quot;caption&quot;:&quot;&quot;,&quot;created_timestamp&quot;:&quot;1709914978&quot;,&quot;copyright&quot;:&quot;&quot;,&quot;focal_length&quot;:&quot;0&quot;,&quot;iso&quot;:&quot;0&quot;,&quot;shutter_speed&quot;:&quot;0&quot;,&quot;title&quot;:&quot;&quot;,&quot;orientation&quot;:&quot;0&quot;}\" data-image-title=\"ari-770&#215;433\" data-image-description=\"\" data-image-caption=\"\" data-medium-file=\"https:\/\/i0.wp.com\/www.shqiperia.com\/blog\/wp-content\/uploads\/2024\/03\/ari-770x433-1.jpg?fit=300%2C169&amp;ssl=1\" data-large-file=\"https:\/\/i0.wp.com\/www.shqiperia.com\/blog\/wp-content\/uploads\/2024\/03\/ari-770x433-1.jpg?fit=770%2C433&amp;ssl=1\" class=\"alignnone  wp-image-79067\" alt=\"\" src=\"https:\/\/i0.wp.com\/www.shqiperia.com\/blog\/wp-content\/uploads\/2024\/03\/ari-770x433-1.jpg?resize=840%2C473&#038;ssl=1\" width=\"840\" height=\"473\" srcset=\"https:\/\/i0.wp.com\/www.shqiperia.com\/blog\/wp-content\/uploads\/2024\/03\/ari-770x433-1.jpg?resize=300%2C169&amp;ssl=1 300w, https:\/\/i0.wp.com\/www.shqiperia.com\/blog\/wp-content\/uploads\/2024\/03\/ari-770x433-1.jpg?resize=768%2C432&amp;ssl=1 768w, https:\/\/i0.wp.com\/www.shqiperia.com\/blog\/wp-content\/uploads\/2024\/03\/ari-770x433-1.jpg?resize=450%2C253&amp;ssl=1 450w, https:\/\/i0.wp.com\/www.shqiperia.com\/blog\/wp-content\/uploads\/2024\/03\/ari-770x433-1.jpg?resize=600%2C337&amp;ssl=1 600w, https:\/\/i0.wp.com\/www.shqiperia.com\/blog\/wp-content\/uploads\/2024\/03\/ari-770x433-1.jpg?resize=400%2C225&amp;ssl=1 400w, https:\/\/i0.wp.com\/www.shqiperia.com\/blog\/wp-content\/uploads\/2024\/03\/ari-770x433-1.jpg?w=770&amp;ssl=1 770w\" sizes=\"auto, (max-width: 840px) 100vw, 840px\" \/><\/p>\n<p><strong>9 Mars 2024<\/strong><\/p>\n<p><strong>Arkeolog\u00ebt zbuluan<a href=\"https:\/\/nypost.com\/2024\/03\/07\/lifestyle\/special-ancient-tomb-filled-with-golden-treasures-sacrificial-victims-uncovered-by-archaeologists\/?utm_medium=social&amp;utm_source=whatsapp&amp;utm_campaign=nypost\"><span>\u00a0<\/span>nj\u00eb varr 1200-vje\u00e7ar<\/a><span>\u00a0<\/span>t\u00eb mbushur me thesare ari.<\/strong><\/p>\n<p>Ministria e Kultur\u00ebs e Panamas\u00eb (MiCultura) publikoi nj\u00eb deklarat\u00eb p\u00ebr shtyp n\u00eb gjuh\u00ebn spanjolle n\u00eb lidhje me zbulimin m\u00eb 1 mars.<\/p>\n<p>Varri, i cili u gjet n\u00eb provinc\u00ebn Cocl\u00e9 t\u00eb Panamas\u00eb, u nd\u00ebrtua dhe iu kushtua nj\u00eb \u2018per\u00ebndie\u2019 midis viteve 750 dhe 800 pas Krishtit.<\/p>\n<p>Varri ishte i mbushur me sende t\u00eb ndryshme ari, duke p\u00ebrfshir\u00eb nj\u00eb grup pllakash ari rrethore dhe dy rripa t\u00eb b\u00ebr\u00eb nga rruaza ari sferike.<\/p>\n<p>Jan\u00eb gjetur vath\u00eb t\u00eb mbuluar me ar, t\u00eb b\u00ebra nga dh\u00ebmb\u00ebt e balen\u00ebs s\u00eb sperm\u00ebs, s\u00eb bashku me nj\u00eb pal\u00eb vath\u00eb n\u00eb form\u00eb krokodili.<\/p>\n<p><img data-recalc-dims=\"1\" loading=\"lazy\" decoding=\"async\" data-attachment-id=\"79068\" data-permalink=\"https:\/\/www.shqiperia.com\/blog\/arkeologet-zbulojne-varrin-antik-i-mbushur-me-thesare-ari-mendohet-se-i-kushtohej\/varri-i-zbuluar-se-i-kushtohej-n-je\/\" data-orig-file=\"https:\/\/i0.wp.com\/www.shqiperia.com\/blog\/wp-content\/uploads\/2024\/03\/varri-i-zbuluar-se-i-kushtohej-n-je.jpg?fit=1070%2C735&amp;ssl=1\" data-orig-size=\"1070,735\" data-comments-opened=\"1\" data-image-meta=\"{&quot;aperture&quot;:&quot;0&quot;,&quot;credit&quot;:&quot;User&quot;,&quot;camera&quot;:&quot;&quot;,&quot;caption&quot;:&quot;&quot;,&quot;created_timestamp&quot;:&quot;1709914991&quot;,&quot;copyright&quot;:&quot;&quot;,&quot;focal_length&quot;:&quot;0&quot;,&quot;iso&quot;:&quot;0&quot;,&quot;shutter_speed&quot;:&quot;0&quot;,&quot;title&quot;:&quot;&quot;,&quot;orientation&quot;:&quot;0&quot;}\" data-image-title=\"varri-i-zbuluar-se-i-kushtohej-n-je\" data-image-description=\"\" data-image-caption=\"\" data-medium-file=\"https:\/\/i0.wp.com\/www.shqiperia.com\/blog\/wp-content\/uploads\/2024\/03\/varri-i-zbuluar-se-i-kushtohej-n-je.jpg?fit=300%2C206&amp;ssl=1\" data-large-file=\"https:\/\/i0.wp.com\/www.shqiperia.com\/blog\/wp-content\/uploads\/2024\/03\/varri-i-zbuluar-se-i-kushtohej-n-je.jpg?fit=1024%2C703&amp;ssl=1\" class=\"alignnone  wp-image-79068\" alt=\"\" src=\"https:\/\/i0.wp.com\/www.shqiperia.com\/blog\/wp-content\/uploads\/2024\/03\/varri-i-zbuluar-se-i-kushtohej-n-je.jpg?resize=978%2C672&#038;ssl=1\" width=\"978\" height=\"672\" srcset=\"https:\/\/i0.wp.com\/www.shqiperia.com\/blog\/wp-content\/uploads\/2024\/03\/varri-i-zbuluar-se-i-kushtohej-n-je.jpg?resize=300%2C206&amp;ssl=1 300w, https:\/\/i0.wp.com\/www.shqiperia.com\/blog\/wp-content\/uploads\/2024\/03\/varri-i-zbuluar-se-i-kushtohej-n-je.jpg?resize=1024%2C703&amp;ssl=1 1024w, https:\/\/i0.wp.com\/www.shqiperia.com\/blog\/wp-content\/uploads\/2024\/03\/varri-i-zbuluar-se-i-kushtohej-n-je.jpg?resize=768%2C528&amp;ssl=1 768w, https:\/\/i0.wp.com\/www.shqiperia.com\/blog\/wp-content\/uploads\/2024\/03\/varri-i-zbuluar-se-i-kushtohej-n-je.jpg?resize=450%2C309&amp;ssl=1 450w, https:\/\/i0.wp.com\/www.shqiperia.com\/blog\/wp-content\/uploads\/2024\/03\/varri-i-zbuluar-se-i-kushtohej-n-je.jpg?resize=600%2C412&amp;ssl=1 600w, https:\/\/i0.wp.com\/www.shqiperia.com\/blog\/wp-content\/uploads\/2024\/03\/varri-i-zbuluar-se-i-kushtohej-n-je.jpg?resize=235%2C160&amp;ssl=1 235w, https:\/\/i0.wp.com\/www.shqiperia.com\/blog\/wp-content\/uploads\/2024\/03\/varri-i-zbuluar-se-i-kushtohej-n-je.jpg?resize=400%2C275&amp;ssl=1 400w, https:\/\/i0.wp.com\/www.shqiperia.com\/blog\/wp-content\/uploads\/2024\/03\/varri-i-zbuluar-se-i-kushtohej-n-je.jpg?w=1070&amp;ssl=1 1070w\" sizes=\"auto, (max-width: 978px) 100vw, 978px\" \/><\/p>\n<p>U zbuluan gjithashtu vath\u00eb n\u00eb form\u00ebn e nj\u00eb burri dhe nj\u00eb gruaje, s\u00eb bashku me kat\u00ebr byzylyk\u00eb, dy zile dhe flauta kockash.<\/p>\n","protected":false},"excerpt":{"rendered":"<p>9 Mars 2024 Arkeolog\u00ebt zbuluan\u00a0nj\u00eb varr 1200-vje\u00e7ar\u00a0t\u00eb mbushur me thesare ari. Ministria e Kultur\u00ebs e Panamas\u00eb (MiCultura) publikoi nj\u00eb deklarat\u00eb p\u00ebr shtyp n\u00eb gjuh\u00ebn spanjolle n\u00eb lidhje me zbulimin m\u00eb 1 mars. Varri, i cili u gjet n\u00eb provinc\u00ebn Cocl\u00e9 t\u00eb Panamas\u00eb, u nd\u00ebrtua dhe iu kushtua nj\u00eb \u2018per\u00ebndie\u2019 midis viteve 750 dhe 800 pas [&hellip;]<\/p>\n","protected":false},"author":9,"featured_media":79067,"comment_status":"open","ping_status":"open","sticky":false,"template":"","format":"standard","meta":{"jetpack_post_was_ever_published":false,"_jetpack_newsletter_access":"","_jetpack_dont_email_post_to_subs":false,"_jetpack_newsletter_tier_id":0,"_jetpack_memberships_contains_paywalled_content":false,"_jetpack_memberships_contains_paid_content":false,"footnotes":"","jetpack_publicize_message":"","jetpack_publicize_feature_enabled":true,"jetpack_social_post_already_shared":true,"jetpack_social_options":{"image_generator_settings":{"template":"highway","default_image_id":0,"font":"","enabled":false},"version":2}},"categories":[27,10,35,86],"tags":[],"class_list":["post-79066","post","type-post","status-publish","format-standard","has-post-thumbnail","hentry","category-blogu-i-udhetarit","category-kultura","category-shoqerore","category-trashegimi-kulturore"],"jetpack_publicize_connections":[],"jetpack_featured_media_url":"https:\/\/i0.wp.com\/www.shqiperia.com\/blog\/wp-content\/uploads\/2024\/03\/ari-770x433-1.jpg?fit=770%2C433&ssl=1","jetpack_sharing_enabled":true,"jetpack_shortlink":"https:\/\/wp.me\/p5Z6wp-kzg","jetpack-related-posts":[{"id":94705,"url":"https:\/\/www.shqiperia.com\/blog\/varri-i-nje-gruaje-te-re-nga-shekulli-i-ii-te-u-zbulua-prane-fshatit-kapitan-petko-vojvoda-bullgari\/","url_meta":{"origin":79066,"position":0},"title":"Varri i nj\u00eb gruaje t\u00eb re nga shekulli i II-t\u00eb u zbulua pran\u00eb fshatit Kapitan Petko Vojvoda, Bullgari","author":"Kurt Farka","date":"November 6, 2025","format":false,"excerpt":"6 Nentor 2025 Nj\u00eb varr i paprekur i nj\u00eb gruaje t\u00eb re nga fillimi i shekullit t\u00eb II-t\u00eb u zbulua nga arkeolog\u00ebt pran\u00eb fshatit Kapitan Petko Vojvoda (Bulgaria Jugore), njoftoi Bashkia e Topollovgradit. Ekipi q\u00eb b\u00ebri zbulimin drejtohet nga Daniella Agre dhe Dejan Di\u00e7ev. Sipas arkeolog\u00ebve, varrimi u krye sipas\u2026","rel":"","context":"In &quot;Arte&quot;","block_context":{"text":"Arte","link":"https:\/\/www.shqiperia.com\/blog\/category\/arte\/"},"img":{"alt_text":"","src":"https:\/\/i0.wp.com\/www.shqiperia.com\/blog\/wp-content\/uploads\/2025\/11\/c5ea96279aa65df2e66a5d2c91d07fbc.jpg?fit=925%2C520&ssl=1&resize=350%2C200","width":350,"height":200,"srcset":"https:\/\/i0.wp.com\/www.shqiperia.com\/blog\/wp-content\/uploads\/2025\/11\/c5ea96279aa65df2e66a5d2c91d07fbc.jpg?fit=925%2C520&ssl=1&resize=350%2C200 1x, https:\/\/i0.wp.com\/www.shqiperia.com\/blog\/wp-content\/uploads\/2025\/11\/c5ea96279aa65df2e66a5d2c91d07fbc.jpg?fit=925%2C520&ssl=1&resize=525%2C300 1.5x, https:\/\/i0.wp.com\/www.shqiperia.com\/blog\/wp-content\/uploads\/2025\/11\/c5ea96279aa65df2e66a5d2c91d07fbc.jpg?fit=925%2C520&ssl=1&resize=700%2C400 2x"},"classes":[]},{"id":70341,"url":"https:\/\/www.shqiperia.com\/blog\/zbulimi-rralle-arkeologet-gjejne-nje-gjerdan-ari-dhe-guresh-te-cmuar-1300-vjecar\/","url_meta":{"origin":79066,"position":1},"title":"Zbulimi rrall\u00eb: &#8211; Arkeolog\u00ebt gjejn\u00eb nj\u00eb gjerdan ari dhe gur\u00ebsh t\u00eb \u00e7muar 1300-vje\u00e7ar","author":"Kurt Farka","date":"April 1, 2023","format":false,"excerpt":"1 Prill 2023 Gjerdani u zbulua n\u00eb varrin e nj\u00eb personazhi fem\u00ebror me status t\u00eb lart\u00eb nga periudha e mesjet\u00ebs s\u00eb hershme, gjat\u00eb punimeve paraprake n\u00eb p\u00ebrgatitjen e nj\u00eb nd\u00ebrtimi banimi nga Vistry Group, Angli. Gjerdani, i p\u00ebrshkruar si nj\u00eb gjetje \u201cnj\u00eb her\u00eb n\u00eb jet\u00eb\u201d, ka 30 var\u00ebse dhe rruaza\u2026","rel":"","context":"In &quot;Arte&quot;","block_context":{"text":"Arte","link":"https:\/\/www.shqiperia.com\/blog\/category\/arte\/"},"img":{"alt_text":"","src":"https:\/\/i0.wp.com\/www.shqiperia.com\/blog\/wp-content\/uploads\/2023\/04\/varesja-741x383-2.jpg?fit=741%2C383&ssl=1&resize=350%2C200","width":350,"height":200,"srcset":"https:\/\/i0.wp.com\/www.shqiperia.com\/blog\/wp-content\/uploads\/2023\/04\/varesja-741x383-2.jpg?fit=741%2C383&ssl=1&resize=350%2C200 1x, https:\/\/i0.wp.com\/www.shqiperia.com\/blog\/wp-content\/uploads\/2023\/04\/varesja-741x383-2.jpg?fit=741%2C383&ssl=1&resize=525%2C300 1.5x, https:\/\/i0.wp.com\/www.shqiperia.com\/blog\/wp-content\/uploads\/2023\/04\/varesja-741x383-2.jpg?fit=741%2C383&ssl=1&resize=700%2C400 2x"},"classes":[]},{"id":95078,"url":"https:\/\/www.shqiperia.com\/blog\/gjetja-e-rralle-sarkofagu-romak-1700-vjecar-zbulon-thesarin-e-paprekur\/","url_meta":{"origin":79066,"position":2},"title":"Gjetja e rrall\u00eb, sarkofagu romak 1,700-vje\u00e7ar zbulon thesarin e paprekur","author":"Kurt Farka","date":"November 22, 2025","format":false,"excerpt":"22 Nentor 2025 Nj\u00eb sarkofag romak jasht\u00ebzakonisht mir\u00eb i ruajtur \u00ebsht\u00eb zbuluar n\u00eb kryeqytetin e Hungaris\u00eb, duke ofruar nj\u00eb pasqyr\u00eb t\u00eb rrall\u00eb mbi jet\u00ebn e nj\u00eb gruaje t\u00eb re dhe bot\u00ebn ku ajo jetonte para rreth 1,700 vjet\u00ebsh. Sarkofagu kishte q\u00ebndruar i paprekur nga pla\u00e7kit\u00ebsit dhe i mbyllur hermetikisht p\u00ebr\u2026","rel":"","context":"In &quot;Blogu i Udh\u00ebtarit&quot;","block_context":{"text":"Blogu i Udh\u00ebtarit","link":"https:\/\/www.shqiperia.com\/blog\/category\/blogu-i-udhetarit\/"},"img":{"alt_text":"","src":"https:\/\/i0.wp.com\/www.shqiperia.com\/blog\/wp-content\/uploads\/2025\/11\/9b3c305b34c4ec760ccfcabf07e128ca.webp?fit=960%2C639&ssl=1&resize=350%2C200","width":350,"height":200,"srcset":"https:\/\/i0.wp.com\/www.shqiperia.com\/blog\/wp-content\/uploads\/2025\/11\/9b3c305b34c4ec760ccfcabf07e128ca.webp?fit=960%2C639&ssl=1&resize=350%2C200 1x, https:\/\/i0.wp.com\/www.shqiperia.com\/blog\/wp-content\/uploads\/2025\/11\/9b3c305b34c4ec760ccfcabf07e128ca.webp?fit=960%2C639&ssl=1&resize=525%2C300 1.5x, https:\/\/i0.wp.com\/www.shqiperia.com\/blog\/wp-content\/uploads\/2025\/11\/9b3c305b34c4ec760ccfcabf07e128ca.webp?fit=960%2C639&ssl=1&resize=700%2C400 2x"},"classes":[]},{"id":7609,"url":"https:\/\/www.shqiperia.com\/blog\/duke-punuar-kopshtin-cifti-gjen-kasaforten-me-mijera-dollare-e-stoli-ari\/","url_meta":{"origin":79066,"position":3},"title":"Duke punuar kopshtin, \u00e7ifti gjen kasafort\u00ebn me mij\u00ebra dollar\u00eb e stoli ari.-","author":"Kurt Farka","date":"May 18, 2018","format":false,"excerpt":"Duke punuar kopshtin, \u00e7ifti gjen kasafort\u00ebn me mij\u00ebra dollar\u00eb e stoli ari.- Nj\u00eb \u00e7ift n\u00eb Staten Island t\u00eb New Yorkut, \u00ebsht\u00eb befasuar shum\u00eb kur gjat\u00eb punimeve n\u00eb kopshtin n\u00eb oborr, kan\u00eb hasur n\u00eb nj\u00eb valixhe misterioze t\u00eb mbushur me para e stoli t\u00eb vjetra. \u00c7ifti nga New Yorku, t\u00eb cil\u00ebt\u2026","rel":"","context":"In &quot;Blogu i Udh\u00ebtarit&quot;","block_context":{"text":"Blogu i Udh\u00ebtarit","link":"https:\/\/www.shqiperia.com\/blog\/category\/blogu-i-udhetarit\/"},"img":{"alt_text":"","src":"https:\/\/i0.wp.com\/www.shqiperia.com\/blog\/wp-content\/uploads\/2018\/05\/1526486254_cifti.jpg?fit=780%2C440&ssl=1&resize=350%2C200","width":350,"height":200,"srcset":"https:\/\/i0.wp.com\/www.shqiperia.com\/blog\/wp-content\/uploads\/2018\/05\/1526486254_cifti.jpg?fit=780%2C440&ssl=1&resize=350%2C200 1x, https:\/\/i0.wp.com\/www.shqiperia.com\/blog\/wp-content\/uploads\/2018\/05\/1526486254_cifti.jpg?fit=780%2C440&ssl=1&resize=525%2C300 1.5x, https:\/\/i0.wp.com\/www.shqiperia.com\/blog\/wp-content\/uploads\/2018\/05\/1526486254_cifti.jpg?fit=780%2C440&ssl=1&resize=700%2C400 2x"},"classes":[]},{"id":74819,"url":"https:\/\/www.shqiperia.com\/blog\/arkeologet-zbulojne-5-figura-misterioze-ari-ne-norvegji-datojne-mes-476-dhe-750-pas-krishtit\/","url_meta":{"origin":79066,"position":4},"title":"Arkeolog\u00ebt zbulojn\u00eb 5 figura misterioze ari n\u00eb Norvegji, datojn\u00eb mes 476 dhe 750 pas Krishtit","author":"Kurt Farka","date":"October 14, 2023","format":false,"excerpt":"14 Tetor 2023 Arkeolog\u00ebt kan\u00eb zbuluar 5 figura misterioze ari, n\u00eb nj\u00eb tempull n\u00eb Norvegji, p\u00ebr t\u00eb cilat vler\u00ebsojn\u00eb se mund t\u00eb ndihmojn\u00eb n\u00eb gjetjen e sekreteve t\u00eb shoq\u00ebris\u00eb antike. Secili me nj\u00eb gjat\u00ebsi prej pak m\u00eb pak se 1 centimet\u00ebr dhe gjer\u00ebsin\u00eb e nj\u00eb thoi, ato u zbuluan rishtazi\u2026","rel":"","context":"In &quot;Arte&quot;","block_context":{"text":"Arte","link":"https:\/\/www.shqiperia.com\/blog\/category\/arte\/"},"img":{"alt_text":"","src":"https:\/\/i0.wp.com\/www.shqiperia.com\/blog\/wp-content\/uploads\/2023\/10\/640-0-76c6613f71fb04c68cab022904c86e70.jpg?fit=640%2C368&ssl=1&resize=350%2C200","width":350,"height":200,"srcset":"https:\/\/i0.wp.com\/www.shqiperia.com\/blog\/wp-content\/uploads\/2023\/10\/640-0-76c6613f71fb04c68cab022904c86e70.jpg?fit=640%2C368&ssl=1&resize=350%2C200 1x, https:\/\/i0.wp.com\/www.shqiperia.com\/blog\/wp-content\/uploads\/2023\/10\/640-0-76c6613f71fb04c68cab022904c86e70.jpg?fit=640%2C368&ssl=1&resize=525%2C300 1.5x"},"classes":[]},{"id":52480,"url":"https:\/\/www.shqiperia.com\/blog\/arkeologet-zbulojne-mumie-me-gjuhe-te-arta-ne-egjipt\/","url_meta":{"origin":79066,"position":5},"title":"Arkeolog\u00ebt zbulojn\u00eb mumie me gjuh\u00eb t\u00eb arta n\u00eb Egjipt","author":"Kurt Farka","date":"December 18, 2021","format":false,"excerpt":"Arkeolog\u00ebt zbulojn\u00eb mumie me gjuh\u00eb t\u00eb arta n\u00eb Egjipt Nga OraNews 5 Shkurt 2021 Arkeolog\u00ebt n\u00eb Egjipt kan\u00eb zbuluar n\u00eb nj\u00eb tempull funeral mumie antike me gjuh\u00eb t\u00eb art\u00eb. Ekipi i drejtuar nga Kathleen Martinez e Universitetit t\u00eb Santo Domingos, duke g\u00ebrmuar n\u00eb \u201cTaposiris Magna Temple\u201d, n\u00eb per\u00ebndim t\u00eb Aleksandris\u00eb,\u2026","rel":"","context":"In &quot;Histori&quot;","block_context":{"text":"Histori","link":"https:\/\/www.shqiperia.com\/blog\/category\/histori\/"},"img":{"alt_text":"","src":"https:\/\/i0.wp.com\/www.shqiperia.com\/blog\/wp-content\/uploads\/2021\/12\/mumie-egjipt.jpg?fit=800%2C450&ssl=1&resize=350%2C200","width":350,"height":200,"srcset":"https:\/\/i0.wp.com\/www.shqiperia.com\/blog\/wp-content\/uploads\/2021\/12\/mumie-egjipt.jpg?fit=800%2C450&ssl=1&resize=350%2C200 1x, https:\/\/i0.wp.com\/www.shqiperia.com\/blog\/wp-content\/uploads\/2021\/12\/mumie-egjipt.jpg?fit=800%2C450&ssl=1&resize=525%2C300 1.5x, https:\/\/i0.wp.com\/www.shqiperia.com\/blog\/wp-content\/uploads\/2021\/12\/mumie-egjipt.jpg?fit=800%2C450&ssl=1&resize=700%2C400 2x"},"classes":[]}],"_links":{"self":[{"href":"https:\/\/www.shqiperia.com\/blog\/wp-json\/wp\/v2\/posts\/79066","targetHints":{"allow":["GET"]}}],"collection":[{"href":"https:\/\/www.shqiperia.com\/blog\/wp-json\/wp\/v2\/posts"}],"about":[{"href":"https:\/\/www.shqiperia.com\/blog\/wp-json\/wp\/v2\/types\/post"}],"author":[{"embeddable":true,"href":"https:\/\/www.shqiperia.com\/blog\/wp-json\/wp\/v2\/users\/9"}],"replies":[{"embeddable":true,"href":"https:\/\/www.shqiperia.com\/blog\/wp-json\/wp\/v2\/comments?post=79066"}],"version-history":[{"count":1,"href":"https:\/\/www.shqiperia.com\/blog\/wp-json\/wp\/v2\/posts\/79066\/revisions"}],"predecessor-version":[{"id":79069,"href":"https:\/\/www.shqiperia.com\/blog\/wp-json\/wp\/v2\/posts\/79066\/revisions\/79069"}],"wp:featuredmedia":[{"embeddable":true,"href":"https:\/\/www.shqiperia.com\/blog\/wp-json\/wp\/v2\/media\/79067"}],"wp:attachment":[{"href":"https:\/\/www.shqiperia.com\/blog\/wp-json\/wp\/v2\/media?parent=79066"}],"wp:term":[{"taxonomy":"category","embeddable":true,"href":"https:\/\/www.shqiperia.com\/blog\/wp-json\/wp\/v2\/categories?post=79066"},{"taxonomy":"post_tag","embeddable":true,"href":"https:\/\/www.shqiperia.com\/blog\/wp-json\/wp\/v2\/tags?post=79066"}],"curies":[{"name":"wp","href":"https:\/\/api.w.org\/{rel}","templated":true}]}}