{"id":79059,"date":"2024-03-09T13:07:07","date_gmt":"2024-03-09T13:07:07","guid":{"rendered":"https:\/\/www.shqiperia.com\/blog\/?p=79059"},"modified":"2024-03-09T13:18:50","modified_gmt":"2024-03-09T13:18:50","slug":"pas-kukesit-e-dibres-mungesa-e-mesuesve-ndjehet-edhe-ne-qarkun-me-te-madh-te-shqiperise","status":"publish","type":"post","link":"https:\/\/www.shqiperia.com\/blog\/pas-kukesit-e-dibres-mungesa-e-mesuesve-ndjehet-edhe-ne-qarkun-me-te-madh-te-shqiperise\/","title":{"rendered":"Pas Kuk\u00ebsit e Dibr\u00ebs, mungesa e m\u00ebsuesve ndjehet edhe n\u00eb qarkun m\u00eb t\u00eb madh t\u00eb Shqip\u00ebris\u00eb"},"content":{"rendered":"<p><img data-recalc-dims=\"1\" loading=\"lazy\" decoding=\"async\" data-attachment-id=\"79064\" data-permalink=\"https:\/\/www.shqiperia.com\/blog\/pas-kukesit-e-dibres-mungesa-e-mesuesve-ndjehet-edhe-ne-qarkun-me-te-madh-te-shqiperise\/nxenes-1\/\" data-orig-file=\"https:\/\/i0.wp.com\/www.shqiperia.com\/blog\/wp-content\/uploads\/2024\/03\/nxenes-1.jpg?fit=1257%2C720&amp;ssl=1\" data-orig-size=\"1257,720\" data-comments-opened=\"1\" data-image-meta=\"{&quot;aperture&quot;:&quot;0&quot;,&quot;credit&quot;:&quot;&quot;,&quot;camera&quot;:&quot;&quot;,&quot;caption&quot;:&quot;&quot;,&quot;created_timestamp&quot;:&quot;0&quot;,&quot;copyright&quot;:&quot;&quot;,&quot;focal_length&quot;:&quot;0&quot;,&quot;iso&quot;:&quot;0&quot;,&quot;shutter_speed&quot;:&quot;0&quot;,&quot;title&quot;:&quot;&quot;,&quot;orientation&quot;:&quot;0&quot;}\" data-image-title=\"nxenes-1\" data-image-description=\"\" data-image-caption=\"\" data-medium-file=\"https:\/\/i0.wp.com\/www.shqiperia.com\/blog\/wp-content\/uploads\/2024\/03\/nxenes-1.jpg?fit=300%2C172&amp;ssl=1\" data-large-file=\"https:\/\/i0.wp.com\/www.shqiperia.com\/blog\/wp-content\/uploads\/2024\/03\/nxenes-1.jpg?fit=1024%2C587&amp;ssl=1\" class=\"alignnone  wp-image-79064\" alt=\"\" src=\"https:\/\/i0.wp.com\/www.shqiperia.com\/blog\/wp-content\/uploads\/2024\/03\/nxenes-1.jpg?resize=827%2C474&#038;ssl=1\" width=\"827\" height=\"474\" srcset=\"https:\/\/i0.wp.com\/www.shqiperia.com\/blog\/wp-content\/uploads\/2024\/03\/nxenes-1.jpg?resize=300%2C172&amp;ssl=1 300w, https:\/\/i0.wp.com\/www.shqiperia.com\/blog\/wp-content\/uploads\/2024\/03\/nxenes-1.jpg?resize=1024%2C587&amp;ssl=1 1024w, https:\/\/i0.wp.com\/www.shqiperia.com\/blog\/wp-content\/uploads\/2024\/03\/nxenes-1.jpg?resize=768%2C440&amp;ssl=1 768w, https:\/\/i0.wp.com\/www.shqiperia.com\/blog\/wp-content\/uploads\/2024\/03\/nxenes-1.jpg?resize=450%2C258&amp;ssl=1 450w, https:\/\/i0.wp.com\/www.shqiperia.com\/blog\/wp-content\/uploads\/2024\/03\/nxenes-1.jpg?resize=600%2C344&amp;ssl=1 600w, https:\/\/i0.wp.com\/www.shqiperia.com\/blog\/wp-content\/uploads\/2024\/03\/nxenes-1.jpg?resize=400%2C229&amp;ssl=1 400w, https:\/\/i0.wp.com\/www.shqiperia.com\/blog\/wp-content\/uploads\/2024\/03\/nxenes-1.jpg?w=1257&amp;ssl=1 1257w\" sizes=\"auto, (max-width: 827px) 100vw, 827px\" \/><\/p>\n<p>9 Mars 2024<\/p>\n<p>Kriza demografike po jep pasoja negative edhe n\u00eb sektorin e arsimit. T\u00eb dh\u00ebnat zyrtare nga Portali i M\u00ebsuesit tregojn\u00eb se n\u00eb bashkit\u00eb e Kuk\u00ebsit dhe Dibr\u00ebs ka mungesa akute p\u00ebr m\u00ebsues matematike, teksa shkollat periferike t\u00eb vendit po vuajn\u00eb p\u00ebr m\u00ebsues n\u00eb profilet kryesore.<\/p>\n<p>Mungesa e burimeve njer\u00ebzore n\u00eb arsim po prek edhe Tiran\u00ebn, teksa n\u00eb nivelin e m\u00ebsuesve ekzistues, vihet re problematika e aft\u00ebsive. Testimi i fundit i njohurive t\u00eb m\u00ebsuesve tregoi se 47.5% e tyre n\u00eb t\u00eb gjith\u00eb vendin zot\u00ebrojn\u00eb njohuri t\u00eb pamjaftueshme p\u00ebr \u00e7\u00ebshtje q\u00eb lidhen me m\u00ebsimdh\u00ebnien. M\u00ebsuesit m\u00eb t\u00eb p\u00ebrgatitur jan\u00eb n\u00eb Kolonj\u00eb, Divjak\u00eb, Devoll dhe P\u00ebrrenjas, teksa Tirana rezultoi posht\u00eb mesatares komb\u00ebtare. 94% e trup\u00ebs m\u00ebsimore nuk kan\u00eb aft\u00ebsi dixhitale. Ekspert\u00ebt b\u00ebjn\u00eb thirrje p\u00ebr rritje t\u00eb investimeve n\u00eb arsim, si e vetmja m\u00ebnyr\u00eb p\u00ebr t\u00eb orientuar vendin nga nj\u00eb model ekonomik i suksessh\u00ebm shkruan Blerina Hoxha n\u00eb Monitor.<\/p>\n<p>N\u00eb shkollat e arsimit parauniversitar n\u00eb Bashkin\u00eb e Kuk\u00ebsit mungojn\u00eb aktualisht 29 m\u00ebsues matematike, n\u00eb Dib\u00ebr 23, madje edhe n\u00eb Tiran\u00eb, 11. N\u00eb t\u00eb gjith\u00eb vendin, arsimi 9-vje\u00e7ar dhe i mes\u00ebm ushtron aktivitet me 159 m\u00ebsues matematike mang\u00ebt, sipas t\u00eb dh\u00ebnave zyrtare nga Portali M\u00ebsues p\u00ebr Shqip\u00ebrin\u00eb nga Ministria e Arsimit. (shiko grafikun: Vendet vakante p\u00ebr m\u00ebsues matematike n\u00eb bashkit\u00eb e vendit).<\/p>\n<p>Burimet njer\u00ebzore jan\u00eb b\u00ebr\u00eb penges\u00eb akute n\u00eb shum\u00eb aktivitete ekonomike, por ato kan\u00eb prekur edhe sistemin arsimor, i cili n\u00eb vetvete \u00ebsht\u00eb jetik, pasi p\u00ebrgatit t\u00eb gjitha profesionet e s\u00eb ardhmes.<\/p>\n<p>N\u00eb qarqet m\u00eb t\u00eb varfra, Kuk\u00ebs dhe Dib\u00ebr, thuajse shumica e shkollave nuk kan\u00eb nj\u00eb m\u00ebsues t\u00eb profilit t\u00eb matematik\u00ebs.<\/p>\n<p>Nga bashkit\u00eb e Veriut ka shum\u00eb pak nx\u00ebn\u00ebs q\u00eb zgjedhin t\u00eb studiojn\u00eb matematik\u00eb, por edhe ata q\u00eb kan\u00eb kryer studimet nuk kthehen n\u00eb vendlindje p\u00ebr t\u00eb ushtruar profesionin e m\u00ebsuesit.<\/p>\n<p>Portali M\u00ebsues p\u00ebr Shqip\u00ebrin\u00eb tregon se, ka mungesa n\u00eb stafet m\u00ebsimore n\u00eb t\u00eb gjith\u00eb vendin dhe n\u00eb t\u00eb gjitha profilet e l\u00ebnd\u00ebve, teksa n\u00eb nj\u00eb t\u00eb ardhme jo t\u00eb larg\u00ebt, mungesat do t\u00eb jen\u00eb edhe m\u00eb t\u00eb m\u00ebdha dhe cil\u00ebsia e m\u00ebsuesve do t\u00eb jet\u00eb n\u00eb r\u00ebnie.<\/p>\n<p>K\u00ebt\u00eb vit akademik, p\u00ebr t\u00eb aplikuar n\u00eb programet e studimit Bachelor nevojitej minimalisht mesatarja 6.5 (p\u00ebrjashtim b\u00ebjn\u00eb programet e gjuh\u00ebve t\u00eb huaja, t\u00eb m\u00ebsuesis\u00eb, si dhe deg\u00ebve t\u00eb Universitetit t\u00eb Mjek\u00ebsis\u00eb). Nd\u00ebrsa p\u00ebr programet e studimit profesional 2-vje\u00e7ar nuk ka kriter mbi mesataren.<\/p>\n<p>N\u00eb vitin e akademik 2024-2025, deg\u00ebt q\u00eb lidhen me m\u00ebsuesin\u00eb \u2013 Fizika, Historia, Gjuha shqipe dhe Let\u00ebrsia, Arkeologjia, Biologjia, Filozofia kishin mbi 70-80% t\u00eb kuotave t\u00eb lira n\u00eb raundin e par\u00eb, teksa dega e matematik\u00ebs n\u00eb Fakultetin e Shkencave \u00ebsht\u00eb n\u00eb rrezik mbyllje, nga mungesa e student\u00ebve.<\/p>\n<p>N\u00eb k\u00ebto kushte, nj\u00eb gjimnazist me mesatare 5 q\u00eb studion p\u00ebr matematik\u00eb nuk garanton cil\u00ebsi n\u00eb m\u00ebsimdh\u00ebnie n\u00eb t\u00eb ardhmen. Aktualisht, l\u00ebnda e matematik\u00ebs, n\u00eb shumic\u00ebn e shkollave jepet nga brezi q\u00eb ka mbaruar para viteve 1990.<\/p>\n<p>Rregullat e koh\u00ebs p\u00ebrzgjidhnin gjimnazist\u00ebt me medalje p\u00ebr t\u00eb studiuar matematik\u00eb e p\u00ebr rrjedhoj\u00eb, burimet njer\u00ebzore q\u00eb u krijuan m\u00eb pas ishin n\u00eb nivel shum\u00eb m\u00eb t\u00eb lart\u00eb se mesatarja e m\u00ebsuesve t\u00eb profileve t\u00eb tjera.<\/p>\n<p>Me daljen e k\u00ebtij brezi n\u00eb pension, l\u00ebnda e matematik\u00ebs rrezikon t\u00eb mbetet pa m\u00ebsues ose n\u00eb rastin m\u00eb t\u00eb mir\u00eb, do t\u00eb jepet nga maturant\u00ebt q\u00eb kishin rezultatet me t\u00eb dob\u00ebta.<\/p>\n<p>Burimet njer\u00ebzore n\u00eb arsim nuk mund t\u00eb sigurohen kaq leht\u00eb nga vende t\u00eb tjera, si\u00e7 po synojn\u00eb kompanit\u00eb private t\u00eb z\u00ebvend\u00ebsojn\u00eb forc\u00ebn e pun\u00ebs. Ish-ministri i Arsimit, Myqerem Tafaj, tani i angazhuar n\u00eb trup\u00ebn akademike, thot\u00eb se, vendi yn\u00eb ende nuk e ka kuptuar q\u00eb m\u00ebsuesi me kompetenc\u00eb n\u00eb nj\u00eb l\u00ebnd\u00eb n\u00eb Shqip\u00ebri nuk mund t\u00eb pun\u00ebsohet m\u00eb.<\/p>\n<p>\u201cM\u00ebsuesi duhet t\u00eb diplomohet minimumi p\u00ebr dy l\u00ebnd\u00eb, pasi nuk ka m\u00eb shkolla me 40 nx\u00ebn\u00ebs. Si nga pik\u00ebpamja e menaxhimit, duhen formime n\u00eb fusha t\u00eb p\u00ebraf\u00ebrta, pasi kjo i sh\u00ebrben aspektit t\u00eb menaxhimit t\u00eb burimeve njer\u00ebzore, si dhe rritjes s\u00eb nivelit teorik t\u00eb m\u00ebsuesve\u201d, tha z. Tafaj.<\/p>\n<p>Sipas tij, me uljen e numrit t\u00eb nx\u00ebn\u00ebsve n\u00eb shkolla dhe universitete, qeveria ka m\u00eb shum\u00eb burime financiare n\u00eb dispozicion q\u00eb t\u00eb rris\u00eb cil\u00ebsin\u00eb e m\u00ebsimdh\u00ebnies.<\/p>\n<p>Ekspert\u00eb t\u00eb tjer\u00eb kan\u00eb v\u00ebn\u00eb n\u00eb dukje se qeveria duhet t\u00eb vendos\u00eb stimuj financiar\u00eb p\u00ebr student\u00ebt n\u00eb deg\u00ebt e m\u00ebsuesis\u00eb, duke rritur edhe mesataren e pranimit dhe nga ana tjet\u00ebr, duhet t\u00eb rriten edhe pagat p\u00ebr m\u00ebsuesit n\u00eb sektorin publik, n\u00eb m\u00ebnyr\u00eb q\u00eb m\u00ebsuesia t\u00eb jet\u00eb konkurruese n\u00eb tregun e pun\u00ebs.\/MONITOR<\/p>\n","protected":false},"excerpt":{"rendered":"<p>9 Mars 2024 Kriza demografike po jep pasoja negative edhe n\u00eb sektorin e arsimit. T\u00eb dh\u00ebnat zyrtare nga Portali i M\u00ebsuesit tregojn\u00eb se n\u00eb bashkit\u00eb e Kuk\u00ebsit dhe Dibr\u00ebs ka mungesa akute p\u00ebr m\u00ebsues matematike, teksa shkollat periferike t\u00eb vendit po vuajn\u00eb p\u00ebr m\u00ebsues n\u00eb profilet kryesore. Mungesa e burimeve njer\u00ebzore n\u00eb arsim po prek [&hellip;]<\/p>\n","protected":false},"author":9,"featured_media":79064,"comment_status":"open","ping_status":"open","sticky":false,"template":"","format":"standard","meta":{"jetpack_post_was_ever_published":false,"_jetpack_newsletter_access":"","_jetpack_dont_email_post_to_subs":false,"_jetpack_newsletter_tier_id":0,"_jetpack_memberships_contains_paywalled_content":false,"_jetpack_memberships_contains_paid_content":false,"footnotes":"","jetpack_publicize_message":"","jetpack_publicize_feature_enabled":true,"jetpack_social_post_already_shared":true,"jetpack_social_options":{"image_generator_settings":{"template":"highway","default_image_id":0,"font":"","enabled":false},"version":2}},"categories":[27,2,35],"tags":[],"class_list":["post-79059","post","type-post","status-publish","format-standard","has-post-thumbnail","hentry","category-blogu-i-udhetarit","category-politika","category-shoqerore"],"jetpack_publicize_connections":[],"jetpack_featured_media_url":"https:\/\/i0.wp.com\/www.shqiperia.com\/blog\/wp-content\/uploads\/2024\/03\/nxenes-1.jpg?fit=1257%2C720&ssl=1","jetpack_sharing_enabled":true,"jetpack_shortlink":"https:\/\/wp.me\/p5Z6wp-kz9","jetpack-related-posts":[{"id":45404,"url":"https:\/\/www.shqiperia.com\/blog\/lajmet-na-dhane-shume-pasiguri-mesuesit-ne-tirane-te-ndare-per-vaksinen-astrazeneca-kantautori-i-njohur-vetem-u-paraqita-nuk-e-bej\/","url_meta":{"origin":79059,"position":0},"title":"Lajmet na dhan\u00eb shum\u00eb pasiguri!\u201d, m\u00ebsuesit n\u00eb Tiran\u00eb \u201ct\u00eb ndar\u00eb\u201d p\u00ebr vaksin\u00ebn AstraZeneca, kantautori i njohur: &#8211; Vet\u00ebm u paraqita, nuk e b\u00ebj","author":"Kurt Farka","date":"March 17, 2021","format":false,"excerpt":"Lajmet na dhan\u00eb shum\u00eb pasiguri!\u201d, m\u00ebsuesit n\u00eb Tiran\u00eb \u201ct\u00eb ndar\u00eb\u201d p\u00ebr vaksin\u00ebn AstraZeneca, kantautori i njohur: - Vet\u00ebm u paraqita, nuk e b\u00ebj - 17.03.21 Vijoi mes dyshimit dhe entuziazmit vaksinimi i m\u00ebsuesve n\u00eb kryeqytet me vaksin\u00ebn \u201cAstraZeneca\u201d. Para vaksinimit, m\u00ebsuesit duhet t\u00eb mbushin dhe firmosin nj\u00eb formular ku p\u00ebrshkruhen\u2026","rel":"","context":"In &quot;Blogu i Udh\u00ebtarit&quot;","block_context":{"text":"Blogu i Udh\u00ebtarit","link":"https:\/\/www.shqiperia.com\/blog\/category\/blogu-i-udhetarit\/"},"img":{"alt_text":"","src":"https:\/\/i0.wp.com\/www.shqiperia.com\/blog\/wp-content\/uploads\/2021\/03\/800-0-ee7d35f2032e58ddf7b8fae359a82012.jpg?fit=800%2C474&ssl=1&resize=350%2C200","width":350,"height":200,"srcset":"https:\/\/i0.wp.com\/www.shqiperia.com\/blog\/wp-content\/uploads\/2021\/03\/800-0-ee7d35f2032e58ddf7b8fae359a82012.jpg?fit=800%2C474&ssl=1&resize=350%2C200 1x, https:\/\/i0.wp.com\/www.shqiperia.com\/blog\/wp-content\/uploads\/2021\/03\/800-0-ee7d35f2032e58ddf7b8fae359a82012.jpg?fit=800%2C474&ssl=1&resize=525%2C300 1.5x, https:\/\/i0.wp.com\/www.shqiperia.com\/blog\/wp-content\/uploads\/2021\/03\/800-0-ee7d35f2032e58ddf7b8fae359a82012.jpg?fit=800%2C474&ssl=1&resize=700%2C400 2x"},"classes":[]},{"id":59735,"url":"https:\/\/www.shqiperia.com\/blog\/anullohen-pushimet-e-mesuesve-publikohet-mesazhi-dhe-zbulohet-si-po-kercenohen-mesuesit-rama-ne-tmerr-e-panik\/","url_meta":{"origin":79059,"position":1},"title":"Anullohen pushimet e mesuesve.- Publikohet mesazhi dhe zbulohet si po k\u00ebrc\u00ebnohen m\u00ebsuesit: Rama n\u00eb tmerr e panik.","author":"Kurt Farka","date":"July 3, 2022","format":false,"excerpt":"3 Korrik 2022 Luciano Bo\u00e7i shkruan se Edi Rama po k\u00ebrc\u00ebnon m\u00ebsuesit duke i urdh\u00ebruar q\u00eb m\u00eb 7 Korrik t\u00eb paraqiten n\u00eb shkoll\u00eb dhe t\u00eb mos marrin pjes\u00eb n\u00eb protest\u00eb. Bo\u00e7i ka publikuar mesazhin e nj\u00eb m\u00ebsuesje nga Fieri. Postimi i Luciano Bocit Rama e di mire se \u00e7\u2019dometh\u00ebn\u00eb protesta\u2026","rel":"","context":"In &quot;Politika&quot;","block_context":{"text":"Politika","link":"https:\/\/www.shqiperia.com\/blog\/category\/politika\/"},"img":{"alt_text":"","src":"https:\/\/i0.wp.com\/www.shqiperia.com\/blog\/wp-content\/uploads\/2022\/07\/640-0-8aa626d40b43ea50d4629a8434373c91.jpg?fit=640%2C487&ssl=1&resize=350%2C200","width":350,"height":200,"srcset":"https:\/\/i0.wp.com\/www.shqiperia.com\/blog\/wp-content\/uploads\/2022\/07\/640-0-8aa626d40b43ea50d4629a8434373c91.jpg?fit=640%2C487&ssl=1&resize=350%2C200 1x, https:\/\/i0.wp.com\/www.shqiperia.com\/blog\/wp-content\/uploads\/2022\/07\/640-0-8aa626d40b43ea50d4629a8434373c91.jpg?fit=640%2C487&ssl=1&resize=525%2C300 1.5x"},"classes":[]},{"id":95492,"url":"https:\/\/www.shqiperia.com\/blog\/mehmeti-pagat-e-mesuesve-me-te-uleta-se-te-sanitareve\/","url_meta":{"origin":79059,"position":2},"title":"Mehmeti: &#8211; Pagat e m\u00ebsuesve m\u00eb t\u00eb ul\u00ebta se t\u00eb sanitareve","author":"Kurt Farka","date":"December 10, 2025","format":false,"excerpt":"10 Dhjetor 2025 Eksperti i arsimit, Ndri\u00e7im Mehmeti, ka ngritur shqet\u00ebsimin p\u00ebr mosbalancimin e pagave n\u00eb institucionet arsimore gjat\u00eb intervist\u00ebs s\u00eb tij n\u00eb emisionin \u201cEpiqend\u00ebr\u201d t\u00eb moderatores s\u00eb Ora News, Sonila Musai. Ai theksoi se situata aktuale krijon nj\u00eb situat\u00eb paradoksale dhe demotivon m\u00ebsuesit e rinj: \u201cN\u00ebse paguan 52 mij\u00eb\u2026","rel":"","context":"In &quot;Blogu i Udh\u00ebtarit&quot;","block_context":{"text":"Blogu i Udh\u00ebtarit","link":"https:\/\/www.shqiperia.com\/blog\/category\/blogu-i-udhetarit\/"},"img":{"alt_text":"","src":"https:\/\/i0.wp.com\/www.shqiperia.com\/blog\/wp-content\/uploads\/2025\/12\/600-388-whatsapp-image-2025-12-09-at-71323-pm-2-1765306528.jpeg?fit=600%2C388&ssl=1&resize=350%2C200","width":350,"height":200,"srcset":"https:\/\/i0.wp.com\/www.shqiperia.com\/blog\/wp-content\/uploads\/2025\/12\/600-388-whatsapp-image-2025-12-09-at-71323-pm-2-1765306528.jpeg?fit=600%2C388&ssl=1&resize=350%2C200 1x, https:\/\/i0.wp.com\/www.shqiperia.com\/blog\/wp-content\/uploads\/2025\/12\/600-388-whatsapp-image-2025-12-09-at-71323-pm-2-1765306528.jpeg?fit=600%2C388&ssl=1&resize=525%2C300 1.5x"},"classes":[]},{"id":76107,"url":"https:\/\/www.shqiperia.com\/blog\/drejtoret-e-shkollave-ne-shqiperi-funksionojne-thjesht-si-administratore\/","url_meta":{"origin":79059,"position":3},"title":"Drejtor\u00ebt e shkollave n\u00eb Shqiperi funksionojn\u00eb thjesht si administrator\u00eb.","author":"Kurt Farka","date":"December 6, 2023","format":false,"excerpt":"6 Dhjetor 2023 R\u00ebnien drastike e nivelit t\u00eb nx\u00ebn\u00ebsve n\u00eb Raportin \u201cPisa 2022\u201d, ekspert\u00ebt ia atribuojn\u00eb nd\u00ebr t\u00eb tjera munges\u00ebs s\u00eb trajnimit t\u00eb m\u00ebsuesve dhe nivelit t\u00eb tyre. N\u00eb emisionin \u201cP\u00ebrballje\u201d n\u00eb Report Tv, ekspertja Valbona Nathanaili e drejton gishtin edhe nga drejtor\u00ebt e shkollave, q\u00eb sipas saj funksionojn\u00eb thjesht\u2026","rel":"","context":"In &quot;Blogu i Udh\u00ebtarit&quot;","block_context":{"text":"Blogu i Udh\u00ebtarit","link":"https:\/\/www.shqiperia.com\/blog\/category\/blogu-i-udhetarit\/"},"img":{"alt_text":"","src":"https:\/\/i0.wp.com\/www.shqiperia.com\/blog\/wp-content\/uploads\/2023\/12\/1701874705_perballje.jpg?fit=780%2C440&ssl=1&resize=350%2C200","width":350,"height":200,"srcset":"https:\/\/i0.wp.com\/www.shqiperia.com\/blog\/wp-content\/uploads\/2023\/12\/1701874705_perballje.jpg?fit=780%2C440&ssl=1&resize=350%2C200 1x, https:\/\/i0.wp.com\/www.shqiperia.com\/blog\/wp-content\/uploads\/2023\/12\/1701874705_perballje.jpg?fit=780%2C440&ssl=1&resize=525%2C300 1.5x, https:\/\/i0.wp.com\/www.shqiperia.com\/blog\/wp-content\/uploads\/2023\/12\/1701874705_perballje.jpg?fit=780%2C440&ssl=1&resize=700%2C400 2x"},"classes":[]},{"id":50331,"url":"https:\/\/www.shqiperia.com\/blog\/studimi-spitalet-e-shqiperise-po-e-perballin-pandemine-me-mungesa-te-shumta-ne-mjeke-dhe-pajisje\/","url_meta":{"origin":79059,"position":4},"title":"Studimi: Spitalet e Shqip\u00ebris\u00eb po e p\u00ebrballin Pandemin\u00eb me mungesa t\u00eb shumta n\u00eb mjek\u00eb dhe pajisje","author":"Kurt Farka","date":"October 6, 2021","format":false,"excerpt":"Studimi: Spitalet e Shqip\u00ebris\u00eb po e p\u00ebrballin Pandemin\u00eb me mungesa t\u00eb shumta n\u00eb mjek\u00eb dhe pajisje Nga OraNews N\u00eb Tiran\u00eb, Organizata Together for Life publikoi nj\u00eb raport mbi standardet minimale q\u00eb u nevojiten spitaleve p\u00ebr t\u00eb p\u00ebrballuar pacient\u00ebt me COVID-19. Nga monitorimi n\u00eb 57 spitalet publike dhe private u zbulua\u2026","rel":"","context":"In &quot;Blogu i Udh\u00ebtarit&quot;","block_context":{"text":"Blogu i Udh\u00ebtarit","link":"https:\/\/www.shqiperia.com\/blog\/category\/blogu-i-udhetarit\/"},"img":{"alt_text":"","src":"https:\/\/i0.wp.com\/www.shqiperia.com\/blog\/wp-content\/uploads\/2021\/10\/640-0-186630b2af51c6a4b5a163aa7aa55afc.jpg?fit=640%2C425&ssl=1&resize=350%2C200","width":350,"height":200,"srcset":"https:\/\/i0.wp.com\/www.shqiperia.com\/blog\/wp-content\/uploads\/2021\/10\/640-0-186630b2af51c6a4b5a163aa7aa55afc.jpg?fit=640%2C425&ssl=1&resize=350%2C200 1x, https:\/\/i0.wp.com\/www.shqiperia.com\/blog\/wp-content\/uploads\/2021\/10\/640-0-186630b2af51c6a4b5a163aa7aa55afc.jpg?fit=640%2C425&ssl=1&resize=525%2C300 1.5x"},"classes":[]},{"id":46072,"url":"https:\/\/www.shqiperia.com\/blog\/shqiperia-i-ofroi-vaksinimin-e-mesuesve-me-sinovac-kosova-refuzon-oferten\/","url_meta":{"origin":79059,"position":5},"title":"Shqip\u00ebria i ofroi vaksinimin e m\u00ebsuesve me Sinovac, Kosova refuzon ofert\u00ebn","author":"Kurt Farka","date":"April 5, 2021","format":false,"excerpt":"Shqip\u00ebria i ofroi vaksinimin e m\u00ebsuesve me Sinovac, Kosova refuzon ofert\u00ebn 5 prill 2021 Kosova ka refuzuar ofert\u00ebn e Shqip\u00ebris\u00eb p\u00ebr t\u00eb vaksinuar m\u00ebsuesit e saj me vaksin\u00ebn kineze Sinovac. Kryeministri Albin Kurti ka deklaruar se Kosova nuk e ka komoditetin e pranimit t\u00eb vaksinave nga \u00e7do vend, si\u00e7 e\u2026","rel":"","context":"In &quot;Blogu i Udh\u00ebtarit&quot;","block_context":{"text":"Blogu i Udh\u00ebtarit","link":"https:\/\/www.shqiperia.com\/blog\/category\/blogu-i-udhetarit\/"},"img":{"alt_text":"","src":"https:\/\/i0.wp.com\/www.shqiperia.com\/blog\/wp-content\/uploads\/2021\/04\/vaksina-kineze-Sinovac.jpeg?fit=485%2C290&ssl=1&resize=350%2C200","width":350,"height":200},"classes":[]}],"_links":{"self":[{"href":"https:\/\/www.shqiperia.com\/blog\/wp-json\/wp\/v2\/posts\/79059","targetHints":{"allow":["GET"]}}],"collection":[{"href":"https:\/\/www.shqiperia.com\/blog\/wp-json\/wp\/v2\/posts"}],"about":[{"href":"https:\/\/www.shqiperia.com\/blog\/wp-json\/wp\/v2\/types\/post"}],"author":[{"embeddable":true,"href":"https:\/\/www.shqiperia.com\/blog\/wp-json\/wp\/v2\/users\/9"}],"replies":[{"embeddable":true,"href":"https:\/\/www.shqiperia.com\/blog\/wp-json\/wp\/v2\/comments?post=79059"}],"version-history":[{"count":4,"href":"https:\/\/www.shqiperia.com\/blog\/wp-json\/wp\/v2\/posts\/79059\/revisions"}],"predecessor-version":[{"id":79065,"href":"https:\/\/www.shqiperia.com\/blog\/wp-json\/wp\/v2\/posts\/79059\/revisions\/79065"}],"wp:featuredmedia":[{"embeddable":true,"href":"https:\/\/www.shqiperia.com\/blog\/wp-json\/wp\/v2\/media\/79064"}],"wp:attachment":[{"href":"https:\/\/www.shqiperia.com\/blog\/wp-json\/wp\/v2\/media?parent=79059"}],"wp:term":[{"taxonomy":"category","embeddable":true,"href":"https:\/\/www.shqiperia.com\/blog\/wp-json\/wp\/v2\/categories?post=79059"},{"taxonomy":"post_tag","embeddable":true,"href":"https:\/\/www.shqiperia.com\/blog\/wp-json\/wp\/v2\/tags?post=79059"}],"curies":[{"name":"wp","href":"https:\/\/api.w.org\/{rel}","templated":true}]}}