{"id":79055,"date":"2024-03-09T11:29:54","date_gmt":"2024-03-09T11:29:54","guid":{"rendered":"https:\/\/www.shqiperia.com\/blog\/?p=79055"},"modified":"2024-03-09T11:30:05","modified_gmt":"2024-03-09T11:30:05","slug":"edi-rama-mbledh-qeverine-ne-shkoder-takimit-i-bashkohen-edhe-4-kryebashkiake-te-opozites-ja-kush-iu-eshte-pergjigjur-pozitivisht-fteses","status":"publish","type":"post","link":"https:\/\/www.shqiperia.com\/blog\/edi-rama-mbledh-qeverine-ne-shkoder-takimit-i-bashkohen-edhe-4-kryebashkiake-te-opozites-ja-kush-iu-eshte-pergjigjur-pozitivisht-fteses\/","title":{"rendered":"Edi Rama mbledh qeverin\u00eb n\u00eb Shkod\u00ebr, takimit i bashkohen edhe 4 kryebashkiak\u00eb t\u00eb opozit\u00ebs! Ja kush iu \u00ebsht\u00eb p\u00ebrgjigjur pozitivisht ftes\u00ebs"},"content":{"rendered":"<div id=\"attachment_79057\" style=\"width: 957px\" class=\"wp-caption alignnone\"><img data-recalc-dims=\"1\" loading=\"lazy\" decoding=\"async\" aria-describedby=\"caption-attachment-79057\" data-attachment-id=\"79057\" data-permalink=\"https:\/\/www.shqiperia.com\/blog\/edi-rama-mbledh-qeverine-ne-shkoder-takimit-i-bashkohen-edhe-4-kryebashkiake-te-opozites-ja-kush-iu-eshte-pergjigjur-pozitivisht-fteses\/hile-curri-2\/\" data-orig-file=\"https:\/\/i0.wp.com\/www.shqiperia.com\/blog\/wp-content\/uploads\/2024\/03\/Hile-Curri-1.jpg?fit=1050%2C618&amp;ssl=1\" data-orig-size=\"1050,618\" data-comments-opened=\"1\" data-image-meta=\"{&quot;aperture&quot;:&quot;0&quot;,&quot;credit&quot;:&quot;Online-01&quot;,&quot;camera&quot;:&quot;&quot;,&quot;caption&quot;:&quot;&quot;,&quot;created_timestamp&quot;:&quot;1709978308&quot;,&quot;copyright&quot;:&quot;&quot;,&quot;focal_length&quot;:&quot;0&quot;,&quot;iso&quot;:&quot;0&quot;,&quot;shutter_speed&quot;:&quot;0&quot;,&quot;title&quot;:&quot;&quot;,&quot;orientation&quot;:&quot;0&quot;}\" data-image-title=\"Hile Curri\" data-image-description=\"\" data-image-caption=\"&lt;p&gt;Hile Curri&lt;\/p&gt;\n\" data-medium-file=\"https:\/\/i0.wp.com\/www.shqiperia.com\/blog\/wp-content\/uploads\/2024\/03\/Hile-Curri-1.jpg?fit=300%2C177&amp;ssl=1\" data-large-file=\"https:\/\/i0.wp.com\/www.shqiperia.com\/blog\/wp-content\/uploads\/2024\/03\/Hile-Curri-1.jpg?fit=1024%2C603&amp;ssl=1\" class=\" wp-image-79057\" alt=\"\" src=\"https:\/\/i0.wp.com\/www.shqiperia.com\/blog\/wp-content\/uploads\/2024\/03\/Hile-Curri-1.jpg?resize=947%2C559&#038;ssl=1\" width=\"947\" height=\"559\" srcset=\"https:\/\/i0.wp.com\/www.shqiperia.com\/blog\/wp-content\/uploads\/2024\/03\/Hile-Curri-1.jpg?resize=300%2C177&amp;ssl=1 300w, https:\/\/i0.wp.com\/www.shqiperia.com\/blog\/wp-content\/uploads\/2024\/03\/Hile-Curri-1.jpg?resize=1024%2C603&amp;ssl=1 1024w, https:\/\/i0.wp.com\/www.shqiperia.com\/blog\/wp-content\/uploads\/2024\/03\/Hile-Curri-1.jpg?resize=768%2C452&amp;ssl=1 768w, https:\/\/i0.wp.com\/www.shqiperia.com\/blog\/wp-content\/uploads\/2024\/03\/Hile-Curri-1.jpg?resize=450%2C265&amp;ssl=1 450w, https:\/\/i0.wp.com\/www.shqiperia.com\/blog\/wp-content\/uploads\/2024\/03\/Hile-Curri-1.jpg?resize=600%2C353&amp;ssl=1 600w, https:\/\/i0.wp.com\/www.shqiperia.com\/blog\/wp-content\/uploads\/2024\/03\/Hile-Curri-1.jpg?resize=400%2C235&amp;ssl=1 400w\" sizes=\"auto, (max-width: 947px) 100vw, 947px\" \/><p id=\"caption-attachment-79057\" class=\"wp-caption-text\">Hile Curri<\/p><\/div>\n<p><strong>9 Mars 2024<\/strong><\/p>\n<p><strong>Disa prej kryebashkiak\u00ebve t\u00eb opozit\u00ebs iu jan\u00eb bashkuar mbledhjes s\u00eb qeveris\u00eb e cila zhvillohet dit\u00ebn e sotme (9 mars) n\u00eb Shkod\u00ebr.<\/strong><\/p>\n<p>N\u00eb takim m\u00ebsohet se kan\u00eb shkuar, kryebashiaku i Fush\u00eb-Arr\u00ebzit, Hil\u00eb Curri, ai i Puk\u00ebs, Rrok Doda, kreu i bashkis\u00eb Mirdit\u00eb, Albert M\u00eblyshi dhe i Kavaj\u00ebs, Fisnik Qosja.<\/p>\n<p>Kat\u00ebr kryebashkiak\u00ebt e opozit\u00ebs kan\u00eb dal\u00eb nga listat e koalicionit \u201cBashk\u00eb Fitojm\u00eb\u201d, t\u00eb ish-kryeministrit Sali Berisha dhe Kreut t\u00eb Partis\u00eb s\u00eb Liris\u00eb, Ilir Meta.<\/p>\n<p>Hil\u00eb Curri, Rrok Doda, Albert M\u00eblyshi dhe Fisnik Qosja i jap\u00eb p\u00ebrgjigjur pozitivisht ftes\u00ebs dhe kan\u00eb vendosur q\u00eb t\u00eb marrin pjes\u00eb n\u00eb takimin e qeveris\u00eb n\u00eb Shkod\u00ebr, ku jan\u00eb mbledhur kabineti qeveritar, si edhe drejtuesit politik\u00eb e krer\u00ebt socialist\u00eb t\u00eb bashkive.<\/p>\n<p>Ministri i Shtetit p\u00ebr Pushtetin Vendor, Arbjan Mazniku n\u00eb nj\u00eb postim n\u00eb Facebook njoftoi se n\u00eb takim do t\u00eb merrnin pjes\u00eb t\u00eb 61 kryetar\u00ebt e bashkive.<\/p>\n<p><em>\u201cNisim takimin sot me an\u00ebtar\u00ebt e qeveris\u00eb dhe 61 kryetar\u00ebt e bashkive p\u00ebr sfidat dhe angazhimet e pushtetit vendor p\u00ebr Shqip\u00ebrin\u00eb 2030\u201d,<\/em><span>\u00a0<\/span>shkroi ministri Mazniku.<\/p>\n<p><strong>Mbledhja e qeveris\u00eb<\/strong><\/p>\n<p>Kabineti qeveritar, z\u00ebvend\u00ebsministra, drejtues institucionesh, por edhe t\u00eb deleguarit e qarqeve jan\u00eb mbledhur n\u00eb Shkod\u00ebr, nd\u00ebrsa pritet q\u00eb ata t\u00eb diskutojn\u00eb me kryeministrin Rama p\u00ebrmbushjen e detyrave t\u00eb caktuara nga analiza e shkuar, q\u00eb u mbajt n\u00eb Sh\u00ebngjin n\u00eb janar.<\/p>\n<p>N\u00eb k\u00ebt\u00eb analiz\u00eb, q\u00eb ndahet n\u00eb disa panele, diskutohet edhe p\u00ebr angazhimin direkt n\u00eb terren t\u00eb strukturave socialiste p\u00ebr rigjall\u00ebrimin e baz\u00ebs s\u00eb partis\u00eb deri n\u00eb zgjedhjet e p\u00ebrgjithshme dhe kongresit t\u00eb jasht\u00ebzakonsh\u00ebm zgjedhor.<\/p>\n<p>Prej disa jav\u00ebsh socialist\u00ebt kan\u00eb zbritur n\u00eb baz\u00eb, n\u00eb takime me strukturat dhe kan\u00eb nisur procesin e zgjerimit n\u00eb parti dhe fushat\u00ebn reale t\u00eb an\u00ebtar\u00ebsimeve t\u00eb reja.<\/p>\n<p>I p\u00ebrzgjedhur si vendi p\u00ebr mbajtjen e k\u00ebsaj mbledhje \u00ebsht\u00eb stadiumi \u201cLoro Borici\u201d. N\u00eb or\u00ebn 10.00 takimin do e hap\u00eb kryeministri Edi Rama me fjal\u00ebn e tij q\u00eb parashikohet se do t\u00eb zgjas\u00eb 30 minuta. M\u00eb pas fjal\u00ebn do e marr\u00eb ministri i Shtetit p\u00ebr Pushtetin Vendor Arbjan Mazniku.<\/p>\n<p>9 tryeza pune do t\u00eb b\u00ebjn\u00eb bashk\u00eb ministra, zv\/ministra dhe kryebashkiak\u00eb me fokus diskutimesh t\u00eb sektor\u00ebve kryesore. Takimi mbyllet me fjal\u00ebn e kryeministrit Rama q\u00eb nis n\u00eb or\u00ebn 17.30 dhe me koh\u00ebzgjatje 60 minuta.\u00ad<\/p>\n<p>Gazeta Panorama<\/p>\n","protected":false},"excerpt":{"rendered":"<p>9 Mars 2024 Disa prej kryebashkiak\u00ebve t\u00eb opozit\u00ebs iu jan\u00eb bashkuar mbledhjes s\u00eb qeveris\u00eb e cila zhvillohet dit\u00ebn e sotme (9 mars) n\u00eb Shkod\u00ebr. N\u00eb takim m\u00ebsohet se kan\u00eb shkuar, kryebashiaku i Fush\u00eb-Arr\u00ebzit, Hil\u00eb Curri, ai i Puk\u00ebs, Rrok Doda, kreu i bashkis\u00eb Mirdit\u00eb, Albert M\u00eblyshi dhe i Kavaj\u00ebs, Fisnik Qosja. Kat\u00ebr kryebashkiak\u00ebt e opozit\u00ebs [&hellip;]<\/p>\n","protected":false},"author":9,"featured_media":79057,"comment_status":"open","ping_status":"open","sticky":false,"template":"","format":"standard","meta":{"jetpack_post_was_ever_published":false,"_jetpack_newsletter_access":"","_jetpack_dont_email_post_to_subs":false,"_jetpack_newsletter_tier_id":0,"_jetpack_memberships_contains_paywalled_content":false,"_jetpack_memberships_contains_paid_content":false,"footnotes":"","jetpack_publicize_message":"","jetpack_publicize_feature_enabled":true,"jetpack_social_post_already_shared":true,"jetpack_social_options":{"image_generator_settings":{"template":"highway","default_image_id":0,"font":"","enabled":false},"version":2}},"categories":[27,10,2,35],"tags":[],"class_list":["post-79055","post","type-post","status-publish","format-standard","has-post-thumbnail","hentry","category-blogu-i-udhetarit","category-kultura","category-politika","category-shoqerore"],"jetpack_publicize_connections":[],"jetpack_featured_media_url":"https:\/\/i0.wp.com\/www.shqiperia.com\/blog\/wp-content\/uploads\/2024\/03\/Hile-Curri-1.jpg?fit=1050%2C618&ssl=1","jetpack_sharing_enabled":true,"jetpack_shortlink":"https:\/\/wp.me\/p5Z6wp-kz5","jetpack-related-posts":[{"id":22043,"url":"https:\/\/www.shqiperia.com\/blog\/perfaqesuesit-e-opozites-tentojne-ti-bllokojne-rrugen-per-ne-shkoder-kryeministrit\/","url_meta":{"origin":79055,"position":0},"title":"P\u00ebrfaq\u00ebsuesit e opozit\u00ebs tentojn\u00eb t\u2019i bllokojn\u00eb rrug\u00ebn p\u00ebr n\u00eb Shkod\u00ebr Kryeministrit","author":"Kurt Farka","date":"June 20, 2019","format":false,"excerpt":"P\u00ebrfaq\u00ebsuesit e opozit\u00ebs tentojn\u00eb t\u2019i bllokojn\u00eb rrug\u00ebn p\u00ebr n\u00eb Shkod\u00ebr Kryeministrit 20 qershor 2019 P\u00ebrfaq\u00ebsues t\u00eb opozit\u00ebs kan\u00eb nisur protest\u00ebn p\u00ebr t\u00eb bllokuar rrug\u00ebn e Kryeministrit Rama, i cili ka programuar q\u00eb t\u00eb zhvilloj\u00eb n\u00eb Shkod\u00ebr nj\u00eb aktivitet elektoral. Militant\u00ebt e opozit\u00ebs kan\u00eb nisur t\u00eb bllokojn\u00eb rrug\u00ebn q\u00eb \u00e7on p\u00ebr\u2026","rel":"","context":"In &quot;Blogu i Udh\u00ebtarit&quot;","block_context":{"text":"Blogu i Udh\u00ebtarit","link":"https:\/\/www.shqiperia.com\/blog\/category\/blogu-i-udhetarit\/"},"img":{"alt_text":"","src":"https:\/\/i0.wp.com\/www.shqiperia.com\/blog\/wp-content\/uploads\/2019\/06\/Untitled1-1.png?fit=1200%2C649&ssl=1&resize=350%2C200","width":350,"height":200,"srcset":"https:\/\/i0.wp.com\/www.shqiperia.com\/blog\/wp-content\/uploads\/2019\/06\/Untitled1-1.png?fit=1200%2C649&ssl=1&resize=350%2C200 1x, https:\/\/i0.wp.com\/www.shqiperia.com\/blog\/wp-content\/uploads\/2019\/06\/Untitled1-1.png?fit=1200%2C649&ssl=1&resize=525%2C300 1.5x, https:\/\/i0.wp.com\/www.shqiperia.com\/blog\/wp-content\/uploads\/2019\/06\/Untitled1-1.png?fit=1200%2C649&ssl=1&resize=700%2C400 2x, https:\/\/i0.wp.com\/www.shqiperia.com\/blog\/wp-content\/uploads\/2019\/06\/Untitled1-1.png?fit=1200%2C649&ssl=1&resize=1050%2C600 3x"},"classes":[]},{"id":71334,"url":"https:\/\/www.shqiperia.com\/blog\/meta-kerkon-mbeshtetjen-per-kandidatin-rrok-doda-ne-puke\/","url_meta":{"origin":79055,"position":1},"title":"Meta k\u00ebrkon mb\u00ebshtetjen p\u00ebr kandidatin Rrok Doda n\u00eb Puk\u00eb","author":"Kurt Farka","date":"May 11, 2023","format":false,"excerpt":"11 Maji 2023 Kryetari i Partis\u00eb s\u00eb Liris\u00eb, Ilir Meta, zhvilloi nj\u00eb takim n\u00eb Puk\u00eb ku k\u00ebrkoi mb\u00ebshtetjen e banor\u00ebve p\u00ebr kandidatin e koalicionit \u201cBashk\u00eb Fitojm\u00eb\u201d Rrok Doda. Gjat\u00eb fjal\u00ebs s\u00eb tij, Meta premtoi se pas zgjedhjeve t\u00eb 14 majit, do t\u00eb organizojn\u00eb referendum popullor n\u00eb bashkit\u00eb q\u00eb do t\u00eb\u2026","rel":"","context":"In &quot;Blogu i Udh\u00ebtarit&quot;","block_context":{"text":"Blogu i Udh\u00ebtarit","link":"https:\/\/www.shqiperia.com\/blog\/category\/blogu-i-udhetarit\/"},"img":{"alt_text":"","src":"https:\/\/i0.wp.com\/www.shqiperia.com\/blog\/wp-content\/uploads\/2023\/05\/640-0-1-1683801111.jpg?fit=640%2C350&ssl=1&resize=350%2C200","width":350,"height":200,"srcset":"https:\/\/i0.wp.com\/www.shqiperia.com\/blog\/wp-content\/uploads\/2023\/05\/640-0-1-1683801111.jpg?fit=640%2C350&ssl=1&resize=350%2C200 1x, https:\/\/i0.wp.com\/www.shqiperia.com\/blog\/wp-content\/uploads\/2023\/05\/640-0-1-1683801111.jpg?fit=640%2C350&ssl=1&resize=525%2C300 1.5x"},"classes":[]},{"id":55796,"url":"https:\/\/www.shqiperia.com\/blog\/lulzim-basha-eshte-servil-dhe-i-nenshtruar-arian-curri-pd-te-dale-nga-kurthi-i-bashizmit-ja-si-mund-te-ringrihet-partia\/","url_meta":{"origin":79055,"position":2},"title":"Arian Curri: &#8211; PD t\u00eb dal\u00eb nga kurthi i Bashizmit. Ja si mund t\u00eb ringrihet partia","author":"Kurt Farka","date":"March 22, 2022","format":false,"excerpt":"Arian Curri: - PD t\u00eb dal\u00eb nga kurthi i Bashizmit. Ja si mund t\u00eb ringrihet partia 21 MARS 2022 ...\"Berishizmi \u00ebsht\u00eb dominance aktualisht. Aty ku Basha mendoi se shp\u00ebtoi nga dominanca e Berish\u00ebs iu n\u00ebnshtrua dominanc\u00ebs s\u00eb Ambasad\u00ebs Amerikane. Elektorati nuk ta fal pozicionin e t\u00eb dominuarit\u201d, tha Curri. Analisti\u2026","rel":"","context":"In &quot;Blogu i Udh\u00ebtarit&quot;","block_context":{"text":"Blogu i Udh\u00ebtarit","link":"https:\/\/www.shqiperia.com\/blog\/category\/blogu-i-udhetarit\/"},"img":{"alt_text":"","src":"https:\/\/i0.wp.com\/www.shqiperia.com\/blog\/wp-content\/uploads\/2022\/03\/Arian-Curr.jpg?fit=626%2C355&ssl=1&resize=350%2C200","width":350,"height":200,"srcset":"https:\/\/i0.wp.com\/www.shqiperia.com\/blog\/wp-content\/uploads\/2022\/03\/Arian-Curr.jpg?fit=626%2C355&ssl=1&resize=350%2C200 1x, https:\/\/i0.wp.com\/www.shqiperia.com\/blog\/wp-content\/uploads\/2022\/03\/Arian-Curr.jpg?fit=626%2C355&ssl=1&resize=525%2C300 1.5x"},"classes":[]},{"id":68882,"url":"https:\/\/www.shqiperia.com\/blog\/rama-largohet-nga-kuvendi-pa-iu-pergjigjur-pyetjeve-per-mcgonigal-shperthen-me-ofendime-dhe-sharje-ndaj-opozites\/","url_meta":{"origin":79055,"position":3},"title":"Rama largohet nga Kuvendi pa iu p\u00ebrgjigjur pyetjeve p\u00ebr \u2018McGonigal\u2019. &#8211; Shp\u00ebrthen me ofendime dhe sharje ndaj opozit\u00ebs","author":"Kurt Farka","date":"March 2, 2023","format":false,"excerpt":"2 Mars 2023 \"...ku g\u00eblon, shejtan-budallall\u00ebku, harbutll\u00ebku, gomarll\u00ebku, pisll\u00ebku\". Ndryshe nga sa ishte paralajm\u00ebruar q\u00eb seanca n\u00eb Kuvend p\u00ebr \u2018McGonigal\u2019 ku kryeministri do t\u00eb japit\u00eb shpjegime ky i fundit ka l\u00ebn\u00eb p\u00ebrgjysm\u00eb mocionin. Kryeministri Edi Rama \u00ebsht\u00eb larguar nga Kuvendi pas sulmeve ndaj opozit\u00ebs dhe gjuh\u00ebs s\u00eb ashp\u00ebr, nd\u00ebrsa p\u00ebr\u2026","rel":"","context":"In &quot;Blogu i Udh\u00ebtarit&quot;","block_context":{"text":"Blogu i Udh\u00ebtarit","link":"https:\/\/www.shqiperia.com\/blog\/category\/blogu-i-udhetarit\/"},"img":{"alt_text":"","src":"https:\/\/i0.wp.com\/www.shqiperia.com\/blog\/wp-content\/uploads\/2023\/03\/ede1.jpg?fit=604%2C367&ssl=1&resize=350%2C200","width":350,"height":200,"srcset":"https:\/\/i0.wp.com\/www.shqiperia.com\/blog\/wp-content\/uploads\/2023\/03\/ede1.jpg?fit=604%2C367&ssl=1&resize=350%2C200 1x, https:\/\/i0.wp.com\/www.shqiperia.com\/blog\/wp-content\/uploads\/2023\/03\/ede1.jpg?fit=604%2C367&ssl=1&resize=525%2C300 1.5x"},"classes":[]},{"id":78335,"url":"https:\/\/www.shqiperia.com\/blog\/krijimi-i-federates-te-opozites-se-bashkuar-takimi-i-partive-politike-te-opozites-mediu-rikthim-te-pluralizmit\/","url_meta":{"origin":79055,"position":4},"title":"Krijimi i Federat\u00ebs t\u00eb Opozit\u00ebs s\u00eb Bashkuar. &#8211; Takimi i partive politike t\u00eb opozit\u00ebs, Mediu: &#8211; Rikthim t\u00eb pluralizmit!","author":"Kurt Farka","date":"February 16, 2024","format":false,"excerpt":"16 Shkurt 2024 12 parti opozitare zyrtarizuan bashkimin n\u00ebn nj\u00eb streh\u00eb duke hedhur firmat mbi nje dokument parimesh. Por, pa u thar\u00eb mir\u00eb boja, Lulzim Basha e hodhi n\u00eb kosh ftes\u00ebn duke l\u00ebn\u00eb karrigen e tij bosh n\u00eb tryez\u00ebn e iniciuar nga aleat\u00ebt e tij tradicional\u00eb. Kreu i Partis\u00eb Agrare,\u2026","rel":"","context":"In &quot;Blogu i Udh\u00ebtarit&quot;","block_context":{"text":"Blogu i Udh\u00ebtarit","link":"https:\/\/www.shqiperia.com\/blog\/category\/blogu-i-udhetarit\/"},"img":{"alt_text":"","src":"https:\/\/i0.wp.com\/www.shqiperia.com\/blog\/wp-content\/uploads\/2024\/02\/mb_sd.jpg?fit=1200%2C705&ssl=1&resize=350%2C200","width":350,"height":200,"srcset":"https:\/\/i0.wp.com\/www.shqiperia.com\/blog\/wp-content\/uploads\/2024\/02\/mb_sd.jpg?fit=1200%2C705&ssl=1&resize=350%2C200 1x, https:\/\/i0.wp.com\/www.shqiperia.com\/blog\/wp-content\/uploads\/2024\/02\/mb_sd.jpg?fit=1200%2C705&ssl=1&resize=525%2C300 1.5x, https:\/\/i0.wp.com\/www.shqiperia.com\/blog\/wp-content\/uploads\/2024\/02\/mb_sd.jpg?fit=1200%2C705&ssl=1&resize=700%2C400 2x, https:\/\/i0.wp.com\/www.shqiperia.com\/blog\/wp-content\/uploads\/2024\/02\/mb_sd.jpg?fit=1200%2C705&ssl=1&resize=1050%2C600 3x"},"classes":[]},{"id":91699,"url":"https:\/\/www.shqiperia.com\/blog\/ps-nuk-ka-mbajtur-asnje-premtim-pensionisti-lek-curri-rama-na-varferoi-na-ndau-nga-femijet-dhe-sdha-asgje-vec-premtimeve-boshe\/","url_meta":{"origin":79055,"position":5},"title":"\u2018PS nuk ka mbajtur asnj\u00eb premtim\u2019. Pensionisti Lek Curri: &#8211; Rama na varf\u00ebroi, na ndau nga f\u00ebmij\u00ebt dhe s&#8217;dha asgj\u00eb ve\u00e7 premtimeve boshe","author":"Kurt Farka","date":"April 21, 2025","format":false,"excerpt":"21 Prill 2025 Kryetari i PD, Sali Berisha, ka zhvilluar dit\u00ebn e sotme nj\u00eb takim me qytetar\u00ebt e Puk\u00ebs, ku prezantoi dhe kandidatin e k\u00ebsaj force politike p\u00ebr zon\u00ebn. N\u00eb fjal\u00ebn e tij para t\u00eb pranishm\u00ebve, pensionisti Lek Curri ngriti shqet\u00ebsime t\u00eb forta p\u00ebr varf\u00ebrin\u00eb q\u00eb ka kapluar Puk\u00ebn dhe\u2026","rel":"","context":"In &quot;Blogu i Udh\u00ebtarit&quot;","block_context":{"text":"Blogu i Udh\u00ebtarit","link":"https:\/\/www.shqiperia.com\/blog\/category\/blogu-i-udhetarit\/"},"img":{"alt_text":"","src":"https:\/\/i0.wp.com\/www.shqiperia.com\/blog\/wp-content\/uploads\/2025\/04\/487478803_2356471454737940_7295021150703021752_n.jpg?fit=1200%2C859&ssl=1&resize=350%2C200","width":350,"height":200,"srcset":"https:\/\/i0.wp.com\/www.shqiperia.com\/blog\/wp-content\/uploads\/2025\/04\/487478803_2356471454737940_7295021150703021752_n.jpg?fit=1200%2C859&ssl=1&resize=350%2C200 1x, https:\/\/i0.wp.com\/www.shqiperia.com\/blog\/wp-content\/uploads\/2025\/04\/487478803_2356471454737940_7295021150703021752_n.jpg?fit=1200%2C859&ssl=1&resize=525%2C300 1.5x, https:\/\/i0.wp.com\/www.shqiperia.com\/blog\/wp-content\/uploads\/2025\/04\/487478803_2356471454737940_7295021150703021752_n.jpg?fit=1200%2C859&ssl=1&resize=700%2C400 2x, https:\/\/i0.wp.com\/www.shqiperia.com\/blog\/wp-content\/uploads\/2025\/04\/487478803_2356471454737940_7295021150703021752_n.jpg?fit=1200%2C859&ssl=1&resize=1050%2C600 3x"},"classes":[]}],"_links":{"self":[{"href":"https:\/\/www.shqiperia.com\/blog\/wp-json\/wp\/v2\/posts\/79055","targetHints":{"allow":["GET"]}}],"collection":[{"href":"https:\/\/www.shqiperia.com\/blog\/wp-json\/wp\/v2\/posts"}],"about":[{"href":"https:\/\/www.shqiperia.com\/blog\/wp-json\/wp\/v2\/types\/post"}],"author":[{"embeddable":true,"href":"https:\/\/www.shqiperia.com\/blog\/wp-json\/wp\/v2\/users\/9"}],"replies":[{"embeddable":true,"href":"https:\/\/www.shqiperia.com\/blog\/wp-json\/wp\/v2\/comments?post=79055"}],"version-history":[{"count":1,"href":"https:\/\/www.shqiperia.com\/blog\/wp-json\/wp\/v2\/posts\/79055\/revisions"}],"predecessor-version":[{"id":79058,"href":"https:\/\/www.shqiperia.com\/blog\/wp-json\/wp\/v2\/posts\/79055\/revisions\/79058"}],"wp:featuredmedia":[{"embeddable":true,"href":"https:\/\/www.shqiperia.com\/blog\/wp-json\/wp\/v2\/media\/79057"}],"wp:attachment":[{"href":"https:\/\/www.shqiperia.com\/blog\/wp-json\/wp\/v2\/media?parent=79055"}],"wp:term":[{"taxonomy":"category","embeddable":true,"href":"https:\/\/www.shqiperia.com\/blog\/wp-json\/wp\/v2\/categories?post=79055"},{"taxonomy":"post_tag","embeddable":true,"href":"https:\/\/www.shqiperia.com\/blog\/wp-json\/wp\/v2\/tags?post=79055"}],"curies":[{"name":"wp","href":"https:\/\/api.w.org\/{rel}","templated":true}]}}