{"id":79051,"date":"2024-03-09T11:23:12","date_gmt":"2024-03-09T11:23:12","guid":{"rendered":"https:\/\/www.shqiperia.com\/blog\/?p=79051"},"modified":"2024-03-09T11:23:12","modified_gmt":"2024-03-09T11:23:12","slug":"nis-zbatimi-i-protokollit-shqiperi-itali-me-10-godina-ne-gjader-ja-data-dhe-sa-eshte-investimi","status":"publish","type":"post","link":"https:\/\/www.shqiperia.com\/blog\/nis-zbatimi-i-protokollit-shqiperi-itali-me-10-godina-ne-gjader-ja-data-dhe-sa-eshte-investimi\/","title":{"rendered":"Nis zbatimi i Protokollit Shqip\u00ebri-Itali me 10 godina n\u00eb Gjad\u00ebr. &#8211; Ja data dhe sa \u00ebsht\u00eb investimi"},"content":{"rendered":"<div class=\"l-shared-sec-outer show-mobile\">\n<div class=\"l-shared-sec\">\n<div class=\"l-shared-items effect-fadeout is-color\"><a class=\"share-action share-trigger icon-facebook\" href=\"https:\/\/www.facebook.com\/sharer.php?u=https%3A%2F%2Fgazetadita.al%2Fnis-zbatimi-i-protokollit-shqiperi-itali-me-10-godina-ne-gjader-ja-data-dhe-sa-eshte-investimi%2F\" rel=\"nofollow\" aria-label=\"Share on Facebook\" data-title=\"Facebook\" data-gravity=\"w\"><i class=\"rbi rbi-facebook\" aria-hidden=\"true\"><\/i><\/a><a class=\"share-action share-trigger icon-twitter\" href=\"https:\/\/twitter.com\/intent\/tweet?text=Nis+zbatimi+i+Protokollit+Shqip%C3%ABri-Itali+me+10+godina+n%C3%AB+Gjad%C3%ABr.+Ja+data+dhe+sa+%C3%ABsht%C3%AB+investimi%3F&amp;url=https%3A%2F%2Fgazetadita.al%2Fnis-zbatimi-i-protokollit-shqiperi-itali-me-10-godina-ne-gjader-ja-data-dhe-sa-eshte-investimi%2F&amp;via=Gazeta+Dita\" rel=\"nofollow\" aria-label=\"Share on Twitter\" data-title=\"Twitter\" data-gravity=\"w\"><i class=\"rbi rbi-twitter\" aria-hidden=\"true\"><\/i><\/a><a class=\"share-action icon-email\" href=\"mailto:?subject=Nis%20zbatimi%20i%20Protokollit%20Shqip%C3%ABri-Itali%20me%2010%20godina%20n%C3%AB%20Gjad%C3%ABr.%20Ja%20data%20dhe%20sa%20%C3%ABsht%C3%AB%20investimi?%20BODY=I%20found%20this%20article%20interesting%20and%20thought%20of%20sharing%20it%20with%20you.%20Check%20it%20out:%20https:\/\/gazetadita.al\/nis-zbatimi-i-protokollit-shqiperi-itali-me-10-godina-ne-gjader-ja-data-dhe-sa-eshte-investimi\/\" rel=\"nofollow\" aria-label=\"Email\" data-title=\"Email\" data-gravity=\"w\"><i class=\"rbi rbi-email\" aria-hidden=\"true\"><\/i><\/a><a class=\"share-action icon-print\" rel=\"nofollow\" aria-label=\"Print\" data-title=\"Printo\" data-gravity=\"w\"><i class=\"rbi rbi-print\" aria-hidden=\"true\"><\/i><\/a><a class=\"share-action native-share-trigger more-icon\" href=\"https:\/\/gazetadita.al\/nis-zbatimi-i-protokollit-shqiperi-itali-me-10-godina-ne-gjader-ja-data-dhe-sa-eshte-investimi\/#\" rel=\"nofollow\" aria-label=\"More\" data-link=\"https:\/\/gazetadita.al\/nis-zbatimi-i-protokollit-shqiperi-itali-me-10-godina-ne-gjader-ja-data-dhe-sa-eshte-investimi\/\" data-ptitle=\"Nis zbatimi i Protokollit Shqip\u00ebri-Itali me 10 godina n\u00eb Gjad\u00ebr. Ja data dhe sa \u00ebsht\u00eb investimi?\" data-title=\"M\u00eb tepvr\" data-gravity=\"w\"><i class=\"rbi rbi-more\" aria-hidden=\"true\"><\/i><\/a><img data-recalc-dims=\"1\" loading=\"lazy\" decoding=\"async\" data-attachment-id=\"79053\" data-permalink=\"https:\/\/www.shqiperia.com\/blog\/nis-zbatimi-i-protokollit-shqiperi-itali-me-10-godina-ne-gjader-ja-data-dhe-sa-eshte-investimi\/800-0-6551ead3d9eaf\/\" data-orig-file=\"https:\/\/i0.wp.com\/www.shqiperia.com\/blog\/wp-content\/uploads\/2024\/03\/800-0-6551ead3d9eaf.png?fit=800%2C506&amp;ssl=1\" data-orig-size=\"800,506\" data-comments-opened=\"1\" data-image-meta=\"{&quot;aperture&quot;:&quot;0&quot;,&quot;credit&quot;:&quot;&quot;,&quot;camera&quot;:&quot;&quot;,&quot;caption&quot;:&quot;&quot;,&quot;created_timestamp&quot;:&quot;0&quot;,&quot;copyright&quot;:&quot;&quot;,&quot;focal_length&quot;:&quot;0&quot;,&quot;iso&quot;:&quot;0&quot;,&quot;shutter_speed&quot;:&quot;0&quot;,&quot;title&quot;:&quot;&quot;,&quot;orientation&quot;:&quot;0&quot;}\" data-image-title=\"-800-0-6551ead3d9eaf\" data-image-description=\"\" data-image-caption=\"\" data-medium-file=\"https:\/\/i0.wp.com\/www.shqiperia.com\/blog\/wp-content\/uploads\/2024\/03\/800-0-6551ead3d9eaf.png?fit=300%2C190&amp;ssl=1\" data-large-file=\"https:\/\/i0.wp.com\/www.shqiperia.com\/blog\/wp-content\/uploads\/2024\/03\/800-0-6551ead3d9eaf.png?fit=800%2C506&amp;ssl=1\" class=\"alignnone  wp-image-79053\" alt=\"\" src=\"https:\/\/i0.wp.com\/www.shqiperia.com\/blog\/wp-content\/uploads\/2024\/03\/800-0-6551ead3d9eaf.png?resize=780%2C494&#038;ssl=1\" width=\"780\" height=\"494\" srcset=\"https:\/\/i0.wp.com\/www.shqiperia.com\/blog\/wp-content\/uploads\/2024\/03\/800-0-6551ead3d9eaf.png?resize=300%2C190&amp;ssl=1 300w, https:\/\/i0.wp.com\/www.shqiperia.com\/blog\/wp-content\/uploads\/2024\/03\/800-0-6551ead3d9eaf.png?resize=768%2C486&amp;ssl=1 768w, https:\/\/i0.wp.com\/www.shqiperia.com\/blog\/wp-content\/uploads\/2024\/03\/800-0-6551ead3d9eaf.png?resize=450%2C285&amp;ssl=1 450w, https:\/\/i0.wp.com\/www.shqiperia.com\/blog\/wp-content\/uploads\/2024\/03\/800-0-6551ead3d9eaf.png?resize=600%2C380&amp;ssl=1 600w, https:\/\/i0.wp.com\/www.shqiperia.com\/blog\/wp-content\/uploads\/2024\/03\/800-0-6551ead3d9eaf.png?resize=400%2C253&amp;ssl=1 400w, https:\/\/i0.wp.com\/www.shqiperia.com\/blog\/wp-content\/uploads\/2024\/03\/800-0-6551ead3d9eaf.png?w=800&amp;ssl=1 800w\" sizes=\"auto, (max-width: 780px) 100vw, 780px\" \/><\/div>\n<\/div>\n<\/div>\n<div class=\"e-ct-outer\">\n<div class=\"entry-content rbct clearfix is-highlight-shares\">\n<p>9 Mars 2024<\/p>\n<p>Me 22 mars marr\u00ebveshja mes Shqip\u00ebris\u00eb dhe Italis\u00eb p\u00ebr trajtimin e emigrant\u00ebve merr fuqi ligjore, duke i hapur rrug\u00eb nd\u00ebrtimit t\u00eb dy kampeve t\u00eb pritjes s\u00eb tyre n\u00eb Sh\u00ebngjin dhe n\u00eb Gjad\u00ebr t\u00eb Lezh\u00ebs.<\/p>\n<p>Pas votimit n\u00eb Kuvendin e Shqip\u00ebris\u00eb dhe dekretimit nga Presidenti, marr\u00ebveshja \u00ebsht\u00eb publikuar edhe n\u00eb Fletoren Zyrtare duke kaluar \u00e7do hallk\u00eb ligjore t\u00eb nevojshme p\u00ebr t\u2019u v\u00ebn\u00eb n\u00eb zbatim.<\/p>\n<p>N\u00eb k\u00ebt\u00eb m\u00ebnyr\u00eb, pal\u00ebs italiane i hapet rrug\u00eb p\u00ebr nd\u00ebrtimin e kampit t\u00eb pritjes n\u00eb Sh\u00ebngjin dhe t\u00eb kampit t\u00eb akomodimit t\u00eb emigrant\u00ebve n\u00eb Gjad\u00ebr t\u00eb Lezh\u00ebs. Deri m\u00eb dat\u00ebn 22 prill t\u00eb k\u00ebtij viti, Shqip\u00ebria duhet t\u00eb hap\u00eb nj\u00eb llogari speciale q\u00eb do t\u00eb p\u00ebrdoret p\u00ebr pagesat q\u00eb pala italiane do t\u00eb b\u00ebj\u00eb n\u00eb rastet e shpenzimeve t\u00eb papritura ng apala shqiptar.<\/p>\n<p>Brenda qershorit, pala italiane do t\u00eb hedh\u00eb n\u00eb llogarin\u00eb e Thesarit t\u00eb Shtetit shqiptar, shum\u00ebn 16.5 milion\u00eb euro, q\u00eb do t\u00eb p\u00ebrdoret si paradh\u00ebnie. Po ashtu, brenda qershorit pala italiane duhet t\u00eb hap\u00eb n\u00eb nj\u00eb banka tregtare n\u00eb Shqip\u00ebri, nj\u00eb llogari bankare t\u00eb dedikuar ekskluzivisht p\u00ebr depozitimin e burimeve q\u00eb lidhen me fondin e garancis\u00eb q\u00eb llogaritet 100 milion\u00eb euro.<\/p>\n<p>N\u00eb Gjad\u00ebr jan\u00eb 10 objekte ushtarake t\u00eb rr\u00ebnuara q\u00eb do t\u00eb rinovohen p\u00ebr t\u2019u kthyer n\u00eb kamp strehimi p\u00ebr emigrant\u00ebt, me nj\u00eb sip\u00ebrfaqe m\u00eb shum\u00eb se 1900 metra katror\u00eb. N\u00eb total, kampi i emigrant\u00ebve n\u00eb Gjad\u00ebr \u00ebsht\u00eb 77 mij\u00eb metra katror\u00eb. Po ashtu, n\u00eb Portin e Sh\u00ebngjinit do t\u00eb krijohet nj\u00eb seksion i ve\u00e7ant\u00eb p\u00ebr p\u00ebr pritjen dhe trajtimin sh\u00ebndet\u00ebsor t\u00eb emigrant\u00ebve.<\/p>\n<p>N\u00eb total, investimi q\u00eb Italia do t\u00eb b\u00ebj\u00eb n\u00eb k\u00ebto dy kampe arrin vler\u00ebn e 30 milion\u00eb euro. Marr\u00ebveshja parashikon nj\u00eb kapacitet maksimal prej 3 mij\u00eb emigrant\u00ebsh. Kjo marr\u00ebveshje parashikohet t\u00eb zgjas\u00eb t\u00eb pakt\u00ebn 5 vite nd\u00ebrsa pala shqiptare ruan t\u00eb drejt\u00ebn q\u00eb t\u00eb rip\u00ebrt\u00ebrij\u00eb ose jo protokollin n\u00eb fund t\u00eb afatit pes\u00ebvje\u00e7ar t\u00eb saj, si dhe ta zgjidh\u00eb at\u00eb, n\u00eb \u00e7do koh\u00eb, me kushtin q\u00eb t\u00eb lajm\u00ebroj\u00eb 6 muaj p\u00ebrpara.<\/p>\n<p><strong>Gazeta Dita<\/strong><\/p>\n<\/div>\n<\/div>\n","protected":false},"excerpt":{"rendered":"<p>9 Mars 2024 Me 22 mars marr\u00ebveshja mes Shqip\u00ebris\u00eb dhe Italis\u00eb p\u00ebr trajtimin e emigrant\u00ebve merr fuqi ligjore, duke i hapur rrug\u00eb nd\u00ebrtimit t\u00eb dy kampeve t\u00eb pritjes s\u00eb tyre n\u00eb Sh\u00ebngjin dhe n\u00eb Gjad\u00ebr t\u00eb Lezh\u00ebs. Pas votimit n\u00eb Kuvendin e Shqip\u00ebris\u00eb dhe dekretimit nga Presidenti, marr\u00ebveshja \u00ebsht\u00eb publikuar edhe n\u00eb Fletoren Zyrtare duke [&hellip;]<\/p>\n","protected":false},"author":9,"featured_media":79053,"comment_status":"open","ping_status":"open","sticky":false,"template":"","format":"standard","meta":{"jetpack_post_was_ever_published":false,"_jetpack_newsletter_access":"","_jetpack_dont_email_post_to_subs":false,"_jetpack_newsletter_tier_id":0,"_jetpack_memberships_contains_paywalled_content":false,"_jetpack_memberships_contains_paid_content":false,"footnotes":"","jetpack_publicize_message":"","jetpack_publicize_feature_enabled":true,"jetpack_social_post_already_shared":true,"jetpack_social_options":{"image_generator_settings":{"template":"highway","default_image_id":0,"font":"","enabled":false},"version":2}},"categories":[27,1,2,35],"tags":[],"class_list":["post-79051","post","type-post","status-publish","format-standard","has-post-thumbnail","hentry","category-blogu-i-udhetarit","category-njoftime-shtypi","category-politika","category-shoqerore"],"jetpack_publicize_connections":[],"jetpack_featured_media_url":"https:\/\/i0.wp.com\/www.shqiperia.com\/blog\/wp-content\/uploads\/2024\/03\/800-0-6551ead3d9eaf.png?fit=800%2C506&ssl=1","jetpack_sharing_enabled":true,"jetpack_shortlink":"https:\/\/wp.me\/p5Z6wp-kz1","jetpack-related-posts":[],"_links":{"self":[{"href":"https:\/\/www.shqiperia.com\/blog\/wp-json\/wp\/v2\/posts\/79051","targetHints":{"allow":["GET"]}}],"collection":[{"href":"https:\/\/www.shqiperia.com\/blog\/wp-json\/wp\/v2\/posts"}],"about":[{"href":"https:\/\/www.shqiperia.com\/blog\/wp-json\/wp\/v2\/types\/post"}],"author":[{"embeddable":true,"href":"https:\/\/www.shqiperia.com\/blog\/wp-json\/wp\/v2\/users\/9"}],"replies":[{"embeddable":true,"href":"https:\/\/www.shqiperia.com\/blog\/wp-json\/wp\/v2\/comments?post=79051"}],"version-history":[{"count":1,"href":"https:\/\/www.shqiperia.com\/blog\/wp-json\/wp\/v2\/posts\/79051\/revisions"}],"predecessor-version":[{"id":79054,"href":"https:\/\/www.shqiperia.com\/blog\/wp-json\/wp\/v2\/posts\/79051\/revisions\/79054"}],"wp:featuredmedia":[{"embeddable":true,"href":"https:\/\/www.shqiperia.com\/blog\/wp-json\/wp\/v2\/media\/79053"}],"wp:attachment":[{"href":"https:\/\/www.shqiperia.com\/blog\/wp-json\/wp\/v2\/media?parent=79051"}],"wp:term":[{"taxonomy":"category","embeddable":true,"href":"https:\/\/www.shqiperia.com\/blog\/wp-json\/wp\/v2\/categories?post=79051"},{"taxonomy":"post_tag","embeddable":true,"href":"https:\/\/www.shqiperia.com\/blog\/wp-json\/wp\/v2\/tags?post=79051"}],"curies":[{"name":"wp","href":"https:\/\/api.w.org\/{rel}","templated":true}]}}