{"id":79048,"date":"2024-03-08T21:10:19","date_gmt":"2024-03-08T21:10:19","guid":{"rendered":"https:\/\/www.shqiperia.com\/blog\/?p=79048"},"modified":"2024-03-08T21:10:19","modified_gmt":"2024-03-08T21:10:19","slug":"indi-akuzohet-per-magji-e-detyrojne-te-moshuarin-te-ece-mbi-prush","status":"publish","type":"post","link":"https:\/\/www.shqiperia.com\/blog\/indi-akuzohet-per-magji-e-detyrojne-te-moshuarin-te-ece-mbi-prush\/","title":{"rendered":"Indi -Akuzohet p\u00ebr magji, e detyrojn\u00eb t\u00eb moshuarin t\u00eb ec\u00eb mbi prush"},"content":{"rendered":"<p><img data-recalc-dims=\"1\" loading=\"lazy\" decoding=\"async\" data-attachment-id=\"79049\" data-permalink=\"https:\/\/www.shqiperia.com\/blog\/indi-akuzohet-per-magji-e-detyrojne-te-moshuarin-te-ece-mbi-prush\/640-0-4b8214cba3a3962f84e7a2de62d716e2\/\" data-orig-file=\"https:\/\/i0.wp.com\/www.shqiperia.com\/blog\/wp-content\/uploads\/2024\/03\/640-0-4b8214cba3a3962f84e7a2de62d716e2.png?fit=640%2C360&amp;ssl=1\" data-orig-size=\"640,360\" data-comments-opened=\"1\" data-image-meta=\"{&quot;aperture&quot;:&quot;0&quot;,&quot;credit&quot;:&quot;&quot;,&quot;camera&quot;:&quot;&quot;,&quot;caption&quot;:&quot;&quot;,&quot;created_timestamp&quot;:&quot;0&quot;,&quot;copyright&quot;:&quot;&quot;,&quot;focal_length&quot;:&quot;0&quot;,&quot;iso&quot;:&quot;0&quot;,&quot;shutter_speed&quot;:&quot;0&quot;,&quot;title&quot;:&quot;&quot;,&quot;orientation&quot;:&quot;0&quot;}\" data-image-title=\"-640-0-4b8214cba3a3962f84e7a2de62d716e2\" data-image-description=\"\" data-image-caption=\"\" data-medium-file=\"https:\/\/i0.wp.com\/www.shqiperia.com\/blog\/wp-content\/uploads\/2024\/03\/640-0-4b8214cba3a3962f84e7a2de62d716e2.png?fit=300%2C169&amp;ssl=1\" data-large-file=\"https:\/\/i0.wp.com\/www.shqiperia.com\/blog\/wp-content\/uploads\/2024\/03\/640-0-4b8214cba3a3962f84e7a2de62d716e2.png?fit=640%2C360&amp;ssl=1\" class=\"alignnone  wp-image-79049\" alt=\"\" src=\"https:\/\/i0.wp.com\/www.shqiperia.com\/blog\/wp-content\/uploads\/2024\/03\/640-0-4b8214cba3a3962f84e7a2de62d716e2.png?resize=975%2C549&#038;ssl=1\" width=\"975\" height=\"549\" srcset=\"https:\/\/i0.wp.com\/www.shqiperia.com\/blog\/wp-content\/uploads\/2024\/03\/640-0-4b8214cba3a3962f84e7a2de62d716e2.png?resize=300%2C169&amp;ssl=1 300w, https:\/\/i0.wp.com\/www.shqiperia.com\/blog\/wp-content\/uploads\/2024\/03\/640-0-4b8214cba3a3962f84e7a2de62d716e2.png?resize=450%2C253&amp;ssl=1 450w, https:\/\/i0.wp.com\/www.shqiperia.com\/blog\/wp-content\/uploads\/2024\/03\/640-0-4b8214cba3a3962f84e7a2de62d716e2.png?resize=600%2C338&amp;ssl=1 600w, https:\/\/i0.wp.com\/www.shqiperia.com\/blog\/wp-content\/uploads\/2024\/03\/640-0-4b8214cba3a3962f84e7a2de62d716e2.png?resize=400%2C225&amp;ssl=1 400w, https:\/\/i0.wp.com\/www.shqiperia.com\/blog\/wp-content\/uploads\/2024\/03\/640-0-4b8214cba3a3962f84e7a2de62d716e2.png?w=640&amp;ssl=1 640w\" sizes=\"auto, (max-width: 975px) 100vw, 975px\" \/><\/p>\n<p>8 Mars 2024<\/p>\n<p>N\u00eb imazhe shihen momentet e r\u00ebnda kur nj\u00eb burr\u00eb i moshuar \u00ebsht\u00eb detyruar nga turma t\u00eb k\u00ebrcej\u00eb mbi th\u00ebngjij t\u00eb ndezur pasi u akuzua se \u2018praktikonte magji.\u2019<\/p>\n<p>N\u00eb pamjet e tmerrshme t\u00eb publikuara nga mediat indiane shihet burri rreth 75-vje\u00e7 q\u00eb shtyhet drejt shtratit t\u00eb zjarrit me qymyr teksa turma brohoret.<\/p>\n<p>Nuk eshte e qarte arsyeja e sakte apo demi i kryer nga viktima, por incidenti raportohet se ndodhi m\u00eb 4 mars kur grupi prej rreth 20 burrash kishin hyr\u00eb n\u00eb sht\u00ebpin\u00eb e t\u00eb akuzuarit dhe e kishin nxjerr\u00eb me forc\u00eb.<\/p>\n<p>Fshatar\u00ebt besonin se ai ishte p\u00ebrfshir\u00eb n\u00eb magji dhe k\u00ebrkonin t\u00eb merrnin hak n\u00eb form\u00eb brutale, duke e b\u00ebr\u00eb t\u00eb k\u00ebrcente thuajse t\u00eb zhveshur e k\u00ebmb\u00eb-zbathur, shkruan e p\u00ebrditshmja britanike TheSun.<\/p>\n<p>Ai shtyhej drejt zjarrit nga bashk\u00ebfshatar\u00ebt q\u00eb i thonin: \u201cB\u00ebje tani magjin\u00eb e zez\u00eb.\u201d Nj\u00eb turm\u00eb e madhe ishte mbledhur teksa burri i pashpres\u00eb u vendos t\u00eb kryente tortur\u00ebn.<\/p>\n<p>Ecja mbi zjarr lidhet me disa supersticione indiane dhe konsiderohet si nj\u00eb test durimi dhe purifikimi. Pas disa minutash mbi zjarr burri humbi ndjenjat dhe u la i lir\u00eb nga turma. T\u00eb af\u00ebrmit raportohet se e d\u00ebrguan n\u00eb spital.<\/p>\n<p>Inspektori i policis\u00eb vendase Pramod Babar tha se p\u00ebrve\u00e7 ecjes n\u00eb zjarr ai ishte rrahur nga fshatar\u00ebt. Zyrtar\u00ebt shtonin se kishin ndaluar disa persona t\u00eb dyshuar p\u00ebr aktin e r\u00ebnd\u00eb.<\/p>\n<p>T\u00eb tjera raste t\u00eb ngjashme jan\u00eb regjistruar n\u00eb Indi t\u00eb d\u00ebnimeve kapitale nga turmat p\u00ebr praktikim t\u00eb magjis\u00eb n\u00eb d\u00ebm t\u00eb personave t\u00eb tjer\u00eb.<\/p>\n","protected":false},"excerpt":{"rendered":"<p>8 Mars 2024 N\u00eb imazhe shihen momentet e r\u00ebnda kur nj\u00eb burr\u00eb i moshuar \u00ebsht\u00eb detyruar nga turma t\u00eb k\u00ebrcej\u00eb mbi th\u00ebngjij t\u00eb ndezur pasi u akuzua se \u2018praktikonte magji.\u2019 N\u00eb pamjet e tmerrshme t\u00eb publikuara nga mediat indiane shihet burri rreth 75-vje\u00e7 q\u00eb shtyhet drejt shtratit t\u00eb zjarrit me qymyr teksa turma brohoret. Nuk [&hellip;]<\/p>\n","protected":false},"author":9,"featured_media":79049,"comment_status":"open","ping_status":"open","sticky":false,"template":"","format":"standard","meta":{"jetpack_post_was_ever_published":false,"_jetpack_newsletter_access":"","_jetpack_dont_email_post_to_subs":false,"_jetpack_newsletter_tier_id":0,"_jetpack_memberships_contains_paywalled_content":false,"_jetpack_memberships_contains_paid_content":false,"footnotes":"","jetpack_publicize_message":"","jetpack_publicize_feature_enabled":true,"jetpack_social_post_already_shared":true,"jetpack_social_options":{"image_generator_settings":{"template":"highway","default_image_id":0,"font":"","enabled":false},"version":2}},"categories":[27,1,35],"tags":[],"class_list":["post-79048","post","type-post","status-publish","format-standard","has-post-thumbnail","hentry","category-blogu-i-udhetarit","category-njoftime-shtypi","category-shoqerore"],"jetpack_publicize_connections":[],"jetpack_featured_media_url":"https:\/\/i0.wp.com\/www.shqiperia.com\/blog\/wp-content\/uploads\/2024\/03\/640-0-4b8214cba3a3962f84e7a2de62d716e2.png?fit=640%2C360&ssl=1","jetpack_sharing_enabled":true,"jetpack_shortlink":"https:\/\/wp.me\/p5Z6wp-kyY","jetpack-related-posts":[{"id":73842,"url":"https:\/\/www.shqiperia.com\/blog\/libri-i-te-vdekurve-udhezuesi-i-lashte-egjiptian-per-jeten-e-pertejme\/","url_meta":{"origin":79048,"position":0},"title":"Libri i t\u00eb Vdekurve: &#8211; Udh\u00ebzuesi i lasht\u00eb egjiptian p\u00ebr jet\u00ebn e p\u00ebrtejme","author":"Kurt Farka","date":"August 23, 2023","format":false,"excerpt":"23 Gusht 2023 \u201cLibri i t\u00eb Vdekurve\u201d \u00ebsht\u00eb nj\u00eb em\u00ebr i dit\u00ebve moderne q\u00eb i \u00ebsht\u00eb dh\u00ebn\u00eb nj\u00eb s\u00ebr\u00eb tekstesh t\u00eb lashta egjiptiane q\u00eb besonin se do t\u2019i ndihmonin t\u00eb vdekurit t\u00eb lundronin n\u00eb bot\u00ebn e p\u00ebrtejme, si dhe do t\u00eb sh\u00ebrbenin p\u00ebr q\u00ebllime t\u00eb tjera. Kopjet e k\u00ebtyre teksteve\u2026","rel":"","context":"In &quot;Arte&quot;","block_context":{"text":"Arte","link":"https:\/\/www.shqiperia.com\/blog\/category\/arte\/"},"img":{"alt_text":"","src":"https:\/\/i0.wp.com\/www.shqiperia.com\/blog\/wp-content\/uploads\/2023\/08\/640-0-9a3b6ad92555ed558b25f625efaa0628.jpg?fit=640%2C461&ssl=1&resize=350%2C200","width":350,"height":200,"srcset":"https:\/\/i0.wp.com\/www.shqiperia.com\/blog\/wp-content\/uploads\/2023\/08\/640-0-9a3b6ad92555ed558b25f625efaa0628.jpg?fit=640%2C461&ssl=1&resize=350%2C200 1x, https:\/\/i0.wp.com\/www.shqiperia.com\/blog\/wp-content\/uploads\/2023\/08\/640-0-9a3b6ad92555ed558b25f625efaa0628.jpg?fit=640%2C461&ssl=1&resize=525%2C300 1.5x"},"classes":[]},{"id":62884,"url":"https:\/\/www.shqiperia.com\/blog\/pese-shtetet-qe-ende-bejne-lufte-me-shtriga-25-shtator-2022-0805-mistere\/","url_meta":{"origin":79048,"position":1},"title":"Pes\u00eb shtetet q\u00eb ende b\u00ebjn\u00eb luft\u00eb me shtriga!?","author":"Kurt Farka","date":"October 2, 2022","format":false,"excerpt":"2 Tetor 2022 N\u00eb disa vende, akuzat se jeni shtrig\u00eb mund t\u00eb rezultojn\u00eb me d\u00ebnime shum\u00eb t\u00eb r\u00ebnda. Shtetet per\u00ebndimore, deri n\u00eb fund t\u00eb shekullit XVIII kan\u00eb nd\u00ebrprer\u00eb d\u00ebnimet me vdekje p\u00ebr femrat q\u00eb gjoja b\u00ebjn\u00eb magji. Megjithat\u00eb, shum\u00eb qeveri n\u00eb mbar\u00eb bot\u00ebn vazhdojn\u00eb t\u2019i ndjekin penalisht \u201cato\u201d! 1. Tatimi\u2026","rel":"","context":"In &quot;Blogu i Udh\u00ebtarit&quot;","block_context":{"text":"Blogu i Udh\u00ebtarit","link":"https:\/\/www.shqiperia.com\/blog\/category\/blogu-i-udhetarit\/"},"img":{"alt_text":"","src":"https:\/\/i0.wp.com\/www.shqiperia.com\/blog\/wp-content\/uploads\/2022\/10\/640-0-images-704.jpg?fit=640%2C358&ssl=1&resize=350%2C200","width":350,"height":200,"srcset":"https:\/\/i0.wp.com\/www.shqiperia.com\/blog\/wp-content\/uploads\/2022\/10\/640-0-images-704.jpg?fit=640%2C358&ssl=1&resize=350%2C200 1x, https:\/\/i0.wp.com\/www.shqiperia.com\/blog\/wp-content\/uploads\/2022\/10\/640-0-images-704.jpg?fit=640%2C358&ssl=1&resize=525%2C300 1.5x"},"classes":[]},{"id":39901,"url":"https:\/\/www.shqiperia.com\/blog\/magji-e-zeze-ne-liqenin-e-farkes-jane-gjendur-objekte-te-cuditshme\/","url_meta":{"origin":79048,"position":2},"title":"&#8220;Magji e zez\u00eb&#8221; n\u00eb liqenin e Fark\u00ebs, jane gjendur objekte te \u00e7uditshme\u2026","author":"Kurt Farka","date":"October 20, 2020","format":false,"excerpt":"\"Magji e zez\u00eb\" n\u00eb liqenin e Fark\u00ebs, jane gjendur objekte te \u00e7uditshme\u2026 Muaj m\u00eb par\u00eb n\u00eb redaksin\u00eb e\u00a0JOQ Albania\u00a0ka ardhur nj\u00eb video. Qytetari q\u00eb ka b\u00ebr\u00eb filmimin tregon se b\u00ebhet fjal\u00eb p\u00ebr magji. Ai shfaqet vet\u00eb n\u00eb video duke folur dhe shpjegon se n\u00eb liqenin e Fark\u00ebs i cili sipas\u2026","rel":"","context":"In &quot;Blogu i Udh\u00ebtarit&quot;","block_context":{"text":"Blogu i Udh\u00ebtarit","link":"https:\/\/www.shqiperia.com\/blog\/category\/blogu-i-udhetarit\/"},"img":{"alt_text":"","src":"https:\/\/i0.wp.com\/www.shqiperia.com\/blog\/wp-content\/uploads\/2020\/10\/1-45.jpg?fit=800%2C404&ssl=1&resize=350%2C200","width":350,"height":200,"srcset":"https:\/\/i0.wp.com\/www.shqiperia.com\/blog\/wp-content\/uploads\/2020\/10\/1-45.jpg?fit=800%2C404&ssl=1&resize=350%2C200 1x, https:\/\/i0.wp.com\/www.shqiperia.com\/blog\/wp-content\/uploads\/2020\/10\/1-45.jpg?fit=800%2C404&ssl=1&resize=525%2C300 1.5x, https:\/\/i0.wp.com\/www.shqiperia.com\/blog\/wp-content\/uploads\/2020\/10\/1-45.jpg?fit=800%2C404&ssl=1&resize=700%2C400 2x"},"classes":[]},{"id":51561,"url":"https:\/\/www.shqiperia.com\/blog\/sherr-masiv-mes-nje-grupi-grash-prisnin-qe-burrat-ti-ke-sjelle-nje-plake-nga-fshati-dhe-ajo-na-ka-bere-magji-femijeve\/","url_meta":{"origin":79048,"position":3},"title":"Sherr masiv mes nj\u00eb grupi grash, prisnin q\u00eb burrat&#8230;  &#8211; Ti ke sjell\u00eb nj\u00eb plak\u00eb nga fshati dhe ajo na ka b\u00ebr\u00eb magji f\u00ebmij\u00ebve.","author":"Kurt Farka","date":"November 21, 2021","format":false,"excerpt":"Sherr masiv mes nj\u00eb grupi grash, prisnin q\u00eb burrat...Ti ke sjell\u00eb nj\u00eb plak\u00eb nga fshati dhe ajo na ka b\u00ebr\u00eb magji f\u00ebmij\u00ebve. 20 N\u00cbNTOR 2021 P\u00ebrfundimisht sherri i grave \u00ebsht\u00eb i hidhur edhe kur nuk ka shkak. Grat\u00eb e nj\u00eb pallati kan\u00eb p\u00ebrfunduar n\u00eb sherr masiv than\u00eb burime policore, duke\u2026","rel":"","context":"In &quot;Press Releases&quot;","block_context":{"text":"Press Releases","link":"https:\/\/www.shqiperia.com\/blog\/category\/press-releases\/"},"img":{"alt_text":"","src":"https:\/\/i0.wp.com\/www.shqiperia.com\/blog\/wp-content\/uploads\/2021\/11\/policia-3-750x375-1.jpg?fit=750%2C375&ssl=1&resize=350%2C200","width":350,"height":200,"srcset":"https:\/\/i0.wp.com\/www.shqiperia.com\/blog\/wp-content\/uploads\/2021\/11\/policia-3-750x375-1.jpg?fit=750%2C375&ssl=1&resize=350%2C200 1x, https:\/\/i0.wp.com\/www.shqiperia.com\/blog\/wp-content\/uploads\/2021\/11\/policia-3-750x375-1.jpg?fit=750%2C375&ssl=1&resize=525%2C300 1.5x, https:\/\/i0.wp.com\/www.shqiperia.com\/blog\/wp-content\/uploads\/2021\/11\/policia-3-750x375-1.jpg?fit=750%2C375&ssl=1&resize=700%2C400 2x"},"classes":[]},{"id":54266,"url":"https:\/\/www.shqiperia.com\/blog\/magji-ne-varrezat-e-durresit-shtohet-veprimtaria-e-sekteve-satanike-ekspertet-ngrejne-alarmin\/","url_meta":{"origin":79048,"position":4},"title":"Magji n\u00eb varrezat e Durr\u00ebsit, shtohet veprimtaria e sekteve satanike, ekspert\u00ebt ngrejn\u00eb alarmin","author":"Kurt Farka","date":"February 20, 2022","format":false,"excerpt":"Magji n\u00eb varrezat e Durr\u00ebsit, shtohet veprimtaria e sekteve satanike, ekspert\u00ebt ngrejn\u00eb alarmin Nga Nertila Dosti 20 Shkurt 2022 Shenja t\u00eb \u00e7udishme n\u00eb varreza, t\u00eb ngjashme me ritual magjie apo fetare jan\u00eb shfaqur n\u00eb Durr\u00ebs. Ekspert\u00ebt shprehin shqet\u00ebsimin p\u00ebr rritjen e ngjarjeve t\u00eb tilla, duke theksuar se \u00ebsht\u00eb pik\u00ebrisht vaf\u00ebria,\u2026","rel":"","context":"In &quot;Blogu i Udh\u00ebtarit&quot;","block_context":{"text":"Blogu i Udh\u00ebtarit","link":"https:\/\/www.shqiperia.com\/blog\/category\/blogu-i-udhetarit\/"},"img":{"alt_text":"","src":"https:\/\/i0.wp.com\/www.shqiperia.com\/blog\/wp-content\/uploads\/2022\/02\/Magji-ne-varrezat-e-Durresit.jpg?fit=360%2C239&ssl=1&resize=350%2C200","width":350,"height":200},"classes":[]},{"id":60965,"url":"https:\/\/www.shqiperia.com\/blog\/filmi-e-verteta-e-pabesueshme-pas-zjarrit-ne-notre-dame\/","url_meta":{"origin":79048,"position":5},"title":"Filmi: &#8211; E v\u00ebrteta e pabesueshme pas zjarrit n\u00eb Notre Dame","author":"Kurt Farka","date":"August 10, 2022","format":false,"excerpt":"10 Gusht 2022. Rrefimi i Regjisorit Jean-Jacques Arnnaud: - Cfare zbulova nga zjarri tragjik ne Katedrale. - N\u00eb mbr\u00ebmjen e hershme t\u00eb asaj t\u00eb h\u00ebne, 15 prill 2019, nd\u00ebrsa mesha po mbahej n\u00eb Katedralen Notre Dame n\u00eb Paris p\u00ebr t\u00eb sh\u00ebnuar fillimin e Jav\u00ebs s\u00eb Shenjt\u00eb, papritur ra nj\u00eb alarm.\u2026","rel":"","context":"In &quot;Arte&quot;","block_context":{"text":"Arte","link":"https:\/\/www.shqiperia.com\/blog\/category\/arte\/"},"img":{"alt_text":"","src":"https:\/\/i0.wp.com\/www.shqiperia.com\/blog\/wp-content\/uploads\/2022\/08\/Filmi-e-verteta-e-pabesueshme-pas-zjarrit-ne-Notre-Dame.jpg?fit=750%2C375&ssl=1&resize=350%2C200","width":350,"height":200,"srcset":"https:\/\/i0.wp.com\/www.shqiperia.com\/blog\/wp-content\/uploads\/2022\/08\/Filmi-e-verteta-e-pabesueshme-pas-zjarrit-ne-Notre-Dame.jpg?fit=750%2C375&ssl=1&resize=350%2C200 1x, https:\/\/i0.wp.com\/www.shqiperia.com\/blog\/wp-content\/uploads\/2022\/08\/Filmi-e-verteta-e-pabesueshme-pas-zjarrit-ne-Notre-Dame.jpg?fit=750%2C375&ssl=1&resize=525%2C300 1.5x, https:\/\/i0.wp.com\/www.shqiperia.com\/blog\/wp-content\/uploads\/2022\/08\/Filmi-e-verteta-e-pabesueshme-pas-zjarrit-ne-Notre-Dame.jpg?fit=750%2C375&ssl=1&resize=700%2C400 2x"},"classes":[]}],"_links":{"self":[{"href":"https:\/\/www.shqiperia.com\/blog\/wp-json\/wp\/v2\/posts\/79048","targetHints":{"allow":["GET"]}}],"collection":[{"href":"https:\/\/www.shqiperia.com\/blog\/wp-json\/wp\/v2\/posts"}],"about":[{"href":"https:\/\/www.shqiperia.com\/blog\/wp-json\/wp\/v2\/types\/post"}],"author":[{"embeddable":true,"href":"https:\/\/www.shqiperia.com\/blog\/wp-json\/wp\/v2\/users\/9"}],"replies":[{"embeddable":true,"href":"https:\/\/www.shqiperia.com\/blog\/wp-json\/wp\/v2\/comments?post=79048"}],"version-history":[{"count":1,"href":"https:\/\/www.shqiperia.com\/blog\/wp-json\/wp\/v2\/posts\/79048\/revisions"}],"predecessor-version":[{"id":79050,"href":"https:\/\/www.shqiperia.com\/blog\/wp-json\/wp\/v2\/posts\/79048\/revisions\/79050"}],"wp:featuredmedia":[{"embeddable":true,"href":"https:\/\/www.shqiperia.com\/blog\/wp-json\/wp\/v2\/media\/79049"}],"wp:attachment":[{"href":"https:\/\/www.shqiperia.com\/blog\/wp-json\/wp\/v2\/media?parent=79048"}],"wp:term":[{"taxonomy":"category","embeddable":true,"href":"https:\/\/www.shqiperia.com\/blog\/wp-json\/wp\/v2\/categories?post=79048"},{"taxonomy":"post_tag","embeddable":true,"href":"https:\/\/www.shqiperia.com\/blog\/wp-json\/wp\/v2\/tags?post=79048"}],"curies":[{"name":"wp","href":"https:\/\/api.w.org\/{rel}","templated":true}]}}