{"id":79044,"date":"2024-03-08T20:59:25","date_gmt":"2024-03-08T20:59:25","guid":{"rendered":"https:\/\/www.shqiperia.com\/blog\/?p=79044"},"modified":"2024-03-08T21:00:20","modified_gmt":"2024-03-08T21:00:20","slug":"nuk-ndalet-rritja-e-cmimeve-serish-shtrenjtohet-shporta","status":"publish","type":"post","link":"https:\/\/www.shqiperia.com\/blog\/nuk-ndalet-rritja-e-cmimeve-serish-shtrenjtohet-shporta\/","title":{"rendered":"Nuk ndalet rritja e \u00e7mimeve, s\u00ebrish shtrenjtohet \u201cshporta\u201d"},"content":{"rendered":"<p><img data-recalc-dims=\"1\" loading=\"lazy\" decoding=\"async\" data-attachment-id=\"79045\" data-permalink=\"https:\/\/www.shqiperia.com\/blog\/nuk-ndalet-rritja-e-cmimeve-serish-shtrenjtohet-shporta\/640-0-cmim-1709907250-1\/\" data-orig-file=\"https:\/\/i0.wp.com\/www.shqiperia.com\/blog\/wp-content\/uploads\/2024\/03\/640-0-cmim-1709907250-1.jpg?fit=640%2C360&amp;ssl=1\" data-orig-size=\"640,360\" data-comments-opened=\"1\" data-image-meta=\"{&quot;aperture&quot;:&quot;0&quot;,&quot;credit&quot;:&quot;&quot;,&quot;camera&quot;:&quot;&quot;,&quot;caption&quot;:&quot;&quot;,&quot;created_timestamp&quot;:&quot;0&quot;,&quot;copyright&quot;:&quot;&quot;,&quot;focal_length&quot;:&quot;0&quot;,&quot;iso&quot;:&quot;0&quot;,&quot;shutter_speed&quot;:&quot;0&quot;,&quot;title&quot;:&quot;&quot;,&quot;orientation&quot;:&quot;0&quot;}\" data-image-title=\"-640-0-cmim-1709907250 (1)\" data-image-description=\"\" data-image-caption=\"\" data-medium-file=\"https:\/\/i0.wp.com\/www.shqiperia.com\/blog\/wp-content\/uploads\/2024\/03\/640-0-cmim-1709907250-1.jpg?fit=300%2C169&amp;ssl=1\" data-large-file=\"https:\/\/i0.wp.com\/www.shqiperia.com\/blog\/wp-content\/uploads\/2024\/03\/640-0-cmim-1709907250-1.jpg?fit=640%2C360&amp;ssl=1\" class=\"alignnone wp-image-79045\" alt=\"\" src=\"https:\/\/i0.wp.com\/www.shqiperia.com\/blog\/wp-content\/uploads\/2024\/03\/640-0-cmim-1709907250-1.jpg?resize=834%2C470&#038;ssl=1\" width=\"834\" height=\"470\" srcset=\"https:\/\/i0.wp.com\/www.shqiperia.com\/blog\/wp-content\/uploads\/2024\/03\/640-0-cmim-1709907250-1.jpg?resize=300%2C169&amp;ssl=1 300w, https:\/\/i0.wp.com\/www.shqiperia.com\/blog\/wp-content\/uploads\/2024\/03\/640-0-cmim-1709907250-1.jpg?resize=450%2C253&amp;ssl=1 450w, https:\/\/i0.wp.com\/www.shqiperia.com\/blog\/wp-content\/uploads\/2024\/03\/640-0-cmim-1709907250-1.jpg?resize=600%2C338&amp;ssl=1 600w, https:\/\/i0.wp.com\/www.shqiperia.com\/blog\/wp-content\/uploads\/2024\/03\/640-0-cmim-1709907250-1.jpg?resize=400%2C225&amp;ssl=1 400w, https:\/\/i0.wp.com\/www.shqiperia.com\/blog\/wp-content\/uploads\/2024\/03\/640-0-cmim-1709907250-1.jpg?w=640&amp;ssl=1 640w\" sizes=\"auto, (max-width: 834px) 100vw, 834px\" \/><\/p>\n<p>8 Mars 2024<\/p>\n<p>Ritmi i rritjes se \u00e7mimeve ra n\u00eb muajin shkurt n\u00eb 2.6%. Nivel ky i sh\u00ebnuar p\u00ebr her\u00eb t\u00eb par\u00eb q\u00eb prej 2021-it, duke kapur projeksionin e Bank\u00ebs s\u00eb Shqip\u00ebris\u00eb q\u00eb parashikonte ta mbante inflacionin posht\u00eb nivelit 3%.<\/p>\n<p>Megjithat\u00eb pavar\u00ebsisht shifrave, produktet e shport\u00ebs kan\u00eb sh\u00ebnuar nj\u00eb rritje t\u00eb leht\u00eb t\u00eb \u00e7mimeve krahasuar me janarin.<\/p>\n<p>N\u00eb grupin e produkteve baz\u00eb t\u00eb shport\u00ebs bulmeti njohu shtrenjtimin me 4.7%, pasuar nga zarzavatet, mishi e peshku.<\/p>\n<p>Krahasuar me janarin e k\u00ebtij viti, \u00e7mimet p\u00ebr produktet e duhanit, veshjeve, transporti dhe bareve e restoranteve mbeti thuajse i pandryshuar.<\/p>\n<p>N\u00ebse e krahasojm\u00eb me janarin e 2023-it rritja m\u00eb e madhe e \u00e7mimeve vjetore u vu re tek arg\u00ebtimi dhe kultura me 4.9%, pasuar nga grupet e mobiljeve me 4.7%, nd\u00ebrsa grupi i ushqimeve dhe pijeve alkoolike ka sh\u00ebnuar rritje me 2.7%.<\/p>\n<p>Mbetet p\u00ebr t\u2019u par\u00eb n\u00ebse Banka e Shqip\u00ebris\u00eb p\u00ebr t\u00eb mbajtur inflacionin n\u00ebn objektivin e 3 p\u00ebr qind\u00ebshit do ket\u00eb shtr\u00ebngim t\u00eb politik\u00ebn monetare, ashtu si\u00e7 \u00ebsht\u00eb parashikuar n\u00eb fund t\u00eb vitit dhe si\u00e7 \u00ebsht\u00eb k\u00ebshilluar nga Fondi Monetar Nd\u00ebrkomb\u00ebtar.<\/p>\n","protected":false},"excerpt":{"rendered":"<p>8 Mars 2024 Ritmi i rritjes se \u00e7mimeve ra n\u00eb muajin shkurt n\u00eb 2.6%. Nivel ky i sh\u00ebnuar p\u00ebr her\u00eb t\u00eb par\u00eb q\u00eb prej 2021-it, duke kapur projeksionin e Bank\u00ebs s\u00eb Shqip\u00ebris\u00eb q\u00eb parashikonte ta mbante inflacionin posht\u00eb nivelit 3%. Megjithat\u00eb pavar\u00ebsisht shifrave, produktet e shport\u00ebs kan\u00eb sh\u00ebnuar nj\u00eb rritje t\u00eb leht\u00eb t\u00eb \u00e7mimeve krahasuar [&hellip;]<\/p>\n","protected":false},"author":9,"featured_media":79045,"comment_status":"open","ping_status":"open","sticky":false,"template":"","format":"standard","meta":{"jetpack_post_was_ever_published":false,"_jetpack_newsletter_access":"","_jetpack_dont_email_post_to_subs":false,"_jetpack_newsletter_tier_id":0,"_jetpack_memberships_contains_paywalled_content":false,"_jetpack_memberships_contains_paid_content":false,"footnotes":"","jetpack_publicize_message":"","jetpack_publicize_feature_enabled":true,"jetpack_social_post_already_shared":true,"jetpack_social_options":{"image_generator_settings":{"template":"highway","default_image_id":0,"font":"","enabled":false},"version":2}},"categories":[27,1,35],"tags":[],"class_list":["post-79044","post","type-post","status-publish","format-standard","has-post-thumbnail","hentry","category-blogu-i-udhetarit","category-njoftime-shtypi","category-shoqerore"],"jetpack_publicize_connections":[],"jetpack_featured_media_url":"https:\/\/i0.wp.com\/www.shqiperia.com\/blog\/wp-content\/uploads\/2024\/03\/640-0-cmim-1709907250-1.jpg?fit=640%2C360&ssl=1","jetpack_sharing_enabled":true,"jetpack_shortlink":"https:\/\/wp.me\/p5Z6wp-kyU","jetpack-related-posts":[{"id":76172,"url":"https:\/\/www.shqiperia.com\/blog\/ne-nentor-cmimet-serisht-u-rriten-ndryshimi-me-i-madh-te-ushqimet-e-shportes\/","url_meta":{"origin":79044,"position":0},"title":"N\u00eb N\u00ebntor cmimet s\u00ebrisht u rrit\u00ebn. &#8211; Ndryshimi m\u00eb i madh te ushqimet e shport\u00ebs","author":"Kurt Farka","date":"December 8, 2023","format":false,"excerpt":"8 Nentor 2023 N\u00eb muajin n\u00ebntor \u00e7mimet sh\u00ebnuan nj\u00eb tjet\u00ebr rritje, por me nj\u00eb rit\u00ebm shum\u00eb m\u00eb t\u00eb leht\u00eb krahasuar me vitin e shkuar. Reagimet duket se kan\u00eb ardhur pas rritjes s\u00eb norm\u00ebs s\u00eb interesit nga Banka e Shqip\u00ebris\u00eb. Pasi n\u00eb muajin tetor u regjistrua niveli m\u00eb i ul\u00ebt i\u2026","rel":"","context":"In &quot;Blogu i Udh\u00ebtarit&quot;","block_context":{"text":"Blogu i Udh\u00ebtarit","link":"https:\/\/www.shqiperia.com\/blog\/category\/blogu-i-udhetarit\/"},"img":{"alt_text":"","src":"https:\/\/i0.wp.com\/www.shqiperia.com\/blog\/wp-content\/uploads\/2023\/12\/640-0-ushqime-1702041156.jpg?fit=640%2C389&ssl=1&resize=350%2C200","width":350,"height":200,"srcset":"https:\/\/i0.wp.com\/www.shqiperia.com\/blog\/wp-content\/uploads\/2023\/12\/640-0-ushqime-1702041156.jpg?fit=640%2C389&ssl=1&resize=350%2C200 1x, https:\/\/i0.wp.com\/www.shqiperia.com\/blog\/wp-content\/uploads\/2023\/12\/640-0-ushqime-1702041156.jpg?fit=640%2C389&ssl=1&resize=525%2C300 1.5x"},"classes":[]},{"id":55876,"url":"https:\/\/www.shqiperia.com\/blog\/rritja-e-cmimeve-shoqata-e-bareve-dhe-restoranteve-paralajmeron-shtrenjtimin-e-kafese-deri-ne-1-euro\/","url_meta":{"origin":79044,"position":1},"title":"Rritja e \u00e7mimeve, Shoqata e Bareve dhe Restoranteve paralajm\u00ebron shtrenjtimin e kafes\u00eb deri n\u00eb 1 euro","author":"Kurt Farka","date":"March 23, 2022","format":false,"excerpt":"Rritja e \u00e7mimeve, Shoqata e Bareve dhe Restoranteve paralajm\u00ebron shtrenjtimin e kafes\u00eb deri n\u00eb 1 euro 23 Mars 2022 \u201d\u2026 nd\u00ebrsa baret q\u00eb sot tregtojn\u00eb kafe me \u00e7mim 50 lek\u00eb, kryesisht t\u00eb lagjeve, nuk do t\u00eb arrijn\u00eb t\u00eb mbijetojn\u00eb, do t\u00eb mbyllen\u201d. Pas shtrenjtimit t\u00eb produkteve ushqimore t\u00eb shport\u00ebs pritet\u2026","rel":"","context":"In &quot;Blogu i Udh\u00ebtarit&quot;","block_context":{"text":"Blogu i Udh\u00ebtarit","link":"https:\/\/www.shqiperia.com\/blog\/category\/blogu-i-udhetarit\/"},"img":{"alt_text":"","src":"https:\/\/i0.wp.com\/www.shqiperia.com\/blog\/wp-content\/uploads\/2022\/03\/kafe.jpg?fit=1200%2C743&ssl=1&resize=350%2C200","width":350,"height":200,"srcset":"https:\/\/i0.wp.com\/www.shqiperia.com\/blog\/wp-content\/uploads\/2022\/03\/kafe.jpg?fit=1200%2C743&ssl=1&resize=350%2C200 1x, https:\/\/i0.wp.com\/www.shqiperia.com\/blog\/wp-content\/uploads\/2022\/03\/kafe.jpg?fit=1200%2C743&ssl=1&resize=525%2C300 1.5x, https:\/\/i0.wp.com\/www.shqiperia.com\/blog\/wp-content\/uploads\/2022\/03\/kafe.jpg?fit=1200%2C743&ssl=1&resize=700%2C400 2x, https:\/\/i0.wp.com\/www.shqiperia.com\/blog\/wp-content\/uploads\/2022\/03\/kafe.jpg?fit=1200%2C743&ssl=1&resize=1050%2C600 3x"},"classes":[]},{"id":60823,"url":"https:\/\/www.shqiperia.com\/blog\/buka-qumeshti-vaji-cmime-rekord-ne-korrik\/","url_meta":{"origin":79044,"position":2},"title":"Buka, qum\u00ebshti, vaji&#8230; &#8211;  \u00c7mime rekord n\u00eb Korrik","author":"Kurt Farka","date":"August 8, 2022","format":false,"excerpt":"8 Gusht 2022 Indeksi i \u00c7mimeve t\u00eb Konsumit n\u00eb muajin Korrik 2022, arriti 109,3 kundrejt muajit Dhjetor 2020. Ndryshimi vjetor i indeksit t\u00eb \u00e7mimeve t\u00eb konsumit n\u00eb muajin Korrik 2022 \u00ebsht\u00eb 7,5 %, nj\u00eb vit m\u00eb par\u00eb ky ndryshim ishte 2,2 %. Ndryshimi mujor i indeksit t\u00eb \u00e7mimeve t\u00eb konsumit\u2026","rel":"","context":"In &quot;Blogu i Udh\u00ebtarit&quot;","block_context":{"text":"Blogu i Udh\u00ebtarit","link":"https:\/\/www.shqiperia.com\/blog\/category\/blogu-i-udhetarit\/"},"img":{"alt_text":"","src":"https:\/\/i0.wp.com\/www.shqiperia.com\/blog\/wp-content\/uploads\/2022\/08\/Buka-qumeshti-vaji...-Cmime-rekord-ne-Korrik.jpg?fit=550%2C330&ssl=1&resize=350%2C200","width":350,"height":200,"srcset":"https:\/\/i0.wp.com\/www.shqiperia.com\/blog\/wp-content\/uploads\/2022\/08\/Buka-qumeshti-vaji...-Cmime-rekord-ne-Korrik.jpg?fit=550%2C330&ssl=1&resize=350%2C200 1x, https:\/\/i0.wp.com\/www.shqiperia.com\/blog\/wp-content\/uploads\/2022\/08\/Buka-qumeshti-vaji...-Cmime-rekord-ne-Korrik.jpg?fit=550%2C330&ssl=1&resize=525%2C300 1.5x"},"classes":[]},{"id":89881,"url":"https:\/\/www.shqiperia.com\/blog\/eurostat-inflacioni-ne-muajin-janar-ishte-shume-me-i-larte-se-matjet-kombetare-ja-cfare-do-te-thote\/","url_meta":{"origin":79044,"position":3},"title":"Eurostat: Inflacioni n\u00eb muajin janar ishte shum\u00eb m\u00eb i lart\u00eb se matjet komb\u00ebtare. &#8211; Ja \u00e7far\u00eb do t\u00eb thot\u00eb","author":"Kurt Farka","date":"February 25, 2025","format":false,"excerpt":"25 Shkurt 2025 Sipas metodologjie s\u00eb Eurostat, inflacioni n\u00eb muajin janar ishte shum\u00eb m\u00eb i lart\u00eb se matjet komb\u00ebtare. Sipas t\u00eb dh\u00ebnave nga Indeksi i Harmonizuar i \u00c7mimeve t\u00eb Konsumit (EUROSTAT), n\u00eb muajin Janar 2025 \u00ebsht\u00eb 2,4%, nd\u00ebrsa sipas matjeve t\u00eb brendshme (INSTAT) inflacioni i janarit ishte 1.9%. Rritja m\u00eb\u2026","rel":"","context":"In &quot;Blogu i Udh\u00ebtarit&quot;","block_context":{"text":"Blogu i Udh\u00ebtarit","link":"https:\/\/www.shqiperia.com\/blog\/category\/blogu-i-udhetarit\/"},"img":{"alt_text":"","src":"https:\/\/i0.wp.com\/www.shqiperia.com\/blog\/wp-content\/uploads\/2025\/02\/Capture-6.png?fit=722%2C399&ssl=1&resize=350%2C200","width":350,"height":200,"srcset":"https:\/\/i0.wp.com\/www.shqiperia.com\/blog\/wp-content\/uploads\/2025\/02\/Capture-6.png?fit=722%2C399&ssl=1&resize=350%2C200 1x, https:\/\/i0.wp.com\/www.shqiperia.com\/blog\/wp-content\/uploads\/2025\/02\/Capture-6.png?fit=722%2C399&ssl=1&resize=525%2C300 1.5x, https:\/\/i0.wp.com\/www.shqiperia.com\/blog\/wp-content\/uploads\/2025\/02\/Capture-6.png?fit=722%2C399&ssl=1&resize=700%2C400 2x"},"classes":[]},{"id":88361,"url":"https:\/\/www.shqiperia.com\/blog\/dhjetori-konfirmon-inflacionin-e-vitit-2024-cmimet-u-rriten-ne-nje-muaj-me-2-2-por-sinjalet-me-pak-pozitive-vijne-nga-ushqimet\/","url_meta":{"origin":79044,"position":4},"title":"Dhjetori konfirmon inflacionin e vitit 2024\/ \u00c7mimet u rrit\u00ebn  ne nje muaj me 2.2%, por sinjalet m\u00eb pak pozitive vijn\u00eb nga ushqimet","author":"Kurt Farka","date":"January 13, 2025","format":false,"excerpt":"13 Janar 2025 Gjat\u00eb muajit t\u00eb fundit t\u00eb vitit t\u00eb kaluar, inflacioni ka vijuar tendencat rrit\u00ebse, duke u ngjitur n\u00eb 2.1%, nga 2% n\u00eb n\u00ebntor dhe 1.9% n\u00eb muajin tetor t\u00eb po t\u00eb njejtit viti, sinjalizojn\u00eb shifrat m\u00eb t\u00eb fundit nga Instituti i Statistikave. Rritja mesatare vjetore e \u00e7mimeve n\u00eb\u2026","rel":"","context":"In &quot;Blogu i Udh\u00ebtarit&quot;","block_context":{"text":"Blogu i Udh\u00ebtarit","link":"https:\/\/www.shqiperia.com\/blog\/category\/blogu-i-udhetarit\/"},"img":{"alt_text":"","src":"https:\/\/i0.wp.com\/www.shqiperia.com\/blog\/wp-content\/uploads\/2025\/01\/900-0-1736506997xinflation-719.jpg?fit=900%2C590&ssl=1&resize=350%2C200","width":350,"height":200,"srcset":"https:\/\/i0.wp.com\/www.shqiperia.com\/blog\/wp-content\/uploads\/2025\/01\/900-0-1736506997xinflation-719.jpg?fit=900%2C590&ssl=1&resize=350%2C200 1x, https:\/\/i0.wp.com\/www.shqiperia.com\/blog\/wp-content\/uploads\/2025\/01\/900-0-1736506997xinflation-719.jpg?fit=900%2C590&ssl=1&resize=525%2C300 1.5x, https:\/\/i0.wp.com\/www.shqiperia.com\/blog\/wp-content\/uploads\/2025\/01\/900-0-1736506997xinflation-719.jpg?fit=900%2C590&ssl=1&resize=700%2C400 2x"},"classes":[]},{"id":71132,"url":"https:\/\/www.shqiperia.com\/blog\/okb-cmimet-e-ushqimeve-rriten-per-here-te-pare-pas-nje-viti\/","url_meta":{"origin":79044,"position":5},"title":"OKB: &#8211; \u00c7mimet e ushqimeve rriten p\u00ebr her\u00eb t\u00eb par\u00eb pas nj\u00eb viti","author":"Kurt Farka","date":"May 5, 2023","format":false,"excerpt":"5 Maji 2023 Agjencia p\u00ebr ushqim e Kombeve t\u00eb Bashkuara tha se sipas t\u00eb dh\u00ebnave n\u00eb prill, \u00e7mimet e ushqimeve u rrit\u00ebn p\u00ebr her\u00eb t\u00eb par\u00eb brenda nj\u00eb viti. Por, megjithat\u00eb \u00e7mimet jan\u00eb 20 p\u00ebr qind m\u00eb t\u00eb ul\u00ebta krahasuar me muajin mars t\u00eb vitit 2022, kur u sh\u00ebnua rekord\u2026","rel":"","context":"In &quot;Blogu i Udh\u00ebtarit&quot;","block_context":{"text":"Blogu i Udh\u00ebtarit","link":"https:\/\/www.shqiperia.com\/blog\/category\/blogu-i-udhetarit\/"},"img":{"alt_text":"","src":"https:\/\/i0.wp.com\/www.shqiperia.com\/blog\/wp-content\/uploads\/2023\/05\/640-0-a6c4d985738669796a4a7004919ff184.jpg?fit=640%2C360&ssl=1&resize=350%2C200","width":350,"height":200,"srcset":"https:\/\/i0.wp.com\/www.shqiperia.com\/blog\/wp-content\/uploads\/2023\/05\/640-0-a6c4d985738669796a4a7004919ff184.jpg?fit=640%2C360&ssl=1&resize=350%2C200 1x, https:\/\/i0.wp.com\/www.shqiperia.com\/blog\/wp-content\/uploads\/2023\/05\/640-0-a6c4d985738669796a4a7004919ff184.jpg?fit=640%2C360&ssl=1&resize=525%2C300 1.5x"},"classes":[]}],"_links":{"self":[{"href":"https:\/\/www.shqiperia.com\/blog\/wp-json\/wp\/v2\/posts\/79044","targetHints":{"allow":["GET"]}}],"collection":[{"href":"https:\/\/www.shqiperia.com\/blog\/wp-json\/wp\/v2\/posts"}],"about":[{"href":"https:\/\/www.shqiperia.com\/blog\/wp-json\/wp\/v2\/types\/post"}],"author":[{"embeddable":true,"href":"https:\/\/www.shqiperia.com\/blog\/wp-json\/wp\/v2\/users\/9"}],"replies":[{"embeddable":true,"href":"https:\/\/www.shqiperia.com\/blog\/wp-json\/wp\/v2\/comments?post=79044"}],"version-history":[{"count":2,"href":"https:\/\/www.shqiperia.com\/blog\/wp-json\/wp\/v2\/posts\/79044\/revisions"}],"predecessor-version":[{"id":79047,"href":"https:\/\/www.shqiperia.com\/blog\/wp-json\/wp\/v2\/posts\/79044\/revisions\/79047"}],"wp:featuredmedia":[{"embeddable":true,"href":"https:\/\/www.shqiperia.com\/blog\/wp-json\/wp\/v2\/media\/79045"}],"wp:attachment":[{"href":"https:\/\/www.shqiperia.com\/blog\/wp-json\/wp\/v2\/media?parent=79044"}],"wp:term":[{"taxonomy":"category","embeddable":true,"href":"https:\/\/www.shqiperia.com\/blog\/wp-json\/wp\/v2\/categories?post=79044"},{"taxonomy":"post_tag","embeddable":true,"href":"https:\/\/www.shqiperia.com\/blog\/wp-json\/wp\/v2\/tags?post=79044"}],"curies":[{"name":"wp","href":"https:\/\/api.w.org\/{rel}","templated":true}]}}