{"id":79041,"date":"2024-03-08T20:53:07","date_gmt":"2024-03-08T20:53:07","guid":{"rendered":"https:\/\/www.shqiperia.com\/blog\/?p=79041"},"modified":"2024-03-08T20:53:07","modified_gmt":"2024-03-08T20:53:07","slug":"presidenti-erdogan-njofton-terheqjen-e-tij-nga-politika","status":"publish","type":"post","link":"https:\/\/www.shqiperia.com\/blog\/presidenti-erdogan-njofton-terheqjen-e-tij-nga-politika\/","title":{"rendered":"Presidenti Erdogan njofton t\u00ebrheqjen e tij nga politika"},"content":{"rendered":"<p><img data-recalc-dims=\"1\" loading=\"lazy\" decoding=\"async\" data-attachment-id=\"79042\" data-permalink=\"https:\/\/www.shqiperia.com\/blog\/presidenti-erdogan-njofton-terheqjen-e-tij-nga-politika\/346045907_1603680073429937_2260536900947601506_n-1-3\/\" data-orig-file=\"https:\/\/i0.wp.com\/www.shqiperia.com\/blog\/wp-content\/uploads\/2024\/03\/346045907_1603680073429937_2260536900947601506_n-1.jpg?fit=800%2C415&amp;ssl=1\" data-orig-size=\"800,415\" data-comments-opened=\"1\" data-image-meta=\"{&quot;aperture&quot;:&quot;0&quot;,&quot;credit&quot;:&quot;&quot;,&quot;camera&quot;:&quot;&quot;,&quot;caption&quot;:&quot;&quot;,&quot;created_timestamp&quot;:&quot;0&quot;,&quot;copyright&quot;:&quot;&quot;,&quot;focal_length&quot;:&quot;0&quot;,&quot;iso&quot;:&quot;0&quot;,&quot;shutter_speed&quot;:&quot;0&quot;,&quot;title&quot;:&quot;&quot;,&quot;orientation&quot;:&quot;0&quot;}\" data-image-title=\"346045907_1603680073429937_2260536900947601506_n (1)\" data-image-description=\"\" data-image-caption=\"\" data-medium-file=\"https:\/\/i0.wp.com\/www.shqiperia.com\/blog\/wp-content\/uploads\/2024\/03\/346045907_1603680073429937_2260536900947601506_n-1.jpg?fit=300%2C156&amp;ssl=1\" data-large-file=\"https:\/\/i0.wp.com\/www.shqiperia.com\/blog\/wp-content\/uploads\/2024\/03\/346045907_1603680073429937_2260536900947601506_n-1.jpg?fit=800%2C415&amp;ssl=1\" class=\"alignnone  wp-image-79042\" alt=\"\" src=\"https:\/\/i0.wp.com\/www.shqiperia.com\/blog\/wp-content\/uploads\/2024\/03\/346045907_1603680073429937_2260536900947601506_n-1.jpg?resize=1008%2C524&#038;ssl=1\" width=\"1008\" height=\"524\" srcset=\"https:\/\/i0.wp.com\/www.shqiperia.com\/blog\/wp-content\/uploads\/2024\/03\/346045907_1603680073429937_2260536900947601506_n-1.jpg?resize=300%2C156&amp;ssl=1 300w, https:\/\/i0.wp.com\/www.shqiperia.com\/blog\/wp-content\/uploads\/2024\/03\/346045907_1603680073429937_2260536900947601506_n-1.jpg?resize=768%2C398&amp;ssl=1 768w, https:\/\/i0.wp.com\/www.shqiperia.com\/blog\/wp-content\/uploads\/2024\/03\/346045907_1603680073429937_2260536900947601506_n-1.jpg?resize=450%2C233&amp;ssl=1 450w, https:\/\/i0.wp.com\/www.shqiperia.com\/blog\/wp-content\/uploads\/2024\/03\/346045907_1603680073429937_2260536900947601506_n-1.jpg?resize=600%2C311&amp;ssl=1 600w, https:\/\/i0.wp.com\/www.shqiperia.com\/blog\/wp-content\/uploads\/2024\/03\/346045907_1603680073429937_2260536900947601506_n-1.jpg?resize=400%2C208&amp;ssl=1 400w, https:\/\/i0.wp.com\/www.shqiperia.com\/blog\/wp-content\/uploads\/2024\/03\/346045907_1603680073429937_2260536900947601506_n-1.jpg?w=800&amp;ssl=1 800w\" sizes=\"auto, (max-width: 1000px) 100vw, 1000px\" \/><\/p>\n<p>8 Mars 2024<\/p>\n<p>Presidenti turk, Tajip Erdogan, tha se zgjedhjet lokale t\u00eb planifikuara p\u00ebr 31 mars do t\u00eb jen\u00eb t\u00eb fundit p\u00ebr t\u00eb, njoftoi t\u00eb premten agjencia shtet\u00ebrore e lajmeve Anadolu.<\/p>\n<p>\u201cKjo \u00ebsht\u00eb nj\u00eb finale p\u00ebr mua, sipas mandatit t\u00eb dh\u00ebn\u00eb nga ligji, k\u00ebto jan\u00eb zgjedhjet e mia t\u00eb fundit,\u201d tha Erdogan.<\/p>\n<p>\u201cRezultati q\u00eb do t\u00eb dal\u00eb do t\u00eb jet\u00eb transferimi i nj\u00eb trash\u00ebgimie te v\u00ebllez\u00ebrit e motrat e mia q\u00eb do t\u00eb vijn\u00eb pas meje\u201d, citohet t\u00eb ket\u00eb th\u00ebn\u00eb ai nga Anadolu.<\/p>\n<p>Erdogan, politikani m\u00eb i jet\u00ebgjat\u00eb i Turqis\u00eb moderne, ka udh\u00ebhequr vendin p\u00ebr m\u00eb shum\u00eb se dy dekada.Ai ka fituar nj\u00eb s\u00ebr\u00eb q\u00eb nga viti 2002, Erdogan u rizgjodh p\u00ebr nj\u00eb mandat pes\u00eb-vje\u00e7ar gjat\u00eb zgjedhjeve t\u00eb kontestuara n\u00eb maj 2023.<\/p>\n","protected":false},"excerpt":{"rendered":"<p>8 Mars 2024 Presidenti turk, Tajip Erdogan, tha se zgjedhjet lokale t\u00eb planifikuara p\u00ebr 31 mars do t\u00eb jen\u00eb t\u00eb fundit p\u00ebr t\u00eb, njoftoi t\u00eb premten agjencia shtet\u00ebrore e lajmeve Anadolu. \u201cKjo \u00ebsht\u00eb nj\u00eb finale p\u00ebr mua, sipas mandatit t\u00eb dh\u00ebn\u00eb nga ligji, k\u00ebto jan\u00eb zgjedhjet e mia t\u00eb fundit,\u201d tha Erdogan. \u201cRezultati q\u00eb do [&hellip;]<\/p>\n","protected":false},"author":9,"featured_media":79042,"comment_status":"open","ping_status":"open","sticky":false,"template":"","format":"standard","meta":{"jetpack_post_was_ever_published":false,"_jetpack_newsletter_access":"","_jetpack_dont_email_post_to_subs":false,"_jetpack_newsletter_tier_id":0,"_jetpack_memberships_contains_paywalled_content":false,"_jetpack_memberships_contains_paid_content":false,"footnotes":"","jetpack_publicize_message":"","jetpack_publicize_feature_enabled":true,"jetpack_social_post_already_shared":true,"jetpack_social_options":{"image_generator_settings":{"template":"highway","default_image_id":0,"font":"","enabled":false},"version":2}},"categories":[27,1,2,14,35],"tags":[],"class_list":["post-79041","post","type-post","status-publish","format-standard","has-post-thumbnail","hentry","category-blogu-i-udhetarit","category-njoftime-shtypi","category-politika","category-press-releases","category-shoqerore"],"jetpack_publicize_connections":[],"jetpack_featured_media_url":"https:\/\/i0.wp.com\/www.shqiperia.com\/blog\/wp-content\/uploads\/2024\/03\/346045907_1603680073429937_2260536900947601506_n-1.jpg?fit=800%2C415&ssl=1","jetpack_sharing_enabled":true,"jetpack_shortlink":"https:\/\/wp.me\/p5Z6wp-kyR","jetpack-related-posts":[{"id":18288,"url":"https:\/\/www.shqiperia.com\/blog\/ndizen-tensionet-shperthimi-i-erdogan-nese-ka-nje-tiran-ne-bote-ai-je-ti\/","url_meta":{"origin":79041,"position":0},"title":"Ndizen tensionet\/ \u2018Shp\u00ebrthimi\u2019 i Erdogan: N\u00ebse ka nj\u00eb tiran n\u00eb bot\u00eb, ai je ti. &#8211;","author":"Kurt Farka","date":"March 14, 2019","format":false,"excerpt":"Ndizen tensionet\/ \u2018Shp\u00ebrthimi\u2019 i Erdogan: N\u00ebse ka nj\u00eb tiran n\u00eb bot\u00eb, ai je ti. - \u00a014 mars 2019. Duke iu referuar kryeministrit izrelit, Benjamin Netanyahu, presidenti turk, Recep Tayyip Erdo\u011fan, ka deklaruar se, \u201cN\u00ebse ka nj\u00eb tiran n\u00eb bot\u00eb, ai je ti q\u00eb masakron f\u00ebmij\u00ebt palestinez\u201d, raporton Anadolu Agency (AA).\u2026","rel":"","context":"In &quot;Blogu i Udh\u00ebtarit&quot;","block_context":{"text":"Blogu i Udh\u00ebtarit","link":"https:\/\/www.shqiperia.com\/blog\/category\/blogu-i-udhetarit\/"},"img":{"alt_text":"","src":"https:\/\/i0.wp.com\/www.shqiperia.com\/blog\/wp-content\/uploads\/2019\/03\/erdogan2.jpg?fit=692%2C375&ssl=1&resize=350%2C200","width":350,"height":200,"srcset":"https:\/\/i0.wp.com\/www.shqiperia.com\/blog\/wp-content\/uploads\/2019\/03\/erdogan2.jpg?fit=692%2C375&ssl=1&resize=350%2C200 1x, https:\/\/i0.wp.com\/www.shqiperia.com\/blog\/wp-content\/uploads\/2019\/03\/erdogan2.jpg?fit=692%2C375&ssl=1&resize=525%2C300 1.5x"},"classes":[]},{"id":79795,"url":"https:\/\/www.shqiperia.com\/blog\/opozita-shpall-fitoren-ne-stamboll-dhe-ankara-reuters-turqit-denuan-partine-e-erdogan-ne-zgjedhjet-lokale\/","url_meta":{"origin":79041,"position":1},"title":"Opozita shpall fitoren n\u00eb Stamboll dhe Ankara! Reuters: Turqit d\u00ebnuan partin\u00eb e Erdogan n\u00eb zgjedhjet lokale","author":"Kurt Farka","date":"April 1, 2024","format":false,"excerpt":"1 Prill 2024 Turqit d\u00ebnuan presidentin Recep Tayyip Erdogan dhe partin\u00eb e tij t\u00eb diel\u00ebn n\u00eb zgjedhjet lokale mbar\u00ebkomb\u00ebtare, t\u00eb cilat rikonfirmuan opozit\u00ebn si forc\u00eb politike dhe forcuan pozicionin e kryebashkiakut t\u00eb Stambollit, Ekrem Imamoglu si rivalin kryesor t\u00eb presidentit n\u00eb t\u00eb ardhmen. Me m\u00eb shum\u00eb se gjysm\u00ebn e votave\u2026","rel":"","context":"In &quot;Blogu i Udh\u00ebtarit&quot;","block_context":{"text":"Blogu i Udh\u00ebtarit","link":"https:\/\/www.shqiperia.com\/blog\/category\/blogu-i-udhetarit\/"},"img":{"alt_text":"","src":"https:\/\/i0.wp.com\/www.shqiperia.com\/blog\/wp-content\/uploads\/2024\/04\/Screenshot_2024-04-01-00-13-08-815-edit_com.android.chrome.jpg?fit=813%2C557&ssl=1&resize=350%2C200","width":350,"height":200,"srcset":"https:\/\/i0.wp.com\/www.shqiperia.com\/blog\/wp-content\/uploads\/2024\/04\/Screenshot_2024-04-01-00-13-08-815-edit_com.android.chrome.jpg?fit=813%2C557&ssl=1&resize=350%2C200 1x, https:\/\/i0.wp.com\/www.shqiperia.com\/blog\/wp-content\/uploads\/2024\/04\/Screenshot_2024-04-01-00-13-08-815-edit_com.android.chrome.jpg?fit=813%2C557&ssl=1&resize=525%2C300 1.5x, https:\/\/i0.wp.com\/www.shqiperia.com\/blog\/wp-content\/uploads\/2024\/04\/Screenshot_2024-04-01-00-13-08-815-edit_com.android.chrome.jpg?fit=813%2C557&ssl=1&resize=700%2C400 2x"},"classes":[]},{"id":77757,"url":"https:\/\/www.shqiperia.com\/blog\/erdogan-krijon-parti-ne-gjermani-dhe-fton-myslimanet-ti-bashkohen\/","url_meta":{"origin":79041,"position":2},"title":"Erdogan krijon parti n\u00eb Gjermani dhe fton mysliman\u00ebt t\u2019i bashkohen","author":"Kurt Farka","date":"January 30, 2024","format":false,"excerpt":"30 Janar 2024 Me nj\u00eb l\u00ebvizje politike surprizuese, presidenti turk, Rexhep Taip Erdogan, ka shokuar europian\u00ebt, teksa ka krijuar nj\u00eb parti politike n\u00eb Gjermani, e cila ka n\u00eb thelb t\u00eb programit t\u00eb saj luft\u00ebn kund\u00ebr racizmit mysliman. Partia e re, e cila pritet t\u00eb garoj\u00eb n\u00eb zgjedhjet europiane t\u00eb qershorit,\u2026","rel":"","context":"In &quot;Blogu i Udh\u00ebtarit&quot;","block_context":{"text":"Blogu i Udh\u00ebtarit","link":"https:\/\/www.shqiperia.com\/blog\/category\/blogu-i-udhetarit\/"},"img":{"alt_text":"","src":"https:\/\/i0.wp.com\/www.shqiperia.com\/blog\/wp-content\/uploads\/2024\/01\/800-0-13e1e33b57524d2f74970f2f59e58e73.jpg?fit=800%2C420&ssl=1&resize=350%2C200","width":350,"height":200,"srcset":"https:\/\/i0.wp.com\/www.shqiperia.com\/blog\/wp-content\/uploads\/2024\/01\/800-0-13e1e33b57524d2f74970f2f59e58e73.jpg?fit=800%2C420&ssl=1&resize=350%2C200 1x, https:\/\/i0.wp.com\/www.shqiperia.com\/blog\/wp-content\/uploads\/2024\/01\/800-0-13e1e33b57524d2f74970f2f59e58e73.jpg?fit=800%2C420&ssl=1&resize=525%2C300 1.5x, https:\/\/i0.wp.com\/www.shqiperia.com\/blog\/wp-content\/uploads\/2024\/01\/800-0-13e1e33b57524d2f74970f2f59e58e73.jpg?fit=800%2C420&ssl=1&resize=700%2C400 2x"},"classes":[]},{"id":71260,"url":"https:\/\/www.shqiperia.com\/blog\/rama-mesazh-per-zgjedhjet-ne-turqi-shume-mendojne-se-erdogan-eshte-i-ashper-por\/","url_meta":{"origin":79041,"position":3},"title":"Rama mesazh p\u00ebr zgjedhjet n\u00eb Turqi: &#8211; Shum\u00eb mendojn\u00eb se Erdogan \u00ebsht\u00eb i ashp\u00ebr, por\u2026","author":"Kurt Farka","date":"May 9, 2023","format":false,"excerpt":"9 Maji 2023 N\u00eb prag t\u00eb zgjedhjeve t\u00eb s\u00eb diel\u00ebs n\u00eb Turqi, ku pozita e Erdogan si president i vendit, pas 20 vitesh dyshohet n\u00eb rrezik, kryeministri Edi Rama ka d\u00ebrguar nj\u00eb videomesazh mb\u00ebshtetje n\u00eb drejtim t\u00eb tij. Sipas Ram\u00ebs presidenti turk Rexhep Tajip Erdogan ktheu syt\u00eb e bot\u00ebs drejt\u2026","rel":"","context":"In &quot;Blogu i Udh\u00ebtarit&quot;","block_context":{"text":"Blogu i Udh\u00ebtarit","link":"https:\/\/www.shqiperia.com\/blog\/category\/blogu-i-udhetarit\/"},"img":{"alt_text":"","src":"https:\/\/i0.wp.com\/www.shqiperia.com\/blog\/wp-content\/uploads\/2023\/05\/346045907_1603680073429937_2260536900947601506_n-1.jpg?fit=800%2C415&ssl=1&resize=350%2C200","width":350,"height":200,"srcset":"https:\/\/i0.wp.com\/www.shqiperia.com\/blog\/wp-content\/uploads\/2023\/05\/346045907_1603680073429937_2260536900947601506_n-1.jpg?fit=800%2C415&ssl=1&resize=350%2C200 1x, https:\/\/i0.wp.com\/www.shqiperia.com\/blog\/wp-content\/uploads\/2023\/05\/346045907_1603680073429937_2260536900947601506_n-1.jpg?fit=800%2C415&ssl=1&resize=525%2C300 1.5x, https:\/\/i0.wp.com\/www.shqiperia.com\/blog\/wp-content\/uploads\/2023\/05\/346045907_1603680073429937_2260536900947601506_n-1.jpg?fit=800%2C415&ssl=1&resize=700%2C400 2x"},"classes":[]},{"id":53198,"url":"https:\/\/www.shqiperia.com\/blog\/kjo-eshte-detyra-qe-mund-te-beje-nje-vella-i-madh\/","url_meta":{"origin":79041,"position":4},"title":"\u201cKjo \u00ebsht\u00eb detyra q\u00eb mund t\u00eb b\u00ebj\u00eb nj\u00eb v\u00eblla i madh\u201d.","author":"Kurt Farka","date":"January 17, 2022","format":false,"excerpt":"\u201cKjo \u00ebsht\u00eb detyra q\u00eb mund t\u00eb b\u00ebj\u00eb nj\u00eb v\u00eblla i madh\u201d. Lindita Nikolla zbulon bised\u00ebn me Erdogan, kujton lot\u00ebt gjat\u00eb dit\u00ebve pas t\u00ebrmetit 17 JANAR 2022 La\u00e7- Kryetarja e Kuvendit Lindita Nikolla nga La\u00e7i, ku dor\u00ebzohen sot p\u00ebr banor\u00ebt \u00e7el\u00ebsat e sht\u00ebpive t\u00eb reja t\u00eb nd\u00ebrtuara si dhurat\u00eb nga qeveria\u2026","rel":"","context":"In &quot;Blogu i Udh\u00ebtarit&quot;","block_context":{"text":"Blogu i Udh\u00ebtarit","link":"https:\/\/www.shqiperia.com\/blog\/category\/blogu-i-udhetarit\/"},"img":{"alt_text":"","src":"https:\/\/i0.wp.com\/www.shqiperia.com\/blog\/wp-content\/uploads\/2022\/01\/Linddita-Nikolla.jpg?fit=640%2C371&ssl=1&resize=350%2C200","width":350,"height":200,"srcset":"https:\/\/i0.wp.com\/www.shqiperia.com\/blog\/wp-content\/uploads\/2022\/01\/Linddita-Nikolla.jpg?fit=640%2C371&ssl=1&resize=350%2C200 1x, https:\/\/i0.wp.com\/www.shqiperia.com\/blog\/wp-content\/uploads\/2022\/01\/Linddita-Nikolla.jpg?fit=640%2C371&ssl=1&resize=525%2C300 1.5x"},"classes":[]},{"id":79806,"url":"https:\/\/www.shqiperia.com\/blog\/humbja-e-erdogan-ne-zgjedhjet-lokale-rel-opozita-ne-turqi-me-fitore-te-medha\/","url_meta":{"origin":79041,"position":5},"title":"Humbja e Erdogan n\u00eb zgjedhjet lokale.  REL: Opozita n\u00eb Turqi me fitore t\u00eb m\u00ebdha","author":"Kurt Farka","date":"April 1, 2024","format":false,"excerpt":"1 Prill 2024 Partia kryesore opozitare e Turqis\u00eb ruajti kontrollin e saj mbi qytetet ky\u00e7e dhe b\u00ebri fitime t\u00eb m\u00ebdha n\u00eb qytete tjera n\u00eb zgjedhjet lokale t\u00eb s\u00eb diel\u00ebs duke shqet\u00ebsuar presidentin Rexhep Tajip Erdogan, i cili kishte vendosur t\u00eb rimarr\u00eb kontrollin e atyre zonave urbane. Me m\u00eb shum\u00eb se\u2026","rel":"","context":"In &quot;Blogu i Udh\u00ebtarit&quot;","block_context":{"text":"Blogu i Udh\u00ebtarit","link":"https:\/\/www.shqiperia.com\/blog\/category\/blogu-i-udhetarit\/"},"img":{"alt_text":"","src":"https:\/\/i0.wp.com\/www.shqiperia.com\/blog\/wp-content\/uploads\/2024\/04\/800-0-660a77cc2e34a.jpg?fit=800%2C450&ssl=1&resize=350%2C200","width":350,"height":200,"srcset":"https:\/\/i0.wp.com\/www.shqiperia.com\/blog\/wp-content\/uploads\/2024\/04\/800-0-660a77cc2e34a.jpg?fit=800%2C450&ssl=1&resize=350%2C200 1x, https:\/\/i0.wp.com\/www.shqiperia.com\/blog\/wp-content\/uploads\/2024\/04\/800-0-660a77cc2e34a.jpg?fit=800%2C450&ssl=1&resize=525%2C300 1.5x, https:\/\/i0.wp.com\/www.shqiperia.com\/blog\/wp-content\/uploads\/2024\/04\/800-0-660a77cc2e34a.jpg?fit=800%2C450&ssl=1&resize=700%2C400 2x"},"classes":[]}],"_links":{"self":[{"href":"https:\/\/www.shqiperia.com\/blog\/wp-json\/wp\/v2\/posts\/79041","targetHints":{"allow":["GET"]}}],"collection":[{"href":"https:\/\/www.shqiperia.com\/blog\/wp-json\/wp\/v2\/posts"}],"about":[{"href":"https:\/\/www.shqiperia.com\/blog\/wp-json\/wp\/v2\/types\/post"}],"author":[{"embeddable":true,"href":"https:\/\/www.shqiperia.com\/blog\/wp-json\/wp\/v2\/users\/9"}],"replies":[{"embeddable":true,"href":"https:\/\/www.shqiperia.com\/blog\/wp-json\/wp\/v2\/comments?post=79041"}],"version-history":[{"count":1,"href":"https:\/\/www.shqiperia.com\/blog\/wp-json\/wp\/v2\/posts\/79041\/revisions"}],"predecessor-version":[{"id":79043,"href":"https:\/\/www.shqiperia.com\/blog\/wp-json\/wp\/v2\/posts\/79041\/revisions\/79043"}],"wp:featuredmedia":[{"embeddable":true,"href":"https:\/\/www.shqiperia.com\/blog\/wp-json\/wp\/v2\/media\/79042"}],"wp:attachment":[{"href":"https:\/\/www.shqiperia.com\/blog\/wp-json\/wp\/v2\/media?parent=79041"}],"wp:term":[{"taxonomy":"category","embeddable":true,"href":"https:\/\/www.shqiperia.com\/blog\/wp-json\/wp\/v2\/categories?post=79041"},{"taxonomy":"post_tag","embeddable":true,"href":"https:\/\/www.shqiperia.com\/blog\/wp-json\/wp\/v2\/tags?post=79041"}],"curies":[{"name":"wp","href":"https:\/\/api.w.org\/{rel}","templated":true}]}}