{"id":79036,"date":"2024-03-08T20:42:41","date_gmt":"2024-03-08T20:42:41","guid":{"rendered":"https:\/\/www.shqiperia.com\/blog\/?p=79036"},"modified":"2024-03-08T20:45:12","modified_gmt":"2024-03-08T20:45:12","slug":"grate-dhe-vajzat-bejne-veprimin-e-pazakonte-kete-8-mars-para-kryeminisrise-i-vene-zjarrin","status":"publish","type":"post","link":"https:\/\/www.shqiperia.com\/blog\/grate-dhe-vajzat-bejne-veprimin-e-pazakonte-kete-8-mars-para-kryeminisrise-i-vene-zjarrin\/","title":{"rendered":"Grat\u00eb dhe vajzat b\u00ebjn\u00eb veprimin e pazakont\u00eb k\u00ebt\u00eb 8 Mars. &#8211; Para kryeminisris\u00eb  i ven\u00eb zjarrin &#8230;."},"content":{"rendered":"<p><img data-recalc-dims=\"1\" loading=\"lazy\" decoding=\"async\" data-attachment-id=\"79037\" data-permalink=\"https:\/\/www.shqiperia.com\/blog\/grate-dhe-vajzat-bejne-veprimin-e-pazakonte-kete-8-mars-para-kryeminisrise-i-vene-zjarrin\/640-0-65eb7510726e6\/\" data-orig-file=\"https:\/\/i0.wp.com\/www.shqiperia.com\/blog\/wp-content\/uploads\/2024\/03\/640-0-65eb7510726e6.jpg?fit=640%2C361&amp;ssl=1\" data-orig-size=\"640,361\" data-comments-opened=\"1\" data-image-meta=\"{&quot;aperture&quot;:&quot;0&quot;,&quot;credit&quot;:&quot;&quot;,&quot;camera&quot;:&quot;&quot;,&quot;caption&quot;:&quot;&quot;,&quot;created_timestamp&quot;:&quot;0&quot;,&quot;copyright&quot;:&quot;&quot;,&quot;focal_length&quot;:&quot;0&quot;,&quot;iso&quot;:&quot;0&quot;,&quot;shutter_speed&quot;:&quot;0&quot;,&quot;title&quot;:&quot;&quot;,&quot;orientation&quot;:&quot;0&quot;}\" data-image-title=\"-640-0-65eb7510726e6\" data-image-description=\"\" data-image-caption=\"\" data-medium-file=\"https:\/\/i0.wp.com\/www.shqiperia.com\/blog\/wp-content\/uploads\/2024\/03\/640-0-65eb7510726e6.jpg?fit=300%2C169&amp;ssl=1\" data-large-file=\"https:\/\/i0.wp.com\/www.shqiperia.com\/blog\/wp-content\/uploads\/2024\/03\/640-0-65eb7510726e6.jpg?fit=640%2C361&amp;ssl=1\" class=\"alignnone wp-image-79037\" alt=\"\" src=\"https:\/\/i0.wp.com\/www.shqiperia.com\/blog\/wp-content\/uploads\/2024\/03\/640-0-65eb7510726e6.jpg?resize=857%2C483&#038;ssl=1\" width=\"857\" height=\"483\" srcset=\"https:\/\/i0.wp.com\/www.shqiperia.com\/blog\/wp-content\/uploads\/2024\/03\/640-0-65eb7510726e6.jpg?resize=300%2C169&amp;ssl=1 300w, https:\/\/i0.wp.com\/www.shqiperia.com\/blog\/wp-content\/uploads\/2024\/03\/640-0-65eb7510726e6.jpg?resize=450%2C254&amp;ssl=1 450w, https:\/\/i0.wp.com\/www.shqiperia.com\/blog\/wp-content\/uploads\/2024\/03\/640-0-65eb7510726e6.jpg?resize=600%2C338&amp;ssl=1 600w, https:\/\/i0.wp.com\/www.shqiperia.com\/blog\/wp-content\/uploads\/2024\/03\/640-0-65eb7510726e6.jpg?resize=400%2C226&amp;ssl=1 400w, https:\/\/i0.wp.com\/www.shqiperia.com\/blog\/wp-content\/uploads\/2024\/03\/640-0-65eb7510726e6.jpg?w=640&amp;ssl=1 640w\" sizes=\"auto, (max-width: 857px) 100vw, 857px\" \/><\/p>\n<p>8 Mars 2024<\/p>\n<p>K\u00ebt\u00eb 8 mars nj\u00eb grup grash dhe vajzash nuk kan\u00eb zgjedhur t\u00eb festojn\u00eb, por t\u00eb protestojn\u00eb.<\/p>\n<p>Marshimi nisi rreth or\u00ebs 18:00 nga Qyteti Studenti p\u00ebr t\u00eb p\u00ebrfunduar deri n\u00eb sheshin \u201cSk\u00ebnderbej\u201d teksa protesta u shoq\u00ebrua me thirrje dhe brohorima n\u00eb mb\u00ebshtetje t\u00eb grave dhe vajzave.<\/p>\n<div class=\"ad-wrap\">\n<div class=\"ad-box\">\n<div class=\"adsbyvli\" data-ad-slot=\"vi_207777569\" data-id=\"vi_207777569_1\"><\/div>\n<\/div>\n<\/div>\n<p><img data-recalc-dims=\"1\" loading=\"lazy\" decoding=\"async\" class=\"\" alt=\"Pas marshimit dhe pankartave provokuese, grat\u00eb dhe vajzat b\u00ebjn\u00eb\" src=\"https:\/\/i0.wp.com\/media.sot.com.al\/sot.com.al\/media3\/-640-0-65eb738847659.jpeg?resize=971%2C648&#038;ssl=1\" width=\"971\" height=\"648\" data-size=\"x\" data-id=\"778115\" \/><\/p>\n<p>Marshimi \u00ebsht\u00eb zgjedhur pik\u00ebrisht n\u00eb k\u00ebt\u00eb or\u00eb, si nj\u00eb shenj\u00eb proteste p\u00ebr rrug\u00ebt e pandri\u00e7uara dhe ku shum\u00eb gra e vajza rrezikojn\u00eb ngacmimet.<\/p>\n<p>Pasi marshuan me pankarta n\u00eb duar dhe me banderol\u00ebn ku shkruhej \u201cNata \u00ebsht\u00eb e jona\u201d, ato kan\u00eb ndezur nj\u00eb zjarr para kryeministris\u00eb ku kan\u00eb djegur re\u00e7ipetat n\u00eb shenj\u00eb revolte.<\/p>\n<p><img data-recalc-dims=\"1\" loading=\"lazy\" decoding=\"async\" class=\"\" alt=\"Pas marshimit dhe pankartave provokuese, grat\u00eb dhe vajzat b\u00ebjn\u00eb\" src=\"https:\/\/i0.wp.com\/media.sot.com.al\/sot.com.al\/media3\/-640-0-65eb7388d37de.png?resize=1046%2C743&#038;ssl=1\" width=\"1046\" height=\"743\" data-size=\"x\" data-id=\"778116\" \/><\/p>\n","protected":false},"excerpt":{"rendered":"<p>8 Mars 2024 K\u00ebt\u00eb 8 mars nj\u00eb grup grash dhe vajzash nuk kan\u00eb zgjedhur t\u00eb festojn\u00eb, por t\u00eb protestojn\u00eb. Marshimi nisi rreth or\u00ebs 18:00 nga Qyteti Studenti p\u00ebr t\u00eb p\u00ebrfunduar deri n\u00eb sheshin \u201cSk\u00ebnderbej\u201d teksa protesta u shoq\u00ebrua me thirrje dhe brohorima n\u00eb mb\u00ebshtetje t\u00eb grave dhe vajzave. Marshimi \u00ebsht\u00eb zgjedhur pik\u00ebrisht n\u00eb k\u00ebt\u00eb or\u00eb, [&hellip;]<\/p>\n","protected":false},"author":9,"featured_media":79037,"comment_status":"open","ping_status":"open","sticky":false,"template":"","format":"standard","meta":{"jetpack_post_was_ever_published":false,"_jetpack_newsletter_access":"","_jetpack_dont_email_post_to_subs":false,"_jetpack_newsletter_tier_id":0,"_jetpack_memberships_contains_paywalled_content":false,"_jetpack_memberships_contains_paid_content":false,"footnotes":"","jetpack_publicize_message":"","jetpack_publicize_feature_enabled":true,"jetpack_social_post_already_shared":true,"jetpack_social_options":{"image_generator_settings":{"template":"highway","default_image_id":0,"font":"","enabled":false},"version":2}},"categories":[27,1,14,35],"tags":[],"class_list":["post-79036","post","type-post","status-publish","format-standard","has-post-thumbnail","hentry","category-blogu-i-udhetarit","category-njoftime-shtypi","category-press-releases","category-shoqerore"],"jetpack_publicize_connections":[],"jetpack_featured_media_url":"https:\/\/i0.wp.com\/www.shqiperia.com\/blog\/wp-content\/uploads\/2024\/03\/640-0-65eb7510726e6.jpg?fit=640%2C361&ssl=1","jetpack_sharing_enabled":true,"jetpack_shortlink":"https:\/\/wp.me\/p5Z6wp-kyM","jetpack-related-posts":[{"id":14531,"url":"https:\/\/www.shqiperia.com\/blog\/nis-marshimi-i-studenteve-per-ti-thene-jo-dialogut-me-ramen\/","url_meta":{"origin":79036,"position":0},"title":"Nis marshimi i student\u00ebve p\u00ebr ti th\u00ebn\u00eb jo dialogut me Ram\u00ebn. &#8211;","author":"Kurt Farka","date":"December 10, 2018","format":false,"excerpt":"Nis marshimi i student\u00ebve p\u00ebr ti th\u00ebn\u00eb jo dialogut me Ram\u00ebn. - 10 Dhjetor, 2018 Asnje takim me Edi Ram\u00ebn dhe asnje komunikim me t\u00eb derinsa t\u00eb zgjidhen k\u00ebrkesat e plota. Me k\u00ebt\u00eb mofo.domt\u00eb vazhdoj\u00eb edhe sot protesta e student\u00ebve para ministris\u00eb megjith\u00ebse Rama ka k\u00ebrkuar komunikim dhe dialog n\u00eb\u2026","rel":"","context":"In &quot;Blogu i Udh\u00ebtarit&quot;","block_context":{"text":"Blogu i Udh\u00ebtarit","link":"https:\/\/www.shqiperia.com\/blog\/category\/blogu-i-udhetarit\/"},"img":{"alt_text":"","src":"https:\/\/i0.wp.com\/www.shqiperia.com\/blog\/wp-content\/uploads\/2018\/12\/lapsi-Copy.jpg?fit=1024%2C517&ssl=1&resize=350%2C200","width":350,"height":200,"srcset":"https:\/\/i0.wp.com\/www.shqiperia.com\/blog\/wp-content\/uploads\/2018\/12\/lapsi-Copy.jpg?fit=1024%2C517&ssl=1&resize=350%2C200 1x, https:\/\/i0.wp.com\/www.shqiperia.com\/blog\/wp-content\/uploads\/2018\/12\/lapsi-Copy.jpg?fit=1024%2C517&ssl=1&resize=525%2C300 1.5x, https:\/\/i0.wp.com\/www.shqiperia.com\/blog\/wp-content\/uploads\/2018\/12\/lapsi-Copy.jpg?fit=1024%2C517&ssl=1&resize=700%2C400 2x"},"classes":[]},{"id":30642,"url":"https:\/\/www.shqiperia.com\/blog\/vendet-e-tjera-kane-mafian-e-tyre-lubonja-ne-shqiperi-e-kunderta-mafia-ka-shtetin-e-vet\/","url_meta":{"origin":79036,"position":1},"title":"\u201cVendet e tjera kan\u00eb mafian e tyre\u201d\/ Lubonja: N\u00eb Shqip\u00ebri e kund\u00ebrta, mafia ka shtetin e vet","author":"Kurt Farka","date":"January 24, 2020","format":false,"excerpt":"\u201cVendet e tjera kan\u00eb mafian e tyre\u201d\/ Lubonja: N\u00eb Shqip\u00ebri e kund\u00ebrta, mafia ka shtetin e vet - 23\/01\/20 Nga mapo.al Analisti Fatos Lubonja thot\u00eb se n\u00eb Shqip\u00ebri mafia ka shtetin e vet. Ndryshe nga vendet e tjera si Italia, ku shteti ka mafien e vet si Camorra apo Ndragheta\u2026","rel":"","context":"In &quot;Blogu i Udh\u00ebtarit&quot;","block_context":{"text":"Blogu i Udh\u00ebtarit","link":"https:\/\/www.shqiperia.com\/blog\/category\/blogu-i-udhetarit\/"},"img":{"alt_text":"","src":"https:\/\/i0.wp.com\/www.shqiperia.com\/blog\/wp-content\/uploads\/2020\/01\/fatos-lubonja.jpg?fit=680%2C382&ssl=1&resize=350%2C200","width":350,"height":200,"srcset":"https:\/\/i0.wp.com\/www.shqiperia.com\/blog\/wp-content\/uploads\/2020\/01\/fatos-lubonja.jpg?fit=680%2C382&ssl=1&resize=350%2C200 1x, https:\/\/i0.wp.com\/www.shqiperia.com\/blog\/wp-content\/uploads\/2020\/01\/fatos-lubonja.jpg?fit=680%2C382&ssl=1&resize=525%2C300 1.5x"},"classes":[]},{"id":18511,"url":"https:\/\/www.shqiperia.com\/blog\/rama-si-asad-mos-i-helmo-femijet-marshimi-i-heshtur-i-te-rinjve-ne-tirane-kunder-perdorimit-te-gazit-lotsjelles-nga-policia\/","url_meta":{"origin":79036,"position":2},"title":"\u201cRama si Asad. Mos i helmo f\u00ebmij\u00ebt\u201d, marshimi i heshtur i t\u00eb rinjve n\u00eb Tiran\u00eb kund\u00ebr p\u00ebrdorimit t\u00eb gazit lotsjell\u00ebs nga policia. &#8211;","author":"Kurt Farka","date":"March 18, 2019","format":false,"excerpt":"\u201cRama si Asad. Mos i helmo f\u00ebmij\u00ebt\u201d, marshimi i heshtur i t\u00eb rinjve n\u00eb Tiran\u00eb kund\u00ebr p\u00ebrdorimit t\u00eb gazit lotsjell\u00ebs nga policia. - 17 Mars, 2019. \u00a0 Krahas festimeve p\u00ebr \u201cDit\u00ebn e Ver\u00ebs\u201d, sot n\u00eb kryeqytet \u00ebsht\u00eb zhvilluar dhe nj\u00eb marshim i heshtur dhe paq\u00ebsor me f\u00ebmij\u00eb dhe t\u00eb rinj,\u2026","rel":"","context":"In &quot;Blogu i Udh\u00ebtarit&quot;","block_context":{"text":"Blogu i Udh\u00ebtarit","link":"https:\/\/www.shqiperia.com\/blog\/category\/blogu-i-udhetarit\/"},"img":{"alt_text":"","src":"https:\/\/i0.wp.com\/www.shqiperia.com\/blog\/wp-content\/uploads\/2019\/03\/kund%C3%ABr-p%C3%ABrdorimit-t%C3%AB-gazit-lotsjell%C3%ABs-nga-policia.jpg?fit=1080%2C622&ssl=1&resize=350%2C200","width":350,"height":200,"srcset":"https:\/\/i0.wp.com\/www.shqiperia.com\/blog\/wp-content\/uploads\/2019\/03\/kund%C3%ABr-p%C3%ABrdorimit-t%C3%AB-gazit-lotsjell%C3%ABs-nga-policia.jpg?fit=1080%2C622&ssl=1&resize=350%2C200 1x, https:\/\/i0.wp.com\/www.shqiperia.com\/blog\/wp-content\/uploads\/2019\/03\/kund%C3%ABr-p%C3%ABrdorimit-t%C3%AB-gazit-lotsjell%C3%ABs-nga-policia.jpg?fit=1080%2C622&ssl=1&resize=525%2C300 1.5x, https:\/\/i0.wp.com\/www.shqiperia.com\/blog\/wp-content\/uploads\/2019\/03\/kund%C3%ABr-p%C3%ABrdorimit-t%C3%AB-gazit-lotsjell%C3%ABs-nga-policia.jpg?fit=1080%2C622&ssl=1&resize=700%2C400 2x, https:\/\/i0.wp.com\/www.shqiperia.com\/blog\/wp-content\/uploads\/2019\/03\/kund%C3%ABr-p%C3%ABrdorimit-t%C3%AB-gazit-lotsjell%C3%ABs-nga-policia.jpg?fit=1080%2C622&ssl=1&resize=1050%2C600 3x"},"classes":[]},{"id":57643,"url":"https:\/\/www.shqiperia.com\/blog\/shkodra-feston-diten-e-luleve-6-maji-kthehet-ne-tradite\/","url_meta":{"origin":79036,"position":3},"title":"Shkodra feston dit\u00ebn e luleve, 6 maji kthehet n\u00eb tradit\u00eb","author":"Kurt Farka","date":"May 6, 2022","format":false,"excerpt":"Shkodra feston dit\u00ebn e luleve, 6 maji kthehet n\u00eb tradit\u00eb 6 Maj 2022 Shkodran\u00ebt festojn\u00eb prej 30 vitesh mes lulesh e k\u00ebng\u00ebsh ardhjen e pranver\u00ebs. 6 Maji \u00ebsht\u00eb kthyer tashme n\u00eb nj\u00eb fest\u00eb tradicionale q\u00eb prej vitesh b\u00ebn bashk\u00eb t\u00eb vegj\u00ebl dhe t\u00eb m\u00ebdhenj, ku t\u00eb gjith\u00eb i k\u00ebndojn\u00eb luleve\u2026","rel":"","context":"In &quot;Blogu i Udh\u00ebtarit&quot;","block_context":{"text":"Blogu i Udh\u00ebtarit","link":"https:\/\/www.shqiperia.com\/blog\/category\/blogu-i-udhetarit\/"},"img":{"alt_text":"","src":"https:\/\/i0.wp.com\/www.shqiperia.com\/blog\/wp-content\/uploads\/2022\/05\/Shkodra-feston-diten-e-luleve-6-maji-kthehet-ne-tradite-4.jpg?fit=800%2C471&ssl=1&resize=350%2C200","width":350,"height":200,"srcset":"https:\/\/i0.wp.com\/www.shqiperia.com\/blog\/wp-content\/uploads\/2022\/05\/Shkodra-feston-diten-e-luleve-6-maji-kthehet-ne-tradite-4.jpg?fit=800%2C471&ssl=1&resize=350%2C200 1x, https:\/\/i0.wp.com\/www.shqiperia.com\/blog\/wp-content\/uploads\/2022\/05\/Shkodra-feston-diten-e-luleve-6-maji-kthehet-ne-tradite-4.jpg?fit=800%2C471&ssl=1&resize=525%2C300 1.5x, https:\/\/i0.wp.com\/www.shqiperia.com\/blog\/wp-content\/uploads\/2022\/05\/Shkodra-feston-diten-e-luleve-6-maji-kthehet-ne-tradite-4.jpg?fit=800%2C471&ssl=1&resize=700%2C400 2x"},"classes":[]},{"id":98468,"url":"https:\/\/www.shqiperia.com\/blog\/sulmi-kibernetik-ndaj-kuvendit-dervishi-nuk-u-be-nga-irani-por-njerezit-qe-kontrollonin-akshi-n\/","url_meta":{"origin":79036,"position":4},"title":"Sulmi kibernetik ndaj Kuvendit\/ Dervishi: Nuk u b\u00eb nga Irani, por njer\u00ebzit q\u00eb kontrollonin AKSHI-n","author":"Kurt Farka","date":"March 18, 2026","format":false,"excerpt":"18 Mars 2026 Gazetari Ferdinand Dervishi ka deklaruar se sulmi kibernetik ndaj Kuvendit, nuk ishte nga hekerat iranian\u00eb, por njer\u00ebzit q\u00eb kontrollonin AKSHI-n. Sipas Dervishit ata k\u00ebrkojn\u00eb t\u00eb thon\u00eb q\u00eb jan\u00eb t\u00eb paz\u00ebvend\u00ebsuesh\u00ebm dhe se k\u00ebrkojn\u00eb mbrojtje. \u201cU kalua shum\u00eb n\u00eb heshtje kjo histori. Kemi sulm t\u00eb armatosur ndaj Iranit\u2026","rel":"","context":"In &quot;Blogu i Udh\u00ebtarit&quot;","block_context":{"text":"Blogu i Udh\u00ebtarit","link":"https:\/\/www.shqiperia.com\/blog\/category\/blogu-i-udhetarit\/"},"img":{"alt_text":"","src":"https:\/\/i0.wp.com\/www.shqiperia.com\/blog\/wp-content\/uploads\/2026\/03\/Capture-344.jpg?fit=791%2C439&ssl=1&resize=350%2C200","width":350,"height":200,"srcset":"https:\/\/i0.wp.com\/www.shqiperia.com\/blog\/wp-content\/uploads\/2026\/03\/Capture-344.jpg?fit=791%2C439&ssl=1&resize=350%2C200 1x, https:\/\/i0.wp.com\/www.shqiperia.com\/blog\/wp-content\/uploads\/2026\/03\/Capture-344.jpg?fit=791%2C439&ssl=1&resize=525%2C300 1.5x, https:\/\/i0.wp.com\/www.shqiperia.com\/blog\/wp-content\/uploads\/2026\/03\/Capture-344.jpg?fit=791%2C439&ssl=1&resize=700%2C400 2x"},"classes":[]},{"id":97504,"url":"https:\/\/www.shqiperia.com\/blog\/itali-proteste-ne-milano-kunder-lojerave-olimpike-policia-hedh-uje-me-presion-drejt-turmes-se-njerezve\/","url_meta":{"origin":79036,"position":5},"title":"Itali\/ Protest\u00eb n\u00eb Milano kund\u00ebr Loj\u00ebrave Olimpike, policia hedh uj\u00eb me presion drejt turm\u00ebs s\u00eb njer\u00ebzve","author":"Kurt Farka","date":"February 8, 2026","format":false,"excerpt":"8 Shkurt 2026 Marshimi u hap dje me pankarta q\u00eb d\u00ebnonin prerjen e pem\u00ebve n\u00eb disa nga zonat ku do t\u00eb zhvillohen garat olimpike. Rreth 5 mij\u00eb persona kan\u00eb protestuar n\u00eb Milano kund\u00ebr zhvillimit t\u00eb Loj\u00ebrave Olimpike Dim\u00ebrore, ceremonia hap\u00ebse e t\u00eb cilave u mbajt t\u00eb enjten. Protesta u shoq\u00ebrua\u2026","rel":"","context":"In &quot;Blogu i Udh\u00ebtarit&quot;","block_context":{"text":"Blogu i Udh\u00ebtarit","link":"https:\/\/www.shqiperia.com\/blog\/category\/blogu-i-udhetarit\/"},"img":{"alt_text":"","src":"https:\/\/i0.wp.com\/www.shqiperia.com\/blog\/wp-content\/uploads\/2026\/02\/milano.jpg?fit=867%2C592&ssl=1&resize=350%2C200","width":350,"height":200,"srcset":"https:\/\/i0.wp.com\/www.shqiperia.com\/blog\/wp-content\/uploads\/2026\/02\/milano.jpg?fit=867%2C592&ssl=1&resize=350%2C200 1x, https:\/\/i0.wp.com\/www.shqiperia.com\/blog\/wp-content\/uploads\/2026\/02\/milano.jpg?fit=867%2C592&ssl=1&resize=525%2C300 1.5x, https:\/\/i0.wp.com\/www.shqiperia.com\/blog\/wp-content\/uploads\/2026\/02\/milano.jpg?fit=867%2C592&ssl=1&resize=700%2C400 2x"},"classes":[]}],"_links":{"self":[{"href":"https:\/\/www.shqiperia.com\/blog\/wp-json\/wp\/v2\/posts\/79036","targetHints":{"allow":["GET"]}}],"collection":[{"href":"https:\/\/www.shqiperia.com\/blog\/wp-json\/wp\/v2\/posts"}],"about":[{"href":"https:\/\/www.shqiperia.com\/blog\/wp-json\/wp\/v2\/types\/post"}],"author":[{"embeddable":true,"href":"https:\/\/www.shqiperia.com\/blog\/wp-json\/wp\/v2\/users\/9"}],"replies":[{"embeddable":true,"href":"https:\/\/www.shqiperia.com\/blog\/wp-json\/wp\/v2\/comments?post=79036"}],"version-history":[{"count":3,"href":"https:\/\/www.shqiperia.com\/blog\/wp-json\/wp\/v2\/posts\/79036\/revisions"}],"predecessor-version":[{"id":79040,"href":"https:\/\/www.shqiperia.com\/blog\/wp-json\/wp\/v2\/posts\/79036\/revisions\/79040"}],"wp:featuredmedia":[{"embeddable":true,"href":"https:\/\/www.shqiperia.com\/blog\/wp-json\/wp\/v2\/media\/79037"}],"wp:attachment":[{"href":"https:\/\/www.shqiperia.com\/blog\/wp-json\/wp\/v2\/media?parent=79036"}],"wp:term":[{"taxonomy":"category","embeddable":true,"href":"https:\/\/www.shqiperia.com\/blog\/wp-json\/wp\/v2\/categories?post=79036"},{"taxonomy":"post_tag","embeddable":true,"href":"https:\/\/www.shqiperia.com\/blog\/wp-json\/wp\/v2\/tags?post=79036"}],"curies":[{"name":"wp","href":"https:\/\/api.w.org\/{rel}","templated":true}]}}