{"id":79032,"date":"2024-03-08T09:08:53","date_gmt":"2024-03-08T09:08:53","guid":{"rendered":"https:\/\/www.shqiperia.com\/blog\/?p=79032"},"modified":"2024-03-08T09:09:50","modified_gmt":"2024-03-08T09:09:50","slug":"ky-eshte-fshati-i-vogel-ne-france-me-15-librari-dhe-800-banore","status":"publish","type":"post","link":"https:\/\/www.shqiperia.com\/blog\/ky-eshte-fshati-i-vogel-ne-france-me-15-librari-dhe-800-banore\/","title":{"rendered":"Ky \u00ebsht\u00eb fshati i vog\u00ebl n\u00eb Franc\u00eb me 15 Librari dhe 800 banor\u00eb"},"content":{"rendered":"<p><img data-recalc-dims=\"1\" loading=\"lazy\" decoding=\"async\" data-attachment-id=\"79033\" data-permalink=\"https:\/\/www.shqiperia.com\/blog\/ky-eshte-fshati-i-vogel-ne-france-me-15-librari-dhe-800-banore\/librarie\/\" data-orig-file=\"https:\/\/i0.wp.com\/www.shqiperia.com\/blog\/wp-content\/uploads\/2024\/03\/librarie.jpg?fit=464%2C321&amp;ssl=1\" data-orig-size=\"464,321\" data-comments-opened=\"1\" data-image-meta=\"{&quot;aperture&quot;:&quot;0&quot;,&quot;credit&quot;:&quot;Web 5&quot;,&quot;camera&quot;:&quot;&quot;,&quot;caption&quot;:&quot;&quot;,&quot;created_timestamp&quot;:&quot;1709827054&quot;,&quot;copyright&quot;:&quot;&quot;,&quot;focal_length&quot;:&quot;0&quot;,&quot;iso&quot;:&quot;0&quot;,&quot;shutter_speed&quot;:&quot;0&quot;,&quot;title&quot;:&quot;&quot;,&quot;orientation&quot;:&quot;0&quot;}\" data-image-title=\"librarie\" data-image-description=\"\" data-image-caption=\"\" data-medium-file=\"https:\/\/i0.wp.com\/www.shqiperia.com\/blog\/wp-content\/uploads\/2024\/03\/librarie.jpg?fit=300%2C208&amp;ssl=1\" data-large-file=\"https:\/\/i0.wp.com\/www.shqiperia.com\/blog\/wp-content\/uploads\/2024\/03\/librarie.jpg?fit=464%2C321&amp;ssl=1\" class=\"alignnone wp-image-79033\" alt=\"\" src=\"https:\/\/i0.wp.com\/www.shqiperia.com\/blog\/wp-content\/uploads\/2024\/03\/librarie.jpg?resize=802%2C556&#038;ssl=1\" width=\"802\" height=\"556\" srcset=\"https:\/\/i0.wp.com\/www.shqiperia.com\/blog\/wp-content\/uploads\/2024\/03\/librarie.jpg?resize=300%2C208&amp;ssl=1 300w, https:\/\/i0.wp.com\/www.shqiperia.com\/blog\/wp-content\/uploads\/2024\/03\/librarie.jpg?resize=450%2C311&amp;ssl=1 450w, https:\/\/i0.wp.com\/www.shqiperia.com\/blog\/wp-content\/uploads\/2024\/03\/librarie.jpg?resize=400%2C277&amp;ssl=1 400w, https:\/\/i0.wp.com\/www.shqiperia.com\/blog\/wp-content\/uploads\/2024\/03\/librarie.jpg?w=464&amp;ssl=1 464w\" sizes=\"auto, (max-width: 802px) 100vw, 802px\" \/><\/p>\n<p>8 Mars 2024<\/p>\n<p>Ndodhet n\u00eb nj\u00eb vend pran\u00eb maleve t\u00eb Pirenejve. Ka vet\u00ebm 800 banor\u00eb, as bankomat, por ka 15 librari.<\/p>\n<p>Fshati Montolier i njohur si \u201cVillage Du Livre\u201d zyrtar, pra nj\u00eb \u201cqytet librash\u201d n\u00eb jug t\u00eb Franc\u00ebs. Dhe mund t\u00eb mos jet\u00eb e vetmja zon\u00eb ku hasni shum\u00eb librari, por ajo q\u00eb e b\u00ebn k\u00ebt\u00eb fshat t\u00eb ve\u00e7ant\u00eb \u00ebsht\u00eb se ai nuk \u00ebsht\u00eb i fokusuar vet\u00ebm n\u00eb shitjen e librave, por edhe n\u00eb krijimin e tyre.<\/p>\n<p><img data-recalc-dims=\"1\" loading=\"lazy\" decoding=\"async\" class=\"alignnone size-full wp-image-1855361\" alt=\"\" src=\"https:\/\/i0.wp.com\/abcnews.al\/wp-content\/uploads\/2024\/03\/linra.jpg?resize=408%2C566&#038;ssl=1\" width=\"408\" height=\"566\" \/><\/p>\n<p>Disa nga librarit\u00eb q\u00eb bien n\u00eb sy jan\u00eb\u00a0L\u2019Art et la Mani\u00e8re, e cila fokusohet n\u00eb librat e artit,\u00a0Mam\u00e9zon\u00a0me nj\u00eb koleksion t\u00eb madh t\u00eb librave komike dhe\u00a0Contes et Gribouilles, me libra p\u00ebr f\u00ebmij\u00eb.<\/p>\n<div class=\"desktopii\"><\/div>\n<p><img data-recalc-dims=\"1\" loading=\"lazy\" decoding=\"async\" class=\"alignnone size-full wp-image-1855358\" alt=\"\" src=\"https:\/\/i0.wp.com\/abcnews.al\/wp-content\/uploads\/2024\/03\/librarie.jpg?resize=464%2C536&#038;ssl=1\" width=\"464\" height=\"536\" \/><\/p>\n<p>Duke folur p\u00ebr<strong>\u00a0BBC<\/strong>, Gael Ferradini, drejtori i ri i\u00a0Mus\u00e9e des Arts et M\u00e9tiers, vuri n\u00eb dukje se kjo ishte \u201cnj\u00eb\u00a0ide krejt\u00ebsisht\u00a0jokonvencionale\u201d.\u00a0Sot,\u00a0muzeu\u00a0jo vet\u00ebm q\u00eb pret ekspozita mbi sistemet dhe makinat e shkrimit, por edhe seminare t\u00eb rregullta tre-or\u00ebshe, t\u00eb m\u00ebsuara nga 12 artist\u00eb nga Jugu i Franc\u00ebs, t\u00eb cil\u00ebt vijn\u00eb p\u00ebr t\u00eb ndar\u00eb mjesht\u00ebrin\u00eb e tyre t\u00eb l\u00ebnd\u00ebve q\u00eb lidhen me letr\u00ebn, gdhendjen ose kaligrafin\u00eb latine.<\/p>\n<p>Fshati ndodhet midis dy lumenjve Dure dhe Alzeau.<\/p>\n<p>Uj\u00ebrat e tyre krijuan energji p\u00ebr industrin\u00eb e tekstilit t\u00eb shekullit t\u00eb 19-t\u00eb. N\u00eb Montolier, sezoni turistik fillon me nj\u00eb pazar t\u00eb madh librash n\u00eb dit\u00ebt e Pashk\u00ebve, dhe n\u00eb ver\u00eb nj\u00eb fabrik\u00eb tekstili e shekullit t\u00eb 18-t\u00eb b\u00ebhet nj\u00eb vend ku organizohen ekspozita dhe koncerte.<\/p>\n<p><img data-recalc-dims=\"1\" loading=\"lazy\" decoding=\"async\" class=\"alignnone size-full wp-image-1855362\" alt=\"\" src=\"https:\/\/i0.wp.com\/abcnews.al\/wp-content\/uploads\/2024\/03\/libraria.jpg?resize=447%2C440&#038;ssl=1\" width=\"447\" height=\"440\" \/><\/p>\n","protected":false},"excerpt":{"rendered":"<p>8 Mars 2024 Ndodhet n\u00eb nj\u00eb vend pran\u00eb maleve t\u00eb Pirenejve. Ka vet\u00ebm 800 banor\u00eb, as bankomat, por ka 15 librari. Fshati Montolier i njohur si \u201cVillage Du Livre\u201d zyrtar, pra nj\u00eb \u201cqytet librash\u201d n\u00eb jug t\u00eb Franc\u00ebs. Dhe mund t\u00eb mos jet\u00eb e vetmja zon\u00eb ku hasni shum\u00eb librari, por ajo q\u00eb e b\u00ebn [&hellip;]<\/p>\n","protected":false},"author":9,"featured_media":79033,"comment_status":"open","ping_status":"open","sticky":false,"template":"","format":"standard","meta":{"jetpack_post_was_ever_published":false,"_jetpack_newsletter_access":"","_jetpack_dont_email_post_to_subs":false,"_jetpack_newsletter_tier_id":0,"_jetpack_memberships_contains_paywalled_content":false,"_jetpack_memberships_contains_paid_content":false,"footnotes":"","jetpack_publicize_message":"","jetpack_publicize_feature_enabled":true,"jetpack_social_post_already_shared":true,"jetpack_social_options":{"image_generator_settings":{"template":"highway","default_image_id":0,"font":"","enabled":false},"version":2}},"categories":[27,10,1,86],"tags":[],"class_list":["post-79032","post","type-post","status-publish","format-standard","has-post-thumbnail","hentry","category-blogu-i-udhetarit","category-kultura","category-njoftime-shtypi","category-trashegimi-kulturore"],"jetpack_publicize_connections":[],"jetpack_featured_media_url":"https:\/\/i0.wp.com\/www.shqiperia.com\/blog\/wp-content\/uploads\/2024\/03\/librarie.jpg?fit=464%2C321&ssl=1","jetpack_sharing_enabled":true,"jetpack_shortlink":"https:\/\/wp.me\/p5Z6wp-kyI","jetpack-related-posts":[{"id":62631,"url":"https:\/\/www.shqiperia.com\/blog\/fshati-ballkanik-me-3-banore-me-biblioteke-20000-libra-dhe-harta-te-shek-xiv-xxi\/","url_meta":{"origin":79032,"position":0},"title":"Fshati ballkanik me 3 banore me Biblioteke 20000 libra dhe harta te shek. XIV &#8211; XXI","author":"Kurt Farka","date":"September 24, 2022","format":false,"excerpt":"24 Shtator 2022 Nj\u00eb biblioteke m\u00eb t\u00eb pakt\u00ebn 20 mij\u00eb tituj n\u00eb nj\u00eb fshtat t\u00eb braktisur t\u00eb Maqedonis\u00eb s\u00eb Veriut t\u00ebrheq \u00e7do vit me qindra vizitor\u00eb. I quajtur ndryshe fshati i iluminizmit dhe edukimit, Babino sot \u00ebsht\u00eb kthyer n\u00eb nj\u00eb qend\u00ebr mikprit\u00ebse kulturore. Vite m\u00eb par\u00eb, nj\u00ebr\u00ebzit e braktis\u00ebn fshatin\u2026","rel":"","context":"In &quot;Arte&quot;","block_context":{"text":"Arte","link":"https:\/\/www.shqiperia.com\/blog\/category\/arte\/"},"img":{"alt_text":"","src":"https:\/\/i0.wp.com\/www.shqiperia.com\/blog\/wp-content\/uploads\/2022\/09\/Fshati-ballkanik-me-3-banore-me-Biblioteke-20000-libra-dhe-harta-te-shek.-XIV-XXI.jpg?fit=640%2C383&ssl=1&resize=350%2C200","width":350,"height":200,"srcset":"https:\/\/i0.wp.com\/www.shqiperia.com\/blog\/wp-content\/uploads\/2022\/09\/Fshati-ballkanik-me-3-banore-me-Biblioteke-20000-libra-dhe-harta-te-shek.-XIV-XXI.jpg?fit=640%2C383&ssl=1&resize=350%2C200 1x, https:\/\/i0.wp.com\/www.shqiperia.com\/blog\/wp-content\/uploads\/2022\/09\/Fshati-ballkanik-me-3-banore-me-Biblioteke-20000-libra-dhe-harta-te-shek.-XIV-XXI.jpg?fit=640%2C383&ssl=1&resize=525%2C300 1.5x"},"classes":[]},{"id":1202,"url":"https:\/\/www.shqiperia.com\/blog\/arti-si-mekat-ismail-kadarese-doli-ne-librari\/","url_meta":{"origin":79032,"position":1},"title":"\u201cArti si m\u00ebkat\u201d i Ismail Kadarese doli ne librari.","author":"Kurt Farka","date":"January 13, 2018","format":false,"excerpt":"Doli ne n\u00eb shitje librin e tij t\u00eb ri t\u00eb titullar \u201cArti si m\u00ebkat\u201d i Ismail Kadarese. N\u00eb faqen zyrtare t\u00eb \u201cOnufrit\u201d gjithashtu \u00ebsht\u00eb publikuar edhe nj\u00eb fragment nga libri. \u201cKa dy fate artist\u00ebsh. Nj\u00eb pal\u00eb lindin dhe rriten n\u00eb sht\u00ebpi ku arti ka hyr\u00eb, nd\u00ebrkaq: biblioteka \u00ebsht\u00eb plot me\u2026","rel":"","context":"In &quot;Njoftime Shtypi&quot;","block_context":{"text":"Njoftime Shtypi","link":"https:\/\/www.shqiperia.com\/blog\/category\/njoftime-shtypi\/"},"img":{"alt_text":"","src":"https:\/\/i0.wp.com\/www.shqiperia.com\/blog\/wp-content\/uploads\/2018\/01\/Ismail-Kadare-1-197x300.jpg?resize=350%2C200","width":350,"height":200},"classes":[]},{"id":57149,"url":"https:\/\/www.shqiperia.com\/blog\/trishtuese-njihuni-me-fshatin-e-sarandes-qe-ka-vetem-5-banore-24-prill-2022\/","url_meta":{"origin":79032,"position":2},"title":"Trishtuese! &#8211; Njihuni me fshatin e Sarand\u00ebs q\u00eb ka vet\u00ebm 5 banor\u00eb. \u202624 PRILL 2022","author":"Kurt Farka","date":"April 24, 2022","format":false,"excerpt":"Trishtuese! - Njihuni me fshatin e Sarand\u00ebs q\u00eb ka vet\u00ebm 5 banor\u00eb. \u202624 PRILL 2022 GAZETA SHQIP E rrall\u00eb por edhe e trishtuese! K\u00ebto jan\u00eb fjal\u00ebt q\u00eb p\u00ebrshkruajn\u00eb fshatin Sirikat n\u00eb Sarand\u00eb i cili ka vet\u00ebm 5 banor\u00eb. Nj\u00eb nd\u00ebr 5 banor\u00ebt \u00ebsht\u00eb dhe nj\u00eb 34-vje\u00e7ar i cili refuzon t\u00eb\u2026","rel":"","context":"In &quot;Blogu i Udh\u00ebtarit&quot;","block_context":{"text":"Blogu i Udh\u00ebtarit","link":"https:\/\/www.shqiperia.com\/blog\/category\/blogu-i-udhetarit\/"},"img":{"alt_text":"","src":"https:\/\/i0.wp.com\/www.shqiperia.com\/blog\/wp-content\/uploads\/2022\/04\/Trishtuese-Njihuni-me-fshatin-e-Sarandes-qe-ka-vetem-5-banore.png?fit=640%2C317&ssl=1&resize=350%2C200","width":350,"height":200,"srcset":"https:\/\/i0.wp.com\/www.shqiperia.com\/blog\/wp-content\/uploads\/2022\/04\/Trishtuese-Njihuni-me-fshatin-e-Sarandes-qe-ka-vetem-5-banore.png?fit=640%2C317&ssl=1&resize=350%2C200 1x, https:\/\/i0.wp.com\/www.shqiperia.com\/blog\/wp-content\/uploads\/2022\/04\/Trishtuese-Njihuni-me-fshatin-e-Sarandes-qe-ka-vetem-5-banore.png?fit=640%2C317&ssl=1&resize=525%2C300 1.5x"},"classes":[]},{"id":71631,"url":"https:\/\/www.shqiperia.com\/blog\/zbulim-interesant-i-bibliotekes-antike-ne-mongoli\/","url_meta":{"origin":79032,"position":3},"title":"Zbulim interesant i bibliotekes antike n\u00eb Mongoli","author":"Kurt Farka","date":"May 22, 2023","format":false,"excerpt":"22 Maji 2023 Koh\u00ebt e fundit \u00ebsht\u00eb zbuluar nj\u00eb biblioteke e fshehur me shekuj prapa nj\u00eb muri t\u00eb gj\u00ebr\u00eb 57 metra dhe t\u00eb gjat\u00eb 100 metra n\u00eb Mongoli! Llogaritet se ajo daton nga koha e Halifatit Abasid me \u00e7\u2019rast mongol\u00ebt pas masakrave t\u00eb m\u00ebdha q\u00eb b\u00ebn\u00eb n\u00eb Bagdad dhe djegjes\u2026","rel":"","context":"In &quot;Arte&quot;","block_context":{"text":"Arte","link":"https:\/\/www.shqiperia.com\/blog\/category\/arte\/"},"img":{"alt_text":"","src":"https:\/\/i0.wp.com\/www.shqiperia.com\/blog\/wp-content\/uploads\/2023\/05\/Foto-ilustruese.png?fit=500%2C303&ssl=1&resize=350%2C200","width":350,"height":200},"classes":[]},{"id":74091,"url":"https:\/\/www.shqiperia.com\/blog\/analfabetizmi-funksional-shqiptaret-po-lexojne-gjithnje-e-me-pak-nga-taksat-e-larta-tek-pirateria-ja-veshtiresite-qe-hasin-botuesit\/","url_meta":{"origin":79032,"position":4},"title":"Analfabetizmi funksional &#8211; Shqiptar\u00ebt po lexojn\u00eb gjithnj\u00eb e m\u00eb pak! Nga taksat e larta, tek pirateria, ja v\u00ebshtir\u00ebsit\u00eb q\u00eb hasin botuesit","author":"Kurt Farka","date":"September 9, 2023","format":false,"excerpt":"9 Shtator 2023 Kjo industri \u00ebsht\u00eb nj\u00eb reflektim i sfidave q\u00eb ka shoq\u00ebria shqiptare n\u00eb p\u00ebrgjith\u00ebsi, ndon\u00ebse ka shfaqur potencial t\u00eb jasht\u00ebzakonsh\u00ebm p\u00ebr t\u00eb kontribuar n\u00eb rritjen kulturore dhe intelektuale t\u00eb vendit. Librat kan\u00eb gjithmon\u00eb luajtur nj\u00eb rol ky\u00e7 n\u00eb formimin e identitetit kulturor t\u00eb nj\u00eb kombi. N\u00eb Shqip\u00ebri, pas\u2026","rel":"","context":"In &quot;Blogu i Udh\u00ebtarit&quot;","block_context":{"text":"Blogu i Udh\u00ebtarit","link":"https:\/\/www.shqiperia.com\/blog\/category\/blogu-i-udhetarit\/"},"img":{"alt_text":"","src":"https:\/\/i0.wp.com\/www.shqiperia.com\/blog\/wp-content\/uploads\/2023\/09\/640-0-ba000d75c9ba5f43b53c75119ae3945f.jpg?fit=640%2C359&ssl=1&resize=350%2C200","width":350,"height":200,"srcset":"https:\/\/i0.wp.com\/www.shqiperia.com\/blog\/wp-content\/uploads\/2023\/09\/640-0-ba000d75c9ba5f43b53c75119ae3945f.jpg?fit=640%2C359&ssl=1&resize=350%2C200 1x, https:\/\/i0.wp.com\/www.shqiperia.com\/blog\/wp-content\/uploads\/2023\/09\/640-0-ba000d75c9ba5f43b53c75119ae3945f.jpg?fit=640%2C359&ssl=1&resize=525%2C300 1.5x"},"classes":[]},{"id":62613,"url":"https:\/\/www.shqiperia.com\/blog\/libraria-lundruese-ne-vlore-zgjon-interesin-e-ismail-kadarese\/","url_meta":{"origin":79032,"position":5},"title":"Libraria lundruese n\u00eb Vlor\u00eb zgjon interesin e Ismail Kadares\u00eb","author":"Kurt Farka","date":"September 24, 2022","format":false,"excerpt":"24 Shtator 2022 Prej koh\u00ebsh Ismail Kadare nuk ishte par\u00eb n\u00eb publik. Por gjeniu i letrave shqipe duket se nuk i rezistoi mb\u00ebrritjes n\u00eb Vlor\u00eb t\u00eb libraris\u00eb m\u00eb t\u00eb madhe lundruese n\u00eb bot\u00eb. Shoq\u00ebruar nga Helena, bashk\u00ebudh\u00ebtarja n\u00eb jet\u00eb po ashtu shkrimtare, ata ishin mysafir\u00ebt special\u00eb t\u00eb stafit t\u00eb anijes\u2026","rel":"","context":"In &quot;Blogu i Udh\u00ebtarit&quot;","block_context":{"text":"Blogu i Udh\u00ebtarit","link":"https:\/\/www.shqiperia.com\/blog\/category\/blogu-i-udhetarit\/"},"img":{"alt_text":"","src":"https:\/\/i0.wp.com\/www.shqiperia.com\/blog\/wp-content\/uploads\/2022\/09\/1200-630-634d3e2cce6d4a47b9fa9348c1062016.jpg?fit=1069%2C630&ssl=1&resize=350%2C200","width":350,"height":200,"srcset":"https:\/\/i0.wp.com\/www.shqiperia.com\/blog\/wp-content\/uploads\/2022\/09\/1200-630-634d3e2cce6d4a47b9fa9348c1062016.jpg?fit=1069%2C630&ssl=1&resize=350%2C200 1x, https:\/\/i0.wp.com\/www.shqiperia.com\/blog\/wp-content\/uploads\/2022\/09\/1200-630-634d3e2cce6d4a47b9fa9348c1062016.jpg?fit=1069%2C630&ssl=1&resize=525%2C300 1.5x, https:\/\/i0.wp.com\/www.shqiperia.com\/blog\/wp-content\/uploads\/2022\/09\/1200-630-634d3e2cce6d4a47b9fa9348c1062016.jpg?fit=1069%2C630&ssl=1&resize=700%2C400 2x, https:\/\/i0.wp.com\/www.shqiperia.com\/blog\/wp-content\/uploads\/2022\/09\/1200-630-634d3e2cce6d4a47b9fa9348c1062016.jpg?fit=1069%2C630&ssl=1&resize=1050%2C600 3x"},"classes":[]}],"_links":{"self":[{"href":"https:\/\/www.shqiperia.com\/blog\/wp-json\/wp\/v2\/posts\/79032","targetHints":{"allow":["GET"]}}],"collection":[{"href":"https:\/\/www.shqiperia.com\/blog\/wp-json\/wp\/v2\/posts"}],"about":[{"href":"https:\/\/www.shqiperia.com\/blog\/wp-json\/wp\/v2\/types\/post"}],"author":[{"embeddable":true,"href":"https:\/\/www.shqiperia.com\/blog\/wp-json\/wp\/v2\/users\/9"}],"replies":[{"embeddable":true,"href":"https:\/\/www.shqiperia.com\/blog\/wp-json\/wp\/v2\/comments?post=79032"}],"version-history":[{"count":2,"href":"https:\/\/www.shqiperia.com\/blog\/wp-json\/wp\/v2\/posts\/79032\/revisions"}],"predecessor-version":[{"id":79035,"href":"https:\/\/www.shqiperia.com\/blog\/wp-json\/wp\/v2\/posts\/79032\/revisions\/79035"}],"wp:featuredmedia":[{"embeddable":true,"href":"https:\/\/www.shqiperia.com\/blog\/wp-json\/wp\/v2\/media\/79033"}],"wp:attachment":[{"href":"https:\/\/www.shqiperia.com\/blog\/wp-json\/wp\/v2\/media?parent=79032"}],"wp:term":[{"taxonomy":"category","embeddable":true,"href":"https:\/\/www.shqiperia.com\/blog\/wp-json\/wp\/v2\/categories?post=79032"},{"taxonomy":"post_tag","embeddable":true,"href":"https:\/\/www.shqiperia.com\/blog\/wp-json\/wp\/v2\/tags?post=79032"}],"curies":[{"name":"wp","href":"https:\/\/api.w.org\/{rel}","templated":true}]}}