{"id":79028,"date":"2024-03-08T08:53:25","date_gmt":"2024-03-08T08:53:25","guid":{"rendered":"https:\/\/www.shqiperia.com\/blog\/?p=79028"},"modified":"2024-03-08T08:53:58","modified_gmt":"2024-03-08T08:53:58","slug":"muzeut-historik-kombetar-nuk-mund-ti-vihet-dryni-sikur-te-jete-nje-kioske","status":"publish","type":"post","link":"https:\/\/www.shqiperia.com\/blog\/muzeut-historik-kombetar-nuk-mund-ti-vihet-dryni-sikur-te-jete-nje-kioske\/","title":{"rendered":"Muzeut Historik Komb\u00ebtar nuk mund t\u2019i vihet dryni sikur t\u00eb jet\u00eb nj\u00eb kiosk\u00eb."},"content":{"rendered":"<p><img data-recalc-dims=\"1\" loading=\"lazy\" decoding=\"async\" data-attachment-id=\"79029\" data-permalink=\"https:\/\/www.shqiperia.com\/blog\/muzeut-historik-kombetar-nuk-mund-ti-vihet-dryni-sikur-te-jete-nje-kioske\/muz\/\" data-orig-file=\"https:\/\/i0.wp.com\/www.shqiperia.com\/blog\/wp-content\/uploads\/2024\/03\/muz.jpg?fit=1024%2C614&amp;ssl=1\" data-orig-size=\"1024,614\" data-comments-opened=\"1\" data-image-meta=\"{&quot;aperture&quot;:&quot;0&quot;,&quot;credit&quot;:&quot;&quot;,&quot;camera&quot;:&quot;&quot;,&quot;caption&quot;:&quot;&quot;,&quot;created_timestamp&quot;:&quot;0&quot;,&quot;copyright&quot;:&quot;&quot;,&quot;focal_length&quot;:&quot;0&quot;,&quot;iso&quot;:&quot;0&quot;,&quot;shutter_speed&quot;:&quot;0&quot;,&quot;title&quot;:&quot;&quot;,&quot;orientation&quot;:&quot;0&quot;}\" data-image-title=\"muz\" data-image-description=\"\" data-image-caption=\"\" data-medium-file=\"https:\/\/i0.wp.com\/www.shqiperia.com\/blog\/wp-content\/uploads\/2024\/03\/muz.jpg?fit=300%2C180&amp;ssl=1\" data-large-file=\"https:\/\/i0.wp.com\/www.shqiperia.com\/blog\/wp-content\/uploads\/2024\/03\/muz.jpg?fit=1024%2C614&amp;ssl=1\" class=\"alignnone wp-image-79029\" alt=\"\" src=\"https:\/\/i0.wp.com\/www.shqiperia.com\/blog\/wp-content\/uploads\/2024\/03\/muz.jpg?resize=678%2C407&#038;ssl=1\" width=\"678\" height=\"407\" srcset=\"https:\/\/i0.wp.com\/www.shqiperia.com\/blog\/wp-content\/uploads\/2024\/03\/muz.jpg?resize=300%2C180&amp;ssl=1 300w, https:\/\/i0.wp.com\/www.shqiperia.com\/blog\/wp-content\/uploads\/2024\/03\/muz.jpg?resize=768%2C461&amp;ssl=1 768w, https:\/\/i0.wp.com\/www.shqiperia.com\/blog\/wp-content\/uploads\/2024\/03\/muz.jpg?resize=450%2C270&amp;ssl=1 450w, https:\/\/i0.wp.com\/www.shqiperia.com\/blog\/wp-content\/uploads\/2024\/03\/muz.jpg?resize=600%2C360&amp;ssl=1 600w, https:\/\/i0.wp.com\/www.shqiperia.com\/blog\/wp-content\/uploads\/2024\/03\/muz.jpg?resize=400%2C240&amp;ssl=1 400w, https:\/\/i0.wp.com\/www.shqiperia.com\/blog\/wp-content\/uploads\/2024\/03\/muz.jpg?w=1024&amp;ssl=1 1024w\" sizes=\"auto, (max-width: 678px) 100vw, 678px\" \/><\/p>\n<p>8 Mars 2024<\/p>\n<p>Andi Tepelena: &#8211; Skandaloze \u00e7far\u00eb po ndodh me institucionet e artit dhe kultur\u00ebs.<\/p>\n<p>Muzeu Historik Komb\u00ebtar p\u00ebrmes nj\u00eb njoftimi n\u00eb rrjete sociale drejtuar agjencive turistike, drejtuesve t\u00eb tureve kulturore dhe pal\u00ebve t\u00eb tjera t\u00eb interesuara, b\u00ebri me dije m\u00eb 6 mars se do t\u00eb jet\u00eb i mbyllur p\u00ebr vizitor\u00ebt p\u00ebr periudh\u00ebn 15 mars 2024 deri m\u00eb dat\u00eb 15 mars 2028. Sipas njoftimit kjo n\u00eb kuad\u00ebr t\u00eb zbatimit t\u00eb projektit \u201cRestaurimi, rikonstruksioni dhe muzealizimi i Muzeut Historik Komb\u00ebtar, Tiran\u00eb\u201d.<\/p>\n<p>Por mbyllja e MHK-s\u00eb dhe mungesa e nj\u00eb deklarate q\u00eb at\u00eb dit\u00eb nga Ministria e Ekonomis\u00eb, Kultur\u00ebs dhe Inovacionit solli shum\u00eb reagime. N\u00eb intervist\u00ebn p\u00ebr gazet\u00ebn \u201cSOT\u201d Andi Tepelena kurator dhe menaxher arti thot\u00eb se \u00ebsht\u00eb institucioni m\u00eb i r\u00ebnd\u00ebsish\u00ebm muzeor n\u00eb Shqip\u00ebri dhe duhet t\u00eb kishte nj\u00eb deklarat\u00eb t\u00eb qart\u00eb nga institucionet p\u00ebr \u00e7far\u00eb po ndodh. Shqet\u00ebsuese sipas tij \u00ebsht\u00eb mungesa e transparenc\u00ebs, pasi nga faqen e ministris\u00eb duhet t\u00eb ishin b\u00ebr\u00eb publike detajet e projektit. Muzeu Historik Komb\u00ebtar u inaugurua n\u00eb 28 tetor t\u00eb 1981 dhe sipas Tepelen\u00ebs nuk mund ti vihet ky\u00e7i sikur t\u00eb jet\u00eb nj\u00eb kiosk\u00eb. Kurator dhe menaxher arti Andi Tepelena edhe m\u00eb par\u00eb ka reaguar p\u00ebr \u00e7\u00ebshtje q\u00eb kan\u00eb t\u00eb b\u00ebj\u00eb me institucionet e artit dhe kultur\u00ebs, ligjin e artit, ligji p\u00ebr trash\u00ebgimin\u00eb kulturore, etj, por ai thot\u00eb se po mbyllen nj\u00ebri pas tjetrit institucionet dhe \u00ebsht\u00eb shqet\u00ebsuese fakti q\u00eb nuk informohet si duhet publiku.<\/p>\n<p><strong>-Njoftimi p\u00ebr mbylljen e Muzeut Historik Komb\u00ebtar p\u00ebr kat\u00ebr vite u b\u00eb nga vet\u00eb institucioni p\u00ebrmes rrjeteve sociale. Nj\u00eb njoftim q\u00eb solli shum\u00eb reagime. P\u00ebr ju mbyllja e institucionit m\u00eb t\u00eb r\u00ebnd\u00ebsish\u00ebm muzeor n\u00eb vend p\u00ebr 4 vite, \u00e7far\u00eb do t\u00eb thot\u00eb?<\/strong><\/p>\n<p>Kjo q\u00eb po ndodh \u00ebsht\u00eb katastrof\u00eb. Po mbyllen gjith\u00eb institucionet kryesore t\u00eb artit dhe kultur\u00ebs n\u00eb vend rreth sheshit \u201cSk\u00ebnderbej\u201d n\u00eb Tiran\u00eb. M\u00eb par\u00eb u mbyll Cirku Komb\u00ebtar. Me Teatrin Komb\u00ebtar dihet \u00e7far\u00eb ndodhi. Biblioteka Komb\u00ebtare \u00ebsht\u00eb me problemet e veta. Teatri i Kukullave \u00ebsht\u00eb mbyllur. Jan\u00eb gjith\u00eb institucionet kryesore, q\u00eb nuk dihet se \u00e7far\u00eb po ndodh, si po vijon procesi me punimet aty ku kan\u00eb nisur projektet. Vendoset mbyllja e tyre dhe nuk dihet kur do hapen p\u00ebr publikun. Kemi Galerin\u00eb Komb\u00ebtare t\u00eb Arteve q\u00eb \u00ebsht\u00eb mbyllur dhe nuk dihet \u00e7far\u00eb po b\u00ebhet dhe kur do hapet.<\/p>\n<p>Nuk ka data, nuk ka kalendar, nuk ka afate. Problemi \u00ebsht\u00eb mungesa e transparenc\u00ebs. Kemi vet\u00ebm deklarat\u00eb n\u00eb rrjete sociale m\u00eb par\u00eb nga MK, ku p\u00ebrmendet dhe \u00e7\u00ebshtja e t\u00ebrmetit t\u00eb n\u00ebntorit 2019. Po ku \u00ebsht\u00eb publike nga Ministria e Kultur\u00ebs e gjith\u00eb analiza teknike q\u00eb justifikon mbylljen? \u00c7far\u00eb nd\u00ebrhyrje do t\u00eb b\u00ebhen te Muzeu Historik Komb\u00ebtar? \u00c7far\u00eb konsiston rikonceptimi, rregullimi i t\u00eb gjith\u00eb struktur\u00ebs? Kush \u00ebsht\u00eb projekti i b\u00ebr\u00eb p\u00ebr rikonceptimin e MHK-s\u00eb? Nga ka dal\u00eb ky projekt n\u00ebse ka. Del nj\u00eb njoftim n\u00eb rrjete sociale q\u00eb thuhet mbyllet Muzeu Historik Komb\u00ebtar dhe kaq. Kjo \u00ebsht\u00eb skandaloze. Un\u00eb nuk di t\u00eb jet\u00eb b\u00ebr\u00eb publik, t\u00eb jet\u00eb afishuar nga Ministria e Kultur\u00ebs te faqja e saj m\u00eb par\u00eb projekti p\u00ebr restaurimin, rikonceptimin e muzeut. Muzeu mbyllet n\u00ebse e gjith\u00eb godina do jet\u00eb n\u00eb gjendje t\u00eb r\u00ebnd\u00eb, se n\u00eb kushte normale aty ku ka d\u00ebme riparohen. Por t\u00eb mbyll\u00ebsh gjith\u00eb godin\u00ebn e Muzeut Historik Komb\u00ebtar do t\u00eb thot\u00eb ose ka probleme t\u00eb r\u00ebnda strukturore nga t\u00ebrmeti, etj, ose e dyta do rikonceptohet gjith\u00eb muzeu, pavijonet, por ende nuk ka t\u00eb publikuar nga Ministria e Kultur\u00ebs p\u00ebr k\u00ebt\u00eb. Nuk \u00ebsht\u00eb transparent i gjith\u00eb procesi. N\u00ebse ka pasur konkurs t\u00eb rikonceptimit kush e ka fituar, kur \u00ebsht\u00eb b\u00ebr\u00eb? \u00c7far\u00eb praktike ka ndjekur? Nuk \u00ebsht\u00eb muzeu i MEKI-t. T\u00eb gjith\u00eb institucionet publike jan\u00eb t\u00eb qytetar\u00ebve, jan\u00eb taksapaguesit.<\/p>\n<p><strong>-Muzeu Historik Komb\u00ebtar njoftoi mbylljen p\u00ebrmes nj\u00eb reagimi n\u00eb rrjete sociale, por m\u00eb pas u hoq nga faqja e institucionit&#8230;<\/strong><\/p>\n<p>Kjo \u00ebsht\u00eb akoma dhe m\u00eb skandaloze. Vet\u00eb institucioni vendos njoftimin dhe e heq. Q\u00eb k\u00ebtu i vihet kryq nj\u00eb institucioni publik. \u00c7far\u00eb do t\u00eb thot\u00eb ta v\u00ebsh njoftimin dhe t\u00eb hiqet nga faqja s\u00ebrish? \u00c7far\u00eb po i fshihet publikut?<\/p>\n<p><strong>-Ju keni dhe kritika ndaj Ministris\u00eb s\u00eb Ekonomis\u00eb, Kultur\u00ebs dhe Inovacionit. Muzeu b\u00ebn vet\u00eb njoftimin m\u00eb 6 mars dhe e heq nga faqja, nd\u00ebrsa MEKI deri mesdit\u00ebn e 7 marsit s\u2019ka asnj\u00eb reagim. \u00c7far\u00eb mund t\u00eb na thoni mbi q\u00ebndrimin zyrtar ?<\/strong><\/p>\n<p>Kjo \u00ebsht\u00eb skandaloze. P\u00ebr Muzeun Historik Komb\u00ebtar deklarohet mbyllja, nd\u00ebrkoh\u00eb nuk ka nj\u00eb argumentim zyrtar, nuk ka nj\u00eb shpjegim nga Ministria e Ekonomis\u00eb, Kultur\u00ebs dhe Inovacionit mbi arsyen pse po mbyllet 4 vite. Si mund ti v\u00ebsh ky\u00e7in institucionit kryesor muzeor n\u00eb vend dhe nuk ke dal\u00eb ende si ministri p\u00ebr t\u00eb sqaruar publikun? Ndaj mendoj q\u00eb di\u00e7ka fshihet. Duhet t\u00eb b\u00ebhet \u00e7do gj\u00eb transparente dhe jo vet\u00ebm me rikoncpetimin e restaurimin. Por sa rrezikon godina? Duhet t\u00eb ket\u00eb debat p\u00ebr k\u00ebt\u00eb gj\u00eb. Muzeu Historik Komb\u00ebtar \u00ebsht\u00eb institucioni m\u00eb i r\u00ebnd\u00ebsish\u00ebm muzeor n\u00eb vendi ton\u00eb dhe nuk mund ti vihet dryni sikur t\u00eb jet\u00eb nj\u00eb kiosk\u00eb. N\u00eb at\u00eb muze jan\u00eb gjith\u00eb artefaktet, e gjith\u00eb historia shekullore e popullit shqiptar.<\/p>\n<p>\u00c7do gj\u00eb duhet t\u00eb jet\u00eb e qart\u00eb, publike e argumentuar nga institucionet. Ministria e Ekonomis\u00eb, Kultur\u00ebs dhe Inovacionit q\u00eb n\u00eb fillim duhet t\u00eb kishte dal\u00eb me nj\u00eb q\u00ebndrim t\u00eb qart\u00eb publik mbi arsyet e mbylljes. Pra jan\u00eb disa arsye, ku diskutohet e drejt\u00eb apo e padrejt\u00eb.<\/p>\n","protected":false},"excerpt":{"rendered":"<p>8 Mars 2024 Andi Tepelena: &#8211; Skandaloze \u00e7far\u00eb po ndodh me institucionet e artit dhe kultur\u00ebs. Muzeu Historik Komb\u00ebtar p\u00ebrmes nj\u00eb njoftimi n\u00eb rrjete sociale drejtuar agjencive turistike, drejtuesve t\u00eb tureve kulturore dhe pal\u00ebve t\u00eb tjera t\u00eb interesuara, b\u00ebri me dije m\u00eb 6 mars se do t\u00eb jet\u00eb i mbyllur p\u00ebr vizitor\u00ebt p\u00ebr periudh\u00ebn 15 [&hellip;]<\/p>\n","protected":false},"author":9,"featured_media":79029,"comment_status":"open","ping_status":"open","sticky":false,"template":"","format":"standard","meta":{"jetpack_post_was_ever_published":false,"_jetpack_newsletter_access":"","_jetpack_dont_email_post_to_subs":false,"_jetpack_newsletter_tier_id":0,"_jetpack_memberships_contains_paywalled_content":false,"_jetpack_memberships_contains_paid_content":false,"footnotes":"","jetpack_publicize_message":"","jetpack_publicize_feature_enabled":true,"jetpack_social_post_already_shared":true,"jetpack_social_options":{"image_generator_settings":{"template":"highway","default_image_id":0,"font":"","enabled":false},"version":2}},"categories":[87,27,85,10,2,35,86],"tags":[],"class_list":["post-79028","post","type-post","status-publish","format-standard","has-post-thumbnail","hentry","category-arte","category-blogu-i-udhetarit","category-histori","category-kultura","category-politika","category-shoqerore","category-trashegimi-kulturore"],"jetpack_publicize_connections":[],"jetpack_featured_media_url":"https:\/\/i0.wp.com\/www.shqiperia.com\/blog\/wp-content\/uploads\/2024\/03\/muz.jpg?fit=1024%2C614&ssl=1","jetpack_sharing_enabled":true,"jetpack_shortlink":"https:\/\/wp.me\/p5Z6wp-kyE","jetpack-related-posts":[{"id":81672,"url":"https:\/\/www.shqiperia.com\/blog\/rrethohet-kantieri-i-muzeut-historik-kombetar-per-punimet-e-rikonstruksionit-studiuesit-nga-meki-mungon-transparenca\/","url_meta":{"origin":79028,"position":0},"title":"Rrethohet kantieri i Muzeut Historik Komb\u00ebtar p\u00ebr punimet e rikonstruksionit, studiuesit: Nga MEKI mungon transparenca","author":"Kurt Farka","date":"June 7, 2024","format":false,"excerpt":"7 Qershor 2024 Nga Julia Vrapi Projekti p\u00ebr restaurimin, rikonstruksionin dhe muzealizimin e Muzeut Historik Komb\u00ebtar sjell dhe mbylljen e institucionit m\u00eb t\u00eb r\u00ebnd\u00ebsish\u00ebm muzeor n\u00eb vend. Tashm\u00eb \u00ebsht\u00eb rrethuar dhe kantieri i Muzeut Historik Komb\u00ebtar p\u00ebr punimet e rikonstruksionit. N\u00eb nj\u00eb pjes\u00eb t\u00eb fasad\u00ebs s\u00eb MHK-s\u00eb jan\u00eb vendosur dhe\u2026","rel":"","context":"In &quot;Arte&quot;","block_context":{"text":"Arte","link":"https:\/\/www.shqiperia.com\/blog\/category\/arte\/"},"img":{"alt_text":"","src":"https:\/\/i0.wp.com\/www.shqiperia.com\/blog\/wp-content\/uploads\/2024\/06\/muz.jpg?fit=1024%2C614&ssl=1&resize=350%2C200","width":350,"height":200,"srcset":"https:\/\/i0.wp.com\/www.shqiperia.com\/blog\/wp-content\/uploads\/2024\/06\/muz.jpg?fit=1024%2C614&ssl=1&resize=350%2C200 1x, https:\/\/i0.wp.com\/www.shqiperia.com\/blog\/wp-content\/uploads\/2024\/06\/muz.jpg?fit=1024%2C614&ssl=1&resize=525%2C300 1.5x, https:\/\/i0.wp.com\/www.shqiperia.com\/blog\/wp-content\/uploads\/2024\/06\/muz.jpg?fit=1024%2C614&ssl=1&resize=700%2C400 2x"},"classes":[]},{"id":3923,"url":"https:\/\/www.shqiperia.com\/blog\/muzeui-kosoves-ekspozite-identiteti-kulturor-dhe-historik-kosoves-_\/","url_meta":{"origin":79028,"position":1},"title":"Muzeui Kosoves-Ekspozite: Identiteti kulturor dhe historik i Kosov\u00ebs. _","author":"Kurt Farka","date":"February 26, 2018","format":false,"excerpt":"Hapet \u201cEkspozita Baz\u00eb\u201d n\u00eb Muzeun e Kosov\u00ebs Eksponate t\u00eb periudhave t\u00eb ndryshme t\u00eb trash\u00ebgimis\u00eb kulturore nga periudha e Neolitit e deri n\u00eb Shpalljen e Pavar\u00ebsis\u00eb s\u00eb Kosov\u00ebs m\u00eb 2008, jan\u00eb prezantuar n\u00eb hapjen e \u2018Ekspozit\u00ebs Baz\u00eb\u2019 n\u00eb Muzeun e Kosov\u00ebs. Eksponate t\u00eb rralla dhe t\u00eb r\u00ebnd\u00ebsis\u00eb s\u00eb ve\u00e7ant\u00eb jan\u00eb prezantuar\u2026","rel":"","context":"In &quot;Trashegimi Kulturore&quot;","block_context":{"text":"Trashegimi Kulturore","link":"https:\/\/www.shqiperia.com\/blog\/category\/trashegimi-kulturore\/"},"img":{"alt_text":"","src":"https:\/\/i0.wp.com\/www.shqiperia.com\/blog\/wp-content\/uploads\/2018\/02\/Revolverii-Isa-Buletinit.jpg?fit=640%2C535&ssl=1&resize=350%2C200","width":350,"height":200,"srcset":"https:\/\/i0.wp.com\/www.shqiperia.com\/blog\/wp-content\/uploads\/2018\/02\/Revolverii-Isa-Buletinit.jpg?fit=640%2C535&ssl=1&resize=350%2C200 1x, https:\/\/i0.wp.com\/www.shqiperia.com\/blog\/wp-content\/uploads\/2018\/02\/Revolverii-Isa-Buletinit.jpg?fit=640%2C535&ssl=1&resize=525%2C300 1.5x"},"classes":[]},{"id":29462,"url":"https:\/\/www.shqiperia.com\/blog\/muzeu-historik-kombetar-i-mbyllur-deri-ne-nje-njoftim-te-dyte-reagon-ministria-e-kultures\/","url_meta":{"origin":79028,"position":2},"title":"Muzeu Historik Kombetar i mbyllur deri n\u00eb nj\u00eb njoftim t\u00eb dyt\u00eb: &#8211; Reagon Ministria e Kultur\u00ebs. &#8211;","author":"Kurt Farka","date":"December 18, 2019","format":false,"excerpt":"Muzeu Historik Kombetar i mbyllur deri n\u00eb nj\u00eb njoftim t\u00eb dyt\u00eb: - Reagon Ministria e Kultur\u00ebs. - - 18.12.19 Ministria e Kultur\u00ebs ka konfirmuar mbylljen e Muzeut Historik Komb\u00ebtar p\u00ebr shkak t\u00eb d\u00ebmeve nga t\u00ebrmeti. Zyra e shtypit tha k\u00ebt\u00eb t\u00eb m\u00ebrkur\u00eb se \u201cMuzeu \u00ebsht\u00eb mbyllur p\u00ebr shkak t\u00eb t\u00ebrmetit.\u2026","rel":"","context":"In &quot;Blogu i Udh\u00ebtarit&quot;","block_context":{"text":"Blogu i Udh\u00ebtarit","link":"https:\/\/www.shqiperia.com\/blog\/category\/blogu-i-udhetarit\/"},"img":{"alt_text":"","src":"https:\/\/i0.wp.com\/www.shqiperia.com\/blog\/wp-content\/uploads\/2019\/12\/aaa082d2257ab65aecf61c2340e9c5b9_XL.jpg?fit=643%2C345&ssl=1&resize=350%2C200","width":350,"height":200,"srcset":"https:\/\/i0.wp.com\/www.shqiperia.com\/blog\/wp-content\/uploads\/2019\/12\/aaa082d2257ab65aecf61c2340e9c5b9_XL.jpg?fit=643%2C345&ssl=1&resize=350%2C200 1x, https:\/\/i0.wp.com\/www.shqiperia.com\/blog\/wp-content\/uploads\/2019\/12\/aaa082d2257ab65aecf61c2340e9c5b9_XL.jpg?fit=643%2C345&ssl=1&resize=525%2C300 1.5x"},"classes":[]},{"id":75408,"url":"https:\/\/www.shqiperia.com\/blog\/debati-per-menaxhimin-e-butrintit-andi-tepelena-problematika-e-ka-origjinen-qe-tek-ligji-per-trashegimine-kulturore-i-vitit-2018\/","url_meta":{"origin":79028,"position":3},"title":"Debati p\u00ebr menaxhimin e Butrintit, Andi Tepelena: Problematika e ka origjin\u00ebn q\u00eb tek ligji p\u00ebr trash\u00ebgimin\u00eb kulturore i vitit 2018","author":"Kurt Farka","date":"November 8, 2023","format":false,"excerpt":"8 Nentor 2023 Specialist\u00eb t\u00eb trash\u00ebgimis\u00eb kulturore dhe aktivist\u00eb problematikat p\u00ebr Butrintin i shohin, q\u00eb tek ligji p\u00ebr trash\u00ebgimin\u00eb kulturore dhe muzet\u00eb i vitit 2018. N\u00eb tryez\u00ebn e diskutimit p\u00ebr \u201cMbrojtjen e Butrintit\u201d nj\u00eb dit\u00eb m\u00eb par\u00eb, ku merrnin pjes\u00eb specialist\u00eb t\u00eb trash\u00ebgimis\u00eb, aktivist\u00eb, ekspert\u00eb ligjor, etj, u fol mbi\u2026","rel":"","context":"In &quot;Blogu i Udh\u00ebtarit&quot;","block_context":{"text":"Blogu i Udh\u00ebtarit","link":"https:\/\/www.shqiperia.com\/blog\/category\/blogu-i-udhetarit\/"},"img":{"alt_text":"","src":"https:\/\/i0.wp.com\/www.shqiperia.com\/blog\/wp-content\/uploads\/2023\/11\/800-0-654b2b8d2a392.jpg?fit=800%2C473&ssl=1&resize=350%2C200","width":350,"height":200,"srcset":"https:\/\/i0.wp.com\/www.shqiperia.com\/blog\/wp-content\/uploads\/2023\/11\/800-0-654b2b8d2a392.jpg?fit=800%2C473&ssl=1&resize=350%2C200 1x, https:\/\/i0.wp.com\/www.shqiperia.com\/blog\/wp-content\/uploads\/2023\/11\/800-0-654b2b8d2a392.jpg?fit=800%2C473&ssl=1&resize=525%2C300 1.5x, https:\/\/i0.wp.com\/www.shqiperia.com\/blog\/wp-content\/uploads\/2023\/11\/800-0-654b2b8d2a392.jpg?fit=800%2C473&ssl=1&resize=700%2C400 2x"},"classes":[]},{"id":2156,"url":"https:\/\/www.shqiperia.com\/blog\/armet-e-rralla-te-shqiptareve-ne-nje-ekspozite-ne-muzeun-historik-kombetar\/","url_meta":{"origin":79028,"position":4},"title":"Arm\u00ebt e rralla t\u00eb shqiptar\u00ebve ne nj\u00eb ekspozite n\u00eb Muzeun Historik Komb\u00ebtar","author":"Kurt Farka","date":"January 29, 2018","format":false,"excerpt":"Arm\u00ebt e rralla t\u00eb shqiptar\u00ebve brenda nj\u00eb ekspozite mahnit\u00ebse n\u00eb Muzeun Historik Komb\u00ebtar \u00a0 N\u00eb kuad\u00ebr t\u00eb 105-vjetorit t\u00eb shpalljes s\u00eb Pavar\u00ebsis\u00eb s\u00eb Shqip\u00ebris\u00eb, n\u00eb Hollin Kryesor t\u00eb Muzeut Historik Komb\u00ebtar u organizua ekspozita \u201cArm\u00eb t\u00eb mjesht\u00ebrve shqiptar\u00eb\u201d. N\u00eb k\u00ebt\u00eb ekspozit\u00eb jan\u00eb ekspozuar 47 objekte: 21 kobure, 8 pushk\u00eb, 10\u2026","rel":"","context":"In &quot;Histori&quot;","block_context":{"text":"Histori","link":"https:\/\/www.shqiperia.com\/blog\/category\/histori\/"},"img":{"alt_text":"","src":"https:\/\/i0.wp.com\/www.shqiperia.com\/blog\/wp-content\/uploads\/2018\/01\/Muzeu-Historik-Tirane.jpg?fit=960%2C720&ssl=1&resize=350%2C200","width":350,"height":200,"srcset":"https:\/\/i0.wp.com\/www.shqiperia.com\/blog\/wp-content\/uploads\/2018\/01\/Muzeu-Historik-Tirane.jpg?fit=960%2C720&ssl=1&resize=350%2C200 1x, https:\/\/i0.wp.com\/www.shqiperia.com\/blog\/wp-content\/uploads\/2018\/01\/Muzeu-Historik-Tirane.jpg?fit=960%2C720&ssl=1&resize=525%2C300 1.5x, https:\/\/i0.wp.com\/www.shqiperia.com\/blog\/wp-content\/uploads\/2018\/01\/Muzeu-Historik-Tirane.jpg?fit=960%2C720&ssl=1&resize=700%2C400 2x"},"classes":[]},{"id":26195,"url":"https:\/\/www.shqiperia.com\/blog\/bienalja-ne-muzeun-historik-kombetar-prezanton-veprat-e-400-artisteve\/","url_meta":{"origin":79028,"position":5},"title":"Bienalja n\u00eb Muzeun Historik Komb\u00ebtar, prezanton veprat e 400 artist\u00ebve. &#8211;","author":"Kurt Farka","date":"September 23, 2019","format":false,"excerpt":"Bienalja n\u00eb Muzeun Historik Komb\u00ebtar, prezanton veprat e 400 artist\u00ebve. - 22\/09\/2019 N\u00eb edicionin e tret\u00eb t\u00eb Bienales Nd\u00ebrkomb\u00ebtare t\u00eb Akuarelit \u201cSelf-Portrait\u201d n\u00eb Muzeun Historik Komb\u00ebtar jan\u00eb prezantuar me pun\u00ebt e tyre 400 artist\u00eb. Me kurator piktorin e njohur Helidon Halitin, kjo ekspozit\u00eb \u00ebsht\u00eb nj\u00eb event unik q\u00eb prezanton veprat\u2026","rel":"","context":"In &quot;Arte&quot;","block_context":{"text":"Arte","link":"https:\/\/www.shqiperia.com\/blog\/category\/arte\/"},"img":{"alt_text":"","src":"https:\/\/i0.wp.com\/www.shqiperia.com\/blog\/wp-content\/uploads\/2019\/09\/biienalja_te_muzue_piktura_faqe_19-2-300x169.jpg?resize=350%2C200&ssl=1","width":350,"height":200},"classes":[]}],"_links":{"self":[{"href":"https:\/\/www.shqiperia.com\/blog\/wp-json\/wp\/v2\/posts\/79028","targetHints":{"allow":["GET"]}}],"collection":[{"href":"https:\/\/www.shqiperia.com\/blog\/wp-json\/wp\/v2\/posts"}],"about":[{"href":"https:\/\/www.shqiperia.com\/blog\/wp-json\/wp\/v2\/types\/post"}],"author":[{"embeddable":true,"href":"https:\/\/www.shqiperia.com\/blog\/wp-json\/wp\/v2\/users\/9"}],"replies":[{"embeddable":true,"href":"https:\/\/www.shqiperia.com\/blog\/wp-json\/wp\/v2\/comments?post=79028"}],"version-history":[{"count":2,"href":"https:\/\/www.shqiperia.com\/blog\/wp-json\/wp\/v2\/posts\/79028\/revisions"}],"predecessor-version":[{"id":79031,"href":"https:\/\/www.shqiperia.com\/blog\/wp-json\/wp\/v2\/posts\/79028\/revisions\/79031"}],"wp:featuredmedia":[{"embeddable":true,"href":"https:\/\/www.shqiperia.com\/blog\/wp-json\/wp\/v2\/media\/79029"}],"wp:attachment":[{"href":"https:\/\/www.shqiperia.com\/blog\/wp-json\/wp\/v2\/media?parent=79028"}],"wp:term":[{"taxonomy":"category","embeddable":true,"href":"https:\/\/www.shqiperia.com\/blog\/wp-json\/wp\/v2\/categories?post=79028"},{"taxonomy":"post_tag","embeddable":true,"href":"https:\/\/www.shqiperia.com\/blog\/wp-json\/wp\/v2\/tags?post=79028"}],"curies":[{"name":"wp","href":"https:\/\/api.w.org\/{rel}","templated":true}]}}