{"id":78187,"date":"2024-02-12T05:48:37","date_gmt":"2024-02-12T05:48:37","guid":{"rendered":"https:\/\/www.shqiperia.com\/blog\/?p=78187"},"modified":"2024-02-12T06:23:04","modified_gmt":"2024-02-12T06:23:04","slug":"bashkohet-pd-bardhi-njofton-mbledhjen-e-grupit-per-here-te-pare-ne-seline-qendrore-te-partise","status":"publish","type":"post","link":"https:\/\/www.shqiperia.com\/blog\/bashkohet-pd-bardhi-njofton-mbledhjen-e-grupit-per-here-te-pare-ne-seline-qendrore-te-partise\/","title":{"rendered":"Bashkohet PD? &#8211; Bardhi njofton mbledhjen e grupit p\u00ebr her\u00eb t\u00eb par\u00eb n\u00eb selin\u00eb qendrore t\u00eb Partis\u00eb"},"content":{"rendered":"<p><img data-recalc-dims=\"1\" loading=\"lazy\" decoding=\"async\" data-attachment-id=\"78189\" data-permalink=\"https:\/\/www.shqiperia.com\/blog\/bashkohet-pd-bardhi-njofton-mbledhjen-e-grupit-per-here-te-pare-ne-seline-qendrore-te-partise\/selia-e-pd-7\/\" data-orig-file=\"https:\/\/i0.wp.com\/www.shqiperia.com\/blog\/wp-content\/uploads\/2024\/02\/Selia-e-PD.jpg?fit=847%2C477&amp;ssl=1\" data-orig-size=\"847,477\" data-comments-opened=\"1\" data-image-meta=\"{&quot;aperture&quot;:&quot;0&quot;,&quot;credit&quot;:&quot;&quot;,&quot;camera&quot;:&quot;&quot;,&quot;caption&quot;:&quot;&quot;,&quot;created_timestamp&quot;:&quot;0&quot;,&quot;copyright&quot;:&quot;&quot;,&quot;focal_length&quot;:&quot;0&quot;,&quot;iso&quot;:&quot;0&quot;,&quot;shutter_speed&quot;:&quot;0&quot;,&quot;title&quot;:&quot;&quot;,&quot;orientation&quot;:&quot;0&quot;}\" data-image-title=\"Selia-e-PD\" data-image-description=\"\" data-image-caption=\"\" data-medium-file=\"https:\/\/i0.wp.com\/www.shqiperia.com\/blog\/wp-content\/uploads\/2024\/02\/Selia-e-PD.jpg?fit=300%2C169&amp;ssl=1\" data-large-file=\"https:\/\/i0.wp.com\/www.shqiperia.com\/blog\/wp-content\/uploads\/2024\/02\/Selia-e-PD.jpg?fit=847%2C477&amp;ssl=1\" class=\"alignnone wp-image-78189\" alt=\"\" src=\"https:\/\/i0.wp.com\/www.shqiperia.com\/blog\/wp-content\/uploads\/2024\/02\/Selia-e-PD.jpg?resize=737%2C415&#038;ssl=1\" width=\"737\" height=\"415\" srcset=\"https:\/\/i0.wp.com\/www.shqiperia.com\/blog\/wp-content\/uploads\/2024\/02\/Selia-e-PD.jpg?resize=300%2C169&amp;ssl=1 300w, https:\/\/i0.wp.com\/www.shqiperia.com\/blog\/wp-content\/uploads\/2024\/02\/Selia-e-PD.jpg?resize=768%2C433&amp;ssl=1 768w, https:\/\/i0.wp.com\/www.shqiperia.com\/blog\/wp-content\/uploads\/2024\/02\/Selia-e-PD.jpg?resize=450%2C253&amp;ssl=1 450w, https:\/\/i0.wp.com\/www.shqiperia.com\/blog\/wp-content\/uploads\/2024\/02\/Selia-e-PD.jpg?resize=600%2C338&amp;ssl=1 600w, https:\/\/i0.wp.com\/www.shqiperia.com\/blog\/wp-content\/uploads\/2024\/02\/Selia-e-PD.jpg?resize=400%2C225&amp;ssl=1 400w, https:\/\/i0.wp.com\/www.shqiperia.com\/blog\/wp-content\/uploads\/2024\/02\/Selia-e-PD.jpg?w=847&amp;ssl=1 847w\" sizes=\"auto, (max-width: 737px) 100vw, 737px\" \/><\/p>\n<p>12 Shkurt 2024<\/p>\n<p>Kujtojm\u00eb se kjo \u00ebsht\u00eb hera e par\u00eb q\u00eb Bardhi mbledh grupin n\u00eb selin\u00eb qendrore q\u00eb pas ndarjes s\u00eb PD-s\u00eb. Kjo do t\u00eb thot\u00eb nj\u00eb bashkim t\u00eb Partis\u00eb Demokratike, pasi mbledhja do t\u00eb jet\u00eb e p\u00ebrbashk\u00ebt me deputet\u00ebt e Bardhit dhe Sali Berish\u00ebs.<\/p>\n<p><em>\u201cT\u00eb nderuar koleg\u00eb dit\u00ebn e h\u00ebn\u00eb, ora 15:00, do t\u00eb zhvillojm\u00eb mbledhjen e grupit parlamentar, n\u00eb selin\u00eb q\u00ebndrore t\u00eb PD. Ju falenderoj!<\/em>\u201c, thuhet n\u00eb njoftim.<\/p>\n<p>Mbledhja n\u00eb selin\u00eb blu vjen disa dit\u00eb pasi Bardhi mori pjes\u00eb n\u00eb protest\u00ebn posht\u00eb banes\u00ebs s\u00eb Berish\u00ebs.<\/p>\n<p>Nga demokrat\u00ebt \u00ebsht\u00eb theksuar dit\u00ebt e fundit q\u00eb ka nj\u00eb bashkim t\u00eb PD-s\u00eb. Edhe vet\u00eb Bardhi e ka konfirmuar vazhdimisht se do t\u00eb ket\u00eb nj\u00eb bashkim t\u00eb PD-s\u00eb.<\/p>\n<p><em>\u201cSigurisht q\u00eb PD ka qen\u00eb e ndar\u00eb k\u00ebto dy vite dhe kemi kuptuar se e ka dob\u00ebsuar dhe e ka b\u00ebr\u00eb jofunksionale, dhe po vler\u00ebsojm\u00eb \u00e7do mund\u00ebsi p\u00ebr t\u00eb patur nj\u00eb bashkim. Nj\u00eb projekt t\u00eb p\u00ebrbashk\u00ebt politik dhe nj\u00eb projekt t\u00eb p\u00ebrbashk\u00ebt kund\u00ebr Edi Ram\u00ebs\u201d,<\/em>\u00a0tha Bardhi m\u00eb 31 janar p\u00ebr Z\u00ebrin e Amerik\u00ebs.<\/p>\n","protected":false},"excerpt":{"rendered":"<p>12 Shkurt 2024 Kujtojm\u00eb se kjo \u00ebsht\u00eb hera e par\u00eb q\u00eb Bardhi mbledh grupin n\u00eb selin\u00eb qendrore q\u00eb pas ndarjes s\u00eb PD-s\u00eb. Kjo do t\u00eb thot\u00eb nj\u00eb bashkim t\u00eb Partis\u00eb Demokratike, pasi mbledhja do t\u00eb jet\u00eb e p\u00ebrbashk\u00ebt me deputet\u00ebt e Bardhit dhe Sali Berish\u00ebs. \u201cT\u00eb nderuar koleg\u00eb dit\u00ebn e h\u00ebn\u00eb, ora 15:00, do t\u00eb [&hellip;]<\/p>\n","protected":false},"author":9,"featured_media":78189,"comment_status":"open","ping_status":"open","sticky":false,"template":"","format":"standard","meta":{"jetpack_post_was_ever_published":false,"_jetpack_newsletter_access":"","_jetpack_dont_email_post_to_subs":false,"_jetpack_newsletter_tier_id":0,"_jetpack_memberships_contains_paywalled_content":false,"_jetpack_memberships_contains_paid_content":false,"footnotes":"","jetpack_publicize_message":"","jetpack_publicize_feature_enabled":true,"jetpack_social_post_already_shared":true,"jetpack_social_options":{"image_generator_settings":{"template":"highway","default_image_id":0,"font":"","enabled":false},"version":2}},"categories":[27,2],"tags":[],"class_list":["post-78187","post","type-post","status-publish","format-standard","has-post-thumbnail","hentry","category-blogu-i-udhetarit","category-politika"],"jetpack_publicize_connections":[],"jetpack_featured_media_url":"https:\/\/i0.wp.com\/www.shqiperia.com\/blog\/wp-content\/uploads\/2024\/02\/Selia-e-PD.jpg?fit=847%2C477&ssl=1","jetpack_sharing_enabled":true,"jetpack_shortlink":"https:\/\/wp.me\/p5Z6wp-kl5","jetpack-related-posts":[{"id":78161,"url":"https:\/\/www.shqiperia.com\/blog\/bardhi-ben-levizjen-e-papritur-therret-ne-seline-e-rithemelimit-te-gjithe-deputetet-e-grupit-te-berishes\/","url_meta":{"origin":78187,"position":0},"title":"Bardhi b\u00ebn l\u00ebvizjen e papritur, th\u00ebrret n\u00eb selin\u00eb e Rithemelimit t\u00eb gjith\u00eb deputet\u00ebt e grupit t\u00eb Berish\u00ebs","author":"Kurt Farka","date":"February 11, 2024","format":false,"excerpt":"11 Shkurt 2024 Gazment Bardhi ka njoftuar mbledhjen e Grupit t\u00eb Berish\u00ebs t\u00eb h\u00ebn\u00ebn, por ndryshe nga her\u00ebt e tjera, mbledhja do t\u00eb zhvillohet n\u00eb selin\u00eb qendrore t\u00eb Rithemelimit. \u201cT\u00eb nderuar koleg\u00eb, Nes\u00ebr, e h\u00ebn\u00eb, ora 15:00, do t\u00eb zhvillojm\u00eb mbledhjen e grupit parlamentar, n\u00eb selin\u00eb q\u00ebndrore t\u00eb PD. Ju\u2026","rel":"","context":"In &quot;Blogu i Udh\u00ebtarit&quot;","block_context":{"text":"Blogu i Udh\u00ebtarit","link":"https:\/\/www.shqiperia.com\/blog\/category\/blogu-i-udhetarit\/"},"img":{"alt_text":"","src":"https:\/\/i0.wp.com\/www.shqiperia.com\/blog\/wp-content\/uploads\/2024\/02\/800-0-65c93b2d45500.jpg?fit=800%2C495&ssl=1&resize=350%2C200","width":350,"height":200,"srcset":"https:\/\/i0.wp.com\/www.shqiperia.com\/blog\/wp-content\/uploads\/2024\/02\/800-0-65c93b2d45500.jpg?fit=800%2C495&ssl=1&resize=350%2C200 1x, https:\/\/i0.wp.com\/www.shqiperia.com\/blog\/wp-content\/uploads\/2024\/02\/800-0-65c93b2d45500.jpg?fit=800%2C495&ssl=1&resize=525%2C300 1.5x, https:\/\/i0.wp.com\/www.shqiperia.com\/blog\/wp-content\/uploads\/2024\/02\/800-0-65c93b2d45500.jpg?fit=800%2C495&ssl=1&resize=700%2C400 2x"},"classes":[]},{"id":78218,"url":"https:\/\/www.shqiperia.com\/blog\/grupimi-berisha-bardhi-bashkohen-ne-seline-e-rithemelimit-ja-kush-mungon\/","url_meta":{"origin":78187,"position":1},"title":"Grupimi Berisha-Bardhi bashkohen n\u00eb selin\u00eb e Rithemelimit. &#8211; Ja kush mungon","author":"Kurt Farka","date":"February 12, 2024","format":false,"excerpt":"12 Shkurt 2024 Kreu i Grupit Parlamentar t\u00eb opozit\u00ebs, Gazmend Bardhi p\u00ebr her\u00eb t\u00eb par\u00eb pas dy vitesh ka dh\u00ebn\u00eb nj\u00eb deklarat\u00eb p\u00ebr mediat nga selia e PD, teksa thekson se partia \u00ebsht\u00eb bashkuar dhe t\u00eb gjith\u00eb pjes\u00ebmarr\u00ebsit e grupit parlamentar jan\u00eb n\u00eb seli. Jan\u00eb zbardhur emrat e demokrat\u00ebve q\u00eb\u2026","rel":"","context":"In &quot;Blogu i Udh\u00ebtarit&quot;","block_context":{"text":"Blogu i Udh\u00ebtarit","link":"https:\/\/www.shqiperia.com\/blog\/category\/blogu-i-udhetarit\/"},"img":{"alt_text":"","src":"https:\/\/i0.wp.com\/www.shqiperia.com\/blog\/wp-content\/uploads\/2024\/02\/800-0-65ca30faaa7b5.jpeg?fit=800%2C450&ssl=1&resize=350%2C200","width":350,"height":200,"srcset":"https:\/\/i0.wp.com\/www.shqiperia.com\/blog\/wp-content\/uploads\/2024\/02\/800-0-65ca30faaa7b5.jpeg?fit=800%2C450&ssl=1&resize=350%2C200 1x, https:\/\/i0.wp.com\/www.shqiperia.com\/blog\/wp-content\/uploads\/2024\/02\/800-0-65ca30faaa7b5.jpeg?fit=800%2C450&ssl=1&resize=525%2C300 1.5x, https:\/\/i0.wp.com\/www.shqiperia.com\/blog\/wp-content\/uploads\/2024\/02\/800-0-65ca30faaa7b5.jpeg?fit=800%2C450&ssl=1&resize=700%2C400 2x"},"classes":[]},{"id":52898,"url":"https:\/\/www.shqiperia.com\/blog\/zeri-i-amerikes-tensionet-ne-pd-deputetet-e-berishes-i-gjejne-mbyllur-dyert-e-selise\/","url_meta":{"origin":78187,"position":2},"title":"Z\u00ebri i Amerik\u00ebs: &#8211; Tensionet n\u00eb PD, deputet\u00ebt e Berish\u00ebs i gjejn\u00eb mbyllur dyert e selis\u00eb","author":"Kurt Farka","date":"January 5, 2022","format":false,"excerpt":"Z\u00ebri i Amerik\u00ebs: - Tensionet n\u00eb PD, deputet\u00ebt e Berish\u00ebs i gjejn\u00eb mbyllur dyert e selis\u00eb 5 JANAR 2022 N\u00eb Shqip\u00ebri, vijojn\u00eb tensione n\u00eb Partin\u00eb Demokratike. Nj\u00eb grup deputet\u00ebsh mb\u00ebshtet\u00ebs t\u00eb ish kryeministrit Sali Berisha i gjet\u00ebn sot t\u00eb mbyllura dyert e selis\u00eb, ku si\u00e7 deklaruan kishin shkuar p\u00ebr t\u00eb\u2026","rel":"","context":"In &quot;Blogu i Udh\u00ebtarit&quot;","block_context":{"text":"Blogu i Udh\u00ebtarit","link":"https:\/\/www.shqiperia.com\/blog\/category\/blogu-i-udhetarit\/"},"img":{"alt_text":"","src":"https:\/\/i0.wp.com\/www.shqiperia.com\/blog\/wp-content\/uploads\/2022\/01\/800-0-5bb4d5fe223601920a1fe1d293d62e0a-1.jpg?fit=800%2C450&ssl=1&resize=350%2C200","width":350,"height":200,"srcset":"https:\/\/i0.wp.com\/www.shqiperia.com\/blog\/wp-content\/uploads\/2022\/01\/800-0-5bb4d5fe223601920a1fe1d293d62e0a-1.jpg?fit=800%2C450&ssl=1&resize=350%2C200 1x, https:\/\/i0.wp.com\/www.shqiperia.com\/blog\/wp-content\/uploads\/2022\/01\/800-0-5bb4d5fe223601920a1fe1d293d62e0a-1.jpg?fit=800%2C450&ssl=1&resize=525%2C300 1.5x, https:\/\/i0.wp.com\/www.shqiperia.com\/blog\/wp-content\/uploads\/2022\/01\/800-0-5bb4d5fe223601920a1fe1d293d62e0a-1.jpg?fit=800%2C450&ssl=1&resize=700%2C400 2x"},"classes":[]},{"id":63849,"url":"https:\/\/www.shqiperia.com\/blog\/pas-deshtimit-te-negociatave-me-rithemelimin-grupi-i-deputeteve-te-ish-pd-se-mblidhen-neser\/","url_meta":{"origin":78187,"position":3},"title":"Pas d\u00ebshtimit t\u00eb negociatave me Rithemelimin, grupi i deputeteve te Ish PD-se mblidhen\u00a0nes\u00ebr\u00a0","author":"Kurt Farka","date":"November 2, 2022","format":false,"excerpt":"2 Tetor 2022 Nga OraNews Pasi d\u00ebshtoi n\u00eb negociata me grupimin Berisha, Alibeaj zhvillon nes\u00ebr mbledhjen e par\u00eb me ish\u00a0 PD-istat, t\u00eb zgjedhur n\u00eb koh\u00ebn e Lulzim Bash\u00ebs. Ora News ka zbardhur njoftimin q\u00eb u ka shkuar an\u00ebtar\u00ebve: \u201cNes\u00ebr, dat\u00eb 2 N\u00ebntor, ora 18:00; n\u00eb selin\u00eb e Partis\u00eb Demokratike Dega\u2026","rel":"","context":"In &quot;Blogu i Udh\u00ebtarit&quot;","block_context":{"text":"Blogu i Udh\u00ebtarit","link":"https:\/\/www.shqiperia.com\/blog\/category\/blogu-i-udhetarit\/"},"img":{"alt_text":"","src":"https:\/\/i0.wp.com\/www.shqiperia.com\/blog\/wp-content\/uploads\/2022\/11\/640-0-7-1667334374.jpeg?fit=640%2C453&ssl=1&resize=350%2C200","width":350,"height":200,"srcset":"https:\/\/i0.wp.com\/www.shqiperia.com\/blog\/wp-content\/uploads\/2022\/11\/640-0-7-1667334374.jpeg?fit=640%2C453&ssl=1&resize=350%2C200 1x, https:\/\/i0.wp.com\/www.shqiperia.com\/blog\/wp-content\/uploads\/2022\/11\/640-0-7-1667334374.jpeg?fit=640%2C453&ssl=1&resize=525%2C300 1.5x"},"classes":[]},{"id":63794,"url":"https:\/\/www.shqiperia.com\/blog\/mbledhja-e-grupit-parlamentar-te-pd-se-dy-deputete-te-ish-pd-se-i-bashkohen-per-here-te-pare-sali-berishes\/","url_meta":{"origin":78187,"position":4},"title":"Mbledhja e grupit parlamentar te PD-se. &#8211; Dy deputet\u00eb t\u00eb Ish PD-se i bashkohen p\u00ebr her\u00eb t\u00eb par\u00eb Sali Berish\u00ebs.","author":"Kurt Farka","date":"October 31, 2022","format":false,"excerpt":"31 Tetor 2022 Dy deputet\u00eb t\u00eb rinj n\u00eb mbledhjen e grupit parlamentar t\u00eb thirrur sot nga kreu i PD-s\u00eb Sali Berisha. M\u00ebsohet se n\u00eb mbledhjen q\u00eb po zhvillohet n\u00eb selin\u00eb e PD, kan\u00eb marr\u00eb pjes\u00eb sot p\u00ebr her\u00eb t\u00eb par\u00eb deputet\u00ebt Lindia Metaliaj dhe Tomor Alizoti. Tomor Alizoti. Po k\u00ebshtu\u2026","rel":"","context":"In &quot;Blogu i Udh\u00ebtarit&quot;","block_context":{"text":"Blogu i Udh\u00ebtarit","link":"https:\/\/www.shqiperia.com\/blog\/category\/blogu-i-udhetarit\/"},"img":{"alt_text":"","src":"https:\/\/i0.wp.com\/www.shqiperia.com\/blog\/wp-content\/uploads\/2022\/10\/640-0-9ea3a8ee75b4b3a3667d675394a9525c.png?fit=640%2C330&ssl=1&resize=350%2C200","width":350,"height":200,"srcset":"https:\/\/i0.wp.com\/www.shqiperia.com\/blog\/wp-content\/uploads\/2022\/10\/640-0-9ea3a8ee75b4b3a3667d675394a9525c.png?fit=640%2C330&ssl=1&resize=350%2C200 1x, https:\/\/i0.wp.com\/www.shqiperia.com\/blog\/wp-content\/uploads\/2022\/10\/640-0-9ea3a8ee75b4b3a3667d675394a9525c.png?fit=640%2C330&ssl=1&resize=525%2C300 1.5x"},"classes":[]},{"id":55302,"url":"https:\/\/www.shqiperia.com\/blog\/kriza-ne-pd-bardhi-bashes-jemi-ne-gjendje-lufte-terheqja-juaj-dhe-e-sali-berishes-mund-te-bashkoje-demokratet\/","url_meta":{"origin":78187,"position":5},"title":"Kriza n\u00eb PD, Bardhi-Bash\u00ebs: Jemi n\u00eb &#8220;gjendje lufte&#8221;, t\u00ebrheqja juaj dhe e Sali Berish\u00ebs mund t\u00eb bashkoj\u00eb demokrat\u00ebt","author":"Kurt Farka","date":"March 12, 2022","format":false,"excerpt":"Kriza n\u00eb PD, Bardhi-Bash\u00ebs: Jemi n\u00eb \"gjendje lufte\", t\u00ebrheqja juaj dhe e Sali Berish\u00ebs mund t\u00eb bashkoj\u00eb demokrat\u00ebt 12 Mars 2022 Numri dy i Partis\u00eb Demokratike, Gazment Bardhi, ka k\u00ebrkuar n\u00eb mbledhjen e grupit parlamentar t\u00eb PD nj\u00eb zgjidhje q\u00eb b\u00ebn bashk\u00eb demokrat\u00ebt. Kjo zgjidhje sipas tij vjen me t\u00ebrheqjen\u2026","rel":"","context":"In &quot;Blogu i Udh\u00ebtarit&quot;","block_context":{"text":"Blogu i Udh\u00ebtarit","link":"https:\/\/www.shqiperia.com\/blog\/category\/blogu-i-udhetarit\/"},"img":{"alt_text":"","src":"https:\/\/i0.wp.com\/www.shqiperia.com\/blog\/wp-content\/uploads\/2022\/03\/Gazmand-Bardhi.jpg?fit=560%2C287&ssl=1&resize=350%2C200","width":350,"height":200,"srcset":"https:\/\/i0.wp.com\/www.shqiperia.com\/blog\/wp-content\/uploads\/2022\/03\/Gazmand-Bardhi.jpg?fit=560%2C287&ssl=1&resize=350%2C200 1x, https:\/\/i0.wp.com\/www.shqiperia.com\/blog\/wp-content\/uploads\/2022\/03\/Gazmand-Bardhi.jpg?fit=560%2C287&ssl=1&resize=525%2C300 1.5x"},"classes":[]}],"_links":{"self":[{"href":"https:\/\/www.shqiperia.com\/blog\/wp-json\/wp\/v2\/posts\/78187","targetHints":{"allow":["GET"]}}],"collection":[{"href":"https:\/\/www.shqiperia.com\/blog\/wp-json\/wp\/v2\/posts"}],"about":[{"href":"https:\/\/www.shqiperia.com\/blog\/wp-json\/wp\/v2\/types\/post"}],"author":[{"embeddable":true,"href":"https:\/\/www.shqiperia.com\/blog\/wp-json\/wp\/v2\/users\/9"}],"replies":[{"embeddable":true,"href":"https:\/\/www.shqiperia.com\/blog\/wp-json\/wp\/v2\/comments?post=78187"}],"version-history":[{"count":1,"href":"https:\/\/www.shqiperia.com\/blog\/wp-json\/wp\/v2\/posts\/78187\/revisions"}],"predecessor-version":[{"id":78190,"href":"https:\/\/www.shqiperia.com\/blog\/wp-json\/wp\/v2\/posts\/78187\/revisions\/78190"}],"wp:featuredmedia":[{"embeddable":true,"href":"https:\/\/www.shqiperia.com\/blog\/wp-json\/wp\/v2\/media\/78189"}],"wp:attachment":[{"href":"https:\/\/www.shqiperia.com\/blog\/wp-json\/wp\/v2\/media?parent=78187"}],"wp:term":[{"taxonomy":"category","embeddable":true,"href":"https:\/\/www.shqiperia.com\/blog\/wp-json\/wp\/v2\/categories?post=78187"},{"taxonomy":"post_tag","embeddable":true,"href":"https:\/\/www.shqiperia.com\/blog\/wp-json\/wp\/v2\/tags?post=78187"}],"curies":[{"name":"wp","href":"https:\/\/api.w.org\/{rel}","templated":true}]}}