{"id":78184,"date":"2024-02-12T05:36:47","date_gmt":"2024-02-12T05:36:47","guid":{"rendered":"https:\/\/www.shqiperia.com\/blog\/?p=78184"},"modified":"2024-02-12T05:37:02","modified_gmt":"2024-02-12T05:37:02","slug":"ne-elbasan-shqetesuese-per-ps-ne-do-te-jete-qe-nuk-kane-me-suel-celen-gazetari-i-njohur-ngre-aludime-te-forta-ps-do-te-kete-probleme-edhe-ne-shkoder-u-sulmuan-ata-qe","status":"publish","type":"post","link":"https:\/\/www.shqiperia.com\/blog\/ne-elbasan-shqetesuese-per-ps-ne-do-te-jete-qe-nuk-kane-me-suel-celen-gazetari-i-njohur-ngre-aludime-te-forta-ps-do-te-kete-probleme-edhe-ne-shkoder-u-sulmuan-ata-qe\/","title":{"rendered":"&#8220;N\u00eb Elbasan shqet\u00ebsuese p\u00ebr PS-n\u00eb do t\u00eb jet\u00eb q\u00eb nuk kan\u00eb m\u00eb Suel \u00c7el\u00ebn&#8221;. Gazetari i njohur ngre aludime t\u00eb forta: &#8211; PS do t\u00eb ket\u00eb probleme edhe n\u00eb Shkod\u00ebr, u sulmuan ata q\u00eb&#8230;"},"content":{"rendered":"<p><img data-recalc-dims=\"1\" loading=\"lazy\" decoding=\"async\" data-attachment-id=\"78185\" data-permalink=\"https:\/\/www.shqiperia.com\/blog\/ne-elbasan-shqetesuese-per-ps-ne-do-te-jete-qe-nuk-kane-me-suel-celen-gazetari-i-njohur-ngre-aludime-te-forta-ps-do-te-kete-probleme-edhe-ne-shkoder-u-sulmuan-ata-qe\/65c93889dd158\/\" data-orig-file=\"https:\/\/i0.wp.com\/www.shqiperia.com\/blog\/wp-content\/uploads\/2024\/02\/65c93889dd158.jpg?fit=1202%2C632&amp;ssl=1\" data-orig-size=\"1202,632\" data-comments-opened=\"1\" data-image-meta=\"{&quot;aperture&quot;:&quot;0&quot;,&quot;credit&quot;:&quot;&quot;,&quot;camera&quot;:&quot;&quot;,&quot;caption&quot;:&quot;&quot;,&quot;created_timestamp&quot;:&quot;0&quot;,&quot;copyright&quot;:&quot;&quot;,&quot;focal_length&quot;:&quot;0&quot;,&quot;iso&quot;:&quot;0&quot;,&quot;shutter_speed&quot;:&quot;0&quot;,&quot;title&quot;:&quot;&quot;,&quot;orientation&quot;:&quot;0&quot;}\" data-image-title=\"65c93889dd158\" data-image-description=\"\" data-image-caption=\"\" data-medium-file=\"https:\/\/i0.wp.com\/www.shqiperia.com\/blog\/wp-content\/uploads\/2024\/02\/65c93889dd158.jpg?fit=300%2C158&amp;ssl=1\" data-large-file=\"https:\/\/i0.wp.com\/www.shqiperia.com\/blog\/wp-content\/uploads\/2024\/02\/65c93889dd158.jpg?fit=1024%2C538&amp;ssl=1\" class=\"alignnone wp-image-78185\" alt=\"\" src=\"https:\/\/i0.wp.com\/www.shqiperia.com\/blog\/wp-content\/uploads\/2024\/02\/65c93889dd158.jpg?resize=797%2C420&#038;ssl=1\" width=\"797\" height=\"420\" srcset=\"https:\/\/i0.wp.com\/www.shqiperia.com\/blog\/wp-content\/uploads\/2024\/02\/65c93889dd158.jpg?resize=300%2C158&amp;ssl=1 300w, https:\/\/i0.wp.com\/www.shqiperia.com\/blog\/wp-content\/uploads\/2024\/02\/65c93889dd158.jpg?resize=1024%2C538&amp;ssl=1 1024w, https:\/\/i0.wp.com\/www.shqiperia.com\/blog\/wp-content\/uploads\/2024\/02\/65c93889dd158.jpg?resize=768%2C404&amp;ssl=1 768w, https:\/\/i0.wp.com\/www.shqiperia.com\/blog\/wp-content\/uploads\/2024\/02\/65c93889dd158.jpg?resize=450%2C237&amp;ssl=1 450w, https:\/\/i0.wp.com\/www.shqiperia.com\/blog\/wp-content\/uploads\/2024\/02\/65c93889dd158.jpg?resize=600%2C315&amp;ssl=1 600w, https:\/\/i0.wp.com\/www.shqiperia.com\/blog\/wp-content\/uploads\/2024\/02\/65c93889dd158.jpg?resize=400%2C210&amp;ssl=1 400w, https:\/\/i0.wp.com\/www.shqiperia.com\/blog\/wp-content\/uploads\/2024\/02\/65c93889dd158.jpg?w=1202&amp;ssl=1 1202w\" sizes=\"auto, (max-width: 797px) 100vw, 797px\" \/><\/p>\n<p>12 Shkurt 2024<\/p>\n<p>Gazetari Dorian Kodra ka komentuar mbledhjen e Asambles\u00eb s\u00eb PS-s\u00eb q\u00eb u zhvillua dit\u00ebn e sotme dhe q\u00eb zgjati 5 or\u00eb.<\/p>\n<p>I ftuar n\u00eb nj\u00eb emision televiziv, ai theksoi se PS do t\u00eb ket\u00eb probleme n\u00eb Shkod\u00ebr pasi SPAK ka goditur \u201cBajrat\u201d dhe P\u00ebllumb Gjok\u00ebn q\u00eb sipas tij kan\u00eb qen\u00eb garant p\u00ebr votat e PS n\u00eb zgjedhjet e kaluara.<\/p>\n<p>Po ashtu sipas tij shqet\u00ebsuese do t\u00eb jet\u00eb dhe Elbasan.<\/p>\n<p><em>\u201cPS \u00ebsht\u00eb vite drit\u00eb larg p\u00ebrsa i p\u00ebrket organizimit. Dhe fakti q\u00eb i ka shp\u00ebrndar\u00eb koordinator\u00ebt \u00ebsht\u00eb nj\u00eb tregues tjet\u00ebr i k\u00ebsaj. PS ka arm\u00eb t\u00eb tjera p\u00ebr t\u00eb fituar zgjedhjet. P\u00ebrshembull n\u00eb Shkod\u00ebr, do t\u00eb jet\u00eb shqet\u00ebsues fakti q\u00eb SPAK goditi me metamorfoz\u00ebn Bajrat dhe P\u00ebllumb\u00a0 Gjok\u00ebn, q\u00eb n\u00eb zgjedhjet e kaluara ishin garant p\u00ebr votat e PS. N\u00eb Elbasan shqet\u00ebsuese p\u00ebr PS do t\u00eb jet\u00eb q\u00eb nuk ka m\u00eb Suel \u00c7el\u00ebn\u201d<\/em>-tha ai.<\/p>\n<p>Gazeta Sot<\/p>\n","protected":false},"excerpt":{"rendered":"<p>12 Shkurt 2024 Gazetari Dorian Kodra ka komentuar mbledhjen e Asambles\u00eb s\u00eb PS-s\u00eb q\u00eb u zhvillua dit\u00ebn e sotme dhe q\u00eb zgjati 5 or\u00eb. I ftuar n\u00eb nj\u00eb emision televiziv, ai theksoi se PS do t\u00eb ket\u00eb probleme n\u00eb Shkod\u00ebr pasi SPAK ka goditur \u201cBajrat\u201d dhe P\u00ebllumb Gjok\u00ebn q\u00eb sipas tij kan\u00eb qen\u00eb garant p\u00ebr [&hellip;]<\/p>\n","protected":false},"author":9,"featured_media":78185,"comment_status":"open","ping_status":"open","sticky":false,"template":"","format":"standard","meta":{"jetpack_post_was_ever_published":false,"_jetpack_newsletter_access":"","_jetpack_dont_email_post_to_subs":false,"_jetpack_newsletter_tier_id":0,"_jetpack_memberships_contains_paywalled_content":false,"_jetpack_memberships_contains_paid_content":false,"footnotes":"","jetpack_publicize_message":"","jetpack_publicize_feature_enabled":true,"jetpack_social_post_already_shared":true,"jetpack_social_options":{"image_generator_settings":{"template":"highway","default_image_id":0,"font":"","enabled":false},"version":2}},"categories":[27,2,35],"tags":[],"class_list":["post-78184","post","type-post","status-publish","format-standard","has-post-thumbnail","hentry","category-blogu-i-udhetarit","category-politika","category-shoqerore"],"jetpack_publicize_connections":[],"jetpack_featured_media_url":"https:\/\/i0.wp.com\/www.shqiperia.com\/blog\/wp-content\/uploads\/2024\/02\/65c93889dd158.jpg?fit=1202%2C632&ssl=1","jetpack_sharing_enabled":true,"jetpack_shortlink":"https:\/\/wp.me\/p5Z6wp-kl2","jetpack-related-posts":[{"id":59541,"url":"https:\/\/www.shqiperia.com\/blog\/zheji-dhe-lubonja-nxjerrin-prapaskenat-dhe-ngrene-alarmin-per-ate-qe-po-ndodh-me-spak-ate-prokurorin-e-famshem-e-kane\/","url_meta":{"origin":78184,"position":0},"title":"Zheji dhe Lubonja nxjerrin prapaskenat dhe ngren\u00eb alarmin p\u00ebr at\u00eb q\u00eb po ndodh me SPAK: At\u00eb prokurorin e famsh\u00ebm e kan\u00eb&#8230;","author":"Kurt Farka","date":"June 29, 2022","format":false,"excerpt":"29 QERSHOR 2022 Puna e SPAK u trajtua n\u00eb emisionin e sot\u00ebm \u201cPikat mbi I\u201d ku analist\u00ebt \u00a0Artur Zheji dhe Fatos Lubonja shpreh\u00ebn pik\u00ebpamje t\u00eb ndryshme p\u00ebr performanc\u00ebn e k\u00ebtij institucioni. Sipas Zhejit, SPAK i kushton r\u00ebnd\u00ebsi nj\u00eb hetimi si ai i fermerit t\u00eb Kozares, nd\u00ebrkoh\u00eb q\u00eb nuk ec\u00ebn me\u2026","rel":"","context":"In &quot;Blogu i Udh\u00ebtarit&quot;","block_context":{"text":"Blogu i Udh\u00ebtarit","link":"https:\/\/www.shqiperia.com\/blog\/category\/blogu-i-udhetarit\/"},"img":{"alt_text":"","src":"https:\/\/i0.wp.com\/www.shqiperia.com\/blog\/wp-content\/uploads\/2022\/06\/800-0-62bc4985dd980.png?fit=800%2C420&ssl=1&resize=350%2C200","width":350,"height":200,"srcset":"https:\/\/i0.wp.com\/www.shqiperia.com\/blog\/wp-content\/uploads\/2022\/06\/800-0-62bc4985dd980.png?fit=800%2C420&ssl=1&resize=350%2C200 1x, https:\/\/i0.wp.com\/www.shqiperia.com\/blog\/wp-content\/uploads\/2022\/06\/800-0-62bc4985dd980.png?fit=800%2C420&ssl=1&resize=525%2C300 1.5x, https:\/\/i0.wp.com\/www.shqiperia.com\/blog\/wp-content\/uploads\/2022\/06\/800-0-62bc4985dd980.png?fit=800%2C420&ssl=1&resize=700%2C400 2x"},"classes":[]},{"id":73970,"url":"https:\/\/www.shqiperia.com\/blog\/gazetari-denis-dyrnjaja-nje-figure-e-rendesishme-e-socialisteve-do-te-marre-drejtimin-e-ps\/","url_meta":{"origin":78184,"position":1},"title":"Gazetari Denis Dyrnjaja: &#8211; Nj\u00eb figur\u00eb e r\u00ebnd\u00ebsishme e socialist\u00ebve do t\u00eb marr\u00eb drejtimin e PS","author":"Kurt Farka","date":"September 4, 2023","format":false,"excerpt":"4 Shtator 2023 Gazetari Denis Dyrnjaja b\u00ebri nj\u00eb deklarat\u00eb t\u00eb fort\u00eb n\u00eb studion e Euronews Albania, ku tha se mund t\u00eb kemi ndryshim n\u00eb drejtimin e Partis\u00eb Socialiste. Gazetari theksoi se brenda selis\u00eb roz\u00eb po diskutohet marrja e drejtimit t\u00eb k\u00ebsaj force politike nga nj\u00eb figur\u00eb e r\u00ebnd\u00ebsishme e PS-s\u00eb.\u2026","rel":"","context":"In &quot;Blogu i Udh\u00ebtarit&quot;","block_context":{"text":"Blogu i Udh\u00ebtarit","link":"https:\/\/www.shqiperia.com\/blog\/category\/blogu-i-udhetarit\/"},"img":{"alt_text":"","src":"https:\/\/i0.wp.com\/www.shqiperia.com\/blog\/wp-content\/uploads\/2023\/09\/800-0-bc8936a508b959c75c91399ed962670f-Copy.jpg?fit=556%2C291&ssl=1&resize=350%2C200","width":350,"height":200,"srcset":"https:\/\/i0.wp.com\/www.shqiperia.com\/blog\/wp-content\/uploads\/2023\/09\/800-0-bc8936a508b959c75c91399ed962670f-Copy.jpg?fit=556%2C291&ssl=1&resize=350%2C200 1x, https:\/\/i0.wp.com\/www.shqiperia.com\/blog\/wp-content\/uploads\/2023\/09\/800-0-bc8936a508b959c75c91399ed962670f-Copy.jpg?fit=556%2C291&ssl=1&resize=525%2C300 1.5x"},"classes":[]},{"id":78175,"url":"https:\/\/www.shqiperia.com\/blog\/mbledhja-e-asamblese-se-ps-se-gazetari-i-njohur-tregon-pretendentet-per-kryeminister-sipas-rames-ka-shpallur-garen-te-pasardhesit\/","url_meta":{"origin":78184,"position":2},"title":"Mbledhja e Asambles\u00eb s\u00eb PS-s\u00eb, gazetari i njohur tregon pretendent\u00ebt p\u00ebr kryeminist\u00ebr sipas Ram\u00ebs: &#8211; Ka shpallur gar\u00ebn t\u00eb pasardh\u00ebsit","author":"Kurt Farka","date":"February 12, 2024","format":false,"excerpt":"12 Shkurt 2024 Nga Gazeta Sot Gazetari Lavdrim Lita, i ftuar n\u00eb nj\u00eb emision televiziv, komentoi mbledhjen e Asambles\u00eb s\u00eb PS-s\u00eb dit\u00ebn e sotme. Ai theksoi se vizioni i deklaruar i Edi Ram\u00ebs \u00ebsht\u00eb 2023, pra q\u00eb ai do ta mbaj\u00eb postin e kreut t\u00eb qeveris\u00eb deri n\u00eb k\u00ebt\u00eb. Sipas\u2026","rel":"","context":"In &quot;Blogu i Udh\u00ebtarit&quot;","block_context":{"text":"Blogu i Udh\u00ebtarit","link":"https:\/\/www.shqiperia.com\/blog\/category\/blogu-i-udhetarit\/"},"img":{"alt_text":"","src":"https:\/\/i0.wp.com\/www.shqiperia.com\/blog\/wp-content\/uploads\/2024\/02\/800-0-65c931fbe23bb-300x183.jpg?resize=350%2C200&ssl=1","width":350,"height":200,"srcset":"https:\/\/i0.wp.com\/www.shqiperia.com\/blog\/wp-content\/uploads\/2024\/02\/800-0-65c931fbe23bb-300x183.jpg?resize=350%2C200&ssl=1 1x, https:\/\/i0.wp.com\/www.shqiperia.com\/blog\/wp-content\/uploads\/2024\/02\/800-0-65c931fbe23bb-300x183.jpg?resize=525%2C300&ssl=1 1.5x, https:\/\/i0.wp.com\/www.shqiperia.com\/blog\/wp-content\/uploads\/2024\/02\/800-0-65c931fbe23bb-300x183.jpg?resize=700%2C400&ssl=1 2x"},"classes":[]},{"id":89740,"url":"https:\/\/www.shqiperia.com\/blog\/tjetersimi-i-votave-nga-socialistet-pano-soko-spak-u-ne-terren-ka-shqetesuar-ramen-ps-perdor-administraten-per-fushate\/","url_meta":{"origin":78184,"position":3},"title":"Tjet\u00ebrsimi i votave nga socialist\u00ebt. Pano Soko: &#8211; SPAK-u n\u00eb terren ka shqet\u00ebsuar Ram\u00ebn. &#8211; PS p\u00ebrdor administrat\u00ebn p\u00ebr fushat\u00eb","author":"Kurt Farka","date":"February 21, 2025","format":false,"excerpt":"21 Shkurt 2025 Pano Soko nga \u2018Nisma Thurje\u2019, i ftuar n\u00eb nj\u00eb studio televizive, ka komentuar strategjin\u00eb e SPAK p\u00ebr monitorimin e gjith\u00eb territorit dhe diaspor\u00ebs p\u00ebr krimet zgjedhore gj\u00eb q\u00eb ka shqet\u00ebsuar Ram\u00ebn. Ai tha se SPAK tashm\u00eb \u00ebsht\u00eb n\u00eb terren dhe Rama \u00ebsht\u00eb i shqet\u00ebsuar pasi PS po\u2026","rel":"","context":"In &quot;Blogu i Udh\u00ebtarit&quot;","block_context":{"text":"Blogu i Udh\u00ebtarit","link":"https:\/\/www.shqiperia.com\/blog\/category\/blogu-i-udhetarit\/"},"img":{"alt_text":"","src":"https:\/\/i0.wp.com\/www.shqiperia.com\/blog\/wp-content\/uploads\/2025\/02\/Edi-Rama.png?fit=900%2C546&ssl=1&resize=350%2C200","width":350,"height":200,"srcset":"https:\/\/i0.wp.com\/www.shqiperia.com\/blog\/wp-content\/uploads\/2025\/02\/Edi-Rama.png?fit=900%2C546&ssl=1&resize=350%2C200 1x, https:\/\/i0.wp.com\/www.shqiperia.com\/blog\/wp-content\/uploads\/2025\/02\/Edi-Rama.png?fit=900%2C546&ssl=1&resize=525%2C300 1.5x, https:\/\/i0.wp.com\/www.shqiperia.com\/blog\/wp-content\/uploads\/2025\/02\/Edi-Rama.png?fit=900%2C546&ssl=1&resize=700%2C400 2x"},"classes":[]},{"id":79136,"url":"https:\/\/www.shqiperia.com\/blog\/veshtire-te-kthehet-ne-bastion-te-ps-pavaresisht-financimeve-politologu-i-njohur-ben-deklaraten-e-forte-rama-mund-te-kryesoje-listen-e-deputeteve-ne-shkodres\/","url_meta":{"origin":78184,"position":4},"title":"&#8220;V\u00ebshtir\u00eb t\u00eb kthehet n\u00eb bastion t\u00eb PS pavar\u00ebsisht financimeve&#8221;. &#8211; Rama mund t\u00eb kryesoj\u00eb list\u00ebn  e deputet\u00ebve ne Shkodr\u00ebs","author":"Kurt Farka","date":"March 11, 2024","format":false,"excerpt":"11 Mars 2024 Deklaratat e fundit t\u00eb kryeministrit Rama p\u00ebr kryebashkiak\u00ebt e djatht\u00eb, politologu Ilir Kalemaj e sheh si nj\u00eb sipar t\u00eb hapjes s\u00eb fushat\u00ebs elektorale. Duke folur n\u00eb nj\u00eb studio televizive, Kalemaj thekson se Shkodra \u00ebsht\u00eb kryeobjektivi elektoral i PS-s\u00eb n\u00eb 2025-\u00ebn, por sipas tij do t\u00eb jet\u00eb e\u2026","rel":"","context":"In &quot;Blogu i Udh\u00ebtarit&quot;","block_context":{"text":"Blogu i Udh\u00ebtarit","link":"https:\/\/www.shqiperia.com\/blog\/category\/blogu-i-udhetarit\/"},"img":{"alt_text":"","src":"https:\/\/i0.wp.com\/www.shqiperia.com\/blog\/wp-content\/uploads\/2024\/03\/800-0-65ef035cdf69e.jpg?fit=800%2C534&ssl=1&resize=350%2C200","width":350,"height":200,"srcset":"https:\/\/i0.wp.com\/www.shqiperia.com\/blog\/wp-content\/uploads\/2024\/03\/800-0-65ef035cdf69e.jpg?fit=800%2C534&ssl=1&resize=350%2C200 1x, https:\/\/i0.wp.com\/www.shqiperia.com\/blog\/wp-content\/uploads\/2024\/03\/800-0-65ef035cdf69e.jpg?fit=800%2C534&ssl=1&resize=525%2C300 1.5x, https:\/\/i0.wp.com\/www.shqiperia.com\/blog\/wp-content\/uploads\/2024\/03\/800-0-65ef035cdf69e.jpg?fit=800%2C534&ssl=1&resize=700%2C400 2x"},"classes":[]},{"id":88373,"url":"https:\/\/www.shqiperia.com\/blog\/edi-rama-do-te-largoje-emra-vip-nga-ps-kryeministri-po-pergatitet-te-shkoje-ne-zgjedhjet-e-11-majit-me\/","url_meta":{"origin":78184,"position":5},"title":"Edi Rama do t\u00eb largoj\u00eb emra \u201cVIP\u201d nga PS, kryeministri po p\u00ebrgatitet t\u00eb shkoj\u00eb n\u00eb zgjedhjet e 11 majit me\u2026","author":"Kurt Farka","date":"January 13, 2025","format":false,"excerpt":"13 Janar 2025 Kryeministri Edi Rama, n\u00ebn presionin e Prokuroris\u00eb s\u00eb Posa\u00e7me (SPAK) duket se po p\u00ebrgatitet p\u00ebr ndryshime drastike n\u00eb ekipin e tij politik. Burime t\u00eb brendshme pran\u00eb selis\u00eb roz\u00eb konfirmojn\u00eb se Rama synon t\u00eb largoj\u00eb disa nga figurat e njohura t\u00eb PS-s\u00eb, p\u00ebr t\u00eb hapur rrug\u00ebn p\u00ebr kandidatura\u2026","rel":"","context":"In &quot;Blogu i Udh\u00ebtarit&quot;","block_context":{"text":"Blogu i Udh\u00ebtarit","link":"https:\/\/www.shqiperia.com\/blog\/category\/blogu-i-udhetarit\/"},"img":{"alt_text":"","src":"https:\/\/i0.wp.com\/www.shqiperia.com\/blog\/wp-content\/uploads\/2025\/01\/edi-rama-3-1-770x431-1.png?fit=770%2C431&ssl=1&resize=350%2C200","width":350,"height":200,"srcset":"https:\/\/i0.wp.com\/www.shqiperia.com\/blog\/wp-content\/uploads\/2025\/01\/edi-rama-3-1-770x431-1.png?fit=770%2C431&ssl=1&resize=350%2C200 1x, https:\/\/i0.wp.com\/www.shqiperia.com\/blog\/wp-content\/uploads\/2025\/01\/edi-rama-3-1-770x431-1.png?fit=770%2C431&ssl=1&resize=525%2C300 1.5x, https:\/\/i0.wp.com\/www.shqiperia.com\/blog\/wp-content\/uploads\/2025\/01\/edi-rama-3-1-770x431-1.png?fit=770%2C431&ssl=1&resize=700%2C400 2x"},"classes":[]}],"_links":{"self":[{"href":"https:\/\/www.shqiperia.com\/blog\/wp-json\/wp\/v2\/posts\/78184","targetHints":{"allow":["GET"]}}],"collection":[{"href":"https:\/\/www.shqiperia.com\/blog\/wp-json\/wp\/v2\/posts"}],"about":[{"href":"https:\/\/www.shqiperia.com\/blog\/wp-json\/wp\/v2\/types\/post"}],"author":[{"embeddable":true,"href":"https:\/\/www.shqiperia.com\/blog\/wp-json\/wp\/v2\/users\/9"}],"replies":[{"embeddable":true,"href":"https:\/\/www.shqiperia.com\/blog\/wp-json\/wp\/v2\/comments?post=78184"}],"version-history":[{"count":1,"href":"https:\/\/www.shqiperia.com\/blog\/wp-json\/wp\/v2\/posts\/78184\/revisions"}],"predecessor-version":[{"id":78186,"href":"https:\/\/www.shqiperia.com\/blog\/wp-json\/wp\/v2\/posts\/78184\/revisions\/78186"}],"wp:featuredmedia":[{"embeddable":true,"href":"https:\/\/www.shqiperia.com\/blog\/wp-json\/wp\/v2\/media\/78185"}],"wp:attachment":[{"href":"https:\/\/www.shqiperia.com\/blog\/wp-json\/wp\/v2\/media?parent=78184"}],"wp:term":[{"taxonomy":"category","embeddable":true,"href":"https:\/\/www.shqiperia.com\/blog\/wp-json\/wp\/v2\/categories?post=78184"},{"taxonomy":"post_tag","embeddable":true,"href":"https:\/\/www.shqiperia.com\/blog\/wp-json\/wp\/v2\/tags?post=78184"}],"curies":[{"name":"wp","href":"https:\/\/api.w.org\/{rel}","templated":true}]}}