{"id":78175,"date":"2024-02-12T01:10:34","date_gmt":"2024-02-12T01:10:34","guid":{"rendered":"https:\/\/www.shqiperia.com\/blog\/?p=78175"},"modified":"2024-02-12T01:14:26","modified_gmt":"2024-02-12T01:14:26","slug":"mbledhja-e-asamblese-se-ps-se-gazetari-i-njohur-tregon-pretendentet-per-kryeminister-sipas-rames-ka-shpallur-garen-te-pasardhesit","status":"publish","type":"post","link":"https:\/\/www.shqiperia.com\/blog\/mbledhja-e-asamblese-se-ps-se-gazetari-i-njohur-tregon-pretendentet-per-kryeminister-sipas-rames-ka-shpallur-garen-te-pasardhesit\/","title":{"rendered":"Mbledhja e Asambles\u00eb s\u00eb PS-s\u00eb, gazetari i njohur tregon pretendent\u00ebt p\u00ebr kryeminist\u00ebr sipas Ram\u00ebs: &#8211; Ka shpallur gar\u00ebn t\u00eb pasardh\u00ebsit"},"content":{"rendered":"<p><img data-recalc-dims=\"1\" loading=\"lazy\" decoding=\"async\" data-attachment-id=\"78179\" data-permalink=\"https:\/\/www.shqiperia.com\/blog\/mbledhja-e-asamblese-se-ps-se-gazetari-i-njohur-tregon-pretendentet-per-kryeminister-sipas-rames-ka-shpallur-garen-te-pasardhesit\/800-0-65c931fbe23bb\/\" data-orig-file=\"https:\/\/i0.wp.com\/www.shqiperia.com\/blog\/wp-content\/uploads\/2024\/02\/800-0-65c931fbe23bb.jpg?fit=737%2C450&amp;ssl=1\" data-orig-size=\"737,450\" data-comments-opened=\"1\" data-image-meta=\"{&quot;aperture&quot;:&quot;0&quot;,&quot;credit&quot;:&quot;&quot;,&quot;camera&quot;:&quot;&quot;,&quot;caption&quot;:&quot;&quot;,&quot;created_timestamp&quot;:&quot;0&quot;,&quot;copyright&quot;:&quot;&quot;,&quot;focal_length&quot;:&quot;0&quot;,&quot;iso&quot;:&quot;0&quot;,&quot;shutter_speed&quot;:&quot;0&quot;,&quot;title&quot;:&quot;&quot;,&quot;orientation&quot;:&quot;0&quot;}\" data-image-title=\"-800-0-65c931fbe23bb\" data-image-description=\"\" data-image-caption=\"\" data-medium-file=\"https:\/\/i0.wp.com\/www.shqiperia.com\/blog\/wp-content\/uploads\/2024\/02\/800-0-65c931fbe23bb.jpg?fit=300%2C183&amp;ssl=1\" data-large-file=\"https:\/\/i0.wp.com\/www.shqiperia.com\/blog\/wp-content\/uploads\/2024\/02\/800-0-65c931fbe23bb.jpg?fit=737%2C450&amp;ssl=1\" class=\"alignnone  wp-image-78179\" alt=\"\" src=\"https:\/\/i0.wp.com\/www.shqiperia.com\/blog\/wp-content\/uploads\/2024\/02\/800-0-65c931fbe23bb.jpg?resize=756%2C461&#038;ssl=1\" width=\"756\" height=\"461\" srcset=\"https:\/\/i0.wp.com\/www.shqiperia.com\/blog\/wp-content\/uploads\/2024\/02\/800-0-65c931fbe23bb.jpg?resize=300%2C183&amp;ssl=1 300w, https:\/\/i0.wp.com\/www.shqiperia.com\/blog\/wp-content\/uploads\/2024\/02\/800-0-65c931fbe23bb.jpg?resize=450%2C275&amp;ssl=1 450w, https:\/\/i0.wp.com\/www.shqiperia.com\/blog\/wp-content\/uploads\/2024\/02\/800-0-65c931fbe23bb.jpg?resize=600%2C366&amp;ssl=1 600w, https:\/\/i0.wp.com\/www.shqiperia.com\/blog\/wp-content\/uploads\/2024\/02\/800-0-65c931fbe23bb.jpg?resize=400%2C244&amp;ssl=1 400w, https:\/\/i0.wp.com\/www.shqiperia.com\/blog\/wp-content\/uploads\/2024\/02\/800-0-65c931fbe23bb.jpg?w=737&amp;ssl=1 737w\" sizes=\"auto, (max-width: 756px) 100vw, 756px\" \/><\/p>\n<p>12 Shkurt 2024<\/p>\n<p>Nga Gazeta Sot<\/p>\n<p>Gazetari Lavdrim Lita, i ftuar n\u00eb nj\u00eb emision televiziv, komentoi mbledhjen e Asambles\u00eb s\u00eb PS-s\u00eb dit\u00ebn e sotme.<\/p>\n<p>Ai theksoi se vizioni i deklaruar i Edi Ram\u00ebs \u00ebsht\u00eb 2023, pra q\u00eb ai do ta mbaj\u00eb postin e kreut t\u00eb qeveris\u00eb deri n\u00eb k\u00ebt\u00eb.<\/p>\n<p>Sipas tij pretendent\u00ebt p\u00ebr kryeminist\u00ebr, pas Ram\u00ebs, jan\u00eb Erion Veliaj, Belinda Balluku dhe Taulant Balla.<\/p>\n<p><em>\u201cVizioni i deklaruar i Ram\u00ebs \u00ebsht\u00eb 2030, kjo do t\u00eb thot\u00eb q\u00eb n\u00ebse ndodh ndonj\u00eb aksident gjat\u00eb rrug\u00ebs nj\u00eb nga kandidat\u00ebt q\u00eb mund t\u00eb jet\u00eb p\u00ebr kryeminist\u00ebr mund t\u00eb futet p\u00ebr z\u00ebvend\u00ebsim.<\/em><\/p>\n<p><em>Ai ka shpallur gar\u00ebn t\u00eb pasardh\u00ebsit dhe sigurisht n\u00eb vend t\u00eb par\u00eb \u00ebsht\u00eb Erion Veliaj, n\u00eb vend t\u00eb dyt\u00eb \u00ebsht\u00eb Belinda Balluku, dhe n\u00eb vend t\u00eb tret\u00eb \u00ebsht\u00eb futur dhe Taulant Balla. Secili ka nj\u00eb an\u00eb t\u00eb fort\u00eb por nuk i kan\u00eb\u00a0 t\u00eb tre arm\u00ebt. E para jan\u00eb lidhjet nd\u00ebrkomb\u00ebtare q\u00eb i ka Erion Veliaj, financat q\u00eb ka Belinda Balluku, Taulant Balla q\u00eb ka pjes\u00ebn e partis\u00eb por nuk ka lidhjet nd\u00ebrkomb\u00ebtare dhe financat\u201d<\/em>-tha ai.<\/p>\n","protected":false},"excerpt":{"rendered":"<p>12 Shkurt 2024 Nga Gazeta Sot Gazetari Lavdrim Lita, i ftuar n\u00eb nj\u00eb emision televiziv, komentoi mbledhjen e Asambles\u00eb s\u00eb PS-s\u00eb dit\u00ebn e sotme. Ai theksoi se vizioni i deklaruar i Edi Ram\u00ebs \u00ebsht\u00eb 2023, pra q\u00eb ai do ta mbaj\u00eb postin e kreut t\u00eb qeveris\u00eb deri n\u00eb k\u00ebt\u00eb. Sipas tij pretendent\u00ebt p\u00ebr kryeminist\u00ebr, pas [&hellip;]<\/p>\n","protected":false},"author":9,"featured_media":78177,"comment_status":"open","ping_status":"open","sticky":false,"template":"","format":"standard","meta":{"jetpack_post_was_ever_published":false,"_jetpack_newsletter_access":"","_jetpack_dont_email_post_to_subs":false,"_jetpack_newsletter_tier_id":0,"_jetpack_memberships_contains_paywalled_content":false,"_jetpack_memberships_contains_paid_content":false,"footnotes":"","jetpack_publicize_message":"","jetpack_publicize_feature_enabled":true,"jetpack_social_post_already_shared":true,"jetpack_social_options":{"image_generator_settings":{"template":"highway","default_image_id":0,"font":"","enabled":false},"version":2}},"categories":[27,2,35],"tags":[],"class_list":["post-78175","post","type-post","status-publish","format-standard","has-post-thumbnail","hentry","category-blogu-i-udhetarit","category-politika","category-shoqerore"],"jetpack_publicize_connections":[],"jetpack_featured_media_url":"","jetpack_sharing_enabled":true,"jetpack_shortlink":"https:\/\/wp.me\/p5Z6wp-kkT","jetpack-related-posts":[{"id":67890,"url":"https:\/\/www.shqiperia.com\/blog\/cfare-do-te-ndodhe-ne-ps-nese-edi-rama-jep-doreheqjen-ja-kush-pritet-te-zevendesoje-kryeministrin-klani-qe-eshte-aktivizuar-eshte-ai-i-erion-veliaj\/","url_meta":{"origin":78175,"position":0},"title":"\u00c7far\u00eb do t\u00eb ndodh\u00eb ne PS n\u00ebse Edi Rama jep dor\u00ebheqjen. &#8211; Ja kush pritet t\u00eb z\u00ebvend\u00ebsoj\u00eb kryeministrin. &#8211; Klani q\u00eb \u00ebsht\u00eb aktivizuar \u00ebsht\u00eb ai i Erion Veliaj","author":"Kurt Farka","date":"February 13, 2023","format":false,"excerpt":"13 Shkurt 2023 \"... Klani q\u00eb \u00ebsht\u00eb aktivizuar \u00ebsht\u00eb ai i kryebashkiakut t\u00eb Tiran\u00ebs, Erion Veliaj dhe kreu i grupit parlamentar t\u00eb Partis\u00eb Socialiste, Taulant Balla\". N\u00eb Shqip\u00ebri zien debati mbi skandalin \u201cMcGonigal\u201d dhe si duket p\u00ebrplasje p\u00ebr k\u00ebt\u00eb \u00e7\u00ebshtje pritet t\u00eb ket\u00eb edhe gjat\u00ebs seanc\u00ebs plenare t\u00eb k\u00ebsaj mbasdite,\u2026","rel":"","context":"In &quot;Blogu i Udh\u00ebtarit&quot;","block_context":{"text":"Blogu i Udh\u00ebtarit","link":"https:\/\/www.shqiperia.com\/blog\/category\/blogu-i-udhetarit\/"},"img":{"alt_text":"","src":"https:\/\/i0.wp.com\/www.shqiperia.com\/blog\/wp-content\/uploads\/2023\/02\/196117386_3047299295493353_8837247964216065948_n-2.jpg?fit=640%2C405&ssl=1&resize=350%2C200","width":350,"height":200,"srcset":"https:\/\/i0.wp.com\/www.shqiperia.com\/blog\/wp-content\/uploads\/2023\/02\/196117386_3047299295493353_8837247964216065948_n-2.jpg?fit=640%2C405&ssl=1&resize=350%2C200 1x, https:\/\/i0.wp.com\/www.shqiperia.com\/blog\/wp-content\/uploads\/2023\/02\/196117386_3047299295493353_8837247964216065948_n-2.jpg?fit=640%2C405&ssl=1&resize=525%2C300 1.5x"},"classes":[]},{"id":97628,"url":"https:\/\/www.shqiperia.com\/blog\/mos-te-habitemi-nga-nje-puc-brenda-partise-burimi-pakenaqesite-brenda-ps-se-rriten-per-dosjen-balluku\/","url_meta":{"origin":78175,"position":1},"title":"\u201cMos t\u00eb habitemi nga nj\u00eb pu\u00e7 brenda partis\u00eb\u201d, Burimi: Pak\u00ebnaq\u00ebsit\u00eb brenda PS-s\u00eb rriten p\u00ebr dosjen Balluku","author":"Kurt Farka","date":"February 12, 2026","format":false,"excerpt":"12 Shkurt 2026 Gazetari Genc Burimi, n\u00eb nj\u00eb emision televiziv komentoi deklarat\u00ebn e kryeministrit Edi Rama, i cili e krahasoi kreun e opozit\u00ebs Sali Berisha me ish-diktatorin e Zimbabves\u00eb Robert Mugabe. Burimi argumentoi se ky krahasim mund t\u2019i p\u00ebrshtatet m\u00eb shum\u00eb vet\u00eb Ram\u00ebs. Sipas tij, etiketimi i Berish\u00ebs si \u201cMugabe\u2026","rel":"","context":"In &quot;Blogu i Udh\u00ebtarit&quot;","block_context":{"text":"Blogu i Udh\u00ebtarit","link":"https:\/\/www.shqiperia.com\/blog\/category\/blogu-i-udhetarit\/"},"img":{"alt_text":"","src":"https:\/\/i0.wp.com\/www.shqiperia.com\/blog\/wp-content\/uploads\/2026\/02\/Genc-Burimi.jpg?fit=750%2C466&ssl=1&resize=350%2C200","width":350,"height":200,"srcset":"https:\/\/i0.wp.com\/www.shqiperia.com\/blog\/wp-content\/uploads\/2026\/02\/Genc-Burimi.jpg?fit=750%2C466&ssl=1&resize=350%2C200 1x, https:\/\/i0.wp.com\/www.shqiperia.com\/blog\/wp-content\/uploads\/2026\/02\/Genc-Burimi.jpg?fit=750%2C466&ssl=1&resize=525%2C300 1.5x, https:\/\/i0.wp.com\/www.shqiperia.com\/blog\/wp-content\/uploads\/2026\/02\/Genc-Burimi.jpg?fit=750%2C466&ssl=1&resize=700%2C400 2x"},"classes":[]},{"id":89112,"url":"https:\/\/www.shqiperia.com\/blog\/a-po-nderron-kurs-edi-rama-bie-belinda-balluku-ngrihet-erion-veliaj-kreu-i-ps-permbys-raportet-ne-parti\/","url_meta":{"origin":78175,"position":2},"title":"A po nd\u00ebrron kurs Edi Rama? Bie Belinda Balluku, ngrihet Erion Veliaj, kreu i PS p\u00ebrmbys raportet n\u00eb parti\u2026","author":"Kurt Farka","date":"February 6, 2025","format":false,"excerpt":"6 Shkurt 2025 Nga: Elmas Bogdani Teksa gjith\u00eb v\u00ebmendja e debatit publik dhe politik \u00ebsht\u00eb fokusuar tek ish-kryeministri Sali Berisha, Partia Demokratike dhe situata e kandidimit t\u00eb ish-presidentit Ilir Meta n\u00eb zgjedhjet e 11 majit, situat\u00eb aspak t\u00eb qet\u00eb duket se po kalon edhe Partia Socialiste. Skandalet q\u00eb kan\u00eb plasur\u2026","rel":"","context":"In &quot;Blogu i Udh\u00ebtarit&quot;","block_context":{"text":"Blogu i Udh\u00ebtarit","link":"https:\/\/www.shqiperia.com\/blog\/category\/blogu-i-udhetarit\/"},"img":{"alt_text":"","src":"https:\/\/i0.wp.com\/www.shqiperia.com\/blog\/wp-content\/uploads\/2025\/02\/rama-veliaj5-1.webp?fit=633%2C347&ssl=1&resize=350%2C200","width":350,"height":200,"srcset":"https:\/\/i0.wp.com\/www.shqiperia.com\/blog\/wp-content\/uploads\/2025\/02\/rama-veliaj5-1.webp?fit=633%2C347&ssl=1&resize=350%2C200 1x, https:\/\/i0.wp.com\/www.shqiperia.com\/blog\/wp-content\/uploads\/2025\/02\/rama-veliaj5-1.webp?fit=633%2C347&ssl=1&resize=525%2C300 1.5x"},"classes":[]},{"id":89220,"url":"https:\/\/www.shqiperia.com\/blog\/belinda-balluku-i-merr-pushtetin-rames-shume-vendime-te-qeverise-mbajne-firmen-e-ballukut\/","url_meta":{"origin":78175,"position":3},"title":"Belinda Balluku \u201ci merr\u201d pushtetin Ram\u00ebs. &#8211; Shum\u00eb vendime t\u00eb qeveris\u00eb mbajn\u00eb firm\u00ebn e Ballukut.","author":"Kurt Farka","date":"February 8, 2025","format":false,"excerpt":"8 Shkurt 2025 N\u00eb sken\u00ebn politike shqiptare po vihen re l\u00ebvizje t\u00eb r\u00ebnd\u00ebsishme q\u00eb sinjalizojn\u00eb nj\u00eb zhvendosje t\u00eb pushtetit brenda qeveris\u00eb s\u00eb drejtuar nga Edi Rama. Zv\/kryeministrja Belinda Balluku duket se ka marr\u00eb tashm\u00eb kontroll t\u00eb plot\u00eb mbi vendimet ky\u00e7e qeveritare, duke eklipsuar edhe vet\u00eb kryeministrin. Shum\u00eb vendime t\u00eb qeveris\u00eb\u2026","rel":"","context":"In &quot;Blogu i Udh\u00ebtarit&quot;","block_context":{"text":"Blogu i Udh\u00ebtarit","link":"https:\/\/www.shqiperia.com\/blog\/category\/blogu-i-udhetarit\/"},"img":{"alt_text":"","src":"https:\/\/i0.wp.com\/www.shqiperia.com\/blog\/wp-content\/uploads\/2025\/02\/foto-faqe-3.png?fit=751%2C473&ssl=1&resize=350%2C200","width":350,"height":200,"srcset":"https:\/\/i0.wp.com\/www.shqiperia.com\/blog\/wp-content\/uploads\/2025\/02\/foto-faqe-3.png?fit=751%2C473&ssl=1&resize=350%2C200 1x, https:\/\/i0.wp.com\/www.shqiperia.com\/blog\/wp-content\/uploads\/2025\/02\/foto-faqe-3.png?fit=751%2C473&ssl=1&resize=525%2C300 1.5x, https:\/\/i0.wp.com\/www.shqiperia.com\/blog\/wp-content\/uploads\/2025\/02\/foto-faqe-3.png?fit=751%2C473&ssl=1&resize=700%2C400 2x"},"classes":[]},{"id":62010,"url":"https:\/\/www.shqiperia.com\/blog\/balluku-ne-vend-te-veliaj-rama-projekton-zevendeskryeministren-per-postin-e-kryebashkiakes-se-tiranes\/","url_meta":{"origin":78175,"position":4},"title":"Balluku n\u00eb vend t\u00eb Veliaj? &#8211; Rama projekton z\u00ebvend\u00ebskryeministren p\u00ebr postin e kryebashkiakes s\u00eb Tiran\u00ebs","author":"Kurt Farka","date":"September 10, 2022","format":false,"excerpt":"10 Shtator 2022 \"Do harxhojm\u00eb gjysm\u00ebn e koh\u00ebs t\u00eb sqarojm\u00eb cinik\u00ebt, t\u00eb lig\u00ebt, skeptik\u00ebt, dyshuesit, penguesit, st\u00ebrk\u00ebmb\u00ebshat, pabesin\u00eb, thikat pas shpine.\" N\u00eb fakt k\u00ebt\u00eb q\u00ebndrim Kryebashkiaku i Tiran\u00ebs e ka dh\u00ebn\u00eb teksa po p\u00ebrfitonte t\u00eb merrte pik\u00eb nga marrja e titullit kampione e Evrop\u00ebs prej Luiza Geg\u00ebs. Por kjo deklarat\u00eb\u2026","rel":"","context":"In &quot;Blogu i Udh\u00ebtarit&quot;","block_context":{"text":"Blogu i Udh\u00ebtarit","link":"https:\/\/www.shqiperia.com\/blog\/category\/blogu-i-udhetarit\/"},"img":{"alt_text":"","src":"https:\/\/i0.wp.com\/www.shqiperia.com\/blog\/wp-content\/uploads\/2022\/09\/download-300x158.jpg?resize=350%2C200&ssl=1","width":350,"height":200,"srcset":"https:\/\/i0.wp.com\/www.shqiperia.com\/blog\/wp-content\/uploads\/2022\/09\/download-300x158.jpg?resize=350%2C200&ssl=1 1x, https:\/\/i0.wp.com\/www.shqiperia.com\/blog\/wp-content\/uploads\/2022\/09\/download-300x158.jpg?resize=525%2C300&ssl=1 1.5x"},"classes":[]},{"id":88297,"url":"https:\/\/www.shqiperia.com\/blog\/lubonja-spak-goditje-fasade-per-ti-rene-ne-sy-amerikes-te-rasti-i-elbasanit-taulant-balla-eshte-kryesori-erion-veliaj-po-hetohet-per-nje-gje-familjare\/","url_meta":{"origin":78175,"position":5},"title":"Lubonja: SPAK, \u201cgoditje\u201d fasad\u00eb, p\u00ebr t\u2019i r\u00ebn\u00eb n\u00eb sy Amerik\u00ebs! Te rasti i Elbasanit, Taulant Balla \u00ebsht\u00eb kryesori, Erion Veliaj po hetohet p\u00ebr nj\u00eb gj\u00eb familjare","author":"Kurt Farka","date":"January 12, 2025","format":false,"excerpt":"12 Janar 2025 Analisti Fatos Lubonja, ka deklaruar se Prokuroria e Posa\u00e7me (SPAK) disa prej goditjeve ndaj politikan\u00ebve q\u00eb ka b\u00ebr\u00eb, sipas tij, i ka vet\u00ebm fasad\u00eb sa p\u00ebr t\u2019iu r\u00ebn\u00eb n\u00eb sy amerikan\u00ebve. I ftuar n\u00eb emisionin \u201cKjo Jav\u00eb\u201d, Lubonja deklaroi se SPAK nuk merret me t\u00eb gjith\u00eb sistemin,\u2026","rel":"","context":"In &quot;Blogu i Udh\u00ebtarit&quot;","block_context":{"text":"Blogu i Udh\u00ebtarit","link":"https:\/\/www.shqiperia.com\/blog\/category\/blogu-i-udhetarit\/"},"img":{"alt_text":"","src":"https:\/\/i0.wp.com\/www.shqiperia.com\/blog\/wp-content\/uploads\/2025\/01\/640-0-balla-veliaj-1736614523.jpg?fit=640%2C434&ssl=1&resize=350%2C200","width":350,"height":200,"srcset":"https:\/\/i0.wp.com\/www.shqiperia.com\/blog\/wp-content\/uploads\/2025\/01\/640-0-balla-veliaj-1736614523.jpg?fit=640%2C434&ssl=1&resize=350%2C200 1x, https:\/\/i0.wp.com\/www.shqiperia.com\/blog\/wp-content\/uploads\/2025\/01\/640-0-balla-veliaj-1736614523.jpg?fit=640%2C434&ssl=1&resize=525%2C300 1.5x"},"classes":[]}],"_links":{"self":[{"href":"https:\/\/www.shqiperia.com\/blog\/wp-json\/wp\/v2\/posts\/78175","targetHints":{"allow":["GET"]}}],"collection":[{"href":"https:\/\/www.shqiperia.com\/blog\/wp-json\/wp\/v2\/posts"}],"about":[{"href":"https:\/\/www.shqiperia.com\/blog\/wp-json\/wp\/v2\/types\/post"}],"author":[{"embeddable":true,"href":"https:\/\/www.shqiperia.com\/blog\/wp-json\/wp\/v2\/users\/9"}],"replies":[{"embeddable":true,"href":"https:\/\/www.shqiperia.com\/blog\/wp-json\/wp\/v2\/comments?post=78175"}],"version-history":[{"count":2,"href":"https:\/\/www.shqiperia.com\/blog\/wp-json\/wp\/v2\/posts\/78175\/revisions"}],"predecessor-version":[{"id":78180,"href":"https:\/\/www.shqiperia.com\/blog\/wp-json\/wp\/v2\/posts\/78175\/revisions\/78180"}],"wp:featuredmedia":[{"embeddable":true,"href":"https:\/\/www.shqiperia.com\/blog\/wp-json\/"}],"wp:attachment":[{"href":"https:\/\/www.shqiperia.com\/blog\/wp-json\/wp\/v2\/media?parent=78175"}],"wp:term":[{"taxonomy":"category","embeddable":true,"href":"https:\/\/www.shqiperia.com\/blog\/wp-json\/wp\/v2\/categories?post=78175"},{"taxonomy":"post_tag","embeddable":true,"href":"https:\/\/www.shqiperia.com\/blog\/wp-json\/wp\/v2\/tags?post=78175"}],"curies":[{"name":"wp","href":"https:\/\/api.w.org\/{rel}","templated":true}]}}