{"id":75862,"date":"2023-11-27T12:09:12","date_gmt":"2023-11-27T12:09:12","guid":{"rendered":"https:\/\/www.shqiperia.com\/blog\/?p=75862"},"modified":"2023-11-27T12:09:46","modified_gmt":"2023-11-27T12:09:46","slug":"gazeta-austriake-qendrat-e-refugjateve-ne-shqiperi-jane-nje-marreveshje-e-piste","status":"publish","type":"post","link":"https:\/\/www.shqiperia.com\/blog\/gazeta-austriake-qendrat-e-refugjateve-ne-shqiperi-jane-nje-marreveshje-e-piste\/","title":{"rendered":"Gazeta austriake: &#8211; Qendrat e refugjat\u00ebve n\u00eb Shqip\u00ebri jan\u00eb nj\u00eb marr\u00ebveshje e pist\u00eb"},"content":{"rendered":"<p><img data-recalc-dims=\"1\" loading=\"lazy\" decoding=\"async\" data-attachment-id=\"75863\" data-permalink=\"https:\/\/www.shqiperia.com\/blog\/gazeta-austriake-qendrat-e-refugjateve-ne-shqiperi-jane-nje-marreveshje-e-piste\/800-0-917c24306e21fe86c7a7eeab882a6e2b\/\" data-orig-file=\"https:\/\/i0.wp.com\/www.shqiperia.com\/blog\/wp-content\/uploads\/2023\/11\/800-0-917c24306e21fe86c7a7eeab882a6e2b.jpg?fit=800%2C539&amp;ssl=1\" data-orig-size=\"800,539\" data-comments-opened=\"1\" data-image-meta=\"{&quot;aperture&quot;:&quot;0&quot;,&quot;credit&quot;:&quot;&quot;,&quot;camera&quot;:&quot;&quot;,&quot;caption&quot;:&quot;&quot;,&quot;created_timestamp&quot;:&quot;0&quot;,&quot;copyright&quot;:&quot;&quot;,&quot;focal_length&quot;:&quot;0&quot;,&quot;iso&quot;:&quot;0&quot;,&quot;shutter_speed&quot;:&quot;0&quot;,&quot;title&quot;:&quot;&quot;,&quot;orientation&quot;:&quot;0&quot;}\" data-image-title=\"-800-0-917c24306e21fe86c7a7eeab882a6e2b\" data-image-description=\"\" data-image-caption=\"\" data-medium-file=\"https:\/\/i0.wp.com\/www.shqiperia.com\/blog\/wp-content\/uploads\/2023\/11\/800-0-917c24306e21fe86c7a7eeab882a6e2b.jpg?fit=300%2C202&amp;ssl=1\" data-large-file=\"https:\/\/i0.wp.com\/www.shqiperia.com\/blog\/wp-content\/uploads\/2023\/11\/800-0-917c24306e21fe86c7a7eeab882a6e2b.jpg?fit=800%2C539&amp;ssl=1\" class=\"alignnone wp-image-75863\" alt=\"\" src=\"https:\/\/i0.wp.com\/www.shqiperia.com\/blog\/wp-content\/uploads\/2023\/11\/800-0-917c24306e21fe86c7a7eeab882a6e2b.jpg?resize=799%2C538&#038;ssl=1\" width=\"799\" height=\"538\" srcset=\"https:\/\/i0.wp.com\/www.shqiperia.com\/blog\/wp-content\/uploads\/2023\/11\/800-0-917c24306e21fe86c7a7eeab882a6e2b.jpg?resize=300%2C202&amp;ssl=1 300w, https:\/\/i0.wp.com\/www.shqiperia.com\/blog\/wp-content\/uploads\/2023\/11\/800-0-917c24306e21fe86c7a7eeab882a6e2b.jpg?resize=768%2C517&amp;ssl=1 768w, https:\/\/i0.wp.com\/www.shqiperia.com\/blog\/wp-content\/uploads\/2023\/11\/800-0-917c24306e21fe86c7a7eeab882a6e2b.jpg?resize=450%2C303&amp;ssl=1 450w, https:\/\/i0.wp.com\/www.shqiperia.com\/blog\/wp-content\/uploads\/2023\/11\/800-0-917c24306e21fe86c7a7eeab882a6e2b.jpg?resize=600%2C404&amp;ssl=1 600w, https:\/\/i0.wp.com\/www.shqiperia.com\/blog\/wp-content\/uploads\/2023\/11\/800-0-917c24306e21fe86c7a7eeab882a6e2b.jpg?resize=400%2C270&amp;ssl=1 400w, https:\/\/i0.wp.com\/www.shqiperia.com\/blog\/wp-content\/uploads\/2023\/11\/800-0-917c24306e21fe86c7a7eeab882a6e2b.jpg?w=800&amp;ssl=1 800w\" sizes=\"auto, (max-width: 799px) 100vw, 799px\" \/><\/p>\n<p>27 Nentor 2023<\/p>\n<p>\u201cP\u00ebr BE-n\u00eb, sundimi i ligjit n\u00eb vendet kandidate duhet t\u00eb jet\u00eb prioriteti kryesor.<\/p>\n<p>\u201cQendrat e migracionit n\u00eb Shqip\u00ebri jan\u00eb nj\u00eb marr\u00ebveshje e pist\u00eb\u201d. K\u00ebshtu shkruan gazeta austriake<a href=\"https:\/\/www.derstandard.at\/story\/3000000196973\/die-migrationszentren-in-albanien-sind-ein-schmutziger-deal\"><span>\u00a0<\/span>Der Standard<span>\u00a0<\/span><\/a>n\u00eb nj\u00eb shkrim kushtuar marr\u00ebveshjes Rama-Meloni p\u00ebr trajtimin e emigrant\u00ebve n\u00eb Shqip\u00ebri.<\/p>\n<p>N\u00eb shkrimin me autore Adelheid W\u00f6lfl, thuhet se dikur n\u00eb vitin 2018 Herbert Kickl, n\u00eb at\u00eb koh\u00eb Minist\u00ebr i Brendsh\u00ebm i Austris\u00eb u p\u00ebrpoq t\u00eb bindte Shqip\u00ebrin\u00eb p\u00ebr ngritjen e nj\u00eb kampi p\u00ebr t\u00eb d\u00ebbuarit, por \u00ebsht\u00eb refuzuar.<\/p>\n<p>Kryeministri Edi Rama n\u00eb at\u00eb koh\u00eb ka theksuar: \u201cShqip\u00ebria nuk do t\u00eb jet\u00eb kurr\u00eb vendi ku vendet shum\u00eb t\u00eb pasura krijojn\u00eb kampe p\u00ebr t\u00eb hedhur emigrant\u00ebt\u201d. Tani gj\u00ebrat jan\u00eb padyshim ndryshe, shkruan gazeta.<\/p>\n<p>\u201cTre jav\u00eb m\u00eb par\u00eb, Rama n\u00ebnshkroi nj\u00eb protokoll me homologen e tij italiane Giorgia Meloni q\u00eb do t\u00eb sillte emigrant\u00ebt nga Mesdheu n\u00eb Shqip\u00ebri p\u00ebr t\u2019u mbajtur m\u00eb pas n\u00eb \u201cparaburgim administrativ\u201d n\u00eb \u201cqendrat e p\u00ebrpunimit t\u00eb emigracionit\u201d. E ardhmja e tyre e ardhshme nuk \u00ebsht\u00eb as e p\u00ebrcaktuar n\u00eb marr\u00ebveshje.<\/p>\n<p>Sipas avokat\u00ebve, Protokolli Meloni-Rama \u00ebsht\u00eb i paligjsh\u00ebm dhe antikushtetues p\u00ebr shum\u00eb arsye, si p\u00ebr shembull sepse cenon sovranitetin e shtetit t\u00eb Shqip\u00ebris\u00eb. Rama, i cili po sillet gjithnj\u00eb e m\u00eb autoritar n\u00eb Shqip\u00ebri, e paraqiti t\u00eb gjith\u00eb k\u00ebt\u00eb si nj\u00eb nder, sepse n\u00eb vitin 1997 Italia pranoi shum\u00eb shqiptar\u00eb q\u00eb po iknin nga dhuna dhe anarkia. N\u00eb Shqip\u00ebri n\u00eb ve\u00e7anti, megjithat\u00eb, \u00ebsht\u00eb e r\u00ebnd\u00ebsishme q\u00eb shteti i s\u00eb drejt\u00ebs t\u00eb mos cenohet m\u00eb tej nga marr\u00ebveshjet e pista si ajo me Italin\u00eb\u201d, shkruan gazeta.<\/p>\n<p>M\u00eb tej gazeta thekson se \u201cP\u00ebr BE-n\u00eb, sundimi i ligjit n\u00eb vendet kandidate duhet t\u00eb jet\u00eb prioriteti kryesor. Ideja p\u00ebr t\u00eb sqaruar statusin e emigrant\u00ebve n\u00eb m\u00ebnyr\u00eb ekstraterritoriale d\u00ebshtoi edhe n\u00eb Gjykat\u00ebn e Lart\u00eb n\u00eb Britanin\u00eb e Madhe. Gjykata Kushtetuese e Tiran\u00ebs duhet ta parandaloj\u00eb tani k\u00ebt\u00eb marr\u00ebzi\u201d.<\/p>\n<p>Nga Gazeta Sot<\/p>\n","protected":false},"excerpt":{"rendered":"<p>27 Nentor 2023 \u201cP\u00ebr BE-n\u00eb, sundimi i ligjit n\u00eb vendet kandidate duhet t\u00eb jet\u00eb prioriteti kryesor. \u201cQendrat e migracionit n\u00eb Shqip\u00ebri jan\u00eb nj\u00eb marr\u00ebveshje e pist\u00eb\u201d. K\u00ebshtu shkruan gazeta austriake\u00a0Der Standard\u00a0n\u00eb nj\u00eb shkrim kushtuar marr\u00ebveshjes Rama-Meloni p\u00ebr trajtimin e emigrant\u00ebve n\u00eb Shqip\u00ebri. N\u00eb shkrimin me autore Adelheid W\u00f6lfl, thuhet se dikur n\u00eb vitin 2018 Herbert [&hellip;]<\/p>\n","protected":false},"author":9,"featured_media":75863,"comment_status":"open","ping_status":"open","sticky":false,"template":"","format":"standard","meta":{"jetpack_post_was_ever_published":false,"_jetpack_newsletter_access":"","_jetpack_dont_email_post_to_subs":false,"_jetpack_newsletter_tier_id":0,"_jetpack_memberships_contains_paywalled_content":false,"_jetpack_memberships_contains_paid_content":false,"footnotes":"","jetpack_publicize_message":"","jetpack_publicize_feature_enabled":true,"jetpack_social_post_already_shared":true,"jetpack_social_options":{"image_generator_settings":{"template":"highway","default_image_id":0,"font":"","enabled":false},"version":2}},"categories":[27,2,35],"tags":[],"class_list":["post-75862","post","type-post","status-publish","format-standard","has-post-thumbnail","hentry","category-blogu-i-udhetarit","category-politika","category-shoqerore"],"jetpack_publicize_connections":[],"jetpack_featured_media_url":"https:\/\/i0.wp.com\/www.shqiperia.com\/blog\/wp-content\/uploads\/2023\/11\/800-0-917c24306e21fe86c7a7eeab882a6e2b.jpg?fit=800%2C539&ssl=1","jetpack_sharing_enabled":true,"jetpack_shortlink":"https:\/\/wp.me\/p5Z6wp-jJA","jetpack-related-posts":[{"id":104450,"url":"https:\/\/www.shqiperia.com\/blog\/gazeta-zvicerane-rama-e-drejton-personalisht-bumin-e-ndertimeve-libri-albanian-files-u-botua-ne-zyrih\/","url_meta":{"origin":75862,"position":0},"title":"Gazeta zvicerane: &#8211; Rama e drejton personalisht bumin e nd\u00ebrtimeve.   \u201cLibri \u2018Albanian Files\u2019 u botua n\u00eb Zyrih\u201d","author":"Kurt Farka","date":"August 14, 2026","format":false,"excerpt":"14 Gusht 2026 Gazeta e njohur zvicerane \u2018Tages Anzeiger\u2019 publikoi nj\u00eb shkrim t\u00eb gjat\u00eb n\u00eb lidhje me zhvillimet e fundit n\u00eb Shqip\u00ebri. Gazeta ndalet tek projekti i investimit n\u00eb Zv\u00ebrnec, duke theksuar se nuk ka asnj\u00eb mund\u00ebsi q\u00eb Edi Rama t\u00eb mos e dinte se \u00e7far\u00eb po ndodh, pasi ai\u2026","rel":"","context":"In &quot;Blogu i Udh\u00ebtarit&quot;","block_context":{"text":"Blogu i Udh\u00ebtarit","link":"https:\/\/www.shqiperia.com\/blog\/category\/blogu-i-udhetarit\/"},"img":{"alt_text":"","src":"https:\/\/i0.wp.com\/www.shqiperia.com\/blog\/wp-content\/uploads\/2026\/08\/Edi-Rama-albanian-files1-558x350-1.jpg?fit=558%2C350&ssl=1&resize=350%2C200","width":350,"height":200,"srcset":"https:\/\/i0.wp.com\/www.shqiperia.com\/blog\/wp-content\/uploads\/2026\/08\/Edi-Rama-albanian-files1-558x350-1.jpg?fit=558%2C350&ssl=1&resize=350%2C200 1x, https:\/\/i0.wp.com\/www.shqiperia.com\/blog\/wp-content\/uploads\/2026\/08\/Edi-Rama-albanian-files1-558x350-1.jpg?fit=558%2C350&ssl=1&resize=525%2C300 1.5x"},"classes":[]},{"id":104477,"url":"https:\/\/www.shqiperia.com\/blog\/toka-e-kushnerit-me-dokumente-false-gazeta-zvicerane-shkruan-per-te-hetuarin-e-droges-ramen-dhe-sazan-zvernecin\/","url_meta":{"origin":75862,"position":1},"title":"\u201cToka e Kushnerit\u201d, me dokumente false: &#8211; Gazeta zvicerane shkruan p\u00ebr t\u00eb hetuarin e drog\u00ebs, Ram\u00ebn dhe Sazan-Zv\u00ebrnecin","author":"Kurt Farka","date":"August 15, 2026","format":false,"excerpt":"15 Gusht 2026 Edhe gazeta zvicerane Tages-Anzeiger ka shkruar mbi prapaskenat e nj\u00eb prej projekteve t\u00eb luksit n\u00eb bregdetin shqiptar, ku kryq\u00ebzohen miliona dollar\u00eb, emra t\u00eb njohur nd\u00ebrkomb\u00ebtar\u00eb dhe figura t\u00eb bot\u00ebs s\u00eb krimit. N\u00eb qend\u00ebr t\u00eb shkrimit \u00ebsht\u00eb Artur Shehu \u2014 i k\u00ebrkuar nga drejt\u00ebsia dhe i akuzuar p\u00ebr\u2026","rel":"","context":"In &quot;Blogu i Udh\u00ebtarit&quot;","block_context":{"text":"Blogu i Udh\u00ebtarit","link":"https:\/\/www.shqiperia.com\/blog\/category\/blogu-i-udhetarit\/"},"img":{"alt_text":"","src":"https:\/\/i0.wp.com\/www.shqiperia.com\/blog\/wp-content\/uploads\/2026\/08\/Zvernec-Beach-1-2-1.jpg?fit=1024%2C723&ssl=1&resize=350%2C200","width":350,"height":200,"srcset":"https:\/\/i0.wp.com\/www.shqiperia.com\/blog\/wp-content\/uploads\/2026\/08\/Zvernec-Beach-1-2-1.jpg?fit=1024%2C723&ssl=1&resize=350%2C200 1x, https:\/\/i0.wp.com\/www.shqiperia.com\/blog\/wp-content\/uploads\/2026\/08\/Zvernec-Beach-1-2-1.jpg?fit=1024%2C723&ssl=1&resize=525%2C300 1.5x, https:\/\/i0.wp.com\/www.shqiperia.com\/blog\/wp-content\/uploads\/2026\/08\/Zvernec-Beach-1-2-1.jpg?fit=1024%2C723&ssl=1&resize=700%2C400 2x"},"classes":[]},{"id":105084,"url":"https:\/\/www.shqiperia.com\/blog\/mediat-evropiane-rinia-shqiptare-ngrihet-kunder-regjimit-autokratik-te-rames\/","url_meta":{"origin":75862,"position":2},"title":"Mediat evropiane: Rinia shqiptare ngrihet kund\u00ebr regjimit autokratik t\u00eb Ram\u00ebs","author":"Kurt Farka","date":"August 24, 2026","format":false,"excerpt":"24 Gusht 2026 Mediat n\u00eb Shqip\u00ebri e kan\u00eb kufizuar ndjesh\u00ebm raportimin p\u00ebr protestat q\u00eb po zhvillohen rregullisht prej thuajse tre muajsh p\u00ebrpara kryeministris\u00eb. Por mediat nd\u00ebrkomb\u00ebtare vazhdojn\u00eb ta ken\u00eb l\u00ebvizjen rinore qytetare n\u00eb qend\u00ebr t\u00eb v\u00ebmendjes. Gazeta franceze \u2018L\u2019Humanite\u2019 shkruan\u00a0se nga Serbia n\u00eb Shqip\u00ebri, rinia e Ballkanit po ngrihet kund\u00ebr\u2026","rel":"","context":"In &quot;Blogu i Udh\u00ebtarit&quot;","block_context":{"text":"Blogu i Udh\u00ebtarit","link":"https:\/\/www.shqiperia.com\/blog\/category\/blogu-i-udhetarit\/"},"img":{"alt_text":"","src":"https:\/\/i0.wp.com\/www.shqiperia.com\/blog\/wp-content\/uploads\/2026\/08\/770985824_3285727254921661_236673638084350325_n-3.jpg?fit=1200%2C800&ssl=1&resize=350%2C200","width":350,"height":200,"srcset":"https:\/\/i0.wp.com\/www.shqiperia.com\/blog\/wp-content\/uploads\/2026\/08\/770985824_3285727254921661_236673638084350325_n-3.jpg?fit=1200%2C800&ssl=1&resize=350%2C200 1x, https:\/\/i0.wp.com\/www.shqiperia.com\/blog\/wp-content\/uploads\/2026\/08\/770985824_3285727254921661_236673638084350325_n-3.jpg?fit=1200%2C800&ssl=1&resize=525%2C300 1.5x, https:\/\/i0.wp.com\/www.shqiperia.com\/blog\/wp-content\/uploads\/2026\/08\/770985824_3285727254921661_236673638084350325_n-3.jpg?fit=1200%2C800&ssl=1&resize=700%2C400 2x, https:\/\/i0.wp.com\/www.shqiperia.com\/blog\/wp-content\/uploads\/2026\/08\/770985824_3285727254921661_236673638084350325_n-3.jpg?fit=1200%2C800&ssl=1&resize=1050%2C600 3x"},"classes":[]},{"id":103290,"url":"https:\/\/www.shqiperia.com\/blog\/cnn-objektiv-i-protestave-eshte-edi-rama\/","url_meta":{"origin":75862,"position":3},"title":"CNN: &#8211; Objektiv i protestave \u00ebsht\u00eb Edi Rama","author":"Kurt Farka","date":"July 27, 2026","format":false,"excerpt":"27 Korrik 2026 \u201cFAREED\u2019s Global Briefing\u201d \u00ebsht\u00eb buletini javor i gazetarit t\u00eb njohur Fareed Zakaria, drejtues i emisionit \u201cFareed Zakaria GPS\u201d, nj\u00eb prej programeve m\u00eb t\u00eb ndjekura t\u00eb CNN p\u00ebr politik\u00ebn nd\u00ebrkomb\u00ebtare dhe gjeopolitik\u00ebn. N\u00eb edicionin m\u00eb t\u00eb fundit, Zakaria i kushton v\u00ebmendje edhe Shqip\u00ebris\u00eb, duke e p\u00ebrfshir\u00eb protest\u00ebn 57-ditore\u2026","rel":"","context":"In &quot;Blogu i Udh\u00ebtarit&quot;","block_context":{"text":"Blogu i Udh\u00ebtarit","link":"https:\/\/www.shqiperia.com\/blog\/category\/blogu-i-udhetarit\/"},"img":{"alt_text":"","src":"https:\/\/i0.wp.com\/www.shqiperia.com\/blog\/wp-content\/uploads\/2026\/07\/maxresdefault-2.jpg?fit=1200%2C675&ssl=1&resize=350%2C200","width":350,"height":200,"srcset":"https:\/\/i0.wp.com\/www.shqiperia.com\/blog\/wp-content\/uploads\/2026\/07\/maxresdefault-2.jpg?fit=1200%2C675&ssl=1&resize=350%2C200 1x, https:\/\/i0.wp.com\/www.shqiperia.com\/blog\/wp-content\/uploads\/2026\/07\/maxresdefault-2.jpg?fit=1200%2C675&ssl=1&resize=525%2C300 1.5x, https:\/\/i0.wp.com\/www.shqiperia.com\/blog\/wp-content\/uploads\/2026\/07\/maxresdefault-2.jpg?fit=1200%2C675&ssl=1&resize=700%2C400 2x, https:\/\/i0.wp.com\/www.shqiperia.com\/blog\/wp-content\/uploads\/2026\/07\/maxresdefault-2.jpg?fit=1200%2C675&ssl=1&resize=1050%2C600 3x"},"classes":[]},{"id":101166,"url":"https:\/\/www.shqiperia.com\/blog\/gazeta-spanjolle-rama-i-zhytur-ne-skandale-krimi-kontrollon-vendin-droga-gjeneron-mbi-4-5-miliarde-euro-ne-vit\/","url_meta":{"origin":75862,"position":4},"title":"Gazeta spanjolle: &#8211; Rama i zhytur n\u00eb skandale, krimi kontrollon vendin, droga gjeneron mbi 4.5 miliard\u00eb euro n\u00eb vit","author":"Kurt Farka","date":"June 6, 2026","format":false,"excerpt":"6 Qershor 2026 Nga Eliseo Oliveras,\u00a0EL PERIODICO Shqip\u00ebria ka arritur t\u00eb hap\u00eb faz\u00ebn p\u00ebrfundimtare t\u00eb negociatave p\u00ebr an\u00ebtar\u00ebsimin n\u00eb Bashkimin Evropian (BE) n\u00eb Konferenc\u00ebn Nd\u00ebrqeveritare t\u00eb 26 majit, duke ndjekur hapat e Malit tw Zi. T\u00eb dy vendet jan\u00eb kandidat\u00ebt p\u00ebr an\u00ebtar\u00ebsim q\u00eb kan\u00eb avancuar m\u00eb shum\u00eb n\u00eb procesin e\u2026","rel":"","context":"In &quot;Blogu i Udh\u00ebtarit&quot;","block_context":{"text":"Blogu i Udh\u00ebtarit","link":"https:\/\/www.shqiperia.com\/blog\/category\/blogu-i-udhetarit\/"},"img":{"alt_text":"","src":"https:\/\/i0.wp.com\/www.shqiperia.com\/blog\/wp-content\/uploads\/2026\/06\/1280X720-10892714-2.jpg?fit=1200%2C675&ssl=1&resize=350%2C200","width":350,"height":200,"srcset":"https:\/\/i0.wp.com\/www.shqiperia.com\/blog\/wp-content\/uploads\/2026\/06\/1280X720-10892714-2.jpg?fit=1200%2C675&ssl=1&resize=350%2C200 1x, https:\/\/i0.wp.com\/www.shqiperia.com\/blog\/wp-content\/uploads\/2026\/06\/1280X720-10892714-2.jpg?fit=1200%2C675&ssl=1&resize=525%2C300 1.5x, https:\/\/i0.wp.com\/www.shqiperia.com\/blog\/wp-content\/uploads\/2026\/06\/1280X720-10892714-2.jpg?fit=1200%2C675&ssl=1&resize=700%2C400 2x, https:\/\/i0.wp.com\/www.shqiperia.com\/blog\/wp-content\/uploads\/2026\/06\/1280X720-10892714-2.jpg?fit=1200%2C675&ssl=1&resize=1050%2C600 3x"},"classes":[]},{"id":101881,"url":"https:\/\/www.shqiperia.com\/blog\/gazetari-holandez-edi-rama-eshte-kumbari-ne-shqiperi-kjo-studio-arkitekturore-ndertoi-vilen-e-tij-ne-surrel\/","url_meta":{"origin":75862,"position":5},"title":"Gazetari holandez: Edi Rama \u00ebsht\u00eb kumbari n\u00eb Shqip\u00ebri. Kjo studio arkitekturore nd\u00ebrtoi vil\u00ebn e tij n\u00eb Surrel","author":"Kurt Farka","date":"June 27, 2026","format":false,"excerpt":"27 Qershor 2026 Gazetari holandez Vincent van Gerven Oei q\u00eb \u00ebsht\u00eb marr\u00eb shum\u00eb m\u00eb investigime n\u00eb Shqip\u00ebri, p\u00ebr lidhjet e Edi Ram\u00ebs dhe vazhdimisht ka zbardhur detaje t\u00eb r\u00ebnd\u00ebsishme t\u00eb aferave shum\u00eb t\u00eb r\u00ebnd\u00ebsishme n\u00eb Shqip\u00ebri. N\u00eb nj\u00eb intervist\u00eb ekskluzive me Armela Fekron n\u00eb SYRI TV, ai tregon se si\u2026","rel":"","context":"In &quot;Blogu i Udh\u00ebtarit&quot;","block_context":{"text":"Blogu i Udh\u00ebtarit","link":"https:\/\/www.shqiperia.com\/blog\/category\/blogu-i-udhetarit\/"},"img":{"alt_text":"","src":"https:\/\/i0.wp.com\/www.shqiperia.com\/blog\/wp-content\/uploads\/2026\/06\/Untitled-1-183-1024x538-1.jpg?fit=1024%2C538&ssl=1&resize=350%2C200","width":350,"height":200,"srcset":"https:\/\/i0.wp.com\/www.shqiperia.com\/blog\/wp-content\/uploads\/2026\/06\/Untitled-1-183-1024x538-1.jpg?fit=1024%2C538&ssl=1&resize=350%2C200 1x, https:\/\/i0.wp.com\/www.shqiperia.com\/blog\/wp-content\/uploads\/2026\/06\/Untitled-1-183-1024x538-1.jpg?fit=1024%2C538&ssl=1&resize=525%2C300 1.5x, https:\/\/i0.wp.com\/www.shqiperia.com\/blog\/wp-content\/uploads\/2026\/06\/Untitled-1-183-1024x538-1.jpg?fit=1024%2C538&ssl=1&resize=700%2C400 2x"},"classes":[]}],"_links":{"self":[{"href":"https:\/\/www.shqiperia.com\/blog\/wp-json\/wp\/v2\/posts\/75862","targetHints":{"allow":["GET"]}}],"collection":[{"href":"https:\/\/www.shqiperia.com\/blog\/wp-json\/wp\/v2\/posts"}],"about":[{"href":"https:\/\/www.shqiperia.com\/blog\/wp-json\/wp\/v2\/types\/post"}],"author":[{"embeddable":true,"href":"https:\/\/www.shqiperia.com\/blog\/wp-json\/wp\/v2\/users\/9"}],"replies":[{"embeddable":true,"href":"https:\/\/www.shqiperia.com\/blog\/wp-json\/wp\/v2\/comments?post=75862"}],"version-history":[{"count":2,"href":"https:\/\/www.shqiperia.com\/blog\/wp-json\/wp\/v2\/posts\/75862\/revisions"}],"predecessor-version":[{"id":75865,"href":"https:\/\/www.shqiperia.com\/blog\/wp-json\/wp\/v2\/posts\/75862\/revisions\/75865"}],"wp:featuredmedia":[{"embeddable":true,"href":"https:\/\/www.shqiperia.com\/blog\/wp-json\/wp\/v2\/media\/75863"}],"wp:attachment":[{"href":"https:\/\/www.shqiperia.com\/blog\/wp-json\/wp\/v2\/media?parent=75862"}],"wp:term":[{"taxonomy":"category","embeddable":true,"href":"https:\/\/www.shqiperia.com\/blog\/wp-json\/wp\/v2\/categories?post=75862"},{"taxonomy":"post_tag","embeddable":true,"href":"https:\/\/www.shqiperia.com\/blog\/wp-json\/wp\/v2\/tags?post=75862"}],"curies":[{"name":"wp","href":"https:\/\/api.w.org\/{rel}","templated":true}]}}