{"id":74050,"date":"2023-09-07T11:37:57","date_gmt":"2023-09-07T11:37:57","guid":{"rendered":"https:\/\/www.shqiperia.com\/blog\/?p=74050"},"modified":"2023-09-07T11:37:57","modified_gmt":"2023-09-07T11:37:57","slug":"pamje-tronditese-nga-greqia-njerezit-ngjiten-ne-cati-per-te-shpetuar-nga-permbytjet","status":"publish","type":"post","link":"https:\/\/www.shqiperia.com\/blog\/pamje-tronditese-nga-greqia-njerezit-ngjiten-ne-cati-per-te-shpetuar-nga-permbytjet\/","title":{"rendered":"Pamje trondit\u00ebse nga Greqia. &#8211; Njer\u00ebzit ngjiten n\u00eb \u00e7ati p\u00ebr t\u00eb shp\u00ebtuar nga p\u00ebrmbytjet"},"content":{"rendered":"<p><img data-recalc-dims=\"1\" loading=\"lazy\" decoding=\"async\" data-attachment-id=\"74051\" data-permalink=\"https:\/\/www.shqiperia.com\/blog\/pamje-tronditese-nga-greqia-njerezit-ngjiten-ne-cati-per-te-shpetuar-nga-permbytjet\/05greece-floods-wpvk-videosixteenbynine3000-1536x864\/\" data-orig-file=\"https:\/\/i0.wp.com\/www.shqiperia.com\/blog\/wp-content\/uploads\/2023\/09\/05greece-floods-wpvk-videoSixteenByNine3000-1536x864-1.jpg?fit=1536%2C864&amp;ssl=1\" data-orig-size=\"1536,864\" data-comments-opened=\"1\" data-image-meta=\"{&quot;aperture&quot;:&quot;0&quot;,&quot;credit&quot;:&quot;&quot;,&quot;camera&quot;:&quot;&quot;,&quot;caption&quot;:&quot;&quot;,&quot;created_timestamp&quot;:&quot;0&quot;,&quot;copyright&quot;:&quot;&quot;,&quot;focal_length&quot;:&quot;0&quot;,&quot;iso&quot;:&quot;0&quot;,&quot;shutter_speed&quot;:&quot;0&quot;,&quot;title&quot;:&quot;&quot;,&quot;orientation&quot;:&quot;0&quot;}\" data-image-title=\"05greece-floods-wpvk-videoSixteenByNine3000-1536&#215;864\" data-image-description=\"\" data-image-caption=\"\" data-medium-file=\"https:\/\/i0.wp.com\/www.shqiperia.com\/blog\/wp-content\/uploads\/2023\/09\/05greece-floods-wpvk-videoSixteenByNine3000-1536x864-1.jpg?fit=300%2C169&amp;ssl=1\" data-large-file=\"https:\/\/i0.wp.com\/www.shqiperia.com\/blog\/wp-content\/uploads\/2023\/09\/05greece-floods-wpvk-videoSixteenByNine3000-1536x864-1.jpg?fit=1024%2C576&amp;ssl=1\" class=\"alignnone  wp-image-74051\" alt=\"\" src=\"https:\/\/i0.wp.com\/www.shqiperia.com\/blog\/wp-content\/uploads\/2023\/09\/05greece-floods-wpvk-videoSixteenByNine3000-1536x864-1.jpg?resize=792%2C446&#038;ssl=1\" width=\"792\" height=\"446\" srcset=\"https:\/\/i0.wp.com\/www.shqiperia.com\/blog\/wp-content\/uploads\/2023\/09\/05greece-floods-wpvk-videoSixteenByNine3000-1536x864-1.jpg?resize=300%2C169&amp;ssl=1 300w, https:\/\/i0.wp.com\/www.shqiperia.com\/blog\/wp-content\/uploads\/2023\/09\/05greece-floods-wpvk-videoSixteenByNine3000-1536x864-1.jpg?resize=1024%2C576&amp;ssl=1 1024w, https:\/\/i0.wp.com\/www.shqiperia.com\/blog\/wp-content\/uploads\/2023\/09\/05greece-floods-wpvk-videoSixteenByNine3000-1536x864-1.jpg?resize=768%2C432&amp;ssl=1 768w, https:\/\/i0.wp.com\/www.shqiperia.com\/blog\/wp-content\/uploads\/2023\/09\/05greece-floods-wpvk-videoSixteenByNine3000-1536x864-1.jpg?resize=450%2C253&amp;ssl=1 450w, https:\/\/i0.wp.com\/www.shqiperia.com\/blog\/wp-content\/uploads\/2023\/09\/05greece-floods-wpvk-videoSixteenByNine3000-1536x864-1.jpg?resize=600%2C338&amp;ssl=1 600w, https:\/\/i0.wp.com\/www.shqiperia.com\/blog\/wp-content\/uploads\/2023\/09\/05greece-floods-wpvk-videoSixteenByNine3000-1536x864-1.jpg?resize=1500%2C844&amp;ssl=1 1500w, https:\/\/i0.wp.com\/www.shqiperia.com\/blog\/wp-content\/uploads\/2023\/09\/05greece-floods-wpvk-videoSixteenByNine3000-1536x864-1.jpg?resize=1300%2C731&amp;ssl=1 1300w, https:\/\/i0.wp.com\/www.shqiperia.com\/blog\/wp-content\/uploads\/2023\/09\/05greece-floods-wpvk-videoSixteenByNine3000-1536x864-1.jpg?resize=400%2C225&amp;ssl=1 400w, https:\/\/i0.wp.com\/www.shqiperia.com\/blog\/wp-content\/uploads\/2023\/09\/05greece-floods-wpvk-videoSixteenByNine3000-1536x864-1.jpg?w=1536&amp;ssl=1 1536w\" sizes=\"auto, (max-width: 792px) 100vw, 792px\" \/><\/p>\n<p>7 Shtator 2023<\/p>\n<p>Situata n\u00eb vendin fqinj nga p\u00ebrmbytjet nuk \u00ebsht\u00eb aspak e mir\u00eb.<\/p>\n<p>Pothuajse t\u00eb gjitha fshatrat n\u00eb Kardic\u00eb jan\u00eb n\u00ebn uj\u00eb nga reshjet e dendura t\u00eb shiut, nd\u00ebrkoh\u00eb q\u00eb moti i keq vijon q\u00eb nga dita e mart\u00eb.<\/p>\n<p>N\u00eb shum\u00eb fshatra n\u00eb komun\u00ebn e Palamas, njer\u00ebzit jan\u00eb n\u00eb \u00e7ati ose vende m\u00eb t\u00eb larta duke k\u00ebrkuar ndihm\u00eb. Situata n\u00eb zon\u00ebn e Metamorfosit \u00ebsht\u00eb zem\u00ebrthyese.<\/p>\n<p>\u00cbsht\u00eb k\u00ebrkuar nd\u00ebrhyrje nga Forcat e Armatosura, nd\u00ebrsa k\u00ebrkohen edhe helikopter\u00eb p\u00ebr shp\u00ebtimin e qytetar\u00ebve. T\u00eb p\u00ebrmbytur jan\u00eb edhe fshatrat e bashkis\u00eb Kardic\u00eb dhe Sofadon.<\/p>\n<p>Pamja n\u00eb\u00a0qytetin e Kardic\u00ebs\u00a0\u00ebsht\u00eb m\u00eb e mir\u00eb, por s\u00ebrish ka nisur t\u00eb bjer\u00eb shi, duke shkaktuar shqet\u00ebsim t\u00eb madh te banor\u00ebt.<\/p>\n<p>Gazeta Dita<\/p>\n","protected":false},"excerpt":{"rendered":"<p>7 Shtator 2023 Situata n\u00eb vendin fqinj nga p\u00ebrmbytjet nuk \u00ebsht\u00eb aspak e mir\u00eb. Pothuajse t\u00eb gjitha fshatrat n\u00eb Kardic\u00eb jan\u00eb n\u00ebn uj\u00eb nga reshjet e dendura t\u00eb shiut, nd\u00ebrkoh\u00eb q\u00eb moti i keq vijon q\u00eb nga dita e mart\u00eb. N\u00eb shum\u00eb fshatra n\u00eb komun\u00ebn e Palamas, njer\u00ebzit jan\u00eb n\u00eb \u00e7ati ose vende m\u00eb t\u00eb [&hellip;]<\/p>\n","protected":false},"author":9,"featured_media":74051,"comment_status":"open","ping_status":"open","sticky":false,"template":"","format":"standard","meta":{"jetpack_post_was_ever_published":false,"_jetpack_newsletter_access":"","_jetpack_dont_email_post_to_subs":false,"_jetpack_newsletter_tier_id":0,"_jetpack_memberships_contains_paywalled_content":false,"_jetpack_memberships_contains_paid_content":false,"footnotes":"","jetpack_publicize_message":"","jetpack_publicize_feature_enabled":true,"jetpack_social_post_already_shared":true,"jetpack_social_options":{"image_generator_settings":{"template":"highway","default_image_id":0,"font":"","enabled":false},"version":2}},"categories":[27,1,35],"tags":[],"class_list":["post-74050","post","type-post","status-publish","format-standard","has-post-thumbnail","hentry","category-blogu-i-udhetarit","category-njoftime-shtypi","category-shoqerore"],"jetpack_publicize_connections":[],"jetpack_featured_media_url":"https:\/\/i0.wp.com\/www.shqiperia.com\/blog\/wp-content\/uploads\/2023\/09\/05greece-floods-wpvk-videoSixteenByNine3000-1536x864-1.jpg?fit=1536%2C864&ssl=1","jetpack_sharing_enabled":true,"jetpack_shortlink":"https:\/\/wp.me\/p5Z6wp-jgm","jetpack-related-posts":[{"id":96345,"url":"https:\/\/www.shqiperia.com\/blog\/pamje-apokaliptike-nga-permbytjet-situate-kritike-ne-durres\/","url_meta":{"origin":74050,"position":0},"title":"Pamje apokaliptike nga p\u00ebrmbytjet. Situat\u00eb kritike n\u00eb Durr\u00ebs","author":"Kurt Farka","date":"January 7, 2026","format":false,"excerpt":"7 Janar 2026 Vijon t\u00eb mbetet kritike situata nga p\u00ebrmbytjet n\u00eb vend, p\u00ebr shkak t\u00eb reshjeve t\u00eb dendura t\u00eb shiut q\u00eb prej dit\u00ebs s\u00eb djeshme. M\u00eb e goditura nga p\u00ebrmbytjet \u00ebsht\u00eb\u00a0Gjirokastra. 70 biznese, shum\u00eb sht\u00ebpi dhe automjete jan\u00eb shkat\u00ebrruar n\u00eb lagjen \u201c18 shtatori\u201d. Pamjet gati apokaliptike me masive inertesh dhe\u2026","rel":"","context":"In &quot;Blogu i Udh\u00ebtarit&quot;","block_context":{"text":"Blogu i Udh\u00ebtarit","link":"https:\/\/www.shqiperia.com\/blog\/category\/blogu-i-udhetarit\/"},"img":{"alt_text":"","src":"https:\/\/i0.wp.com\/www.shqiperia.com\/blog\/wp-content\/uploads\/2026\/01\/SHKODER-800x450-1.webp?fit=800%2C450&ssl=1&resize=350%2C200","width":350,"height":200,"srcset":"https:\/\/i0.wp.com\/www.shqiperia.com\/blog\/wp-content\/uploads\/2026\/01\/SHKODER-800x450-1.webp?fit=800%2C450&ssl=1&resize=350%2C200 1x, https:\/\/i0.wp.com\/www.shqiperia.com\/blog\/wp-content\/uploads\/2026\/01\/SHKODER-800x450-1.webp?fit=800%2C450&ssl=1&resize=525%2C300 1.5x, https:\/\/i0.wp.com\/www.shqiperia.com\/blog\/wp-content\/uploads\/2026\/01\/SHKODER-800x450-1.webp?fit=800%2C450&ssl=1&resize=700%2C400 2x"},"classes":[]},{"id":71989,"url":"https:\/\/www.shqiperia.com\/blog\/rikthehen-permbytjet-ne-itali-autoritetet-dalin-me-paralajmerimin-e-frikshem-ndaj-qytetareve\/","url_meta":{"origin":74050,"position":1},"title":"Rikthehen p\u00ebrmbytjet n\u00eb Itali. &#8211; Autoritetet dalin me paralajm\u00ebrimin e friksh\u00ebm ndaj qytetar\u00ebve","author":"Kurt Farka","date":"June 6, 2023","format":false,"excerpt":"6 Qershor 2023 Moti i keq me shi dhe p\u00ebrmbytje \u00ebsht\u00eb rikthyer n\u00eb Itali dhe k\u00ebt\u00eb her\u00eb ka prekur zon\u00ebn Macerata. Mediat italiane b\u00ebjn\u00eb t\u00eb ditur se Macerata dhe provinca e saj u godit\u00ebn n\u00eb or\u00ebt e vona t\u00eb pasdites nga reshjet e dendura t\u00eb shiut q\u00eb zgjat\u00ebn gati tre\u2026","rel":"","context":"In &quot;Blogu i Udh\u00ebtarit&quot;","block_context":{"text":"Blogu i Udh\u00ebtarit","link":"https:\/\/www.shqiperia.com\/blog\/category\/blogu-i-udhetarit\/"},"img":{"alt_text":"","src":"https:\/\/i0.wp.com\/www.shqiperia.com\/blog\/wp-content\/uploads\/2023\/06\/1684581978_13.jpg?fit=884%2C494&ssl=1&resize=350%2C200","width":350,"height":200,"srcset":"https:\/\/i0.wp.com\/www.shqiperia.com\/blog\/wp-content\/uploads\/2023\/06\/1684581978_13.jpg?fit=884%2C494&ssl=1&resize=350%2C200 1x, https:\/\/i0.wp.com\/www.shqiperia.com\/blog\/wp-content\/uploads\/2023\/06\/1684581978_13.jpg?fit=884%2C494&ssl=1&resize=525%2C300 1.5x, https:\/\/i0.wp.com\/www.shqiperia.com\/blog\/wp-content\/uploads\/2023\/06\/1684581978_13.jpg?fit=884%2C494&ssl=1&resize=700%2C400 2x"},"classes":[]},{"id":64473,"url":"https:\/\/www.shqiperia.com\/blog\/nga-e-diela-rrezikohen-nga-permbytjet-zonat-e-uleta-ne-veriperendim-dhe-prane-vjoses-ne-vlore\/","url_meta":{"origin":74050,"position":2},"title":"Nga e diela rrezikohen nga permbytjet zonat e ul\u00ebta n\u00eb veriper\u00ebndim dhe pran\u00eb Vjos\u00ebs n\u00eb Vlore","author":"Kurt Farka","date":"November 19, 2022","format":false,"excerpt":"10 Nentor 2022 Veriu i Shqip\u00ebris\u00eb \u00ebsht\u00eb p\u00ebrfshir\u00eb nga reshje t\u00eb dendura shiu q\u00eb priten t\u00eb ndalen n\u00eb mesin e jav\u00ebs q\u00eb vjen. Lajm i mir\u00eb ky p\u00ebr shqiptar\u00ebt, pasi nga reshjet e shiut varet edhe fasha 800 kWh, e cila \u00ebsht\u00eb shtyr\u00eb p\u00ebr shkak t\u00eb kushteve t\u00eb favorshme hidrike\u2026","rel":"","context":"In &quot;Blogu i Udh\u00ebtarit&quot;","block_context":{"text":"Blogu i Udh\u00ebtarit","link":"https:\/\/www.shqiperia.com\/blog\/category\/blogu-i-udhetarit\/"},"img":{"alt_text":"","src":"https:\/\/i0.wp.com\/www.shqiperia.com\/blog\/wp-content\/uploads\/2022\/11\/800-0-shi-ne-tirane-moti-reshje-1024x651-1.jpg?fit=800%2C509&ssl=1&resize=350%2C200","width":350,"height":200,"srcset":"https:\/\/i0.wp.com\/www.shqiperia.com\/blog\/wp-content\/uploads\/2022\/11\/800-0-shi-ne-tirane-moti-reshje-1024x651-1.jpg?fit=800%2C509&ssl=1&resize=350%2C200 1x, https:\/\/i0.wp.com\/www.shqiperia.com\/blog\/wp-content\/uploads\/2022\/11\/800-0-shi-ne-tirane-moti-reshje-1024x651-1.jpg?fit=800%2C509&ssl=1&resize=525%2C300 1.5x, https:\/\/i0.wp.com\/www.shqiperia.com\/blog\/wp-content\/uploads\/2022\/11\/800-0-shi-ne-tirane-moti-reshje-1024x651-1.jpg?fit=800%2C509&ssl=1&resize=700%2C400 2x"},"classes":[]},{"id":84712,"url":"https:\/\/www.shqiperia.com\/blog\/stuhia-boris-ne-itali-shkakton-permbytje-te-medha-dhe-rreshqitje-dheu\/","url_meta":{"origin":74050,"position":3},"title":"Stuhia \u2018Boris\u2019 n\u00eb Itali, shkakton p\u00ebrmbytje t\u00eb m\u00ebdha dhe rr\u00ebshqitje dheu","author":"Kurt Farka","date":"September 19, 2024","format":false,"excerpt":"19 Shjtator 2024 Sht\u00ebpit\u00eb po evakuohen n\u00eb rajonin verior italian t\u00eb Emilia-Romagna pasi stuhia Boris, e cila ka vrar\u00eb t\u00eb pakt\u00ebn 24 njer\u00ebz n\u00eb Evrop\u00ebn Qendrore dhe Lindore q\u00eb nga java e kaluar, p\u00ebrfshiu vendin, duke shkaktuar p\u00ebrmbytje t\u00eb r\u00ebnda dhe rr\u00ebshqitje t\u00eb dheut. Shiu i fuqish\u00ebm goditi Emilia-Romagna von\u00eb\u2026","rel":"","context":"In &quot;Blogu i Udh\u00ebtarit&quot;","block_context":{"text":"Blogu i Udh\u00ebtarit","link":"https:\/\/www.shqiperia.com\/blog\/category\/blogu-i-udhetarit\/"},"img":{"alt_text":"","src":"https:\/\/i0.wp.com\/www.shqiperia.com\/blog\/wp-content\/uploads\/2024\/09\/permbytje-itali1.jpg?fit=1200%2C724&ssl=1&resize=350%2C200","width":350,"height":200,"srcset":"https:\/\/i0.wp.com\/www.shqiperia.com\/blog\/wp-content\/uploads\/2024\/09\/permbytje-itali1.jpg?fit=1200%2C724&ssl=1&resize=350%2C200 1x, https:\/\/i0.wp.com\/www.shqiperia.com\/blog\/wp-content\/uploads\/2024\/09\/permbytje-itali1.jpg?fit=1200%2C724&ssl=1&resize=525%2C300 1.5x, https:\/\/i0.wp.com\/www.shqiperia.com\/blog\/wp-content\/uploads\/2024\/09\/permbytje-itali1.jpg?fit=1200%2C724&ssl=1&resize=700%2C400 2x, https:\/\/i0.wp.com\/www.shqiperia.com\/blog\/wp-content\/uploads\/2024\/09\/permbytje-itali1.jpg?fit=1200%2C724&ssl=1&resize=1050%2C600 3x"},"classes":[]},{"id":44292,"url":"https:\/\/www.shqiperia.com\/blog\/rama-ne-shkoder-qytetaret-te-revoltuar-miliona-leke-dem-nga-permbytjet-shteti-spo-na-pergjigjet\/","url_meta":{"origin":74050,"position":4},"title":"Rama n\u00eb Shkod\u00ebr\/ Qytetar\u00ebt t\u00eb revoltuar: Miliona lek\u00eb d\u00ebm nga p\u00ebrmbytjet, shteti s\u2019po na p\u00ebrgjigjet","author":"Kurt Farka","date":"February 16, 2021","format":false,"excerpt":"Rama n\u00eb Shkod\u00ebr\/ Qytetar\u00ebt t\u00eb revoltuar: Miliona lek\u00eb d\u00ebm nga p\u00ebrmbytjet, shteti s\u2019po na p\u00ebrgjigjet 16 SHKURT 2021 Me protesta \u00ebsht\u00eb pritur sot n\u00eb Shkod\u00ebr kryeministri Edi Rama, ku qytetar\u00eb nga zonat e p\u00ebrmbytura dol\u00ebn n\u00eb rrug\u00eb, n\u00eb hyrje t\u00eb Shkodr\u00ebs. Nj\u00eb prej qytetar\u00ebve tha se ka nj\u00eb varrez\u00eb makinash\u2026","rel":"","context":"In &quot;Blogu i Udh\u00ebtarit&quot;","block_context":{"text":"Blogu i Udh\u00ebtarit","link":"https:\/\/www.shqiperia.com\/blog\/category\/blogu-i-udhetarit\/"},"img":{"alt_text":"","src":"https:\/\/i0.wp.com\/www.shqiperia.com\/blog\/wp-content\/uploads\/2021\/02\/640-0-602b98fcc4625.jpg?fit=640%2C318&ssl=1&resize=350%2C200","width":350,"height":200,"srcset":"https:\/\/i0.wp.com\/www.shqiperia.com\/blog\/wp-content\/uploads\/2021\/02\/640-0-602b98fcc4625.jpg?fit=640%2C318&ssl=1&resize=350%2C200 1x, https:\/\/i0.wp.com\/www.shqiperia.com\/blog\/wp-content\/uploads\/2021\/02\/640-0-602b98fcc4625.jpg?fit=640%2C318&ssl=1&resize=525%2C300 1.5x"},"classes":[]},{"id":96908,"url":"https:\/\/www.shqiperia.com\/blog\/fatura-e-demeve-te-permbytjeve-mund-te-arrije-deri-ne-300-milione-euro\/","url_meta":{"origin":74050,"position":5},"title":"Fatura e d\u00ebmeve t\u00eb p\u00ebrmbytjeve mund t\u00eb arrij\u00eb deri n\u00eb 300 milion\u00eb euro","author":"Kurt Farka","date":"January 25, 2026","format":false,"excerpt":"25 Janar 2026 Dy hektar\u00eb serra t\u00eb shkat\u00ebrruara. Rreth 40 mij\u00eb euro investime t\u00eb humbura dhe mbi 100 mij\u00eb euro mall q\u00eb nuk do t\u00eb dal\u00eb kurr\u00eb n\u00eb treg \u00ebsht\u00eb fatura e ferm\u00ebs me serra perimesh t\u00eb Mirlind Sara\u00e7it n\u00eb Kosov\u00eb t\u00eb Vog\u00ebl t\u00eb Lushnj\u00ebs. P\u00ebrmbytjet e dit\u00ebve t\u00eb fundit\u2026","rel":"","context":"In &quot;Blogu i Udh\u00ebtarit&quot;","block_context":{"text":"Blogu i Udh\u00ebtarit","link":"https:\/\/www.shqiperia.com\/blog\/category\/blogu-i-udhetarit\/"},"img":{"alt_text":"","src":"https:\/\/i0.wp.com\/www.shqiperia.com\/blog\/wp-content\/uploads\/2026\/01\/Permbytje-6-bujqesi-1215.webp?fit=1181%2C787&ssl=1&resize=350%2C200","width":350,"height":200,"srcset":"https:\/\/i0.wp.com\/www.shqiperia.com\/blog\/wp-content\/uploads\/2026\/01\/Permbytje-6-bujqesi-1215.webp?fit=1181%2C787&ssl=1&resize=350%2C200 1x, https:\/\/i0.wp.com\/www.shqiperia.com\/blog\/wp-content\/uploads\/2026\/01\/Permbytje-6-bujqesi-1215.webp?fit=1181%2C787&ssl=1&resize=525%2C300 1.5x, https:\/\/i0.wp.com\/www.shqiperia.com\/blog\/wp-content\/uploads\/2026\/01\/Permbytje-6-bujqesi-1215.webp?fit=1181%2C787&ssl=1&resize=700%2C400 2x, https:\/\/i0.wp.com\/www.shqiperia.com\/blog\/wp-content\/uploads\/2026\/01\/Permbytje-6-bujqesi-1215.webp?fit=1181%2C787&ssl=1&resize=1050%2C600 3x"},"classes":[]}],"_links":{"self":[{"href":"https:\/\/www.shqiperia.com\/blog\/wp-json\/wp\/v2\/posts\/74050","targetHints":{"allow":["GET"]}}],"collection":[{"href":"https:\/\/www.shqiperia.com\/blog\/wp-json\/wp\/v2\/posts"}],"about":[{"href":"https:\/\/www.shqiperia.com\/blog\/wp-json\/wp\/v2\/types\/post"}],"author":[{"embeddable":true,"href":"https:\/\/www.shqiperia.com\/blog\/wp-json\/wp\/v2\/users\/9"}],"replies":[{"embeddable":true,"href":"https:\/\/www.shqiperia.com\/blog\/wp-json\/wp\/v2\/comments?post=74050"}],"version-history":[{"count":1,"href":"https:\/\/www.shqiperia.com\/blog\/wp-json\/wp\/v2\/posts\/74050\/revisions"}],"predecessor-version":[{"id":74052,"href":"https:\/\/www.shqiperia.com\/blog\/wp-json\/wp\/v2\/posts\/74050\/revisions\/74052"}],"wp:featuredmedia":[{"embeddable":true,"href":"https:\/\/www.shqiperia.com\/blog\/wp-json\/wp\/v2\/media\/74051"}],"wp:attachment":[{"href":"https:\/\/www.shqiperia.com\/blog\/wp-json\/wp\/v2\/media?parent=74050"}],"wp:term":[{"taxonomy":"category","embeddable":true,"href":"https:\/\/www.shqiperia.com\/blog\/wp-json\/wp\/v2\/categories?post=74050"},{"taxonomy":"post_tag","embeddable":true,"href":"https:\/\/www.shqiperia.com\/blog\/wp-json\/wp\/v2\/tags?post=74050"}],"curies":[{"name":"wp","href":"https:\/\/api.w.org\/{rel}","templated":true}]}}