{"id":74042,"date":"2023-09-07T02:12:41","date_gmt":"2023-09-07T02:12:41","guid":{"rendered":"https:\/\/www.shqiperia.com\/blog\/?p=74042"},"modified":"2023-09-07T02:15:39","modified_gmt":"2023-09-07T02:15:39","slug":"nje-gjerman-22-vjecar-eshte-arrestuar-ne-firence-i-akuzuar-per-demtimin-e-nje-statuje-ne-shatervanin-e-neptunit","status":"publish","type":"post","link":"https:\/\/www.shqiperia.com\/blog\/nje-gjerman-22-vjecar-eshte-arrestuar-ne-firence-i-akuzuar-per-demtimin-e-nje-statuje-ne-shatervanin-e-neptunit\/","title":{"rendered":"Nj\u00eb gjerman 22-vje\u00e7ar \u00ebsht\u00eb arrestuar n\u00eb Firence i akuzuar p\u00ebr d\u00ebmtimin e nj\u00eb statuje n\u00eb shat\u00ebrvanin e Neptunit"},"content":{"rendered":"<p><img data-recalc-dims=\"1\" loading=\"lazy\" decoding=\"async\" data-attachment-id=\"74043\" data-permalink=\"https:\/\/www.shqiperia.com\/blog\/nje-gjerman-22-vjecar-eshte-arrestuar-ne-firence-i-akuzuar-per-demtimin-e-nje-statuje-ne-shatervanin-e-neptunit\/640-0-b04bf38e95e70e66947c45d4ca066715\/\" data-orig-file=\"https:\/\/i0.wp.com\/www.shqiperia.com\/blog\/wp-content\/uploads\/2023\/09\/640-0-b04bf38e95e70e66947c45d4ca066715.jpg?fit=640%2C360&amp;ssl=1\" data-orig-size=\"640,360\" data-comments-opened=\"1\" data-image-meta=\"{&quot;aperture&quot;:&quot;0&quot;,&quot;credit&quot;:&quot;&quot;,&quot;camera&quot;:&quot;&quot;,&quot;caption&quot;:&quot;&quot;,&quot;created_timestamp&quot;:&quot;0&quot;,&quot;copyright&quot;:&quot;&quot;,&quot;focal_length&quot;:&quot;0&quot;,&quot;iso&quot;:&quot;0&quot;,&quot;shutter_speed&quot;:&quot;0&quot;,&quot;title&quot;:&quot;&quot;,&quot;orientation&quot;:&quot;0&quot;}\" data-image-title=\"-640-0-b04bf38e95e70e66947c45d4ca066715\" data-image-description=\"\" data-image-caption=\"\" data-medium-file=\"https:\/\/i0.wp.com\/www.shqiperia.com\/blog\/wp-content\/uploads\/2023\/09\/640-0-b04bf38e95e70e66947c45d4ca066715.jpg?fit=300%2C169&amp;ssl=1\" data-large-file=\"https:\/\/i0.wp.com\/www.shqiperia.com\/blog\/wp-content\/uploads\/2023\/09\/640-0-b04bf38e95e70e66947c45d4ca066715.jpg?fit=640%2C360&amp;ssl=1\" class=\"alignnone wp-image-74043\" alt=\"\" src=\"https:\/\/i0.wp.com\/www.shqiperia.com\/blog\/wp-content\/uploads\/2023\/09\/640-0-b04bf38e95e70e66947c45d4ca066715.jpg?resize=678%2C382&#038;ssl=1\" width=\"678\" height=\"382\" srcset=\"https:\/\/i0.wp.com\/www.shqiperia.com\/blog\/wp-content\/uploads\/2023\/09\/640-0-b04bf38e95e70e66947c45d4ca066715.jpg?resize=300%2C169&amp;ssl=1 300w, https:\/\/i0.wp.com\/www.shqiperia.com\/blog\/wp-content\/uploads\/2023\/09\/640-0-b04bf38e95e70e66947c45d4ca066715.jpg?resize=450%2C253&amp;ssl=1 450w, https:\/\/i0.wp.com\/www.shqiperia.com\/blog\/wp-content\/uploads\/2023\/09\/640-0-b04bf38e95e70e66947c45d4ca066715.jpg?resize=600%2C338&amp;ssl=1 600w, https:\/\/i0.wp.com\/www.shqiperia.com\/blog\/wp-content\/uploads\/2023\/09\/640-0-b04bf38e95e70e66947c45d4ca066715.jpg?resize=400%2C225&amp;ssl=1 400w, https:\/\/i0.wp.com\/www.shqiperia.com\/blog\/wp-content\/uploads\/2023\/09\/640-0-b04bf38e95e70e66947c45d4ca066715.jpg?w=640&amp;ssl=1 640w\" sizes=\"auto, (max-width: 678px) 100vw, 678px\" \/><\/p>\n<p>7 Shtator 2023<\/p>\n<p>Qyteti vler\u00ebson se d\u00ebmi i statuj\u00ebs \u00ebsht\u00eb rreth 5,000 euro, raporton CNN. Shat\u00ebrvani p\u00ebrmban nj\u00eb statuj\u00eb t\u00eb per\u00ebndis\u00eb romake t\u00eb detit Neptun n\u00eb maj\u00eb t\u00eb nj\u00eb karroce n\u00eb form\u00eb guaska t\u00eb t\u00ebrhequr nga kuajt.<\/p>\n<p>Statuja <span>e Neptunit \u00ebsht\u00eb shekullit t\u00eb 16-t\u00eb n\u00eb Piazza della Signoria, than\u00eb autoritetet e qytetit n\u00eb nj\u00eb deklarat\u00eb.<\/span><\/p>\n<p>Turisti, emri i t\u00eb cilit nuk b\u00ebhet i ditur, u ngjit n\u00eb nj\u00eb barrier\u00eb mbrojt\u00ebse rreth monumentit n\u00eb or\u00ebt e hershme t\u00eb s\u00eb h\u00ebn\u00ebs dhe pozoi n\u00eb statuj\u00eb, nd\u00ebrsa dy miqt\u00eb, t\u00eb cil\u00ebt mbet\u00ebn n\u00eb an\u00ebn tjet\u00ebr t\u00eb penges\u00ebs, i fotografuan, thuhet n\u00eb deklarat\u00ebn e qytetit, duke cituar oficer\u00ebt e policis\u00eb q\u00eb ishin d\u00ebshmitar\u00eb t\u00eb ngjarjes n\u00eb pamjet e v\u00ebzhgimit.<\/p>\n<p>\u201cPas or\u00ebs 1 t\u00eb m\u00ebngjesit t\u00eb sot\u00ebm turisti, n\u00eb Piazza della Signoria me dy miq t\u00eb tjer\u00eb, u ngjit mbi gardhin e shat\u00ebrvanit t\u00eb Neptunit dhe u ngjit n\u00eb buz\u00eb t\u00eb pishin\u00ebs\u201d, thuhet n\u00eb deklarat\u00eb.<\/p>\n<p>Me nj\u00eb k\u00ebrcim ai m\u00eb pas u ngjit n\u00eb k\u00ebmb\u00ebn e kalit, duke arritur n\u00eb baz\u00ebn e karroc\u00ebs dhe, pasi b\u00ebri disa foto nga miqt\u00eb e tij, ai zbriti posht\u00eb. Gjat\u00eb zbritjes ai vendosi s\u00ebrish k\u00ebmb\u00ebn n\u00eb thundr\u00ebn duke e d\u00ebmtuar at\u00eb. Megjithat\u00eb, sapo ra alarmi, i riu tashm\u00eb kishte arritur t\u00eb arratisej me dy t\u00eb tjer\u00ebt.<\/p>\n<p>Turisti do t\u00eb akuzohet sipas nj\u00eb kodi penal t\u00eb qytetit q\u00eb ndalon \u201cshkat\u00ebrrimin, shp\u00ebrndarjen, p\u00ebrkeq\u00ebsimin, shp\u00ebrfytyrimin, ndotjen ose p\u00ebrdorimin e paligjsh\u00ebm t\u00eb pasurive kulturore ose t\u00eb peizazhit\u201d. N\u00ebse d\u00ebnohet, turisti mund t\u00eb gjobitet dhe t\u00eb ndalohet hyrja n\u00eb qytet.<\/p>\n<p>Statuja ishte d\u00ebmtuar m\u00eb par\u00eb n\u00eb vitin 2005, kur dikush u ngjit mbi t\u00eb dhe theu dor\u00ebn e Neptunit. Kjo i shtyu autoritetet t\u00eb instalonin kamera CCTV.<\/p>\n<p>N\u00eb gusht, turist\u00ebt gjerman\u00eb u akuzuan se kishin pikturuar mbishkrime futbolli me sp\u00ebrkatje n\u00eb nj\u00eb mur t\u00eb korridorit historik Vasari aty pran\u00eb.<\/p>\n<p>Shat\u00ebrvani i Neptunit u porosit n\u00eb vitin 1559 nga Cosimo I de Medici, Duka i Firences, p\u00ebr t\u00eb sh\u00ebnuar martes\u00ebn e djalit t\u00eb tij Francesco dhe Dukesh\u00ebs s\u00eb Madhe Joanna t\u00eb Austris\u00eb.<\/p>\n<p><span class=\"c-writers_name\">Nga OraNews<\/span><\/p>\n","protected":false},"excerpt":{"rendered":"<p>7 Shtator 2023 Qyteti vler\u00ebson se d\u00ebmi i statuj\u00ebs \u00ebsht\u00eb rreth 5,000 euro, raporton CNN. Shat\u00ebrvani p\u00ebrmban nj\u00eb statuj\u00eb t\u00eb per\u00ebndis\u00eb romake t\u00eb detit Neptun n\u00eb maj\u00eb t\u00eb nj\u00eb karroce n\u00eb form\u00eb guaska t\u00eb t\u00ebrhequr nga kuajt. Statuja e Neptunit \u00ebsht\u00eb shekullit t\u00eb 16-t\u00eb n\u00eb Piazza della Signoria, than\u00eb autoritetet e qytetit n\u00eb nj\u00eb deklarat\u00eb. [&hellip;]<\/p>\n","protected":false},"author":9,"featured_media":74043,"comment_status":"open","ping_status":"open","sticky":false,"template":"","format":"standard","meta":{"jetpack_post_was_ever_published":false,"_jetpack_newsletter_access":"","_jetpack_dont_email_post_to_subs":false,"_jetpack_newsletter_tier_id":0,"_jetpack_memberships_contains_paywalled_content":false,"_jetpack_memberships_contains_paid_content":false,"footnotes":"","jetpack_publicize_message":"","jetpack_publicize_feature_enabled":true,"jetpack_social_post_already_shared":true,"jetpack_social_options":{"image_generator_settings":{"template":"highway","default_image_id":0,"font":"","enabled":false},"version":2}},"categories":[27,85,10,35,86],"tags":[],"class_list":["post-74042","post","type-post","status-publish","format-standard","has-post-thumbnail","hentry","category-blogu-i-udhetarit","category-histori","category-kultura","category-shoqerore","category-trashegimi-kulturore"],"jetpack_publicize_connections":[],"jetpack_featured_media_url":"https:\/\/i0.wp.com\/www.shqiperia.com\/blog\/wp-content\/uploads\/2023\/09\/640-0-b04bf38e95e70e66947c45d4ca066715.jpg?fit=640%2C360&ssl=1","jetpack_sharing_enabled":true,"jetpack_shortlink":"https:\/\/wp.me\/p5Z6wp-jge","jetpack-related-posts":[{"id":88660,"url":"https:\/\/www.shqiperia.com\/blog\/bukuri-2000-vjecare-mes-plehrave-zbulohet-ne-selanik-nje-statuje-e-periudhes-helenistike\/","url_meta":{"origin":74042,"position":0},"title":"\u201cBUKURI 2000 VJE\u00c7ARE\u201d MES PLEHRAVE! &#8211; Zbulohet n\u00eb Selanik nj\u00eb statuj\u00eb e periudh\u00ebs helenistike","author":"Kurt Farka","date":"January 23, 2025","format":false,"excerpt":"Nj\u00eb statuj\u00eb prej mermeri e nj\u00eb gruaje, q\u00eb besohet t\u00eb jet\u00eb m\u00eb shum\u00eb se 2000 vje\u00e7, u gjet sot n\u00eb nj\u00eb kosh plehrash pran\u00eb Selanikut, tha policia e qytetit. Nj\u00eb qytetar i Selanikut, i cili gjeti statuj\u00ebn 80 centimetra n\u00eb nj\u00eb kosh plehrash, ia dor\u00ebzoi objektin autoriteteve lokale, t\u00eb cil\u00ebt\u2026","rel":"","context":"In &quot;Arte&quot;","block_context":{"text":"Arte","link":"https:\/\/www.shqiperia.com\/blog\/category\/arte\/"},"img":{"alt_text":"","src":"https:\/\/i0.wp.com\/www.shqiperia.com\/blog\/wp-content\/uploads\/2025\/01\/640-0-720f5555f1b526531052da02023cdab6.jpg?fit=640%2C362&ssl=1&resize=350%2C200","width":350,"height":200,"srcset":"https:\/\/i0.wp.com\/www.shqiperia.com\/blog\/wp-content\/uploads\/2025\/01\/640-0-720f5555f1b526531052da02023cdab6.jpg?fit=640%2C362&ssl=1&resize=350%2C200 1x, https:\/\/i0.wp.com\/www.shqiperia.com\/blog\/wp-content\/uploads\/2025\/01\/640-0-720f5555f1b526531052da02023cdab6.jpg?fit=640%2C362&ssl=1&resize=525%2C300 1.5x"},"classes":[]},{"id":45648,"url":"https:\/\/www.shqiperia.com\/blog\/reshjet-e-shiut-zbulojne-nje-statuje-te-rralle-ne-greqi\/","url_meta":{"origin":74042,"position":1},"title":"Reshjet e shiut zbulojn\u00eb nj\u00eb statuj\u00eb t\u00eb rrall\u00eb n\u00eb Greqi","author":"Kurt Farka","date":"March 23, 2021","format":false,"excerpt":"Reshjet e shiut zbulojn\u00eb nj\u00eb statuj\u00eb t\u00eb rrall\u00eb n\u00eb Greqi Mars 2021 Statuja eshte gjetur rastesisht ne rrethojat e Olimpit Nj\u00eb statuj\u00eb n\u00eb miniatur\u00eb e nj\u00eb d\u00ebmi prej bronzi \u00ebsht\u00eb zbuluar n\u00eb Greqi. Specialistet mendojne se kjo statuj\u00eb mund t\u00eb jet\u00eb deri n\u00eb 2500-vje\u00e7are. Zbulimi \u00ebsht\u00eb b\u00ebr\u00eb pas nj\u00eb shiu\u2026","rel":"","context":"In &quot;Arte&quot;","block_context":{"text":"Arte","link":"https:\/\/www.shqiperia.com\/blog\/category\/arte\/"},"img":{"alt_text":"","src":"https:\/\/i0.wp.com\/www.shqiperia.com\/blog\/wp-content\/uploads\/2021\/03\/statuja-600x360-1.jpg?fit=600%2C360&ssl=1&resize=350%2C200","width":350,"height":200,"srcset":"https:\/\/i0.wp.com\/www.shqiperia.com\/blog\/wp-content\/uploads\/2021\/03\/statuja-600x360-1.jpg?fit=600%2C360&ssl=1&resize=350%2C200 1x, https:\/\/i0.wp.com\/www.shqiperia.com\/blog\/wp-content\/uploads\/2021\/03\/statuja-600x360-1.jpg?fit=600%2C360&ssl=1&resize=525%2C300 1.5x"},"classes":[]},{"id":73924,"url":"https:\/\/www.shqiperia.com\/blog\/sekuestrohet-nje-statuje-qe-mund-ti-perkase-marcus-aureliusit\/","url_meta":{"origin":74042,"position":2},"title":"Sekuestrohet nj\u00eb statuj\u00eb q\u00eb mund t\u2019i p\u00ebrkas\u00eb Marcus Aureliusit","author":"Kurt Farka","date":"September 3, 2023","format":false,"excerpt":"3 Shtator 2023 Autoritetet kan\u00eb sekuestruar nj\u00eb statuj\u00eb pa kok\u00eb, t\u00eb dyshuar t\u00eb grabitur, q\u00eb besohet se i p\u00ebrket perandorit romak Marcus Aurelius, nga nj\u00eb muze n\u00eb Cleveland, Ohio, sipas BBC. Vepra prej bronzi u mor n\u00eb fillim t\u00eb k\u00ebtij muaji nga hetuesit e Nju Jorkut, t\u00eb cil\u00ebt po hetojn\u00eb\u2026","rel":"","context":"In &quot;Arte&quot;","block_context":{"text":"Arte","link":"https:\/\/www.shqiperia.com\/blog\/category\/arte\/"},"img":{"alt_text":"","src":"https:\/\/i0.wp.com\/www.shqiperia.com\/blog\/wp-content\/uploads\/2023\/09\/istockphoto-1172598242-612x612-1.jpg?fit=612%2C408&ssl=1&resize=350%2C200","width":350,"height":200,"srcset":"https:\/\/i0.wp.com\/www.shqiperia.com\/blog\/wp-content\/uploads\/2023\/09\/istockphoto-1172598242-612x612-1.jpg?fit=612%2C408&ssl=1&resize=350%2C200 1x, https:\/\/i0.wp.com\/www.shqiperia.com\/blog\/wp-content\/uploads\/2023\/09\/istockphoto-1172598242-612x612-1.jpg?fit=612%2C408&ssl=1&resize=525%2C300 1.5x"},"classes":[]},{"id":73014,"url":"https:\/\/www.shqiperia.com\/blog\/flaket-perfshijne-statujen-gjikande-te-budes-ne-kine\/","url_meta":{"origin":74042,"position":3},"title":"Flak\u00ebt p\u00ebrfshijn\u00eb statuj\u00ebn  gjikande t\u00eb Bud\u00ebs n\u00eb Kin\u00eb","author":"Kurt Farka","date":"July 27, 2023","format":false,"excerpt":"27 Korrik 2023 Nj\u00eb statuj\u00eb gjigante e Bud\u00ebs \u00ebsht\u00eb d\u00ebmtuar nga nj\u00eb zjarr n\u00eb provinc\u00ebn veriper\u00ebndimore Gansu t\u00eb Kin\u00ebs. Videot e shp\u00ebrndara n\u00eb mediat sociale treguan statuj\u00ebn n\u00eb Tempullin e Madh t\u00eb Bud\u00ebs t\u00eb Qarkut Shandan t\u00eb rrethuar nga flak\u00ebt n\u00eb or\u00ebt e para t\u00eb m\u00ebngjesit t\u00eb s\u00eb h\u00ebn\u00ebs, raporton\u2026","rel":"","context":"In &quot;Histori&quot;","block_context":{"text":"Histori","link":"https:\/\/www.shqiperia.com\/blog\/category\/histori\/"},"img":{"alt_text":"","src":"https:\/\/i0.wp.com\/www.shqiperia.com\/blog\/wp-content\/uploads\/2023\/07\/640-0-a7acd3a912ff6f7bfdff3a433a8fec2b.jpg?fit=640%2C360&ssl=1&resize=350%2C200","width":350,"height":200,"srcset":"https:\/\/i0.wp.com\/www.shqiperia.com\/blog\/wp-content\/uploads\/2023\/07\/640-0-a7acd3a912ff6f7bfdff3a433a8fec2b.jpg?fit=640%2C360&ssl=1&resize=350%2C200 1x, https:\/\/i0.wp.com\/www.shqiperia.com\/blog\/wp-content\/uploads\/2023\/07\/640-0-a7acd3a912ff6f7bfdff3a433a8fec2b.jpg?fit=640%2C360&ssl=1&resize=525%2C300 1.5x"},"classes":[]},{"id":53136,"url":"https:\/\/www.shqiperia.com\/blog\/rikthim-ne-origjine-italia-i-kthen-greqise-nje-mermer-nga-partenoni\/","url_meta":{"origin":74042,"position":4},"title":"Rikthim n\u00eb origjin\u00eb. Italia i kthen Greqis\u00eb nj\u00eb mermer nga Partenoni","author":"Kurt Farka","date":"January 16, 2022","format":false,"excerpt":"Rikthim n\u00eb origjin\u00eb. Italia i kthen Greqis\u00eb nj\u00eb mermer nga Partenoni Nga Besmira Pelushaj 7 Janar 2022 Pas dy shekujsh \"rob\u00ebrie\" dhe disa vite negociatash, friza e Partenonit e njohur si \"fragmenti i Palermos\" ngrihet nga Si\u00e7ilia dhe m\u00eb n\u00eb fund kthehet n\u00eb sht\u00ebpi, n\u00eb Athin\u00eb. Marr\u00ebveshja midis Italis\u00eb dhe\u2026","rel":"","context":"In &quot;Arte&quot;","block_context":{"text":"Arte","link":"https:\/\/www.shqiperia.com\/blog\/category\/arte\/"},"img":{"alt_text":"","src":"https:\/\/i0.wp.com\/www.shqiperia.com\/blog\/wp-content\/uploads\/2022\/01\/Italia-i-kthen-Greqise-nje-mermer-nga-Partenoni-2.jpg?fit=640%2C317&ssl=1&resize=350%2C200","width":350,"height":200,"srcset":"https:\/\/i0.wp.com\/www.shqiperia.com\/blog\/wp-content\/uploads\/2022\/01\/Italia-i-kthen-Greqise-nje-mermer-nga-Partenoni-2.jpg?fit=640%2C317&ssl=1&resize=350%2C200 1x, https:\/\/i0.wp.com\/www.shqiperia.com\/blog\/wp-content\/uploads\/2022\/01\/Italia-i-kthen-Greqise-nje-mermer-nga-Partenoni-2.jpg?fit=640%2C317&ssl=1&resize=525%2C300 1.5x"},"classes":[]},{"id":96299,"url":"https:\/\/www.shqiperia.com\/blog\/a-ka-vertet-nje-planet-te-nente-ne-sistemin-tone-diellor\/","url_meta":{"origin":74042,"position":5},"title":"A ka v\u00ebrtet nj\u00eb planet t\u00eb n\u00ebnt\u00eb n\u00eb sistemin ton\u00eb diellor","author":"Kurt Farka","date":"January 5, 2026","format":false,"excerpt":"5 Janar 2026 Astronom\u00ebt kan\u00eb njoftuar se mund t\u00eb ken\u00eb gjetur d\u00ebshmi p\u00ebr ekzistenc\u00ebn e nj\u00eb planeti t\u00eb n\u00ebnt\u00eb n\u00eb sistemin ton\u00eb diellor, shum\u00eb p\u00ebrtej orbit\u00ebs s\u00eb Neptunit, sipas \u201cSciencealert\u201d. Zbulimi bazohet n\u00eb analiza t\u00eb t\u00eb dh\u00ebnave infra t\u00eb kuqe t\u00eb mbledhura dekada m\u00eb par\u00eb, t\u00eb cilat tregojn\u00eb pranin\u00eb e\u2026","rel":"","context":"In &quot;Blogu i Udh\u00ebtarit&quot;","block_context":{"text":"Blogu i Udh\u00ebtarit","link":"https:\/\/www.shqiperia.com\/blog\/category\/blogu-i-udhetarit\/"},"img":{"alt_text":"","src":"https:\/\/i0.wp.com\/www.shqiperia.com\/blog\/wp-content\/uploads\/2026\/01\/640-0-244ceb30714bdaec3a453f7de64d7974.jpg?fit=640%2C336&ssl=1&resize=350%2C200","width":350,"height":200,"srcset":"https:\/\/i0.wp.com\/www.shqiperia.com\/blog\/wp-content\/uploads\/2026\/01\/640-0-244ceb30714bdaec3a453f7de64d7974.jpg?fit=640%2C336&ssl=1&resize=350%2C200 1x, https:\/\/i0.wp.com\/www.shqiperia.com\/blog\/wp-content\/uploads\/2026\/01\/640-0-244ceb30714bdaec3a453f7de64d7974.jpg?fit=640%2C336&ssl=1&resize=525%2C300 1.5x"},"classes":[]}],"_links":{"self":[{"href":"https:\/\/www.shqiperia.com\/blog\/wp-json\/wp\/v2\/posts\/74042","targetHints":{"allow":["GET"]}}],"collection":[{"href":"https:\/\/www.shqiperia.com\/blog\/wp-json\/wp\/v2\/posts"}],"about":[{"href":"https:\/\/www.shqiperia.com\/blog\/wp-json\/wp\/v2\/types\/post"}],"author":[{"embeddable":true,"href":"https:\/\/www.shqiperia.com\/blog\/wp-json\/wp\/v2\/users\/9"}],"replies":[{"embeddable":true,"href":"https:\/\/www.shqiperia.com\/blog\/wp-json\/wp\/v2\/comments?post=74042"}],"version-history":[{"count":2,"href":"https:\/\/www.shqiperia.com\/blog\/wp-json\/wp\/v2\/posts\/74042\/revisions"}],"predecessor-version":[{"id":74045,"href":"https:\/\/www.shqiperia.com\/blog\/wp-json\/wp\/v2\/posts\/74042\/revisions\/74045"}],"wp:featuredmedia":[{"embeddable":true,"href":"https:\/\/www.shqiperia.com\/blog\/wp-json\/wp\/v2\/media\/74043"}],"wp:attachment":[{"href":"https:\/\/www.shqiperia.com\/blog\/wp-json\/wp\/v2\/media?parent=74042"}],"wp:term":[{"taxonomy":"category","embeddable":true,"href":"https:\/\/www.shqiperia.com\/blog\/wp-json\/wp\/v2\/categories?post=74042"},{"taxonomy":"post_tag","embeddable":true,"href":"https:\/\/www.shqiperia.com\/blog\/wp-json\/wp\/v2\/tags?post=74042"}],"curies":[{"name":"wp","href":"https:\/\/api.w.org\/{rel}","templated":true}]}}