{"id":74032,"date":"2023-09-06T16:31:41","date_gmt":"2023-09-06T16:31:41","guid":{"rendered":"https:\/\/www.shqiperia.com\/blog\/?p=74032"},"modified":"2023-09-06T16:32:45","modified_gmt":"2023-09-06T16:32:45","slug":"bashkimi-i-opozites-nxori-ne-drite-tmerrin-e-qeverise","status":"publish","type":"post","link":"https:\/\/www.shqiperia.com\/blog\/bashkimi-i-opozites-nxori-ne-drite-tmerrin-e-qeverise\/","title":{"rendered":"Bashkimi i opozit\u00ebs nxori n\u00eb drit\u00eb tmerrin e qeveris\u00eb"},"content":{"rendered":"<p><img data-recalc-dims=\"1\" loading=\"lazy\" decoding=\"async\" data-attachment-id=\"74033\" data-permalink=\"https:\/\/www.shqiperia.com\/blog\/bashkimi-i-opozites-nxori-ne-drite-tmerrin-e-qeverise\/bardhi-berisha-433x300-2\/\" data-orig-file=\"https:\/\/i0.wp.com\/www.shqiperia.com\/blog\/wp-content\/uploads\/2023\/09\/bardhi-berisha-433x300-2.jpeg?fit=433%2C300&amp;ssl=1\" data-orig-size=\"433,300\" data-comments-opened=\"1\" data-image-meta=\"{&quot;aperture&quot;:&quot;0&quot;,&quot;credit&quot;:&quot;&quot;,&quot;camera&quot;:&quot;&quot;,&quot;caption&quot;:&quot;&quot;,&quot;created_timestamp&quot;:&quot;0&quot;,&quot;copyright&quot;:&quot;&quot;,&quot;focal_length&quot;:&quot;0&quot;,&quot;iso&quot;:&quot;0&quot;,&quot;shutter_speed&quot;:&quot;0&quot;,&quot;title&quot;:&quot;&quot;,&quot;orientation&quot;:&quot;0&quot;}\" data-image-title=\"bardhi-berisha-433&#215;300\" data-image-description=\"\" data-image-caption=\"\" data-medium-file=\"https:\/\/i0.wp.com\/www.shqiperia.com\/blog\/wp-content\/uploads\/2023\/09\/bardhi-berisha-433x300-2.jpeg?fit=300%2C208&amp;ssl=1\" data-large-file=\"https:\/\/i0.wp.com\/www.shqiperia.com\/blog\/wp-content\/uploads\/2023\/09\/bardhi-berisha-433x300-2.jpeg?fit=433%2C300&amp;ssl=1\" class=\"alignnone wp-image-74033\" alt=\"\" src=\"https:\/\/i0.wp.com\/www.shqiperia.com\/blog\/wp-content\/uploads\/2023\/09\/bardhi-berisha-433x300-2.jpeg?resize=795%2C551&#038;ssl=1\" width=\"795\" height=\"551\" srcset=\"https:\/\/i0.wp.com\/www.shqiperia.com\/blog\/wp-content\/uploads\/2023\/09\/bardhi-berisha-433x300-2.jpeg?resize=300%2C208&amp;ssl=1 300w, https:\/\/i0.wp.com\/www.shqiperia.com\/blog\/wp-content\/uploads\/2023\/09\/bardhi-berisha-433x300-2.jpeg?resize=400%2C277&amp;ssl=1 400w, https:\/\/i0.wp.com\/www.shqiperia.com\/blog\/wp-content\/uploads\/2023\/09\/bardhi-berisha-433x300-2.jpeg?w=433&amp;ssl=1 433w\" sizes=\"auto, (max-width: 795px) 100vw, 795px\" \/><\/p>\n<p>Ish deputeti i Partis\u00eb Demokratike, Klevis Balliu\u00a0 p\u00ebrmes nj\u00eb postimi n\u00eb rrjetet sociale tha se bashkimi i opozit\u00ebs nxorri n\u00eb drit\u00eb tmerrin e qeveris\u00eb. &#8220;Bashkimi i sot\u00ebm garanton fitoren e s\u00eb nes\u00ebrmes&#8221;, tha Balliu.<\/p>\n<p><strong>Postimi i plot\u00eb i Balliut:<\/strong><\/p>\n<p><em>Bashkimi i Opozit\u00ebs nxorri n\u00eb drit\u00eb tmerrin e qeveris\u00eb, bashkimi i sotem garanton fitoren e se nesermes.<\/em><br \/>\n<em>Nga momenti i publikimit t\u00eb forografis\u00eb t\u00eb bashkimit opozitar, mediat qeveritare u sulen ne panik, si qen t\u00eb terbuar. <\/em><\/p>\n<p><em>Shpejt sulmojini se u bashkuan\u2019! Ky ishte urdheri i Ram\u00ebs. Pse kjo dhune orale majtiste ndaj bashkimit? Sepse Bashkimi i sotem garanton fitoren e se nesermes<\/em><\/p>\n<p><span>Nga OraNews<\/span><\/p>\n","protected":false},"excerpt":{"rendered":"<p>Ish deputeti i Partis\u00eb Demokratike, Klevis Balliu\u00a0 p\u00ebrmes nj\u00eb postimi n\u00eb rrjetet sociale tha se bashkimi i opozit\u00ebs nxorri n\u00eb drit\u00eb tmerrin e qeveris\u00eb. &#8220;Bashkimi i sot\u00ebm garanton fitoren e s\u00eb nes\u00ebrmes&#8221;, tha Balliu. Postimi i plot\u00eb i Balliut: Bashkimi i Opozit\u00ebs nxorri n\u00eb drit\u00eb tmerrin e qeveris\u00eb, bashkimi i sotem garanton fitoren e se [&hellip;]<\/p>\n","protected":false},"author":9,"featured_media":74033,"comment_status":"open","ping_status":"open","sticky":false,"template":"","format":"standard","meta":{"jetpack_post_was_ever_published":false,"_jetpack_newsletter_access":"","_jetpack_dont_email_post_to_subs":false,"_jetpack_newsletter_tier_id":0,"_jetpack_memberships_contains_paywalled_content":false,"_jetpack_memberships_contains_paid_content":false,"footnotes":"","jetpack_publicize_message":"","jetpack_publicize_feature_enabled":true,"jetpack_social_post_already_shared":true,"jetpack_social_options":{"image_generator_settings":{"template":"highway","default_image_id":0,"font":"","enabled":false},"version":2}},"categories":[27,2,35],"tags":[],"class_list":["post-74032","post","type-post","status-publish","format-standard","has-post-thumbnail","hentry","category-blogu-i-udhetarit","category-politika","category-shoqerore"],"jetpack_publicize_connections":[],"jetpack_featured_media_url":"https:\/\/i0.wp.com\/www.shqiperia.com\/blog\/wp-content\/uploads\/2023\/09\/bardhi-berisha-433x300-2.jpeg?fit=433%2C300&ssl=1","jetpack_sharing_enabled":true,"jetpack_shortlink":"https:\/\/wp.me\/p5Z6wp-jg4","jetpack-related-posts":[{"id":78263,"url":"https:\/\/www.shqiperia.com\/blog\/bashkimi-ka-rindezur-dhe-gjalleruar-demokratet-salianji-koha-nuk-pret-20-shkurti-do-te-jete-sinjali-i-pare-i-forces-se-opozites-se-unifikuar\/","url_meta":{"origin":74032,"position":0},"title":"\u201cBashkimi ka rindezur dhe gjall\u00ebruar demokrat\u00ebt\u201d. Salianji: &#8211; Koha nuk pret! 20 shkurti do t\u00eb jet\u00eb sinjali i par\u00eb i forc\u00ebs s\u00eb Opozit\u00ebs s\u00eb unifikuar","author":"Kurt Farka","date":"February 13, 2024","format":false,"excerpt":"14 Shkurt 2024 Deputeti i Partis\u00eb Demokratike, Ervin Salianji me an\u00eb t\u00eb nj\u00eb postimi n\u00eb \u201cfacebook\u201d ka reaguar pas mbledhjes s\u00eb kryesis\u00eb n\u00eb Kavaj\u00eb, ku shprehet se bashkimi ka rindezur dhe gjall\u00ebruar t\u00eb gjith\u00eb demokrat\u00ebt. Ai shton se q\u00ebllimi \u00ebsht\u00eb nj\u00eb, t\u00eb ndalohet mpirja e Shqip\u00ebris\u00eb q\u00eb \u00ebsht\u00eb astrofizuar nga\u2026","rel":"","context":"In &quot;Blogu i Udh\u00ebtarit&quot;","block_context":{"text":"Blogu i Udh\u00ebtarit","link":"https:\/\/www.shqiperia.com\/blog\/category\/blogu-i-udhetarit\/"},"img":{"alt_text":"","src":"https:\/\/i0.wp.com\/www.shqiperia.com\/blog\/wp-content\/uploads\/2024\/02\/Salianji.jpg?fit=1200%2C800&ssl=1&resize=350%2C200","width":350,"height":200,"srcset":"https:\/\/i0.wp.com\/www.shqiperia.com\/blog\/wp-content\/uploads\/2024\/02\/Salianji.jpg?fit=1200%2C800&ssl=1&resize=350%2C200 1x, https:\/\/i0.wp.com\/www.shqiperia.com\/blog\/wp-content\/uploads\/2024\/02\/Salianji.jpg?fit=1200%2C800&ssl=1&resize=525%2C300 1.5x, https:\/\/i0.wp.com\/www.shqiperia.com\/blog\/wp-content\/uploads\/2024\/02\/Salianji.jpg?fit=1200%2C800&ssl=1&resize=700%2C400 2x, https:\/\/i0.wp.com\/www.shqiperia.com\/blog\/wp-content\/uploads\/2024\/02\/Salianji.jpg?fit=1200%2C800&ssl=1&resize=1050%2C600 3x"},"classes":[]},{"id":78335,"url":"https:\/\/www.shqiperia.com\/blog\/krijimi-i-federates-te-opozites-se-bashkuar-takimi-i-partive-politike-te-opozites-mediu-rikthim-te-pluralizmit\/","url_meta":{"origin":74032,"position":1},"title":"Krijimi i Federat\u00ebs t\u00eb Opozit\u00ebs s\u00eb Bashkuar. &#8211; Takimi i partive politike t\u00eb opozit\u00ebs, Mediu: &#8211; Rikthim t\u00eb pluralizmit!","author":"Kurt Farka","date":"February 16, 2024","format":false,"excerpt":"16 Shkurt 2024 12 parti opozitare zyrtarizuan bashkimin n\u00ebn nj\u00eb streh\u00eb duke hedhur firmat mbi nje dokument parimesh. Por, pa u thar\u00eb mir\u00eb boja, Lulzim Basha e hodhi n\u00eb kosh ftes\u00ebn duke l\u00ebn\u00eb karrigen e tij bosh n\u00eb tryez\u00ebn e iniciuar nga aleat\u00ebt e tij tradicional\u00eb. Kreu i Partis\u00eb Agrare,\u2026","rel":"","context":"In &quot;Blogu i Udh\u00ebtarit&quot;","block_context":{"text":"Blogu i Udh\u00ebtarit","link":"https:\/\/www.shqiperia.com\/blog\/category\/blogu-i-udhetarit\/"},"img":{"alt_text":"","src":"https:\/\/i0.wp.com\/www.shqiperia.com\/blog\/wp-content\/uploads\/2024\/02\/mb_sd.jpg?fit=1200%2C705&ssl=1&resize=350%2C200","width":350,"height":200,"srcset":"https:\/\/i0.wp.com\/www.shqiperia.com\/blog\/wp-content\/uploads\/2024\/02\/mb_sd.jpg?fit=1200%2C705&ssl=1&resize=350%2C200 1x, https:\/\/i0.wp.com\/www.shqiperia.com\/blog\/wp-content\/uploads\/2024\/02\/mb_sd.jpg?fit=1200%2C705&ssl=1&resize=525%2C300 1.5x, https:\/\/i0.wp.com\/www.shqiperia.com\/blog\/wp-content\/uploads\/2024\/02\/mb_sd.jpg?fit=1200%2C705&ssl=1&resize=700%2C400 2x, https:\/\/i0.wp.com\/www.shqiperia.com\/blog\/wp-content\/uploads\/2024\/02\/mb_sd.jpg?fit=1200%2C705&ssl=1&resize=1050%2C600 3x"},"classes":[]},{"id":98297,"url":"https:\/\/www.shqiperia.com\/blog\/integrimi-ne-pikepyetje-marta-kos-terhiqet-nga-afatet-per-shqiperia-ne-bashkimi-europian\/","url_meta":{"origin":74032,"position":2},"title":"Integrimi n\u00eb pik\u00ebpyetje? Marta Kos t\u00ebrhiqet nga afatet p\u00ebr Shqip\u00ebria n\u00eb Bashkimi Europian","author":"Kurt Farka","date":"March 11, 2026","format":false,"excerpt":"11 Mars 2026 Komisionerja p\u00ebr Zgjerimin n\u00eb Komisioni Evropian, Marta Kos, ka dh\u00ebn\u00eb nj\u00eb mesazh t\u00eb qart\u00eb p\u00ebr vendet kandidate gjat\u00eb nj\u00eb seance n\u00eb Parlamenti Evropian, duke theksuar se procesi i an\u00ebtar\u00ebsimit n\u00eb Bashkimi Evropian do t\u00eb mbetet i bazuar te reformat dhe standardet demokratike. N\u00eb fjal\u00ebn e saj, Kos\u2026","rel":"","context":"In &quot;Blogu i Udh\u00ebtarit&quot;","block_context":{"text":"Blogu i Udh\u00ebtarit","link":"https:\/\/www.shqiperia.com\/blog\/category\/blogu-i-udhetarit\/"},"img":{"alt_text":"","src":"https:\/\/i0.wp.com\/www.shqiperia.com\/blog\/wp-content\/uploads\/2026\/03\/Capture-188.jpg?fit=626%2C409&ssl=1&resize=350%2C200","width":350,"height":200,"srcset":"https:\/\/i0.wp.com\/www.shqiperia.com\/blog\/wp-content\/uploads\/2026\/03\/Capture-188.jpg?fit=626%2C409&ssl=1&resize=350%2C200 1x, https:\/\/i0.wp.com\/www.shqiperia.com\/blog\/wp-content\/uploads\/2026\/03\/Capture-188.jpg?fit=626%2C409&ssl=1&resize=525%2C300 1.5x"},"classes":[]},{"id":46298,"url":"https:\/\/www.shqiperia.com\/blog\/grisejda-myslimi-forca-dhe-energjia-e-te-rinjve-vlonjate-do-ta-shporre-rilindjen-nga-vlora-do-te-sjelle-fitoren-e-sigurt-me-25-prill\/","url_meta":{"origin":74032,"position":3},"title":"Grisejda Myslimi: Forca dhe energjia e t\u00eb rinjve vlonjat\u00eb do ta shporr\u00eb \u201cRilindjen\u201d nga Vlora. Do t\u00eb sjell\u00eb fitoren e sigurt m\u00eb 25 prill","author":"Kurt Farka","date":"April 12, 2021","format":false,"excerpt":"Grisejda Myslimi: Forca dhe energjia e t\u00eb rinjve vlonjat\u00eb do ta shporr\u00eb \u201cRilindjen\u201d nga Vlora. Do t\u00eb sjell\u00eb fitoren e sigurt m\u00eb 25 prill - 12.04.2 Kandidatja e LSI n\u00eb qarkun e Vlor\u00ebs, Grisejda Myslimi thot\u00eb se forca dhe energjia e t\u00eb rinjve vlonjat\u00eb do ta shporr\u00eb \u201cRilindjen\u201d nga Vlora\u2026","rel":"","context":"In &quot;Blogu i Udh\u00ebtarit&quot;","block_context":{"text":"Blogu i Udh\u00ebtarit","link":"https:\/\/www.shqiperia.com\/blog\/category\/blogu-i-udhetarit\/"},"img":{"alt_text":"","src":"https:\/\/i0.wp.com\/www.shqiperia.com\/blog\/wp-content\/uploads\/2021\/04\/vlor-750x375-1.jpg?fit=750%2C375&ssl=1&resize=350%2C200","width":350,"height":200,"srcset":"https:\/\/i0.wp.com\/www.shqiperia.com\/blog\/wp-content\/uploads\/2021\/04\/vlor-750x375-1.jpg?fit=750%2C375&ssl=1&resize=350%2C200 1x, https:\/\/i0.wp.com\/www.shqiperia.com\/blog\/wp-content\/uploads\/2021\/04\/vlor-750x375-1.jpg?fit=750%2C375&ssl=1&resize=525%2C300 1.5x, https:\/\/i0.wp.com\/www.shqiperia.com\/blog\/wp-content\/uploads\/2021\/04\/vlor-750x375-1.jpg?fit=750%2C375&ssl=1&resize=700%2C400 2x"},"classes":[]},{"id":55767,"url":"https:\/\/www.shqiperia.com\/blog\/doreheqja-e-bashes-vjen-reagimi-i-berishes-bashkimi-i-demokrateve-perparesi-e-pd\/","url_meta":{"origin":74032,"position":4},"title":"Dor\u00ebheqja e Bash\u00ebs, vjen reagimi i Berish\u00ebs: Bashkimi i demokrat\u00ebve p\u00ebrpar\u00ebsi e PD","author":"Kurt Farka","date":"March 21, 2022","format":false,"excerpt":"Dor\u00ebheqja e Bash\u00ebs, vjen reagimi i Berish\u00ebs: Bashkimi i demokrat\u00ebve p\u00ebrpar\u00ebsi e PD 21 Mars 2022 Basha jep dor\u00ebheqjen nga kreu i PD, vjen reagimi i Sali Berish\u00ebs: P\u00ebrpar\u00ebsi bashkimi i demokrat\u00ebve Ish-Kryeministri Sali Berisha ka reaguar pas dor\u00ebheqjes s\u00eb Lulzim Bash\u00ebs nga kreu i PD. N\u00eb nj\u00eb postim q\u00eb\u2026","rel":"","context":"In &quot;Blogu i Udh\u00ebtarit&quot;","block_context":{"text":"Blogu i Udh\u00ebtarit","link":"https:\/\/www.shqiperia.com\/blog\/category\/blogu-i-udhetarit\/"},"img":{"alt_text":"","src":"https:\/\/i0.wp.com\/www.shqiperia.com\/blog\/wp-content\/uploads\/2022\/03\/640-0-degrfdh-1647883340.jpg?fit=640%2C351&ssl=1&resize=350%2C200","width":350,"height":200,"srcset":"https:\/\/i0.wp.com\/www.shqiperia.com\/blog\/wp-content\/uploads\/2022\/03\/640-0-degrfdh-1647883340.jpg?fit=640%2C351&ssl=1&resize=350%2C200 1x, https:\/\/i0.wp.com\/www.shqiperia.com\/blog\/wp-content\/uploads\/2022\/03\/640-0-degrfdh-1647883340.jpg?fit=640%2C351&ssl=1&resize=525%2C300 1.5x"},"classes":[]},{"id":37893,"url":"https:\/\/www.shqiperia.com\/blog\/nisin-tensionet-ne-mal-te-zi-perleshje-mes-mbeshtetesve-te-qeverise-dhe-opozites\/","url_meta":{"origin":74032,"position":5},"title":"Nisin tensionet n\u00eb Mal t\u00eb Zi, p\u00ebrleshje mes mb\u00ebshtet\u00ebsve t\u00eb qeveris\u00eb dhe opozit\u00ebs","author":"Kurt Farka","date":"September 1, 2020","format":false,"excerpt":"Nisin tensionet n\u00eb Mal t\u00eb Zi, p\u00ebrleshje mes mb\u00ebshtet\u00ebsve t\u00eb qeveris\u00eb dhe opozit\u00ebs 1 SHTATOR 2020 N\u00eb Podgoric\u00eb t\u00eb Malit t\u00eb Zi, t\u00eb h\u00ebn\u00ebn von\u00eb, pati p\u00ebrleshje midis mb\u00ebshtet\u00ebsve t\u00eb qeveris\u00eb dhe opozit\u00ebs, t\u00eb cil\u00ebt festonin fitoren n\u00eb zgjedhje. Policia reagoi, p\u00ebr t\u00eb penguar konfrontimet e m\u00ebtejshme. N\u00eb vendin e\u2026","rel":"","context":"In &quot;Blogu i Udh\u00ebtarit&quot;","block_context":{"text":"Blogu i Udh\u00ebtarit","link":"https:\/\/www.shqiperia.com\/blog\/category\/blogu-i-udhetarit\/"},"img":{"alt_text":"","src":"https:\/\/i0.wp.com\/www.shqiperia.com\/blog\/wp-content\/uploads\/2020\/09\/640-0-5f4deec3521c5.jpg?fit=640%2C360&ssl=1&resize=350%2C200","width":350,"height":200,"srcset":"https:\/\/i0.wp.com\/www.shqiperia.com\/blog\/wp-content\/uploads\/2020\/09\/640-0-5f4deec3521c5.jpg?fit=640%2C360&ssl=1&resize=350%2C200 1x, https:\/\/i0.wp.com\/www.shqiperia.com\/blog\/wp-content\/uploads\/2020\/09\/640-0-5f4deec3521c5.jpg?fit=640%2C360&ssl=1&resize=525%2C300 1.5x"},"classes":[]}],"_links":{"self":[{"href":"https:\/\/www.shqiperia.com\/blog\/wp-json\/wp\/v2\/posts\/74032","targetHints":{"allow":["GET"]}}],"collection":[{"href":"https:\/\/www.shqiperia.com\/blog\/wp-json\/wp\/v2\/posts"}],"about":[{"href":"https:\/\/www.shqiperia.com\/blog\/wp-json\/wp\/v2\/types\/post"}],"author":[{"embeddable":true,"href":"https:\/\/www.shqiperia.com\/blog\/wp-json\/wp\/v2\/users\/9"}],"replies":[{"embeddable":true,"href":"https:\/\/www.shqiperia.com\/blog\/wp-json\/wp\/v2\/comments?post=74032"}],"version-history":[{"count":2,"href":"https:\/\/www.shqiperia.com\/blog\/wp-json\/wp\/v2\/posts\/74032\/revisions"}],"predecessor-version":[{"id":74035,"href":"https:\/\/www.shqiperia.com\/blog\/wp-json\/wp\/v2\/posts\/74032\/revisions\/74035"}],"wp:featuredmedia":[{"embeddable":true,"href":"https:\/\/www.shqiperia.com\/blog\/wp-json\/wp\/v2\/media\/74033"}],"wp:attachment":[{"href":"https:\/\/www.shqiperia.com\/blog\/wp-json\/wp\/v2\/media?parent=74032"}],"wp:term":[{"taxonomy":"category","embeddable":true,"href":"https:\/\/www.shqiperia.com\/blog\/wp-json\/wp\/v2\/categories?post=74032"},{"taxonomy":"post_tag","embeddable":true,"href":"https:\/\/www.shqiperia.com\/blog\/wp-json\/wp\/v2\/tags?post=74032"}],"curies":[{"name":"wp","href":"https:\/\/api.w.org\/{rel}","templated":true}]}}