{"id":74029,"date":"2023-09-06T16:25:31","date_gmt":"2023-09-06T16:25:31","guid":{"rendered":"https:\/\/www.shqiperia.com\/blog\/?p=74029"},"modified":"2023-09-06T16:25:31","modified_gmt":"2023-09-06T16:25:31","slug":"kreu-kfor-it-ngre-alarmin-ne-bruksel-gjendja-ne-kosove-vazhdon-te-jete-shume-e-paqendrueshme","status":"publish","type":"post","link":"https:\/\/www.shqiperia.com\/blog\/kreu-kfor-it-ngre-alarmin-ne-bruksel-gjendja-ne-kosove-vazhdon-te-jete-shume-e-paqendrueshme\/","title":{"rendered":"Kreu KFOR-it ngre alarmin n\u00eb Bruksel: Gjendja n\u00eb Kosov\u00eb vazhdon t\u00eb jet\u00eb \u201cshum\u00eb e paq\u00ebndrueshme\u201d"},"content":{"rendered":"<p><img data-recalc-dims=\"1\" loading=\"lazy\" decoding=\"async\" data-attachment-id=\"74030\" data-permalink=\"https:\/\/www.shqiperia.com\/blog\/kreu-kfor-it-ngre-alarmin-ne-bruksel-gjendja-ne-kosove-vazhdon-te-jete-shume-e-paqendrueshme\/800-0-5c26cefe28ccacdad011adba61d90ed6\/\" data-orig-file=\"https:\/\/i0.wp.com\/www.shqiperia.com\/blog\/wp-content\/uploads\/2023\/09\/800-0-5c26cefe28ccacdad011adba61d90ed6.jpg?fit=800%2C455&amp;ssl=1\" data-orig-size=\"800,455\" data-comments-opened=\"1\" data-image-meta=\"{&quot;aperture&quot;:&quot;0&quot;,&quot;credit&quot;:&quot;&quot;,&quot;camera&quot;:&quot;&quot;,&quot;caption&quot;:&quot;&quot;,&quot;created_timestamp&quot;:&quot;0&quot;,&quot;copyright&quot;:&quot;&quot;,&quot;focal_length&quot;:&quot;0&quot;,&quot;iso&quot;:&quot;0&quot;,&quot;shutter_speed&quot;:&quot;0&quot;,&quot;title&quot;:&quot;&quot;,&quot;orientation&quot;:&quot;0&quot;}\" data-image-title=\"-800-0-5c26cefe28ccacdad011adba61d90ed6\" data-image-description=\"\" data-image-caption=\"\" data-medium-file=\"https:\/\/i0.wp.com\/www.shqiperia.com\/blog\/wp-content\/uploads\/2023\/09\/800-0-5c26cefe28ccacdad011adba61d90ed6.jpg?fit=300%2C171&amp;ssl=1\" data-large-file=\"https:\/\/i0.wp.com\/www.shqiperia.com\/blog\/wp-content\/uploads\/2023\/09\/800-0-5c26cefe28ccacdad011adba61d90ed6.jpg?fit=800%2C455&amp;ssl=1\" class=\"alignnone  wp-image-74030\" alt=\"\" src=\"https:\/\/i0.wp.com\/www.shqiperia.com\/blog\/wp-content\/uploads\/2023\/09\/800-0-5c26cefe28ccacdad011adba61d90ed6.jpg?resize=763%2C435&#038;ssl=1\" width=\"763\" height=\"435\" srcset=\"https:\/\/i0.wp.com\/www.shqiperia.com\/blog\/wp-content\/uploads\/2023\/09\/800-0-5c26cefe28ccacdad011adba61d90ed6.jpg?resize=300%2C171&amp;ssl=1 300w, https:\/\/i0.wp.com\/www.shqiperia.com\/blog\/wp-content\/uploads\/2023\/09\/800-0-5c26cefe28ccacdad011adba61d90ed6.jpg?resize=768%2C437&amp;ssl=1 768w, https:\/\/i0.wp.com\/www.shqiperia.com\/blog\/wp-content\/uploads\/2023\/09\/800-0-5c26cefe28ccacdad011adba61d90ed6.jpg?resize=450%2C256&amp;ssl=1 450w, https:\/\/i0.wp.com\/www.shqiperia.com\/blog\/wp-content\/uploads\/2023\/09\/800-0-5c26cefe28ccacdad011adba61d90ed6.jpg?resize=600%2C341&amp;ssl=1 600w, https:\/\/i0.wp.com\/www.shqiperia.com\/blog\/wp-content\/uploads\/2023\/09\/800-0-5c26cefe28ccacdad011adba61d90ed6.jpg?resize=400%2C228&amp;ssl=1 400w, https:\/\/i0.wp.com\/www.shqiperia.com\/blog\/wp-content\/uploads\/2023\/09\/800-0-5c26cefe28ccacdad011adba61d90ed6.jpg?w=800&amp;ssl=1 800w\" sizes=\"auto, (max-width: 763px) 100vw, 763px\" \/><\/p>\n<p>6 Shtator 2023<\/p>\n<p>Gjendja n\u00eb Kosov\u00eb vazhdon t\u00eb jet\u00eb \u201cshum\u00eb e paq\u00ebndrueshme\u201d ndon\u00ebse situata e siguris\u00eb \u00ebsht\u00eb qet\u00ebsuar n\u00eb krahasim me majin kur shp\u00ebrtheu dhuna, deklaroi komandanti i trupave t\u00eb NATO-s n\u00eb Kosov\u00eb t\u00eb m\u00ebrkur\u00ebn.<\/p>\n<p>Gjeneral majori Italian Angelo Michele Ristuccia, komandant i trupave paqeruajt\u00ebse t\u00eb NATO-s n\u00eb Kosov\u00eb, tha se tensionet mes dy pal\u00ebve mbeten t\u00eb larta p\u00ebr shkak t\u00eb dallimeve politike.\u201cGjendja \u00ebsht\u00eb e qet\u00eb pas zhvillimeve t\u00eb 29 majit. Por situata vazhdon t\u00eb jet\u00eb shum\u00eb e paq\u00ebndrueshme. Ne mendojm\u00eb se ky tension \u00ebsht\u00eb p\u00ebr shkak t\u00eb nj\u00eb s\u00ebr\u00eb \u00e7\u00ebshtjesh t\u00eb pazgjidhura,\u201d\u00a0deklaroi ai n\u00eb selin\u00eb e NATO-s n\u00eb Bruksel.<br \/>\n\u201cDo t\u00eb thoja se s\u00ebmundja m\u00eb shqet\u00ebsuese \u00ebsht\u00eb mosbesimi \u2013 mungesa e besimit nd\u00ebrmjet pal\u00ebve,\u201d\u00a0shtoi ai.<br \/>\n\u201cKjo do t\u00eb thot\u00eb se nuk ka zgjidhje ushtarake. E vetmja zgjidhje \u00ebsht\u00eb zgjidhja politike.\u201d<br \/>\nMbi 90 pjes\u00ebtar\u00eb t\u00eb KFOR-it u l\u00ebnduan gjat\u00eb p\u00ebrleshjeve me protestuesit serb\u00eb n\u00eb pjes\u00ebn veriore t\u00eb Kosov\u00ebs n\u00eb muajin maj. Rreth 50 protestues po ashtu u l\u00ebnduan gjat\u00eb trazirave.<\/p>\n<p>P\u00ebrleshjet shp\u00ebrthyen pasi kryetar\u00ebt shqiptar\u00eb hyn\u00eb n\u00eb zyret e tyre n\u00eb komunat n\u00eb veri t\u00eb Kosov\u00ebs pas mbajtjes s\u00eb zgjedhjeve komunale, q\u00eb u bojkotuan nga serb\u00ebt e asaj pjese.<\/p>\n<p>Gazeta Sot<\/p>\n","protected":false},"excerpt":{"rendered":"<p>6 Shtator 2023 Gjendja n\u00eb Kosov\u00eb vazhdon t\u00eb jet\u00eb \u201cshum\u00eb e paq\u00ebndrueshme\u201d ndon\u00ebse situata e siguris\u00eb \u00ebsht\u00eb qet\u00ebsuar n\u00eb krahasim me majin kur shp\u00ebrtheu dhuna, deklaroi komandanti i trupave t\u00eb NATO-s n\u00eb Kosov\u00eb t\u00eb m\u00ebrkur\u00ebn. Gjeneral majori Italian Angelo Michele Ristuccia, komandant i trupave paqeruajt\u00ebse t\u00eb NATO-s n\u00eb Kosov\u00eb, tha se tensionet mes dy pal\u00ebve [&hellip;]<\/p>\n","protected":false},"author":9,"featured_media":74030,"comment_status":"open","ping_status":"open","sticky":false,"template":"","format":"standard","meta":{"jetpack_post_was_ever_published":false,"_jetpack_newsletter_access":"","_jetpack_dont_email_post_to_subs":false,"_jetpack_newsletter_tier_id":0,"_jetpack_memberships_contains_paywalled_content":false,"_jetpack_memberships_contains_paid_content":false,"footnotes":"","jetpack_publicize_message":"","jetpack_publicize_feature_enabled":true,"jetpack_social_post_already_shared":true,"jetpack_social_options":{"image_generator_settings":{"template":"highway","default_image_id":0,"font":"","enabled":false},"version":2}},"categories":[27,1,2],"tags":[],"class_list":["post-74029","post","type-post","status-publish","format-standard","has-post-thumbnail","hentry","category-blogu-i-udhetarit","category-njoftime-shtypi","category-politika"],"jetpack_publicize_connections":[],"jetpack_featured_media_url":"https:\/\/i0.wp.com\/www.shqiperia.com\/blog\/wp-content\/uploads\/2023\/09\/800-0-5c26cefe28ccacdad011adba61d90ed6.jpg?fit=800%2C455&ssl=1","jetpack_sharing_enabled":true,"jetpack_shortlink":"https:\/\/wp.me\/p5Z6wp-jg1","jetpack-related-posts":[{"id":54533,"url":"https:\/\/www.shqiperia.com\/blog\/shqiperia-konfirmon-dergimin-e-trupave-ne-kosove-perkrah-nato-s\/","url_meta":{"origin":74029,"position":0},"title":"Shqip\u00ebria konfirmon d\u00ebrgimin e trupave n\u00eb Kosov\u00eb perkrah Nato-s","author":"Kurt Farka","date":"February 25, 2022","format":false,"excerpt":"Shqip\u00ebria konfirmon d\u00ebrgimin e trupave n\u00eb Kosov\u00eb perkrah Nato-s 25 Shkurt 2022 Ministria e Mbrojtjes s\u00eb Shqip\u00ebris\u00eb tha t\u00eb premten se ka nisur p\u00ebr n\u00eb Kosov\u00eb nj\u00eb grup prej 30 efektiv\u00ebs komando nga Forcat e Armatosura. Ky kontingjent do t\u2019i bashkohet forcave t\u00eb Misionit t\u00eb NATO-s n\u00eb Kosov\u00eb, KFOR. Ministri\u2026","rel":"","context":"In &quot;Blogu i Udh\u00ebtarit&quot;","block_context":{"text":"Blogu i Udh\u00ebtarit","link":"https:\/\/www.shqiperia.com\/blog\/category\/blogu-i-udhetarit\/"},"img":{"alt_text":"","src":"https:\/\/i0.wp.com\/www.shqiperia.com\/blog\/wp-content\/uploads\/2022\/02\/Kohe-te-reja-por-vazhdimsi.-Gjithmone-Bashke.jpg?fit=675%2C490&ssl=1&resize=350%2C200","width":350,"height":200,"srcset":"https:\/\/i0.wp.com\/www.shqiperia.com\/blog\/wp-content\/uploads\/2022\/02\/Kohe-te-reja-por-vazhdimsi.-Gjithmone-Bashke.jpg?fit=675%2C490&ssl=1&resize=350%2C200 1x, https:\/\/i0.wp.com\/www.shqiperia.com\/blog\/wp-content\/uploads\/2022\/02\/Kohe-te-reja-por-vazhdimsi.-Gjithmone-Bashke.jpg?fit=675%2C490&ssl=1&resize=525%2C300 1.5x"},"classes":[]},{"id":77656,"url":"https:\/\/www.shqiperia.com\/blog\/stoltenberg-situata-ne-ballkan-e-brishte-potencial-per-tensione-ne-kosove-e-bosnje\/","url_meta":{"origin":74029,"position":1},"title":"Stoltenberg: Situata n\u00eb Ballkan e brisht\u00eb, potencial p\u00ebr tensione n\u00eb Kosov\u00eb e Bosnje","author":"Kurt Farka","date":"January 26, 2024","format":false,"excerpt":"26 Janar 2024 NATO-ja beson se situata e siguris\u00eb n\u00eb Ballkanin Per\u00ebndimor \u00ebsht\u00eb ende shum\u00eb e brisht\u00eb, dhe ka potencial p\u00ebr tensione n\u00eb Kosov\u00eb dhe Bosnje \u2013 Hercegovin\u00eb. K\u00ebshtu ka th\u00ebn\u00eb t\u00eb premten prej Brukselit, Sekretari i P\u00ebrgjithsh\u00ebm i NATO-s, Jens Stoltenberg, duke folur pas takimit me kryeministrin e Malit\u2026","rel":"","context":"In &quot;Blogu i Udh\u00ebtarit&quot;","block_context":{"text":"Blogu i Udh\u00ebtarit","link":"https:\/\/www.shqiperia.com\/blog\/category\/blogu-i-udhetarit\/"},"img":{"alt_text":"","src":"https:\/\/i0.wp.com\/www.shqiperia.com\/blog\/wp-content\/uploads\/2024\/01\/stoltenberg-1.jpg?fit=976%2C549&ssl=1&resize=350%2C200","width":350,"height":200,"srcset":"https:\/\/i0.wp.com\/www.shqiperia.com\/blog\/wp-content\/uploads\/2024\/01\/stoltenberg-1.jpg?fit=976%2C549&ssl=1&resize=350%2C200 1x, https:\/\/i0.wp.com\/www.shqiperia.com\/blog\/wp-content\/uploads\/2024\/01\/stoltenberg-1.jpg?fit=976%2C549&ssl=1&resize=525%2C300 1.5x, https:\/\/i0.wp.com\/www.shqiperia.com\/blog\/wp-content\/uploads\/2024\/01\/stoltenberg-1.jpg?fit=976%2C549&ssl=1&resize=700%2C400 2x"},"classes":[]},{"id":74541,"url":"https:\/\/www.shqiperia.com\/blog\/jens-stoltenberg-njoftoi-se-eshte-marre-vendimi-per-shtimin-e-numrit-te-forcave-te-nato-s-ne-kosove\/","url_meta":{"origin":74029,"position":2},"title":"Jens Stoltenberg njoftoi se \u00ebsht\u00eb marr\u00eb vendimi p\u00ebr shtimin e numrit t\u00eb forcave t\u00eb NATO-s n\u00eb Kosov\u00eb.","author":"Kurt Farka","date":"September 30, 2023","format":false,"excerpt":"30 Shtator 2023 Per\u00ebndimi ka \u201cblinduar\u201d dit\u00ebn e djeshme Kosov\u00ebn e rrezikuar nga skenar\u00eb destabilizues q\u00eb thuren nga Moska dhe zbatohen nga Beogradi.\u00a0\u00a0 Sekretari i P\u00ebrgjithsh\u00ebm i NATO-s, Jens Stoltenberg, njoftoi se \u00ebsht\u00eb marr\u00eb vendimi p\u00ebr shtimin e numrit t\u00eb forcave t\u00eb NATO-s n\u00eb Kosov\u00eb. Ky komunikim i shefit t\u00eb\u2026","rel":"","context":"In &quot;Blogu i Udh\u00ebtarit&quot;","block_context":{"text":"Blogu i Udh\u00ebtarit","link":"https:\/\/www.shqiperia.com\/blog\/category\/blogu-i-udhetarit\/"},"img":{"alt_text":"","src":"https:\/\/i0.wp.com\/www.shqiperia.com\/blog\/wp-content\/uploads\/2023\/09\/800-0-6517d6d0d904d.png?fit=800%2C524&ssl=1&resize=350%2C200","width":350,"height":200,"srcset":"https:\/\/i0.wp.com\/www.shqiperia.com\/blog\/wp-content\/uploads\/2023\/09\/800-0-6517d6d0d904d.png?fit=800%2C524&ssl=1&resize=350%2C200 1x, https:\/\/i0.wp.com\/www.shqiperia.com\/blog\/wp-content\/uploads\/2023\/09\/800-0-6517d6d0d904d.png?fit=800%2C524&ssl=1&resize=525%2C300 1.5x, https:\/\/i0.wp.com\/www.shqiperia.com\/blog\/wp-content\/uploads\/2023\/09\/800-0-6517d6d0d904d.png?fit=800%2C524&ssl=1&resize=700%2C400 2x"},"classes":[]},{"id":60393,"url":"https:\/\/www.shqiperia.com\/blog\/kfor-jemi-te-pergatitur-te-nderhyjme-nese-rrezikohet-stabilitet-ne-veri-te-kosoves\/","url_meta":{"origin":74029,"position":3},"title":"KFOR: &#8211; Jemi t\u00eb p\u00ebrgatitur t\u00eb nd\u00ebrhyjm\u00eb n\u00ebse rrezikohet stabilitet n\u00eb veri t\u00eb Kosov\u00ebs","author":"Kurt Farka","date":"August 1, 2022","format":false,"excerpt":"\u00a01 Gusht 2022 Misioni i KFOR-it i udh\u00ebhequr nga NATO ka reaguar ndaj zhvillimeve n\u00eb veri. KFOR ka njoftuar se \u00ebsht\u00eb duke monitoruar nga af\u00ebr situat\u00ebn e cila \u00ebsht\u00eb e tensionuar dhe \u00ebsht\u00eb i p\u00ebrgatitur t\u00eb nd\u00ebrhyj\u00eb n\u00ebse rrezikohet stabiliteti, n\u00eb p\u00ebrputhje me mandatin e tij. \u201cGjendja e p\u00ebrgjithshme e\u2026","rel":"","context":"In &quot;Blogu i Udh\u00ebtarit&quot;","block_context":{"text":"Blogu i Udh\u00ebtarit","link":"https:\/\/www.shqiperia.com\/blog\/category\/blogu-i-udhetarit\/"},"img":{"alt_text":"","src":"https:\/\/i0.wp.com\/www.shqiperia.com\/blog\/wp-content\/uploads\/2022\/08\/KFOR-Jemi-te-pergatitur-te-nderhyjme-nese-rrezikohet-stabilitet-ne-veri-te-Kosoves.jpeg?fit=900%2C506&ssl=1&resize=350%2C200","width":350,"height":200,"srcset":"https:\/\/i0.wp.com\/www.shqiperia.com\/blog\/wp-content\/uploads\/2022\/08\/KFOR-Jemi-te-pergatitur-te-nderhyjme-nese-rrezikohet-stabilitet-ne-veri-te-Kosoves.jpeg?fit=900%2C506&ssl=1&resize=350%2C200 1x, https:\/\/i0.wp.com\/www.shqiperia.com\/blog\/wp-content\/uploads\/2022\/08\/KFOR-Jemi-te-pergatitur-te-nderhyjme-nese-rrezikohet-stabilitet-ne-veri-te-Kosoves.jpeg?fit=900%2C506&ssl=1&resize=525%2C300 1.5x, https:\/\/i0.wp.com\/www.shqiperia.com\/blog\/wp-content\/uploads\/2022\/08\/KFOR-Jemi-te-pergatitur-te-nderhyjme-nese-rrezikohet-stabilitet-ne-veri-te-Kosoves.jpeg?fit=900%2C506&ssl=1&resize=700%2C400 2x"},"classes":[]},{"id":82581,"url":"https:\/\/www.shqiperia.com\/blog\/ish-gjenerali-i-nato-s-paralajmeron-konflikt-te-mundshem-ne-ballkan-serbia-kerkon-te-marre-veriun-e-kosoves-vucic-i-sherben-interesave-te-rusise\/","url_meta":{"origin":74029,"position":4},"title":"Ish-gjenerali i NATO-s paralajm\u00ebron konflikt t\u00eb mundsh\u00ebm n\u00eb Ballkan: &#8211; Serbia k\u00ebrkon t\u00eb marr\u00eb veriun e Kosov\u00ebs! &#8211; Vu\u00e7i\u00e7 i sh\u00ebrben interesave t\u00eb Rusis\u00eb","author":"Kurt Farka","date":"July 9, 2024","format":false,"excerpt":"9 Korrik 2024 Ish-gjenerali i NATO-s, Wesley Clark, ka paralajm\u00ebruar p\u00ebr rrezikun se nj\u00eb konflikt i ri mund t\u00eb nis\u00eb n\u00eb Ballkan n\u00ebse Rusia nuk ndalohet n\u00eb Ukrain\u00eb. N\u00eb nj\u00eb intervist\u00eb p\u00ebr CNN Clark ka th\u00ebn\u00eb se Serbia i sh\u00ebrben interesave t\u00eb Rusis\u00eb dhe ajo q\u00eb k\u00ebrkon Serbia \u00ebsht\u00eb mb\u00ebshtetja\u2026","rel":"","context":"In &quot;Blogu i Udh\u00ebtarit&quot;","block_context":{"text":"Blogu i Udh\u00ebtarit","link":"https:\/\/www.shqiperia.com\/blog\/category\/blogu-i-udhetarit\/"},"img":{"alt_text":"","src":"https:\/\/i0.wp.com\/www.shqiperia.com\/blog\/wp-content\/uploads\/2024\/07\/wesley-clark.jpg?fit=676%2C440&ssl=1&resize=350%2C200","width":350,"height":200,"srcset":"https:\/\/i0.wp.com\/www.shqiperia.com\/blog\/wp-content\/uploads\/2024\/07\/wesley-clark.jpg?fit=676%2C440&ssl=1&resize=350%2C200 1x, https:\/\/i0.wp.com\/www.shqiperia.com\/blog\/wp-content\/uploads\/2024\/07\/wesley-clark.jpg?fit=676%2C440&ssl=1&resize=525%2C300 1.5x"},"classes":[]},{"id":61244,"url":"https:\/\/www.shqiperia.com\/blog\/analiza-ne-dw-do-ti-hynte-beogradi-vertet-rrezikut-te-perballej-serish-me-nato-n\/","url_meta":{"origin":74029,"position":5},"title":"Analiza n\u00eb DW: &#8211; Do t\u2019i hynte Beogradi v\u00ebrtet rrezikut t\u00eb p\u00ebrballej s\u00ebrish me NATO-n?","author":"Kurt Farka","date":"August 17, 2022","format":false,"excerpt":"17 Gusht 2022 Para takimit Kurti-Vu\u00e7iq n\u00eb Bruksel mediat serbe vazhdojn\u00eb t\u2019i hedhin benzin\u00eb zjarrit n\u00eb konfliktin p\u00ebr dokumentet e udh\u00ebtimit mes Kosov\u00ebs e Serbis\u00eb. A mund t\u00eb shkall\u00ebzohet s\u00ebrish konflikti n\u00eb rajon? \u201cAi po p\u00ebrgatit masakra n\u00eb Kosov\u00eb\u201d, k\u00ebshtu e titulloi gazeta bulevardeske \u201cInformer\u201d nj\u00eb shkrim t\u00eb sajin, me\u2026","rel":"","context":"In &quot;Blogu i Udh\u00ebtarit&quot;","block_context":{"text":"Blogu i Udh\u00ebtarit","link":"https:\/\/www.shqiperia.com\/blog\/category\/blogu-i-udhetarit\/"},"img":{"alt_text":"","src":"https:\/\/i0.wp.com\/www.shqiperia.com\/blog\/wp-content\/uploads\/2022\/08\/62676248_303.jpg?fit=700%2C370&ssl=1&resize=350%2C200","width":350,"height":200,"srcset":"https:\/\/i0.wp.com\/www.shqiperia.com\/blog\/wp-content\/uploads\/2022\/08\/62676248_303.jpg?fit=700%2C370&ssl=1&resize=350%2C200 1x, https:\/\/i0.wp.com\/www.shqiperia.com\/blog\/wp-content\/uploads\/2022\/08\/62676248_303.jpg?fit=700%2C370&ssl=1&resize=525%2C300 1.5x, https:\/\/i0.wp.com\/www.shqiperia.com\/blog\/wp-content\/uploads\/2022\/08\/62676248_303.jpg?fit=700%2C370&ssl=1&resize=700%2C400 2x"},"classes":[]}],"_links":{"self":[{"href":"https:\/\/www.shqiperia.com\/blog\/wp-json\/wp\/v2\/posts\/74029","targetHints":{"allow":["GET"]}}],"collection":[{"href":"https:\/\/www.shqiperia.com\/blog\/wp-json\/wp\/v2\/posts"}],"about":[{"href":"https:\/\/www.shqiperia.com\/blog\/wp-json\/wp\/v2\/types\/post"}],"author":[{"embeddable":true,"href":"https:\/\/www.shqiperia.com\/blog\/wp-json\/wp\/v2\/users\/9"}],"replies":[{"embeddable":true,"href":"https:\/\/www.shqiperia.com\/blog\/wp-json\/wp\/v2\/comments?post=74029"}],"version-history":[{"count":1,"href":"https:\/\/www.shqiperia.com\/blog\/wp-json\/wp\/v2\/posts\/74029\/revisions"}],"predecessor-version":[{"id":74031,"href":"https:\/\/www.shqiperia.com\/blog\/wp-json\/wp\/v2\/posts\/74029\/revisions\/74031"}],"wp:featuredmedia":[{"embeddable":true,"href":"https:\/\/www.shqiperia.com\/blog\/wp-json\/wp\/v2\/media\/74030"}],"wp:attachment":[{"href":"https:\/\/www.shqiperia.com\/blog\/wp-json\/wp\/v2\/media?parent=74029"}],"wp:term":[{"taxonomy":"category","embeddable":true,"href":"https:\/\/www.shqiperia.com\/blog\/wp-json\/wp\/v2\/categories?post=74029"},{"taxonomy":"post_tag","embeddable":true,"href":"https:\/\/www.shqiperia.com\/blog\/wp-json\/wp\/v2\/tags?post=74029"}],"curies":[{"name":"wp","href":"https:\/\/api.w.org\/{rel}","templated":true}]}}