{"id":74025,"date":"2023-09-06T09:48:04","date_gmt":"2023-09-06T09:48:04","guid":{"rendered":"https:\/\/www.shqiperia.com\/blog\/?p=74025"},"modified":"2023-09-06T09:48:25","modified_gmt":"2023-09-06T09:48:25","slug":"denoncimi-i-forte-i-ish-komandant-mecollari-familja-perandorake-resort-me-5-tje-te-akademia-e-marines","status":"publish","type":"post","link":"https:\/\/www.shqiperia.com\/blog\/denoncimi-i-forte-i-ish-komandant-mecollari-familja-perandorake-resort-me-5-tje-te-akademia-e-marines\/","title":{"rendered":"Denoncimi i ish-Komandant Me\u00e7ollari: &#8211; \u201cFamilja Perandorake\u201d resort me 5 tje te Akademia e Marin\u00ebs"},"content":{"rendered":"<p><img data-recalc-dims=\"1\" loading=\"lazy\" decoding=\"async\" data-attachment-id=\"74026\" data-permalink=\"https:\/\/www.shqiperia.com\/blog\/denoncimi-i-forte-i-ish-komandant-mecollari-familja-perandorake-resort-me-5-tje-te-akademia-e-marines\/800-0-a23eec13c513380fb02ede3897ddfa2b\/\" data-orig-file=\"https:\/\/i0.wp.com\/www.shqiperia.com\/blog\/wp-content\/uploads\/2023\/09\/800-0-a23eec13c513380fb02ede3897ddfa2b.jpg?fit=800%2C504&amp;ssl=1\" data-orig-size=\"800,504\" data-comments-opened=\"1\" data-image-meta=\"{&quot;aperture&quot;:&quot;0&quot;,&quot;credit&quot;:&quot;&quot;,&quot;camera&quot;:&quot;&quot;,&quot;caption&quot;:&quot;&quot;,&quot;created_timestamp&quot;:&quot;0&quot;,&quot;copyright&quot;:&quot;&quot;,&quot;focal_length&quot;:&quot;0&quot;,&quot;iso&quot;:&quot;0&quot;,&quot;shutter_speed&quot;:&quot;0&quot;,&quot;title&quot;:&quot;&quot;,&quot;orientation&quot;:&quot;0&quot;}\" data-image-title=\"-800-0-a23eec13c513380fb02ede3897ddfa2b\" data-image-description=\"\" data-image-caption=\"\" data-medium-file=\"https:\/\/i0.wp.com\/www.shqiperia.com\/blog\/wp-content\/uploads\/2023\/09\/800-0-a23eec13c513380fb02ede3897ddfa2b.jpg?fit=300%2C189&amp;ssl=1\" data-large-file=\"https:\/\/i0.wp.com\/www.shqiperia.com\/blog\/wp-content\/uploads\/2023\/09\/800-0-a23eec13c513380fb02ede3897ddfa2b.jpg?fit=800%2C504&amp;ssl=1\" class=\"alignnone wp-image-74026\" alt=\"\" src=\"https:\/\/i0.wp.com\/www.shqiperia.com\/blog\/wp-content\/uploads\/2023\/09\/800-0-a23eec13c513380fb02ede3897ddfa2b.jpg?resize=652%2C411&#038;ssl=1\" width=\"652\" height=\"411\" srcset=\"https:\/\/i0.wp.com\/www.shqiperia.com\/blog\/wp-content\/uploads\/2023\/09\/800-0-a23eec13c513380fb02ede3897ddfa2b.jpg?resize=300%2C189&amp;ssl=1 300w, https:\/\/i0.wp.com\/www.shqiperia.com\/blog\/wp-content\/uploads\/2023\/09\/800-0-a23eec13c513380fb02ede3897ddfa2b.jpg?resize=768%2C484&amp;ssl=1 768w, https:\/\/i0.wp.com\/www.shqiperia.com\/blog\/wp-content\/uploads\/2023\/09\/800-0-a23eec13c513380fb02ede3897ddfa2b.jpg?resize=450%2C284&amp;ssl=1 450w, https:\/\/i0.wp.com\/www.shqiperia.com\/blog\/wp-content\/uploads\/2023\/09\/800-0-a23eec13c513380fb02ede3897ddfa2b.jpg?resize=600%2C378&amp;ssl=1 600w, https:\/\/i0.wp.com\/www.shqiperia.com\/blog\/wp-content\/uploads\/2023\/09\/800-0-a23eec13c513380fb02ede3897ddfa2b.jpg?resize=400%2C252&amp;ssl=1 400w, https:\/\/i0.wp.com\/www.shqiperia.com\/blog\/wp-content\/uploads\/2023\/09\/800-0-a23eec13c513380fb02ede3897ddfa2b.jpg?w=800&amp;ssl=1 800w\" sizes=\"auto, (max-width: 652px) 100vw, 652px\" \/><\/p>\n<p>6 Shtator 2023<\/p>\n<p>Ish-zv\/ komandanti i Forcave Detare Artur Me\u00e7ollari ka b\u00ebr\u00eb nj\u00eb tjet\u00ebr denoncim p\u00ebr pronat n\u00eb ushtri dhe tjet\u00ebrsimin e tyre duke u privatizuar me dokumente false p\u00ebr t\u2019u nd\u00ebrtuar p\u00ebr pas hotele.<\/p>\n<p>\u201cSot 62-vjet m\u00eb par\u00eb u krijua Akademia e Marin\u00ebs n\u00eb Baz\u00ebn Detare t\u00eb Pashalimanit dhe shum\u00eb shpejt do t\u00eb transferohej aty ku kishte th\u00ebn\u00eb Sami Frash\u00ebri, n\u00eb Vlor\u00eb. Akademia e Marin\u00ebs do t\u00eb mbyllej n\u00eb vitin 2005 duke u thjyer n\u00eb Shkoll\u00eb Trupe p\u00ebr Forc\u00ebn Detare.<\/p>\n<p>Por n\u00eb vitin 2007 u shkri edhe Shkolla e Trup\u00ebs dhe me propozim t\u00eb drejtuesve t\u00eb Forc\u00ebs Detare t\u00eb koh\u00ebs Akademia e Marin\u00ebs doli fare nga Plani i Vendosjes dhe p\u00ebrhapjes.\u00a0 Ky \u00ebsht\u00eb momenti kur territori i Akademis\u00eb u tjet\u00ebrsua nga 42000 m\u00b2, sot n\u00eb vet\u00ebm 11.000 m\u00b2.<\/p>\n<p>N\u00eb vitin 2016 nj\u00eb sip\u00ebrfaqe prej rreth 19.200 m\u00b2 i kaloi Bashkis\u00eb Vlor\u00eb dhe nj\u00eb vit m\u00eb pas Ministris\u00eb s\u00eb Turizmit.\u00a0 Po ashtu n\u00eb vitin 2011 nj\u00eb sip\u00ebrfaqe prej 1500 m\u00b2 i kaloi nj\u00eb private dhe n\u00eb vitin 2015 Fjetina dhe Kinoklubi iu shit\u00ebn nj\u00eb private, i cili m\u00eb pas privatizoi dhe token, vijojn\u00eb nd\u00ebrtimet me leje t\u00eb Bashkis\u00eb, por vijon t\u00eb jet\u00eb pjes\u00eb e pron\u00ebs 904, cop\u00ebs prej 7400 m\u00b2.\u00a0 N\u00eb vitin 1994 iu jane dh\u00ebn\u00eb disa objekte p\u00ebr strehim disa ushtarakeve, sipas ligjit.\u00a0 Shumica e objekteve jane t\u00eb nd\u00ebrtuara nga Italia, p\u00ebrve\u00e7 Menc\u00ebs, tualeteve dhe gogin\u00ebs 4-kat\u00ebshe.<\/p>\n<p>E gjith\u00eb prona e ish-Akademis\u00eb s\u00eb Marin\u00ebs, prej gati 43.000 m\u00b2 n\u00eb vitin 1946 \u00ebsht\u00eb shpron\u00ebsuar nga Qeveria e koh\u00ebs me pronar\u00eb Administrat\u00ebn e Luft\u00ebs s\u00eb Italis\u00eb.\u00a0 Kjo prone iu \u00ebsht\u00eb bler\u00eb gjasht\u00eb pronar\u00ebve n\u00eb vitin 1940. Sot Forca Detare ka dy prona (Nr. 904) t\u00eb ndara nga rruga e pasme, nj\u00eb prone me sip\u00ebrfaqe 4.800 m\u00b2 dhe 7400 m\u00b2, nj\u00eb pjes\u00eb t\u00eb marr\u00eb.<\/p>\n<p>Nga 43.000 m\u00b2 (me boj\u00ebqielli ne hart\u00eb), sa iu sekuestruan n\u00eb 1946 Admistrat\u00ebs Italiane t\u00eb Luft\u00ebs, sot FD ka verr\u00ebm rreth 8.000 m\u00b2 (me t\u00eb kuqe).\u00a0 Pjesa m\u00eb e madhe me letra t\u00eb fallcifikuara si pron\u00eb privare.<\/p>\n<p>Prona e Forc\u00ebs Detare me sip\u00ebrfaqe 4.800 m\u00b2 parashikohet te bashkohet me at\u00eb t\u00eb Ministris\u00eb s\u00eb Kultur\u00ebs prej 19.200 m\u00b2 dhe KKRT t\u00eb miratoj s\u00eb shpejti nd\u00ebrtimin e nj\u00eb resorti turistik me 5 YJE p\u00ebr \u201cFAMILJEN PERANDORAKE\u201d n\u00eb sip\u00ebrfaqen prej 24.000 m\u00b2 (prona midis dy rrug\u00ebve).\u00a0 Jan\u00eb falcifikuar dokumentat zyrtare duke e konsideruar prone private\u201d shkruan ai.<\/p>\n<p>Gazeta Sot<\/p>\n","protected":false},"excerpt":{"rendered":"<p>6 Shtator 2023 Ish-zv\/ komandanti i Forcave Detare Artur Me\u00e7ollari ka b\u00ebr\u00eb nj\u00eb tjet\u00ebr denoncim p\u00ebr pronat n\u00eb ushtri dhe tjet\u00ebrsimin e tyre duke u privatizuar me dokumente false p\u00ebr t\u2019u nd\u00ebrtuar p\u00ebr pas hotele. \u201cSot 62-vjet m\u00eb par\u00eb u krijua Akademia e Marin\u00ebs n\u00eb Baz\u00ebn Detare t\u00eb Pashalimanit dhe shum\u00eb shpejt do t\u00eb transferohej [&hellip;]<\/p>\n","protected":false},"author":9,"featured_media":74026,"comment_status":"open","ping_status":"open","sticky":false,"template":"","format":"standard","meta":{"jetpack_post_was_ever_published":false,"_jetpack_newsletter_access":"","_jetpack_dont_email_post_to_subs":false,"_jetpack_newsletter_tier_id":0,"_jetpack_memberships_contains_paywalled_content":false,"_jetpack_memberships_contains_paid_content":false,"footnotes":"","jetpack_publicize_message":"","jetpack_publicize_feature_enabled":true,"jetpack_social_post_already_shared":true,"jetpack_social_options":{"image_generator_settings":{"template":"highway","default_image_id":0,"font":"","enabled":false},"version":2}},"categories":[27,1,35],"tags":[],"class_list":["post-74025","post","type-post","status-publish","format-standard","has-post-thumbnail","hentry","category-blogu-i-udhetarit","category-njoftime-shtypi","category-shoqerore"],"jetpack_publicize_connections":[],"jetpack_featured_media_url":"https:\/\/i0.wp.com\/www.shqiperia.com\/blog\/wp-content\/uploads\/2023\/09\/800-0-a23eec13c513380fb02ede3897ddfa2b.jpg?fit=800%2C504&ssl=1","jetpack_sharing_enabled":true,"jetpack_shortlink":"https:\/\/wp.me\/p5Z6wp-jfX","jetpack-related-posts":[{"id":64116,"url":"https:\/\/www.shqiperia.com\/blog\/cfare-po-kerkon-greqia-ne-detin-jon-artur-mecollari-zbardh-detajet-e-fundit-zbarkojne-tre-anije-greke\/","url_meta":{"origin":74025,"position":0},"title":"\u00c7far\u00eb po k\u00ebrkon Greqia n\u00eb detin Jon? Artur Me\u00e7ollari zbardh detajet e fundit: &#8211; Zbarkojn\u00eb tre anije greke","author":"Kurt Farka","date":"November 9, 2022","format":false,"excerpt":"9 Nentor 2022 Ish-z\u00ebvend\u00ebs komandanti i Forc\u00ebs Detare, Artur Me\u00e7ollari deklaroi se tre anije greke jan\u00eb duke k\u00ebrkuar burime hidrokarbure n\u00eb detin Jon. N\u00eb nj\u00eb intervist\u00eb p\u00ebr Euronews Albania, Me\u00e7ollari u shpreh se nj\u00eb prej anijeve dhe nj\u00eb rimorkiator, kan\u00eb hyr\u00eb n\u00eb zon\u00ebn e kontestuar detare midis Shqip\u00ebris\u00eb dhe Greqis\u00eb.\u2026","rel":"","context":"In &quot;Blogu i Udh\u00ebtarit&quot;","block_context":{"text":"Blogu i Udh\u00ebtarit","link":"https:\/\/www.shqiperia.com\/blog\/category\/blogu-i-udhetarit\/"},"img":{"alt_text":"","src":"https:\/\/i0.wp.com\/www.shqiperia.com\/blog\/wp-content\/uploads\/2022\/11\/640-0-636b97951dd94.jpg?fit=640%2C319&ssl=1&resize=350%2C200","width":350,"height":200,"srcset":"https:\/\/i0.wp.com\/www.shqiperia.com\/blog\/wp-content\/uploads\/2022\/11\/640-0-636b97951dd94.jpg?fit=640%2C319&ssl=1&resize=350%2C200 1x, https:\/\/i0.wp.com\/www.shqiperia.com\/blog\/wp-content\/uploads\/2022\/11\/640-0-636b97951dd94.jpg?fit=640%2C319&ssl=1&resize=525%2C300 1.5x"},"classes":[]},{"id":37023,"url":"https:\/\/www.shqiperia.com\/blog\/flota-detare-per-dasem-radaret-per-trafik-droge\/","url_meta":{"origin":74025,"position":1},"title":"Flota detare p\u00ebr das\u00ebm, radar\u00ebt p\u00ebr trafik droge","author":"Kurt Farka","date":"August 9, 2020","format":false,"excerpt":"Flota detare p\u00ebr das\u00ebm, radar\u00ebt p\u00ebr trafik droge 9 gusht \u00a02020 Sot u shkarkua nga detyra z\u00ebvend\u00ebs komandanti i forc\u00ebs detare, Artur Me\u00e7ollari. M\u00ebsohet se shkarkimi ka ardhur pasi Mecollari ka dh\u00ebn\u00eb dakord\u00ebsin\u00eb p\u00ebr p\u00ebrgatitjen e ceremonis\u00eb s\u00eb nj\u00eb martese civile n\u00eb nj\u00eb anije ushtarake. Ai ka dashur t\u00eb organizoj\u00eb\u2026","rel":"","context":"In &quot;Blogu i Udh\u00ebtarit&quot;","block_context":{"text":"Blogu i Udh\u00ebtarit","link":"https:\/\/www.shqiperia.com\/blog\/category\/blogu-i-udhetarit\/"},"img":{"alt_text":"","src":"https:\/\/i0.wp.com\/www.shqiperia.com\/blog\/wp-content\/uploads\/2020\/08\/068ab9cc448a6ff3d832832470709f47_XL-750x430-1.jpg?fit=537%2C279&ssl=1&resize=350%2C200","width":350,"height":200,"srcset":"https:\/\/i0.wp.com\/www.shqiperia.com\/blog\/wp-content\/uploads\/2020\/08\/068ab9cc448a6ff3d832832470709f47_XL-750x430-1.jpg?fit=537%2C279&ssl=1&resize=350%2C200 1x, https:\/\/i0.wp.com\/www.shqiperia.com\/blog\/wp-content\/uploads\/2020\/08\/068ab9cc448a6ff3d832832470709f47_XL-750x430-1.jpg?fit=537%2C279&ssl=1&resize=525%2C300 1.5x"},"classes":[]},{"id":64338,"url":"https:\/\/www.shqiperia.com\/blog\/greqia-po-ben-kerkime-ne-det-ditmir-bushati-ia-bllokoi-ne-vitin-2015%e2%80%b3-ish-zv-komandanti-i-forces-detare-si-u-terhoq-rama-nga-dergimi-i-paktit-ne-hage\/","url_meta":{"origin":74025,"position":2},"title":"\u201cGreqia po b\u00ebn k\u00ebrkime n\u00eb det, Ditmir Bushati i\u2019a bllokoi n\u00eb vitin 2015\u2033.- Ish-zv.komandanti i Forc\u00ebs Detare: &#8211; Si u t\u00ebrhoq Rama nga d\u00ebrgimi i paktit n\u00eb Hag\u00eb!","author":"Kurt Farka","date":"November 15, 2022","format":false,"excerpt":"15 Nentor 2022 Ish-z\u00ebvend\u00ebs komandanti i Forcave Detare Artur Me\u00e7ollari deklaron se Kryeministri Rama \u00ebsht\u00eb t\u00ebrhequr nga ideja p\u00ebr t\u00eb \u00e7uar n\u00eb Hag\u00eb marr\u00ebveshjen e Detit me Greqin\u00eb, pasi ka kuptuar se Shqip\u00ebria ndodhet n\u00eb pozita jo t\u00eb favorshme. N\u00eb nj\u00eb status n\u00eb faqen e tij n\u00eb Facebook ai shprehet\u2026","rel":"","context":"In &quot;Blogu i Udh\u00ebtarit&quot;","block_context":{"text":"Blogu i Udh\u00ebtarit","link":"https:\/\/www.shqiperia.com\/blog\/category\/blogu-i-udhetarit\/"},"img":{"alt_text":"","src":"https:\/\/i0.wp.com\/www.shqiperia.com\/blog\/wp-content\/uploads\/2022\/11\/mecollari-rama-bushati.png?fit=614%2C348&ssl=1&resize=350%2C200","width":350,"height":200,"srcset":"https:\/\/i0.wp.com\/www.shqiperia.com\/blog\/wp-content\/uploads\/2022\/11\/mecollari-rama-bushati.png?fit=614%2C348&ssl=1&resize=350%2C200 1x, https:\/\/i0.wp.com\/www.shqiperia.com\/blog\/wp-content\/uploads\/2022\/11\/mecollari-rama-bushati.png?fit=614%2C348&ssl=1&resize=525%2C300 1.5x"},"classes":[]},{"id":69583,"url":"https:\/\/www.shqiperia.com\/blog\/olta-xhacka-flet-pas-thirrjes-ne-spak-akuzat-ndaj-meje-shpifje\/","url_meta":{"origin":74025,"position":3},"title":"Olta Xha\u00e7ka flet pas thirrjes n\u00eb SPAK: &#8211; Akuzat ndaj meje shpifje.\u00a0 \u00a0&#8230;","author":"Kurt Farka","date":"March 13, 2023","format":false,"excerpt":"13 Mars 2023 Shpifje dhe alarm i rrem\u00eb, k\u00ebshtu i ka cil\u00ebsuar Ministrja e Jashtme, Olta Xha\u00e7ka, akuzat p\u00ebr tjet\u00ebrsimin e aseteve t\u00eb Forcave t\u00eb Armatosura dhe p\u00ebrdorimin e mjeteve t\u00eb ushtris\u00eb n\u00eb fushat\u00eb elektorale. Ish-ministrja e Mbrojtjes d\u00ebshmoi p\u00ebr mbi dy or\u00eb n\u00eb SPAK n\u00eb lidhje me hetimet q\u00eb\u2026","rel":"","context":"In &quot;Blogu i Udh\u00ebtarit&quot;","block_context":{"text":"Blogu i Udh\u00ebtarit","link":"https:\/\/www.shqiperia.com\/blog\/category\/blogu-i-udhetarit\/"},"img":{"alt_text":"","src":"https:\/\/i0.wp.com\/www.shqiperia.com\/blog\/wp-content\/uploads\/2023\/03\/olta-xhacka-1548938933.jpg?fit=1050%2C543&ssl=1&resize=350%2C200","width":350,"height":200,"srcset":"https:\/\/i0.wp.com\/www.shqiperia.com\/blog\/wp-content\/uploads\/2023\/03\/olta-xhacka-1548938933.jpg?fit=1050%2C543&ssl=1&resize=350%2C200 1x, https:\/\/i0.wp.com\/www.shqiperia.com\/blog\/wp-content\/uploads\/2023\/03\/olta-xhacka-1548938933.jpg?fit=1050%2C543&ssl=1&resize=525%2C300 1.5x, https:\/\/i0.wp.com\/www.shqiperia.com\/blog\/wp-content\/uploads\/2023\/03\/olta-xhacka-1548938933.jpg?fit=1050%2C543&ssl=1&resize=700%2C400 2x, https:\/\/i0.wp.com\/www.shqiperia.com\/blog\/wp-content\/uploads\/2023\/03\/olta-xhacka-1548938933.jpg?fit=1050%2C543&ssl=1&resize=1050%2C600 3x"},"classes":[]},{"id":98423,"url":"https:\/\/www.shqiperia.com\/blog\/mecollari-kritikon-projektin-e-porto-romanos-eshte-zone-sizmike-dhe\/","url_meta":{"origin":74025,"position":4},"title":"Me\u00e7ollari kritikon projektin e Porto Romanos: &#8211; \u00cbsht\u00eb zon\u00eb sizmike dhe..","author":"Kurt Farka","date":"March 17, 2026","format":false,"excerpt":"17 Mars 2026 Ish-zv.komandanti i Forc\u00ebs detare, Artur Me\u00e7ollari foli p\u00ebr \u00e7\u00ebshtjen e Porto Romanos, duke th\u00ebn\u00eb se nuk ka studim fizibiliteti. Gjat\u00eb nj\u00eb interviste televizive Me\u00e7ollari tha se kompanit\u00eb europiane nuk kan\u00eb kthyer p\u00ebrgjigje sepse nuk ka studim fizibiliteti dhe askush nuk ka nd\u00ebrmend t\u00eb hedh\u00eb para \u2018n\u00eb nj\u00eb\u2026","rel":"","context":"In &quot;Blogu i Udh\u00ebtarit&quot;","block_context":{"text":"Blogu i Udh\u00ebtarit","link":"https:\/\/www.shqiperia.com\/blog\/category\/blogu-i-udhetarit\/"},"img":{"alt_text":"","src":"https:\/\/i0.wp.com\/www.shqiperia.com\/blog\/wp-content\/uploads\/2026\/03\/Capture-320-300x202.jpg?resize=350%2C200&ssl=1","width":350,"height":200,"srcset":"https:\/\/i0.wp.com\/www.shqiperia.com\/blog\/wp-content\/uploads\/2026\/03\/Capture-320-300x202.jpg?resize=350%2C200&ssl=1 1x, https:\/\/i0.wp.com\/www.shqiperia.com\/blog\/wp-content\/uploads\/2026\/03\/Capture-320-300x202.jpg?resize=525%2C300&ssl=1 1.5x"},"classes":[]},{"id":30267,"url":"https:\/\/www.shqiperia.com\/blog\/perplasen-anijet-luftarake-ruse-dhe-amerikane-incident-mes-dy-superfuqive-ne-detin-arabik\/","url_meta":{"origin":74025,"position":5},"title":"\u00a0\u201cP\u00ebrplasen\u201d anijet luftarake ruse dhe amerikane, incident mes dy superfuqive n\u00eb detin arabik.","author":"Kurt Farka","date":"January 12, 2020","format":false,"excerpt":"\u00a0\u201cP\u00ebrplasen\u201d anijet luftarake ruse dhe amerikane, incident mes dy superfuqive n\u00eb detin arabik 10\/01\/2020 Media amerikane CNN ka njoftuar dit\u00ebn e sotme se \u00ebsht\u00eb sh\u00ebnuar nj\u00eb incident dhe nj\u00eb provokim nga pala ruse n\u00eb detin arabik. Nj\u00eb anije luftarake ruse \u201ciu afrua ne m\u00ebnyr\u00eb agresive\u201d nj\u00eb anijeje luftarake t\u00eb marin\u00ebs\u2026","rel":"","context":"In &quot;Blogu i Udh\u00ebtarit&quot;","block_context":{"text":"Blogu i Udh\u00ebtarit","link":"https:\/\/www.shqiperia.com\/blog\/category\/blogu-i-udhetarit\/"},"img":{"alt_text":"","src":"https:\/\/i0.wp.com\/www.shqiperia.com\/blog\/wp-content\/uploads\/2020\/01\/anije-1.jpg?fit=768%2C461&ssl=1&resize=350%2C200","width":350,"height":200,"srcset":"https:\/\/i0.wp.com\/www.shqiperia.com\/blog\/wp-content\/uploads\/2020\/01\/anije-1.jpg?fit=768%2C461&ssl=1&resize=350%2C200 1x, https:\/\/i0.wp.com\/www.shqiperia.com\/blog\/wp-content\/uploads\/2020\/01\/anije-1.jpg?fit=768%2C461&ssl=1&resize=525%2C300 1.5x, https:\/\/i0.wp.com\/www.shqiperia.com\/blog\/wp-content\/uploads\/2020\/01\/anije-1.jpg?fit=768%2C461&ssl=1&resize=700%2C400 2x"},"classes":[]}],"_links":{"self":[{"href":"https:\/\/www.shqiperia.com\/blog\/wp-json\/wp\/v2\/posts\/74025","targetHints":{"allow":["GET"]}}],"collection":[{"href":"https:\/\/www.shqiperia.com\/blog\/wp-json\/wp\/v2\/posts"}],"about":[{"href":"https:\/\/www.shqiperia.com\/blog\/wp-json\/wp\/v2\/types\/post"}],"author":[{"embeddable":true,"href":"https:\/\/www.shqiperia.com\/blog\/wp-json\/wp\/v2\/users\/9"}],"replies":[{"embeddable":true,"href":"https:\/\/www.shqiperia.com\/blog\/wp-json\/wp\/v2\/comments?post=74025"}],"version-history":[{"count":2,"href":"https:\/\/www.shqiperia.com\/blog\/wp-json\/wp\/v2\/posts\/74025\/revisions"}],"predecessor-version":[{"id":74028,"href":"https:\/\/www.shqiperia.com\/blog\/wp-json\/wp\/v2\/posts\/74025\/revisions\/74028"}],"wp:featuredmedia":[{"embeddable":true,"href":"https:\/\/www.shqiperia.com\/blog\/wp-json\/wp\/v2\/media\/74026"}],"wp:attachment":[{"href":"https:\/\/www.shqiperia.com\/blog\/wp-json\/wp\/v2\/media?parent=74025"}],"wp:term":[{"taxonomy":"category","embeddable":true,"href":"https:\/\/www.shqiperia.com\/blog\/wp-json\/wp\/v2\/categories?post=74025"},{"taxonomy":"post_tag","embeddable":true,"href":"https:\/\/www.shqiperia.com\/blog\/wp-json\/wp\/v2\/tags?post=74025"}],"curies":[{"name":"wp","href":"https:\/\/api.w.org\/{rel}","templated":true}]}}