{"id":74022,"date":"2023-09-06T09:32:19","date_gmt":"2023-09-06T09:32:19","guid":{"rendered":"https:\/\/www.shqiperia.com\/blog\/?p=74022"},"modified":"2023-09-06T09:32:19","modified_gmt":"2023-09-06T09:32:19","slug":"zjarr-ne-ambjentet-e-jashtme-te-kishes-se-shen-marenes-ne-moker-roja-peson-djegie-dyshohet-se-flaket-nisen-pasi","status":"publish","type":"post","link":"https:\/\/www.shqiperia.com\/blog\/zjarr-ne-ambjentet-e-jashtme-te-kishes-se-shen-marenes-ne-moker-roja-peson-djegie-dyshohet-se-flaket-nisen-pasi\/","title":{"rendered":"Zjarr n\u00eb ambjentet e jashtme t\u00eb kish\u00ebs s\u00eb Sh\u00ebn Maren\u00ebs n\u00eb Mok\u00ebr\/ Roja p\u00ebson djegie, dyshohet se flak\u00ebt nis\u00ebn pasi&#8230;"},"content":{"rendered":"<p><img data-recalc-dims=\"1\" loading=\"lazy\" decoding=\"async\" data-attachment-id=\"74023\" data-permalink=\"https:\/\/www.shqiperia.com\/blog\/zjarr-ne-ambjentet-e-jashtme-te-kishes-se-shen-marenes-ne-moker-roja-peson-djegie-dyshohet-se-flaket-nisen-pasi\/640-0-64f837b561c7e\/\" data-orig-file=\"https:\/\/i0.wp.com\/www.shqiperia.com\/blog\/wp-content\/uploads\/2023\/09\/640-0-64f837b561c7e.jpeg?fit=640%2C392&amp;ssl=1\" data-orig-size=\"640,392\" data-comments-opened=\"1\" data-image-meta=\"{&quot;aperture&quot;:&quot;0&quot;,&quot;credit&quot;:&quot;&quot;,&quot;camera&quot;:&quot;&quot;,&quot;caption&quot;:&quot;&quot;,&quot;created_timestamp&quot;:&quot;0&quot;,&quot;copyright&quot;:&quot;&quot;,&quot;focal_length&quot;:&quot;0&quot;,&quot;iso&quot;:&quot;0&quot;,&quot;shutter_speed&quot;:&quot;0&quot;,&quot;title&quot;:&quot;&quot;,&quot;orientation&quot;:&quot;0&quot;}\" data-image-title=\"-640-0-64f837b561c7e\" data-image-description=\"\" data-image-caption=\"\" data-medium-file=\"https:\/\/i0.wp.com\/www.shqiperia.com\/blog\/wp-content\/uploads\/2023\/09\/640-0-64f837b561c7e.jpeg?fit=300%2C184&amp;ssl=1\" data-large-file=\"https:\/\/i0.wp.com\/www.shqiperia.com\/blog\/wp-content\/uploads\/2023\/09\/640-0-64f837b561c7e.jpeg?fit=640%2C392&amp;ssl=1\" class=\"alignnone  wp-image-74023\" alt=\"\" src=\"https:\/\/i0.wp.com\/www.shqiperia.com\/blog\/wp-content\/uploads\/2023\/09\/640-0-64f837b561c7e.jpeg?resize=802%2C492&#038;ssl=1\" width=\"802\" height=\"492\" srcset=\"https:\/\/i0.wp.com\/www.shqiperia.com\/blog\/wp-content\/uploads\/2023\/09\/640-0-64f837b561c7e.jpeg?resize=300%2C184&amp;ssl=1 300w, https:\/\/i0.wp.com\/www.shqiperia.com\/blog\/wp-content\/uploads\/2023\/09\/640-0-64f837b561c7e.jpeg?resize=450%2C276&amp;ssl=1 450w, https:\/\/i0.wp.com\/www.shqiperia.com\/blog\/wp-content\/uploads\/2023\/09\/640-0-64f837b561c7e.jpeg?resize=600%2C368&amp;ssl=1 600w, https:\/\/i0.wp.com\/www.shqiperia.com\/blog\/wp-content\/uploads\/2023\/09\/640-0-64f837b561c7e.jpeg?resize=400%2C245&amp;ssl=1 400w, https:\/\/i0.wp.com\/www.shqiperia.com\/blog\/wp-content\/uploads\/2023\/09\/640-0-64f837b561c7e.jpeg?w=640&amp;ssl=1 640w\" sizes=\"auto, (max-width: 802px) 100vw, 802px\" \/><\/p>\n<p>6 Shtator 2023<\/p>\n<p>Nj\u00eb zjarr ka p\u00ebrfshir\u00eb ambientet ndihmes\u00eb n\u00eb Kish\u00ebs s\u00eb Sh\u00ebn Maren\u00ebs n\u00eb zon\u00ebn e Mokr\u00ebs n\u00eb Pogradec.<\/p>\n<p>Ambientet e q\u00ebndrimit p\u00ebrreth kish\u00ebs jan\u00eb p\u00ebrfshir\u00eb nga flak\u00ebt pasditen e djeshme dhe jan\u00eb djegur n\u00eb pjes\u00ebn m\u00eb t\u00eb madhe t\u00eb tyre duke shkaktuar d\u00ebme t\u00eb m\u00ebdha materiale. Me nd\u00ebrhyrjen e banor\u00ebve dhe roj\u00ebs \u00ebsht\u00eb mund\u00ebsuar izolimi dhe fikja e zjarrit nd\u00ebrsa policia ka nisur hetimet mbi ngjarjen.<\/p>\n<p>Dyshohet se shkak i zjarrit ka qen\u00eb rrjedhja e\u00a0 gazit nga nj\u00eb bombol e vog\u00ebl, e cila m\u00eb pas ka shp\u00ebrthyer n\u00eb flak\u00eb.<\/p>\n<p>Nga zjarri nj\u00ebri nga rojet ka pasur edhe djegie t\u00eb lehta n\u00eb fytyr\u00eb, teksa nd\u00ebrtesa e kish\u00ebs \u00ebsht\u00eb monument i kategoris\u00eb s\u00eb par\u00eb.<\/p>\n<p><span>Lajmi i mir\u00eb \u00ebsht\u00eb q\u00eb kisha e Sh\u00ebn Maren\u00ebs nuk ka p\u00ebsuar asnj\u00eb demtim.<\/span><\/p>\n","protected":false},"excerpt":{"rendered":"<p>6 Shtator 2023 Nj\u00eb zjarr ka p\u00ebrfshir\u00eb ambientet ndihmes\u00eb n\u00eb Kish\u00ebs s\u00eb Sh\u00ebn Maren\u00ebs n\u00eb zon\u00ebn e Mokr\u00ebs n\u00eb Pogradec. Ambientet e q\u00ebndrimit p\u00ebrreth kish\u00ebs jan\u00eb p\u00ebrfshir\u00eb nga flak\u00ebt pasditen e djeshme dhe jan\u00eb djegur n\u00eb pjes\u00ebn m\u00eb t\u00eb madhe t\u00eb tyre duke shkaktuar d\u00ebme t\u00eb m\u00ebdha materiale. Me nd\u00ebrhyrjen e banor\u00ebve dhe roj\u00ebs \u00ebsht\u00eb [&hellip;]<\/p>\n","protected":false},"author":9,"featured_media":74023,"comment_status":"open","ping_status":"open","sticky":false,"template":"","format":"standard","meta":{"jetpack_post_was_ever_published":false,"_jetpack_newsletter_access":"","_jetpack_dont_email_post_to_subs":false,"_jetpack_newsletter_tier_id":0,"_jetpack_memberships_contains_paywalled_content":false,"_jetpack_memberships_contains_paid_content":false,"footnotes":"","jetpack_publicize_message":"","jetpack_publicize_feature_enabled":true,"jetpack_social_post_already_shared":true,"jetpack_social_options":{"image_generator_settings":{"template":"highway","default_image_id":0,"font":"","enabled":false},"version":2}},"categories":[87,27,35,86],"tags":[],"class_list":["post-74022","post","type-post","status-publish","format-standard","has-post-thumbnail","hentry","category-arte","category-blogu-i-udhetarit","category-shoqerore","category-trashegimi-kulturore"],"jetpack_publicize_connections":[],"jetpack_featured_media_url":"https:\/\/i0.wp.com\/www.shqiperia.com\/blog\/wp-content\/uploads\/2023\/09\/640-0-64f837b561c7e.jpeg?fit=640%2C392&ssl=1","jetpack_sharing_enabled":true,"jetpack_shortlink":"https:\/\/wp.me\/p5Z6wp-jfU","jetpack-related-posts":[{"id":8132,"url":"https:\/\/www.shqiperia.com\/blog\/manastiri-i-shen-marenes-pogradec\/","url_meta":{"origin":74022,"position":0},"title":"Manastiri i Sh\u00ebn Maren\u00ebs, Pogradec. &#8211;","author":"Kurt Farka","date":"May 31, 2018","format":false,"excerpt":"Manastiri i Sh\u00ebn Maren\u00ebs, Pogradec Manastiri i Sh\u00ebn Maren\u00ebs, Pogradec \u00cbsht\u00eb shpallur monument kulture n\u00eb vitin 1948 me Dekretin nr. 586, dt.17.03.1948 \u201cMbi mbrojtjen e monumenteve te kultures dhe sendeve te rralla\u201d, aprovuar me Ligjin nr.609, dt.24.05.1948 dhe Dekretin nr.4874, dt.23.09.1971. Ndodhet n\u00eb veri t\u00eb fshatit Ll\u00ebng\u00eb, zona e Pogradecit,\u2026","rel":"","context":"In &quot;Arte&quot;","block_context":{"text":"Arte","link":"https:\/\/www.shqiperia.com\/blog\/category\/arte\/"},"img":{"alt_text":"","src":"https:\/\/i0.wp.com\/www.shqiperia.com\/blog\/wp-content\/uploads\/2018\/05\/11800313_10152898751031829_4414041658326685135_n.jpg?fit=960%2C643&ssl=1&resize=350%2C200","width":350,"height":200,"srcset":"https:\/\/i0.wp.com\/www.shqiperia.com\/blog\/wp-content\/uploads\/2018\/05\/11800313_10152898751031829_4414041658326685135_n.jpg?fit=960%2C643&ssl=1&resize=350%2C200 1x, https:\/\/i0.wp.com\/www.shqiperia.com\/blog\/wp-content\/uploads\/2018\/05\/11800313_10152898751031829_4414041658326685135_n.jpg?fit=960%2C643&ssl=1&resize=525%2C300 1.5x, https:\/\/i0.wp.com\/www.shqiperia.com\/blog\/wp-content\/uploads\/2018\/05\/11800313_10152898751031829_4414041658326685135_n.jpg?fit=960%2C643&ssl=1&resize=700%2C400 2x"},"classes":[]},{"id":88020,"url":"https:\/\/www.shqiperia.com\/blog\/akt-heroik-ne-pogradec-54-vjecari-shpeton-te-moshuarin-brenda-baneses-se-perfshire-nga-flaket\/","url_meta":{"origin":74022,"position":1},"title":"Akt heroik n\u00eb Pogradec, 54-vje\u00e7ari shp\u00ebton t\u00eb moshuarin brenda banes\u00ebs s\u00eb p\u00ebrfshir\u00eb nga flak\u00ebt","author":"Kurt Farka","date":"January 5, 2025","format":false,"excerpt":"5 Janar 2024 T\u00eb tjera detaje kan\u00eb dal\u00eb lidhur me ngjarjen n\u00eb Pogradec, ku nj\u00eb bllok banesash \u00ebsht\u00eb p\u00ebrfshir\u00eb nga flak\u00ebt. B\u00ebhet me dije se 54-vje\u00e7ari Fatmir Metoshi \u00ebsht\u00eb heroi q\u00eb shp\u00ebtoi t\u00eb moshuarin, banesa e t\u00eb cilit u p\u00ebrfshi fillimisht nga flak\u00ebt. Ai tregon se i moshuari ishte n\u00eb\u2026","rel":"","context":"In &quot;Blogu i Udh\u00ebtarit&quot;","block_context":{"text":"Blogu i Udh\u00ebtarit","link":"https:\/\/www.shqiperia.com\/blog\/category\/blogu-i-udhetarit\/"},"img":{"alt_text":"","src":"https:\/\/i0.wp.com\/www.shqiperia.com\/blog\/wp-content\/uploads\/2025\/01\/640-0-810f07844dc1519524846049927b30dd.jpeg?fit=640%2C336&ssl=1&resize=350%2C200","width":350,"height":200,"srcset":"https:\/\/i0.wp.com\/www.shqiperia.com\/blog\/wp-content\/uploads\/2025\/01\/640-0-810f07844dc1519524846049927b30dd.jpeg?fit=640%2C336&ssl=1&resize=350%2C200 1x, https:\/\/i0.wp.com\/www.shqiperia.com\/blog\/wp-content\/uploads\/2025\/01\/640-0-810f07844dc1519524846049927b30dd.jpeg?fit=640%2C336&ssl=1&resize=525%2C300 1.5x"},"classes":[]},{"id":4038,"url":"https:\/\/www.shqiperia.com\/blog\/kostandin-shpataraku-piktor-shquar-kishtar\/","url_meta":{"origin":74022,"position":2},"title":"Kostandin Shpataraku, piktor i shquar kishtar. &#8211;","author":"Kurt Farka","date":"February 27, 2018","format":false,"excerpt":"\u00a0 Kostandin Shpataraku ishte nj\u00eb piktor i shquar kishtar nga Shpati I Elbasanit dhe realizues i mjaft ikonave n\u00eb kishat m\u00eb t\u00eb njohura t\u00eb vendit ton\u00eb dhe jo vet\u00ebm. Sipas studiuesve dhe studiuesit Artan Shkreli ikonografi Shpataraku ka realizuar ikonat n\u00eb kish\u00ebn e Ardenices, t\u00eb Cikalleshit, t\u00eb Sh\u00ebn Pjetrit n\u00eb\u2026","rel":"","context":"In &quot;Arte&quot;","block_context":{"text":"Arte","link":"https:\/\/www.shqiperia.com\/blog\/category\/arte\/"},"img":{"alt_text":"","src":"https:\/\/i0.wp.com\/www.shqiperia.com\/blog\/wp-content\/uploads\/2018\/02\/k.-Shpataraku.jpg?fit=589%2C476&ssl=1&resize=350%2C200","width":350,"height":200,"srcset":"https:\/\/i0.wp.com\/www.shqiperia.com\/blog\/wp-content\/uploads\/2018\/02\/k.-Shpataraku.jpg?fit=589%2C476&ssl=1&resize=350%2C200 1x, https:\/\/i0.wp.com\/www.shqiperia.com\/blog\/wp-content\/uploads\/2018\/02\/k.-Shpataraku.jpg?fit=589%2C476&ssl=1&resize=525%2C300 1.5x"},"classes":[]},{"id":96096,"url":"https:\/\/www.shqiperia.com\/blog\/digjen-dhjetera-autobuset-e-linjave-urbane-ne-sektorin-rinia-ne-durres-tymi-pushton-te-gjithe-zonen\/","url_meta":{"origin":74022,"position":3},"title":"Digjen dhjet\u00ebra autobus\u00ebt e linjave urbane n\u00eb sektorin Rinia n\u00eb Durr\u00ebs, tymi &#8220;pushton&#8221; t\u00eb gjith\u00eb zon\u00ebn","author":"Kurt Farka","date":"December 27, 2025","format":false,"excerpt":"27 Dhjetor 2025 Nj\u00eb zjarr i madh ka r\u00ebn\u00eb n\u00eb zon\u00ebn e Fllak\u00ebs, n\u00eb an\u00eb t\u00eb rrug\u00ebs. Nga t\u00eb dh\u00ebnat e para dyshohet se zjarri ka r\u00ebn\u00eb n\u00eb disa autobusa t\u00eb linjave urbane. Zjarrfik\u00ebsit jan\u00eb nisur drejt vendit t\u00eb ngjarjes. Njoftimi: Durr\u00ebs \/ Informacion paraprak Rreth or\u00ebs 13:45, n\u00eb lagjen\u2026","rel":"","context":"In &quot;Blogu i Udh\u00ebtarit&quot;","block_context":{"text":"Blogu i Udh\u00ebtarit","link":"https:\/\/www.shqiperia.com\/blog\/category\/blogu-i-udhetarit\/"},"img":{"alt_text":"","src":"https:\/\/i0.wp.com\/www.shqiperia.com\/blog\/wp-content\/uploads\/2025\/12\/600-388-capturepng-1766842179.png?fit=600%2C388&ssl=1&resize=350%2C200","width":350,"height":200,"srcset":"https:\/\/i0.wp.com\/www.shqiperia.com\/blog\/wp-content\/uploads\/2025\/12\/600-388-capturepng-1766842179.png?fit=600%2C388&ssl=1&resize=350%2C200 1x, https:\/\/i0.wp.com\/www.shqiperia.com\/blog\/wp-content\/uploads\/2025\/12\/600-388-capturepng-1766842179.png?fit=600%2C388&ssl=1&resize=525%2C300 1.5x"},"classes":[]},{"id":36384,"url":"https:\/\/www.shqiperia.com\/blog\/njihuni-me-historine-e-kishes-shekullore-rindertuar-nga-ali-pashe-tepelena\/","url_meta":{"origin":74022,"position":4},"title":"Njihuni me historin\u00eb e kish\u00ebs shekullore, rind\u00ebrtuar nga Ali Pash\u00eb Tepelena","author":"Kurt Farka","date":"July 17, 2020","format":false,"excerpt":"Njihuni me historin\u00eb e kish\u00ebs shekullore, rind\u00ebrtuar nga Ali Pash\u00eb Tepelena 13 KORRIK 2020 Nga: SILVANA MU\u00c7A T\u00eb pakt\u00eb jan\u00eb ata q\u00eb e njohin kish\u00ebn e \u201cSh\u00ebn Iliut\u201d q\u00eb ndodhet n\u00eb Bual t\u00eb P\u00ebrmetit, e cila p\u00ebrpara shekullit t\u00eb XVII u p\u00ebrfshi nga flak\u00ebt dhe d\u00ebmet ishin kolosale. Ky Monument\u2026","rel":"","context":"In &quot;Histori&quot;","block_context":{"text":"Histori","link":"https:\/\/www.shqiperia.com\/blog\/category\/histori\/"},"img":{"alt_text":"","src":"https:\/\/i0.wp.com\/www.shqiperia.com\/blog\/wp-content\/uploads\/2020\/07\/Kisha-e-Bualit.jpg?fit=640%2C311&ssl=1&resize=350%2C200","width":350,"height":200,"srcset":"https:\/\/i0.wp.com\/www.shqiperia.com\/blog\/wp-content\/uploads\/2020\/07\/Kisha-e-Bualit.jpg?fit=640%2C311&ssl=1&resize=350%2C200 1x, https:\/\/i0.wp.com\/www.shqiperia.com\/blog\/wp-content\/uploads\/2020\/07\/Kisha-e-Bualit.jpg?fit=640%2C311&ssl=1&resize=525%2C300 1.5x"},"classes":[]},{"id":5430,"url":"https:\/\/www.shqiperia.com\/blog\/kostandin-shpataraku-ne-gjurmet-e-onufrit\/","url_meta":{"origin":74022,"position":5},"title":"Kostandin Shpataraku n\u00eb gjurm\u00ebt e Onufrit. &#8211;","author":"Kurt Farka","date":"March 23, 2018","format":false,"excerpt":"Nga: Anisa Demiraj. - -Ne jemi nj\u00eb vend shum\u00eb i vog\u00ebl, por q\u00eb ka mund\u00ebsin\u00eb t\u00eb t\u00eb ofroj\u00eb shum\u00eb. Nj\u00eb nga bukurit\u00eb m\u00eb t\u00eb vler\u00ebsuara n\u00eb Shqip\u00ebri edhe m\u00eb gjer\u00eb, jan\u00eb pikturat murale n\u00ebp\u00ebr kisha, t\u00eb cilat datojn\u00eb q\u00eb n\u00eb shekullin e XVI. Artist\u00ebt e asaj kohe kan\u00eb qen\u00eb t\u00eb\u2026","rel":"","context":"In &quot;Arte&quot;","block_context":{"text":"Arte","link":"https:\/\/www.shqiperia.com\/blog\/category\/arte\/"},"img":{"alt_text":"","src":"https:\/\/i0.wp.com\/www.shqiperia.com\/blog\/wp-content\/uploads\/2018\/03\/Kostandin-Shpataraku-3-Copy.jpg?fit=589%2C418&ssl=1&resize=350%2C200","width":350,"height":200,"srcset":"https:\/\/i0.wp.com\/www.shqiperia.com\/blog\/wp-content\/uploads\/2018\/03\/Kostandin-Shpataraku-3-Copy.jpg?fit=589%2C418&ssl=1&resize=350%2C200 1x, https:\/\/i0.wp.com\/www.shqiperia.com\/blog\/wp-content\/uploads\/2018\/03\/Kostandin-Shpataraku-3-Copy.jpg?fit=589%2C418&ssl=1&resize=525%2C300 1.5x"},"classes":[]}],"_links":{"self":[{"href":"https:\/\/www.shqiperia.com\/blog\/wp-json\/wp\/v2\/posts\/74022","targetHints":{"allow":["GET"]}}],"collection":[{"href":"https:\/\/www.shqiperia.com\/blog\/wp-json\/wp\/v2\/posts"}],"about":[{"href":"https:\/\/www.shqiperia.com\/blog\/wp-json\/wp\/v2\/types\/post"}],"author":[{"embeddable":true,"href":"https:\/\/www.shqiperia.com\/blog\/wp-json\/wp\/v2\/users\/9"}],"replies":[{"embeddable":true,"href":"https:\/\/www.shqiperia.com\/blog\/wp-json\/wp\/v2\/comments?post=74022"}],"version-history":[{"count":1,"href":"https:\/\/www.shqiperia.com\/blog\/wp-json\/wp\/v2\/posts\/74022\/revisions"}],"predecessor-version":[{"id":74024,"href":"https:\/\/www.shqiperia.com\/blog\/wp-json\/wp\/v2\/posts\/74022\/revisions\/74024"}],"wp:featuredmedia":[{"embeddable":true,"href":"https:\/\/www.shqiperia.com\/blog\/wp-json\/wp\/v2\/media\/74023"}],"wp:attachment":[{"href":"https:\/\/www.shqiperia.com\/blog\/wp-json\/wp\/v2\/media?parent=74022"}],"wp:term":[{"taxonomy":"category","embeddable":true,"href":"https:\/\/www.shqiperia.com\/blog\/wp-json\/wp\/v2\/categories?post=74022"},{"taxonomy":"post_tag","embeddable":true,"href":"https:\/\/www.shqiperia.com\/blog\/wp-json\/wp\/v2\/tags?post=74022"}],"curies":[{"name":"wp","href":"https:\/\/api.w.org\/{rel}","templated":true}]}}