{"id":74019,"date":"2023-09-06T09:08:19","date_gmt":"2023-09-06T09:08:19","guid":{"rendered":"https:\/\/www.shqiperia.com\/blog\/?p=74019"},"modified":"2023-09-06T09:08:19","modified_gmt":"2023-09-06T09:08:19","slug":"kisha-e-laboves-se-kryqit-dilemat-mbi-periudhen-e-ndertimit","status":"publish","type":"post","link":"https:\/\/www.shqiperia.com\/blog\/kisha-e-laboves-se-kryqit-dilemat-mbi-periudhen-e-ndertimit\/","title":{"rendered":"Kisha e Labov\u00ebs s\u00eb Kryqit, dilemat mbi periudh\u00ebn e nd\u00ebrtimit"},"content":{"rendered":"<p><img data-recalc-dims=\"1\" loading=\"lazy\" decoding=\"async\" data-attachment-id=\"74020\" data-permalink=\"https:\/\/www.shqiperia.com\/blog\/kisha-e-laboves-se-kryqit-dilemat-mbi-periudhen-e-ndertimit\/640-0-kisha-e-laboves-3-1693897927\/\" data-orig-file=\"https:\/\/i0.wp.com\/www.shqiperia.com\/blog\/wp-content\/uploads\/2023\/09\/640-0-kisha-e-laboves-3-1693897927.jpg?fit=640%2C410&amp;ssl=1\" data-orig-size=\"640,410\" data-comments-opened=\"1\" data-image-meta=\"{&quot;aperture&quot;:&quot;0&quot;,&quot;credit&quot;:&quot;&quot;,&quot;camera&quot;:&quot;&quot;,&quot;caption&quot;:&quot;&quot;,&quot;created_timestamp&quot;:&quot;0&quot;,&quot;copyright&quot;:&quot;&quot;,&quot;focal_length&quot;:&quot;0&quot;,&quot;iso&quot;:&quot;0&quot;,&quot;shutter_speed&quot;:&quot;0&quot;,&quot;title&quot;:&quot;&quot;,&quot;orientation&quot;:&quot;0&quot;}\" data-image-title=\"-640-0-kisha-e-laboves-3-1693897927\" data-image-description=\"\" data-image-caption=\"\" data-medium-file=\"https:\/\/i0.wp.com\/www.shqiperia.com\/blog\/wp-content\/uploads\/2023\/09\/640-0-kisha-e-laboves-3-1693897927.jpg?fit=300%2C192&amp;ssl=1\" data-large-file=\"https:\/\/i0.wp.com\/www.shqiperia.com\/blog\/wp-content\/uploads\/2023\/09\/640-0-kisha-e-laboves-3-1693897927.jpg?fit=640%2C410&amp;ssl=1\" class=\"alignnone  wp-image-74020\" alt=\"\" src=\"https:\/\/i0.wp.com\/www.shqiperia.com\/blog\/wp-content\/uploads\/2023\/09\/640-0-kisha-e-laboves-3-1693897927.jpg?resize=920%2C589&#038;ssl=1\" width=\"920\" height=\"589\" srcset=\"https:\/\/i0.wp.com\/www.shqiperia.com\/blog\/wp-content\/uploads\/2023\/09\/640-0-kisha-e-laboves-3-1693897927.jpg?resize=300%2C192&amp;ssl=1 300w, https:\/\/i0.wp.com\/www.shqiperia.com\/blog\/wp-content\/uploads\/2023\/09\/640-0-kisha-e-laboves-3-1693897927.jpg?resize=450%2C288&amp;ssl=1 450w, https:\/\/i0.wp.com\/www.shqiperia.com\/blog\/wp-content\/uploads\/2023\/09\/640-0-kisha-e-laboves-3-1693897927.jpg?resize=600%2C384&amp;ssl=1 600w, https:\/\/i0.wp.com\/www.shqiperia.com\/blog\/wp-content\/uploads\/2023\/09\/640-0-kisha-e-laboves-3-1693897927.jpg?resize=400%2C256&amp;ssl=1 400w, https:\/\/i0.wp.com\/www.shqiperia.com\/blog\/wp-content\/uploads\/2023\/09\/640-0-kisha-e-laboves-3-1693897927.jpg?w=640&amp;ssl=1 640w\" sizes=\"auto, (max-width: 920px) 100vw, 920px\" \/><\/p>\n<p>6 Shtator 2023<\/p>\n<p>Monumentet e arkitektur\u00ebs jan\u00eb trash\u00ebgimia q\u00eb na njohin me periudh\u00ebn mesjetare dhe me stilin e nd\u00ebrtimit bizantin.<\/p>\n<p>Ka z\u00ebra q\u00eb pretendojn\u00eb se kisha e Labov\u00ebs s\u00eb Kryqit, n\u00eb Gjirokast\u00ebr \u00ebsht\u00eb nd\u00ebrtuar rreth vitit 554 n\u00eb koh\u00ebn e Justinianit I. Nd\u00ebrkaq, studiuesit mendojn\u00eb ndryshe.<\/p>\n<p>Kjo \u00ebsht\u00eb nj\u00eb nga kishat e tipit kryq i brendashkruar me kupol\u00eb, por ka dhe tipare t\u00eb ve\u00e7anta q\u00eb e dallojn\u00eb nga tipi. Kisha n\u00eb gjendjen e sotme p\u00ebrb\u00ebhet prej b\u00ebrtham\u00ebs s\u00eb vjet\u00ebr gati katrore n\u00eb plan, dhe shtesave n\u00eb an\u00ebt jugore, veriore dhe per\u00ebndimore.<\/p>\n<p>N\u00eb vitin 1776 i jan\u00eb rind\u00ebrtuar absidat dhe jan\u00eb b\u00ebr\u00eb nj\u00eb s\u00ebr\u00eb p\u00ebrfocimesh n\u00eb brend\u00ebsi, p\u00ebr t\u00eb mbajtur strukturat e d\u00ebmtuara nga koha. Kisha e vjet\u00ebr, nd\u00ebrkaq, p\u00ebrb\u00ebhet nga pjesa qendrore katrore mbuluar me kupol\u00eb, nga e cila hapen kat\u00ebr krah\u00ebt e kryqit t\u00eb mbuluar me qemer\u00eb cilindrik\u00eb.<\/p>\n<p>Pjesa qendrore me kupol\u00eb ndahet nga pjes\u00ebt an\u00ebsore n\u00ebp\u00ebrmjet arkadave treshe dykat\u00ebshe, duke u theksuar, n\u00eb k\u00ebt\u00eb m\u00ebnyr\u00eb, v\u00ebllimi qendror i naosit.<\/p>\n<p>Kupola mb\u00ebshtetet mbi harqet mbajt\u00ebs q\u00eb ngrihen mbi kat\u00ebr pilastra masive n\u00eb k\u00ebndet e k\u00ebtij v\u00ebllimi qendror. Nga ana e jashtme muret jan\u00eb nd\u00ebrtuar me gur\u00eb e tulla, dekoruar me stilin e njohur klausonazh.<\/p>\n<p><img data-recalc-dims=\"1\" decoding=\"async\" alt=\"Kisha e Labov\u00ebs s\u00eb Kryqit, dilemat mbi periudh\u00ebn e nd\u00ebrtimit\" src=\"https:\/\/i0.wp.com\/media.oranews.tv\/oranews.tv\/media3\/-640-0-kisha-e-laboves-1-1693897928.jpg?ssl=1\"  data-size=\"x\" data-id=\"507406\" \/><\/p>\n<p>Tipologjikisht, forma e ve\u00e7ant\u00eb shpjegohet, nga nj\u00ebra an\u00eb, me ndikime t\u00eb tipave t\u00eb vjet\u00ebr t\u00eb Selanikut e Kostandinopoj\u00ebs (shek. VIII-IX), nga ana tjet\u00ebr me p\u00ebrpjekjet q\u00eb b\u00ebhen n\u00eb Kostandinopoj\u00eb e gjetk\u00eb n\u00eb fund t\u00eb shek. XII p\u00ebr t\u00eb gjetur shprehje t\u00eb reja arkitekturale n\u00eb formimin e pjes\u00ebs qendrore. \/ATSH\/<\/p>\n<p>Nga <span class=\"c-writers_name\">Nga OraNews<\/span><\/p>\n","protected":false},"excerpt":{"rendered":"<p>6 Shtator 2023 Monumentet e arkitektur\u00ebs jan\u00eb trash\u00ebgimia q\u00eb na njohin me periudh\u00ebn mesjetare dhe me stilin e nd\u00ebrtimit bizantin. Ka z\u00ebra q\u00eb pretendojn\u00eb se kisha e Labov\u00ebs s\u00eb Kryqit, n\u00eb Gjirokast\u00ebr \u00ebsht\u00eb nd\u00ebrtuar rreth vitit 554 n\u00eb koh\u00ebn e Justinianit I. Nd\u00ebrkaq, studiuesit mendojn\u00eb ndryshe. Kjo \u00ebsht\u00eb nj\u00eb nga kishat e tipit kryq i [&hellip;]<\/p>\n","protected":false},"author":9,"featured_media":74020,"comment_status":"open","ping_status":"open","sticky":false,"template":"","format":"standard","meta":{"jetpack_post_was_ever_published":false,"_jetpack_newsletter_access":"","_jetpack_dont_email_post_to_subs":false,"_jetpack_newsletter_tier_id":0,"_jetpack_memberships_contains_paywalled_content":false,"_jetpack_memberships_contains_paid_content":false,"footnotes":"","jetpack_publicize_message":"","jetpack_publicize_feature_enabled":true,"jetpack_social_post_already_shared":true,"jetpack_social_options":{"image_generator_settings":{"template":"highway","default_image_id":0,"font":"","enabled":false},"version":2}},"categories":[87,85,10,35,86],"tags":[],"class_list":["post-74019","post","type-post","status-publish","format-standard","has-post-thumbnail","hentry","category-arte","category-histori","category-kultura","category-shoqerore","category-trashegimi-kulturore"],"jetpack_publicize_connections":[],"jetpack_featured_media_url":"https:\/\/i0.wp.com\/www.shqiperia.com\/blog\/wp-content\/uploads\/2023\/09\/640-0-kisha-e-laboves-3-1693897927.jpg?fit=640%2C410&ssl=1","jetpack_sharing_enabled":true,"jetpack_shortlink":"https:\/\/wp.me\/p5Z6wp-jfR","jetpack-related-posts":[{"id":18145,"url":"https:\/\/www.shqiperia.com\/blog\/kryqi-i-zhdukur-i-laboves\/","url_meta":{"origin":74019,"position":0},"title":"Kryqi i zhdukur i Labov\u00ebs. &#8211;","author":"Kurt Farka","date":"March 9, 2019","format":false,"excerpt":"Kryqi i zhdukur i Labov\u00ebs. - Me nj\u00eb mosh\u00eb m\u00eb shum\u00eb se 15 shekullore, Kisha e Labov\u00ebs s\u00eb Kryqit vler\u00ebsohet si nj\u00eb prej monumenteve m\u00eb t\u00eb rralla historike, fetare e kulturore t\u00eb Shqip\u00ebris\u00eb. Ajo njihet si nj\u00eb prej 40 kishave t\u00eb para, t\u00eb nd\u00ebrtuara n\u00eb gjith\u00eb bot\u00ebn. Ndodhet n\u00eb fshatin\u2026","rel":"","context":"In &quot;Histori&quot;","block_context":{"text":"Histori","link":"https:\/\/www.shqiperia.com\/blog\/category\/histori\/"},"img":{"alt_text":"","src":"https:\/\/i0.wp.com\/www.shqiperia.com\/blog\/wp-content\/uploads\/2019\/03\/Kisha-e-Laboves-se-Kryqit-1_2017_04_26_08-Copy.jpg?fit=800%2C438&ssl=1&resize=350%2C200","width":350,"height":200,"srcset":"https:\/\/i0.wp.com\/www.shqiperia.com\/blog\/wp-content\/uploads\/2019\/03\/Kisha-e-Laboves-se-Kryqit-1_2017_04_26_08-Copy.jpg?fit=800%2C438&ssl=1&resize=350%2C200 1x, https:\/\/i0.wp.com\/www.shqiperia.com\/blog\/wp-content\/uploads\/2019\/03\/Kisha-e-Laboves-se-Kryqit-1_2017_04_26_08-Copy.jpg?fit=800%2C438&ssl=1&resize=525%2C300 1.5x, https:\/\/i0.wp.com\/www.shqiperia.com\/blog\/wp-content\/uploads\/2019\/03\/Kisha-e-Laboves-se-Kryqit-1_2017_04_26_08-Copy.jpg?fit=800%2C438&ssl=1&resize=700%2C400 2x"},"classes":[]},{"id":16656,"url":"https:\/\/www.shqiperia.com\/blog\/restaurime-te-gabuara-ne-kishen-e-laboves-mbulohet-nga-lageshtira-nje-vit-pas-punimeve\/","url_meta":{"origin":74019,"position":1},"title":"Restaurime t\u00eb gabuara n\u00eb kish\u00ebn e Labov\u00ebs, mbulohet nga lag\u00ebshtira nj\u00eb vit pas punimeve. &#8211;","author":"Kurt Farka","date":"January 28, 2019","format":false,"excerpt":"Restaurime t\u00eb gabuara n\u00eb kish\u00ebn e Labov\u00ebs, mbulohet nga lag\u00ebshtira nj\u00eb vit pas punimeve. - Kisha e Labov\u00ebs s\u00eb Kryqit m\u00eb e vjetra n\u00eb Shqip\u00ebri dhe nd\u00ebr m\u00eb uniket n\u00eb t\u00eb gjith\u00eb bot\u00ebn bizantine p\u00ebrfundoi vitin e kaluar punimet restauruese. Nd\u00ebrhyrja konsistoi n\u00eb fasad\u00ebn e jashtme, leht\u00ebsimin e pesh\u00ebs s\u00eb\u2026","rel":"","context":"In &quot;Histori&quot;","block_context":{"text":"Histori","link":"https:\/\/www.shqiperia.com\/blog\/category\/histori\/"},"img":{"alt_text":"","src":"https:\/\/i0.wp.com\/www.shqiperia.com\/blog\/wp-content\/uploads\/2019\/01\/Kishae-Laboves-se-Kryqit.jpg?fit=800%2C450&ssl=1&resize=350%2C200","width":350,"height":200,"srcset":"https:\/\/i0.wp.com\/www.shqiperia.com\/blog\/wp-content\/uploads\/2019\/01\/Kishae-Laboves-se-Kryqit.jpg?fit=800%2C450&ssl=1&resize=350%2C200 1x, https:\/\/i0.wp.com\/www.shqiperia.com\/blog\/wp-content\/uploads\/2019\/01\/Kishae-Laboves-se-Kryqit.jpg?fit=800%2C450&ssl=1&resize=525%2C300 1.5x, https:\/\/i0.wp.com\/www.shqiperia.com\/blog\/wp-content\/uploads\/2019\/01\/Kishae-Laboves-se-Kryqit.jpg?fit=800%2C450&ssl=1&resize=700%2C400 2x"},"classes":[]},{"id":1592,"url":"https:\/\/www.shqiperia.com\/blog\/kisha-e-ristozit-mborje-korce\/","url_meta":{"origin":74019,"position":2},"title":"Kisha e Ristozit, Mborje &#8211; Korce. &#8211;","author":"Kurt Farka","date":"January 21, 2018","format":false,"excerpt":"Ajo \u00ebsht\u00eb nj\u00eb nder objektet e kultit q\u00eb \u00ebsht\u00eb nd\u00ebrtuar m\u00eb her\u00ebt n\u00eb Ballkan. Ka disa versione p\u00ebr koh\u00ebn e nd\u00ebrtimit t\u00eb saj. Sipas nj\u00ebrit prej versioneve, kjo kish\u00eb \u00ebsht\u00eb ngritur n\u00eb vitin 896, nd\u00ebrsa n\u00eb nj\u00eb version tjet\u00ebr flitet p\u00ebr gjysm\u00ebn e shekullit t\u00eb XIV-t\u00eb. Kisha \u00ebsht\u00eb nd\u00ebrtuar n\u00eb\u2026","rel":"","context":"In &quot;Trashegimi Kulturore&quot;","block_context":{"text":"Trashegimi Kulturore","link":"https:\/\/www.shqiperia.com\/blog\/category\/trashegimi-kulturore\/"},"img":{"alt_text":"","src":"https:\/\/i0.wp.com\/www.shqiperia.com\/blog\/wp-content\/uploads\/2018\/01\/Kisha-e-Riztocit-Mborje-Korce-3.jpg?fit=500%2C375&ssl=1&resize=350%2C200","width":350,"height":200},"classes":[]},{"id":19043,"url":"https:\/\/www.shqiperia.com\/blog\/kisha-e-vjeter-qe-u-ruajt-nga-myslimanet\/","url_meta":{"origin":74019,"position":3},"title":"Kisha e Vjeter qe u ruajt nga Myslimanet. &#8211;","author":"Kurt Farka","date":"April 1, 2019","format":false,"excerpt":"Kisha e Vjeter qe u ruajt nga Myslimanet. - N\u00eb fshatin \u201cHysaj\u201d n\u00eb Gruemir\u00eb t\u00eb Mal\u00ebsis\u00eb s\u00eb Madhe ndodhen rr\u00ebnojat e nj\u00eb kishe 600-vje\u00e7are. Nd\u00ebrtesat e mbetura dhe oborri p\u00ebrfshijn\u00eb nj\u00eb sip\u00ebrfaqe prej rreth 3 mij\u00eb metra katror\u00eb. Prej disa vitesh kjo kish\u00eb \u00ebsht\u00eb kthyer n\u00eb nj\u00eb vend t\u00eb shenjt\u00eb.\u2026","rel":"","context":"In &quot;Blogu i Udh\u00ebtarit&quot;","block_context":{"text":"Blogu i Udh\u00ebtarit","link":"https:\/\/www.shqiperia.com\/blog\/category\/blogu-i-udhetarit\/"},"img":{"alt_text":"","src":"https:\/\/i0.wp.com\/www.shqiperia.com\/blog\/wp-content\/uploads\/2019\/04\/SHKODER-1-681x409-1.jpg?fit=638%2C342&ssl=1&resize=350%2C200","width":350,"height":200,"srcset":"https:\/\/i0.wp.com\/www.shqiperia.com\/blog\/wp-content\/uploads\/2019\/04\/SHKODER-1-681x409-1.jpg?fit=638%2C342&ssl=1&resize=350%2C200 1x, https:\/\/i0.wp.com\/www.shqiperia.com\/blog\/wp-content\/uploads\/2019\/04\/SHKODER-1-681x409-1.jpg?fit=638%2C342&ssl=1&resize=525%2C300 1.5x"},"classes":[]},{"id":10835,"url":"https:\/\/www.shqiperia.com\/blog\/kisha-e-shen-millit-mehillit-vithkuq-korce\/","url_meta":{"origin":74019,"position":4},"title":"Kisha e Sh\u00ebn Millit (M\u00ebhillit) Vithkuq, Kor\u00e7\u00eb. &#8211;","author":"Kurt Farka","date":"August 20, 2018","format":false,"excerpt":"Kisha e Sh\u00ebn Millit (M\u00ebhillit) Vithkuq, Kor\u00e7\u00eb. - Kisha e Sh\u00ebn Mehillit (Vithkuq) \u00ebsht\u00eb monument i trash\u00ebgimis\u00eb kulturore n\u00eb Vithkuq, rrethi i Kor\u00e7\u00ebsKisha \u00ebsht\u00eb m\u00eb e madhja e Vithkuqit. Ajo filloi t\u00eb nd\u00ebrtohet n\u00eb vitin 1682 me shpenzimet e t\u00eb krishter\u00ebve q\u00eb jetonin n\u00eb Vithkuq, me kontributin e prift Stavrit,\u2026","rel":"","context":"In &quot;Histori&quot;","block_context":{"text":"Histori","link":"https:\/\/www.shqiperia.com\/blog\/category\/histori\/"},"img":{"alt_text":"","src":"https:\/\/i0.wp.com\/www.shqiperia.com\/blog\/wp-content\/uploads\/2018\/08\/kisha-shen-mehillit-vithkuq.jpg?fit=960%2C453&ssl=1&resize=350%2C200","width":350,"height":200,"srcset":"https:\/\/i0.wp.com\/www.shqiperia.com\/blog\/wp-content\/uploads\/2018\/08\/kisha-shen-mehillit-vithkuq.jpg?fit=960%2C453&ssl=1&resize=350%2C200 1x, https:\/\/i0.wp.com\/www.shqiperia.com\/blog\/wp-content\/uploads\/2018\/08\/kisha-shen-mehillit-vithkuq.jpg?fit=960%2C453&ssl=1&resize=525%2C300 1.5x, https:\/\/i0.wp.com\/www.shqiperia.com\/blog\/wp-content\/uploads\/2018\/08\/kisha-shen-mehillit-vithkuq.jpg?fit=960%2C453&ssl=1&resize=700%2C400 2x"},"classes":[]},{"id":2795,"url":"https:\/\/www.shqiperia.com\/blog\/kalaja-e-laboves-monumente\/","url_meta":{"origin":74019,"position":5},"title":"Kalaja e Labov\u00ebs &#8211; Monumente. &#8211;","author":"Kurt Farka","date":"February 9, 2018","format":false,"excerpt":"Kalaja e Labov\u00ebs ndodhet n\u00eb shpatin per\u00ebndimor t\u00eb malit t\u00eb Buretos, mbi nj\u00eb kresht\u00eb shk\u00ebmbore 700 m mbi nivelin e detit t\u00eb lidhur vet\u00ebm me formacionin m\u00ebm\u00eb. Zot\u00ebron nj\u00eb pozicion t\u00eb shk\u00eblqyer strategjik, pasi kontrollon nj\u00eb sip\u00ebrfaqe t\u00eb madhe si dhe lugin\u00ebn e lumit t\u00eb Suh\u00ebs, q\u00eb t\u00eb \u00e7on n\u00eb\u2026","rel":"","context":"In &quot;Trashegimi Kulturore&quot;","block_context":{"text":"Trashegimi Kulturore","link":"https:\/\/www.shqiperia.com\/blog\/category\/trashegimi-kulturore\/"},"img":{"alt_text":"","src":"https:\/\/i0.wp.com\/www.shqiperia.com\/blog\/wp-content\/uploads\/2018\/02\/kalaja-laboves.jpg?fit=768%2C445&ssl=1&resize=350%2C200","width":350,"height":200,"srcset":"https:\/\/i0.wp.com\/www.shqiperia.com\/blog\/wp-content\/uploads\/2018\/02\/kalaja-laboves.jpg?fit=768%2C445&ssl=1&resize=350%2C200 1x, https:\/\/i0.wp.com\/www.shqiperia.com\/blog\/wp-content\/uploads\/2018\/02\/kalaja-laboves.jpg?fit=768%2C445&ssl=1&resize=525%2C300 1.5x, https:\/\/i0.wp.com\/www.shqiperia.com\/blog\/wp-content\/uploads\/2018\/02\/kalaja-laboves.jpg?fit=768%2C445&ssl=1&resize=700%2C400 2x"},"classes":[]}],"_links":{"self":[{"href":"https:\/\/www.shqiperia.com\/blog\/wp-json\/wp\/v2\/posts\/74019","targetHints":{"allow":["GET"]}}],"collection":[{"href":"https:\/\/www.shqiperia.com\/blog\/wp-json\/wp\/v2\/posts"}],"about":[{"href":"https:\/\/www.shqiperia.com\/blog\/wp-json\/wp\/v2\/types\/post"}],"author":[{"embeddable":true,"href":"https:\/\/www.shqiperia.com\/blog\/wp-json\/wp\/v2\/users\/9"}],"replies":[{"embeddable":true,"href":"https:\/\/www.shqiperia.com\/blog\/wp-json\/wp\/v2\/comments?post=74019"}],"version-history":[{"count":1,"href":"https:\/\/www.shqiperia.com\/blog\/wp-json\/wp\/v2\/posts\/74019\/revisions"}],"predecessor-version":[{"id":74021,"href":"https:\/\/www.shqiperia.com\/blog\/wp-json\/wp\/v2\/posts\/74019\/revisions\/74021"}],"wp:featuredmedia":[{"embeddable":true,"href":"https:\/\/www.shqiperia.com\/blog\/wp-json\/wp\/v2\/media\/74020"}],"wp:attachment":[{"href":"https:\/\/www.shqiperia.com\/blog\/wp-json\/wp\/v2\/media?parent=74019"}],"wp:term":[{"taxonomy":"category","embeddable":true,"href":"https:\/\/www.shqiperia.com\/blog\/wp-json\/wp\/v2\/categories?post=74019"},{"taxonomy":"post_tag","embeddable":true,"href":"https:\/\/www.shqiperia.com\/blog\/wp-json\/wp\/v2\/tags?post=74019"}],"curies":[{"name":"wp","href":"https:\/\/api.w.org\/{rel}","templated":true}]}}