{"id":74016,"date":"2023-09-06T08:56:13","date_gmt":"2023-09-06T08:56:13","guid":{"rendered":"https:\/\/www.shqiperia.com\/blog\/?p=74016"},"modified":"2023-09-06T08:56:13","modified_gmt":"2023-09-06T08:56:13","slug":"india-do-e-ndryshoje-emrin-do-te-quhet-bharat","status":"publish","type":"post","link":"https:\/\/www.shqiperia.com\/blog\/india-do-e-ndryshoje-emrin-do-te-quhet-bharat\/","title":{"rendered":"India do e ndryshoj\u00eb emrin, do t\u00eb quhet\u2026 Bharat"},"content":{"rendered":"<p><img data-recalc-dims=\"1\" loading=\"lazy\" decoding=\"async\" data-attachment-id=\"74017\" data-permalink=\"https:\/\/www.shqiperia.com\/blog\/india-do-e-ndryshoje-emrin-do-te-quhet-bharat\/india\/\" data-orig-file=\"https:\/\/i0.wp.com\/www.shqiperia.com\/blog\/wp-content\/uploads\/2023\/09\/india.jpg?fit=660%2C413&amp;ssl=1\" data-orig-size=\"660,413\" data-comments-opened=\"1\" data-image-meta=\"{&quot;aperture&quot;:&quot;0&quot;,&quot;credit&quot;:&quot;&quot;,&quot;camera&quot;:&quot;&quot;,&quot;caption&quot;:&quot;&quot;,&quot;created_timestamp&quot;:&quot;0&quot;,&quot;copyright&quot;:&quot;&quot;,&quot;focal_length&quot;:&quot;0&quot;,&quot;iso&quot;:&quot;0&quot;,&quot;shutter_speed&quot;:&quot;0&quot;,&quot;title&quot;:&quot;&quot;,&quot;orientation&quot;:&quot;1&quot;}\" data-image-title=\"india\" data-image-description=\"\" data-image-caption=\"\" data-medium-file=\"https:\/\/i0.wp.com\/www.shqiperia.com\/blog\/wp-content\/uploads\/2023\/09\/india.jpg?fit=300%2C188&amp;ssl=1\" data-large-file=\"https:\/\/i0.wp.com\/www.shqiperia.com\/blog\/wp-content\/uploads\/2023\/09\/india.jpg?fit=660%2C413&amp;ssl=1\" class=\"alignnone  wp-image-74017\" alt=\"\" src=\"https:\/\/i0.wp.com\/www.shqiperia.com\/blog\/wp-content\/uploads\/2023\/09\/india.jpg?resize=598%2C375&#038;ssl=1\" width=\"598\" height=\"375\" srcset=\"https:\/\/i0.wp.com\/www.shqiperia.com\/blog\/wp-content\/uploads\/2023\/09\/india.jpg?resize=300%2C188&amp;ssl=1 300w, https:\/\/i0.wp.com\/www.shqiperia.com\/blog\/wp-content\/uploads\/2023\/09\/india.jpg?resize=450%2C282&amp;ssl=1 450w, https:\/\/i0.wp.com\/www.shqiperia.com\/blog\/wp-content\/uploads\/2023\/09\/india.jpg?resize=600%2C375&amp;ssl=1 600w, https:\/\/i0.wp.com\/www.shqiperia.com\/blog\/wp-content\/uploads\/2023\/09\/india.jpg?resize=400%2C250&amp;ssl=1 400w, https:\/\/i0.wp.com\/www.shqiperia.com\/blog\/wp-content\/uploads\/2023\/09\/india.jpg?w=660&amp;ssl=1 660w\" sizes=\"auto, (max-width: 598px) 100vw, 598px\" \/><\/p>\n<p>6 Shtator 2023<\/p>\n<p>India mund t\u00eb ndryshoj\u00eb emrin e saj n\u00eb dit\u00ebt n\u00eb vijim. Edhe pse ende nuk \u00ebsht\u00eb zyrtare, disa lider\u00eb kan\u00eb b\u00ebr\u00eb deklarata p\u00ebr k\u00ebt\u00eb, p\u00ebrve\u00e7 paraqitjes s\u00eb till\u00eb n\u00eb samitin e ardhsh\u00ebm t\u00eb G20-\u00ebs. Narendra Modi, kryeministri, e ka p\u00ebrdorur k\u00ebt\u00eb term p\u00ebr t\u00eb shpallur takimin e G20.<\/p>\n<p>Arsyeja \u00ebsht\u00eb se Bharat do t\u00eb thot\u00eb Indi n\u00eb Hindu. Droupadi Murmu, \u00ebsht\u00eb prezantuar si \u201cpresidenti i Bharat\u201d n\u00eb ftes\u00ebn p\u00ebr dark\u00eb d\u00ebrguar lider\u00ebve t\u00eb huaj q\u00eb marrin pjes\u00eb n\u00eb samit. Disa ministra nga partia n\u00eb pushtet BJP mb\u00ebshtesin vendimin, por disa udh\u00ebheq\u00ebs t\u00eb opozit\u00ebs e v\u00ebn\u00eb n\u00eb dyshim at\u00eb.<\/p>\n<p>Faqet zyrtare t\u00eb internetit t\u00eb Indis\u00eb vazhdojn\u00eb t\u00eb p\u00ebrdorin termin \u201cQeveria e Indis\u00eb\u201d. P\u00ebrdorimi i Bharat ka filluar t\u00eb p\u00ebrdoret n\u00eb ftes\u00ebn e lartp\u00ebrmendur pasi Mohan Bhagwat, kreu i Rashtriya Swayamsevak Sangh, u shpreh se vendi duhet t\u00eb quhet Bharat n\u00eb vend t\u00eb Indis\u00eb.<\/p>\n<p>\u201cNdonj\u00ebher\u00eb ne p\u00ebrdorim Indin\u00eb n\u00eb m\u00ebnyr\u00eb q\u00eb ata q\u00eb flasin anglisht t\u00eb kuptojn\u00eb. Por ne duhet t\u00eb ndalojm\u00eb p\u00ebrdorimin e k\u00ebsaj. Emri i vendit Bharat do t\u00eb mbetet Bharat kudo q\u00eb t\u00eb shkojm\u00eb n\u00eb bot\u00eb\u201d, tha ai.<\/p>\n<p>Nd\u00ebrkoh\u00eb, politikan\u00ebt e BJP-s\u00eb duartrokit\u00ebn mas\u00ebn: \u201cT\u00eb lumtur dhe krenar\u00eb q\u00eb qytet\u00ebrimi yn\u00eb po p\u00ebrparon me guxim drejt Amrit Kaal\u201d, tha Himanta Biswa Sarma n\u00eb Twitter. Kuptimi i \u2018Amrit Kaal\u2019 \u00ebsht\u00eb \u201cepoka e art\u00eb\u201d, nj\u00eb term q\u00eb qeveria p\u00ebrdor p\u00ebr t\u2019iu referuar koh\u00ebs para vitit 2047, kur vendi do t\u00eb jet\u00eb 100 vje\u00e7. M\u00eb par\u00eb ishte Turqia q\u00eb ndryshoi emrin e saj vet\u00ebm n\u00eb disa fonema dhe jo plot\u00ebsisht.<\/p>\n<p>Gazeta Dita<\/p>\n","protected":false},"excerpt":{"rendered":"<p>6 Shtator 2023 India mund t\u00eb ndryshoj\u00eb emrin e saj n\u00eb dit\u00ebt n\u00eb vijim. Edhe pse ende nuk \u00ebsht\u00eb zyrtare, disa lider\u00eb kan\u00eb b\u00ebr\u00eb deklarata p\u00ebr k\u00ebt\u00eb, p\u00ebrve\u00e7 paraqitjes s\u00eb till\u00eb n\u00eb samitin e ardhsh\u00ebm t\u00eb G20-\u00ebs. Narendra Modi, kryeministri, e ka p\u00ebrdorur k\u00ebt\u00eb term p\u00ebr t\u00eb shpallur takimin e G20. Arsyeja \u00ebsht\u00eb se Bharat [&hellip;]<\/p>\n","protected":false},"author":9,"featured_media":74017,"comment_status":"open","ping_status":"open","sticky":false,"template":"","format":"standard","meta":{"jetpack_post_was_ever_published":false,"_jetpack_newsletter_access":"","_jetpack_dont_email_post_to_subs":false,"_jetpack_newsletter_tier_id":0,"_jetpack_memberships_contains_paywalled_content":false,"_jetpack_memberships_contains_paid_content":false,"footnotes":"","jetpack_publicize_message":"","jetpack_publicize_feature_enabled":true,"jetpack_social_post_already_shared":true,"jetpack_social_options":{"image_generator_settings":{"template":"highway","default_image_id":0,"font":"","enabled":false},"version":2}},"categories":[27,14,35],"tags":[],"class_list":["post-74016","post","type-post","status-publish","format-standard","has-post-thumbnail","hentry","category-blogu-i-udhetarit","category-press-releases","category-shoqerore"],"jetpack_publicize_connections":[],"jetpack_featured_media_url":"https:\/\/i0.wp.com\/www.shqiperia.com\/blog\/wp-content\/uploads\/2023\/09\/india.jpg?fit=660%2C413&ssl=1","jetpack_sharing_enabled":true,"jetpack_shortlink":"https:\/\/wp.me\/p5Z6wp-jfO","jetpack-related-posts":[{"id":73461,"url":"https:\/\/www.shqiperia.com\/blog\/putin-gati-ti-jape-fund-izolimit-media-amerikane-do-te-takohet-me-perendimin-ne-g20\/","url_meta":{"origin":74016,"position":0},"title":"Putin gati t\u2019i jap\u00eb fund izolimit? Media amerikane: Do t\u00eb takohet me Per\u00ebndimin n\u00eb G20","author":"Kurt Farka","date":"August 13, 2023","format":false,"excerpt":"13 Gusht 2023 Vladimir Putin jeton si n\u00eb \u201cbunker\u201d n\u00eb Kremlin, duke mos dal\u00eb nga Rusia, dhe gjithmon\u00eb e m\u00eb shum\u00eb i izoluar nga komuniteti nd\u00ebrkomb\u00ebtar q\u00eb kur nisi luft\u00ebn n\u00eb Ukrain\u00eb, n\u00eb shkurt t\u00eb vitit 2022. Por, tani ai po mendon t\u00eb ndryshoj\u00eb strategjin\u00eb dhe t\u00eb marr\u00eb pjes\u00eb n\u00eb\u2026","rel":"","context":"In &quot;Blogu i Udh\u00ebtarit&quot;","block_context":{"text":"Blogu i Udh\u00ebtarit","link":"https:\/\/www.shqiperia.com\/blog\/category\/blogu-i-udhetarit\/"},"img":{"alt_text":"","src":"https:\/\/i0.wp.com\/www.shqiperia.com\/blog\/wp-content\/uploads\/2023\/08\/Putin-sot-eshte-cmenduria-e-botes.jpg?fit=960%2C540&ssl=1&resize=350%2C200","width":350,"height":200,"srcset":"https:\/\/i0.wp.com\/www.shqiperia.com\/blog\/wp-content\/uploads\/2023\/08\/Putin-sot-eshte-cmenduria-e-botes.jpg?fit=960%2C540&ssl=1&resize=350%2C200 1x, https:\/\/i0.wp.com\/www.shqiperia.com\/blog\/wp-content\/uploads\/2023\/08\/Putin-sot-eshte-cmenduria-e-botes.jpg?fit=960%2C540&ssl=1&resize=525%2C300 1.5x, https:\/\/i0.wp.com\/www.shqiperia.com\/blog\/wp-content\/uploads\/2023\/08\/Putin-sot-eshte-cmenduria-e-botes.jpg?fit=960%2C540&ssl=1&resize=700%2C400 2x"},"classes":[]},{"id":29348,"url":"https:\/\/www.shqiperia.com\/blog\/nuk-mendoj-se-ajo-qe-po-ben-qeveria-eshte-gjeja-me-e-zgjuar-pandeli-majko-politika-te-ndryshoje-pak-lekure\/","url_meta":{"origin":74016,"position":1},"title":"\u201cNuk mendoj se ajo q\u00eb po b\u00ebn qeveria \u00ebsht\u00eb gj\u00ebja m\u00eb e zgjuar\u201d, Pandeli Majko: Politika t\u00eb ndryshoj\u00eb pak l\u00ebkur\u00eb","author":"Kurt Farka","date":"December 16, 2019","format":false,"excerpt":"\u201cNuk mendoj se ajo q\u00eb po b\u00ebn qeveria \u00ebsht\u00eb gj\u00ebja m\u00eb e zgjuar\u201d, Pandeli Majko: Politika t\u00eb ndryshoj\u00eb pak l\u00ebkur\u00eb 9 dhjetor 2019 Ministri i Shtetit p\u00ebr Diaspor\u00ebn, Pandeli Majko p\u00ebrs\u00ebriti ftes\u00ebn e kryeministrit Edi Rama p\u00ebr bashk\u00ebpunim me opozit\u00ebn, teksa theksoi se ajo nuk b\u00ebhet thjesht\u00eb p\u00ebr nj\u00eb fotografi.\u2026","rel":"","context":"In &quot;Blogu i Udh\u00ebtarit&quot;","block_context":{"text":"Blogu i Udh\u00ebtarit","link":"https:\/\/www.shqiperia.com\/blog\/category\/blogu-i-udhetarit\/"},"img":{"alt_text":"","src":"https:\/\/i0.wp.com\/www.shqiperia.com\/blog\/wp-content\/uploads\/2019\/12\/pandeli-majko.jpg?fit=597%2C328&ssl=1&resize=350%2C200","width":350,"height":200,"srcset":"https:\/\/i0.wp.com\/www.shqiperia.com\/blog\/wp-content\/uploads\/2019\/12\/pandeli-majko.jpg?fit=597%2C328&ssl=1&resize=350%2C200 1x, https:\/\/i0.wp.com\/www.shqiperia.com\/blog\/wp-content\/uploads\/2019\/12\/pandeli-majko.jpg?fit=597%2C328&ssl=1&resize=525%2C300 1.5x"},"classes":[]},{"id":97822,"url":"https:\/\/www.shqiperia.com\/blog\/vatikani-refuzon-zyrtarisht-ftesen-e-trump-per-bordin-e-paqes\/","url_meta":{"origin":74016,"position":2},"title":"Vatikani refuzon zyrtarisht ftes\u00ebn e Trump p\u00ebr \u2018Bordin e Paqes\u2019","author":"Kurt Farka","date":"February 18, 2026","format":false,"excerpt":"18 Shkurt 2026 Papa Leo XIV ka refuzuar ftes\u00ebn e Donald Trump p\u00ebr tu bashkuar n\u00eb \u201cBordin e Paqes\u201d. Kardinali Pietro Parolin, sekretari i shtetit i Vatikanit, u tha gazetar\u00ebve t\u00eb mart\u00ebn se Papa kishte nj\u00eb num\u00ebr shqet\u00ebsimesh n\u00eb lidhje me iniciativ\u00ebn dhe se si rezultat ai nuk do t\u00eb\u2026","rel":"","context":"In &quot;Njoftime Shtypi&quot;","block_context":{"text":"Njoftime Shtypi","link":"https:\/\/www.shqiperia.com\/blog\/category\/njoftime-shtypi\/"},"img":{"alt_text":"","src":"https:\/\/i0.wp.com\/www.shqiperia.com\/blog\/wp-content\/uploads\/2026\/02\/25trumppope-4-videoSixteenByNineJumbo1600.jpg?fit=1139%2C771&ssl=1&resize=350%2C200","width":350,"height":200,"srcset":"https:\/\/i0.wp.com\/www.shqiperia.com\/blog\/wp-content\/uploads\/2026\/02\/25trumppope-4-videoSixteenByNineJumbo1600.jpg?fit=1139%2C771&ssl=1&resize=350%2C200 1x, https:\/\/i0.wp.com\/www.shqiperia.com\/blog\/wp-content\/uploads\/2026\/02\/25trumppope-4-videoSixteenByNineJumbo1600.jpg?fit=1139%2C771&ssl=1&resize=525%2C300 1.5x, https:\/\/i0.wp.com\/www.shqiperia.com\/blog\/wp-content\/uploads\/2026\/02\/25trumppope-4-videoSixteenByNineJumbo1600.jpg?fit=1139%2C771&ssl=1&resize=700%2C400 2x, https:\/\/i0.wp.com\/www.shqiperia.com\/blog\/wp-content\/uploads\/2026\/02\/25trumppope-4-videoSixteenByNineJumbo1600.jpg?fit=1139%2C771&ssl=1&resize=1050%2C600 3x"},"classes":[]},{"id":74303,"url":"https:\/\/www.shqiperia.com\/blog\/virusi-me-i-rrezikshem-se-covid-kete-here-ne-indi\/","url_meta":{"origin":74016,"position":3},"title":"Virusi m\u00eb\u00a0 i rreziksh\u00ebm se COVID, k\u00ebt\u00eb her\u00eb n\u00eb Indi &#8230;","author":"Kurt Farka","date":"September 16, 2023","format":false,"excerpt":"16 Shtator 2023 \"... India \u00ebsht\u00eb vendi ku \u00ebsht\u00eb zbuluar nj\u00eb virus q\u00eb, sipas ekspert\u00ebve, \u00ebsht\u00eb shum\u00eb m\u00eb vdekjeprur\u00ebs se Covid\". N\u00eb muajin shtator 2023, pandemia e shkaktuar nga zgjerimi i COVID-19 \u00ebsht\u00eb tashm\u00eb shum\u00eb prapa nesh. Ky virus, i cili paralizoi plot\u00ebsisht bot\u00ebn p\u00ebr disa muaj, vazhdon t\u00eb b\u00ebj\u00eb\u2026","rel":"","context":"In &quot;Blogu i Udh\u00ebtarit&quot;","block_context":{"text":"Blogu i Udh\u00ebtarit","link":"https:\/\/www.shqiperia.com\/blog\/category\/blogu-i-udhetarit\/"},"img":{"alt_text":"","src":"https:\/\/i0.wp.com\/www.shqiperia.com\/blog\/wp-content\/uploads\/2023\/09\/lakuriqet.jpg?fit=544%2C363&ssl=1&resize=350%2C200","width":350,"height":200,"srcset":"https:\/\/i0.wp.com\/www.shqiperia.com\/blog\/wp-content\/uploads\/2023\/09\/lakuriqet.jpg?fit=544%2C363&ssl=1&resize=350%2C200 1x, https:\/\/i0.wp.com\/www.shqiperia.com\/blog\/wp-content\/uploads\/2023\/09\/lakuriqet.jpg?fit=544%2C363&ssl=1&resize=525%2C300 1.5x"},"classes":[]},{"id":30991,"url":"https:\/\/www.shqiperia.com\/blog\/kuriozitet-shtylle-me-qendrim-pezull-lepakshi-india\/","url_meta":{"origin":74016,"position":4},"title":"Kuriozitet: Shtyll\u00eb me qendrim pezull, Lepakshi India","author":"Kurt Farka","date":"February 3, 2020","format":false,"excerpt":"Shtyll\u00eb me qendrim pezull Lepakshi India P\u00ebr gurin q\u00eb rri n\u00eb aj\u00ebr thonin q\u00eb asht n\u00eb Mek\u00eb. Masnej thane se ashte meteorit i zi, t\u00eb cilin profeti Muhamed e ka vu me dor\u00ebn e tij n\u00eb fund t\u00eb murit, me q\u00ebllim q\u00eb aty t\u00eb ndalen lutjet dhe njer\u00ebzit ti shtrohen\u2026","rel":"","context":"In &quot;Blogu i Udh\u00ebtarit&quot;","block_context":{"text":"Blogu i Udh\u00ebtarit","link":"https:\/\/www.shqiperia.com\/blog\/category\/blogu-i-udhetarit\/"},"img":{"alt_text":"","src":"https:\/\/i0.wp.com\/www.shqiperia.com\/blog\/wp-content\/uploads\/2020\/02\/Shtyll-me-qendrim-pezull-Lepakshi-Indi-Copy.jpg?fit=896%2C432&ssl=1&resize=350%2C200","width":350,"height":200,"srcset":"https:\/\/i0.wp.com\/www.shqiperia.com\/blog\/wp-content\/uploads\/2020\/02\/Shtyll-me-qendrim-pezull-Lepakshi-Indi-Copy.jpg?fit=896%2C432&ssl=1&resize=350%2C200 1x, https:\/\/i0.wp.com\/www.shqiperia.com\/blog\/wp-content\/uploads\/2020\/02\/Shtyll-me-qendrim-pezull-Lepakshi-Indi-Copy.jpg?fit=896%2C432&ssl=1&resize=525%2C300 1.5x, https:\/\/i0.wp.com\/www.shqiperia.com\/blog\/wp-content\/uploads\/2020\/02\/Shtyll-me-qendrim-pezull-Lepakshi-Indi-Copy.jpg?fit=896%2C432&ssl=1&resize=700%2C400 2x"},"classes":[]},{"id":18022,"url":"https:\/\/www.shqiperia.com\/blog\/emocionohet-i-lexuari-ngaterron-naimin\/","url_meta":{"origin":74016,"position":5},"title":"Emocionohet \u201ci lexuari\u201d, ngat\u00ebrron Naimin. &#8211;","author":"Kurt Farka","date":"March 3, 2019","format":false,"excerpt":"Emocionohet \u201ci lexuari\u201d, ngat\u00ebrron Naimin. - K\u00ebt\u00eb fundjav\u00eb u zhvillua n\u00eb Tiran\u00eb Samiti i II i Diaspor\u00ebs, ku ishin ftuar shqiptar\u00eb t\u00eb njohur q\u00eb jetojn\u00eb jasht\u00eb. Disa prej tyre e refuzuan ftes\u00ebn p\u00ebr shkak t\u00eb kritikave mbi shpenzimet p\u00ebr k\u00ebt\u00eb samit. Nd\u00ebr personat q\u00eb fol\u00ebn dhe dhan\u00eb trofe p\u00ebr t\u00eb\u2026","rel":"","context":"In &quot;Blogu i Udh\u00ebtarit&quot;","block_context":{"text":"Blogu i Udh\u00ebtarit","link":"https:\/\/www.shqiperia.com\/blog\/category\/blogu-i-udhetarit\/"},"img":{"alt_text":"","src":"https:\/\/i0.wp.com\/www.shqiperia.com\/blog\/wp-content\/uploads\/2019\/03\/naimi-905x395.jpg?fit=819%2C395&ssl=1&resize=350%2C200","width":350,"height":200,"srcset":"https:\/\/i0.wp.com\/www.shqiperia.com\/blog\/wp-content\/uploads\/2019\/03\/naimi-905x395.jpg?fit=819%2C395&ssl=1&resize=350%2C200 1x, https:\/\/i0.wp.com\/www.shqiperia.com\/blog\/wp-content\/uploads\/2019\/03\/naimi-905x395.jpg?fit=819%2C395&ssl=1&resize=525%2C300 1.5x, https:\/\/i0.wp.com\/www.shqiperia.com\/blog\/wp-content\/uploads\/2019\/03\/naimi-905x395.jpg?fit=819%2C395&ssl=1&resize=700%2C400 2x"},"classes":[]}],"_links":{"self":[{"href":"https:\/\/www.shqiperia.com\/blog\/wp-json\/wp\/v2\/posts\/74016","targetHints":{"allow":["GET"]}}],"collection":[{"href":"https:\/\/www.shqiperia.com\/blog\/wp-json\/wp\/v2\/posts"}],"about":[{"href":"https:\/\/www.shqiperia.com\/blog\/wp-json\/wp\/v2\/types\/post"}],"author":[{"embeddable":true,"href":"https:\/\/www.shqiperia.com\/blog\/wp-json\/wp\/v2\/users\/9"}],"replies":[{"embeddable":true,"href":"https:\/\/www.shqiperia.com\/blog\/wp-json\/wp\/v2\/comments?post=74016"}],"version-history":[{"count":1,"href":"https:\/\/www.shqiperia.com\/blog\/wp-json\/wp\/v2\/posts\/74016\/revisions"}],"predecessor-version":[{"id":74018,"href":"https:\/\/www.shqiperia.com\/blog\/wp-json\/wp\/v2\/posts\/74016\/revisions\/74018"}],"wp:featuredmedia":[{"embeddable":true,"href":"https:\/\/www.shqiperia.com\/blog\/wp-json\/wp\/v2\/media\/74017"}],"wp:attachment":[{"href":"https:\/\/www.shqiperia.com\/blog\/wp-json\/wp\/v2\/media?parent=74016"}],"wp:term":[{"taxonomy":"category","embeddable":true,"href":"https:\/\/www.shqiperia.com\/blog\/wp-json\/wp\/v2\/categories?post=74016"},{"taxonomy":"post_tag","embeddable":true,"href":"https:\/\/www.shqiperia.com\/blog\/wp-json\/wp\/v2\/tags?post=74016"}],"curies":[{"name":"wp","href":"https:\/\/api.w.org\/{rel}","templated":true}]}}