{"id":74011,"date":"2023-09-06T08:48:39","date_gmt":"2023-09-06T08:48:39","guid":{"rendered":"https:\/\/www.shqiperia.com\/blog\/?p=74011"},"modified":"2023-09-06T08:48:44","modified_gmt":"2023-09-06T08:48:44","slug":"deutsche-welle-shuplake-rames-qeveria-u-riformatua-pas-goditjeve-nga-spak-ps-se-po-i-plasin-skandale-korrupsioni-njeri-pas-tjetrit","status":"publish","type":"post","link":"https:\/\/www.shqiperia.com\/blog\/deutsche-welle-shuplake-rames-qeveria-u-riformatua-pas-goditjeve-nga-spak-ps-se-po-i-plasin-skandale-korrupsioni-njeri-pas-tjetrit\/","title":{"rendered":"Deutsche Welle \u201cshuplak\u00eb\u201d Ram\u00ebs: &#8211; Qeveria u riformatua pas goditjeve nga SPAK, PS-s\u00eb po i plasin skandale korrupsioni nj\u00ebri pas tjetrit"},"content":{"rendered":"<p><img data-recalc-dims=\"1\" loading=\"lazy\" decoding=\"async\" data-attachment-id=\"74014\" data-permalink=\"https:\/\/www.shqiperia.com\/blog\/deutsche-welle-shuplake-rames-qeveria-u-riformatua-pas-goditjeve-nga-spak-ps-se-po-i-plasin-skandale-korrupsioni-njeri-pas-tjetrit\/800-0-64f5e96609e78\/\" data-orig-file=\"https:\/\/i0.wp.com\/www.shqiperia.com\/blog\/wp-content\/uploads\/2023\/09\/800-0-64f5e96609e78.jpg?fit=800%2C461&amp;ssl=1\" data-orig-size=\"800,461\" data-comments-opened=\"1\" data-image-meta=\"{&quot;aperture&quot;:&quot;0&quot;,&quot;credit&quot;:&quot;&quot;,&quot;camera&quot;:&quot;&quot;,&quot;caption&quot;:&quot;&quot;,&quot;created_timestamp&quot;:&quot;0&quot;,&quot;copyright&quot;:&quot;&quot;,&quot;focal_length&quot;:&quot;0&quot;,&quot;iso&quot;:&quot;0&quot;,&quot;shutter_speed&quot;:&quot;0&quot;,&quot;title&quot;:&quot;&quot;,&quot;orientation&quot;:&quot;0&quot;}\" data-image-title=\"-800-0-64f5e96609e78\" data-image-description=\"\" data-image-caption=\"\" data-medium-file=\"https:\/\/i0.wp.com\/www.shqiperia.com\/blog\/wp-content\/uploads\/2023\/09\/800-0-64f5e96609e78.jpg?fit=300%2C173&amp;ssl=1\" data-large-file=\"https:\/\/i0.wp.com\/www.shqiperia.com\/blog\/wp-content\/uploads\/2023\/09\/800-0-64f5e96609e78.jpg?fit=800%2C461&amp;ssl=1\" class=\"alignnone  wp-image-74014\" alt=\"\" src=\"https:\/\/i0.wp.com\/www.shqiperia.com\/blog\/wp-content\/uploads\/2023\/09\/800-0-64f5e96609e78.jpg?resize=782%2C451&#038;ssl=1\" width=\"782\" height=\"451\" srcset=\"https:\/\/i0.wp.com\/www.shqiperia.com\/blog\/wp-content\/uploads\/2023\/09\/800-0-64f5e96609e78.jpg?resize=300%2C173&amp;ssl=1 300w, https:\/\/i0.wp.com\/www.shqiperia.com\/blog\/wp-content\/uploads\/2023\/09\/800-0-64f5e96609e78.jpg?resize=768%2C443&amp;ssl=1 768w, https:\/\/i0.wp.com\/www.shqiperia.com\/blog\/wp-content\/uploads\/2023\/09\/800-0-64f5e96609e78.jpg?resize=450%2C259&amp;ssl=1 450w, https:\/\/i0.wp.com\/www.shqiperia.com\/blog\/wp-content\/uploads\/2023\/09\/800-0-64f5e96609e78.jpg?resize=600%2C346&amp;ssl=1 600w, https:\/\/i0.wp.com\/www.shqiperia.com\/blog\/wp-content\/uploads\/2023\/09\/800-0-64f5e96609e78.jpg?resize=400%2C231&amp;ssl=1 400w, https:\/\/i0.wp.com\/www.shqiperia.com\/blog\/wp-content\/uploads\/2023\/09\/800-0-64f5e96609e78.jpg?w=800&amp;ssl=1 800w\" sizes=\"auto, (max-width: 782px) 100vw, 782px\" \/><\/p>\n<p><span>6 Shtator 2023<\/span><\/p>\n<p><span>Nga Sidorela BRA\u00c7JA<\/span><\/p>\n<p>Media gjermane \u201cDeutsche Welle\u201d, i ka dh\u00ebn\u00eb nj\u00eb shuplak\u00eb t\u00eb fort\u00eb kryeministrit t\u00eb vendit Edi Rama. N\u00eb nj\u00eb artikull t\u00eb shkruar nga \u201cDeutsche Welle\u201d, t\u00eb cilin gazeta po e pasqyron m\u00eb posht\u00eb t\u00eb plot\u00eb, mes t\u00eb tjerash analizohet\u00a0 riformatimi i qeveris\u00eb q\u00eb kryeministri Rama b\u00ebri pak dit\u00eb m\u00eb par\u00eb, q\u00eb sipas medias gjermane erdhi pas goditjeve t\u00eb b\u00ebra nga SPAK. Nd\u00ebrkoh\u00eb, edhe pak dit\u00eb m\u00eb par\u00eb p\u00ebrmes gazetarit Florian Bieber, \u201cDeutsche Welle\u201d ka sulmuar s\u00ebrish kryeministrin Edi\u00a0 Rama, duke e cil\u00ebsuar k\u00ebt\u00eb t\u00eb fundit si autokrat i cili abuzon me pushtetin.<\/p>\n<p>Ja artikulli i plot\u00eb \u201cDeutsche Welle\u201d<\/p>\n<p>Ndryshimet n\u00eb qeveri<\/p>\n<p>Riformatimi i qeveris\u00eb s\u00eb Tiran\u00ebs nuk \u00ebsht\u00eb i papritur. Kryeministri Rama e kishte paralajm\u00ebruar at\u00eb pak jav\u00eb m\u00eb par\u00eb, kur shkarkoi t\u00eb gjith\u00eb kupol\u00ebn drejtuese t\u00eb PS, kryetar i s\u00eb cil\u00ebs ai \u00ebsht\u00eb q\u00eb nga viti 2005. Ndryshimet n\u00eb qeverin\u00eb shqiptare vijn\u00eb kur n\u00eb k\u00ebto 2 vite t\u00eb para t\u00eb mandatit t\u00eb tret\u00eb qeveris\u00ebs, PS po i plasin skandale korrupsioni nj\u00ebri pas tjetrit. Struktura e Posa?me Anti-Korrupsion, (SPAK) po heton ministra, ish-ministra dhe zyrtar\u00eb t\u00eb lart\u00eb socialist\u00eb nd\u00ebrkoh\u00eb q\u00eb nj\u00eb duzin\u00eb prej tyre jan\u00eb n\u00eb arrest me burg p\u00ebr korrupsion. Ish z\u00ebvend\u00ebs kryeministri, Arben Ahmetaj, i shkarkuar nga kryeministri Rama vitin e kaluar, u arratis para dy muajsh dhe tani \u00ebsht\u00eb n\u00eb k\u00ebrkim nd\u00ebrkomb\u00ebtar. SPAK e akuzon at\u00eb p\u00ebr shp\u00ebrdorim detyre, pastrim parash dhe ka p\u00ebr at\u00eb nj\u00eb mandat arresti. Kryeministri Rama u shpreh n\u00eb Asamblen\u00eb e PS, q\u00eb i parapriu paraqitjes t\u00eb h\u00ebn\u00ebn t\u00eb riformatimit t\u00eb qeveris\u00eb se \u201cnuk do t\u00eb mbroj\u00eb\u00a0 asnj\u00eb pushtetar q\u00eb do t\u00eb p\u00ebrballet me drejt\u00ebsin\u00eb.\u201d<\/p>\n<p>Kush largohet dhe kush vjen n\u00eb qeverin\u00eb Rama?<\/p>\n<p>Ministrja e Jashtme, Olta Xha?ka largohet nga kabineti qeveritar i kryeministrit Rama. Ajo ka qen\u00eb pjes\u00eb e qeverive Rama si ministre e Mir\u00ebqenies Sociale, Mbrojtjes dhe Pun\u00ebve t\u00eb Jashtme. Opozita i k\u00ebrkon Gjykat\u00ebs Kushtetuese heqjen e mandatit t\u00eb deputetes pasi bashk\u00ebshorti i saj, ish-deputeti socialist Artan Ga\u00e7i, \u00ebsht\u00eb shpallur investitor strategjik nga qeveria Rama dhe \u00ebsht\u00eb lejuar t\u00eb nd\u00ebrtoj\u00eb n\u00eb bregdetin e Jonit, n\u00eb Dh\u00ebrmi t\u00eb Himar\u00ebs nj\u00eb kompleks turistik, n\u00eb nj\u00eb tok\u00eb t\u00eb bler\u00eb prej tij, p\u00ebr t\u00eb cil\u00ebn ka nj\u00eb padi n\u00eb SPAK p\u00ebr falsifikim dokumentash pron\u00ebsie. N\u00eb vend t\u00eb Olta Xha?k\u00ebs, Kryeministri Rama em\u00ebron Igli Hasanin, ish p\u00ebrfaq\u00ebsues i Shqip\u00ebris\u00eb n\u00eb OSBE, 2018-2021, aktualisht koordinator i OSBE-s\u00eb p\u00ebr Ekonomin\u00eb dhe Klim\u00ebn. Nj\u00eb tjet\u00ebr ministre q\u00eb largohet \u00ebsht\u00eb ajo e Bujq\u00ebsis\u00eb, Frida Krifca. N\u00eb korrik t\u00eb k\u00ebtij viti Komisioni Europian (KE) njoftoi nd\u00ebrprerjen e p\u00ebrkohshme t\u00eb financimit p\u00ebr t\u00eb mb\u00ebshtetur bujq\u00ebsin\u00eb dhe zhvillimin rural n\u00eb kuad\u00ebr t\u00eb Programit IPARD II.\u00a0 Sipas delegacionit t\u00eb BE n\u00eb Tiran\u00eb, nd\u00ebrprerja u bazua \u201cn\u00eb informacionin nga Zyra Evropiane Kund\u00ebr Mashtrimit, pas hetimit lidhur me akuzat p\u00ebr korrupsion n\u00eb zbatimin e programit IPARD II.\u201d N\u00eb vend t\u00eb saj n\u00eb qeveri rikthehet deputetja socialiste Anila Denaj, ministre e\u00a0 Financave dhe Ekonomis\u00eb, 2018-2021. Ministrja e Financave Delina Ibrahimaj shkarkohet dhe merr detyr\u00ebn e ministres pa portofol t\u00eb sip\u00ebrmarrjes. N\u00eb vend t\u00eb saj Kryeministri Rama em\u00ebron Ervin Meten, ish z\u00ebvend\u00ebsminist\u00ebr n\u00eb\u00a0 Ministrin\u00eb e Financave, aktualisht drejtor i Autoritetit t\u00eb Mbik\u00ebqyrjes Financiare. Evis Kushi largohet nga Ministria e Arsimit dhe Sporteve. N\u00eb vend t\u00eb saj em\u00ebrohet Ogerta Manastirliu,\u00a0 Ministre e Sh\u00ebndet\u00ebsis\u00eb dhe e Mbrojtjes Sociale q\u00eb nga viti 2017. Ministre e Sh\u00ebndet\u00ebsis\u00eb em\u00ebrohet Albana Ko?iu, drejtore e Departamentit t\u00eb Administrat\u00ebs Publike. Ministrja e Shtetit p\u00ebr Sh\u00ebrbime dhe Standardet, Milva Ekonomi, ajo e Arsimit dhe Sporteve, Evis Kushi propozohen p\u00ebr n\u00eb sekretariatin e PS.<\/p>\n<p>Opozita: Qeveria Rama nuk i shp\u00ebton dot drejt\u00ebsis\u00eb<\/p>\n<p>Kryetari i PD Lulzim Basha e quajti PS pas riformatimit t\u00eb saj \u201ct\u00eb damkosur nga SPAK p\u00ebr afer\u00ebn e incenerator\u00ebve q\u00eb nuk i shp\u00ebton drejt\u00ebsis\u00eb me tubime partiake\u201d \u201cDrejt\u00ebsia duhet t\u00eb vijoj\u00eb pun\u00ebn e saj p\u00ebr hetimin e afer\u00ebs s\u00eb incenerator\u00ebve, sterilizimit dhe \u00e7do denoncimi p\u00ebr korrupsionin shtet\u00ebror n\u00eb \u00e7do hallk\u00eb. E pandikuar nga presioni qeveritar apo politik i kujtdo qoft\u00eb. Kjo \u00ebsht\u00eb m\u00ebnyra e vetme p\u00ebr t\u00eb v\u00ebn\u00eb para drejt\u00ebsis\u00eb abuzuesit me pasurit\u00eb e shqiptar\u00ebve dhe bashk\u00ebpun\u00ebtor\u00ebve t\u00eb tyre\u201d, theksoi Basha t\u00eb h\u00ebn\u00ebn n\u00eb median sociale. Riformatimi i qeveris\u00eb Rama pritet t\u00eb miratohet me dekret nga presidenti Bajram Begaj.<\/p>\n<p>Gazeta Sot<\/p>\n","protected":false},"excerpt":{"rendered":"<p>6 Shtator 2023 Nga Sidorela BRA\u00c7JA Media gjermane \u201cDeutsche Welle\u201d, i ka dh\u00ebn\u00eb nj\u00eb shuplak\u00eb t\u00eb fort\u00eb kryeministrit t\u00eb vendit Edi Rama. N\u00eb nj\u00eb artikull t\u00eb shkruar nga \u201cDeutsche Welle\u201d, t\u00eb cilin gazeta po e pasqyron m\u00eb posht\u00eb t\u00eb plot\u00eb, mes t\u00eb tjerash analizohet\u00a0 riformatimi i qeveris\u00eb q\u00eb kryeministri Rama b\u00ebri pak dit\u00eb m\u00eb par\u00eb, [&hellip;]<\/p>\n","protected":false},"author":9,"featured_media":74014,"comment_status":"open","ping_status":"open","sticky":false,"template":"","format":"standard","meta":{"jetpack_post_was_ever_published":false,"_jetpack_newsletter_access":"","_jetpack_dont_email_post_to_subs":false,"_jetpack_newsletter_tier_id":0,"_jetpack_memberships_contains_paywalled_content":false,"_jetpack_memberships_contains_paid_content":false,"footnotes":"","jetpack_publicize_message":"","jetpack_publicize_feature_enabled":true,"jetpack_social_post_already_shared":true,"jetpack_social_options":{"image_generator_settings":{"template":"highway","default_image_id":0,"font":"","enabled":false},"version":2}},"categories":[27,2,35],"tags":[],"class_list":["post-74011","post","type-post","status-publish","format-standard","has-post-thumbnail","hentry","category-blogu-i-udhetarit","category-politika","category-shoqerore"],"jetpack_publicize_connections":[],"jetpack_featured_media_url":"https:\/\/i0.wp.com\/www.shqiperia.com\/blog\/wp-content\/uploads\/2023\/09\/800-0-64f5e96609e78.jpg?fit=800%2C461&ssl=1","jetpack_sharing_enabled":true,"jetpack_shortlink":"https:\/\/wp.me\/p5Z6wp-jfJ","jetpack-related-posts":[{"id":38711,"url":"https:\/\/www.shqiperia.com\/blog\/gjermania-i-heq-vizen-edi-rames\/","url_meta":{"origin":74011,"position":0},"title":"Gjermania i heq viz\u00ebn Edi Ram\u00ebs","author":"Kurt Farka","date":"September 20, 2020","format":false,"excerpt":"Gjermania i heq viz\u00ebn Edi Ram\u00ebs 19\/09\/2020 D\u00ebshtim spektakolar i vizit\u00ebs s\u00eb kryeministrit Edi Rama n\u00eb Berlin. Kancelarja Angela Merkel nuk e pret n\u00eb takim, drejtuesit kryesor\u00eb t\u00eb grupit t\u00eb CDU-CSU e bojkotojn\u00eb. Shumica parlamentare n\u00eb Bundestag refuzon hapjen e negociatave me Tiran\u00ebn zyrtare. Edhe nd\u00ebrkomb\u00ebtar\u00ebt ia kan\u00eb pre bilet\u00ebn\u2026","rel":"","context":"In &quot;Blogu i Udh\u00ebtarit&quot;","block_context":{"text":"Blogu i Udh\u00ebtarit","link":"https:\/\/www.shqiperia.com\/blog\/category\/blogu-i-udhetarit\/"},"img":{"alt_text":"","src":"https:\/\/i0.wp.com\/www.shqiperia.com\/blog\/wp-content\/uploads\/2020\/09\/merkel-2-700x375-1.jpg?fit=700%2C375&ssl=1&resize=350%2C200","width":350,"height":200,"srcset":"https:\/\/i0.wp.com\/www.shqiperia.com\/blog\/wp-content\/uploads\/2020\/09\/merkel-2-700x375-1.jpg?fit=700%2C375&ssl=1&resize=350%2C200 1x, https:\/\/i0.wp.com\/www.shqiperia.com\/blog\/wp-content\/uploads\/2020\/09\/merkel-2-700x375-1.jpg?fit=700%2C375&ssl=1&resize=525%2C300 1.5x, https:\/\/i0.wp.com\/www.shqiperia.com\/blog\/wp-content\/uploads\/2020\/09\/merkel-2-700x375-1.jpg?fit=700%2C375&ssl=1&resize=700%2C400 2x"},"classes":[]},{"id":14895,"url":"https:\/\/www.shqiperia.com\/blog\/deutsche-welle-ja-cili-eshte-shqetesimi-kryesor-i-studenteve-qe-protestojne\/","url_meta":{"origin":74011,"position":1},"title":"Deutsche Welle: Ja cili \u00ebsht\u00eb shqet\u00ebsimi kryesor i student\u00ebve q\u00eb protestojn\u00eb. &#8211;","author":"Kurt Farka","date":"December 17, 2018","format":false,"excerpt":"Deutsche Welle: Ja cili \u00ebsht\u00eb shqet\u00ebsimi kryesor i student\u00ebve q\u00eb protestojn\u00eb. - 17 dhjetor 2018. gaz. Panorama. Mij\u00ebra student\u00eb kan\u00eb protestuar t\u00eb h\u00ebn\u00ebn (17.12) para kryeministris\u00eb n\u00eb Tiran\u00eb p\u00ebr 8 k\u00ebrkesat e parashtruara p\u00ebr ndryshime n\u00eb arsimin e lart\u00eb shqiptar. Madje ka pasur edhe tensione, kur student\u00ebt kan\u00eb tentuar t\u00eb\u2026","rel":"","context":"In &quot;Blogu i Udh\u00ebtarit&quot;","block_context":{"text":"Blogu i Udh\u00ebtarit","link":"https:\/\/www.shqiperia.com\/blog\/category\/blogu-i-udhetarit\/"},"img":{"alt_text":"","src":"https:\/\/i0.wp.com\/www.shqiperia.com\/blog\/wp-content\/uploads\/2018\/12\/Deutsche-Welle-Protesta-e-Studenteve..jpg?fit=700%2C394&ssl=1&resize=350%2C200","width":350,"height":200,"srcset":"https:\/\/i0.wp.com\/www.shqiperia.com\/blog\/wp-content\/uploads\/2018\/12\/Deutsche-Welle-Protesta-e-Studenteve..jpg?fit=700%2C394&ssl=1&resize=350%2C200 1x, https:\/\/i0.wp.com\/www.shqiperia.com\/blog\/wp-content\/uploads\/2018\/12\/Deutsche-Welle-Protesta-e-Studenteve..jpg?fit=700%2C394&ssl=1&resize=525%2C300 1.5x, https:\/\/i0.wp.com\/www.shqiperia.com\/blog\/wp-content\/uploads\/2018\/12\/Deutsche-Welle-Protesta-e-Studenteve..jpg?fit=700%2C394&ssl=1&resize=700%2C400 2x"},"classes":[]},{"id":20463,"url":"https:\/\/www.shqiperia.com\/blog\/nuk-ka-hapje-negociatash-gezimi-i-cakajt-dhe-reagimi-i-krichbaum\/","url_meta":{"origin":74011,"position":2},"title":"\u00a0\u201cNuk ka hapje negociatash\u201d: G\u00ebzimi i Cakajt dhe reagimi i Krichbaum. &#8211;","author":"Kurt Farka","date":"April 29, 2019","format":false,"excerpt":"\u00a0\u201cNuk ka hapje negociatash\u201d: G\u00ebzimi i Cakajt dhe reagimi i Krichbaum. - 29\/04\/19 Kryeministri Edi Rama dukej se e dinte se ajo q\u00eb mund t\u00eb \u2018shiste\u2019 nga takimi n\u00eb Berlin ishte vet\u00ebm shtr\u00ebngimi i duarve me kancelaren gjermane, Angela Merkel. Por kryediplomati n\u00eb detyr\u00eb, Gent Cakaj b\u00ebri nj\u00eb koment menj\u00ebher\u00eb\u2026","rel":"","context":"In &quot;Blogu i Udh\u00ebtarit&quot;","block_context":{"text":"Blogu i Udh\u00ebtarit","link":"https:\/\/www.shqiperia.com\/blog\/category\/blogu-i-udhetarit\/"},"img":{"alt_text":"","src":"https:\/\/i0.wp.com\/www.shqiperia.com\/blog\/wp-content\/uploads\/2019\/04\/Merkel-1.jpg?fit=700%2C370&ssl=1&resize=350%2C200","width":350,"height":200,"srcset":"https:\/\/i0.wp.com\/www.shqiperia.com\/blog\/wp-content\/uploads\/2019\/04\/Merkel-1.jpg?fit=700%2C370&ssl=1&resize=350%2C200 1x, https:\/\/i0.wp.com\/www.shqiperia.com\/blog\/wp-content\/uploads\/2019\/04\/Merkel-1.jpg?fit=700%2C370&ssl=1&resize=525%2C300 1.5x, https:\/\/i0.wp.com\/www.shqiperia.com\/blog\/wp-content\/uploads\/2019\/04\/Merkel-1.jpg?fit=700%2C370&ssl=1&resize=700%2C400 2x"},"classes":[]},{"id":18518,"url":"https:\/\/www.shqiperia.com\/blog\/zdf-nuk-ndalet-kunder-rames-votat-u-blene-zemerimi-po-rritet\/","url_meta":{"origin":74011,"position":3},"title":"ZDF nuk ndalet kund\u00ebr Ram\u00ebs: Votat u blen\u00eb, zem\u00ebrimi po rritet. &#8211;","author":"Kurt Farka","date":"March 18, 2019","format":false,"excerpt":"ZDF nuk ndalet kund\u00ebr Ram\u00ebs: Votat u blen\u00eb, zem\u00ebrimi po rritet. - 16 Mars, 2019 Kanalet publike gjermane kan\u00eb mbajtur q\u00ebndrime t\u00eb forta pas protest\u00ebs s\u00eb sotme. Deutsche Welle quajti protest\u00ebn m\u00eb masive t\u00eb opozit\u00ebs, kurse ZDF vazhdon t\u00eb jet\u00eb e ashp\u00ebr me qeverisjen. Dy dit\u00eb pasi publikoi nj\u00eb kronik\u00eb\u2026","rel":"","context":"In &quot;Blogu i Udh\u00ebtarit&quot;","block_context":{"text":"Blogu i Udh\u00ebtarit","link":"https:\/\/www.shqiperia.com\/blog\/category\/blogu-i-udhetarit\/"},"img":{"alt_text":"","src":"https:\/\/i0.wp.com\/www.shqiperia.com\/blog\/wp-content\/uploads\/2019\/03\/zdf-heute-1-Copy.jpg?fit=800%2C416&ssl=1&resize=350%2C200","width":350,"height":200,"srcset":"https:\/\/i0.wp.com\/www.shqiperia.com\/blog\/wp-content\/uploads\/2019\/03\/zdf-heute-1-Copy.jpg?fit=800%2C416&ssl=1&resize=350%2C200 1x, https:\/\/i0.wp.com\/www.shqiperia.com\/blog\/wp-content\/uploads\/2019\/03\/zdf-heute-1-Copy.jpg?fit=800%2C416&ssl=1&resize=525%2C300 1.5x, https:\/\/i0.wp.com\/www.shqiperia.com\/blog\/wp-content\/uploads\/2019\/03\/zdf-heute-1-Copy.jpg?fit=800%2C416&ssl=1&resize=700%2C400 2x"},"classes":[]},{"id":17547,"url":"https:\/\/www.shqiperia.com\/blog\/deutsche-welle-proteste-masive-e-opozites-per-renien-e-qeverise-rama\/","url_meta":{"origin":74011,"position":4},"title":"Deutsche Welle: Protest\u00eb masive e opozit\u00ebs p\u00ebr r\u00ebnien e qeveris\u00eb Rama","author":"Kurt Farka","date":"February 17, 2019","format":false,"excerpt":"Deutsche Welle: Protest\u00eb masive e opozit\u00ebs p\u00ebr r\u00ebnien e qeveris\u00eb Rama 16 Shkurt, 2019 Sot n\u00eb Tiran\u00eb zhvillohet nj\u00eb protest\u00eb e madhe e opozit\u00ebs kund\u00ebr qeveris\u00eb Rama, t\u00eb cil\u00ebn opozita e akuzon p\u00ebr korrupsion e lidhje me krimin. Policia e Shtetit gjendet n\u00eb gatishm\u00ebri t\u00eb lart\u00eb p\u00ebr shmangien e dhun\u00ebs.\u2026","rel":"","context":"In &quot;Blogu i Udh\u00ebtarit&quot;","block_context":{"text":"Blogu i Udh\u00ebtarit","link":"https:\/\/www.shqiperia.com\/blog\/category\/blogu-i-udhetarit\/"},"img":{"alt_text":"","src":"https:\/\/i0.wp.com\/www.shqiperia.com\/blog\/wp-content\/uploads\/2019\/02\/Protesta-e-PD-696x464.jpg?fit=696%2C341&ssl=1&resize=350%2C200","width":350,"height":200,"srcset":"https:\/\/i0.wp.com\/www.shqiperia.com\/blog\/wp-content\/uploads\/2019\/02\/Protesta-e-PD-696x464.jpg?fit=696%2C341&ssl=1&resize=350%2C200 1x, https:\/\/i0.wp.com\/www.shqiperia.com\/blog\/wp-content\/uploads\/2019\/02\/Protesta-e-PD-696x464.jpg?fit=696%2C341&ssl=1&resize=525%2C300 1.5x"},"classes":[]},{"id":72591,"url":"https:\/\/www.shqiperia.com\/blog\/zv-kancelari-robert-habeck-vizite-ne-gjithe-ballkanin-pervec-tiranes-mister-refuzimi-i-gjermaneve\/","url_meta":{"origin":74011,"position":5},"title":"Zv\/kancelari Robert Habeck vizit\u00eb n\u00eb gjith\u00eb Ballkanin, p\u00ebrve\u00e7 Tiran\u00ebs, mister refuzimi i gjerman\u00ebve","author":"Kurt Farka","date":"July 5, 2023","format":false,"excerpt":"5 Korrik 2023 Pas Shteteve t\u00eb Bashkuara t\u00eb Amerik\u00ebs, edhe Gjermani duket se ka futur n\u00eb rreth t\u00eb kuq kryeministrin Edi Rama. Dy dit\u00eb m\u00eb par\u00eb gazeta \u201cSOT\u201d b\u00ebri me dije se qeveria gjermane refuzoi draftin e Ram\u00ebs p\u00ebr asosacionin dhe e p\u00ebrjashton nga dialogu Kosov\u00eb-Serbi, pasi sipas Berlinit, bisedimet\u2026","rel":"","context":"In &quot;Blogu i Udh\u00ebtarit&quot;","block_context":{"text":"Blogu i Udh\u00ebtarit","link":"https:\/\/www.shqiperia.com\/blog\/category\/blogu-i-udhetarit\/"},"img":{"alt_text":"","src":"https:\/\/i0.wp.com\/www.shqiperia.com\/blog\/wp-content\/uploads\/2023\/07\/thumbs_b_c_6640d29cac8fc195dc4d09ded573b156.jpg?fit=864%2C486&ssl=1&resize=350%2C200","width":350,"height":200,"srcset":"https:\/\/i0.wp.com\/www.shqiperia.com\/blog\/wp-content\/uploads\/2023\/07\/thumbs_b_c_6640d29cac8fc195dc4d09ded573b156.jpg?fit=864%2C486&ssl=1&resize=350%2C200 1x, https:\/\/i0.wp.com\/www.shqiperia.com\/blog\/wp-content\/uploads\/2023\/07\/thumbs_b_c_6640d29cac8fc195dc4d09ded573b156.jpg?fit=864%2C486&ssl=1&resize=525%2C300 1.5x, https:\/\/i0.wp.com\/www.shqiperia.com\/blog\/wp-content\/uploads\/2023\/07\/thumbs_b_c_6640d29cac8fc195dc4d09ded573b156.jpg?fit=864%2C486&ssl=1&resize=700%2C400 2x"},"classes":[]}],"_links":{"self":[{"href":"https:\/\/www.shqiperia.com\/blog\/wp-json\/wp\/v2\/posts\/74011","targetHints":{"allow":["GET"]}}],"collection":[{"href":"https:\/\/www.shqiperia.com\/blog\/wp-json\/wp\/v2\/posts"}],"about":[{"href":"https:\/\/www.shqiperia.com\/blog\/wp-json\/wp\/v2\/types\/post"}],"author":[{"embeddable":true,"href":"https:\/\/www.shqiperia.com\/blog\/wp-json\/wp\/v2\/users\/9"}],"replies":[{"embeddable":true,"href":"https:\/\/www.shqiperia.com\/blog\/wp-json\/wp\/v2\/comments?post=74011"}],"version-history":[{"count":1,"href":"https:\/\/www.shqiperia.com\/blog\/wp-json\/wp\/v2\/posts\/74011\/revisions"}],"predecessor-version":[{"id":74015,"href":"https:\/\/www.shqiperia.com\/blog\/wp-json\/wp\/v2\/posts\/74011\/revisions\/74015"}],"wp:featuredmedia":[{"embeddable":true,"href":"https:\/\/www.shqiperia.com\/blog\/wp-json\/wp\/v2\/media\/74014"}],"wp:attachment":[{"href":"https:\/\/www.shqiperia.com\/blog\/wp-json\/wp\/v2\/media?parent=74011"}],"wp:term":[{"taxonomy":"category","embeddable":true,"href":"https:\/\/www.shqiperia.com\/blog\/wp-json\/wp\/v2\/categories?post=74011"},{"taxonomy":"post_tag","embeddable":true,"href":"https:\/\/www.shqiperia.com\/blog\/wp-json\/wp\/v2\/tags?post=74011"}],"curies":[{"name":"wp","href":"https:\/\/api.w.org\/{rel}","templated":true}]}}