{"id":74003,"date":"2023-09-05T12:54:03","date_gmt":"2023-09-05T12:54:03","guid":{"rendered":"https:\/\/www.shqiperia.com\/blog\/?p=74003"},"modified":"2023-09-05T12:54:03","modified_gmt":"2023-09-05T12:54:03","slug":"te-dalim-me-axhende-te-perbashket-parlamentare-gazment-bardhi-ne-tryeze-me-sali-berishen-debatet-e-brendshme-sduhet-te-na-pengojne","status":"publish","type":"post","link":"https:\/\/www.shqiperia.com\/blog\/te-dalim-me-axhende-te-perbashket-parlamentare-gazment-bardhi-ne-tryeze-me-sali-berishen-debatet-e-brendshme-sduhet-te-na-pengojne\/","title":{"rendered":"\u201cT\u00eb dalim me axhend\u00eb t\u00eb p\u00ebrbashk\u00ebt parlamentare\u201d- Gazment Bardhi n\u00eb tryez\u00eb me Sali Berish\u00ebn: &#8211; Debatet e brendshme s\u2019duhet t\u00eb na pengojn\u00eb"},"content":{"rendered":"<p><img data-recalc-dims=\"1\" loading=\"lazy\" decoding=\"async\" data-attachment-id=\"74005\" data-permalink=\"https:\/\/www.shqiperia.com\/blog\/te-dalim-me-axhende-te-perbashket-parlamentare-gazment-bardhi-ne-tryeze-me-sali-berishen-debatet-e-brendshme-sduhet-te-na-pengojne\/bardhi-berisha-433x300\/\" data-orig-file=\"https:\/\/i0.wp.com\/www.shqiperia.com\/blog\/wp-content\/uploads\/2023\/09\/bardhi-berisha-433x300-1.jpeg?fit=433%2C300&amp;ssl=1\" data-orig-size=\"433,300\" data-comments-opened=\"1\" data-image-meta=\"{&quot;aperture&quot;:&quot;0&quot;,&quot;credit&quot;:&quot;&quot;,&quot;camera&quot;:&quot;&quot;,&quot;caption&quot;:&quot;&quot;,&quot;created_timestamp&quot;:&quot;0&quot;,&quot;copyright&quot;:&quot;&quot;,&quot;focal_length&quot;:&quot;0&quot;,&quot;iso&quot;:&quot;0&quot;,&quot;shutter_speed&quot;:&quot;0&quot;,&quot;title&quot;:&quot;&quot;,&quot;orientation&quot;:&quot;0&quot;}\" data-image-title=\"bardhi-berisha-433&#215;300\" data-image-description=\"\" data-image-caption=\"\" data-medium-file=\"https:\/\/i0.wp.com\/www.shqiperia.com\/blog\/wp-content\/uploads\/2023\/09\/bardhi-berisha-433x300-1.jpeg?fit=300%2C208&amp;ssl=1\" data-large-file=\"https:\/\/i0.wp.com\/www.shqiperia.com\/blog\/wp-content\/uploads\/2023\/09\/bardhi-berisha-433x300-1.jpeg?fit=433%2C300&amp;ssl=1\" class=\"alignnone  wp-image-74005\" alt=\"\" src=\"https:\/\/i0.wp.com\/www.shqiperia.com\/blog\/wp-content\/uploads\/2023\/09\/bardhi-berisha-433x300-1.jpeg?resize=865%2C600&#038;ssl=1\" width=\"865\" height=\"600\" srcset=\"https:\/\/i0.wp.com\/www.shqiperia.com\/blog\/wp-content\/uploads\/2023\/09\/bardhi-berisha-433x300-1.jpeg?resize=300%2C208&amp;ssl=1 300w, https:\/\/i0.wp.com\/www.shqiperia.com\/blog\/wp-content\/uploads\/2023\/09\/bardhi-berisha-433x300-1.jpeg?resize=400%2C277&amp;ssl=1 400w, https:\/\/i0.wp.com\/www.shqiperia.com\/blog\/wp-content\/uploads\/2023\/09\/bardhi-berisha-433x300-1.jpeg?w=433&amp;ssl=1 433w\" sizes=\"auto, (max-width: 865px) 100vw, 865px\" \/><\/p>\n<p><strong>5 Shtator 2023<\/strong><\/p>\n<p><strong>Kreut i grupit parlamentar, Gazment Bardhi ka deklaruar se PD duhet t\u00eb l\u00ebr\u00eb pas debatet e brendshme dhe t\u00eb dalin me axhend\u00eb t\u00eb p\u00ebrbashk\u00ebt parlamentare.<\/strong><\/p>\n<p>N\u00eb mbledhjen e Grupit Parlamentar t\u00eb PD dhe aleat\u00ebve, ku ishte pranish\u00ebm edhe Sali Berisha, Bardhi u shpreh se duhet respektuar mendimi i secilit koleg \u201cp\u00ebr \u00e7\u00ebshtje q\u00eb na kan\u00eb ndar\u00eb deri n\u00eb k\u00ebt\u00eb moment\u201d.<\/p>\n<p><strong>Gazment Bardhi:<\/strong><span>\u00a0<\/span><em>T\u00eb nderuar koleg\u00eb, faleminderit p\u00ebr pranimin e ftes\u00ebs. E kemi bashk\u00ebndar\u00eb me p\u00ebrgjegjshm\u00ebri gjetjen e form\u00ebs p\u00ebr ta b\u00ebr\u00eb funksionale opozit\u00ebn parlamentare.<\/em><\/p>\n<p><em>Debatet brenda opozitare i kan\u00eb krijuar nj\u00eb komoditet qeveris\u00eb m\u00eb t\u00eb korruptuar n\u00eb Evrop\u00eb dhe bot\u00eb. Dua t\u00eb p\u00ebrsh\u00ebndes koleg\u00ebt online q\u00eb ndodhen jasht\u00eb vendit Jorida Tabaku, Lefter G\u00ebshtenja, Ilda Dhori dhe Petrit Doda. Prioriteti q\u00eb na b\u00ebn t\u00eb gjith\u00ebve bashk\u00eb (pa progres). Masakrat zgjedhore t\u00eb 25 Prillit 2021 dhe 14 Maj 2023.<\/em><\/p>\n<p><em>Prioritet n\u00eb Kuvend reforma zgjedhore. Ka nj\u00eb Komision t\u00eb Reform\u00ebs Zgjedhore, n\u00eb 2 vite, pa asnj\u00eb produkt. Biem dakord q\u00eb masakrat zgjedhore dhe m\u00ebnyra se si Edi Rama organizon zgjedhjet, jo t\u00eb gjitha fenomenet kriminale mund t\u00eb zgjidhen me ndryshime ligjore, por ka disa \u00e7\u00ebshtje q\u00eb mund t\u00eb adresohen.<\/em><\/p>\n<p><em>Gushti provoi se kemi nj\u00eb qeveri t\u00eb pap\u00ebrgjegjshme. \u00c7do dit\u00eb prodhon nga nj\u00eb skandal, b\u00ebn t\u00eb domosdosh\u00ebm ngritjen e disa komisioneve hetimore n\u00eb Parlament. \u00c7\u00ebshtje q\u00eb na b\u00ebjn\u00eb bashk\u00eb, n\u00eb dobi t\u00eb qytetar\u00ebve. Nd\u00ebrtimi i nj\u00eb axhende t\u00eb p\u00ebrbashk\u00ebt parlamentare. Bashk\u00eb mund t\u00eb gjejm\u00eb zgjidhje edhe p\u00ebr probleme t\u00eb tjera q\u00eb sot jemi larg.<\/em><\/p>\n<p><em>Respektoj mendimin e secilit, por ndasit\u00eb brenda Partis\u00eb Demokratike, nuk duhet t\u00eb na shfokusojn\u00eb nga p\u00ebrgjegj\u00ebsia ndaj demokrat\u00ebve, opozitar\u00ebve dhe qytetar\u00ebve. Kjo nuk do t\u00eb na pengoj\u00eb t\u00eb unifikojm\u00eb nj\u00eb q\u00ebndrim t\u00eb aksionit opozitar kund\u00ebr keqqeverisjes s\u00eb Edi Ram\u00ebs.<\/em><\/p>\n<p>Gazeta Panorama<\/p>\n","protected":false},"excerpt":{"rendered":"<p>5 Shtator 2023 Kreut i grupit parlamentar, Gazment Bardhi ka deklaruar se PD duhet t\u00eb l\u00ebr\u00eb pas debatet e brendshme dhe t\u00eb dalin me axhend\u00eb t\u00eb p\u00ebrbashk\u00ebt parlamentare. N\u00eb mbledhjen e Grupit Parlamentar t\u00eb PD dhe aleat\u00ebve, ku ishte pranish\u00ebm edhe Sali Berisha, Bardhi u shpreh se duhet respektuar mendimi i secilit koleg \u201cp\u00ebr \u00e7\u00ebshtje [&hellip;]<\/p>\n","protected":false},"author":9,"featured_media":74005,"comment_status":"open","ping_status":"open","sticky":false,"template":"","format":"standard","meta":{"jetpack_post_was_ever_published":false,"_jetpack_newsletter_access":"","_jetpack_dont_email_post_to_subs":false,"_jetpack_newsletter_tier_id":0,"_jetpack_memberships_contains_paywalled_content":false,"_jetpack_memberships_contains_paid_content":false,"footnotes":"","jetpack_publicize_message":"","jetpack_publicize_feature_enabled":true,"jetpack_social_post_already_shared":true,"jetpack_social_options":{"image_generator_settings":{"template":"highway","default_image_id":0,"font":"","enabled":false},"version":2}},"categories":[27,1,2],"tags":[],"class_list":["post-74003","post","type-post","status-publish","format-standard","has-post-thumbnail","hentry","category-blogu-i-udhetarit","category-njoftime-shtypi","category-politika"],"jetpack_publicize_connections":[],"jetpack_featured_media_url":"https:\/\/i0.wp.com\/www.shqiperia.com\/blog\/wp-content\/uploads\/2023\/09\/bardhi-berisha-433x300-1.jpeg?fit=433%2C300&ssl=1","jetpack_sharing_enabled":true,"jetpack_shortlink":"https:\/\/wp.me\/p5Z6wp-jfB","jetpack-related-posts":[{"id":78570,"url":"https:\/\/www.shqiperia.com\/blog\/jorida-tabaku-thote-se-eshte-pjese-grupit-parlamentar-te-drejtuar-nga-gazment-bardhi\/","url_meta":{"origin":74003,"position":0},"title":"Jorida Tabaku thot\u00eb se \u00ebsht\u00eb pjes\u00eb grupit parlamentar t\u00eb drejtuar nga Gazment Bardhi","author":"Kurt Farka","date":"February 23, 2024","format":false,"excerpt":"23 Shkurt 2024 \u201cNuk ka asnj\u00eb diskutim q\u00eb un\u00eb jam pjes\u00eb e grupit parlamentar. Ky \u00ebsht\u00eb nj\u00eb proces dhe nuk e ndajm\u00eb dot me thik\u00eb \u201ce b\u00ebt\u00eb apo nuk e b\u00ebt\u00eb\u201d. Ky \u00ebsht\u00eb nj\u00eb proces q\u00eb un\u00eb besoj se do t\u00eb vazhdoj\u00eb dhe d\u00ebshira im\u00eb \u00ebsht\u00eb q\u00eb n\u00eb k\u00ebt\u00eb proces\u2026","rel":"","context":"In &quot;Blogu i Udh\u00ebtarit&quot;","block_context":{"text":"Blogu i Udh\u00ebtarit","link":"https:\/\/www.shqiperia.com\/blog\/category\/blogu-i-udhetarit\/"},"img":{"alt_text":"","src":"https:\/\/i0.wp.com\/www.shqiperia.com\/blog\/wp-content\/uploads\/2024\/02\/tabaku-1-1-715x450-1.jpg?fit=715%2C450&ssl=1&resize=350%2C200","width":350,"height":200,"srcset":"https:\/\/i0.wp.com\/www.shqiperia.com\/blog\/wp-content\/uploads\/2024\/02\/tabaku-1-1-715x450-1.jpg?fit=715%2C450&ssl=1&resize=350%2C200 1x, https:\/\/i0.wp.com\/www.shqiperia.com\/blog\/wp-content\/uploads\/2024\/02\/tabaku-1-1-715x450-1.jpg?fit=715%2C450&ssl=1&resize=525%2C300 1.5x, https:\/\/i0.wp.com\/www.shqiperia.com\/blog\/wp-content\/uploads\/2024\/02\/tabaku-1-1-715x450-1.jpg?fit=715%2C450&ssl=1&resize=700%2C400 2x"},"classes":[]},{"id":79376,"url":"https:\/\/www.shqiperia.com\/blog\/gazment-bardhi-ne-2025-te-sjellim-ate-ndryshim-qe-nuk-e-realizuam-dot-para-4-vitesh\/","url_meta":{"origin":74003,"position":1},"title":"Gazment Bardhi: &#8211; N\u00eb 2025 t\u00eb sjellim at\u00eb ndryshim q\u00eb nuk e realizuam dot para 4 vitesh","author":"Kurt Farka","date":"March 19, 2024","format":false,"excerpt":"19 Mars 2024 Kryetari i Grupit Parlamentar t\u00eb demokrat\u00ebve, Gazment Bardhi the se Shqip\u00ebria kishte nevoj\u00eb p\u00ebr t\u00eb patur nj\u00eb PD t\u00eb bashkuar. Nga Burreli, ku u zhvillua nj\u00eb takim me demorkat\u00ebt, Bardhi tha se PD ka kaluar nj\u00eb periudh\u00eb t\u00eb v\u00ebshtir\u00eb. Ai u shpreh i bindur se do ia\u2026","rel":"","context":"In &quot;Blogu i Udh\u00ebtarit&quot;","block_context":{"text":"Blogu i Udh\u00ebtarit","link":"https:\/\/www.shqiperia.com\/blog\/category\/blogu-i-udhetarit\/"},"img":{"alt_text":"","src":"https:\/\/i0.wp.com\/www.shqiperia.com\/blog\/wp-content\/uploads\/2024\/03\/auto_265321486_3129277133975930_7187098096461991274_n1639296366.jpg?fit=900%2C590&ssl=1&resize=350%2C200","width":350,"height":200,"srcset":"https:\/\/i0.wp.com\/www.shqiperia.com\/blog\/wp-content\/uploads\/2024\/03\/auto_265321486_3129277133975930_7187098096461991274_n1639296366.jpg?fit=900%2C590&ssl=1&resize=350%2C200 1x, https:\/\/i0.wp.com\/www.shqiperia.com\/blog\/wp-content\/uploads\/2024\/03\/auto_265321486_3129277133975930_7187098096461991274_n1639296366.jpg?fit=900%2C590&ssl=1&resize=525%2C300 1.5x, https:\/\/i0.wp.com\/www.shqiperia.com\/blog\/wp-content\/uploads\/2024\/03\/auto_265321486_3129277133975930_7187098096461991274_n1639296366.jpg?fit=900%2C590&ssl=1&resize=700%2C400 2x"},"classes":[]},{"id":73981,"url":"https:\/\/www.shqiperia.com\/blog\/deputetet-nuk-pranojne-bashen-si-kreun-e-pd-se-po-perdoret-nga-edi-rama\/","url_meta":{"origin":74003,"position":2},"title":"Deputet\u00ebt nuk pranojn\u00eb Bashen si kreun e PD-s\u00eb: &#8211; Po p\u00ebrdoret nga Edi Rama","author":"Kurt Farka","date":"September 4, 2023","format":false,"excerpt":"4 Shtator 2023 Debatet n\u00eb partin\u00eb Demokratike p\u00ebr sa I p\u00ebrket grupit parlamentar kan\u00eb vijuar t\u00eb h\u00ebn\u00ebn n\u00eb seanc\u00ebn e par\u00eb parlamentare n\u00eb k\u00ebt\u00eb sezon t\u00eb ri. Lulzim Basha ka k\u00ebrkuar nga kuvendi shkarkimin e Bardhit si kryetar grupi, nd\u00ebrsa ky i fundit tha se basha po p\u00ebrdoret nga Edi\u2026","rel":"","context":"In &quot;Blogu i Udh\u00ebtarit&quot;","block_context":{"text":"Blogu i Udh\u00ebtarit","link":"https:\/\/www.shqiperia.com\/blog\/category\/blogu-i-udhetarit\/"},"img":{"alt_text":"","src":"https:\/\/i0.wp.com\/www.shqiperia.com\/blog\/wp-content\/uploads\/2023\/09\/640-0-Lulzim-Basha-komik-590x354-1-1-400x240-2.jpg?fit=640%2C384&ssl=1&resize=350%2C200","width":350,"height":200,"srcset":"https:\/\/i0.wp.com\/www.shqiperia.com\/blog\/wp-content\/uploads\/2023\/09\/640-0-Lulzim-Basha-komik-590x354-1-1-400x240-2.jpg?fit=640%2C384&ssl=1&resize=350%2C200 1x, https:\/\/i0.wp.com\/www.shqiperia.com\/blog\/wp-content\/uploads\/2023\/09\/640-0-Lulzim-Basha-komik-590x354-1-1-400x240-2.jpg?fit=640%2C384&ssl=1&resize=525%2C300 1.5x"},"classes":[]},{"id":55302,"url":"https:\/\/www.shqiperia.com\/blog\/kriza-ne-pd-bardhi-bashes-jemi-ne-gjendje-lufte-terheqja-juaj-dhe-e-sali-berishes-mund-te-bashkoje-demokratet\/","url_meta":{"origin":74003,"position":3},"title":"Kriza n\u00eb PD, Bardhi-Bash\u00ebs: Jemi n\u00eb &#8220;gjendje lufte&#8221;, t\u00ebrheqja juaj dhe e Sali Berish\u00ebs mund t\u00eb bashkoj\u00eb demokrat\u00ebt","author":"Kurt Farka","date":"March 12, 2022","format":false,"excerpt":"Kriza n\u00eb PD, Bardhi-Bash\u00ebs: Jemi n\u00eb \"gjendje lufte\", t\u00ebrheqja juaj dhe e Sali Berish\u00ebs mund t\u00eb bashkoj\u00eb demokrat\u00ebt 12 Mars 2022 Numri dy i Partis\u00eb Demokratike, Gazment Bardhi, ka k\u00ebrkuar n\u00eb mbledhjen e grupit parlamentar t\u00eb PD nj\u00eb zgjidhje q\u00eb b\u00ebn bashk\u00eb demokrat\u00ebt. Kjo zgjidhje sipas tij vjen me t\u00ebrheqjen\u2026","rel":"","context":"In &quot;Blogu i Udh\u00ebtarit&quot;","block_context":{"text":"Blogu i Udh\u00ebtarit","link":"https:\/\/www.shqiperia.com\/blog\/category\/blogu-i-udhetarit\/"},"img":{"alt_text":"","src":"https:\/\/i0.wp.com\/www.shqiperia.com\/blog\/wp-content\/uploads\/2022\/03\/Gazmand-Bardhi.jpg?fit=560%2C287&ssl=1&resize=350%2C200","width":350,"height":200,"srcset":"https:\/\/i0.wp.com\/www.shqiperia.com\/blog\/wp-content\/uploads\/2022\/03\/Gazmand-Bardhi.jpg?fit=560%2C287&ssl=1&resize=350%2C200 1x, https:\/\/i0.wp.com\/www.shqiperia.com\/blog\/wp-content\/uploads\/2022\/03\/Gazmand-Bardhi.jpg?fit=560%2C287&ssl=1&resize=525%2C300 1.5x"},"classes":[]},{"id":74457,"url":"https:\/\/www.shqiperia.com\/blog\/bardhi-dhe-tabaku-takim-me-perfaqesuesit-e-keshillit-te-europes\/","url_meta":{"origin":74003,"position":4},"title":"Bardhi dhe Tabaku takim me p\u00ebrfaq\u00ebsuesit e K\u00ebshillit t\u00eb Europ\u00ebs","author":"Kurt Farka","date":"September 26, 2023","format":false,"excerpt":"26 Shtator 2023 Deputeti i PD-s\u00eb, Gazment Bardhi dhe Kryetarja e Komisionit t\u00eb Integrimit Jorida Tabaku u takuan sot me bashk\u00ebraporter\u00ebt e K\u00ebshillit t\u00eb Europ\u00ebs p\u00ebr Shqip\u00ebrin\u00eb. N\u00eb raportin e vitit t\u00eb kaluar u theksua se konflikti n\u00eb PD po d\u00ebmton interesin e vendit, p\u00ebr shkak se opozita ishte jo\u2026","rel":"","context":"In &quot;Blogu i Udh\u00ebtarit&quot;","block_context":{"text":"Blogu i Udh\u00ebtarit","link":"https:\/\/www.shqiperia.com\/blog\/category\/blogu-i-udhetarit\/"},"img":{"alt_text":"","src":"https:\/\/i0.wp.com\/www.shqiperia.com\/blog\/wp-content\/uploads\/2023\/09\/800-0-3f03d633bdcccc9b08923a8bd5fa6ae9.jpg?fit=729%2C488&ssl=1&resize=350%2C200","width":350,"height":200,"srcset":"https:\/\/i0.wp.com\/www.shqiperia.com\/blog\/wp-content\/uploads\/2023\/09\/800-0-3f03d633bdcccc9b08923a8bd5fa6ae9.jpg?fit=729%2C488&ssl=1&resize=350%2C200 1x, https:\/\/i0.wp.com\/www.shqiperia.com\/blog\/wp-content\/uploads\/2023\/09\/800-0-3f03d633bdcccc9b08923a8bd5fa6ae9.jpg?fit=729%2C488&ssl=1&resize=525%2C300 1.5x, https:\/\/i0.wp.com\/www.shqiperia.com\/blog\/wp-content\/uploads\/2023\/09\/800-0-3f03d633bdcccc9b08923a8bd5fa6ae9.jpg?fit=729%2C488&ssl=1&resize=700%2C400 2x"},"classes":[]},{"id":77403,"url":"https:\/\/www.shqiperia.com\/blog\/95-e-faktoreve-opozitare-jane-dakord-bardhi-po-punojme-bashke-per-nje-projekt-politik\/","url_meta":{"origin":74003,"position":5},"title":"\u201c95% e faktor\u00ebve opozitar\u00eb jan\u00eb dakord\u201d, Bardhi: Po punojm\u00eb bashk\u00eb p\u00ebr nj\u00eb projekt politik","author":"Kurt Farka","date":"January 19, 2024","format":false,"excerpt":"19 Janar 2014 Kreu i grupit parlamentar t\u00eb PD-s\u00eb, Gazment Bardhi, u shpreh se 95% e faktor\u00ebve opozitar\u00eb kan\u00eb r\u00ebn\u00eb dakord p\u00ebr t\u00eb qen\u00eb bashk\u00eb kund\u00ebr qeveris\u00eb s\u00eb kryeministrit Edi Rama. Ai u shpreh se po punohet me t\u00eb gjith\u00eb p\u00ebr t\u00eb nd\u00ebrtuar nj\u00eb projekt politik, qoft\u00eb ajo nj\u00eb parti\u2026","rel":"","context":"In &quot;Blogu i Udh\u00ebtarit&quot;","block_context":{"text":"Blogu i Udh\u00ebtarit","link":"https:\/\/www.shqiperia.com\/blog\/category\/blogu-i-udhetarit\/"},"img":{"alt_text":"","src":"https:\/\/i0.wp.com\/www.shqiperia.com\/blog\/wp-content\/uploads\/2024\/01\/bardhi-6.jpg?fit=800%2C450&ssl=1&resize=350%2C200","width":350,"height":200,"srcset":"https:\/\/i0.wp.com\/www.shqiperia.com\/blog\/wp-content\/uploads\/2024\/01\/bardhi-6.jpg?fit=800%2C450&ssl=1&resize=350%2C200 1x, https:\/\/i0.wp.com\/www.shqiperia.com\/blog\/wp-content\/uploads\/2024\/01\/bardhi-6.jpg?fit=800%2C450&ssl=1&resize=525%2C300 1.5x, https:\/\/i0.wp.com\/www.shqiperia.com\/blog\/wp-content\/uploads\/2024\/01\/bardhi-6.jpg?fit=800%2C450&ssl=1&resize=700%2C400 2x"},"classes":[]}],"_links":{"self":[{"href":"https:\/\/www.shqiperia.com\/blog\/wp-json\/wp\/v2\/posts\/74003","targetHints":{"allow":["GET"]}}],"collection":[{"href":"https:\/\/www.shqiperia.com\/blog\/wp-json\/wp\/v2\/posts"}],"about":[{"href":"https:\/\/www.shqiperia.com\/blog\/wp-json\/wp\/v2\/types\/post"}],"author":[{"embeddable":true,"href":"https:\/\/www.shqiperia.com\/blog\/wp-json\/wp\/v2\/users\/9"}],"replies":[{"embeddable":true,"href":"https:\/\/www.shqiperia.com\/blog\/wp-json\/wp\/v2\/comments?post=74003"}],"version-history":[{"count":2,"href":"https:\/\/www.shqiperia.com\/blog\/wp-json\/wp\/v2\/posts\/74003\/revisions"}],"predecessor-version":[{"id":74006,"href":"https:\/\/www.shqiperia.com\/blog\/wp-json\/wp\/v2\/posts\/74003\/revisions\/74006"}],"wp:featuredmedia":[{"embeddable":true,"href":"https:\/\/www.shqiperia.com\/blog\/wp-json\/wp\/v2\/media\/74005"}],"wp:attachment":[{"href":"https:\/\/www.shqiperia.com\/blog\/wp-json\/wp\/v2\/media?parent=74003"}],"wp:term":[{"taxonomy":"category","embeddable":true,"href":"https:\/\/www.shqiperia.com\/blog\/wp-json\/wp\/v2\/categories?post=74003"},{"taxonomy":"post_tag","embeddable":true,"href":"https:\/\/www.shqiperia.com\/blog\/wp-json\/wp\/v2\/tags?post=74003"}],"curies":[{"name":"wp","href":"https:\/\/api.w.org\/{rel}","templated":true}]}}