{"id":73998,"date":"2023-09-05T12:43:39","date_gmt":"2023-09-05T12:43:39","guid":{"rendered":"https:\/\/www.shqiperia.com\/blog\/?p=73998"},"modified":"2023-09-05T12:44:12","modified_gmt":"2023-09-05T12:44:12","slug":"spak-jashte-kontrollit-gazetari-rama-do-detyrohet-ta-ndryshoje-serish-qeverine","status":"publish","type":"post","link":"https:\/\/www.shqiperia.com\/blog\/spak-jashte-kontrollit-gazetari-rama-do-detyrohet-ta-ndryshoje-serish-qeverine\/","title":{"rendered":"\u201cSPAK, jasht\u00eb kontrollit\u201d, gazetari: \u201cRama do detyrohet ta ndryshoj\u00eb s\u00ebrish qeverin\u00eb\u201d"},"content":{"rendered":"<div class=\"l-shared-sec-outer show-mobile\">\n<div class=\"l-shared-sec\">\n<div class=\"l-shared-items effect-fadeout is-color\"><a class=\"share-action share-trigger icon-facebook\" href=\"https:\/\/www.facebook.com\/sharer.php?u=https%3A%2F%2Fgazetadita.al%2Fparalajmerimi-i-lorenc-vangjelit-rama-do-detyrohet-te-ndryshoje-serish-qeverine%2F\" rel=\"nofollow\" data-title=\"Facebook\" data-gravity=\"w\"><i class=\"rbi rbi-facebook\"><\/i><\/a><a class=\"share-action share-trigger icon-twitter\" href=\"https:\/\/twitter.com\/intent\/tweet?text=%E2%80%9CSPAK%2C+jasht%C3%AB+kontrollit%E2%80%9D%2C+gazetari%3A+%E2%80%9CRama+do+detyrohet+ta+ndryshoj%C3%AB+s%C3%ABrish+qeverin%C3%AB%E2%80%9D&amp;url=https%3A%2F%2Fgazetadita.al%2Fparalajmerimi-i-lorenc-vangjelit-rama-do-detyrohet-te-ndryshoje-serish-qeverine%2F&amp;via=Gazeta+Dita\" rel=\"nofollow\" data-title=\"Twitter\" data-gravity=\"w\"><i class=\"rbi rbi-twitter\"><\/i><\/a><a class=\"share-action icon-email\" href=\"mailto:?subject=%E2%80%9CSPAK,%20jasht%C3%AB%20kontrollit%E2%80%9D,%20gazetari:%20%E2%80%9CRama%20do%20detyrohet%20ta%20ndryshoj%C3%AB%20s%C3%ABrish%20qeverin%C3%AB%E2%80%9D%20BODY=I%20found%20this%20article%20interesting%20and%20thought%20of%20sharing%20it%20with%20you.%20Check%20it%20out:%20https:\/\/gazetadita.al\/paralajmerimi-i-lorenc-vangjelit-rama-do-detyrohet-te-ndryshoje-serish-qeverine\/\" rel=\"nofollow\" data-title=\"Email\" data-gravity=\"w\"><i class=\"rbi rbi-email\"><\/i><\/a><a class=\"share-action icon-print\" rel=\"nofollow\" data-title=\"Printo\" data-gravity=\"w\"><i class=\"rbi rbi-print\"><\/i><\/a><\/div>\n<\/div>\n<\/div>\n<div class=\"e-ct-outer\">\n<div class=\"entry-content rbct clearfix is-highlight-shares\">\n<p><img data-recalc-dims=\"1\" loading=\"lazy\" decoding=\"async\" data-attachment-id=\"74000\" data-permalink=\"https:\/\/www.shqiperia.com\/blog\/spak-jashte-kontrollit-gazetari-rama-do-detyrohet-ta-ndryshoje-serish-qeverine\/screenshot_20230904_205251_gallery\/\" data-orig-file=\"https:\/\/i0.wp.com\/www.shqiperia.com\/blog\/wp-content\/uploads\/2023\/09\/Screenshot_20230904_205251_Gallery.jpg?fit=1080%2C660&amp;ssl=1\" data-orig-size=\"1080,660\" data-comments-opened=\"1\" data-image-meta=\"{&quot;aperture&quot;:&quot;0&quot;,&quot;credit&quot;:&quot;&quot;,&quot;camera&quot;:&quot;&quot;,&quot;caption&quot;:&quot;&quot;,&quot;created_timestamp&quot;:&quot;1693860771&quot;,&quot;copyright&quot;:&quot;&quot;,&quot;focal_length&quot;:&quot;0&quot;,&quot;iso&quot;:&quot;0&quot;,&quot;shutter_speed&quot;:&quot;0&quot;,&quot;title&quot;:&quot;&quot;,&quot;orientation&quot;:&quot;0&quot;}\" data-image-title=\"Screenshot_20230904_205251_Gallery\" data-image-description=\"\" data-image-caption=\"\" data-medium-file=\"https:\/\/i0.wp.com\/www.shqiperia.com\/blog\/wp-content\/uploads\/2023\/09\/Screenshot_20230904_205251_Gallery.jpg?fit=300%2C183&amp;ssl=1\" data-large-file=\"https:\/\/i0.wp.com\/www.shqiperia.com\/blog\/wp-content\/uploads\/2023\/09\/Screenshot_20230904_205251_Gallery.jpg?fit=1024%2C626&amp;ssl=1\" class=\"alignnone wp-image-74000\" alt=\"\" src=\"https:\/\/i0.wp.com\/www.shqiperia.com\/blog\/wp-content\/uploads\/2023\/09\/Screenshot_20230904_205251_Gallery.jpg?resize=670%2C409&#038;ssl=1\" width=\"670\" height=\"409\" srcset=\"https:\/\/i0.wp.com\/www.shqiperia.com\/blog\/wp-content\/uploads\/2023\/09\/Screenshot_20230904_205251_Gallery.jpg?resize=300%2C183&amp;ssl=1 300w, https:\/\/i0.wp.com\/www.shqiperia.com\/blog\/wp-content\/uploads\/2023\/09\/Screenshot_20230904_205251_Gallery.jpg?resize=1024%2C626&amp;ssl=1 1024w, https:\/\/i0.wp.com\/www.shqiperia.com\/blog\/wp-content\/uploads\/2023\/09\/Screenshot_20230904_205251_Gallery.jpg?resize=768%2C469&amp;ssl=1 768w, https:\/\/i0.wp.com\/www.shqiperia.com\/blog\/wp-content\/uploads\/2023\/09\/Screenshot_20230904_205251_Gallery.jpg?resize=450%2C275&amp;ssl=1 450w, https:\/\/i0.wp.com\/www.shqiperia.com\/blog\/wp-content\/uploads\/2023\/09\/Screenshot_20230904_205251_Gallery.jpg?resize=600%2C367&amp;ssl=1 600w, https:\/\/i0.wp.com\/www.shqiperia.com\/blog\/wp-content\/uploads\/2023\/09\/Screenshot_20230904_205251_Gallery.jpg?resize=400%2C244&amp;ssl=1 400w, https:\/\/i0.wp.com\/www.shqiperia.com\/blog\/wp-content\/uploads\/2023\/09\/Screenshot_20230904_205251_Gallery.jpg?w=1080&amp;ssl=1 1080w\" sizes=\"auto, (max-width: 670px) 100vw, 670px\" \/><\/p>\n<p>5 Shtator 2023<\/p>\n<p>Analisti Lorenc Vangjeli thot\u00eb se Rama do b\u00ebj\u00eb ndryshime t\u00eb tjera n\u00eb kabinetin qeveritar.<\/p>\n<p>Sipas Vangjelit, \u201cd\u00ebshira\u201d e Ram\u00ebs do t\u00eb ishte t\u2019i kishte \u00e7uar vet\u00eb n\u00eb SPAK, por meq\u00ebn\u00ebse nuk mund t\u00eb kontrolloj\u00eb politikisht procesin, nuk i mbetet tjet\u00ebr ve\u00e7se t\u00eb riformatoj\u00eb s\u00ebrish qeverin\u00eb.<\/p>\n<p><em>Pjes\u00eb nga biseda n\u00eb TV.<\/em><\/p>\n<p><strong>Vangjeli:<\/strong><span>\u00a0<\/span>Rama nuk mund t\u00eb mbronte dot gj\u00eb edhe sikur t\u00eb k\u00ebrkonte ta b\u00ebnte di\u00e7ka t\u00eb till\u00eb.<\/p>\n<p><strong>Moderator:<\/strong><span>\u00a0<\/span>Nuk e b\u00ebn dot apo nuk do?<\/p>\n<p><strong>Vangjeli:<\/strong><span>\u00a0<\/span>Nuk mundet ta b\u00ebj\u00eb. Ajo krijes\u00eb e cila u ngjiz\u00eb dhe lindi si iniciativ\u00eb e dy bashk\u00ebdrejtuesve t\u00eb t\u00eb majt\u00ebs fituese n\u00eb zgjedhjet e 2013-\u00ebs, tani i ka kap\u00ebrcyer t\u00eb gjith\u00eb ata. Dhe ky realitet i ri \u00ebsht\u00eb pjes\u00eb e ekuacionit q\u00eb ndryshon t\u00eb t\u00ebr\u00ebn. Ajo q\u00eb un\u00eb prisja t\u00eb ndodhte sot \u00ebsht\u00eb q\u00eb kryeministri si aksiom\u00eb nuk do t\u00eb pranonte q\u00eb asnj\u00eb nga ministrat e tij t\u00eb shkonte tek SPAK-u. N\u00eb d\u00ebshir\u00ebn e tij ai do t\u00eb d\u00ebshironte ti conte vet\u00eb p\u00ebr veshi atje, por duke mos mundur t\u00eb kontrolloj\u00eb procesin s\u00eb paku i duhej t\u2019iu hiqte kostumin e ministrit kur t\u00eb kap\u00ebrcenin at\u00eb gardhin e n\u00ebmur q\u00eb \u00ebsht\u00eb p\u00ebrtej rrezes s\u00eb pushtetit.<\/p>\n<p><strong>Moderator:<\/strong><span>\u00a0<\/span>Pra i heq si ministra q\u00eb t\u00eb shkojn\u00eb tek gardhi i SPAK-ut.<\/p>\n<p><strong>Vangjeli:<\/strong><span>\u00a0<\/span>Pik\u00ebrisht pra. Q\u00eb kur t\u00eb shkojn\u00eb atje, t\u00eb mos ken\u00eb kostumin e ministrit. T\u00eb mos ken\u00eb firm\u00ebn e tij tek dekreti i Presidentit.<\/p>\n<p>E par\u00eb me k\u00ebt\u00eb sy m\u00eb rezulton se n\u00eb nj\u00eb m\u00ebnyr\u00eb apo nj\u00eb tjet\u00ebr Rama do t\u00eb jet\u00eb i detyruar t\u00eb b\u00ebj\u00eb edhe ndryshime t\u00eb tjera n\u00eb qeveri. Se kur nuk e di, por besoj se \u00ebsht\u00eb nj\u00eb rrjedh\u00eb q\u00eb nuk do t\u00eb mungoj\u00eb t\u00eb ndodh\u00eb.<\/p>\n<p>Gazeta Dita<\/p>\n<\/div>\n<\/div>\n","protected":false},"excerpt":{"rendered":"<p>5 Shtator 2023 Analisti Lorenc Vangjeli thot\u00eb se Rama do b\u00ebj\u00eb ndryshime t\u00eb tjera n\u00eb kabinetin qeveritar. Sipas Vangjelit, \u201cd\u00ebshira\u201d e Ram\u00ebs do t\u00eb ishte t\u2019i kishte \u00e7uar vet\u00eb n\u00eb SPAK, por meq\u00ebn\u00ebse nuk mund t\u00eb kontrolloj\u00eb politikisht procesin, nuk i mbetet tjet\u00ebr ve\u00e7se t\u00eb riformatoj\u00eb s\u00ebrish qeverin\u00eb. Pjes\u00eb nga biseda n\u00eb TV. Vangjeli:\u00a0Rama nuk [&hellip;]<\/p>\n","protected":false},"author":9,"featured_media":74000,"comment_status":"open","ping_status":"open","sticky":false,"template":"","format":"standard","meta":{"jetpack_post_was_ever_published":false,"_jetpack_newsletter_access":"","_jetpack_dont_email_post_to_subs":false,"_jetpack_newsletter_tier_id":0,"_jetpack_memberships_contains_paywalled_content":false,"_jetpack_memberships_contains_paid_content":false,"footnotes":"","jetpack_publicize_message":"","jetpack_publicize_feature_enabled":true,"jetpack_social_post_already_shared":true,"jetpack_social_options":{"image_generator_settings":{"template":"highway","default_image_id":0,"font":"","enabled":false},"version":2}},"categories":[27,2,35],"tags":[],"class_list":["post-73998","post","type-post","status-publish","format-standard","has-post-thumbnail","hentry","category-blogu-i-udhetarit","category-politika","category-shoqerore"],"jetpack_publicize_connections":[],"jetpack_featured_media_url":"https:\/\/i0.wp.com\/www.shqiperia.com\/blog\/wp-content\/uploads\/2023\/09\/Screenshot_20230904_205251_Gallery.jpg?fit=1080%2C660&ssl=1","jetpack_sharing_enabled":true,"jetpack_shortlink":"https:\/\/wp.me\/p5Z6wp-jfw","jetpack-related-posts":[{"id":86984,"url":"https:\/\/www.shqiperia.com\/blog\/gazetari-artan-hoxha-paraqitet-serish-ne-spak\/","url_meta":{"origin":73998,"position":0},"title":"Gazetari Artan Hoxha paraqitet s\u00ebrish n\u00eb SPAK","author":"Kurt Farka","date":"December 2, 2024","format":false,"excerpt":"2 Dhjetor 2024 Gazetari i kronik\u00ebs s\u00eb zez\u00eb, Artan Hoxha, u paraqit sot n\u00eb ambientet e Prokuroris\u00eb s\u00eb Posa\u00e7me Kund\u00ebr Korrupsionit dhe Krimit t\u00eb Organizuar (SPAK), ku u njoh me zhvillimet e fundit mbi hetimet ndaj tij. Hoxha akuzohet p\u00ebr p\u00ebrfitime t\u00eb paligjshme nga grupi kriminal i drejtuar nga Suel\u2026","rel":"","context":"In &quot;Blogu i Udh\u00ebtarit&quot;","block_context":{"text":"Blogu i Udh\u00ebtarit","link":"https:\/\/www.shqiperia.com\/blog\/category\/blogu-i-udhetarit\/"},"img":{"alt_text":"","src":"https:\/\/i0.wp.com\/www.shqiperia.com\/blog\/wp-content\/uploads\/2024\/12\/640-0-1733141317xartan-hoxha-hd-774-1.webp?fit=640%2C360&ssl=1&resize=350%2C200","width":350,"height":200,"srcset":"https:\/\/i0.wp.com\/www.shqiperia.com\/blog\/wp-content\/uploads\/2024\/12\/640-0-1733141317xartan-hoxha-hd-774-1.webp?fit=640%2C360&ssl=1&resize=350%2C200 1x, https:\/\/i0.wp.com\/www.shqiperia.com\/blog\/wp-content\/uploads\/2024\/12\/640-0-1733141317xartan-hoxha-hd-774-1.webp?fit=640%2C360&ssl=1&resize=525%2C300 1.5x"},"classes":[]},{"id":99409,"url":"https:\/\/www.shqiperia.com\/blog\/gazetari-rama-mund-ta-shohe-veten-ne-vendin-e-berishes-ne-spak\/","url_meta":{"origin":73998,"position":1},"title":"Gazetari: Rama mund ta shoh\u00eb veten n\u00eb vendin e Berish\u00ebs, n\u00eb SPAK&#8230;","author":"Kurt Farka","date":"April 16, 2026","format":false,"excerpt":"16 Prill 2026 Rama mund ta shoh\u00eb edhe veten e tij n\u00eb vendin e Berish\u00ebs n\u00eb SPAK. K\u00ebshtu u shpreh gazetari Lavdrim Lita n\u00eb nje studio televizive, duke komentuar thirrjen e kryeministrit Rama n\u00eb Spak p\u00ebr dosjen Partizani, p\u00ebr t\u00eb cil\u00ebn \u00ebsht\u00eb i pandehur Sali Berisha. Sipas tij, prania e\u2026","rel":"","context":"In &quot;Blogu i Udh\u00ebtarit&quot;","block_context":{"text":"Blogu i Udh\u00ebtarit","link":"https:\/\/www.shqiperia.com\/blog\/category\/blogu-i-udhetarit\/"},"img":{"alt_text":"","src":"https:\/\/i0.wp.com\/www.shqiperia.com\/blog\/wp-content\/uploads\/2026\/04\/IMG_2707.jpeg?fit=702%2C399&ssl=1&resize=350%2C200","width":350,"height":200,"srcset":"https:\/\/i0.wp.com\/www.shqiperia.com\/blog\/wp-content\/uploads\/2026\/04\/IMG_2707.jpeg?fit=702%2C399&ssl=1&resize=350%2C200 1x, https:\/\/i0.wp.com\/www.shqiperia.com\/blog\/wp-content\/uploads\/2026\/04\/IMG_2707.jpeg?fit=702%2C399&ssl=1&resize=525%2C300 1.5x, https:\/\/i0.wp.com\/www.shqiperia.com\/blog\/wp-content\/uploads\/2026\/04\/IMG_2707.jpeg?fit=702%2C399&ssl=1&resize=700%2C400 2x"},"classes":[]},{"id":98739,"url":"https:\/\/www.shqiperia.com\/blog\/gazetari-ben-paralajmerimin-e-forte-hetimet-po-i-afrohen-rames-prekin-dhe\/","url_meta":{"origin":73998,"position":2},"title":"gazetari b\u00ebn paralajm\u00ebrimin e fort\u00eb: Hetimet po i afrohen Ram\u00ebs, prekin dhe..","author":"Kurt Farka","date":"March 27, 2026","format":false,"excerpt":"27 Mars 2026 Gazetari Ermal Pe\u00e7i, i ftuar n\u00eb nj\u00eb emision televiziv, komentoi zhvillimet e fundit lidhur me SPAK-un dhe marr\u00ebdh\u00ebniet e tij me qeverin\u00eb dhe kryeministrin Edi Rama. Sipas Pe\u00e7it, SPAK po krijon probleme p\u00ebr t\u00eb dy kampet kryesore politike n\u00eb vend. Ai shpjegoi se SPAK i cenon interesat\u2026","rel":"","context":"In &quot;Blogu i Udh\u00ebtarit&quot;","block_context":{"text":"Blogu i Udh\u00ebtarit","link":"https:\/\/www.shqiperia.com\/blog\/category\/blogu-i-udhetarit\/"},"img":{"alt_text":"","src":"https:\/\/i0.wp.com\/www.shqiperia.com\/blog\/wp-content\/uploads\/2026\/03\/658857993_3616557965164980_5601289146106061003_n.jpg?fit=1200%2C835&ssl=1&resize=350%2C200","width":350,"height":200,"srcset":"https:\/\/i0.wp.com\/www.shqiperia.com\/blog\/wp-content\/uploads\/2026\/03\/658857993_3616557965164980_5601289146106061003_n.jpg?fit=1200%2C835&ssl=1&resize=350%2C200 1x, https:\/\/i0.wp.com\/www.shqiperia.com\/blog\/wp-content\/uploads\/2026\/03\/658857993_3616557965164980_5601289146106061003_n.jpg?fit=1200%2C835&ssl=1&resize=525%2C300 1.5x, https:\/\/i0.wp.com\/www.shqiperia.com\/blog\/wp-content\/uploads\/2026\/03\/658857993_3616557965164980_5601289146106061003_n.jpg?fit=1200%2C835&ssl=1&resize=700%2C400 2x, https:\/\/i0.wp.com\/www.shqiperia.com\/blog\/wp-content\/uploads\/2026\/03\/658857993_3616557965164980_5601289146106061003_n.jpg?fit=1200%2C835&ssl=1&resize=1050%2C600 3x"},"classes":[]},{"id":95396,"url":"https:\/\/www.shqiperia.com\/blog\/gazetari-anri-bala-sqaron-detaje-rama-po-e-perdor-ballukun-per-te-pare-deri-ne-cfare-faze-jane-hetimet\/","url_meta":{"origin":73998,"position":3},"title":"Gazetari Anri Bala sqaron detaje: Rama po e p\u00ebrdor Ballukun p\u00ebr t\u00eb par\u00eb deri n\u00eb \u00e7far\u00eb faze jan\u00eb hetimet","author":"Kurt Farka","date":"December 5, 2025","format":false,"excerpt":"5 Dhjetor 2025 I ftuar ne nje studio televizive, ishte gazetari Anri Bala, cili n\u00eb lidhje me tem\u00ebn e emisionit \u201cBela-ja e Ram\u00ebs\u201d, theksoi: \u201cMe CV-n\u00eb q\u00eb ka Rama, nuk e shoh Belind\u00ebn si hall p\u00ebr Ram\u00ebn. Ai e ka CV-n\u00eb m\u00eb t\u00eb pasur. Nuk \u00ebsht\u00eb z\u00ebvend\u00ebskryeministjra e par\u00eb zonja\u2026","rel":"","context":"In &quot;Blogu i Udh\u00ebtarit&quot;","block_context":{"text":"Blogu i Udh\u00ebtarit","link":"https:\/\/www.shqiperia.com\/blog\/category\/blogu-i-udhetarit\/"},"img":{"alt_text":"","src":"https:\/\/i0.wp.com\/www.shqiperia.com\/blog\/wp-content\/uploads\/2025\/12\/IMG_8179-900x570-1.jpeg?fit=900%2C570&ssl=1&resize=350%2C200","width":350,"height":200,"srcset":"https:\/\/i0.wp.com\/www.shqiperia.com\/blog\/wp-content\/uploads\/2025\/12\/IMG_8179-900x570-1.jpeg?fit=900%2C570&ssl=1&resize=350%2C200 1x, https:\/\/i0.wp.com\/www.shqiperia.com\/blog\/wp-content\/uploads\/2025\/12\/IMG_8179-900x570-1.jpeg?fit=900%2C570&ssl=1&resize=525%2C300 1.5x, https:\/\/i0.wp.com\/www.shqiperia.com\/blog\/wp-content\/uploads\/2025\/12\/IMG_8179-900x570-1.jpeg?fit=900%2C570&ssl=1&resize=700%2C400 2x"},"classes":[]},{"id":89388,"url":"https:\/\/www.shqiperia.com\/blog\/a-u-sakrifikua-veliaj-per-te-shpetuar-ramen-gazetari-zbulon-detajet-rama-e-ka-ditur-qe-nga-data-24-janar-reagimi\/","url_meta":{"origin":73998,"position":4},"title":"A u sakrifikua Veliaj p\u00ebr t\u00eb shp\u00ebtuar Ram\u00ebn? &#8211; Gazetari zbulon detajet: &#8211; Rama e ka ditur q\u00eb nga data 24 janar, reagimi\u2026","author":"Kurt Farka","date":"February 11, 2025","format":false,"excerpt":"11\u00a0 Shkurt 2025 Gjat\u00eb dit\u00ebs kan\u00eb nisur t\u00eb dalin n\u00eb drit\u00eb detaje t\u00eb shumta t\u00eb dosjes voluminoze t\u00eb SPAK-ut dhe fakti q\u00eb kryebashkiaku k\u00ebrc\u00ebnoi me mesazhe agjent\u00ebt e BKH, nd\u00ebrsa bashk\u00ebshortja e tij d\u00ebshmitar\u00ebt. Q\u00eb n\u00eb m\u00ebngjes e deri n\u00eb mbrojtje, kryeministri Edi Rama i ka dal\u00eb n\u00eb mbrojtje pasuesit\u2026","rel":"","context":"In &quot;Blogu i Udh\u00ebtarit&quot;","block_context":{"text":"Blogu i Udh\u00ebtarit","link":"https:\/\/www.shqiperia.com\/blog\/category\/blogu-i-udhetarit\/"},"img":{"alt_text":"","src":"https:\/\/i0.wp.com\/www.shqiperia.com\/blog\/wp-content\/uploads\/2025\/02\/Erion-Veliaj.jpg?fit=600%2C388&ssl=1&resize=350%2C200","width":350,"height":200,"srcset":"https:\/\/i0.wp.com\/www.shqiperia.com\/blog\/wp-content\/uploads\/2025\/02\/Erion-Veliaj.jpg?fit=600%2C388&ssl=1&resize=350%2C200 1x, https:\/\/i0.wp.com\/www.shqiperia.com\/blog\/wp-content\/uploads\/2025\/02\/Erion-Veliaj.jpg?fit=600%2C388&ssl=1&resize=525%2C300 1.5x"},"classes":[]},{"id":89376,"url":"https:\/\/www.shqiperia.com\/blog\/rama-kunder-spak-kryeministri-flet-serish-per-rastin-veliaj-te-japin-prova-qe\/","url_meta":{"origin":73998,"position":5},"title":"Rama kund\u00ebr SPAK? Kryeministri flet s\u00ebrish p\u00ebr rastin Veliaj: T\u00eb japin prova q\u00eb\u2026","author":"Kurt Farka","date":"February 11, 2025","format":false,"excerpt":"11 Shkurt 2025 Nga: Gazeta Sot Kryeministri Edi Rama ka reaguar ashp\u00ebr ndaj nj\u00eb artikulli t\u00eb publikuar nga BIRN, i cili raportonte se ai kishte deklaruar q\u00eb SPAK ka dal\u00eb nga shinat dhe se Erion Veliaj nuk do t\u00eb shkarkohet. Rama e ka cil\u00ebsuar k\u00ebt\u00eb interpretim si nj\u00eb keqinterpretim brutal\u2026","rel":"","context":"In &quot;Blogu i Udh\u00ebtarit&quot;","block_context":{"text":"Blogu i Udh\u00ebtarit","link":"https:\/\/www.shqiperia.com\/blog\/category\/blogu-i-udhetarit\/"},"img":{"alt_text":"","src":"https:\/\/i0.wp.com\/www.shqiperia.com\/blog\/wp-content\/uploads\/2025\/02\/800-0-rama-tjeter-770x433-1.png?fit=800%2C450&ssl=1&resize=350%2C200","width":350,"height":200,"srcset":"https:\/\/i0.wp.com\/www.shqiperia.com\/blog\/wp-content\/uploads\/2025\/02\/800-0-rama-tjeter-770x433-1.png?fit=800%2C450&ssl=1&resize=350%2C200 1x, https:\/\/i0.wp.com\/www.shqiperia.com\/blog\/wp-content\/uploads\/2025\/02\/800-0-rama-tjeter-770x433-1.png?fit=800%2C450&ssl=1&resize=525%2C300 1.5x, https:\/\/i0.wp.com\/www.shqiperia.com\/blog\/wp-content\/uploads\/2025\/02\/800-0-rama-tjeter-770x433-1.png?fit=800%2C450&ssl=1&resize=700%2C400 2x"},"classes":[]}],"_links":{"self":[{"href":"https:\/\/www.shqiperia.com\/blog\/wp-json\/wp\/v2\/posts\/73998","targetHints":{"allow":["GET"]}}],"collection":[{"href":"https:\/\/www.shqiperia.com\/blog\/wp-json\/wp\/v2\/posts"}],"about":[{"href":"https:\/\/www.shqiperia.com\/blog\/wp-json\/wp\/v2\/types\/post"}],"author":[{"embeddable":true,"href":"https:\/\/www.shqiperia.com\/blog\/wp-json\/wp\/v2\/users\/9"}],"replies":[{"embeddable":true,"href":"https:\/\/www.shqiperia.com\/blog\/wp-json\/wp\/v2\/comments?post=73998"}],"version-history":[{"count":2,"href":"https:\/\/www.shqiperia.com\/blog\/wp-json\/wp\/v2\/posts\/73998\/revisions"}],"predecessor-version":[{"id":74002,"href":"https:\/\/www.shqiperia.com\/blog\/wp-json\/wp\/v2\/posts\/73998\/revisions\/74002"}],"wp:featuredmedia":[{"embeddable":true,"href":"https:\/\/www.shqiperia.com\/blog\/wp-json\/wp\/v2\/media\/74000"}],"wp:attachment":[{"href":"https:\/\/www.shqiperia.com\/blog\/wp-json\/wp\/v2\/media?parent=73998"}],"wp:term":[{"taxonomy":"category","embeddable":true,"href":"https:\/\/www.shqiperia.com\/blog\/wp-json\/wp\/v2\/categories?post=73998"},{"taxonomy":"post_tag","embeddable":true,"href":"https:\/\/www.shqiperia.com\/blog\/wp-json\/wp\/v2\/tags?post=73998"}],"curies":[{"name":"wp","href":"https:\/\/api.w.org\/{rel}","templated":true}]}}