{"id":73995,"date":"2023-09-05T12:35:42","date_gmt":"2023-09-05T12:35:42","guid":{"rendered":"https:\/\/www.shqiperia.com\/blog\/?p=73995"},"modified":"2023-09-05T12:35:42","modified_gmt":"2023-09-05T12:35:42","slug":"perfundon-mbledhja-e-thirrur-nga-bardhi-zbardhet-vendimi-qe-moren-deputetet","status":"publish","type":"post","link":"https:\/\/www.shqiperia.com\/blog\/perfundon-mbledhja-e-thirrur-nga-bardhi-zbardhet-vendimi-qe-moren-deputetet\/","title":{"rendered":"P\u00ebrfundon mbledhja e thirrur nga Bardhi. &#8211; Zbardhet vendimi q\u00eb mor\u00ebn deputet\u00ebt"},"content":{"rendered":"<p><img data-recalc-dims=\"1\" loading=\"lazy\" decoding=\"async\" data-attachment-id=\"73996\" data-permalink=\"https:\/\/www.shqiperia.com\/blog\/perfundon-mbledhja-e-thirrur-nga-bardhi-zbardhet-vendimi-qe-moren-deputetet\/auto_selia_e_pd1641221891-750x536-1-750x405-1\/\" data-orig-file=\"https:\/\/i0.wp.com\/www.shqiperia.com\/blog\/wp-content\/uploads\/2023\/09\/auto_Selia_e_PD1641221891-750x536-1-750x405-1.jpg?fit=750%2C405&amp;ssl=1\" data-orig-size=\"750,405\" data-comments-opened=\"1\" data-image-meta=\"{&quot;aperture&quot;:&quot;0&quot;,&quot;credit&quot;:&quot;&quot;,&quot;camera&quot;:&quot;&quot;,&quot;caption&quot;:&quot;&quot;,&quot;created_timestamp&quot;:&quot;0&quot;,&quot;copyright&quot;:&quot;&quot;,&quot;focal_length&quot;:&quot;0&quot;,&quot;iso&quot;:&quot;0&quot;,&quot;shutter_speed&quot;:&quot;0&quot;,&quot;title&quot;:&quot;&quot;,&quot;orientation&quot;:&quot;0&quot;}\" data-image-title=\"auto_Selia_e_PD1641221891-750&#215;536-1-750&#215;405-1\" data-image-description=\"\" data-image-caption=\"\" data-medium-file=\"https:\/\/i0.wp.com\/www.shqiperia.com\/blog\/wp-content\/uploads\/2023\/09\/auto_Selia_e_PD1641221891-750x536-1-750x405-1.jpg?fit=300%2C162&amp;ssl=1\" data-large-file=\"https:\/\/i0.wp.com\/www.shqiperia.com\/blog\/wp-content\/uploads\/2023\/09\/auto_Selia_e_PD1641221891-750x536-1-750x405-1.jpg?fit=750%2C405&amp;ssl=1\" class=\"alignnone  wp-image-73996\" alt=\"\" src=\"https:\/\/i0.wp.com\/www.shqiperia.com\/blog\/wp-content\/uploads\/2023\/09\/auto_Selia_e_PD1641221891-750x536-1-750x405-1.jpg?resize=783%2C423&#038;ssl=1\" width=\"783\" height=\"423\" srcset=\"https:\/\/i0.wp.com\/www.shqiperia.com\/blog\/wp-content\/uploads\/2023\/09\/auto_Selia_e_PD1641221891-750x536-1-750x405-1.jpg?resize=300%2C162&amp;ssl=1 300w, https:\/\/i0.wp.com\/www.shqiperia.com\/blog\/wp-content\/uploads\/2023\/09\/auto_Selia_e_PD1641221891-750x536-1-750x405-1.jpg?resize=450%2C243&amp;ssl=1 450w, https:\/\/i0.wp.com\/www.shqiperia.com\/blog\/wp-content\/uploads\/2023\/09\/auto_Selia_e_PD1641221891-750x536-1-750x405-1.jpg?resize=600%2C324&amp;ssl=1 600w, https:\/\/i0.wp.com\/www.shqiperia.com\/blog\/wp-content\/uploads\/2023\/09\/auto_Selia_e_PD1641221891-750x536-1-750x405-1.jpg?resize=400%2C216&amp;ssl=1 400w, https:\/\/i0.wp.com\/www.shqiperia.com\/blog\/wp-content\/uploads\/2023\/09\/auto_Selia_e_PD1641221891-750x536-1-750x405-1.jpg?w=750&amp;ssl=1 750w\" sizes=\"auto, (max-width: 783px) 100vw, 783px\" \/><\/p>\n<p>5 Shtator 2023<\/p>\n<p>Dit\u00ebn e sotme, p\u00ebr her\u00eb t\u00eb par\u00eb pas zgjedhjeve t\u00eb 25 prillit 2021 m\u00eb shum\u00eb se 40 deputet\u00eb t\u00eb opozit\u00ebs u mblodh\u00ebn s\u00eb bashku n\u00eb nj\u00eb takim t\u00eb thirrur nga Gazment Bardhi.<\/p>\n<p>Takimit iu bashku ish-kryeministri Sali Berisha dhe 13 deputet\u00ebt q\u00eb e mb\u00ebshtesin.<\/p>\n<p>Gjithashtu n\u00eb mbledhje ishin edhe \u00a0kat\u00ebr nga pes\u00eb aleat\u00ebt q\u00eb PD i kishte n\u00eb list\u00ebn e saj n\u00eb zgjedhjet e 25 prillit.<\/p>\n<p>Pas diskutimeve me dyer t\u00eb mbyllura, deputet\u00ebt dhe aleat\u00ebt ran\u00eb dakord q\u00eb t\u00eb ket\u00eb nj\u00eb mbledhje t\u00eb p\u00ebrjavshme.<\/p>\n<p>Berisha foli p\u00ebr mediet n\u00eb p\u00ebrfundim t\u00eb mbledhjes e cila u zhvillua me dyer t\u00eb mbyllura dhe e cil\u00ebsoi takimin e sot\u00ebm si nj\u00eb mesazh pozitiv.<\/p>\n<p>Berisha: Ishte nj\u00eb takim i 43 deputet\u00ebve t\u00eb dal\u00eb nga zgjedhjet e 21 prillit, deputet\u00eb t\u00eb aleanc\u00ebs s\u00eb PD-s\u00eb me aleat\u00ebt e saj t\u00eb p\u00ebrjetsh\u00ebm. Besoj se ishte mesazh pozitiv, p\u00ebrgjegj\u00ebsi n\u00eb t\u00eb cil\u00ebn deputet\u00ebt vendosin t\u00eb bashkojn\u00eb t\u00eb gjith\u00eb p\u00ebrpjekjet e tyre kund\u00ebr nj\u00eb regjimi q\u00eb \u00ebsht\u00eb sot fam\u00eb e krijimit, e vjedhjes e mafies dhe e t\u00eb zezave m\u00eb t\u00eb m\u00ebdha q\u00eb ka njohur kombi n\u00eb 32 vite. Mendoj se ishte nj\u00eb hap i r\u00ebnd\u00ebsish\u00ebm n\u00eb nj\u00eb proces t\u00eb pandalsh\u00ebm\u2026Un\u00eb dua t\u00eb them k\u00ebtu\u2026ky ishte nj\u00eb takim ishte\u2026.asgj\u00eb t\u00eb moralshme nuk ka m\u00eb shum\u00eb sa kjo betej\u00eb. Interesat komb\u00ebtare jan\u00eb t\u00eb parat p\u00ebr \u00e7do shqiptar<\/p>\n<p>Deputet\u00ebt e sht\u00ebpis\u00eb s\u00eb liris\u00eb nuk ishin sot, t\u00eb cil\u00ebt jan\u00eb opozitar\u00eb t\u00eb vendosur, por ftesa ime \u00ebsht\u00eb p\u00ebr \u00e7do deputet q\u00eb \u00ebsht\u00eb i vendosur t\u00eb luftoj\u00eb k\u00ebt\u00eb regjim, t\u00eb bashkojm\u00eb forca p\u00ebr rr\u00ebzimin e pushtetit. Vendimet shum\u00eb t\u00eb r\u00ebnd\u00ebsishme do t\u2019ua njoftoj\u00eb Bardhi, sepse u mor\u00ebn vendime shum\u00eb t\u00eb r\u00ebnd\u00ebsishme. Na bashkoi p\u00ebrgjegj\u00ebsia morale dhe ligjore q\u00eb kemi para 620 mij\u00eb zgjedhjeve q\u00eb votuan n\u00eb 14 maj kund\u00ebr Ram\u00ebs.<\/p>\n<p>Gazeta Sot<\/p>\n","protected":false},"excerpt":{"rendered":"<p>5 Shtator 2023 Dit\u00ebn e sotme, p\u00ebr her\u00eb t\u00eb par\u00eb pas zgjedhjeve t\u00eb 25 prillit 2021 m\u00eb shum\u00eb se 40 deputet\u00eb t\u00eb opozit\u00ebs u mblodh\u00ebn s\u00eb bashku n\u00eb nj\u00eb takim t\u00eb thirrur nga Gazment Bardhi. Takimit iu bashku ish-kryeministri Sali Berisha dhe 13 deputet\u00ebt q\u00eb e mb\u00ebshtesin. Gjithashtu n\u00eb mbledhje ishin edhe \u00a0kat\u00ebr nga pes\u00eb [&hellip;]<\/p>\n","protected":false},"author":9,"featured_media":73996,"comment_status":"open","ping_status":"open","sticky":false,"template":"","format":"standard","meta":{"jetpack_post_was_ever_published":false,"_jetpack_newsletter_access":"","_jetpack_dont_email_post_to_subs":false,"_jetpack_newsletter_tier_id":0,"_jetpack_memberships_contains_paywalled_content":false,"_jetpack_memberships_contains_paid_content":false,"footnotes":"","jetpack_publicize_message":"","jetpack_publicize_feature_enabled":true,"jetpack_social_post_already_shared":true,"jetpack_social_options":{"image_generator_settings":{"template":"highway","default_image_id":0,"font":"","enabled":false},"version":2}},"categories":[27,1,2,35],"tags":[],"class_list":["post-73995","post","type-post","status-publish","format-standard","has-post-thumbnail","hentry","category-blogu-i-udhetarit","category-njoftime-shtypi","category-politika","category-shoqerore"],"jetpack_publicize_connections":[],"jetpack_featured_media_url":"https:\/\/i0.wp.com\/www.shqiperia.com\/blog\/wp-content\/uploads\/2023\/09\/auto_Selia_e_PD1641221891-750x536-1-750x405-1.jpg?fit=750%2C405&ssl=1","jetpack_sharing_enabled":true,"jetpack_shortlink":"https:\/\/wp.me\/p5Z6wp-jft","jetpack-related-posts":[{"id":17721,"url":"https:\/\/www.shqiperia.com\/blog\/nga-deputetet-te-kandidatet-si-do-te-dorezohen-mandatet-e-pd\/","url_meta":{"origin":73995,"position":0},"title":"Nga deputet\u00ebt te kandidat\u00ebt, si do t\u00eb dor\u00ebzohen mandatet e PD","author":"Kurt Farka","date":"February 20, 2019","format":false,"excerpt":"Nga deputet\u00ebt te kandidat\u00ebt, si do t\u00eb dor\u00ebzohen mandatet e PD 20 shkurt 2019 Nga: JUXHIN MUSTAFARAJ\/ \u00a0Kryesia e Partis\u00eb Demokratike ka vendosur t\u00eb mb\u00ebshtes\u00eb vendimin politik t\u00eb Grupit Parlamentar Demokrat p\u00ebr djegie t\u00eb mandateve. Duke e cil\u00ebsuar si akt ekstrem, por t\u00eb domosdosh\u00ebm p\u00ebr situat\u00ebn, n\u00eb t\u00eb cil\u00ebn ndodhet\u2026","rel":"","context":"In &quot;Blogu i Udh\u00ebtarit&quot;","block_context":{"text":"Blogu i Udh\u00ebtarit","link":"https:\/\/www.shqiperia.com\/blog\/category\/blogu-i-udhetarit\/"},"img":{"alt_text":"","src":"https:\/\/i0.wp.com\/www.shqiperia.com\/blog\/wp-content\/uploads\/2019\/02\/kryesia-e-PD-se.jpeg?fit=621%2C368&ssl=1&resize=350%2C200","width":350,"height":200,"srcset":"https:\/\/i0.wp.com\/www.shqiperia.com\/blog\/wp-content\/uploads\/2019\/02\/kryesia-e-PD-se.jpeg?fit=621%2C368&ssl=1&resize=350%2C200 1x, https:\/\/i0.wp.com\/www.shqiperia.com\/blog\/wp-content\/uploads\/2019\/02\/kryesia-e-PD-se.jpeg?fit=621%2C368&ssl=1&resize=525%2C300 1.5x"},"classes":[]},{"id":52898,"url":"https:\/\/www.shqiperia.com\/blog\/zeri-i-amerikes-tensionet-ne-pd-deputetet-e-berishes-i-gjejne-mbyllur-dyert-e-selise\/","url_meta":{"origin":73995,"position":1},"title":"Z\u00ebri i Amerik\u00ebs: &#8211; Tensionet n\u00eb PD, deputet\u00ebt e Berish\u00ebs i gjejn\u00eb mbyllur dyert e selis\u00eb","author":"Kurt Farka","date":"January 5, 2022","format":false,"excerpt":"Z\u00ebri i Amerik\u00ebs: - Tensionet n\u00eb PD, deputet\u00ebt e Berish\u00ebs i gjejn\u00eb mbyllur dyert e selis\u00eb 5 JANAR 2022 N\u00eb Shqip\u00ebri, vijojn\u00eb tensione n\u00eb Partin\u00eb Demokratike. Nj\u00eb grup deputet\u00ebsh mb\u00ebshtet\u00ebs t\u00eb ish kryeministrit Sali Berisha i gjet\u00ebn sot t\u00eb mbyllura dyert e selis\u00eb, ku si\u00e7 deklaruan kishin shkuar p\u00ebr t\u00eb\u2026","rel":"","context":"In &quot;Blogu i Udh\u00ebtarit&quot;","block_context":{"text":"Blogu i Udh\u00ebtarit","link":"https:\/\/www.shqiperia.com\/blog\/category\/blogu-i-udhetarit\/"},"img":{"alt_text":"","src":"https:\/\/i0.wp.com\/www.shqiperia.com\/blog\/wp-content\/uploads\/2022\/01\/800-0-5bb4d5fe223601920a1fe1d293d62e0a-1.jpg?fit=800%2C450&ssl=1&resize=350%2C200","width":350,"height":200,"srcset":"https:\/\/i0.wp.com\/www.shqiperia.com\/blog\/wp-content\/uploads\/2022\/01\/800-0-5bb4d5fe223601920a1fe1d293d62e0a-1.jpg?fit=800%2C450&ssl=1&resize=350%2C200 1x, https:\/\/i0.wp.com\/www.shqiperia.com\/blog\/wp-content\/uploads\/2022\/01\/800-0-5bb4d5fe223601920a1fe1d293d62e0a-1.jpg?fit=800%2C450&ssl=1&resize=525%2C300 1.5x, https:\/\/i0.wp.com\/www.shqiperia.com\/blog\/wp-content\/uploads\/2022\/01\/800-0-5bb4d5fe223601920a1fe1d293d62e0a-1.jpg?fit=800%2C450&ssl=1&resize=700%2C400 2x"},"classes":[]},{"id":53295,"url":"https:\/\/www.shqiperia.com\/blog\/thellohet-krisja-me-bashen-duka-tregon-ftesen-qe-ka-marre-nga-berisha-mund-te-bejme-koalicion-ne-zgjedhjet-e-pjesshme-lokale\/","url_meta":{"origin":73995,"position":2},"title":"Thellohet &#8220;krisja&#8221; me Bash\u00ebn. &#8211; Duka tregon ftes\u00ebn q\u00eb ka marr\u00eb nga Berisha: Mund t\u00eb b\u00ebjm\u00eb koalicion n\u00eb zgjedhjet e pjesshme lokale","author":"Kurt Farka","date":"January 20, 2022","format":false,"excerpt":"Thellohet \"krisja\" me Bash\u00ebn. - Duka tregon ftes\u00ebn q\u00eb ka marr\u00eb nga Berisha: Mund t\u00eb b\u00ebjm\u00eb koalicion n\u00eb zgjedhjet e pjesshme lokale 19 JANAR 2022 Zbulohet skenari i Berish\u00ebs p\u00ebr t\u00eb goditur Bash\u00ebn n\u00eb zgjedhjet lokale, Duka: Na ka b\u00ebr\u00eb ftes\u00eb p\u00ebr bashk\u00ebpunim, do krijoj\u00eb nj\u00eb koalicion dhe do propozoj\u00eb\u2026","rel":"","context":"In &quot;Blogu i Udh\u00ebtarit&quot;","block_context":{"text":"Blogu i Udh\u00ebtarit","link":"https:\/\/www.shqiperia.com\/blog\/category\/blogu-i-udhetarit\/"},"img":{"alt_text":"","src":"https:\/\/i0.wp.com\/www.shqiperia.com\/blog\/wp-content\/uploads\/2022\/01\/640-0-61e7f875404b1.jpg?fit=640%2C373&ssl=1&resize=350%2C200","width":350,"height":200,"srcset":"https:\/\/i0.wp.com\/www.shqiperia.com\/blog\/wp-content\/uploads\/2022\/01\/640-0-61e7f875404b1.jpg?fit=640%2C373&ssl=1&resize=350%2C200 1x, https:\/\/i0.wp.com\/www.shqiperia.com\/blog\/wp-content\/uploads\/2022\/01\/640-0-61e7f875404b1.jpg?fit=640%2C373&ssl=1&resize=525%2C300 1.5x"},"classes":[]},{"id":74770,"url":"https:\/\/www.shqiperia.com\/blog\/de-jure-pd-eshte-e-bashes-duhet-te-krijojme-nje-parti-te-re-zbardhet-debati-me-dyer-te-mbyllura-ne-grupin-e-deputeteve-te-opozites\/","url_meta":{"origin":73995,"position":3},"title":"\u201c\u2019De jure\u2019 PD \u00ebsht\u00eb e Bash\u00ebs\u201d, &#8211; Duhet t\u00eb krijojm\u00eb nj\u00eb parti t\u00eb re\u201d- Zbardhet debati me dyer t\u00eb mbyllura n\u00eb Grupin e deputet\u00ebve t\u00eb opozit\u00ebs!","author":"Kurt Farka","date":"October 12, 2023","format":false,"excerpt":"12 Tetor 2023 Zbardhen debatet me dyer t\u00eb mbyllura n\u00eb mbledhjen e Grupit Parlamentar t\u00eb Partis\u00eb Demokratike, e thirrur nga Gazment Bardhi dhe ku t\u00eb pranish\u00ebm ishte Sali Berisha dhe p\u00ebrkrah\u00ebsit e tij. Gazetari Osman Stafa ka zbardhur diskutimet n\u00eb Grup, ku deputet\u00ebt demokrat kan\u00eb hedhur dhe iden\u00eb e krijimit\u2026","rel":"","context":"In &quot;Blogu i Udh\u00ebtarit&quot;","block_context":{"text":"Blogu i Udh\u00ebtarit","link":"https:\/\/www.shqiperia.com\/blog\/category\/blogu-i-udhetarit\/"},"img":{"alt_text":"","src":"https:\/\/i0.wp.com\/www.shqiperia.com\/blog\/wp-content\/uploads\/2023\/10\/800-0-basha-rama-montazh-590x354-1.jpg?fit=800%2C480&ssl=1&resize=350%2C200","width":350,"height":200,"srcset":"https:\/\/i0.wp.com\/www.shqiperia.com\/blog\/wp-content\/uploads\/2023\/10\/800-0-basha-rama-montazh-590x354-1.jpg?fit=800%2C480&ssl=1&resize=350%2C200 1x, https:\/\/i0.wp.com\/www.shqiperia.com\/blog\/wp-content\/uploads\/2023\/10\/800-0-basha-rama-montazh-590x354-1.jpg?fit=800%2C480&ssl=1&resize=525%2C300 1.5x, https:\/\/i0.wp.com\/www.shqiperia.com\/blog\/wp-content\/uploads\/2023\/10\/800-0-basha-rama-montazh-590x354-1.jpg?fit=800%2C480&ssl=1&resize=700%2C400 2x"},"classes":[]},{"id":57741,"url":"https:\/\/www.shqiperia.com\/blog\/alibeaj-kerkon-te-mbledh-grupin-parlamentar-tradhetohet-nga-te-tijet-marrin-pjese-vetem-21-deputete\/","url_meta":{"origin":73995,"position":4},"title":"Alibeaj kerkon te mbledh grupin parlamentar, \u2018tradh\u00ebtohet nga t\u00eb tij\u00ebt\u2019 marrin pjes\u00eb vet\u00ebm 21 deputet\u00eb","author":"Kurt Farka","date":"May 9, 2022","format":false,"excerpt":"Alibeaj kerkon te mbledh grupin parlamentar, \u2018tradh\u00ebtohet nga t\u00eb tij\u00ebt\u2019 marrin pjes\u00eb vet\u00ebm 21 deputet\u00eb - 09.05.22\u00a0\u00a0\u00a0\u00a0\u00a0\u00a0\u00a0\u00a0\u00a0\u00a0\u00a0\u00a0\u00a0\u00a0\u00a0\u00a0\u00a0\u00a0\u00a0\u00a0\u00a0\u00a0\u00a0\u00a0\u00a0 Mbledhja zhvillohet n\u00eb ambientet e selis\u00eb blu, deri tani n\u00eb k\u00ebt\u00eb mbledhje marrin pjes\u00eb 21 deputet\u00eb, nd\u00ebrsa mungojn\u00eb ata t\u00eb rithemelimit. Nj\u00eb dit\u00eb para mbledhjes Alibeaj u ka shp\u00ebrndar\u00eb deputet\u00ebve nj\u00eb draft me\u2026","rel":"","context":"In &quot;Blogu i Udh\u00ebtarit&quot;","block_context":{"text":"Blogu i Udh\u00ebtarit","link":"https:\/\/www.shqiperia.com\/blog\/category\/blogu-i-udhetarit\/"},"img":{"alt_text":"","src":"https:\/\/i0.wp.com\/www.shqiperia.com\/blog\/wp-content\/uploads\/2022\/05\/1652098345_seliaePD-770x433-1.jpg?fit=770%2C433&ssl=1&resize=350%2C200","width":350,"height":200,"srcset":"https:\/\/i0.wp.com\/www.shqiperia.com\/blog\/wp-content\/uploads\/2022\/05\/1652098345_seliaePD-770x433-1.jpg?fit=770%2C433&ssl=1&resize=350%2C200 1x, https:\/\/i0.wp.com\/www.shqiperia.com\/blog\/wp-content\/uploads\/2022\/05\/1652098345_seliaePD-770x433-1.jpg?fit=770%2C433&ssl=1&resize=525%2C300 1.5x, https:\/\/i0.wp.com\/www.shqiperia.com\/blog\/wp-content\/uploads\/2022\/05\/1652098345_seliaePD-770x433-1.jpg?fit=770%2C433&ssl=1&resize=700%2C400 2x"},"classes":[]},{"id":65750,"url":"https:\/\/www.shqiperia.com\/blog\/festat-e-fundvitit-bashkojne-partine-demokratike-bashke-ne-nje-tryeze-berisha-bardhi-tabaku\/","url_meta":{"origin":73995,"position":5},"title":"Festat e fundvitit \u201cbashkojn\u00eb\u201d Partin\u00eb Demokratike. &#8211; Bashk\u00eb n\u00eb nj\u00eb tryez\u00eb Berisha, Bardhi, Tabaku.","author":"Kurt Farka","date":"December 28, 2022","format":false,"excerpt":"28 Dhjetor 2022 Festat e fundvitit duket se po bashkojn\u00eb Partin\u00eb Demokratike. Ishte deputeti i PD, Xhelal Mziu, ai i cili ftoi t\u00eb gjith\u00eb deputet\u00ebt e PD n\u00eb nj\u00eb drek\u00eb p\u00ebr festat e fundvitit. BalkanWeb\u00a0shkruan se k\u00ebsaj ftese iu p\u00ebrgjigj pozitivisht PD e Sali Berish\u00ebs si dhe nj\u00eb pjes\u00eb e\u2026","rel":"","context":"In &quot;Blogu i Udh\u00ebtarit&quot;","block_context":{"text":"Blogu i Udh\u00ebtarit","link":"https:\/\/www.shqiperia.com\/blog\/category\/blogu-i-udhetarit\/"},"img":{"alt_text":"","src":"https:\/\/i0.wp.com\/www.shqiperia.com\/blog\/wp-content\/uploads\/2022\/12\/kuvend-berisha-kembe-675x450-1.jpg?fit=675%2C382&ssl=1&resize=350%2C200","width":350,"height":200,"srcset":"https:\/\/i0.wp.com\/www.shqiperia.com\/blog\/wp-content\/uploads\/2022\/12\/kuvend-berisha-kembe-675x450-1.jpg?fit=675%2C382&ssl=1&resize=350%2C200 1x, https:\/\/i0.wp.com\/www.shqiperia.com\/blog\/wp-content\/uploads\/2022\/12\/kuvend-berisha-kembe-675x450-1.jpg?fit=675%2C382&ssl=1&resize=525%2C300 1.5x"},"classes":[]}],"_links":{"self":[{"href":"https:\/\/www.shqiperia.com\/blog\/wp-json\/wp\/v2\/posts\/73995","targetHints":{"allow":["GET"]}}],"collection":[{"href":"https:\/\/www.shqiperia.com\/blog\/wp-json\/wp\/v2\/posts"}],"about":[{"href":"https:\/\/www.shqiperia.com\/blog\/wp-json\/wp\/v2\/types\/post"}],"author":[{"embeddable":true,"href":"https:\/\/www.shqiperia.com\/blog\/wp-json\/wp\/v2\/users\/9"}],"replies":[{"embeddable":true,"href":"https:\/\/www.shqiperia.com\/blog\/wp-json\/wp\/v2\/comments?post=73995"}],"version-history":[{"count":1,"href":"https:\/\/www.shqiperia.com\/blog\/wp-json\/wp\/v2\/posts\/73995\/revisions"}],"predecessor-version":[{"id":73997,"href":"https:\/\/www.shqiperia.com\/blog\/wp-json\/wp\/v2\/posts\/73995\/revisions\/73997"}],"wp:featuredmedia":[{"embeddable":true,"href":"https:\/\/www.shqiperia.com\/blog\/wp-json\/wp\/v2\/media\/73996"}],"wp:attachment":[{"href":"https:\/\/www.shqiperia.com\/blog\/wp-json\/wp\/v2\/media?parent=73995"}],"wp:term":[{"taxonomy":"category","embeddable":true,"href":"https:\/\/www.shqiperia.com\/blog\/wp-json\/wp\/v2\/categories?post=73995"},{"taxonomy":"post_tag","embeddable":true,"href":"https:\/\/www.shqiperia.com\/blog\/wp-json\/wp\/v2\/tags?post=73995"}],"curies":[{"name":"wp","href":"https:\/\/api.w.org\/{rel}","templated":true}]}}