{"id":73990,"date":"2023-09-05T00:59:39","date_gmt":"2023-09-05T00:59:39","guid":{"rendered":"https:\/\/www.shqiperia.com\/blog\/?p=73990"},"modified":"2023-09-05T01:01:07","modified_gmt":"2023-09-05T01:01:07","slug":"ngjarje-makabre-ne-gjermani-rusi-hedh-femijen-ukrainas-nga-ura","status":"publish","type":"post","link":"https:\/\/www.shqiperia.com\/blog\/ngjarje-makabre-ne-gjermani-rusi-hedh-femijen-ukrainas-nga-ura\/","title":{"rendered":"Ngjarje makabre n\u00eb Gjermani, rusi hedh f\u00ebmij\u00ebn ukrainas nga ura!"},"content":{"rendered":"<p><img data-recalc-dims=\"1\" loading=\"lazy\" decoding=\"async\" data-attachment-id=\"73991\" data-permalink=\"https:\/\/www.shqiperia.com\/blog\/ngjarje-makabre-ne-gjermani-rusi-hedh-femijen-ukrainas-nga-ura\/gjkermani\/\" data-orig-file=\"https:\/\/i0.wp.com\/www.shqiperia.com\/blog\/wp-content\/uploads\/2023\/09\/gjkermani.jpg?fit=1200%2C630&amp;ssl=1\" data-orig-size=\"1200,630\" data-comments-opened=\"1\" data-image-meta=\"{&quot;aperture&quot;:&quot;0&quot;,&quot;credit&quot;:&quot;&quot;,&quot;camera&quot;:&quot;&quot;,&quot;caption&quot;:&quot;&quot;,&quot;created_timestamp&quot;:&quot;0&quot;,&quot;copyright&quot;:&quot;&quot;,&quot;focal_length&quot;:&quot;0&quot;,&quot;iso&quot;:&quot;0&quot;,&quot;shutter_speed&quot;:&quot;0&quot;,&quot;title&quot;:&quot;&quot;,&quot;orientation&quot;:&quot;0&quot;}\" data-image-title=\"gjkermani\" data-image-description=\"\" data-image-caption=\"\" data-medium-file=\"https:\/\/i0.wp.com\/www.shqiperia.com\/blog\/wp-content\/uploads\/2023\/09\/gjkermani.jpg?fit=300%2C158&amp;ssl=1\" data-large-file=\"https:\/\/i0.wp.com\/www.shqiperia.com\/blog\/wp-content\/uploads\/2023\/09\/gjkermani.jpg?fit=1024%2C538&amp;ssl=1\" class=\"alignnone wp-image-73991\" alt=\"\" src=\"https:\/\/i0.wp.com\/www.shqiperia.com\/blog\/wp-content\/uploads\/2023\/09\/gjkermani.jpg?resize=843%2C444&#038;ssl=1\" width=\"843\" height=\"444\" srcset=\"https:\/\/i0.wp.com\/www.shqiperia.com\/blog\/wp-content\/uploads\/2023\/09\/gjkermani.jpg?resize=300%2C158&amp;ssl=1 300w, https:\/\/i0.wp.com\/www.shqiperia.com\/blog\/wp-content\/uploads\/2023\/09\/gjkermani.jpg?resize=1024%2C538&amp;ssl=1 1024w, https:\/\/i0.wp.com\/www.shqiperia.com\/blog\/wp-content\/uploads\/2023\/09\/gjkermani.jpg?resize=768%2C403&amp;ssl=1 768w, https:\/\/i0.wp.com\/www.shqiperia.com\/blog\/wp-content\/uploads\/2023\/09\/gjkermani.jpg?resize=450%2C236&amp;ssl=1 450w, https:\/\/i0.wp.com\/www.shqiperia.com\/blog\/wp-content\/uploads\/2023\/09\/gjkermani.jpg?resize=600%2C315&amp;ssl=1 600w, https:\/\/i0.wp.com\/www.shqiperia.com\/blog\/wp-content\/uploads\/2023\/09\/gjkermani.jpg?resize=400%2C210&amp;ssl=1 400w, https:\/\/i0.wp.com\/www.shqiperia.com\/blog\/wp-content\/uploads\/2023\/09\/gjkermani.jpg?w=1200&amp;ssl=1 1200w\" sizes=\"auto, (max-width: 843px) 100vw, 843px\" \/><\/p>\n<p>5 Shtator 2023<\/p>\n<p>Gjermania \u00ebsht\u00eb tronditur nga lajmi se nj\u00eb burr\u00eb dyshohet se hodhi nj\u00eb djal\u00eb 10-vje\u00e7ar nga nj\u00eb ur\u00eb sepse fliste n\u00eb gjuh\u00ebn ukrainase. 40-vje\u00e7ari q\u00eb besohet se \u00ebsht\u00eb rus po hetohet p\u00ebr rastin.<\/p>\n<div class=\"ads_desktop\">\n<div id=\"beacon_897fba3f65\">\n<p><img loading=\"lazy\" decoding=\"async\" alt=\"\" src=\"https:\/\/video.shqiptarja.com\/reviveads_new\/www\/delivery\/lg.php?bannerid=0&amp;campaignid=0&amp;zoneid=54&amp;loc=https%3A%2F%2Fshqiptarja.com%2Flajm%2Fgjermani-policia-gjermane-ne-kerkim-te-40vjecarit-rus-hodhi-nga-ura-nje-te-mitur-ukrainas-sepse-po-fliste-gjuhen-vendase-duhet-te-flisni-rusisht-vendi-juaj-e-filloi-luften-i-pari&amp;referer=https%3A%2F%2Fshqiptarja.com%2Fkategoria%2Fbota&amp;cb=897fba3f65\" width=\"0\" height=\"0\" \/>Sipas mediave t\u00eb huaja, 40-vje\u00e7ari iu afrua f\u00ebmij\u00ebve q\u00eb flisnin n\u00eb gjuh\u00ebn ukrainase t\u00eb ulur n\u00eb nj\u00eb ur\u00eb n\u00eb qytetin Einbeck, duke u th\u00ebn\u00eb atyre se duhet t\u00eb flisnin rusisht dhe se Ukraina e kishte filluar luft\u00ebn e para. M\u00eb pas ai sulmoi dy nga f\u00ebmij\u00ebt, duke t\u00ebrhequr nj\u00eb vajz\u00eb nga flok\u00ebt dhe duke hedhur nj\u00eb djal\u00eb nga ura, raportojn\u00eb mediat. Pas veprimit t\u00eb tij 40-vje\u00e7ari \u00ebsht\u00eb larguar me vrap.<\/p>\n<p>Fatmir\u00ebsisht shok\u00ebt e djalit e kan\u00eb ndihmuar t\u00eb dal\u00eb nga uji dhe \u00ebsht\u00eb d\u00ebrguar n\u00eb spital. Prokurori i p\u00ebrgjithsh\u00ebm e konsideron sulmin t\u00eb motivuar politikisht, i cili thekson se sulmuesi fliste rusisht. F\u00ebmij\u00ebt e tjer\u00eb t\u00eb cil\u00ebt ishin t\u00eb pranish\u00ebm u treguan prind\u00ebrve p\u00ebr ngjarjen, t\u00eb cil\u00ebn prokuror\u00ebt po e trajtojn\u00eb si tentativ\u00eb p\u00ebr vrasje.<\/p>\n<\/div>\n<\/div>\n","protected":false},"excerpt":{"rendered":"<p>5 Shtator 2023 Gjermania \u00ebsht\u00eb tronditur nga lajmi se nj\u00eb burr\u00eb dyshohet se hodhi nj\u00eb djal\u00eb 10-vje\u00e7ar nga nj\u00eb ur\u00eb sepse fliste n\u00eb gjuh\u00ebn ukrainase. 40-vje\u00e7ari q\u00eb besohet se \u00ebsht\u00eb rus po hetohet p\u00ebr rastin. Sipas mediave t\u00eb huaja, 40-vje\u00e7ari iu afrua f\u00ebmij\u00ebve q\u00eb flisnin n\u00eb gjuh\u00ebn ukrainase t\u00eb ulur n\u00eb nj\u00eb ur\u00eb n\u00eb qytetin [&hellip;]<\/p>\n","protected":false},"author":9,"featured_media":73991,"comment_status":"open","ping_status":"open","sticky":false,"template":"","format":"standard","meta":{"jetpack_post_was_ever_published":false,"_jetpack_newsletter_access":"","_jetpack_dont_email_post_to_subs":false,"_jetpack_newsletter_tier_id":0,"_jetpack_memberships_contains_paywalled_content":false,"_jetpack_memberships_contains_paid_content":false,"footnotes":"","jetpack_publicize_message":"","jetpack_publicize_feature_enabled":true,"jetpack_social_post_already_shared":true,"jetpack_social_options":{"image_generator_settings":{"template":"highway","default_image_id":0,"font":"","enabled":false},"version":2}},"categories":[27,35],"tags":[],"class_list":["post-73990","post","type-post","status-publish","format-standard","has-post-thumbnail","hentry","category-blogu-i-udhetarit","category-shoqerore"],"jetpack_publicize_connections":[],"jetpack_featured_media_url":"https:\/\/i0.wp.com\/www.shqiperia.com\/blog\/wp-content\/uploads\/2023\/09\/gjkermani.jpg?fit=1200%2C630&ssl=1","jetpack_sharing_enabled":true,"jetpack_shortlink":"https:\/\/wp.me\/p5Z6wp-jfo","jetpack-related-posts":[{"id":57196,"url":"https:\/\/www.shqiperia.com\/blog\/kapet-rob-ushtari-rus-qe-bashkshortja-i-dha-leje-ti-perdhunoje-grate-ukrainase\/","url_meta":{"origin":73990,"position":0},"title":"Kapet rob ushtari rus qe bashkshortja i dha leje t\u2019i p\u00ebrdhunoje grat\u00eb ukrainase\u00a0","author":"Kurt Farka","date":"April 25, 2022","format":false,"excerpt":"Kapet rob ushtari rus qe bashkshortja i dha leje t\u2019i p\u00ebrdhunoje grat\u00eb ukrainase 25 PRILL 2022 Kapet rob n\u00eb Ukrain\u00eb ushtari q\u00eb mori leje nga bashk\u00ebshortja t\u00eb p\u00ebrdhunonte gra ukrainase. Lajmin e b\u00ebn t\u00eb ditur ish-deputeti i k\u00ebshillit t\u00eb qytetit, Ilia Ponomarev. Kujtojm\u00eb se publikimi i telefonat\u00ebs q\u00eb 27-vje\u00e7ari rus\u2026","rel":"","context":"In &quot;Blogu i Udh\u00ebtarit&quot;","block_context":{"text":"Blogu i Udh\u00ebtarit","link":"https:\/\/www.shqiperia.com\/blog\/category\/blogu-i-udhetarit\/"},"img":{"alt_text":"","src":"https:\/\/i0.wp.com\/www.shqiperia.com\/blog\/wp-content\/uploads\/2022\/04\/800-0-6266f795b67b7.png?fit=800%2C415&ssl=1&resize=350%2C200","width":350,"height":200,"srcset":"https:\/\/i0.wp.com\/www.shqiperia.com\/blog\/wp-content\/uploads\/2022\/04\/800-0-6266f795b67b7.png?fit=800%2C415&ssl=1&resize=350%2C200 1x, https:\/\/i0.wp.com\/www.shqiperia.com\/blog\/wp-content\/uploads\/2022\/04\/800-0-6266f795b67b7.png?fit=800%2C415&ssl=1&resize=525%2C300 1.5x, https:\/\/i0.wp.com\/www.shqiperia.com\/blog\/wp-content\/uploads\/2022\/04\/800-0-6266f795b67b7.png?fit=800%2C415&ssl=1&resize=700%2C400 2x"},"classes":[]},{"id":29673,"url":"https:\/\/www.shqiperia.com\/blog\/arbereshet-e-nju-orlinsit-nje-histori-ne-shekuj\/","url_meta":{"origin":73990,"position":1},"title":"Arb\u00ebresh\u00ebt e Nju Orlinsit, nj\u00eb histori n\u00eb shekuj. &#8211;","author":"Kurt Farka","date":"December 24, 2019","format":false,"excerpt":"Arb\u00ebresh\u00ebt e Nju Orlinsit, nj\u00eb histori n\u00eb shekuj \u00c7do vit n\u00eb fillim t\u00eb n\u00ebntorit, nj\u00eb grup banor\u00ebsh t\u00eb Nju Orlinsit mblidhen n\u00eb katakombet e famshme t\u00eb qytetit n\u00eb nj\u00eb ritual tradicional. Grupi i p\u00ebrket shoqat\u00ebs Contessa Entellina, p\u00ebrb\u00ebr\u00eb nga trash\u00ebgimtar\u00ebt e arb\u00ebresh\u00ebve nga Si\u00e7ilia, t\u00eb ardhur n\u00eb Shtetet e Bashkuara\u2026","rel":"","context":"In &quot;Shoqerore&quot;","block_context":{"text":"Shoqerore","link":"https:\/\/www.shqiperia.com\/blog\/category\/shoqerore\/"},"img":{"alt_text":"","src":"https:\/\/i0.wp.com\/www.shqiperia.com\/blog\/wp-content\/uploads\/2019\/12\/39833923-eb5f-4da6-a1c5-4bf35c714aeb_tv_w1200_r1_s.jpg?fit=1200%2C675&ssl=1&resize=350%2C200","width":350,"height":200,"srcset":"https:\/\/i0.wp.com\/www.shqiperia.com\/blog\/wp-content\/uploads\/2019\/12\/39833923-eb5f-4da6-a1c5-4bf35c714aeb_tv_w1200_r1_s.jpg?fit=1200%2C675&ssl=1&resize=350%2C200 1x, https:\/\/i0.wp.com\/www.shqiperia.com\/blog\/wp-content\/uploads\/2019\/12\/39833923-eb5f-4da6-a1c5-4bf35c714aeb_tv_w1200_r1_s.jpg?fit=1200%2C675&ssl=1&resize=525%2C300 1.5x, https:\/\/i0.wp.com\/www.shqiperia.com\/blog\/wp-content\/uploads\/2019\/12\/39833923-eb5f-4da6-a1c5-4bf35c714aeb_tv_w1200_r1_s.jpg?fit=1200%2C675&ssl=1&resize=700%2C400 2x, https:\/\/i0.wp.com\/www.shqiperia.com\/blog\/wp-content\/uploads\/2019\/12\/39833923-eb5f-4da6-a1c5-4bf35c714aeb_tv_w1200_r1_s.jpg?fit=1200%2C675&ssl=1&resize=1050%2C600 3x"},"classes":[]},{"id":67477,"url":"https:\/\/www.shqiperia.com\/blog\/cfare-eshte-aplikacioni-ku-flisnin-rama-mcgonigal-evi-kokalari-zbardh-detajet-perdoret-nga-cia\/","url_meta":{"origin":73990,"position":2},"title":"\u00c7far\u00eb \u00ebsht\u00eb aplikacioni ku flisnin Rama-McGonigal? &#8211; Evi Kokalari zbardh detajet: P\u00ebrdoret nga CIA","author":"Kurt Farka","date":"February 6, 2023","format":false,"excerpt":"6 Shkurt 2023 Allison Guerriero, ish-e dashura e Charles McGonigal, zbuloi gjat\u00eb nj\u00eb interviste p\u00ebr emisionin Revie\u00eb n\u00eb Eurone\u00ebs Albania, se kryeministri Rama dhe ish-agjenti i FBI-s\u00eb komunikonin n\u00eb nj\u00eb aplikacion t\u00eb pagjurmuesh\u00ebm q\u00eb quhet \u201cViasat\u201d. E ftuar n\u00eb emision, aktivistja Evi Kokalari tha se \u201cViasat\u201d \u00ebsht\u00eb nj\u00eb aplikacion q\u00eb\u2026","rel":"","context":"In &quot;Blogu i Udh\u00ebtarit&quot;","block_context":{"text":"Blogu i Udh\u00ebtarit","link":"https:\/\/www.shqiperia.com\/blog\/category\/blogu-i-udhetarit\/"},"img":{"alt_text":"","src":"https:\/\/i0.wp.com\/www.shqiperia.com\/blog\/wp-content\/uploads\/2023\/02\/800-0-63e01abb69d50.jpg?fit=800%2C445&ssl=1&resize=350%2C200","width":350,"height":200,"srcset":"https:\/\/i0.wp.com\/www.shqiperia.com\/blog\/wp-content\/uploads\/2023\/02\/800-0-63e01abb69d50.jpg?fit=800%2C445&ssl=1&resize=350%2C200 1x, https:\/\/i0.wp.com\/www.shqiperia.com\/blog\/wp-content\/uploads\/2023\/02\/800-0-63e01abb69d50.jpg?fit=800%2C445&ssl=1&resize=525%2C300 1.5x, https:\/\/i0.wp.com\/www.shqiperia.com\/blog\/wp-content\/uploads\/2023\/02\/800-0-63e01abb69d50.jpg?fit=800%2C445&ssl=1&resize=700%2C400 2x"},"classes":[]},{"id":18079,"url":"https:\/\/www.shqiperia.com\/blog\/80-vjecari-qe-synon-te-mesoje-shqipen-kudo-ku-ka-shqiptare\/","url_meta":{"origin":73990,"position":3},"title":"80 vje\u00e7ari q\u00eb synon t\u00eb m\u00ebsoj\u00eb shqipen kudo ku ka shqiptar\u00eb!\u00a0\u00a0","author":"Kurt Farka","date":"March 7, 2019","format":false,"excerpt":"80 vje\u00e7ari q\u00eb synon t\u00eb m\u00ebsoj\u00eb shqipen kudo ku ka shqiptar\u00eb! \u00a0\u00a0 \u201cNuk do t\u2019i lejoj shqipar\u00ebt t\u00eb harrojn\u00eb shqipen!\u201d Ky \u00ebsht\u00eb zotimi nj\u00eb 80 vje\u00e7ari nga Tivari, i cili ka ngritur nj\u00eb shoqat\u00eb t\u00eb posa\u00e7me p\u00ebr hapjen e shkollave t\u00eb gjuh\u00ebs shqipe n\u00eb t\u00eb gjitha vendet ku ka shqiptar\u00eb,\u2026","rel":"","context":"In &quot;Blogu i Udh\u00ebtarit&quot;","block_context":{"text":"Blogu i Udh\u00ebtarit","link":"https:\/\/www.shqiperia.com\/blog\/category\/blogu-i-udhetarit\/"},"img":{"alt_text":"","src":"https:\/\/i0.wp.com\/www.shqiperia.com\/blog\/wp-content\/uploads\/2019\/03\/1524857240.jpg?fit=480%2C326&ssl=1&resize=350%2C200","width":350,"height":200},"classes":[]},{"id":62041,"url":"https:\/\/www.shqiperia.com\/blog\/forcat-ukrainase-zene-rob-gjeneralin-me-te-larte-rus-qe-nga-lufta-e-dyte-boterore\/","url_meta":{"origin":73990,"position":4},"title":"Forcat ukrainase z\u00ebn\u00eb rob gjeneralin m\u00eb t\u00eb lart\u00eb rus q\u00eb nga Lufta e Dyt\u00eb Bot\u00ebrore","author":"Kurt Farka","date":"September 10, 2022","format":false,"excerpt":"10 Shtator 2022 Ukraina ka z\u00ebn\u00eb rob nj\u00eb gjeneral rus, q\u00eb mendohet t\u00eb jet\u00eb nj\u00eb nd\u00ebr oficer\u00ebt m\u00eb t\u00eb lart\u00eb t\u00eb Mosk\u00ebs q\u00eb do t\u00eb kapeshin rob q\u00eb nga Lufta e Dyt\u00eb Bot\u00ebrore. Videoja e publikuar t\u00eb m\u00ebrkur\u00ebn zbuloi nj\u00eb grup rob\u00ebrish rus\u00eb t\u00eb arrestuar nga Ukraina n\u00eb mes t\u00eb\u2026","rel":"","context":"In &quot;Njoftime Shtypi&quot;","block_context":{"text":"Njoftime Shtypi","link":"https:\/\/www.shqiperia.com\/blog\/category\/njoftime-shtypi\/"},"img":{"alt_text":"","src":"https:\/\/i0.wp.com\/www.shqiperia.com\/blog\/wp-content\/uploads\/2022\/09\/Forcat-ukrainase-zene-rob-gjeneralin-me-te-larte-rus.jpg?fit=640%2C320&ssl=1&resize=350%2C200","width":350,"height":200,"srcset":"https:\/\/i0.wp.com\/www.shqiperia.com\/blog\/wp-content\/uploads\/2022\/09\/Forcat-ukrainase-zene-rob-gjeneralin-me-te-larte-rus.jpg?fit=640%2C320&ssl=1&resize=350%2C200 1x, https:\/\/i0.wp.com\/www.shqiperia.com\/blog\/wp-content\/uploads\/2022\/09\/Forcat-ukrainase-zene-rob-gjeneralin-me-te-larte-rus.jpg?fit=640%2C320&ssl=1&resize=525%2C300 1.5x"},"classes":[]},{"id":33341,"url":"https:\/\/www.shqiperia.com\/blog\/fisi-qe-mundet-te-shuhet-vdes-nga-koronavirusi-15-vjecari-nga-tribuja-e-larget-e-amazones-foto\/","url_meta":{"origin":73990,"position":5},"title":"Fisi q\u00eb mundet t\u00eb shuhet\/ Vdes nga koronavirusi 15-vje\u00e7ari nga tribuja e larg\u00ebt e Amazon\u00ebs (Foto)","author":"Kurt Farka","date":"April 12, 2020","format":false,"excerpt":"Fisi q\u00eb mundet t\u00eb shuhet\/ Vdes nga koronavirusi 15-vje\u00e7ari nga tribuja e larg\u00ebt e Amazon\u00ebs (Foto) 12 Prill 2020 Nj\u00eb an\u00ebtar i nj\u00eb tribuje t\u00eb larg\u00ebt n\u00eb Amazon\u00eb ka vdekur p\u00ebr shkak t\u00eb koronavirusit, duke alarmuar komunitetet indigjene t\u00eb Brazilit. 15-vje\u00e7ari i tribus\u00eb Yanomami ishte shtruar n\u00eb nj\u00eb spital t\u00eb\u2026","rel":"","context":"In &quot;Blogu i Udh\u00ebtarit&quot;","block_context":{"text":"Blogu i Udh\u00ebtarit","link":"https:\/\/www.shqiperia.com\/blog\/category\/blogu-i-udhetarit\/"},"img":{"alt_text":"","src":"https:\/\/i0.wp.com\/www.shqiperia.com\/blog\/wp-content\/uploads\/2020\/04\/1-27033898-8209569-The_remote_Yanomami_tribe_file_photo_has_recorded_its_first_case-a-35_1586592789387-Copy.jpg?fit=634%2C349&ssl=1&resize=350%2C200","width":350,"height":200,"srcset":"https:\/\/i0.wp.com\/www.shqiperia.com\/blog\/wp-content\/uploads\/2020\/04\/1-27033898-8209569-The_remote_Yanomami_tribe_file_photo_has_recorded_its_first_case-a-35_1586592789387-Copy.jpg?fit=634%2C349&ssl=1&resize=350%2C200 1x, https:\/\/i0.wp.com\/www.shqiperia.com\/blog\/wp-content\/uploads\/2020\/04\/1-27033898-8209569-The_remote_Yanomami_tribe_file_photo_has_recorded_its_first_case-a-35_1586592789387-Copy.jpg?fit=634%2C349&ssl=1&resize=525%2C300 1.5x"},"classes":[]}],"_links":{"self":[{"href":"https:\/\/www.shqiperia.com\/blog\/wp-json\/wp\/v2\/posts\/73990","targetHints":{"allow":["GET"]}}],"collection":[{"href":"https:\/\/www.shqiperia.com\/blog\/wp-json\/wp\/v2\/posts"}],"about":[{"href":"https:\/\/www.shqiperia.com\/blog\/wp-json\/wp\/v2\/types\/post"}],"author":[{"embeddable":true,"href":"https:\/\/www.shqiperia.com\/blog\/wp-json\/wp\/v2\/users\/9"}],"replies":[{"embeddable":true,"href":"https:\/\/www.shqiperia.com\/blog\/wp-json\/wp\/v2\/comments?post=73990"}],"version-history":[{"count":3,"href":"https:\/\/www.shqiperia.com\/blog\/wp-json\/wp\/v2\/posts\/73990\/revisions"}],"predecessor-version":[{"id":73994,"href":"https:\/\/www.shqiperia.com\/blog\/wp-json\/wp\/v2\/posts\/73990\/revisions\/73994"}],"wp:featuredmedia":[{"embeddable":true,"href":"https:\/\/www.shqiperia.com\/blog\/wp-json\/wp\/v2\/media\/73991"}],"wp:attachment":[{"href":"https:\/\/www.shqiperia.com\/blog\/wp-json\/wp\/v2\/media?parent=73990"}],"wp:term":[{"taxonomy":"category","embeddable":true,"href":"https:\/\/www.shqiperia.com\/blog\/wp-json\/wp\/v2\/categories?post=73990"},{"taxonomy":"post_tag","embeddable":true,"href":"https:\/\/www.shqiperia.com\/blog\/wp-json\/wp\/v2\/tags?post=73990"}],"curies":[{"name":"wp","href":"https:\/\/api.w.org\/{rel}","templated":true}]}}