{"id":73987,"date":"2023-09-05T00:46:00","date_gmt":"2023-09-05T00:46:00","guid":{"rendered":"https:\/\/www.shqiperia.com\/blog\/?p=73987"},"modified":"2023-09-05T00:46:00","modified_gmt":"2023-09-05T00:46:00","slug":"peshku-piranja-sulmon-15-turiste-ne-dite-zbulohet-se-cfare-i-terheq-ata","status":"publish","type":"post","link":"https:\/\/www.shqiperia.com\/blog\/peshku-piranja-sulmon-15-turiste-ne-dite-zbulohet-se-cfare-i-terheq-ata\/","title":{"rendered":"Peshku &#8216;piranja&#8217; sulmon 15 turist\u00eb n\u00eb dit\u00eb, zbulohet se \u00e7far\u00eb i t\u00ebrheq ata!"},"content":{"rendered":"<p><img data-recalc-dims=\"1\" loading=\"lazy\" decoding=\"async\" data-attachment-id=\"73988\" data-permalink=\"https:\/\/www.shqiperia.com\/blog\/peshku-piranja-sulmon-15-turiste-ne-dite-zbulohet-se-cfare-i-terheq-ata\/640-0-cc56a49001e8e643291c181110e099b3\/\" data-orig-file=\"https:\/\/i0.wp.com\/www.shqiperia.com\/blog\/wp-content\/uploads\/2023\/09\/640-0-cc56a49001e8e643291c181110e099b3.jpg?fit=640%2C360&amp;ssl=1\" data-orig-size=\"640,360\" data-comments-opened=\"1\" data-image-meta=\"{&quot;aperture&quot;:&quot;0&quot;,&quot;credit&quot;:&quot;&quot;,&quot;camera&quot;:&quot;&quot;,&quot;caption&quot;:&quot;&quot;,&quot;created_timestamp&quot;:&quot;0&quot;,&quot;copyright&quot;:&quot;&quot;,&quot;focal_length&quot;:&quot;0&quot;,&quot;iso&quot;:&quot;0&quot;,&quot;shutter_speed&quot;:&quot;0&quot;,&quot;title&quot;:&quot;&quot;,&quot;orientation&quot;:&quot;0&quot;}\" data-image-title=\"-640-0-cc56a49001e8e643291c181110e099b3\" data-image-description=\"\" data-image-caption=\"\" data-medium-file=\"https:\/\/i0.wp.com\/www.shqiperia.com\/blog\/wp-content\/uploads\/2023\/09\/640-0-cc56a49001e8e643291c181110e099b3.jpg?fit=300%2C169&amp;ssl=1\" data-large-file=\"https:\/\/i0.wp.com\/www.shqiperia.com\/blog\/wp-content\/uploads\/2023\/09\/640-0-cc56a49001e8e643291c181110e099b3.jpg?fit=640%2C360&amp;ssl=1\" class=\"alignnone  wp-image-73988\" alt=\"\" src=\"https:\/\/i0.wp.com\/www.shqiperia.com\/blog\/wp-content\/uploads\/2023\/09\/640-0-cc56a49001e8e643291c181110e099b3.jpg?resize=636%2C358&#038;ssl=1\" width=\"636\" height=\"358\" srcset=\"https:\/\/i0.wp.com\/www.shqiperia.com\/blog\/wp-content\/uploads\/2023\/09\/640-0-cc56a49001e8e643291c181110e099b3.jpg?resize=300%2C169&amp;ssl=1 300w, https:\/\/i0.wp.com\/www.shqiperia.com\/blog\/wp-content\/uploads\/2023\/09\/640-0-cc56a49001e8e643291c181110e099b3.jpg?resize=450%2C253&amp;ssl=1 450w, https:\/\/i0.wp.com\/www.shqiperia.com\/blog\/wp-content\/uploads\/2023\/09\/640-0-cc56a49001e8e643291c181110e099b3.jpg?resize=600%2C338&amp;ssl=1 600w, https:\/\/i0.wp.com\/www.shqiperia.com\/blog\/wp-content\/uploads\/2023\/09\/640-0-cc56a49001e8e643291c181110e099b3.jpg?resize=400%2C225&amp;ssl=1 400w, https:\/\/i0.wp.com\/www.shqiperia.com\/blog\/wp-content\/uploads\/2023\/09\/640-0-cc56a49001e8e643291c181110e099b3.jpg?w=640&amp;ssl=1 640w\" sizes=\"auto, (max-width: 636px) 100vw, 636px\" \/><\/p>\n<p>5 shkurt 2023<\/p>\n<p>Pushuesit n\u00eb plazhet spanjolle me diell kan\u00eb raportuar sulme tmerri nga peshqit \u201ct\u00eb stilit piranja\u201d q\u00eb kan\u00eb l\u00ebn\u00eb notar\u00ebt t\u00eb gjakosur dhe t\u00eb mbuluar me shenja dh\u00ebmb\u00ebsh. M\u00eb shum\u00eb se 15 persona n\u00eb dit\u00eb sulmohen pasi kan\u00eb notuar n\u00eb plazhet e Alicantes me turist\u00eb t\u00eb traumatizuar q\u00eb k\u00ebrkojn\u00eb ndihm\u00ebn e par\u00eb pasi jan\u00eb pickuar nga \u201cobladas\u201d t\u00eb patrembur. Gazeta spanjolle Informacion.es thekson plazhin e famsh\u00ebm Poniente t\u00eb Benidorm si nj\u00eb pik\u00eb e nxeht\u00eb p\u00ebr krijesat e etur p\u00ebr gjak.<\/p>\n<p>\u201cObladat\u201d jan\u00eb zakonisht paq\u00ebsore, t\u00eb njohura edhe si krapi i detit me shal\u00eb, ato jan\u00eb nj\u00eb lloj peshku q\u00eb zakonisht kapet dhe konsumohet nga njer\u00ebzit. Por shkenc\u00ebtar\u00ebt kan\u00eb paralajm\u00ebruar se ndryshimi i klim\u00ebs mund t\u00eb jet\u00eb shkaku i k\u00ebsaj sjelljeje t\u00eb re, e cila e sheh gjahtarin t\u00eb b\u00ebhet i gjuajtur. Peshku, i cili mund t\u00eb arrij\u00eb nj\u00eb madh\u00ebsi deri n\u00eb 30 cm, \u00ebsht\u00eb gjith\u00ebngr\u00ebn\u00ebs dhe zakonisht preferon t\u00eb haj\u00eb jovertebror\u00eb t\u00eb vegj\u00ebl si karkalecat, por shkenc\u00ebtar\u00ebt kan\u00eb th\u00ebn\u00eb se rritja e temperaturave mund t\u00eb jet\u00eb prapa shijes s\u00eb tyre t\u00eb sapogjetur p\u00ebr turist\u00ebt.<\/p>\n<p>Nj\u00eb shkak i mundsh\u00ebm p\u00ebr furin\u00eb e ushqyerjes s\u00eb mishit t\u00eb njeriut, thon\u00eb ekspert\u00ebt, mund t\u00eb jet\u00eb temperatura jasht\u00ebzakonisht e lart\u00eb e ujit. Temperatura e detit \u00ebsht\u00eb shum\u00eb m\u00eb e lart\u00eb se normalja dhe metabolizmi i peshkut \u00ebsht\u00eb rritur. Prandaj ata po k\u00ebrkojn\u00eb m\u00eb shum\u00eb ushqim. Laboratori i Klimatologjis\u00eb i Universitetit t\u00eb Alicante thot\u00eb se temperatura e detit \u00ebsht\u00eb midis 29 dhe 30 grad\u00eb.<\/p>\n<p>Vendasit raportojn\u00eb gjithashtu se k\u00ebt\u00eb vit peshqit po i afrohen shum\u00eb bregut n\u00eb k\u00ebrkim t\u00eb gjahut. Raportet thon\u00eb se obladat t\u00ebrhiqen nga nishanet, lythat ose plag\u00ebt e vogla n\u00eb l\u00ebkur\u00eb, ve\u00e7an\u00ebrisht te njer\u00ebzit e moshuar. Ata nxjerrin gjak dhe madje l\u00ebn\u00eb plag\u00eb n\u00eb krah\u00eb, k\u00ebmb\u00eb dhe kurriz.<\/p>\n","protected":false},"excerpt":{"rendered":"<p>5 shkurt 2023 Pushuesit n\u00eb plazhet spanjolle me diell kan\u00eb raportuar sulme tmerri nga peshqit \u201ct\u00eb stilit piranja\u201d q\u00eb kan\u00eb l\u00ebn\u00eb notar\u00ebt t\u00eb gjakosur dhe t\u00eb mbuluar me shenja dh\u00ebmb\u00ebsh. M\u00eb shum\u00eb se 15 persona n\u00eb dit\u00eb sulmohen pasi kan\u00eb notuar n\u00eb plazhet e Alicantes me turist\u00eb t\u00eb traumatizuar q\u00eb k\u00ebrkojn\u00eb ndihm\u00ebn e par\u00eb pasi [&hellip;]<\/p>\n","protected":false},"author":9,"featured_media":73988,"comment_status":"open","ping_status":"open","sticky":false,"template":"","format":"standard","meta":{"jetpack_post_was_ever_published":false,"_jetpack_newsletter_access":"","_jetpack_dont_email_post_to_subs":false,"_jetpack_newsletter_tier_id":0,"_jetpack_memberships_contains_paywalled_content":false,"_jetpack_memberships_contains_paid_content":false,"footnotes":"","jetpack_publicize_message":"","jetpack_publicize_feature_enabled":true,"jetpack_social_post_already_shared":true,"jetpack_social_options":{"image_generator_settings":{"template":"highway","default_image_id":0,"font":"","enabled":false},"version":2}},"categories":[27,35],"tags":[],"class_list":["post-73987","post","type-post","status-publish","format-standard","has-post-thumbnail","hentry","category-blogu-i-udhetarit","category-shoqerore"],"jetpack_publicize_connections":[],"jetpack_featured_media_url":"https:\/\/i0.wp.com\/www.shqiperia.com\/blog\/wp-content\/uploads\/2023\/09\/640-0-cc56a49001e8e643291c181110e099b3.jpg?fit=640%2C360&ssl=1","jetpack_sharing_enabled":true,"jetpack_shortlink":"https:\/\/wp.me\/p5Z6wp-jfl","jetpack-related-posts":[{"id":91128,"url":"https:\/\/www.shqiperia.com\/blog\/turizem-elitar-mungese-infrastrukture-plehra-ujera-te-zeza-raporti-nxin-fasaden-e-rames\/","url_meta":{"origin":73987,"position":0},"title":"Turiz\u00ebm elitar? &#8211; Munges\u00eb infrastrukture, plehra, uj\u00ebra t\u00eb zeza, raporti nxin fasad\u00ebn e Ram\u00ebs","author":"Kurt Farka","date":"April 6, 2025","format":false,"excerpt":"6Prill 2025 Nj\u00eb furi raportimesh n\u00eb median pro-qeveritare p\u00ebr shifrat e turist\u00ebve t\u00eb huaj gjat\u00eb vitit 2024, krijojn\u00eb iden\u00eb se Shqip\u00ebria \u00ebsht\u00eb shnd\u00ebrruar n\u00eb nj\u00eb lloj parajse mbi tok\u00eb. Raportet e INSTA-it, por s\u00eb fundmi, edhe t\u00eb Bank\u00ebs s\u00eb Shqip\u00ebris\u00eb, flasin p\u00ebr mbi 11 milion\u00eb turist\u00eb t\u00eb huaj n\u00eb vendin\u2026","rel":"","context":"In &quot;Blogu i Udh\u00ebtarit&quot;","block_context":{"text":"Blogu i Udh\u00ebtarit","link":"https:\/\/www.shqiperia.com\/blog\/category\/blogu-i-udhetarit\/"},"img":{"alt_text":"","src":"https:\/\/i0.wp.com\/www.shqiperia.com\/blog\/wp-content\/uploads\/2025\/04\/auto_raman-750x4601743927610-1.jpg?fit=900%2C552&ssl=1&resize=350%2C200","width":350,"height":200,"srcset":"https:\/\/i0.wp.com\/www.shqiperia.com\/blog\/wp-content\/uploads\/2025\/04\/auto_raman-750x4601743927610-1.jpg?fit=900%2C552&ssl=1&resize=350%2C200 1x, https:\/\/i0.wp.com\/www.shqiperia.com\/blog\/wp-content\/uploads\/2025\/04\/auto_raman-750x4601743927610-1.jpg?fit=900%2C552&ssl=1&resize=525%2C300 1.5x, https:\/\/i0.wp.com\/www.shqiperia.com\/blog\/wp-content\/uploads\/2025\/04\/auto_raman-750x4601743927610-1.jpg?fit=900%2C552&ssl=1&resize=700%2C400 2x"},"classes":[]},{"id":74076,"url":"https:\/\/www.shqiperia.com\/blog\/patogjeni-mishngrenes-qe-po-alarmon-shba-3-vdekje-deri-tani-vjen-nga-plazhet-dhe-butaket-te-vret-ne-dy-dite\/","url_meta":{"origin":73987,"position":1},"title":"Patogjeni mishngr\u00ebn\u00ebs q\u00eb po alarmon SHBA, 3 vdekje deri tani. &#8211; Vjen nga plazhet dhe butak\u00ebt, t\u00eb vret n\u00eb dy dit\u00eb!","author":"Kurt Farka","date":"September 8, 2023","format":false,"excerpt":"8 Shtator 2023 Tre vdekje n\u00eb verilindje nga nj\u00eb bakter i pazakont\u00eb q\u00eb ha mishin (indet njer\u00ebzore), erdh\u00ebn si nga noti n\u00eb uj\u00eb t\u00eb ngroht\u00eb t\u00eb infektuar, ashtu edhe nga butak\u00ebt e pap\u00ebrpunuar t\u00eb kontaminuar. Kjo e ka v\u00ebn\u00eb t\u00eb gjith\u00eb rajonin n\u00eb gatishm\u00ebri, me Qendrat e SHBA p\u00ebr Kontrollin\u2026","rel":"","context":"In &quot;Blogu i Udh\u00ebtarit&quot;","block_context":{"text":"Blogu i Udh\u00ebtarit","link":"https:\/\/www.shqiperia.com\/blog\/category\/blogu-i-udhetarit\/"},"img":{"alt_text":"","src":"https:\/\/i0.wp.com\/www.shqiperia.com\/blog\/wp-content\/uploads\/2023\/09\/Download-1-300x158.jpg?resize=350%2C200&ssl=1","width":350,"height":200,"srcset":"https:\/\/i0.wp.com\/www.shqiperia.com\/blog\/wp-content\/uploads\/2023\/09\/Download-1-300x158.jpg?resize=350%2C200&ssl=1 1x, https:\/\/i0.wp.com\/www.shqiperia.com\/blog\/wp-content\/uploads\/2023\/09\/Download-1-300x158.jpg?resize=525%2C300&ssl=1 1.5x"},"classes":[]},{"id":83218,"url":"https:\/\/www.shqiperia.com\/blog\/mafia-e-shezlloneve-dhe-fushata-anti-kombetare-shqiperia-ska-turiste\/","url_meta":{"origin":73987,"position":2},"title":"Mafia e shezlloneve dhe fushata anti-komb\u00ebtare: \u201cShqip\u00ebria s\u2019ka turist\u00eb\u201d","author":"Kurt Farka","date":"August 2, 2024","format":false,"excerpt":"2 Gusht 2024 Nga Kreshnik Spahiu Fushata e \u201cplazheve bosh\u201d \u00ebsht\u00eb b\u00ebr\u00eb virale dhe inspirohet politikisht. Mediat opozitare n\u00eb Shqip\u00ebri e konsiderojn\u00eb kauz\u00eb politike p\u00ebr tju kund\u00ebrv\u00ebn\u00eb, qeveris\u00eb e cila reklamon \u00e7do dit\u00eb numrin e 10 milion turist\u00ebve. 1- \u201cMafia e \u00e7adrave\u201d pushton plazhet italiane, ishte sot titulli n\u00eb gjermanisht\u2026","rel":"","context":"In &quot;Blogu i Udh\u00ebtarit&quot;","block_context":{"text":"Blogu i Udh\u00ebtarit","link":"https:\/\/www.shqiperia.com\/blog\/category\/blogu-i-udhetarit\/"},"img":{"alt_text":"","src":"https:\/\/i0.wp.com\/www.shqiperia.com\/blog\/wp-content\/uploads\/2024\/08\/mirror-beach-15-768x512-1.jpg?fit=768%2C512&ssl=1&resize=350%2C200","width":350,"height":200,"srcset":"https:\/\/i0.wp.com\/www.shqiperia.com\/blog\/wp-content\/uploads\/2024\/08\/mirror-beach-15-768x512-1.jpg?fit=768%2C512&ssl=1&resize=350%2C200 1x, https:\/\/i0.wp.com\/www.shqiperia.com\/blog\/wp-content\/uploads\/2024\/08\/mirror-beach-15-768x512-1.jpg?fit=768%2C512&ssl=1&resize=525%2C300 1.5x, https:\/\/i0.wp.com\/www.shqiperia.com\/blog\/wp-content\/uploads\/2024\/08\/mirror-beach-15-768x512-1.jpg?fit=768%2C512&ssl=1&resize=700%2C400 2x"},"classes":[]},{"id":84157,"url":"https:\/\/www.shqiperia.com\/blog\/berat-radhe-per-te-vizituar-muzeun-onufri\/","url_meta":{"origin":73987,"position":3},"title":"Berat, radh\u00eb p\u00ebr t\u00eb vizituar muzeun Onufri","author":"Kurt Farka","date":"September 7, 2024","format":false,"excerpt":"7 Shtator 2024 Berati po p\u00ebrjeton \u00ebndrr\u00ebn turistke, por ky vit i ka tejkaluar parashikimet. 70 mij\u00eb turist\u00eb kan\u00eb prer\u00eb bilet\u00ebn p\u00ebr t\u00eb par\u00eb Muzeun Ikonografik t\u00eb Onufrit nga Janari deri n\u00eb Gusht 2024. \u201cN\u00eb vitin 2023 jam njohur me nj\u00eb reklam\u00eb shqiptare, pastaj mora informacion dhe kam b\u00ebr\u00eb rezervimin\u2026","rel":"","context":"In &quot;Arte&quot;","block_context":{"text":"Arte","link":"https:\/\/www.shqiperia.com\/blog\/category\/arte\/"},"img":{"alt_text":"","src":"https:\/\/i0.wp.com\/www.shqiperia.com\/blog\/wp-content\/uploads\/2024\/09\/muze5.jpg?fit=960%2C567&ssl=1&resize=350%2C200","width":350,"height":200,"srcset":"https:\/\/i0.wp.com\/www.shqiperia.com\/blog\/wp-content\/uploads\/2024\/09\/muze5.jpg?fit=960%2C567&ssl=1&resize=350%2C200 1x, https:\/\/i0.wp.com\/www.shqiperia.com\/blog\/wp-content\/uploads\/2024\/09\/muze5.jpg?fit=960%2C567&ssl=1&resize=525%2C300 1.5x, https:\/\/i0.wp.com\/www.shqiperia.com\/blog\/wp-content\/uploads\/2024\/09\/muze5.jpg?fit=960%2C567&ssl=1&resize=700%2C400 2x"},"classes":[]},{"id":24844,"url":"https:\/\/www.shqiperia.com\/blog\/dhuna-ndaj-turisteve-spanjolle-lokali-i-autorit-pritet-te-shembet-per-parregullsi\/","url_meta":{"origin":73987,"position":4},"title":"Dhuna ndaj turist\u00ebve spanjoll\u00eb, lokali i autorit pritet t\u00eb shembet p\u00ebr parregullsi","author":"shqiperia","date":"August 18, 2019","format":false,"excerpt":"Pas ngjarjes s\u00eb r\u00ebnd\u00eb q\u00eb ndodhi tri dit\u00eb m\u00eb par\u00eb n\u00eb bregdetin shqiptar, lokali i Mihal Kok\u00ebdhim\u00ebs n\u00eb Porto Palermo t\u00eb Himar\u00ebs po i n\u00ebnshtrohet verifikimit t\u00eb dokumentacionit n\u00ebse \u00ebsht\u00eb korrekt me ligjin ose jo. Menj\u00ebher\u00eb pas arrestimit t\u00eb 51-vje\u00e7arit Kok\u00ebdhima, sepse akuzohet se sulmoi turist\u00ebt spanjoll\u00eb pas konfliktit p\u00ebr\u2026","rel":"","context":"In &quot;Blogu i Udh\u00ebtarit&quot;","block_context":{"text":"Blogu i Udh\u00ebtarit","link":"https:\/\/www.shqiperia.com\/blog\/category\/blogu-i-udhetarit\/"},"img":{"alt_text":"","src":"https:\/\/i0.wp.com\/www.shqiperia.com\/blog\/wp-content\/uploads\/2019\/08\/Mihal_Kokedhima.jpg?fit=745%2C399&ssl=1&resize=350%2C200","width":350,"height":200,"srcset":"https:\/\/i0.wp.com\/www.shqiperia.com\/blog\/wp-content\/uploads\/2019\/08\/Mihal_Kokedhima.jpg?fit=745%2C399&ssl=1&resize=350%2C200 1x, https:\/\/i0.wp.com\/www.shqiperia.com\/blog\/wp-content\/uploads\/2019\/08\/Mihal_Kokedhima.jpg?fit=745%2C399&ssl=1&resize=525%2C300 1.5x, https:\/\/i0.wp.com\/www.shqiperia.com\/blog\/wp-content\/uploads\/2019\/08\/Mihal_Kokedhima.jpg?fit=745%2C399&ssl=1&resize=700%2C400 2x"},"classes":[]},{"id":82969,"url":"https:\/\/www.shqiperia.com\/blog\/turizmi-ka-deshtuar-fale-politikave-korruptuara-te-qeverise-jo-nga-propaganda-armiqesore\/","url_meta":{"origin":73987,"position":5},"title":"Turizmi ka d\u00ebshtuar fal\u00eb politikave korruptuara t\u00eb qeveris\u00eb, jo nga propaganda armiq\u00ebsore","author":"Kurt Farka","date":"July 21, 2024","format":false,"excerpt":"20 Korrik 2024 Nga Ilir Dako Pretendimet e sahanlip\u00ebrsve p\u00ebr nj\u00eb propagand\u00eb anti turiz\u00ebm nuk jan\u00eb gj\u00eb tjet\u00ebr vet\u00ebm p\u00ebrp\u00eblitje p\u00ebr t\u00eb justifikuar d\u00ebshtimin e kryeministrit ton\u00eb propagandist. Prej dit\u00ebsh qeveria, kryeministri dhe gjith\u00eb entourage sahanl\u00ebpir\u00ebs mediatik kan\u00eb instaluar sirenat e alarmit p\u00ebr nj\u00eb grup armiq\u00ebsor mediatiko-politik-ekonomikna \u00ebsht\u00eb shfaqur me\u2026","rel":"","context":"In &quot;Blogu i Udh\u00ebtarit&quot;","block_context":{"text":"Blogu i Udh\u00ebtarit","link":"https:\/\/www.shqiperia.com\/blog\/category\/blogu-i-udhetarit\/"},"img":{"alt_text":"","src":"https:\/\/i0.wp.com\/www.shqiperia.com\/blog\/wp-content\/uploads\/2024\/07\/640-0-c79f02d9cceed0e9af21c05ba432a9ee.jpg?fit=640%2C360&ssl=1&resize=350%2C200","width":350,"height":200,"srcset":"https:\/\/i0.wp.com\/www.shqiperia.com\/blog\/wp-content\/uploads\/2024\/07\/640-0-c79f02d9cceed0e9af21c05ba432a9ee.jpg?fit=640%2C360&ssl=1&resize=350%2C200 1x, https:\/\/i0.wp.com\/www.shqiperia.com\/blog\/wp-content\/uploads\/2024\/07\/640-0-c79f02d9cceed0e9af21c05ba432a9ee.jpg?fit=640%2C360&ssl=1&resize=525%2C300 1.5x"},"classes":[]}],"_links":{"self":[{"href":"https:\/\/www.shqiperia.com\/blog\/wp-json\/wp\/v2\/posts\/73987","targetHints":{"allow":["GET"]}}],"collection":[{"href":"https:\/\/www.shqiperia.com\/blog\/wp-json\/wp\/v2\/posts"}],"about":[{"href":"https:\/\/www.shqiperia.com\/blog\/wp-json\/wp\/v2\/types\/post"}],"author":[{"embeddable":true,"href":"https:\/\/www.shqiperia.com\/blog\/wp-json\/wp\/v2\/users\/9"}],"replies":[{"embeddable":true,"href":"https:\/\/www.shqiperia.com\/blog\/wp-json\/wp\/v2\/comments?post=73987"}],"version-history":[{"count":1,"href":"https:\/\/www.shqiperia.com\/blog\/wp-json\/wp\/v2\/posts\/73987\/revisions"}],"predecessor-version":[{"id":73989,"href":"https:\/\/www.shqiperia.com\/blog\/wp-json\/wp\/v2\/posts\/73987\/revisions\/73989"}],"wp:featuredmedia":[{"embeddable":true,"href":"https:\/\/www.shqiperia.com\/blog\/wp-json\/wp\/v2\/media\/73988"}],"wp:attachment":[{"href":"https:\/\/www.shqiperia.com\/blog\/wp-json\/wp\/v2\/media?parent=73987"}],"wp:term":[{"taxonomy":"category","embeddable":true,"href":"https:\/\/www.shqiperia.com\/blog\/wp-json\/wp\/v2\/categories?post=73987"},{"taxonomy":"post_tag","embeddable":true,"href":"https:\/\/www.shqiperia.com\/blog\/wp-json\/wp\/v2\/tags?post=73987"}],"curies":[{"name":"wp","href":"https:\/\/api.w.org\/{rel}","templated":true}]}}